{"id":86669,"date":"2025-08-26T11:46:14","date_gmt":"2025-08-26T14:46:14","guid":{"rendered":"https:\/\/cleitonpinheiro.com.br\/site\/?p=86669"},"modified":"2025-08-26T11:46:21","modified_gmt":"2025-08-26T14:46:21","slug":"municipios-reclamam-de-apoio-tecnico-para-universalizar-o-saneamento","status":"publish","type":"post","link":"https:\/\/cleitonpinheiro.com.br\/site\/municipios-reclamam-de-apoio-tecnico-para-universalizar-o-saneamento\/","title":{"rendered":"Munic\u00edpios reclamam de apoio t\u00e9cnico para universalizar o saneamento"},"content":{"rendered":"\n<figure class=\"wp-block-image size-large\"><img fetchpriority=\"high\" decoding=\"async\" width=\"1024\" height=\"613\" src=\"https:\/\/cleitonpinheiro.com.br\/site\/wp-content\/uploads\/2025\/08\/0g0a4573-1024x613.webp\" alt=\"\" class=\"wp-image-86670\" srcset=\"https:\/\/cleitonpinheiro.com.br\/site\/wp-content\/uploads\/2025\/08\/0g0a4573-1024x613.webp 1024w, https:\/\/cleitonpinheiro.com.br\/site\/wp-content\/uploads\/2025\/08\/0g0a4573-300x179.webp 300w, https:\/\/cleitonpinheiro.com.br\/site\/wp-content\/uploads\/2025\/08\/0g0a4573-768x459.webp 768w, https:\/\/cleitonpinheiro.com.br\/site\/wp-content\/uploads\/2025\/08\/0g0a4573.webp 1170w\" sizes=\"(max-width: 1024px) 100vw, 1024px\" \/><figcaption class=\"wp-element-caption\">\u00a9 Rovena Rosa\/Ag\u00eancia Brasil\n<\/figcaption><\/figure>\n\n\n\n<p>Ap\u00f3s 5 anos da entrada em vigor, munic\u00edpios apontam fragilidades e desafios para o cumprimento do Marco Legal do Saneamento B\u00e1sico. A inseguran\u00e7a jur\u00eddica, car\u00eancia de apoio t\u00e9cnico e baixa capacidade de investimento s\u00e3o fatores que dificultam a universaliza\u00e7\u00e3o dos servi\u00e7os, segundo os munic\u00edpios.<\/p>\n\n\n\n<p>A lei estabeleceu que todas as localidades brasileiras devem atender a 99% da popula\u00e7\u00e3o com abastecimento de \u00e1gua e 90% com esgotamento sanit\u00e1rio at\u00e9 2033. Mas pesquisa divulgada esta semana pelo Instituto Trata Brasil mostra, no entanto, que o cen\u00e1rio atual ainda \u00e9 prec\u00e1rio, com 16,9% da popula\u00e7\u00e3o brasileira sem acesso \u00e0 \u00e1gua pot\u00e1vel e 44,8% sem coleta de esgoto.<\/p>\n\n\n\n<p>A pesquisa mostra tamb\u00e9m que \u00e9 necess\u00e1rio praticamente dobrar o investimento para que a meta seja atingida.<\/p>\n\n\n\n<p>Na avalia\u00e7\u00e3o do presidente da Confedera\u00e7\u00e3o Nacional de Munic\u00edpios (CNM), Paulo Ziulkoski, os munic\u00edpios que s\u00e3o os principais respons\u00e1veis pela oferta dos servi\u00e7os precisam de mais ajuda dos estados e da Uni\u00e3o.<\/p>\n\n\n\n<p>\u201cPara os gestores locais, \u00e9 imprescind\u00edvel que a Uni\u00e3o e os estados garantam apoio t\u00e9cnico-financeiro consistente, planejamento adequado dos blocos regionais e contratos que considerem de fato as realidades municipais, sob pena de se perpetuar desigualdades hist\u00f3ricas no acesso ao saneamento\u201d, defende.<\/p>\n\n\n\n<p><strong>Regionaliza\u00e7\u00e3o<\/strong><br>Uma das mudan\u00e7as do Marco Legal \u00e9 a facilita\u00e7\u00e3o na privatiza\u00e7\u00e3o das empresas que prestam esse tipo de servi\u00e7o. A lei incentiva tamb\u00e9m a regionaliza\u00e7\u00e3o do saneamento, ou seja, que blocos de munic\u00edpios possam ofertar juntos o servi\u00e7o.<\/p>\n\n\n\n<p>De acordo com o Instituto Brasileiro de Geografia e Estat\u00edstica (IBGE), 44,8% dos 5.570 munic\u00edpios brasileiros, s\u00e3o pequenos e t\u00eam at\u00e9 10 mil habitantes. Dessa forma, a oferta conjunta de saneamento daria maior escala e poderia ser mais barata.<\/p>\n\n\n\n<p>Na pr\u00e1tica, no entanto, de acordo com Ziulkoski, a regionaliza\u00e7\u00e3o n\u00e3o tem aumentado significativamente a cobertura dos servi\u00e7os.<\/p>\n\n\n\n<p>\u201cEm muitos casos [a regionaliza\u00e7\u00e3o] foi institu\u00edda de forma unilateral pelos estados, sem estudos consistentes e sem a participa\u00e7\u00e3o efetiva dos munic\u00edpios. Isso gerou arranjos fr\u00e1geis, voltados principalmente \u00e0 viabiliza\u00e7\u00e3o de concess\u00f5es ou privatiza\u00e7\u00f5es de estatais, e n\u00e3o ao atendimento integral das popula\u00e7\u00f5es, sobretudo em \u00e1reas rurais e periferias urbanas, justamente onde a lei exige cobertura universal\u201d, constata.<\/p>\n\n\n\n<p>Ele ressalta ainda que outro ponto de preocupa\u00e7\u00e3o da CNM \u00e9 que a regionaliza\u00e7\u00e3o se concentrou quase exclusivamente em \u00e1gua e esgoto, \u201cnegligenciando os demais componentes do saneamento, como res\u00edduos s\u00f3lidos e drenagem urbana, que seguem como passivos relevantes para os munic\u00edpios\u201d.<\/p>\n\n\n\n<p>Segundo a CNM, 67% dos munic\u00edpios j\u00e1 est\u00e3o inseridos em arranjos regionais, \u201cmas nem sempre participaram das decis\u00f5es sobre a forma de presta\u00e7\u00e3o\u201d.<\/p>\n\n\n\n<p>\u00c9 indispens\u00e1vel \u201cque a Uni\u00e3o assegure apoio t\u00e9cnico qualificado e recursos n\u00e3o onerosos\u201d, defende a CNM.<\/p>\n\n\n\n<p>\u201cAuxiliar os munic\u00edpios significa n\u00e3o apenas oferecer recursos, mas sobretudo garantir condi\u00e7\u00f5es estruturais para que possam planejar, decidir e fiscalizar, assegurando que a regionaliza\u00e7\u00e3o e os investimentos previstos se revertam, de fato, em avan\u00e7os rumo \u00e0 universaliza\u00e7\u00e3o\u201d, ressalta o presidente da CNM.<\/p>\n\n\n\n<p>A pesquisa do Instituto Trata Brasil mostra que dos 26 estados pass\u00edveis de passar pelo processo de regionaliza\u00e7\u00e3o, uma vez que o Distrito Federal \u00e9 isento desse processo, apenas Minas Gerais e Rio de Janeiro apresentaram regionaliza\u00e7\u00e3o parcial.<\/p>\n\n\n\n<p>O Amap\u00e1, Mato Grosso do Sul e parte do Rio de Janeiro passaram por processos de licita\u00e7\u00e3o que j\u00e1 contemplavam a estrutura\u00e7\u00e3o de blocos regionalizados de presta\u00e7\u00e3o dos servi\u00e7os de saneamento.<\/p>\n\n\n\n<p>&#8220;Ainda que a maioria dos estados j\u00e1 tenham leis aprovadas, e que contemplem os seus munic\u00edpios dentro da presta\u00e7\u00e3o regionalizada, ainda est\u00e1 pendente a operacionaliza\u00e7\u00e3o desses blocos, o que representa desafios significativos devido \u00e0 coexist\u00eancia de diferentes prestadores de servi\u00e7os e \u00e0 necessidade de alinhar os interesses de m\u00faltiplos munic\u00edpios&#8221;, aponta o instituto.<\/p>\n\n\n\n<p><strong>Minist\u00e9rio das Cidades<br><\/strong>O governo federal \u00e9 respons\u00e1vel por coordenar e implementar as pol\u00edticas p\u00fablicas de saneamento b\u00e1sico. O Minist\u00e9rio das Cidades, reconhece \u201ca necessidade de acelerar o ritmo de execu\u00e7\u00e3o, uma vez que a universaliza\u00e7\u00e3o exige esfor\u00e7os coordenados, cont\u00ednuos e abrangentes\u201d.<\/p>\n\n\n\n<p>\u201cDo lado do governo federal, a pol\u00edtica p\u00fablica est\u00e1 sendo fortalecida com investimentos em todas as frentes do saneamento &#8211; abastecimento de \u00e1gua, esgotamento sanit\u00e1rio, manejo de res\u00edduos s\u00f3lidos e drenagem urbana -, com aten\u00e7\u00e3o especial \u00e0 redu\u00e7\u00e3o das desigualdades regionais, \u00e0 inclus\u00e3o das popula\u00e7\u00f5es rurais e \u00e0 adapta\u00e7\u00e3o \u00e0s mudan\u00e7as clim\u00e1ticas\u201d, informou o minist\u00e9rio \u00e0 Ag\u00eancia Brasil.<\/p>\n\n\n\n<p>O minist\u00e9rio destaca como principais a\u00e7\u00f5es, o apoio financeiro \u00e0 implanta\u00e7\u00e3o de infraestrutura por meio do novo Programa de Acelera\u00e7\u00e3o do Crescimento (PAC), a capacita\u00e7\u00e3o de t\u00e9cnicos e gestores municipais e o fomento de discuss\u00f5es estrat\u00e9gicas no \u00e2mbito do Comit\u00ea Interministerial de Saneamento B\u00e1sico (Cisb), por meio da cria\u00e7\u00e3o de grupos de trabalho voltados para a regionaliza\u00e7\u00e3o dos servi\u00e7os de res\u00edduos s\u00f3lidos urbanos, o desenvolvimento de tecnologias de reuso de \u00e1gua, o armazenamento de \u00e1gua de chuva e a dessaliniza\u00e7\u00e3o.<\/p>\n\n\n\n<p>\u201cEssas a\u00e7\u00f5es visam fortalecer a governan\u00e7a do setor e garantir que os investimentos sejam aplicados de forma eficiente e sustent\u00e1vel\u201d, diz o minist\u00e9rio.<\/p>\n\n\n\n<p>O Minist\u00e9rio das Cidades ressalta que a moderniza\u00e7\u00e3o da presta\u00e7\u00e3o dos servi\u00e7os de saneamento, por meio da digitaliza\u00e7\u00e3o e do uso de tecnologias avan\u00e7adas, pode ser mais um diferencial para o avan\u00e7o da universaliza\u00e7\u00e3o. A pasta ressalta, entretanto, que nem todas as empresas est\u00e3o preparadas para essa transi\u00e7\u00e3o, \u201co que refor\u00e7a a import\u00e2ncia de incentivos para inova\u00e7\u00e3o e capacita\u00e7\u00e3o\u201d.<\/p>\n\n\n\n<p>Para o cumprimento do Marco Legal do Saneamento B\u00e1sico, o minist\u00e9rio defende ainda que \u00e9 necess\u00e1rio a coopera\u00e7\u00e3o entre as esferas de governo &#8211; federal, estaduais e municipais -, a iniciativa privada e a sociedade civil.<\/p>\n\n\n\n<p>\u201cO novo marco consolidou avan\u00e7os relevantes, mas imp\u00f5e a responsabilidade de intensificar a coopera\u00e7\u00e3o entre Uni\u00e3o, estados, munic\u00edpios, iniciativa privada e sociedade civil para que as metas de universaliza\u00e7\u00e3o sejam alcan\u00e7adas\u201d, ressalta o Minist\u00e9rio das Cidades.<\/p>\n\n\n\n<p>Texto: Mariana Tokarnia \u2013 Ag\u00eancia Brasil<\/p>\n\n\n\n<p><\/p>\n","protected":false},"excerpt":{"rendered":"<p>Ap\u00f3s 5 anos da entrada em vigor, munic\u00edpios apontam fragilidades e desafios para o cumprimento do Marco Legal do Saneamento B\u00e1sico. A inseguran\u00e7a jur\u00eddica, car\u00eancia de apoio t\u00e9cnico e baixa capacidade de investimento s\u00e3o fatores que dificultam a universaliza\u00e7\u00e3o dos servi\u00e7os, segundo os munic\u00edpios. A lei estabeleceu que todas as localidades brasileiras devem atender a [&hellip;]<\/p>\n","protected":false},"author":13,"featured_media":86670,"comment_status":"open","ping_status":"open","sticky":false,"template":"","format":"standard","meta":{"_acf_changed":false,"footnotes":""},"categories":[19,898,21],"tags":[],"class_list":["post-86669","post","type-post","status-publish","format-standard","has-post-thumbnail","hentry","category-brasil-mundo","category-manchete-segundaria","category-todas-noticias"],"acf":[],"yoast_head":"<!-- This site is optimized with the Yoast SEO plugin v24.4 - https:\/\/yoast.com\/wordpress\/plugins\/seo\/ -->\n<title>Munic\u00edpios reclamam de apoio t\u00e9cnico para universalizar o saneamento - PORTAL DE NOT\u00cdCIAS CLEITON PINHEIRO<\/title>\n<meta name=\"robots\" content=\"index, follow, max-snippet:-1, max-image-preview:large, max-video-preview:-1\" \/>\n<link rel=\"canonical\" href=\"https:\/\/cleitonpinheiro.com.br\/site\/municipios-reclamam-de-apoio-tecnico-para-universalizar-o-saneamento\/\" \/>\n<meta property=\"og:locale\" content=\"pt_BR\" \/>\n<meta property=\"og:type\" content=\"article\" \/>\n<meta property=\"og:title\" content=\"Munic\u00edpios reclamam de apoio t\u00e9cnico para universalizar o saneamento - PORTAL DE NOT\u00cdCIAS CLEITON PINHEIRO\" \/>\n<meta property=\"og:description\" content=\"Ap\u00f3s 5 anos da entrada em vigor, munic\u00edpios apontam fragilidades e desafios para o cumprimento do Marco Legal do Saneamento B\u00e1sico. A inseguran\u00e7a jur\u00eddica, car\u00eancia de apoio t\u00e9cnico e baixa capacidade de investimento s\u00e3o fatores que dificultam a universaliza\u00e7\u00e3o dos servi\u00e7os, segundo os munic\u00edpios. A lei estabeleceu que todas as localidades brasileiras devem atender a [&hellip;]\" \/>\n<meta property=\"og:url\" content=\"https:\/\/cleitonpinheiro.com.br\/site\/municipios-reclamam-de-apoio-tecnico-para-universalizar-o-saneamento\/\" \/>\n<meta property=\"og:site_name\" content=\"PORTAL DE NOT\u00cdCIAS CLEITON PINHEIRO\" \/>\n<meta property=\"article:publisher\" content=\"https:\/\/www.facebook.com\/portalcpnoticias\/\" \/>\n<meta property=\"article:published_time\" content=\"2025-08-26T14:46:14+00:00\" \/>\n<meta property=\"article:modified_time\" content=\"2025-08-26T14:46:21+00:00\" \/>\n<meta property=\"og:image\" content=\"https:\/\/cleitonpinheiro.com.br\/site\/wp-content\/uploads\/2025\/08\/0g0a4573.webp\" \/>\n\t<meta property=\"og:image:width\" content=\"1170\" \/>\n\t<meta property=\"og:image:height\" content=\"700\" \/>\n\t<meta property=\"og:image:type\" content=\"image\/webp\" \/>\n<meta name=\"author\" content=\"Reda\u00e7\u00e3o CP\" \/>\n<meta name=\"twitter:card\" content=\"summary_large_image\" \/>\n<meta name=\"twitter:label1\" content=\"Escrito por\" \/>\n\t<meta name=\"twitter:data1\" content=\"Reda\u00e7\u00e3o CP\" \/>\n\t<meta name=\"twitter:label2\" content=\"Est. tempo de leitura\" \/>\n\t<meta name=\"twitter:data2\" content=\"6 minutos\" \/>\n<script type=\"application\/ld+json\" class=\"yoast-schema-graph\">{\"@context\":\"https:\/\/schema.org\",\"@graph\":[{\"@type\":\"Article\",\"@id\":\"https:\/\/cleitonpinheiro.com.br\/site\/municipios-reclamam-de-apoio-tecnico-para-universalizar-o-saneamento\/#article\",\"isPartOf\":{\"@id\":\"https:\/\/cleitonpinheiro.com.br\/site\/municipios-reclamam-de-apoio-tecnico-para-universalizar-o-saneamento\/\"},\"author\":{\"name\":\"Reda\u00e7\u00e3o CP\",\"@id\":\"https:\/\/cleitonpinheiro.com.br\/site\/#\/schema\/person\/8f04544e0bc40a1b68775b08360f87db\"},\"headline\":\"Munic\u00edpios reclamam de apoio t\u00e9cnico para universalizar o saneamento\",\"datePublished\":\"2025-08-26T14:46:14+00:00\",\"dateModified\":\"2025-08-26T14:46:21+00:00\",\"mainEntityOfPage\":{\"@id\":\"https:\/\/cleitonpinheiro.com.br\/site\/municipios-reclamam-de-apoio-tecnico-para-universalizar-o-saneamento\/\"},\"wordCount\":1080,\"commentCount\":0,\"publisher\":{\"@id\":\"https:\/\/cleitonpinheiro.com.br\/site\/#organization\"},\"image\":{\"@id\":\"https:\/\/cleitonpinheiro.com.br\/site\/municipios-reclamam-de-apoio-tecnico-para-universalizar-o-saneamento\/#primaryimage\"},\"thumbnailUrl\":\"https:\/\/cleitonpinheiro.com.br\/site\/wp-content\/uploads\/2025\/08\/0g0a4573.webp\",\"articleSection\":[\"BRASIL \/ MUNDO\",\"MANCHETE SEGUND\u00c1RIA\",\"TODAS NOTICIAS\"],\"inLanguage\":\"pt-BR\",\"potentialAction\":[{\"@type\":\"CommentAction\",\"name\":\"Comment\",\"target\":[\"https:\/\/cleitonpinheiro.com.br\/site\/municipios-reclamam-de-apoio-tecnico-para-universalizar-o-saneamento\/#respond\"]}]},{\"@type\":\"WebPage\",\"@id\":\"https:\/\/cleitonpinheiro.com.br\/site\/municipios-reclamam-de-apoio-tecnico-para-universalizar-o-saneamento\/\",\"url\":\"https:\/\/cleitonpinheiro.com.br\/site\/municipios-reclamam-de-apoio-tecnico-para-universalizar-o-saneamento\/\",\"name\":\"Munic\u00edpios reclamam de apoio t\u00e9cnico para universalizar o saneamento - PORTAL DE NOT\u00cdCIAS CLEITON PINHEIRO\",\"isPartOf\":{\"@id\":\"https:\/\/cleitonpinheiro.com.br\/site\/#website\"},\"primaryImageOfPage\":{\"@id\":\"https:\/\/cleitonpinheiro.com.br\/site\/municipios-reclamam-de-apoio-tecnico-para-universalizar-o-saneamento\/#primaryimage\"},\"image\":{\"@id\":\"https:\/\/cleitonpinheiro.com.br\/site\/municipios-reclamam-de-apoio-tecnico-para-universalizar-o-saneamento\/#primaryimage\"},\"thumbnailUrl\":\"https:\/\/cleitonpinheiro.com.br\/site\/wp-content\/uploads\/2025\/08\/0g0a4573.webp\",\"datePublished\":\"2025-08-26T14:46:14+00:00\",\"dateModified\":\"2025-08-26T14:46:21+00:00\",\"breadcrumb\":{\"@id\":\"https:\/\/cleitonpinheiro.com.br\/site\/municipios-reclamam-de-apoio-tecnico-para-universalizar-o-saneamento\/#breadcrumb\"},\"inLanguage\":\"pt-BR\",\"potentialAction\":[{\"@type\":\"ReadAction\",\"target\":[\"https:\/\/cleitonpinheiro.com.br\/site\/municipios-reclamam-de-apoio-tecnico-para-universalizar-o-saneamento\/\"]}]},{\"@type\":\"ImageObject\",\"inLanguage\":\"pt-BR\",\"@id\":\"https:\/\/cleitonpinheiro.com.br\/site\/municipios-reclamam-de-apoio-tecnico-para-universalizar-o-saneamento\/#primaryimage\",\"url\":\"https:\/\/cleitonpinheiro.com.br\/site\/wp-content\/uploads\/2025\/08\/0g0a4573.webp\",\"contentUrl\":\"https:\/\/cleitonpinheiro.com.br\/site\/wp-content\/uploads\/2025\/08\/0g0a4573.webp\",\"width\":1170,\"height\":700,\"caption\":\"\u00a9 Rovena Rosa\/Ag\u00eancia Brasil\"},{\"@type\":\"BreadcrumbList\",\"@id\":\"https:\/\/cleitonpinheiro.com.br\/site\/municipios-reclamam-de-apoio-tecnico-para-universalizar-o-saneamento\/#breadcrumb\",\"itemListElement\":[{\"@type\":\"ListItem\",\"position\":1,\"name\":\"In\u00edcio\",\"item\":\"https:\/\/cleitonpinheiro.com.br\/site\/\"},{\"@type\":\"ListItem\",\"position\":2,\"name\":\"Munic\u00edpios reclamam de apoio t\u00e9cnico para universalizar o saneamento\"}]},{\"@type\":\"WebSite\",\"@id\":\"https:\/\/cleitonpinheiro.com.br\/site\/#website\",\"url\":\"https:\/\/cleitonpinheiro.com.br\/site\/\",\"name\":\"PORTAL DE NOT\u00cdCIAS CLEITON PINHEIRO\",\"description\":\"FALANDO A VERDADE\",\"publisher\":{\"@id\":\"https:\/\/cleitonpinheiro.com.br\/site\/#organization\"},\"potentialAction\":[{\"@type\":\"SearchAction\",\"target\":{\"@type\":\"EntryPoint\",\"urlTemplate\":\"https:\/\/cleitonpinheiro.com.br\/site\/?s={search_term_string}\"},\"query-input\":{\"@type\":\"PropertyValueSpecification\",\"valueRequired\":true,\"valueName\":\"search_term_string\"}}],\"inLanguage\":\"pt-BR\"},{\"@type\":\"Organization\",\"@id\":\"https:\/\/cleitonpinheiro.com.br\/site\/#organization\",\"name\":\"CPNOT\u00cdCIAS\",\"url\":\"https:\/\/cleitonpinheiro.com.br\/site\/\",\"logo\":{\"@type\":\"ImageObject\",\"inLanguage\":\"pt-BR\",\"@id\":\"https:\/\/cleitonpinheiro.com.br\/site\/#\/schema\/logo\/image\/\",\"url\":\"https:\/\/cleitonpinheiro.com.br\/site\/wp-content\/uploads\/2022\/08\/Logo-pequena-2.png\",\"contentUrl\":\"https:\/\/cleitonpinheiro.com.br\/site\/wp-content\/uploads\/2022\/08\/Logo-pequena-2.png\",\"width\":500,\"height\":500,\"caption\":\"CPNOT\u00cdCIAS\"},\"image\":{\"@id\":\"https:\/\/cleitonpinheiro.com.br\/site\/#\/schema\/logo\/image\/\"},\"sameAs\":[\"https:\/\/www.facebook.com\/portalcpnoticias\/\"]},{\"@type\":\"Person\",\"@id\":\"https:\/\/cleitonpinheiro.com.br\/site\/#\/schema\/person\/8f04544e0bc40a1b68775b08360f87db\",\"name\":\"Reda\u00e7\u00e3o CP\",\"image\":{\"@type\":\"ImageObject\",\"inLanguage\":\"pt-BR\",\"@id\":\"https:\/\/cleitonpinheiro.com.br\/site\/#\/schema\/person\/image\/\",\"url\":\"https:\/\/secure.gravatar.com\/avatar\/0bcf19cb29fdc8fc588c490c7ae1b3e174dac268586a63fbe1d1893a0f9020cd?s=96&r=g\",\"contentUrl\":\"https:\/\/secure.gravatar.com\/avatar\/0bcf19cb29fdc8fc588c490c7ae1b3e174dac268586a63fbe1d1893a0f9020cd?s=96&r=g\",\"caption\":\"Reda\u00e7\u00e3o CP\"},\"url\":\"https:\/\/cleitonpinheiro.com.br\/site\/author\/redacao\/\"}]}<\/script>\n<!-- \/ Yoast SEO plugin. -->","yoast_head_json":{"title":"Munic\u00edpios reclamam de apoio t\u00e9cnico para universalizar o saneamento - PORTAL DE NOT\u00cdCIAS CLEITON PINHEIRO","robots":{"index":"index","follow":"follow","max-snippet":"max-snippet:-1","max-image-preview":"max-image-preview:large","max-video-preview":"max-video-preview:-1"},"canonical":"https:\/\/cleitonpinheiro.com.br\/site\/municipios-reclamam-de-apoio-tecnico-para-universalizar-o-saneamento\/","og_locale":"pt_BR","og_type":"article","og_title":"Munic\u00edpios reclamam de apoio t\u00e9cnico para universalizar o saneamento - PORTAL DE NOT\u00cdCIAS CLEITON PINHEIRO","og_description":"Ap\u00f3s 5 anos da entrada em vigor, munic\u00edpios apontam fragilidades e desafios para o cumprimento do Marco Legal do Saneamento B\u00e1sico. A inseguran\u00e7a jur\u00eddica, car\u00eancia de apoio t\u00e9cnico e baixa capacidade de investimento s\u00e3o fatores que dificultam a universaliza\u00e7\u00e3o dos servi\u00e7os, segundo os munic\u00edpios. A lei estabeleceu que todas as localidades brasileiras devem atender a [&hellip;]","og_url":"https:\/\/cleitonpinheiro.com.br\/site\/municipios-reclamam-de-apoio-tecnico-para-universalizar-o-saneamento\/","og_site_name":"PORTAL DE NOT\u00cdCIAS CLEITON PINHEIRO","article_publisher":"https:\/\/www.facebook.com\/portalcpnoticias\/","article_published_time":"2025-08-26T14:46:14+00:00","article_modified_time":"2025-08-26T14:46:21+00:00","og_image":[{"width":1170,"height":700,"url":"https:\/\/cleitonpinheiro.com.br\/site\/wp-content\/uploads\/2025\/08\/0g0a4573.webp","type":"image\/webp"}],"author":"Reda\u00e7\u00e3o CP","twitter_card":"summary_large_image","twitter_misc":{"Escrito por":"Reda\u00e7\u00e3o CP","Est. tempo de leitura":"6 minutos"},"schema":{"@context":"https:\/\/schema.org","@graph":[{"@type":"Article","@id":"https:\/\/cleitonpinheiro.com.br\/site\/municipios-reclamam-de-apoio-tecnico-para-universalizar-o-saneamento\/#article","isPartOf":{"@id":"https:\/\/cleitonpinheiro.com.br\/site\/municipios-reclamam-de-apoio-tecnico-para-universalizar-o-saneamento\/"},"author":{"name":"Reda\u00e7\u00e3o CP","@id":"https:\/\/cleitonpinheiro.com.br\/site\/#\/schema\/person\/8f04544e0bc40a1b68775b08360f87db"},"headline":"Munic\u00edpios reclamam de apoio t\u00e9cnico para universalizar o saneamento","datePublished":"2025-08-26T14:46:14+00:00","dateModified":"2025-08-26T14:46:21+00:00","mainEntityOfPage":{"@id":"https:\/\/cleitonpinheiro.com.br\/site\/municipios-reclamam-de-apoio-tecnico-para-universalizar-o-saneamento\/"},"wordCount":1080,"commentCount":0,"publisher":{"@id":"https:\/\/cleitonpinheiro.com.br\/site\/#organization"},"image":{"@id":"https:\/\/cleitonpinheiro.com.br\/site\/municipios-reclamam-de-apoio-tecnico-para-universalizar-o-saneamento\/#primaryimage"},"thumbnailUrl":"https:\/\/cleitonpinheiro.com.br\/site\/wp-content\/uploads\/2025\/08\/0g0a4573.webp","articleSection":["BRASIL \/ MUNDO","MANCHETE SEGUND\u00c1RIA","TODAS NOTICIAS"],"inLanguage":"pt-BR","potentialAction":[{"@type":"CommentAction","name":"Comment","target":["https:\/\/cleitonpinheiro.com.br\/site\/municipios-reclamam-de-apoio-tecnico-para-universalizar-o-saneamento\/#respond"]}]},{"@type":"WebPage","@id":"https:\/\/cleitonpinheiro.com.br\/site\/municipios-reclamam-de-apoio-tecnico-para-universalizar-o-saneamento\/","url":"https:\/\/cleitonpinheiro.com.br\/site\/municipios-reclamam-de-apoio-tecnico-para-universalizar-o-saneamento\/","name":"Munic\u00edpios reclamam de apoio t\u00e9cnico para universalizar o saneamento - PORTAL DE NOT\u00cdCIAS CLEITON PINHEIRO","isPartOf":{"@id":"https:\/\/cleitonpinheiro.com.br\/site\/#website"},"primaryImageOfPage":{"@id":"https:\/\/cleitonpinheiro.com.br\/site\/municipios-reclamam-de-apoio-tecnico-para-universalizar-o-saneamento\/#primaryimage"},"image":{"@id":"https:\/\/cleitonpinheiro.com.br\/site\/municipios-reclamam-de-apoio-tecnico-para-universalizar-o-saneamento\/#primaryimage"},"thumbnailUrl":"https:\/\/cleitonpinheiro.com.br\/site\/wp-content\/uploads\/2025\/08\/0g0a4573.webp","datePublished":"2025-08-26T14:46:14+00:00","dateModified":"2025-08-26T14:46:21+00:00","breadcrumb":{"@id":"https:\/\/cleitonpinheiro.com.br\/site\/municipios-reclamam-de-apoio-tecnico-para-universalizar-o-saneamento\/#breadcrumb"},"inLanguage":"pt-BR","potentialAction":[{"@type":"ReadAction","target":["https:\/\/cleitonpinheiro.com.br\/site\/municipios-reclamam-de-apoio-tecnico-para-universalizar-o-saneamento\/"]}]},{"@type":"ImageObject","inLanguage":"pt-BR","@id":"https:\/\/cleitonpinheiro.com.br\/site\/municipios-reclamam-de-apoio-tecnico-para-universalizar-o-saneamento\/#primaryimage","url":"https:\/\/cleitonpinheiro.com.br\/site\/wp-content\/uploads\/2025\/08\/0g0a4573.webp","contentUrl":"https:\/\/cleitonpinheiro.com.br\/site\/wp-content\/uploads\/2025\/08\/0g0a4573.webp","width":1170,"height":700,"caption":"\u00a9 Rovena Rosa\/Ag\u00eancia Brasil"},{"@type":"BreadcrumbList","@id":"https:\/\/cleitonpinheiro.com.br\/site\/municipios-reclamam-de-apoio-tecnico-para-universalizar-o-saneamento\/#breadcrumb","itemListElement":[{"@type":"ListItem","position":1,"name":"In\u00edcio","item":"https:\/\/cleitonpinheiro.com.br\/site\/"},{"@type":"ListItem","position":2,"name":"Munic\u00edpios reclamam de apoio t\u00e9cnico para universalizar o saneamento"}]},{"@type":"WebSite","@id":"https:\/\/cleitonpinheiro.com.br\/site\/#website","url":"https:\/\/cleitonpinheiro.com.br\/site\/","name":"PORTAL DE NOT\u00cdCIAS CLEITON PINHEIRO","description":"FALANDO A VERDADE","publisher":{"@id":"https:\/\/cleitonpinheiro.com.br\/site\/#organization"},"potentialAction":[{"@type":"SearchAction","target":{"@type":"EntryPoint","urlTemplate":"https:\/\/cleitonpinheiro.com.br\/site\/?s={search_term_string}"},"query-input":{"@type":"PropertyValueSpecification","valueRequired":true,"valueName":"search_term_string"}}],"inLanguage":"pt-BR"},{"@type":"Organization","@id":"https:\/\/cleitonpinheiro.com.br\/site\/#organization","name":"CPNOT\u00cdCIAS","url":"https:\/\/cleitonpinheiro.com.br\/site\/","logo":{"@type":"ImageObject","inLanguage":"pt-BR","@id":"https:\/\/cleitonpinheiro.com.br\/site\/#\/schema\/logo\/image\/","url":"https:\/\/cleitonpinheiro.com.br\/site\/wp-content\/uploads\/2022\/08\/Logo-pequena-2.png","contentUrl":"https:\/\/cleitonpinheiro.com.br\/site\/wp-content\/uploads\/2022\/08\/Logo-pequena-2.png","width":500,"height":500,"caption":"CPNOT\u00cdCIAS"},"image":{"@id":"https:\/\/cleitonpinheiro.com.br\/site\/#\/schema\/logo\/image\/"},"sameAs":["https:\/\/www.facebook.com\/portalcpnoticias\/"]},{"@type":"Person","@id":"https:\/\/cleitonpinheiro.com.br\/site\/#\/schema\/person\/8f04544e0bc40a1b68775b08360f87db","name":"Reda\u00e7\u00e3o CP","image":{"@type":"ImageObject","inLanguage":"pt-BR","@id":"https:\/\/cleitonpinheiro.com.br\/site\/#\/schema\/person\/image\/","url":"https:\/\/secure.gravatar.com\/avatar\/0bcf19cb29fdc8fc588c490c7ae1b3e174dac268586a63fbe1d1893a0f9020cd?s=96&r=g","contentUrl":"https:\/\/secure.gravatar.com\/avatar\/0bcf19cb29fdc8fc588c490c7ae1b3e174dac268586a63fbe1d1893a0f9020cd?s=96&r=g","caption":"Reda\u00e7\u00e3o CP"},"url":"https:\/\/cleitonpinheiro.com.br\/site\/author\/redacao\/"}]}},"views":130,"_links":{"self":[{"href":"https:\/\/cleitonpinheiro.com.br\/site\/wp-json\/wp\/v2\/posts\/86669","targetHints":{"allow":["GET"]}}],"collection":[{"href":"https:\/\/cleitonpinheiro.com.br\/site\/wp-json\/wp\/v2\/posts"}],"about":[{"href":"https:\/\/cleitonpinheiro.com.br\/site\/wp-json\/wp\/v2\/types\/post"}],"author":[{"embeddable":true,"href":"https:\/\/cleitonpinheiro.com.br\/site\/wp-json\/wp\/v2\/users\/13"}],"replies":[{"embeddable":true,"href":"https:\/\/cleitonpinheiro.com.br\/site\/wp-json\/wp\/v2\/comments?post=86669"}],"version-history":[{"count":1,"href":"https:\/\/cleitonpinheiro.com.br\/site\/wp-json\/wp\/v2\/posts\/86669\/revisions"}],"predecessor-version":[{"id":86671,"href":"https:\/\/cleitonpinheiro.com.br\/site\/wp-json\/wp\/v2\/posts\/86669\/revisions\/86671"}],"wp:featuredmedia":[{"embeddable":true,"href":"https:\/\/cleitonpinheiro.com.br\/site\/wp-json\/wp\/v2\/media\/86670"}],"wp:attachment":[{"href":"https:\/\/cleitonpinheiro.com.br\/site\/wp-json\/wp\/v2\/media?parent=86669"}],"wp:term":[{"taxonomy":"category","embeddable":true,"href":"https:\/\/cleitonpinheiro.com.br\/site\/wp-json\/wp\/v2\/categories?post=86669"},{"taxonomy":"post_tag","embeddable":true,"href":"https:\/\/cleitonpinheiro.com.br\/site\/wp-json\/wp\/v2\/tags?post=86669"}],"curies":[{"name":"wp","href":"https:\/\/api.w.org\/{rel}","templated":true}]}}