{"id":86675,"date":"2025-08-22T11:29:29","date_gmt":"2025-08-22T14:29:29","guid":{"rendered":"https:\/\/cleitonpinheiro.com.br\/site\/?p=86675"},"modified":"2025-08-25T11:30:14","modified_gmt":"2025-08-25T14:30:14","slug":"brasil-completa-duas-semanas-sem-novos-casos-de-sarampo","status":"publish","type":"post","link":"https:\/\/cleitonpinheiro.com.br\/site\/brasil-completa-duas-semanas-sem-novos-casos-de-sarampo\/","title":{"rendered":"Brasil completa duas semanas sem novos casos de sarampo"},"content":{"rendered":"\n<figure class=\"wp-block-image size-full\"><img fetchpriority=\"high\" decoding=\"async\" width=\"768\" height=\"354\" src=\"https:\/\/cleitonpinheiro.com.br\/site\/wp-content\/uploads\/2025\/08\/9f696a05-e036-45c2-900c-8ccf7297c7e6.jpeg\" alt=\"\" class=\"wp-image-86676\" srcset=\"https:\/\/cleitonpinheiro.com.br\/site\/wp-content\/uploads\/2025\/08\/9f696a05-e036-45c2-900c-8ccf7297c7e6.jpeg 768w, https:\/\/cleitonpinheiro.com.br\/site\/wp-content\/uploads\/2025\/08\/9f696a05-e036-45c2-900c-8ccf7297c7e6-300x138.jpeg 300w\" sizes=\"(max-width: 768px) 100vw, 768px\" \/><figcaption class=\"wp-element-caption\">Foto: Jer\u00f4nimo Gonzalez\/MS<br><\/figcaption><\/figure>\n\n\n\n<p>Com o refor\u00e7o das a\u00e7\u00f5es de bloqueio contra o\u00a0<a href=\"https:\/\/www.gov.br\/saude\/pt-br\/assuntos\/saude-de-a-a-z\/s\/sarampo\" target=\"_blank\" rel=\"noreferrer noopener\">sarampo<\/a>\u00a0no Brasil, o Minist\u00e9rio da Sa\u00fade, em parceria com as equipes estaduais e municipais de sa\u00fade, tem avan\u00e7ado no controle dos casos importados \u2014 aqueles em que a infec\u00e7\u00e3o ocorreu fora do pa\u00eds. Em Campos Lindos (TO), munic\u00edpio que registra o maior n\u00famero de casos, com 18 confirma\u00e7\u00f5es, o \u00faltimo caso foi confirmado em 6 de agosto. Desde 21 de julho, equipes atuam no territ\u00f3rio para intensificar a vacina\u00e7\u00e3o. Atualmente, n\u00e3o h\u00e1 transmiss\u00e3o sustentada do sarampo no Brasil.<\/p>\n\n\n\n<p>\u201cNos primeiros cinco casos importados deste ano [dois no estado do Rio de Janeiro, um no Distrito Federal, um em S\u00e3o Paulo e um no Rio Grande do Sul], o Minist\u00e9rio da Sa\u00fade, com apoio de gestores locais, respondeu imediatamente com a\u00e7\u00f5es de conten\u00e7\u00e3o. O rastreamento dos contatos e o refor\u00e7o da&nbsp;<a target=\"_blank\" href=\"https:\/\/www.gov.br\/saude\/pt-br\/vacinacao\" rel=\"noreferrer noopener\">vacina\u00e7\u00e3o<\/a>&nbsp;foram essenciais para impedir o surgimento de novos casos nas regi\u00f5es. Em Tocantins, estamos adotamos a mesma estrat\u00e9gia\u201d, destacou o diretor do&nbsp;<a href=\"https:\/\/www.gov.br\/saude\/pt-br\/acesso-a-informacao\/acoes-e-programas\/pni\" target=\"_blank\" rel=\"noreferrer noopener\">Programa Nacional de Imuniza\u00e7\u00f5es (PNI)<\/a>, Eder Gatti.<\/p>\n\n\n\n<p>Ainda segundo o diretor, os casos importados no Brasil s\u00e3o esperados devido \u00e0 press\u00e3o externa provocada por surtos em pa\u00edses vizinhos. A principal preocupa\u00e7\u00e3o do Minist\u00e9rio da Sa\u00fade \u00e9 com brasileiros que viajam para regi\u00f5es afetadas, especialmente para pa\u00edses da Am\u00e9rica do Norte, que concentra a maior parte dos casos das Am\u00e9ricas &#8211; de 10,1 mil casos registrados em pa\u00edses do continente, 9,8 mil s\u00e3o no Canad\u00e1, Estados Unidos e M\u00e9xico.<\/p>\n\n\n\n<p>A medida mais eficaz para a preven\u00e7\u00e3o da doen\u00e7a e o controle de surtos e epidemias \u00e9 a vacina\u00e7\u00e3o, dispon\u00edvel para pessoas de 6 meses a 59 anos em todas as Unidades B\u00e1sicas de Sa\u00fade (UBS) do pa\u00eds. Neste ano, o Minist\u00e9rio da Sa\u00fade j\u00e1 distribuiu mais de 13,6 milh\u00f5es de doses da&nbsp;<a href=\"https:\/\/www.gov.br\/saude\/pt-br\/assuntos\/saude-de-a-a-z\/t\/triplice-viral\" target=\"_blank\" rel=\"noreferrer noopener\">vacina tr\u00edplice viral<\/a>. A cobertura vacinal da primeira dose ultrapassa 90%, e os estoques est\u00e3o garantidos em todo o pa\u00eds.<\/p>\n\n\n\n<p>Como parte da resposta, o Minist\u00e9rio da Sa\u00fade enviou \u00e0 Bol\u00edvia 660 mil doses da vacina contra o sarampo neste ano. O pa\u00eds enfrenta um surto da doen\u00e7a, com mais de 200 casos confirmados. Essa medida busca refor\u00e7ar as a\u00e7\u00f5es de prote\u00e7\u00e3o e evitar a reintrodu\u00e7\u00e3o do v\u00edrus no Brasil, que permanece como pa\u00eds livre do sarampo, conforme&nbsp;<a href=\"https:\/\/www.gov.br\/saude\/pt-br\/assuntos\/noticias\/2024\/novembro\/brasil-recebe-recertificacao-de-pais-livre-do-sarampo\" target=\"_blank\" rel=\"noreferrer noopener\">certifica\u00e7\u00e3o recebida da Organiza\u00e7\u00e3o Mundial da Sa\u00fade em 2024<\/a>.<\/p>\n\n\n\n<p><strong>Dose Zero (D0)<\/strong><\/p>\n\n\n\n<p>Outra estrat\u00e9gia adotada pelo Minist\u00e9rio da Sa\u00fade para conter a transmiss\u00e3o do sarampo \u00e9 a aplica\u00e7\u00e3o da chamada \u201cdose zero\u201d \u2014 uma dose extra da vacina, indicada prioritariamente para crian\u00e7as de 6 meses a 11 meses e 29 dias de idade, em contextos de maior risco devido \u00e0 circula\u00e7\u00e3o do v\u00edrus.<\/p>\n\n\n\n<p>A partir de maio, a dose come\u00e7ou a ser aplicada em estados e regi\u00f5es considerados mais vulner\u00e1veis pela proximidade com as fronteiras, como Acre, Amap\u00e1, Maranh\u00e3o, Mato Grosso, Mato Grosso do Sul, Par\u00e1, Paran\u00e1, Rond\u00f4nia, Roraima, Santa Catarina e Tocantins.<\/p>\n\n\n\n<p>No Rio Grande do Sul, a recomenda\u00e7\u00e3o \u00e9 voltada para munic\u00edpios de fronteira com a Argentina e o Uruguai, al\u00e9m de cidades tur\u00edsticas, universit\u00e1rias e com alto fluxo de pessoas. Em S\u00e3o Paulo, a dose zero \u00e9 indicada para as Regi\u00f5es Metropolitanas da capital, de Campinas e da Baixada Santista. At\u00e9 o momento, mais de 82 mil doses zero j\u00e1 foram aplicadas.<\/p>\n\n\n\n<p><strong>Dia D contra o sarampo<\/strong><\/p>\n\n\n\n<p>Desde a confirma\u00e7\u00e3o dos primeiros casos importados no Brasil, o Minist\u00e9rio da Sa\u00fade e as secretarias estaduais e municipais realizaram grandes mobiliza\u00e7\u00f5es, como o Dia D contra o sarampo, voltadas ao bloqueio da transmiss\u00e3o.<\/p>\n\n\n\n<p>Em Tocantins, mais de 74 mil doses de vacinas foram disponibilizadas para os 139 munic\u00edpios tocantinenses, incluindo Campos Lindos. Os munic\u00edpios de Balsas (MA) e Imperatriz (MA) tamb\u00e9m receberam refor\u00e7o na vacina\u00e7\u00e3o, devido \u00e0 proximidade com a regi\u00e3o onde os casos foram registrados.<\/p>\n\n\n\n<p>Al\u00e9m de Tocantins, o Dia D foi realizado em cidades do Acre, Mato Grosso, Mato Grosso do Sul e Rond\u00f4nia, localizadas na fronteira com a Bol\u00edvia. Cerca de 3 mil pessoas foram vacinadas. Somente o Acre aplicou 1,8 mil doses \u2014 quatro vezes mais que na vacina\u00e7\u00e3o de rotina, que registra, em m\u00e9dia, 436 doses.<\/p>\n","protected":false},"excerpt":{"rendered":"<p>Com o refor\u00e7o das a\u00e7\u00f5es de bloqueio contra o\u00a0sarampo\u00a0no Brasil, o Minist\u00e9rio da Sa\u00fade, em parceria com as equipes estaduais e municipais de sa\u00fade, tem avan\u00e7ado no controle dos casos importados \u2014 aqueles em que a infec\u00e7\u00e3o ocorreu fora do pa\u00eds. Em Campos Lindos (TO), munic\u00edpio que registra o maior n\u00famero de casos, com 18 [&hellip;]<\/p>\n","protected":false},"author":13,"featured_media":86676,"comment_status":"open","ping_status":"open","sticky":false,"template":"","format":"standard","meta":{"_acf_changed":false,"footnotes":""},"categories":[19,20,21],"tags":[],"class_list":["post-86675","post","type-post","status-publish","format-standard","has-post-thumbnail","hentry","category-brasil-mundo","category-noticias-em-destaque","category-todas-noticias"],"acf":[],"yoast_head":"<!-- This site is optimized with the Yoast SEO plugin v24.4 - https:\/\/yoast.com\/wordpress\/plugins\/seo\/ -->\n<title>Brasil completa duas semanas sem novos casos de sarampo - PORTAL DE NOT\u00cdCIAS CLEITON PINHEIRO<\/title>\n<meta name=\"robots\" content=\"index, follow, max-snippet:-1, max-image-preview:large, max-video-preview:-1\" \/>\n<link rel=\"canonical\" href=\"https:\/\/cleitonpinheiro.com.br\/site\/brasil-completa-duas-semanas-sem-novos-casos-de-sarampo\/\" \/>\n<meta property=\"og:locale\" content=\"pt_BR\" \/>\n<meta property=\"og:type\" content=\"article\" \/>\n<meta property=\"og:title\" content=\"Brasil completa duas semanas sem novos casos de sarampo - PORTAL DE NOT\u00cdCIAS CLEITON PINHEIRO\" \/>\n<meta property=\"og:description\" content=\"Com o refor\u00e7o das a\u00e7\u00f5es de bloqueio contra o\u00a0sarampo\u00a0no Brasil, o Minist\u00e9rio da Sa\u00fade, em parceria com as equipes estaduais e municipais de sa\u00fade, tem avan\u00e7ado no controle dos casos importados \u2014 aqueles em que a infec\u00e7\u00e3o ocorreu fora do pa\u00eds. Em Campos Lindos (TO), munic\u00edpio que registra o maior n\u00famero de casos, com 18 [&hellip;]\" \/>\n<meta property=\"og:url\" content=\"https:\/\/cleitonpinheiro.com.br\/site\/brasil-completa-duas-semanas-sem-novos-casos-de-sarampo\/\" \/>\n<meta property=\"og:site_name\" content=\"PORTAL DE NOT\u00cdCIAS CLEITON PINHEIRO\" \/>\n<meta property=\"article:publisher\" content=\"https:\/\/www.facebook.com\/portalcpnoticias\/\" \/>\n<meta property=\"article:published_time\" content=\"2025-08-22T14:29:29+00:00\" \/>\n<meta property=\"article:modified_time\" content=\"2025-08-25T14:30:14+00:00\" \/>\n<meta property=\"og:image\" content=\"https:\/\/cleitonpinheiro.com.br\/site\/wp-content\/uploads\/2025\/08\/9f696a05-e036-45c2-900c-8ccf7297c7e6.jpeg\" \/>\n\t<meta property=\"og:image:width\" content=\"768\" \/>\n\t<meta property=\"og:image:height\" content=\"354\" \/>\n\t<meta property=\"og:image:type\" content=\"image\/jpeg\" \/>\n<meta name=\"author\" content=\"Reda\u00e7\u00e3o CP\" \/>\n<meta name=\"twitter:card\" content=\"summary_large_image\" \/>\n<meta name=\"twitter:label1\" content=\"Escrito por\" \/>\n\t<meta name=\"twitter:data1\" content=\"Reda\u00e7\u00e3o CP\" \/>\n\t<meta name=\"twitter:label2\" content=\"Est. tempo de leitura\" \/>\n\t<meta name=\"twitter:data2\" content=\"5 minutos\" \/>\n<script type=\"application\/ld+json\" class=\"yoast-schema-graph\">{\"@context\":\"https:\/\/schema.org\",\"@graph\":[{\"@type\":\"Article\",\"@id\":\"https:\/\/cleitonpinheiro.com.br\/site\/brasil-completa-duas-semanas-sem-novos-casos-de-sarampo\/#article\",\"isPartOf\":{\"@id\":\"https:\/\/cleitonpinheiro.com.br\/site\/brasil-completa-duas-semanas-sem-novos-casos-de-sarampo\/\"},\"author\":{\"name\":\"Reda\u00e7\u00e3o CP\",\"@id\":\"https:\/\/cleitonpinheiro.com.br\/site\/#\/schema\/person\/8f04544e0bc40a1b68775b08360f87db\"},\"headline\":\"Brasil completa duas semanas sem novos casos de sarampo\",\"datePublished\":\"2025-08-22T14:29:29+00:00\",\"dateModified\":\"2025-08-25T14:30:14+00:00\",\"mainEntityOfPage\":{\"@id\":\"https:\/\/cleitonpinheiro.com.br\/site\/brasil-completa-duas-semanas-sem-novos-casos-de-sarampo\/\"},\"wordCount\":761,\"commentCount\":0,\"publisher\":{\"@id\":\"https:\/\/cleitonpinheiro.com.br\/site\/#organization\"},\"image\":{\"@id\":\"https:\/\/cleitonpinheiro.com.br\/site\/brasil-completa-duas-semanas-sem-novos-casos-de-sarampo\/#primaryimage\"},\"thumbnailUrl\":\"https:\/\/cleitonpinheiro.com.br\/site\/wp-content\/uploads\/2025\/08\/9f696a05-e036-45c2-900c-8ccf7297c7e6.jpeg\",\"articleSection\":[\"BRASIL \/ MUNDO\",\"NOT\u00cdCIAS EM DESTAQUE\",\"TODAS NOTICIAS\"],\"inLanguage\":\"pt-BR\",\"potentialAction\":[{\"@type\":\"CommentAction\",\"name\":\"Comment\",\"target\":[\"https:\/\/cleitonpinheiro.com.br\/site\/brasil-completa-duas-semanas-sem-novos-casos-de-sarampo\/#respond\"]}]},{\"@type\":\"WebPage\",\"@id\":\"https:\/\/cleitonpinheiro.com.br\/site\/brasil-completa-duas-semanas-sem-novos-casos-de-sarampo\/\",\"url\":\"https:\/\/cleitonpinheiro.com.br\/site\/brasil-completa-duas-semanas-sem-novos-casos-de-sarampo\/\",\"name\":\"Brasil completa duas semanas sem novos casos de sarampo - PORTAL DE NOT\u00cdCIAS CLEITON PINHEIRO\",\"isPartOf\":{\"@id\":\"https:\/\/cleitonpinheiro.com.br\/site\/#website\"},\"primaryImageOfPage\":{\"@id\":\"https:\/\/cleitonpinheiro.com.br\/site\/brasil-completa-duas-semanas-sem-novos-casos-de-sarampo\/#primaryimage\"},\"image\":{\"@id\":\"https:\/\/cleitonpinheiro.com.br\/site\/brasil-completa-duas-semanas-sem-novos-casos-de-sarampo\/#primaryimage\"},\"thumbnailUrl\":\"https:\/\/cleitonpinheiro.com.br\/site\/wp-content\/uploads\/2025\/08\/9f696a05-e036-45c2-900c-8ccf7297c7e6.jpeg\",\"datePublished\":\"2025-08-22T14:29:29+00:00\",\"dateModified\":\"2025-08-25T14:30:14+00:00\",\"breadcrumb\":{\"@id\":\"https:\/\/cleitonpinheiro.com.br\/site\/brasil-completa-duas-semanas-sem-novos-casos-de-sarampo\/#breadcrumb\"},\"inLanguage\":\"pt-BR\",\"potentialAction\":[{\"@type\":\"ReadAction\",\"target\":[\"https:\/\/cleitonpinheiro.com.br\/site\/brasil-completa-duas-semanas-sem-novos-casos-de-sarampo\/\"]}]},{\"@type\":\"ImageObject\",\"inLanguage\":\"pt-BR\",\"@id\":\"https:\/\/cleitonpinheiro.com.br\/site\/brasil-completa-duas-semanas-sem-novos-casos-de-sarampo\/#primaryimage\",\"url\":\"https:\/\/cleitonpinheiro.com.br\/site\/wp-content\/uploads\/2025\/08\/9f696a05-e036-45c2-900c-8ccf7297c7e6.jpeg\",\"contentUrl\":\"https:\/\/cleitonpinheiro.com.br\/site\/wp-content\/uploads\/2025\/08\/9f696a05-e036-45c2-900c-8ccf7297c7e6.jpeg\",\"width\":768,\"height\":354,\"caption\":\"Foto: Jer\u00f4nimo Gonzalez\/MS\"},{\"@type\":\"BreadcrumbList\",\"@id\":\"https:\/\/cleitonpinheiro.com.br\/site\/brasil-completa-duas-semanas-sem-novos-casos-de-sarampo\/#breadcrumb\",\"itemListElement\":[{\"@type\":\"ListItem\",\"position\":1,\"name\":\"In\u00edcio\",\"item\":\"https:\/\/cleitonpinheiro.com.br\/site\/\"},{\"@type\":\"ListItem\",\"position\":2,\"name\":\"Brasil completa duas semanas sem novos casos de sarampo\"}]},{\"@type\":\"WebSite\",\"@id\":\"https:\/\/cleitonpinheiro.com.br\/site\/#website\",\"url\":\"https:\/\/cleitonpinheiro.com.br\/site\/\",\"name\":\"PORTAL DE NOT\u00cdCIAS CLEITON PINHEIRO\",\"description\":\"FALANDO A VERDADE\",\"publisher\":{\"@id\":\"https:\/\/cleitonpinheiro.com.br\/site\/#organization\"},\"potentialAction\":[{\"@type\":\"SearchAction\",\"target\":{\"@type\":\"EntryPoint\",\"urlTemplate\":\"https:\/\/cleitonpinheiro.com.br\/site\/?s={search_term_string}\"},\"query-input\":{\"@type\":\"PropertyValueSpecification\",\"valueRequired\":true,\"valueName\":\"search_term_string\"}}],\"inLanguage\":\"pt-BR\"},{\"@type\":\"Organization\",\"@id\":\"https:\/\/cleitonpinheiro.com.br\/site\/#organization\",\"name\":\"CPNOT\u00cdCIAS\",\"url\":\"https:\/\/cleitonpinheiro.com.br\/site\/\",\"logo\":{\"@type\":\"ImageObject\",\"inLanguage\":\"pt-BR\",\"@id\":\"https:\/\/cleitonpinheiro.com.br\/site\/#\/schema\/logo\/image\/\",\"url\":\"https:\/\/cleitonpinheiro.com.br\/site\/wp-content\/uploads\/2022\/08\/Logo-pequena-2.png\",\"contentUrl\":\"https:\/\/cleitonpinheiro.com.br\/site\/wp-content\/uploads\/2022\/08\/Logo-pequena-2.png\",\"width\":500,\"height\":500,\"caption\":\"CPNOT\u00cdCIAS\"},\"image\":{\"@id\":\"https:\/\/cleitonpinheiro.com.br\/site\/#\/schema\/logo\/image\/\"},\"sameAs\":[\"https:\/\/www.facebook.com\/portalcpnoticias\/\"]},{\"@type\":\"Person\",\"@id\":\"https:\/\/cleitonpinheiro.com.br\/site\/#\/schema\/person\/8f04544e0bc40a1b68775b08360f87db\",\"name\":\"Reda\u00e7\u00e3o CP\",\"image\":{\"@type\":\"ImageObject\",\"inLanguage\":\"pt-BR\",\"@id\":\"https:\/\/cleitonpinheiro.com.br\/site\/#\/schema\/person\/image\/\",\"url\":\"https:\/\/secure.gravatar.com\/avatar\/0bcf19cb29fdc8fc588c490c7ae1b3e174dac268586a63fbe1d1893a0f9020cd?s=96&r=g\",\"contentUrl\":\"https:\/\/secure.gravatar.com\/avatar\/0bcf19cb29fdc8fc588c490c7ae1b3e174dac268586a63fbe1d1893a0f9020cd?s=96&r=g\",\"caption\":\"Reda\u00e7\u00e3o CP\"},\"url\":\"https:\/\/cleitonpinheiro.com.br\/site\/author\/redacao\/\"}]}<\/script>\n<!-- \/ Yoast SEO plugin. -->","yoast_head_json":{"title":"Brasil completa duas semanas sem novos casos de sarampo - PORTAL DE NOT\u00cdCIAS CLEITON PINHEIRO","robots":{"index":"index","follow":"follow","max-snippet":"max-snippet:-1","max-image-preview":"max-image-preview:large","max-video-preview":"max-video-preview:-1"},"canonical":"https:\/\/cleitonpinheiro.com.br\/site\/brasil-completa-duas-semanas-sem-novos-casos-de-sarampo\/","og_locale":"pt_BR","og_type":"article","og_title":"Brasil completa duas semanas sem novos casos de sarampo - PORTAL DE NOT\u00cdCIAS CLEITON PINHEIRO","og_description":"Com o refor\u00e7o das a\u00e7\u00f5es de bloqueio contra o\u00a0sarampo\u00a0no Brasil, o Minist\u00e9rio da Sa\u00fade, em parceria com as equipes estaduais e municipais de sa\u00fade, tem avan\u00e7ado no controle dos casos importados \u2014 aqueles em que a infec\u00e7\u00e3o ocorreu fora do pa\u00eds. Em Campos Lindos (TO), munic\u00edpio que registra o maior n\u00famero de casos, com 18 [&hellip;]","og_url":"https:\/\/cleitonpinheiro.com.br\/site\/brasil-completa-duas-semanas-sem-novos-casos-de-sarampo\/","og_site_name":"PORTAL DE NOT\u00cdCIAS CLEITON PINHEIRO","article_publisher":"https:\/\/www.facebook.com\/portalcpnoticias\/","article_published_time":"2025-08-22T14:29:29+00:00","article_modified_time":"2025-08-25T14:30:14+00:00","og_image":[{"width":768,"height":354,"url":"https:\/\/cleitonpinheiro.com.br\/site\/wp-content\/uploads\/2025\/08\/9f696a05-e036-45c2-900c-8ccf7297c7e6.jpeg","type":"image\/jpeg"}],"author":"Reda\u00e7\u00e3o CP","twitter_card":"summary_large_image","twitter_misc":{"Escrito por":"Reda\u00e7\u00e3o CP","Est. tempo de leitura":"5 minutos"},"schema":{"@context":"https:\/\/schema.org","@graph":[{"@type":"Article","@id":"https:\/\/cleitonpinheiro.com.br\/site\/brasil-completa-duas-semanas-sem-novos-casos-de-sarampo\/#article","isPartOf":{"@id":"https:\/\/cleitonpinheiro.com.br\/site\/brasil-completa-duas-semanas-sem-novos-casos-de-sarampo\/"},"author":{"name":"Reda\u00e7\u00e3o CP","@id":"https:\/\/cleitonpinheiro.com.br\/site\/#\/schema\/person\/8f04544e0bc40a1b68775b08360f87db"},"headline":"Brasil completa duas semanas sem novos casos de sarampo","datePublished":"2025-08-22T14:29:29+00:00","dateModified":"2025-08-25T14:30:14+00:00","mainEntityOfPage":{"@id":"https:\/\/cleitonpinheiro.com.br\/site\/brasil-completa-duas-semanas-sem-novos-casos-de-sarampo\/"},"wordCount":761,"commentCount":0,"publisher":{"@id":"https:\/\/cleitonpinheiro.com.br\/site\/#organization"},"image":{"@id":"https:\/\/cleitonpinheiro.com.br\/site\/brasil-completa-duas-semanas-sem-novos-casos-de-sarampo\/#primaryimage"},"thumbnailUrl":"https:\/\/cleitonpinheiro.com.br\/site\/wp-content\/uploads\/2025\/08\/9f696a05-e036-45c2-900c-8ccf7297c7e6.jpeg","articleSection":["BRASIL \/ MUNDO","NOT\u00cdCIAS EM DESTAQUE","TODAS NOTICIAS"],"inLanguage":"pt-BR","potentialAction":[{"@type":"CommentAction","name":"Comment","target":["https:\/\/cleitonpinheiro.com.br\/site\/brasil-completa-duas-semanas-sem-novos-casos-de-sarampo\/#respond"]}]},{"@type":"WebPage","@id":"https:\/\/cleitonpinheiro.com.br\/site\/brasil-completa-duas-semanas-sem-novos-casos-de-sarampo\/","url":"https:\/\/cleitonpinheiro.com.br\/site\/brasil-completa-duas-semanas-sem-novos-casos-de-sarampo\/","name":"Brasil completa duas semanas sem novos casos de sarampo - PORTAL DE NOT\u00cdCIAS CLEITON PINHEIRO","isPartOf":{"@id":"https:\/\/cleitonpinheiro.com.br\/site\/#website"},"primaryImageOfPage":{"@id":"https:\/\/cleitonpinheiro.com.br\/site\/brasil-completa-duas-semanas-sem-novos-casos-de-sarampo\/#primaryimage"},"image":{"@id":"https:\/\/cleitonpinheiro.com.br\/site\/brasil-completa-duas-semanas-sem-novos-casos-de-sarampo\/#primaryimage"},"thumbnailUrl":"https:\/\/cleitonpinheiro.com.br\/site\/wp-content\/uploads\/2025\/08\/9f696a05-e036-45c2-900c-8ccf7297c7e6.jpeg","datePublished":"2025-08-22T14:29:29+00:00","dateModified":"2025-08-25T14:30:14+00:00","breadcrumb":{"@id":"https:\/\/cleitonpinheiro.com.br\/site\/brasil-completa-duas-semanas-sem-novos-casos-de-sarampo\/#breadcrumb"},"inLanguage":"pt-BR","potentialAction":[{"@type":"ReadAction","target":["https:\/\/cleitonpinheiro.com.br\/site\/brasil-completa-duas-semanas-sem-novos-casos-de-sarampo\/"]}]},{"@type":"ImageObject","inLanguage":"pt-BR","@id":"https:\/\/cleitonpinheiro.com.br\/site\/brasil-completa-duas-semanas-sem-novos-casos-de-sarampo\/#primaryimage","url":"https:\/\/cleitonpinheiro.com.br\/site\/wp-content\/uploads\/2025\/08\/9f696a05-e036-45c2-900c-8ccf7297c7e6.jpeg","contentUrl":"https:\/\/cleitonpinheiro.com.br\/site\/wp-content\/uploads\/2025\/08\/9f696a05-e036-45c2-900c-8ccf7297c7e6.jpeg","width":768,"height":354,"caption":"Foto: Jer\u00f4nimo Gonzalez\/MS"},{"@type":"BreadcrumbList","@id":"https:\/\/cleitonpinheiro.com.br\/site\/brasil-completa-duas-semanas-sem-novos-casos-de-sarampo\/#breadcrumb","itemListElement":[{"@type":"ListItem","position":1,"name":"In\u00edcio","item":"https:\/\/cleitonpinheiro.com.br\/site\/"},{"@type":"ListItem","position":2,"name":"Brasil completa duas semanas sem novos casos de sarampo"}]},{"@type":"WebSite","@id":"https:\/\/cleitonpinheiro.com.br\/site\/#website","url":"https:\/\/cleitonpinheiro.com.br\/site\/","name":"PORTAL DE NOT\u00cdCIAS CLEITON PINHEIRO","description":"FALANDO A VERDADE","publisher":{"@id":"https:\/\/cleitonpinheiro.com.br\/site\/#organization"},"potentialAction":[{"@type":"SearchAction","target":{"@type":"EntryPoint","urlTemplate":"https:\/\/cleitonpinheiro.com.br\/site\/?s={search_term_string}"},"query-input":{"@type":"PropertyValueSpecification","valueRequired":true,"valueName":"search_term_string"}}],"inLanguage":"pt-BR"},{"@type":"Organization","@id":"https:\/\/cleitonpinheiro.com.br\/site\/#organization","name":"CPNOT\u00cdCIAS","url":"https:\/\/cleitonpinheiro.com.br\/site\/","logo":{"@type":"ImageObject","inLanguage":"pt-BR","@id":"https:\/\/cleitonpinheiro.com.br\/site\/#\/schema\/logo\/image\/","url":"https:\/\/cleitonpinheiro.com.br\/site\/wp-content\/uploads\/2022\/08\/Logo-pequena-2.png","contentUrl":"https:\/\/cleitonpinheiro.com.br\/site\/wp-content\/uploads\/2022\/08\/Logo-pequena-2.png","width":500,"height":500,"caption":"CPNOT\u00cdCIAS"},"image":{"@id":"https:\/\/cleitonpinheiro.com.br\/site\/#\/schema\/logo\/image\/"},"sameAs":["https:\/\/www.facebook.com\/portalcpnoticias\/"]},{"@type":"Person","@id":"https:\/\/cleitonpinheiro.com.br\/site\/#\/schema\/person\/8f04544e0bc40a1b68775b08360f87db","name":"Reda\u00e7\u00e3o CP","image":{"@type":"ImageObject","inLanguage":"pt-BR","@id":"https:\/\/cleitonpinheiro.com.br\/site\/#\/schema\/person\/image\/","url":"https:\/\/secure.gravatar.com\/avatar\/0bcf19cb29fdc8fc588c490c7ae1b3e174dac268586a63fbe1d1893a0f9020cd?s=96&r=g","contentUrl":"https:\/\/secure.gravatar.com\/avatar\/0bcf19cb29fdc8fc588c490c7ae1b3e174dac268586a63fbe1d1893a0f9020cd?s=96&r=g","caption":"Reda\u00e7\u00e3o CP"},"url":"https:\/\/cleitonpinheiro.com.br\/site\/author\/redacao\/"}]}},"views":84,"_links":{"self":[{"href":"https:\/\/cleitonpinheiro.com.br\/site\/wp-json\/wp\/v2\/posts\/86675","targetHints":{"allow":["GET"]}}],"collection":[{"href":"https:\/\/cleitonpinheiro.com.br\/site\/wp-json\/wp\/v2\/posts"}],"about":[{"href":"https:\/\/cleitonpinheiro.com.br\/site\/wp-json\/wp\/v2\/types\/post"}],"author":[{"embeddable":true,"href":"https:\/\/cleitonpinheiro.com.br\/site\/wp-json\/wp\/v2\/users\/13"}],"replies":[{"embeddable":true,"href":"https:\/\/cleitonpinheiro.com.br\/site\/wp-json\/wp\/v2\/comments?post=86675"}],"version-history":[{"count":1,"href":"https:\/\/cleitonpinheiro.com.br\/site\/wp-json\/wp\/v2\/posts\/86675\/revisions"}],"predecessor-version":[{"id":86677,"href":"https:\/\/cleitonpinheiro.com.br\/site\/wp-json\/wp\/v2\/posts\/86675\/revisions\/86677"}],"wp:featuredmedia":[{"embeddable":true,"href":"https:\/\/cleitonpinheiro.com.br\/site\/wp-json\/wp\/v2\/media\/86676"}],"wp:attachment":[{"href":"https:\/\/cleitonpinheiro.com.br\/site\/wp-json\/wp\/v2\/media?parent=86675"}],"wp:term":[{"taxonomy":"category","embeddable":true,"href":"https:\/\/cleitonpinheiro.com.br\/site\/wp-json\/wp\/v2\/categories?post=86675"},{"taxonomy":"post_tag","embeddable":true,"href":"https:\/\/cleitonpinheiro.com.br\/site\/wp-json\/wp\/v2\/tags?post=86675"}],"curies":[{"name":"wp","href":"https:\/\/api.w.org\/{rel}","templated":true}]}}