{"id":86686,"date":"2025-08-27T11:31:53","date_gmt":"2025-08-27T14:31:53","guid":{"rendered":"https:\/\/cleitonpinheiro.com.br\/site\/?p=86686"},"modified":"2025-08-30T12:52:02","modified_gmt":"2025-08-30T15:52:02","slug":"desvios-de-emendas-stf-marca-para-quinta-interrogatorio-de-deputados","status":"publish","type":"post","link":"https:\/\/cleitonpinheiro.com.br\/site\/desvios-de-emendas-stf-marca-para-quinta-interrogatorio-de-deputados\/","title":{"rendered":"Desvios de emendas: STF marca para quinta interrogat\u00f3rio de deputados"},"content":{"rendered":"\n<figure class=\"wp-block-image size-large\"><img decoding=\"async\" src=\"https:\/\/cleitonpinheiro.com.br\/site\/wp-content\/uploads\/2024\/10\/stf_1908200967-1024x613.webp\" alt=\"\" class=\"wp-image-81969\"\/><\/figure>\n\n\n\n<p>O ministro Cristiano Zanin, do Supremo Tribunal Federal (STF), marcou para quinta-feira (28) o interrogat\u00f3rio dos deputados do PL que se tornaram r\u00e9us pelos crimes de corrup\u00e7\u00e3o passiva e organiza\u00e7\u00e3o criminosa, em caso ligado ao desvio de emendas parlamentares.<\/p>\n\n\n\n<p>O interrogat\u00f3rio ser\u00e1 realizado \u00e0s 9h, na sala de audi\u00eancias da Primeira Turma do STF. Devem comparecer os deputados Josimar Maranh\u00e3ozinho (PL-MA) e Pastor Gil (PL-MA), al\u00e9m do suplente Bosco Costa (PL-SE).<\/p>\n\n\n\n<p>Em abril, a Primeira Turma aceitou den\u00fancia apresentada pela Procuradoria-Geral da Rep\u00fablica (PGR) contra os tr\u00eas deputados por cobrarem propina para a libera\u00e7\u00e3o de emendas parlamentares.<\/p>\n\n\n\n<p>De acordo com a PGR, entre janeiro e agosto de 2020, os acusados solicitaram vantagem indevida de R$ 1,6 milh\u00e3o para libera\u00e7\u00e3o de R$ 6,6 milh\u00f5es em emendas para o munic\u00edpio maranhense de S\u00e3o Jos\u00e9 de Ribamar. Entre as provas, est\u00e3o mensagens obtidas pela Pol\u00edcia Federal (PF).<\/p>\n\n\n\n<p>O caso se originou a partir de den\u00fancia feita pelo prefeito Eudes Ribeiro. Ele contou ter sido amea\u00e7ado, em janeiro de 2020, a fazer parte do esquema, al\u00e9m de ser alvo de uma campanha de difama\u00e7\u00e3o.<\/p>\n\n\n\n<blockquote class=\"wp-block-quote is-layout-flow wp-block-quote-is-layout-flow\">\n<blockquote class=\"wp-block-quote is-layout-flow wp-block-quote-is-layout-flow\">\n<p><a href=\"https:\/\/agenciabrasil.ebc.com.br\/politica\/noticia\/2025-03\/congresso-aprova-novas-regras-para-pagamento-de-emendas-parlamentares\">Congresso aprova novas regras para pagamento de emendas parlamentares<\/a><\/p>\n<\/blockquote>\n<\/blockquote>\n\n\n\n<p><strong>Entenda<br><\/strong>O caso \u00e9 o mais avan\u00e7ado de dezenas de inqu\u00e9ritos, sob diferentes relatorias, que foram abertos no Supremo nos \u00faltimos anos a pedido da PGR, todos relacionados a suspeitas de desvios na aplica\u00e7\u00e3o sem transpar\u00eancia de recursos p\u00fablicos por meio de emendas parlamentares, no que ficou conhecido como \u201cor\u00e7amento secreto\u201d.<\/p>\n\n\n\n<p>Desde 2022, o STF tem atuado para disciplinar a libera\u00e7\u00e3o de emendas parlamentares, diante do aumento de transfer\u00eancias que n\u00e3o permitiam identificar o congressista que fez a indica\u00e7\u00e3o nem o benefici\u00e1rio final dos recursos.<\/p>\n\n\n\n<p>Desde ent\u00e3o, uma s\u00e9rie de regras foram determinadas para a libera\u00e7\u00e3o dos recursos p\u00fablicos. Nesta segunda-feira (25), por exemplo, o ministro Fl\u00e1vio Dino, relator do tema no Supremo, mandou a PF investigar 964 emendas parlamentares, aprovadas entre 2020 e 2024, que n\u00e3o tiveram plano de trabalho cadastrado no sistema oficial do governo.<\/p>\n\n\n\n<p><strong>Defesas<br><\/strong>Na ocasi\u00e3o do julgamento sobre o recebimento da den\u00fancia, a defesa do deputado Josimar Maranh\u00e3ozinho declarou ao STF que as acusa\u00e7\u00f5es da PGR contra o parlamentar se &#8220;mostram fr\u00e1geis e desfundamentadas&#8221;.<\/p>\n\n\n\n<p>Os advogados de Bosco Costa defenderam a rejei\u00e7\u00e3o da den\u00fancia por falta de provas. A defesa afirmou ao Supremo que a acusa\u00e7\u00e3o est\u00e1 baseada em &#8220;di\u00e1logos de terceiros e anota\u00e7\u00f5es manuscritas desconhecidas de Bosco&#8221;.<\/p>\n\n\n\n<p>A defesa de Pastor Gil defendeu a ilegalidade das provas obtidas na investiga\u00e7\u00e3o por entender que o caso deveria ter iniciado no STF, e n\u00e3o na Justi\u00e7a Federal no Maranh\u00e3o, como ocorreu. Os advogados tamb\u00e9m acrescentaram que a den\u00fancia \u00e9 baseada em &#8220;hip\u00f3teses e conjecturas&#8221;.<\/p>\n\n\n\n<p><\/p>\n","protected":false},"excerpt":{"rendered":"<p>O ministro Cristiano Zanin, do Supremo Tribunal Federal (STF), marcou para quinta-feira (28) o interrogat\u00f3rio dos deputados do PL que se tornaram r\u00e9us pelos crimes de corrup\u00e7\u00e3o passiva e organiza\u00e7\u00e3o criminosa, em caso ligado ao desvio de emendas parlamentares. O interrogat\u00f3rio ser\u00e1 realizado \u00e0s 9h, na sala de audi\u00eancias da Primeira Turma do STF. Devem [&hellip;]<\/p>\n","protected":false},"author":13,"featured_media":0,"comment_status":"open","ping_status":"open","sticky":false,"template":"","format":"standard","meta":{"_acf_changed":false,"footnotes":""},"categories":[898,23,21],"tags":[],"class_list":["post-86686","post","type-post","status-publish","format-standard","hentry","category-manchete-segundaria","category-politica","category-todas-noticias"],"acf":[],"yoast_head":"<!-- This site is optimized with the Yoast SEO plugin v24.4 - https:\/\/yoast.com\/wordpress\/plugins\/seo\/ -->\n<title>Desvios de emendas: STF marca para quinta interrogat\u00f3rio de deputados - PORTAL DE NOT\u00cdCIAS CLEITON PINHEIRO<\/title>\n<meta name=\"robots\" content=\"index, follow, max-snippet:-1, max-image-preview:large, max-video-preview:-1\" \/>\n<link rel=\"canonical\" href=\"https:\/\/cleitonpinheiro.com.br\/site\/desvios-de-emendas-stf-marca-para-quinta-interrogatorio-de-deputados\/\" \/>\n<meta property=\"og:locale\" content=\"pt_BR\" \/>\n<meta property=\"og:type\" content=\"article\" \/>\n<meta property=\"og:title\" content=\"Desvios de emendas: STF marca para quinta interrogat\u00f3rio de deputados - PORTAL DE NOT\u00cdCIAS CLEITON PINHEIRO\" \/>\n<meta property=\"og:description\" content=\"O ministro Cristiano Zanin, do Supremo Tribunal Federal (STF), marcou para quinta-feira (28) o interrogat\u00f3rio dos deputados do PL que se tornaram r\u00e9us pelos crimes de corrup\u00e7\u00e3o passiva e organiza\u00e7\u00e3o criminosa, em caso ligado ao desvio de emendas parlamentares. O interrogat\u00f3rio ser\u00e1 realizado \u00e0s 9h, na sala de audi\u00eancias da Primeira Turma do STF. Devem [&hellip;]\" \/>\n<meta property=\"og:url\" content=\"https:\/\/cleitonpinheiro.com.br\/site\/desvios-de-emendas-stf-marca-para-quinta-interrogatorio-de-deputados\/\" \/>\n<meta property=\"og:site_name\" content=\"PORTAL DE NOT\u00cdCIAS CLEITON PINHEIRO\" \/>\n<meta property=\"article:publisher\" content=\"https:\/\/www.facebook.com\/portalcpnoticias\/\" \/>\n<meta property=\"article:published_time\" content=\"2025-08-27T14:31:53+00:00\" \/>\n<meta property=\"article:modified_time\" content=\"2025-08-30T15:52:02+00:00\" \/>\n<meta name=\"author\" content=\"Reda\u00e7\u00e3o CP\" \/>\n<meta name=\"twitter:card\" content=\"summary_large_image\" \/>\n<meta name=\"twitter:label1\" content=\"Escrito por\" \/>\n\t<meta name=\"twitter:data1\" content=\"Reda\u00e7\u00e3o CP\" \/>\n\t<meta name=\"twitter:label2\" content=\"Est. tempo de leitura\" \/>\n\t<meta name=\"twitter:data2\" content=\"3 minutos\" \/>\n<script type=\"application\/ld+json\" class=\"yoast-schema-graph\">{\"@context\":\"https:\/\/schema.org\",\"@graph\":[{\"@type\":\"Article\",\"@id\":\"https:\/\/cleitonpinheiro.com.br\/site\/desvios-de-emendas-stf-marca-para-quinta-interrogatorio-de-deputados\/#article\",\"isPartOf\":{\"@id\":\"https:\/\/cleitonpinheiro.com.br\/site\/desvios-de-emendas-stf-marca-para-quinta-interrogatorio-de-deputados\/\"},\"author\":{\"name\":\"Reda\u00e7\u00e3o CP\",\"@id\":\"https:\/\/cleitonpinheiro.com.br\/site\/#\/schema\/person\/8f04544e0bc40a1b68775b08360f87db\"},\"headline\":\"Desvios de emendas: STF marca para quinta interrogat\u00f3rio de deputados\",\"datePublished\":\"2025-08-27T14:31:53+00:00\",\"dateModified\":\"2025-08-30T15:52:02+00:00\",\"mainEntityOfPage\":{\"@id\":\"https:\/\/cleitonpinheiro.com.br\/site\/desvios-de-emendas-stf-marca-para-quinta-interrogatorio-de-deputados\/\"},\"wordCount\":493,\"commentCount\":0,\"publisher\":{\"@id\":\"https:\/\/cleitonpinheiro.com.br\/site\/#organization\"},\"image\":{\"@id\":\"https:\/\/cleitonpinheiro.com.br\/site\/desvios-de-emendas-stf-marca-para-quinta-interrogatorio-de-deputados\/#primaryimage\"},\"thumbnailUrl\":\"https:\/\/cleitonpinheiro.com.br\/site\/wp-content\/uploads\/2024\/10\/stf_1908200967-1024x613.webp\",\"articleSection\":[\"MANCHETE SEGUND\u00c1RIA\",\"POL\u00cdTICA\",\"TODAS NOTICIAS\"],\"inLanguage\":\"pt-BR\",\"potentialAction\":[{\"@type\":\"CommentAction\",\"name\":\"Comment\",\"target\":[\"https:\/\/cleitonpinheiro.com.br\/site\/desvios-de-emendas-stf-marca-para-quinta-interrogatorio-de-deputados\/#respond\"]}]},{\"@type\":\"WebPage\",\"@id\":\"https:\/\/cleitonpinheiro.com.br\/site\/desvios-de-emendas-stf-marca-para-quinta-interrogatorio-de-deputados\/\",\"url\":\"https:\/\/cleitonpinheiro.com.br\/site\/desvios-de-emendas-stf-marca-para-quinta-interrogatorio-de-deputados\/\",\"name\":\"Desvios de emendas: STF marca para quinta interrogat\u00f3rio de deputados - PORTAL DE NOT\u00cdCIAS CLEITON PINHEIRO\",\"isPartOf\":{\"@id\":\"https:\/\/cleitonpinheiro.com.br\/site\/#website\"},\"primaryImageOfPage\":{\"@id\":\"https:\/\/cleitonpinheiro.com.br\/site\/desvios-de-emendas-stf-marca-para-quinta-interrogatorio-de-deputados\/#primaryimage\"},\"image\":{\"@id\":\"https:\/\/cleitonpinheiro.com.br\/site\/desvios-de-emendas-stf-marca-para-quinta-interrogatorio-de-deputados\/#primaryimage\"},\"thumbnailUrl\":\"https:\/\/cleitonpinheiro.com.br\/site\/wp-content\/uploads\/2024\/10\/stf_1908200967-1024x613.webp\",\"datePublished\":\"2025-08-27T14:31:53+00:00\",\"dateModified\":\"2025-08-30T15:52:02+00:00\",\"breadcrumb\":{\"@id\":\"https:\/\/cleitonpinheiro.com.br\/site\/desvios-de-emendas-stf-marca-para-quinta-interrogatorio-de-deputados\/#breadcrumb\"},\"inLanguage\":\"pt-BR\",\"potentialAction\":[{\"@type\":\"ReadAction\",\"target\":[\"https:\/\/cleitonpinheiro.com.br\/site\/desvios-de-emendas-stf-marca-para-quinta-interrogatorio-de-deputados\/\"]}]},{\"@type\":\"ImageObject\",\"inLanguage\":\"pt-BR\",\"@id\":\"https:\/\/cleitonpinheiro.com.br\/site\/desvios-de-emendas-stf-marca-para-quinta-interrogatorio-de-deputados\/#primaryimage\",\"url\":\"\",\"contentUrl\":\"\"},{\"@type\":\"BreadcrumbList\",\"@id\":\"https:\/\/cleitonpinheiro.com.br\/site\/desvios-de-emendas-stf-marca-para-quinta-interrogatorio-de-deputados\/#breadcrumb\",\"itemListElement\":[{\"@type\":\"ListItem\",\"position\":1,\"name\":\"In\u00edcio\",\"item\":\"https:\/\/cleitonpinheiro.com.br\/site\/\"},{\"@type\":\"ListItem\",\"position\":2,\"name\":\"Desvios de emendas: STF marca para quinta interrogat\u00f3rio de deputados\"}]},{\"@type\":\"WebSite\",\"@id\":\"https:\/\/cleitonpinheiro.com.br\/site\/#website\",\"url\":\"https:\/\/cleitonpinheiro.com.br\/site\/\",\"name\":\"PORTAL DE NOT\u00cdCIAS CLEITON PINHEIRO\",\"description\":\"FALANDO A VERDADE\",\"publisher\":{\"@id\":\"https:\/\/cleitonpinheiro.com.br\/site\/#organization\"},\"potentialAction\":[{\"@type\":\"SearchAction\",\"target\":{\"@type\":\"EntryPoint\",\"urlTemplate\":\"https:\/\/cleitonpinheiro.com.br\/site\/?s={search_term_string}\"},\"query-input\":{\"@type\":\"PropertyValueSpecification\",\"valueRequired\":true,\"valueName\":\"search_term_string\"}}],\"inLanguage\":\"pt-BR\"},{\"@type\":\"Organization\",\"@id\":\"https:\/\/cleitonpinheiro.com.br\/site\/#organization\",\"name\":\"CPNOT\u00cdCIAS\",\"url\":\"https:\/\/cleitonpinheiro.com.br\/site\/\",\"logo\":{\"@type\":\"ImageObject\",\"inLanguage\":\"pt-BR\",\"@id\":\"https:\/\/cleitonpinheiro.com.br\/site\/#\/schema\/logo\/image\/\",\"url\":\"https:\/\/cleitonpinheiro.com.br\/site\/wp-content\/uploads\/2022\/08\/Logo-pequena-2.png\",\"contentUrl\":\"https:\/\/cleitonpinheiro.com.br\/site\/wp-content\/uploads\/2022\/08\/Logo-pequena-2.png\",\"width\":500,\"height\":500,\"caption\":\"CPNOT\u00cdCIAS\"},\"image\":{\"@id\":\"https:\/\/cleitonpinheiro.com.br\/site\/#\/schema\/logo\/image\/\"},\"sameAs\":[\"https:\/\/www.facebook.com\/portalcpnoticias\/\"]},{\"@type\":\"Person\",\"@id\":\"https:\/\/cleitonpinheiro.com.br\/site\/#\/schema\/person\/8f04544e0bc40a1b68775b08360f87db\",\"name\":\"Reda\u00e7\u00e3o CP\",\"image\":{\"@type\":\"ImageObject\",\"inLanguage\":\"pt-BR\",\"@id\":\"https:\/\/cleitonpinheiro.com.br\/site\/#\/schema\/person\/image\/\",\"url\":\"https:\/\/secure.gravatar.com\/avatar\/0bcf19cb29fdc8fc588c490c7ae1b3e174dac268586a63fbe1d1893a0f9020cd?s=96&r=g\",\"contentUrl\":\"https:\/\/secure.gravatar.com\/avatar\/0bcf19cb29fdc8fc588c490c7ae1b3e174dac268586a63fbe1d1893a0f9020cd?s=96&r=g\",\"caption\":\"Reda\u00e7\u00e3o CP\"},\"url\":\"https:\/\/cleitonpinheiro.com.br\/site\/author\/redacao\/\"}]}<\/script>\n<!-- \/ Yoast SEO plugin. -->","yoast_head_json":{"title":"Desvios de emendas: STF marca para quinta interrogat\u00f3rio de deputados - PORTAL DE NOT\u00cdCIAS CLEITON PINHEIRO","robots":{"index":"index","follow":"follow","max-snippet":"max-snippet:-1","max-image-preview":"max-image-preview:large","max-video-preview":"max-video-preview:-1"},"canonical":"https:\/\/cleitonpinheiro.com.br\/site\/desvios-de-emendas-stf-marca-para-quinta-interrogatorio-de-deputados\/","og_locale":"pt_BR","og_type":"article","og_title":"Desvios de emendas: STF marca para quinta interrogat\u00f3rio de deputados - PORTAL DE NOT\u00cdCIAS CLEITON PINHEIRO","og_description":"O ministro Cristiano Zanin, do Supremo Tribunal Federal (STF), marcou para quinta-feira (28) o interrogat\u00f3rio dos deputados do PL que se tornaram r\u00e9us pelos crimes de corrup\u00e7\u00e3o passiva e organiza\u00e7\u00e3o criminosa, em caso ligado ao desvio de emendas parlamentares. O interrogat\u00f3rio ser\u00e1 realizado \u00e0s 9h, na sala de audi\u00eancias da Primeira Turma do STF. Devem [&hellip;]","og_url":"https:\/\/cleitonpinheiro.com.br\/site\/desvios-de-emendas-stf-marca-para-quinta-interrogatorio-de-deputados\/","og_site_name":"PORTAL DE NOT\u00cdCIAS CLEITON PINHEIRO","article_publisher":"https:\/\/www.facebook.com\/portalcpnoticias\/","article_published_time":"2025-08-27T14:31:53+00:00","article_modified_time":"2025-08-30T15:52:02+00:00","author":"Reda\u00e7\u00e3o CP","twitter_card":"summary_large_image","twitter_misc":{"Escrito por":"Reda\u00e7\u00e3o CP","Est. tempo de leitura":"3 minutos"},"schema":{"@context":"https:\/\/schema.org","@graph":[{"@type":"Article","@id":"https:\/\/cleitonpinheiro.com.br\/site\/desvios-de-emendas-stf-marca-para-quinta-interrogatorio-de-deputados\/#article","isPartOf":{"@id":"https:\/\/cleitonpinheiro.com.br\/site\/desvios-de-emendas-stf-marca-para-quinta-interrogatorio-de-deputados\/"},"author":{"name":"Reda\u00e7\u00e3o CP","@id":"https:\/\/cleitonpinheiro.com.br\/site\/#\/schema\/person\/8f04544e0bc40a1b68775b08360f87db"},"headline":"Desvios de emendas: STF marca para quinta interrogat\u00f3rio de deputados","datePublished":"2025-08-27T14:31:53+00:00","dateModified":"2025-08-30T15:52:02+00:00","mainEntityOfPage":{"@id":"https:\/\/cleitonpinheiro.com.br\/site\/desvios-de-emendas-stf-marca-para-quinta-interrogatorio-de-deputados\/"},"wordCount":493,"commentCount":0,"publisher":{"@id":"https:\/\/cleitonpinheiro.com.br\/site\/#organization"},"image":{"@id":"https:\/\/cleitonpinheiro.com.br\/site\/desvios-de-emendas-stf-marca-para-quinta-interrogatorio-de-deputados\/#primaryimage"},"thumbnailUrl":"https:\/\/cleitonpinheiro.com.br\/site\/wp-content\/uploads\/2024\/10\/stf_1908200967-1024x613.webp","articleSection":["MANCHETE SEGUND\u00c1RIA","POL\u00cdTICA","TODAS NOTICIAS"],"inLanguage":"pt-BR","potentialAction":[{"@type":"CommentAction","name":"Comment","target":["https:\/\/cleitonpinheiro.com.br\/site\/desvios-de-emendas-stf-marca-para-quinta-interrogatorio-de-deputados\/#respond"]}]},{"@type":"WebPage","@id":"https:\/\/cleitonpinheiro.com.br\/site\/desvios-de-emendas-stf-marca-para-quinta-interrogatorio-de-deputados\/","url":"https:\/\/cleitonpinheiro.com.br\/site\/desvios-de-emendas-stf-marca-para-quinta-interrogatorio-de-deputados\/","name":"Desvios de emendas: STF marca para quinta interrogat\u00f3rio de deputados - PORTAL DE NOT\u00cdCIAS CLEITON PINHEIRO","isPartOf":{"@id":"https:\/\/cleitonpinheiro.com.br\/site\/#website"},"primaryImageOfPage":{"@id":"https:\/\/cleitonpinheiro.com.br\/site\/desvios-de-emendas-stf-marca-para-quinta-interrogatorio-de-deputados\/#primaryimage"},"image":{"@id":"https:\/\/cleitonpinheiro.com.br\/site\/desvios-de-emendas-stf-marca-para-quinta-interrogatorio-de-deputados\/#primaryimage"},"thumbnailUrl":"https:\/\/cleitonpinheiro.com.br\/site\/wp-content\/uploads\/2024\/10\/stf_1908200967-1024x613.webp","datePublished":"2025-08-27T14:31:53+00:00","dateModified":"2025-08-30T15:52:02+00:00","breadcrumb":{"@id":"https:\/\/cleitonpinheiro.com.br\/site\/desvios-de-emendas-stf-marca-para-quinta-interrogatorio-de-deputados\/#breadcrumb"},"inLanguage":"pt-BR","potentialAction":[{"@type":"ReadAction","target":["https:\/\/cleitonpinheiro.com.br\/site\/desvios-de-emendas-stf-marca-para-quinta-interrogatorio-de-deputados\/"]}]},{"@type":"ImageObject","inLanguage":"pt-BR","@id":"https:\/\/cleitonpinheiro.com.br\/site\/desvios-de-emendas-stf-marca-para-quinta-interrogatorio-de-deputados\/#primaryimage","url":"","contentUrl":""},{"@type":"BreadcrumbList","@id":"https:\/\/cleitonpinheiro.com.br\/site\/desvios-de-emendas-stf-marca-para-quinta-interrogatorio-de-deputados\/#breadcrumb","itemListElement":[{"@type":"ListItem","position":1,"name":"In\u00edcio","item":"https:\/\/cleitonpinheiro.com.br\/site\/"},{"@type":"ListItem","position":2,"name":"Desvios de emendas: STF marca para quinta interrogat\u00f3rio de deputados"}]},{"@type":"WebSite","@id":"https:\/\/cleitonpinheiro.com.br\/site\/#website","url":"https:\/\/cleitonpinheiro.com.br\/site\/","name":"PORTAL DE NOT\u00cdCIAS CLEITON PINHEIRO","description":"FALANDO A VERDADE","publisher":{"@id":"https:\/\/cleitonpinheiro.com.br\/site\/#organization"},"potentialAction":[{"@type":"SearchAction","target":{"@type":"EntryPoint","urlTemplate":"https:\/\/cleitonpinheiro.com.br\/site\/?s={search_term_string}"},"query-input":{"@type":"PropertyValueSpecification","valueRequired":true,"valueName":"search_term_string"}}],"inLanguage":"pt-BR"},{"@type":"Organization","@id":"https:\/\/cleitonpinheiro.com.br\/site\/#organization","name":"CPNOT\u00cdCIAS","url":"https:\/\/cleitonpinheiro.com.br\/site\/","logo":{"@type":"ImageObject","inLanguage":"pt-BR","@id":"https:\/\/cleitonpinheiro.com.br\/site\/#\/schema\/logo\/image\/","url":"https:\/\/cleitonpinheiro.com.br\/site\/wp-content\/uploads\/2022\/08\/Logo-pequena-2.png","contentUrl":"https:\/\/cleitonpinheiro.com.br\/site\/wp-content\/uploads\/2022\/08\/Logo-pequena-2.png","width":500,"height":500,"caption":"CPNOT\u00cdCIAS"},"image":{"@id":"https:\/\/cleitonpinheiro.com.br\/site\/#\/schema\/logo\/image\/"},"sameAs":["https:\/\/www.facebook.com\/portalcpnoticias\/"]},{"@type":"Person","@id":"https:\/\/cleitonpinheiro.com.br\/site\/#\/schema\/person\/8f04544e0bc40a1b68775b08360f87db","name":"Reda\u00e7\u00e3o CP","image":{"@type":"ImageObject","inLanguage":"pt-BR","@id":"https:\/\/cleitonpinheiro.com.br\/site\/#\/schema\/person\/image\/","url":"https:\/\/secure.gravatar.com\/avatar\/0bcf19cb29fdc8fc588c490c7ae1b3e174dac268586a63fbe1d1893a0f9020cd?s=96&r=g","contentUrl":"https:\/\/secure.gravatar.com\/avatar\/0bcf19cb29fdc8fc588c490c7ae1b3e174dac268586a63fbe1d1893a0f9020cd?s=96&r=g","caption":"Reda\u00e7\u00e3o CP"},"url":"https:\/\/cleitonpinheiro.com.br\/site\/author\/redacao\/"}]}},"views":110,"_links":{"self":[{"href":"https:\/\/cleitonpinheiro.com.br\/site\/wp-json\/wp\/v2\/posts\/86686","targetHints":{"allow":["GET"]}}],"collection":[{"href":"https:\/\/cleitonpinheiro.com.br\/site\/wp-json\/wp\/v2\/posts"}],"about":[{"href":"https:\/\/cleitonpinheiro.com.br\/site\/wp-json\/wp\/v2\/types\/post"}],"author":[{"embeddable":true,"href":"https:\/\/cleitonpinheiro.com.br\/site\/wp-json\/wp\/v2\/users\/13"}],"replies":[{"embeddable":true,"href":"https:\/\/cleitonpinheiro.com.br\/site\/wp-json\/wp\/v2\/comments?post=86686"}],"version-history":[{"count":1,"href":"https:\/\/cleitonpinheiro.com.br\/site\/wp-json\/wp\/v2\/posts\/86686\/revisions"}],"predecessor-version":[{"id":86687,"href":"https:\/\/cleitonpinheiro.com.br\/site\/wp-json\/wp\/v2\/posts\/86686\/revisions\/86687"}],"wp:attachment":[{"href":"https:\/\/cleitonpinheiro.com.br\/site\/wp-json\/wp\/v2\/media?parent=86686"}],"wp:term":[{"taxonomy":"category","embeddable":true,"href":"https:\/\/cleitonpinheiro.com.br\/site\/wp-json\/wp\/v2\/categories?post=86686"},{"taxonomy":"post_tag","embeddable":true,"href":"https:\/\/cleitonpinheiro.com.br\/site\/wp-json\/wp\/v2\/tags?post=86686"}],"curies":[{"name":"wp","href":"https:\/\/api.w.org\/{rel}","templated":true}]}}