{"id":86688,"date":"2025-08-27T13:00:10","date_gmt":"2025-08-27T16:00:10","guid":{"rendered":"https:\/\/cleitonpinheiro.com.br\/site\/?p=86688"},"modified":"2025-08-27T13:00:23","modified_gmt":"2025-08-27T16:00:23","slug":"cpmi-convida-ex-ministros-da-previdencia-e-ex-presidentes-do-inss","status":"publish","type":"post","link":"https:\/\/cleitonpinheiro.com.br\/site\/cpmi-convida-ex-ministros-da-previdencia-e-ex-presidentes-do-inss\/","title":{"rendered":"CPMI convida ex-ministros da Previd\u00eancia e ex-presidentes do INSS"},"content":{"rendered":"\n<figure class=\"wp-block-image size-large\"><img fetchpriority=\"high\" decoding=\"async\" width=\"1024\" height=\"613\" src=\"https:\/\/cleitonpinheiro.com.br\/site\/wp-content\/uploads\/2025\/08\/img_5138-1024x613.webp\" alt=\"\" class=\"wp-image-86689\" srcset=\"https:\/\/cleitonpinheiro.com.br\/site\/wp-content\/uploads\/2025\/08\/img_5138-1024x613.webp 1024w, https:\/\/cleitonpinheiro.com.br\/site\/wp-content\/uploads\/2025\/08\/img_5138-300x179.webp 300w, https:\/\/cleitonpinheiro.com.br\/site\/wp-content\/uploads\/2025\/08\/img_5138-768x459.webp 768w, https:\/\/cleitonpinheiro.com.br\/site\/wp-content\/uploads\/2025\/08\/img_5138.webp 1170w\" sizes=\"(max-width: 1024px) 100vw, 1024px\" \/><\/figure>\n\n\n\n<p>A oposi\u00e7\u00e3o e o governo entraram em acordo, nesta ter\u00e7a-feira (26), para aprovar o plano de trabalho da Comiss\u00e3o Parlamentar Mista de Inqu\u00e9rito (CPMI) das fraudes do INSS, que foram estimadas em R$ 6,3 bilh\u00f5es. Tamb\u00e9m por acordo, a comiss\u00e3o elegeu para vice-presidente o deputado Duarte Jr (PSB-MA).<\/p>\n\n\n\n<p>Aprovado em vota\u00e7\u00e3o simb\u00f3lica, o plano de trabalho fixou que a investiga\u00e7\u00e3o vai se limitar aos fatos ocorridos a partir de 2015, englobando o 2\u00ba governo de Dilma Rousseff; de Miguel Temer; de Jair Bolsonaro e do atual governo de Luiz In\u00e1cio Lula da Silva.<\/p>\n\n\n\n<p>A CPMI aprovou ainda, por acordo, requerimentos para convidar, ou convocar, para prestar esclarecimentos \u00e0 Comiss\u00e3o, por ordem cronol\u00f3gica desde 2015, todos os ex-ministros da Previd\u00eancia; ex-presidentes do INSS, diretores de benef\u00edcios; presidentes da Empresa de Tecnologia e Informa\u00e7\u00f5es da Previd\u00eancia (Dataprev); bem como todos os presidentes das entidades associativas acusadas dos desvios.<\/p>\n\n\n\n<p>Tamb\u00e9m foi aprovada a convoca\u00e7\u00e3o de Ant\u00f4nio Carlos Camilo Antunes, conhecido como \u201cCareca do INSS\u201d, e tamb\u00e9m do empres\u00e1rio Maur\u00edcio Camisotti, apontados pela Pol\u00edcia Federal como poss\u00edveis operadores do esquema de fraudes no INSS. A CPMI ainda aprovou pedido para ter acesso \u00e0 \u00edntegra das investiga\u00e7\u00f5es em curso.<\/p>\n\n\n\n<p>Ao todo, foram apresentados mais de 950 requerimentos com pedidos de informa\u00e7\u00e3o, convoca\u00e7\u00f5es, quebra de sigilos banc\u00e1rios e telef\u00f4nicos, entre outros. Desses, 34 foram aprovados em bloco por acordo entre governo e oposi\u00e7\u00e3o.<\/p>\n\n\n\n<p>Com isso, o primeiro a ser ouvido na pr\u00f3xima sess\u00e3o da CPMI na quinta-feira (28) \u00e9 o delegado da PF respons\u00e1vel pelo inqu\u00e9rito, Bruno Oliveira Pereira Bergamaschi.<\/p>\n\n\n\n<blockquote class=\"wp-block-quote is-layout-flow wp-block-quote-is-layout-flow\">\n<blockquote class=\"wp-block-quote is-layout-flow wp-block-quote-is-layout-flow\">\n<p>Siga o canal da Ag\u00eancia Brasil no WhatsApp<\/p>\n<\/blockquote>\n<\/blockquote>\n\n\n\n<p>O relator<br>O relator da CPMI, deputado Alfredo Gaspar (Uni\u00e3o-AL), justificou que, apesar de existirem not\u00edcias de fraudes desde 1994, \u00e9 necess\u00e1rio uma delimita\u00e7\u00e3o temporal que permita bons resultados na investiga\u00e7\u00e3o.<\/p>\n\n\n\n<p>\u201cA fixa\u00e7\u00e3o desse recorte temporal responde a princ\u00edpios constitucionais e processuais fundamentais, tais como a seguran\u00e7a jur\u00eddica, a proporcionalidade e a celeridade, uma vez que investiga\u00e7\u00f5es sem limite temporal geram incerteza jur\u00eddica\u201d, escreveu o relator.<\/p>\n\n\n\n<p>Apesar de ter maioria na CPMI, o governo deixou que a oposi\u00e7\u00e3o elegesse o presidente e o relator da comiss\u00e3o ao n\u00e3o comparecer em peso na sess\u00e3o passada.<\/p>\n\n\n\n<p>O relator Alfredo Gaspar reconheceu que \u00e9 de direita e tem \u201cconsidera\u00e7\u00e3o\u201d pelo ex-presidente Jair Bolsonaro.<\/p>\n\n\n\n<p>\u201cAqui n\u00e3o existe ningu\u00e9m imparcial no \u00e2mbito pol\u00edtico. Vamos deixar isso bem claro. O que n\u00f3s vamos medir \u00e9 se as nossas prefer\u00eancias pol\u00edticas, se as nossas diverg\u00eancias ideol\u00f3gicas ir\u00e3o atrapalhar no que interessa: a busca da verdade, diante dos fatos e dos documentos\u201d, defendeu o parlamentar<\/p>\n\n\n\n<p>J\u00e1 o presidente da Comiss\u00e3o, senador Carlos Viana (Podemos-MG), apesar de ser da oposi\u00e7\u00e3o, disse que \u201ctodos os governos ser\u00e3o alvos da nossa apura\u00e7\u00e3o\u201d.<\/p>\n\n\n\n<p>\u201cO nosso trabalho n\u00e3o \u00e9 simples, devemos apurar com cautela e coragem todos os respons\u00e1veis pelos desvios nas aposentadorias e pens\u00f5es, devemos igualmente apontar meios para que esse tipo de pr\u00e1tica nunca mais ocorra\u201d, disse.<\/p>\n\n\n\n<p>Vice-presid\u00eancia<br>Tamb\u00e9m por acordo entre governo e oposi\u00e7\u00e3o, o deputado federal Duarte Jr. (PSB\/MA) foi aprovado para vice-presid\u00eancia da CPMI do INSS. Ele agradeceu o apoio dos colegas para o posto.<\/p>\n\n\n\n<p>\u201cN\u00f3s n\u00e3o estamos aqui para conservar bandidos de estima\u00e7\u00e3o. N\u00f3s estamos aqui para investigar, n\u00f3s estamos aqui para dar a resposta devida, doa a quem doer. N\u00e3o importa se quem cometeu crimes \u00e9 da direita ou da esquerda; se cometeu crimes, cabe a n\u00f3s investigar e garantir a puni\u00e7\u00e3o\u201d, disse.<\/p>\n\n\n\n<p>Plano de trabalho<br>O plano de trabalho organiza a investiga\u00e7\u00e3o em seis eixos tem\u00e1ticos. S\u00e3o eles:<\/p>\n\n\n\n<p>1 &#8211; Mapeamento do esquema fraudulento e modus operandi.<\/p>\n\n\n\n<p>\u201cCaber\u00e1 a esta Comiss\u00e3o investigar o funcionamento detalhado do esquema fraudulento, incluindo m\u00e9todos de falsifica\u00e7\u00e3o de assinaturas e fraude em consentimentos para descontos em folha\u201d, escreveu o relator.<\/p>\n\n\n\n<p>2 &#8211; Identifica\u00e7\u00e3o e responsabiliza\u00e7\u00e3o dos envolvidos<\/p>\n\n\n\n<p>\u201dEsta Comiss\u00e3o deve apurar o papel de todos os respons\u00e1veis pela operacionaliza\u00e7\u00e3o de v\u00e1rias organiza\u00e7\u00f5es criminosas que atuaram de forma sistem\u00e1tica para retirar dinheiro do povo\u201d, diz o plano de trabalho.<\/p>\n\n\n\n<p>3 &#8211; Impacto nas v\u00edtimas e no er\u00e1rio<\/p>\n\n\n\n<p>\u201cDeve-se ainda quantificar os danos individuais e coletivos, como subtra\u00e7\u00e3o de renda essencial para sobreviv\u00eancia de aposentados e pensionistas, propondo-se mecanismos de repara\u00e7\u00e3o e restitui\u00e7\u00e3o integral com perdas e danos\u201d, diz o documento aprovado.<\/p>\n\n\n\n<p>4 &#8211; O caminho do dinheiro<\/p>\n\n\n\n<p>\u201cUm desvio de recursos da ordem de R$ 6,3 bilh\u00f5es, segundo a Controladoria-Geral da Uni\u00e3o (CGU), esse \u00e9 o tamanho aproximado do roubo aos aposentados e pensionistas da na\u00e7\u00e3o. Nesse prisma, nada mais importante do que seguir o dinheiro surrupiado das v\u00edtimas, conhecer e punir seus verdadeiros destinat\u00e1rios\u201d, diz o texto.<\/p>\n\n\n\n<p>5 &#8211; An\u00e1lise de falhas institucionais e dos mecanismos de controle<\/p>\n\n\n\n<p>\u201cSer\u00e3o verificados os motivos que levaram ao fato de den\u00fancias junto ao pr\u00f3prio INSS sobre descontos indevidos terem sido reiteradamente ignoradas ao longo dos anos pelos diretores e presidentes\u201d, afirma o plano de trabalho da CPMI<\/p>\n\n\n\n<p>6 &#8211; Medidas preventivas e de aperfei\u00e7oamento legislativo<\/p>\n\n\n\n<p>\u201cPoder\u00e3o ser propostas iniciativas legislativas e recomenda\u00e7\u00f5es visando o fortalecimento dos mecanismos de transpar\u00eancia e controle, com o objetivo de restaurar a confian\u00e7a p\u00fablica nas institui\u00e7\u00f5es governamentais\u201d, completa o texto.<\/p>\n","protected":false},"excerpt":{"rendered":"<p>A oposi\u00e7\u00e3o e o governo entraram em acordo, nesta ter\u00e7a-feira (26), para aprovar o plano de trabalho da Comiss\u00e3o Parlamentar Mista de Inqu\u00e9rito (CPMI) das fraudes do INSS, que foram estimadas em R$ 6,3 bilh\u00f5es. Tamb\u00e9m por acordo, a comiss\u00e3o elegeu para vice-presidente o deputado Duarte Jr (PSB-MA). Aprovado em vota\u00e7\u00e3o simb\u00f3lica, o plano de [&hellip;]<\/p>\n","protected":false},"author":13,"featured_media":86689,"comment_status":"open","ping_status":"open","sticky":false,"template":"","format":"standard","meta":{"_acf_changed":false,"footnotes":""},"categories":[19,898,21],"tags":[],"class_list":["post-86688","post","type-post","status-publish","format-standard","has-post-thumbnail","hentry","category-brasil-mundo","category-manchete-segundaria","category-todas-noticias"],"acf":[],"yoast_head":"<!-- This site is optimized with the Yoast SEO plugin v24.4 - https:\/\/yoast.com\/wordpress\/plugins\/seo\/ -->\n<title>CPMI convida ex-ministros da Previd\u00eancia e ex-presidentes do INSS - PORTAL DE NOT\u00cdCIAS CLEITON PINHEIRO<\/title>\n<meta name=\"robots\" content=\"index, follow, max-snippet:-1, max-image-preview:large, max-video-preview:-1\" \/>\n<link rel=\"canonical\" href=\"https:\/\/cleitonpinheiro.com.br\/site\/cpmi-convida-ex-ministros-da-previdencia-e-ex-presidentes-do-inss\/\" \/>\n<meta property=\"og:locale\" content=\"pt_BR\" \/>\n<meta property=\"og:type\" content=\"article\" \/>\n<meta property=\"og:title\" content=\"CPMI convida ex-ministros da Previd\u00eancia e ex-presidentes do INSS - PORTAL DE NOT\u00cdCIAS CLEITON PINHEIRO\" \/>\n<meta property=\"og:description\" content=\"A oposi\u00e7\u00e3o e o governo entraram em acordo, nesta ter\u00e7a-feira (26), para aprovar o plano de trabalho da Comiss\u00e3o Parlamentar Mista de Inqu\u00e9rito (CPMI) das fraudes do INSS, que foram estimadas em R$ 6,3 bilh\u00f5es. Tamb\u00e9m por acordo, a comiss\u00e3o elegeu para vice-presidente o deputado Duarte Jr (PSB-MA). Aprovado em vota\u00e7\u00e3o simb\u00f3lica, o plano de [&hellip;]\" \/>\n<meta property=\"og:url\" content=\"https:\/\/cleitonpinheiro.com.br\/site\/cpmi-convida-ex-ministros-da-previdencia-e-ex-presidentes-do-inss\/\" \/>\n<meta property=\"og:site_name\" content=\"PORTAL DE NOT\u00cdCIAS CLEITON PINHEIRO\" \/>\n<meta property=\"article:publisher\" content=\"https:\/\/www.facebook.com\/portalcpnoticias\/\" \/>\n<meta property=\"article:published_time\" content=\"2025-08-27T16:00:10+00:00\" \/>\n<meta property=\"article:modified_time\" content=\"2025-08-27T16:00:23+00:00\" \/>\n<meta property=\"og:image\" content=\"https:\/\/cleitonpinheiro.com.br\/site\/wp-content\/uploads\/2025\/08\/img_5138.webp\" \/>\n\t<meta property=\"og:image:width\" content=\"1170\" \/>\n\t<meta property=\"og:image:height\" content=\"700\" \/>\n\t<meta property=\"og:image:type\" content=\"image\/webp\" \/>\n<meta name=\"author\" content=\"Reda\u00e7\u00e3o CP\" \/>\n<meta name=\"twitter:card\" content=\"summary_large_image\" \/>\n<meta name=\"twitter:label1\" content=\"Escrito por\" \/>\n\t<meta name=\"twitter:data1\" content=\"Reda\u00e7\u00e3o CP\" \/>\n\t<meta name=\"twitter:label2\" content=\"Est. tempo de leitura\" \/>\n\t<meta name=\"twitter:data2\" content=\"5 minutos\" \/>\n<script type=\"application\/ld+json\" class=\"yoast-schema-graph\">{\"@context\":\"https:\/\/schema.org\",\"@graph\":[{\"@type\":\"Article\",\"@id\":\"https:\/\/cleitonpinheiro.com.br\/site\/cpmi-convida-ex-ministros-da-previdencia-e-ex-presidentes-do-inss\/#article\",\"isPartOf\":{\"@id\":\"https:\/\/cleitonpinheiro.com.br\/site\/cpmi-convida-ex-ministros-da-previdencia-e-ex-presidentes-do-inss\/\"},\"author\":{\"name\":\"Reda\u00e7\u00e3o CP\",\"@id\":\"https:\/\/cleitonpinheiro.com.br\/site\/#\/schema\/person\/8f04544e0bc40a1b68775b08360f87db\"},\"headline\":\"CPMI convida ex-ministros da Previd\u00eancia e ex-presidentes do INSS\",\"datePublished\":\"2025-08-27T16:00:10+00:00\",\"dateModified\":\"2025-08-27T16:00:23+00:00\",\"mainEntityOfPage\":{\"@id\":\"https:\/\/cleitonpinheiro.com.br\/site\/cpmi-convida-ex-ministros-da-previdencia-e-ex-presidentes-do-inss\/\"},\"wordCount\":934,\"commentCount\":0,\"publisher\":{\"@id\":\"https:\/\/cleitonpinheiro.com.br\/site\/#organization\"},\"image\":{\"@id\":\"https:\/\/cleitonpinheiro.com.br\/site\/cpmi-convida-ex-ministros-da-previdencia-e-ex-presidentes-do-inss\/#primaryimage\"},\"thumbnailUrl\":\"https:\/\/cleitonpinheiro.com.br\/site\/wp-content\/uploads\/2025\/08\/img_5138.webp\",\"articleSection\":[\"BRASIL \/ MUNDO\",\"MANCHETE SEGUND\u00c1RIA\",\"TODAS NOTICIAS\"],\"inLanguage\":\"pt-BR\",\"potentialAction\":[{\"@type\":\"CommentAction\",\"name\":\"Comment\",\"target\":[\"https:\/\/cleitonpinheiro.com.br\/site\/cpmi-convida-ex-ministros-da-previdencia-e-ex-presidentes-do-inss\/#respond\"]}]},{\"@type\":\"WebPage\",\"@id\":\"https:\/\/cleitonpinheiro.com.br\/site\/cpmi-convida-ex-ministros-da-previdencia-e-ex-presidentes-do-inss\/\",\"url\":\"https:\/\/cleitonpinheiro.com.br\/site\/cpmi-convida-ex-ministros-da-previdencia-e-ex-presidentes-do-inss\/\",\"name\":\"CPMI convida ex-ministros da Previd\u00eancia e ex-presidentes do INSS - PORTAL DE NOT\u00cdCIAS CLEITON PINHEIRO\",\"isPartOf\":{\"@id\":\"https:\/\/cleitonpinheiro.com.br\/site\/#website\"},\"primaryImageOfPage\":{\"@id\":\"https:\/\/cleitonpinheiro.com.br\/site\/cpmi-convida-ex-ministros-da-previdencia-e-ex-presidentes-do-inss\/#primaryimage\"},\"image\":{\"@id\":\"https:\/\/cleitonpinheiro.com.br\/site\/cpmi-convida-ex-ministros-da-previdencia-e-ex-presidentes-do-inss\/#primaryimage\"},\"thumbnailUrl\":\"https:\/\/cleitonpinheiro.com.br\/site\/wp-content\/uploads\/2025\/08\/img_5138.webp\",\"datePublished\":\"2025-08-27T16:00:10+00:00\",\"dateModified\":\"2025-08-27T16:00:23+00:00\",\"breadcrumb\":{\"@id\":\"https:\/\/cleitonpinheiro.com.br\/site\/cpmi-convida-ex-ministros-da-previdencia-e-ex-presidentes-do-inss\/#breadcrumb\"},\"inLanguage\":\"pt-BR\",\"potentialAction\":[{\"@type\":\"ReadAction\",\"target\":[\"https:\/\/cleitonpinheiro.com.br\/site\/cpmi-convida-ex-ministros-da-previdencia-e-ex-presidentes-do-inss\/\"]}]},{\"@type\":\"ImageObject\",\"inLanguage\":\"pt-BR\",\"@id\":\"https:\/\/cleitonpinheiro.com.br\/site\/cpmi-convida-ex-ministros-da-previdencia-e-ex-presidentes-do-inss\/#primaryimage\",\"url\":\"https:\/\/cleitonpinheiro.com.br\/site\/wp-content\/uploads\/2025\/08\/img_5138.webp\",\"contentUrl\":\"https:\/\/cleitonpinheiro.com.br\/site\/wp-content\/uploads\/2025\/08\/img_5138.webp\",\"width\":1170,\"height\":700},{\"@type\":\"BreadcrumbList\",\"@id\":\"https:\/\/cleitonpinheiro.com.br\/site\/cpmi-convida-ex-ministros-da-previdencia-e-ex-presidentes-do-inss\/#breadcrumb\",\"itemListElement\":[{\"@type\":\"ListItem\",\"position\":1,\"name\":\"In\u00edcio\",\"item\":\"https:\/\/cleitonpinheiro.com.br\/site\/\"},{\"@type\":\"ListItem\",\"position\":2,\"name\":\"CPMI convida ex-ministros da Previd\u00eancia e ex-presidentes do INSS\"}]},{\"@type\":\"WebSite\",\"@id\":\"https:\/\/cleitonpinheiro.com.br\/site\/#website\",\"url\":\"https:\/\/cleitonpinheiro.com.br\/site\/\",\"name\":\"PORTAL DE NOT\u00cdCIAS CLEITON PINHEIRO\",\"description\":\"FALANDO A VERDADE\",\"publisher\":{\"@id\":\"https:\/\/cleitonpinheiro.com.br\/site\/#organization\"},\"potentialAction\":[{\"@type\":\"SearchAction\",\"target\":{\"@type\":\"EntryPoint\",\"urlTemplate\":\"https:\/\/cleitonpinheiro.com.br\/site\/?s={search_term_string}\"},\"query-input\":{\"@type\":\"PropertyValueSpecification\",\"valueRequired\":true,\"valueName\":\"search_term_string\"}}],\"inLanguage\":\"pt-BR\"},{\"@type\":\"Organization\",\"@id\":\"https:\/\/cleitonpinheiro.com.br\/site\/#organization\",\"name\":\"CPNOT\u00cdCIAS\",\"url\":\"https:\/\/cleitonpinheiro.com.br\/site\/\",\"logo\":{\"@type\":\"ImageObject\",\"inLanguage\":\"pt-BR\",\"@id\":\"https:\/\/cleitonpinheiro.com.br\/site\/#\/schema\/logo\/image\/\",\"url\":\"https:\/\/cleitonpinheiro.com.br\/site\/wp-content\/uploads\/2022\/08\/Logo-pequena-2.png\",\"contentUrl\":\"https:\/\/cleitonpinheiro.com.br\/site\/wp-content\/uploads\/2022\/08\/Logo-pequena-2.png\",\"width\":500,\"height\":500,\"caption\":\"CPNOT\u00cdCIAS\"},\"image\":{\"@id\":\"https:\/\/cleitonpinheiro.com.br\/site\/#\/schema\/logo\/image\/\"},\"sameAs\":[\"https:\/\/www.facebook.com\/portalcpnoticias\/\"]},{\"@type\":\"Person\",\"@id\":\"https:\/\/cleitonpinheiro.com.br\/site\/#\/schema\/person\/8f04544e0bc40a1b68775b08360f87db\",\"name\":\"Reda\u00e7\u00e3o CP\",\"image\":{\"@type\":\"ImageObject\",\"inLanguage\":\"pt-BR\",\"@id\":\"https:\/\/cleitonpinheiro.com.br\/site\/#\/schema\/person\/image\/\",\"url\":\"https:\/\/secure.gravatar.com\/avatar\/0bcf19cb29fdc8fc588c490c7ae1b3e174dac268586a63fbe1d1893a0f9020cd?s=96&r=g\",\"contentUrl\":\"https:\/\/secure.gravatar.com\/avatar\/0bcf19cb29fdc8fc588c490c7ae1b3e174dac268586a63fbe1d1893a0f9020cd?s=96&r=g\",\"caption\":\"Reda\u00e7\u00e3o CP\"},\"url\":\"https:\/\/cleitonpinheiro.com.br\/site\/author\/redacao\/\"}]}<\/script>\n<!-- \/ Yoast SEO plugin. -->","yoast_head_json":{"title":"CPMI convida ex-ministros da Previd\u00eancia e ex-presidentes do INSS - PORTAL DE NOT\u00cdCIAS CLEITON PINHEIRO","robots":{"index":"index","follow":"follow","max-snippet":"max-snippet:-1","max-image-preview":"max-image-preview:large","max-video-preview":"max-video-preview:-1"},"canonical":"https:\/\/cleitonpinheiro.com.br\/site\/cpmi-convida-ex-ministros-da-previdencia-e-ex-presidentes-do-inss\/","og_locale":"pt_BR","og_type":"article","og_title":"CPMI convida ex-ministros da Previd\u00eancia e ex-presidentes do INSS - PORTAL DE NOT\u00cdCIAS CLEITON PINHEIRO","og_description":"A oposi\u00e7\u00e3o e o governo entraram em acordo, nesta ter\u00e7a-feira (26), para aprovar o plano de trabalho da Comiss\u00e3o Parlamentar Mista de Inqu\u00e9rito (CPMI) das fraudes do INSS, que foram estimadas em R$ 6,3 bilh\u00f5es. Tamb\u00e9m por acordo, a comiss\u00e3o elegeu para vice-presidente o deputado Duarte Jr (PSB-MA). Aprovado em vota\u00e7\u00e3o simb\u00f3lica, o plano de [&hellip;]","og_url":"https:\/\/cleitonpinheiro.com.br\/site\/cpmi-convida-ex-ministros-da-previdencia-e-ex-presidentes-do-inss\/","og_site_name":"PORTAL DE NOT\u00cdCIAS CLEITON PINHEIRO","article_publisher":"https:\/\/www.facebook.com\/portalcpnoticias\/","article_published_time":"2025-08-27T16:00:10+00:00","article_modified_time":"2025-08-27T16:00:23+00:00","og_image":[{"width":1170,"height":700,"url":"https:\/\/cleitonpinheiro.com.br\/site\/wp-content\/uploads\/2025\/08\/img_5138.webp","type":"image\/webp"}],"author":"Reda\u00e7\u00e3o CP","twitter_card":"summary_large_image","twitter_misc":{"Escrito por":"Reda\u00e7\u00e3o CP","Est. tempo de leitura":"5 minutos"},"schema":{"@context":"https:\/\/schema.org","@graph":[{"@type":"Article","@id":"https:\/\/cleitonpinheiro.com.br\/site\/cpmi-convida-ex-ministros-da-previdencia-e-ex-presidentes-do-inss\/#article","isPartOf":{"@id":"https:\/\/cleitonpinheiro.com.br\/site\/cpmi-convida-ex-ministros-da-previdencia-e-ex-presidentes-do-inss\/"},"author":{"name":"Reda\u00e7\u00e3o CP","@id":"https:\/\/cleitonpinheiro.com.br\/site\/#\/schema\/person\/8f04544e0bc40a1b68775b08360f87db"},"headline":"CPMI convida ex-ministros da Previd\u00eancia e ex-presidentes do INSS","datePublished":"2025-08-27T16:00:10+00:00","dateModified":"2025-08-27T16:00:23+00:00","mainEntityOfPage":{"@id":"https:\/\/cleitonpinheiro.com.br\/site\/cpmi-convida-ex-ministros-da-previdencia-e-ex-presidentes-do-inss\/"},"wordCount":934,"commentCount":0,"publisher":{"@id":"https:\/\/cleitonpinheiro.com.br\/site\/#organization"},"image":{"@id":"https:\/\/cleitonpinheiro.com.br\/site\/cpmi-convida-ex-ministros-da-previdencia-e-ex-presidentes-do-inss\/#primaryimage"},"thumbnailUrl":"https:\/\/cleitonpinheiro.com.br\/site\/wp-content\/uploads\/2025\/08\/img_5138.webp","articleSection":["BRASIL \/ MUNDO","MANCHETE SEGUND\u00c1RIA","TODAS NOTICIAS"],"inLanguage":"pt-BR","potentialAction":[{"@type":"CommentAction","name":"Comment","target":["https:\/\/cleitonpinheiro.com.br\/site\/cpmi-convida-ex-ministros-da-previdencia-e-ex-presidentes-do-inss\/#respond"]}]},{"@type":"WebPage","@id":"https:\/\/cleitonpinheiro.com.br\/site\/cpmi-convida-ex-ministros-da-previdencia-e-ex-presidentes-do-inss\/","url":"https:\/\/cleitonpinheiro.com.br\/site\/cpmi-convida-ex-ministros-da-previdencia-e-ex-presidentes-do-inss\/","name":"CPMI convida ex-ministros da Previd\u00eancia e ex-presidentes do INSS - PORTAL DE NOT\u00cdCIAS CLEITON PINHEIRO","isPartOf":{"@id":"https:\/\/cleitonpinheiro.com.br\/site\/#website"},"primaryImageOfPage":{"@id":"https:\/\/cleitonpinheiro.com.br\/site\/cpmi-convida-ex-ministros-da-previdencia-e-ex-presidentes-do-inss\/#primaryimage"},"image":{"@id":"https:\/\/cleitonpinheiro.com.br\/site\/cpmi-convida-ex-ministros-da-previdencia-e-ex-presidentes-do-inss\/#primaryimage"},"thumbnailUrl":"https:\/\/cleitonpinheiro.com.br\/site\/wp-content\/uploads\/2025\/08\/img_5138.webp","datePublished":"2025-08-27T16:00:10+00:00","dateModified":"2025-08-27T16:00:23+00:00","breadcrumb":{"@id":"https:\/\/cleitonpinheiro.com.br\/site\/cpmi-convida-ex-ministros-da-previdencia-e-ex-presidentes-do-inss\/#breadcrumb"},"inLanguage":"pt-BR","potentialAction":[{"@type":"ReadAction","target":["https:\/\/cleitonpinheiro.com.br\/site\/cpmi-convida-ex-ministros-da-previdencia-e-ex-presidentes-do-inss\/"]}]},{"@type":"ImageObject","inLanguage":"pt-BR","@id":"https:\/\/cleitonpinheiro.com.br\/site\/cpmi-convida-ex-ministros-da-previdencia-e-ex-presidentes-do-inss\/#primaryimage","url":"https:\/\/cleitonpinheiro.com.br\/site\/wp-content\/uploads\/2025\/08\/img_5138.webp","contentUrl":"https:\/\/cleitonpinheiro.com.br\/site\/wp-content\/uploads\/2025\/08\/img_5138.webp","width":1170,"height":700},{"@type":"BreadcrumbList","@id":"https:\/\/cleitonpinheiro.com.br\/site\/cpmi-convida-ex-ministros-da-previdencia-e-ex-presidentes-do-inss\/#breadcrumb","itemListElement":[{"@type":"ListItem","position":1,"name":"In\u00edcio","item":"https:\/\/cleitonpinheiro.com.br\/site\/"},{"@type":"ListItem","position":2,"name":"CPMI convida ex-ministros da Previd\u00eancia e ex-presidentes do INSS"}]},{"@type":"WebSite","@id":"https:\/\/cleitonpinheiro.com.br\/site\/#website","url":"https:\/\/cleitonpinheiro.com.br\/site\/","name":"PORTAL DE NOT\u00cdCIAS CLEITON PINHEIRO","description":"FALANDO A VERDADE","publisher":{"@id":"https:\/\/cleitonpinheiro.com.br\/site\/#organization"},"potentialAction":[{"@type":"SearchAction","target":{"@type":"EntryPoint","urlTemplate":"https:\/\/cleitonpinheiro.com.br\/site\/?s={search_term_string}"},"query-input":{"@type":"PropertyValueSpecification","valueRequired":true,"valueName":"search_term_string"}}],"inLanguage":"pt-BR"},{"@type":"Organization","@id":"https:\/\/cleitonpinheiro.com.br\/site\/#organization","name":"CPNOT\u00cdCIAS","url":"https:\/\/cleitonpinheiro.com.br\/site\/","logo":{"@type":"ImageObject","inLanguage":"pt-BR","@id":"https:\/\/cleitonpinheiro.com.br\/site\/#\/schema\/logo\/image\/","url":"https:\/\/cleitonpinheiro.com.br\/site\/wp-content\/uploads\/2022\/08\/Logo-pequena-2.png","contentUrl":"https:\/\/cleitonpinheiro.com.br\/site\/wp-content\/uploads\/2022\/08\/Logo-pequena-2.png","width":500,"height":500,"caption":"CPNOT\u00cdCIAS"},"image":{"@id":"https:\/\/cleitonpinheiro.com.br\/site\/#\/schema\/logo\/image\/"},"sameAs":["https:\/\/www.facebook.com\/portalcpnoticias\/"]},{"@type":"Person","@id":"https:\/\/cleitonpinheiro.com.br\/site\/#\/schema\/person\/8f04544e0bc40a1b68775b08360f87db","name":"Reda\u00e7\u00e3o CP","image":{"@type":"ImageObject","inLanguage":"pt-BR","@id":"https:\/\/cleitonpinheiro.com.br\/site\/#\/schema\/person\/image\/","url":"https:\/\/secure.gravatar.com\/avatar\/0bcf19cb29fdc8fc588c490c7ae1b3e174dac268586a63fbe1d1893a0f9020cd?s=96&r=g","contentUrl":"https:\/\/secure.gravatar.com\/avatar\/0bcf19cb29fdc8fc588c490c7ae1b3e174dac268586a63fbe1d1893a0f9020cd?s=96&r=g","caption":"Reda\u00e7\u00e3o CP"},"url":"https:\/\/cleitonpinheiro.com.br\/site\/author\/redacao\/"}]}},"views":116,"_links":{"self":[{"href":"https:\/\/cleitonpinheiro.com.br\/site\/wp-json\/wp\/v2\/posts\/86688","targetHints":{"allow":["GET"]}}],"collection":[{"href":"https:\/\/cleitonpinheiro.com.br\/site\/wp-json\/wp\/v2\/posts"}],"about":[{"href":"https:\/\/cleitonpinheiro.com.br\/site\/wp-json\/wp\/v2\/types\/post"}],"author":[{"embeddable":true,"href":"https:\/\/cleitonpinheiro.com.br\/site\/wp-json\/wp\/v2\/users\/13"}],"replies":[{"embeddable":true,"href":"https:\/\/cleitonpinheiro.com.br\/site\/wp-json\/wp\/v2\/comments?post=86688"}],"version-history":[{"count":1,"href":"https:\/\/cleitonpinheiro.com.br\/site\/wp-json\/wp\/v2\/posts\/86688\/revisions"}],"predecessor-version":[{"id":86690,"href":"https:\/\/cleitonpinheiro.com.br\/site\/wp-json\/wp\/v2\/posts\/86688\/revisions\/86690"}],"wp:featuredmedia":[{"embeddable":true,"href":"https:\/\/cleitonpinheiro.com.br\/site\/wp-json\/wp\/v2\/media\/86689"}],"wp:attachment":[{"href":"https:\/\/cleitonpinheiro.com.br\/site\/wp-json\/wp\/v2\/media?parent=86688"}],"wp:term":[{"taxonomy":"category","embeddable":true,"href":"https:\/\/cleitonpinheiro.com.br\/site\/wp-json\/wp\/v2\/categories?post=86688"},{"taxonomy":"post_tag","embeddable":true,"href":"https:\/\/cleitonpinheiro.com.br\/site\/wp-json\/wp\/v2\/tags?post=86688"}],"curies":[{"name":"wp","href":"https:\/\/api.w.org\/{rel}","templated":true}]}}