{"id":86695,"date":"2025-08-28T14:49:42","date_gmt":"2025-08-28T17:49:42","guid":{"rendered":"https:\/\/cleitonpinheiro.com.br\/site\/?p=86695"},"modified":"2025-08-30T12:52:36","modified_gmt":"2025-08-30T15:52:36","slug":"estimativa-do-ibge-crescimento-populacional-de-palmas-fica-acima-da-media-nacional-com-328-499-habitantes","status":"publish","type":"post","link":"https:\/\/cleitonpinheiro.com.br\/site\/estimativa-do-ibge-crescimento-populacional-de-palmas-fica-acima-da-media-nacional-com-328-499-habitantes\/","title":{"rendered":"Estimativa do IBGE: crescimento populacional de Palmas fica acima da m\u00e9dia nacional, com 328.499 habitantes"},"content":{"rendered":"\n<figure class=\"wp-block-image size-large\"><img fetchpriority=\"high\" decoding=\"async\" width=\"1024\" height=\"683\" src=\"https:\/\/cleitonpinheiro.com.br\/site\/wp-content\/uploads\/2025\/05\/Foto-Cidade-de-palmas-entrada-de-Luz-Regiane-Rocha3-2048x1365-1-1024x683.jpg\" alt=\"\" class=\"wp-image-85630\" srcset=\"https:\/\/cleitonpinheiro.com.br\/site\/wp-content\/uploads\/2025\/05\/Foto-Cidade-de-palmas-entrada-de-Luz-Regiane-Rocha3-2048x1365-1-1024x683.jpg 1024w, https:\/\/cleitonpinheiro.com.br\/site\/wp-content\/uploads\/2025\/05\/Foto-Cidade-de-palmas-entrada-de-Luz-Regiane-Rocha3-2048x1365-1-300x200.jpg 300w, https:\/\/cleitonpinheiro.com.br\/site\/wp-content\/uploads\/2025\/05\/Foto-Cidade-de-palmas-entrada-de-Luz-Regiane-Rocha3-2048x1365-1-768x512.jpg 768w, https:\/\/cleitonpinheiro.com.br\/site\/wp-content\/uploads\/2025\/05\/Foto-Cidade-de-palmas-entrada-de-Luz-Regiane-Rocha3-2048x1365-1-1536x1024.jpg 1536w, https:\/\/cleitonpinheiro.com.br\/site\/wp-content\/uploads\/2025\/05\/Foto-Cidade-de-palmas-entrada-de-Luz-Regiane-Rocha3-2048x1365-1.jpg 2048w\" sizes=\"(max-width: 1024px) 100vw, 1024px\" \/><figcaption class=\"wp-element-caption\">Foto: Regiane Rocha<\/figcaption><\/figure>\n\n\n\n<p>O Instituto Brasileiro de Geografia e Estat\u00edstica (IBGE) divulgou nesta quinta-feira, 28, a estimativa populacional. A popula\u00e7\u00e3o brasileira chega a 213,4 milh\u00f5es, que representa crescimento de 0,39% em rela\u00e7\u00e3o ao ano anterior. Palmas, que \u00e9 a capital mais jovem do Brasil, registrou a terceira maior taxa de crescimento entre as capitais brasileiras, com uma popula\u00e7\u00e3o estimada em 328.499, um crescimento de 1,51%; ficando atr\u00e1s, respectivamente, de Boa Vista (RR), com taxa de 3,26%, e Florian\u00f3polis (SC), com taxa de 1,93%.<\/p>\n\n\n\n<p>Os dados da pesquisa s\u00e3o utilizados pelo Tribunal de Contas da Uni\u00e3o (TCU) no c\u00e1lculo do Fundo de Participa\u00e7\u00e3o de Estados e Munic\u00edpios e s\u00e3o fundamentais para indicadores econ\u00f4micos e sociodemogr\u00e1ficos nos per\u00edodos entre o Censo Demogr\u00e1fico. A pesquisa tamb\u00e9m considera altera\u00e7\u00f5es de limites territoriais que ocorreram ap\u00f3s o Censo 2022. Os dados t\u00eam como data de refer\u00eancia o dia 1\u00ba de julho de 2025.<\/p>\n\n\n\n<p>De acordo com o gerente de Estudos e An\u00e1lises da Din\u00e2mica Demogr\u00e1fica do IBGE, Marcio Minamiguchi, a tend\u00eancia de crescimento da popula\u00e7\u00e3o \u00e9 cada vez menor. \u201cOs resultados mostram uma desacelera\u00e7\u00e3o, o que j\u00e1 era indicado pelo Censo 2022 e pelas Proje\u00e7\u00f5es da Popula\u00e7\u00e3o, ambas pesquisas realizadas pelo IBGE\u201d, avalia.<\/p>\n","protected":false},"excerpt":{"rendered":"<p>O Instituto Brasileiro de Geografia e Estat\u00edstica (IBGE) divulgou nesta quinta-feira, 28, a estimativa populacional. A popula\u00e7\u00e3o brasileira chega a 213,4 milh\u00f5es, que representa crescimento de 0,39% em rela\u00e7\u00e3o ao ano anterior. Palmas, que \u00e9 a capital mais jovem do Brasil, registrou a terceira maior taxa de crescimento entre as capitais brasileiras, com uma popula\u00e7\u00e3o [&hellip;]<\/p>\n","protected":false},"author":13,"featured_media":85630,"comment_status":"open","ping_status":"open","sticky":false,"template":"","format":"standard","meta":{"_acf_changed":false,"footnotes":""},"categories":[22,898,21],"tags":[],"class_list":["post-86695","post","type-post","status-publish","format-standard","has-post-thumbnail","hentry","category-cidades","category-manchete-segundaria","category-todas-noticias"],"acf":[],"yoast_head":"<!-- This site is optimized with the Yoast SEO plugin v24.4 - https:\/\/yoast.com\/wordpress\/plugins\/seo\/ -->\n<title>Estimativa do IBGE: crescimento populacional de Palmas fica acima da m\u00e9dia nacional, com 328.499 habitantes - PORTAL DE NOT\u00cdCIAS CLEITON PINHEIRO<\/title>\n<meta name=\"robots\" content=\"index, follow, max-snippet:-1, max-image-preview:large, max-video-preview:-1\" \/>\n<link rel=\"canonical\" href=\"https:\/\/cleitonpinheiro.com.br\/site\/estimativa-do-ibge-crescimento-populacional-de-palmas-fica-acima-da-media-nacional-com-328-499-habitantes\/\" \/>\n<meta property=\"og:locale\" content=\"pt_BR\" \/>\n<meta property=\"og:type\" content=\"article\" \/>\n<meta property=\"og:title\" content=\"Estimativa do IBGE: crescimento populacional de Palmas fica acima da m\u00e9dia nacional, com 328.499 habitantes - PORTAL DE NOT\u00cdCIAS CLEITON PINHEIRO\" \/>\n<meta property=\"og:description\" content=\"O Instituto Brasileiro de Geografia e Estat\u00edstica (IBGE) divulgou nesta quinta-feira, 28, a estimativa populacional. A popula\u00e7\u00e3o brasileira chega a 213,4 milh\u00f5es, que representa crescimento de 0,39% em rela\u00e7\u00e3o ao ano anterior. Palmas, que \u00e9 a capital mais jovem do Brasil, registrou a terceira maior taxa de crescimento entre as capitais brasileiras, com uma popula\u00e7\u00e3o [&hellip;]\" \/>\n<meta property=\"og:url\" content=\"https:\/\/cleitonpinheiro.com.br\/site\/estimativa-do-ibge-crescimento-populacional-de-palmas-fica-acima-da-media-nacional-com-328-499-habitantes\/\" \/>\n<meta property=\"og:site_name\" content=\"PORTAL DE NOT\u00cdCIAS CLEITON PINHEIRO\" \/>\n<meta property=\"article:publisher\" content=\"https:\/\/www.facebook.com\/portalcpnoticias\/\" \/>\n<meta property=\"article:published_time\" content=\"2025-08-28T17:49:42+00:00\" \/>\n<meta property=\"article:modified_time\" content=\"2025-08-30T15:52:36+00:00\" \/>\n<meta property=\"og:image\" content=\"https:\/\/cleitonpinheiro.com.br\/site\/wp-content\/uploads\/2025\/05\/Foto-Cidade-de-palmas-entrada-de-Luz-Regiane-Rocha3-2048x1365-1.jpg\" \/>\n\t<meta property=\"og:image:width\" content=\"2048\" \/>\n\t<meta property=\"og:image:height\" content=\"1365\" \/>\n\t<meta property=\"og:image:type\" content=\"image\/jpeg\" \/>\n<meta name=\"author\" content=\"Reda\u00e7\u00e3o CP\" \/>\n<meta name=\"twitter:card\" content=\"summary_large_image\" \/>\n<meta name=\"twitter:label1\" content=\"Escrito por\" \/>\n\t<meta name=\"twitter:data1\" content=\"Reda\u00e7\u00e3o CP\" \/>\n\t<meta name=\"twitter:label2\" content=\"Est. tempo de leitura\" \/>\n\t<meta name=\"twitter:data2\" content=\"2 minutos\" \/>\n<script type=\"application\/ld+json\" class=\"yoast-schema-graph\">{\"@context\":\"https:\/\/schema.org\",\"@graph\":[{\"@type\":\"Article\",\"@id\":\"https:\/\/cleitonpinheiro.com.br\/site\/estimativa-do-ibge-crescimento-populacional-de-palmas-fica-acima-da-media-nacional-com-328-499-habitantes\/#article\",\"isPartOf\":{\"@id\":\"https:\/\/cleitonpinheiro.com.br\/site\/estimativa-do-ibge-crescimento-populacional-de-palmas-fica-acima-da-media-nacional-com-328-499-habitantes\/\"},\"author\":{\"name\":\"Reda\u00e7\u00e3o CP\",\"@id\":\"https:\/\/cleitonpinheiro.com.br\/site\/#\/schema\/person\/8f04544e0bc40a1b68775b08360f87db\"},\"headline\":\"Estimativa do IBGE: crescimento populacional de Palmas fica acima da m\u00e9dia nacional, com 328.499 habitantes\",\"datePublished\":\"2025-08-28T17:49:42+00:00\",\"dateModified\":\"2025-08-30T15:52:36+00:00\",\"mainEntityOfPage\":{\"@id\":\"https:\/\/cleitonpinheiro.com.br\/site\/estimativa-do-ibge-crescimento-populacional-de-palmas-fica-acima-da-media-nacional-com-328-499-habitantes\/\"},\"wordCount\":230,\"commentCount\":0,\"publisher\":{\"@id\":\"https:\/\/cleitonpinheiro.com.br\/site\/#organization\"},\"image\":{\"@id\":\"https:\/\/cleitonpinheiro.com.br\/site\/estimativa-do-ibge-crescimento-populacional-de-palmas-fica-acima-da-media-nacional-com-328-499-habitantes\/#primaryimage\"},\"thumbnailUrl\":\"https:\/\/cleitonpinheiro.com.br\/site\/wp-content\/uploads\/2025\/05\/Foto-Cidade-de-palmas-entrada-de-Luz-Regiane-Rocha3-2048x1365-1.jpg\",\"articleSection\":[\"CIDADES\",\"MANCHETE SEGUND\u00c1RIA\",\"TODAS NOTICIAS\"],\"inLanguage\":\"pt-BR\",\"potentialAction\":[{\"@type\":\"CommentAction\",\"name\":\"Comment\",\"target\":[\"https:\/\/cleitonpinheiro.com.br\/site\/estimativa-do-ibge-crescimento-populacional-de-palmas-fica-acima-da-media-nacional-com-328-499-habitantes\/#respond\"]}]},{\"@type\":\"WebPage\",\"@id\":\"https:\/\/cleitonpinheiro.com.br\/site\/estimativa-do-ibge-crescimento-populacional-de-palmas-fica-acima-da-media-nacional-com-328-499-habitantes\/\",\"url\":\"https:\/\/cleitonpinheiro.com.br\/site\/estimativa-do-ibge-crescimento-populacional-de-palmas-fica-acima-da-media-nacional-com-328-499-habitantes\/\",\"name\":\"Estimativa do IBGE: crescimento populacional de Palmas fica acima da m\u00e9dia nacional, com 328.499 habitantes - PORTAL DE NOT\u00cdCIAS CLEITON PINHEIRO\",\"isPartOf\":{\"@id\":\"https:\/\/cleitonpinheiro.com.br\/site\/#website\"},\"primaryImageOfPage\":{\"@id\":\"https:\/\/cleitonpinheiro.com.br\/site\/estimativa-do-ibge-crescimento-populacional-de-palmas-fica-acima-da-media-nacional-com-328-499-habitantes\/#primaryimage\"},\"image\":{\"@id\":\"https:\/\/cleitonpinheiro.com.br\/site\/estimativa-do-ibge-crescimento-populacional-de-palmas-fica-acima-da-media-nacional-com-328-499-habitantes\/#primaryimage\"},\"thumbnailUrl\":\"https:\/\/cleitonpinheiro.com.br\/site\/wp-content\/uploads\/2025\/05\/Foto-Cidade-de-palmas-entrada-de-Luz-Regiane-Rocha3-2048x1365-1.jpg\",\"datePublished\":\"2025-08-28T17:49:42+00:00\",\"dateModified\":\"2025-08-30T15:52:36+00:00\",\"breadcrumb\":{\"@id\":\"https:\/\/cleitonpinheiro.com.br\/site\/estimativa-do-ibge-crescimento-populacional-de-palmas-fica-acima-da-media-nacional-com-328-499-habitantes\/#breadcrumb\"},\"inLanguage\":\"pt-BR\",\"potentialAction\":[{\"@type\":\"ReadAction\",\"target\":[\"https:\/\/cleitonpinheiro.com.br\/site\/estimativa-do-ibge-crescimento-populacional-de-palmas-fica-acima-da-media-nacional-com-328-499-habitantes\/\"]}]},{\"@type\":\"ImageObject\",\"inLanguage\":\"pt-BR\",\"@id\":\"https:\/\/cleitonpinheiro.com.br\/site\/estimativa-do-ibge-crescimento-populacional-de-palmas-fica-acima-da-media-nacional-com-328-499-habitantes\/#primaryimage\",\"url\":\"https:\/\/cleitonpinheiro.com.br\/site\/wp-content\/uploads\/2025\/05\/Foto-Cidade-de-palmas-entrada-de-Luz-Regiane-Rocha3-2048x1365-1.jpg\",\"contentUrl\":\"https:\/\/cleitonpinheiro.com.br\/site\/wp-content\/uploads\/2025\/05\/Foto-Cidade-de-palmas-entrada-de-Luz-Regiane-Rocha3-2048x1365-1.jpg\",\"width\":2048,\"height\":1365,\"caption\":\"Foto: Regiane Rocha\"},{\"@type\":\"BreadcrumbList\",\"@id\":\"https:\/\/cleitonpinheiro.com.br\/site\/estimativa-do-ibge-crescimento-populacional-de-palmas-fica-acima-da-media-nacional-com-328-499-habitantes\/#breadcrumb\",\"itemListElement\":[{\"@type\":\"ListItem\",\"position\":1,\"name\":\"In\u00edcio\",\"item\":\"https:\/\/cleitonpinheiro.com.br\/site\/\"},{\"@type\":\"ListItem\",\"position\":2,\"name\":\"Estimativa do IBGE: crescimento populacional de Palmas fica acima da m\u00e9dia nacional, com 328.499 habitantes\"}]},{\"@type\":\"WebSite\",\"@id\":\"https:\/\/cleitonpinheiro.com.br\/site\/#website\",\"url\":\"https:\/\/cleitonpinheiro.com.br\/site\/\",\"name\":\"PORTAL DE NOT\u00cdCIAS CLEITON PINHEIRO\",\"description\":\"FALANDO A VERDADE\",\"publisher\":{\"@id\":\"https:\/\/cleitonpinheiro.com.br\/site\/#organization\"},\"potentialAction\":[{\"@type\":\"SearchAction\",\"target\":{\"@type\":\"EntryPoint\",\"urlTemplate\":\"https:\/\/cleitonpinheiro.com.br\/site\/?s={search_term_string}\"},\"query-input\":{\"@type\":\"PropertyValueSpecification\",\"valueRequired\":true,\"valueName\":\"search_term_string\"}}],\"inLanguage\":\"pt-BR\"},{\"@type\":\"Organization\",\"@id\":\"https:\/\/cleitonpinheiro.com.br\/site\/#organization\",\"name\":\"CPNOT\u00cdCIAS\",\"url\":\"https:\/\/cleitonpinheiro.com.br\/site\/\",\"logo\":{\"@type\":\"ImageObject\",\"inLanguage\":\"pt-BR\",\"@id\":\"https:\/\/cleitonpinheiro.com.br\/site\/#\/schema\/logo\/image\/\",\"url\":\"https:\/\/cleitonpinheiro.com.br\/site\/wp-content\/uploads\/2022\/08\/Logo-pequena-2.png\",\"contentUrl\":\"https:\/\/cleitonpinheiro.com.br\/site\/wp-content\/uploads\/2022\/08\/Logo-pequena-2.png\",\"width\":500,\"height\":500,\"caption\":\"CPNOT\u00cdCIAS\"},\"image\":{\"@id\":\"https:\/\/cleitonpinheiro.com.br\/site\/#\/schema\/logo\/image\/\"},\"sameAs\":[\"https:\/\/www.facebook.com\/portalcpnoticias\/\"]},{\"@type\":\"Person\",\"@id\":\"https:\/\/cleitonpinheiro.com.br\/site\/#\/schema\/person\/8f04544e0bc40a1b68775b08360f87db\",\"name\":\"Reda\u00e7\u00e3o CP\",\"image\":{\"@type\":\"ImageObject\",\"inLanguage\":\"pt-BR\",\"@id\":\"https:\/\/cleitonpinheiro.com.br\/site\/#\/schema\/person\/image\/\",\"url\":\"https:\/\/secure.gravatar.com\/avatar\/0bcf19cb29fdc8fc588c490c7ae1b3e174dac268586a63fbe1d1893a0f9020cd?s=96&r=g\",\"contentUrl\":\"https:\/\/secure.gravatar.com\/avatar\/0bcf19cb29fdc8fc588c490c7ae1b3e174dac268586a63fbe1d1893a0f9020cd?s=96&r=g\",\"caption\":\"Reda\u00e7\u00e3o CP\"},\"url\":\"https:\/\/cleitonpinheiro.com.br\/site\/author\/redacao\/\"}]}<\/script>\n<!-- \/ Yoast SEO plugin. -->","yoast_head_json":{"title":"Estimativa do IBGE: crescimento populacional de Palmas fica acima da m\u00e9dia nacional, com 328.499 habitantes - PORTAL DE NOT\u00cdCIAS CLEITON PINHEIRO","robots":{"index":"index","follow":"follow","max-snippet":"max-snippet:-1","max-image-preview":"max-image-preview:large","max-video-preview":"max-video-preview:-1"},"canonical":"https:\/\/cleitonpinheiro.com.br\/site\/estimativa-do-ibge-crescimento-populacional-de-palmas-fica-acima-da-media-nacional-com-328-499-habitantes\/","og_locale":"pt_BR","og_type":"article","og_title":"Estimativa do IBGE: crescimento populacional de Palmas fica acima da m\u00e9dia nacional, com 328.499 habitantes - PORTAL DE NOT\u00cdCIAS CLEITON PINHEIRO","og_description":"O Instituto Brasileiro de Geografia e Estat\u00edstica (IBGE) divulgou nesta quinta-feira, 28, a estimativa populacional. A popula\u00e7\u00e3o brasileira chega a 213,4 milh\u00f5es, que representa crescimento de 0,39% em rela\u00e7\u00e3o ao ano anterior. Palmas, que \u00e9 a capital mais jovem do Brasil, registrou a terceira maior taxa de crescimento entre as capitais brasileiras, com uma popula\u00e7\u00e3o [&hellip;]","og_url":"https:\/\/cleitonpinheiro.com.br\/site\/estimativa-do-ibge-crescimento-populacional-de-palmas-fica-acima-da-media-nacional-com-328-499-habitantes\/","og_site_name":"PORTAL DE NOT\u00cdCIAS CLEITON PINHEIRO","article_publisher":"https:\/\/www.facebook.com\/portalcpnoticias\/","article_published_time":"2025-08-28T17:49:42+00:00","article_modified_time":"2025-08-30T15:52:36+00:00","og_image":[{"width":2048,"height":1365,"url":"https:\/\/cleitonpinheiro.com.br\/site\/wp-content\/uploads\/2025\/05\/Foto-Cidade-de-palmas-entrada-de-Luz-Regiane-Rocha3-2048x1365-1.jpg","type":"image\/jpeg"}],"author":"Reda\u00e7\u00e3o CP","twitter_card":"summary_large_image","twitter_misc":{"Escrito por":"Reda\u00e7\u00e3o CP","Est. tempo de leitura":"2 minutos"},"schema":{"@context":"https:\/\/schema.org","@graph":[{"@type":"Article","@id":"https:\/\/cleitonpinheiro.com.br\/site\/estimativa-do-ibge-crescimento-populacional-de-palmas-fica-acima-da-media-nacional-com-328-499-habitantes\/#article","isPartOf":{"@id":"https:\/\/cleitonpinheiro.com.br\/site\/estimativa-do-ibge-crescimento-populacional-de-palmas-fica-acima-da-media-nacional-com-328-499-habitantes\/"},"author":{"name":"Reda\u00e7\u00e3o CP","@id":"https:\/\/cleitonpinheiro.com.br\/site\/#\/schema\/person\/8f04544e0bc40a1b68775b08360f87db"},"headline":"Estimativa do IBGE: crescimento populacional de Palmas fica acima da m\u00e9dia nacional, com 328.499 habitantes","datePublished":"2025-08-28T17:49:42+00:00","dateModified":"2025-08-30T15:52:36+00:00","mainEntityOfPage":{"@id":"https:\/\/cleitonpinheiro.com.br\/site\/estimativa-do-ibge-crescimento-populacional-de-palmas-fica-acima-da-media-nacional-com-328-499-habitantes\/"},"wordCount":230,"commentCount":0,"publisher":{"@id":"https:\/\/cleitonpinheiro.com.br\/site\/#organization"},"image":{"@id":"https:\/\/cleitonpinheiro.com.br\/site\/estimativa-do-ibge-crescimento-populacional-de-palmas-fica-acima-da-media-nacional-com-328-499-habitantes\/#primaryimage"},"thumbnailUrl":"https:\/\/cleitonpinheiro.com.br\/site\/wp-content\/uploads\/2025\/05\/Foto-Cidade-de-palmas-entrada-de-Luz-Regiane-Rocha3-2048x1365-1.jpg","articleSection":["CIDADES","MANCHETE SEGUND\u00c1RIA","TODAS NOTICIAS"],"inLanguage":"pt-BR","potentialAction":[{"@type":"CommentAction","name":"Comment","target":["https:\/\/cleitonpinheiro.com.br\/site\/estimativa-do-ibge-crescimento-populacional-de-palmas-fica-acima-da-media-nacional-com-328-499-habitantes\/#respond"]}]},{"@type":"WebPage","@id":"https:\/\/cleitonpinheiro.com.br\/site\/estimativa-do-ibge-crescimento-populacional-de-palmas-fica-acima-da-media-nacional-com-328-499-habitantes\/","url":"https:\/\/cleitonpinheiro.com.br\/site\/estimativa-do-ibge-crescimento-populacional-de-palmas-fica-acima-da-media-nacional-com-328-499-habitantes\/","name":"Estimativa do IBGE: crescimento populacional de Palmas fica acima da m\u00e9dia nacional, com 328.499 habitantes - PORTAL DE NOT\u00cdCIAS CLEITON PINHEIRO","isPartOf":{"@id":"https:\/\/cleitonpinheiro.com.br\/site\/#website"},"primaryImageOfPage":{"@id":"https:\/\/cleitonpinheiro.com.br\/site\/estimativa-do-ibge-crescimento-populacional-de-palmas-fica-acima-da-media-nacional-com-328-499-habitantes\/#primaryimage"},"image":{"@id":"https:\/\/cleitonpinheiro.com.br\/site\/estimativa-do-ibge-crescimento-populacional-de-palmas-fica-acima-da-media-nacional-com-328-499-habitantes\/#primaryimage"},"thumbnailUrl":"https:\/\/cleitonpinheiro.com.br\/site\/wp-content\/uploads\/2025\/05\/Foto-Cidade-de-palmas-entrada-de-Luz-Regiane-Rocha3-2048x1365-1.jpg","datePublished":"2025-08-28T17:49:42+00:00","dateModified":"2025-08-30T15:52:36+00:00","breadcrumb":{"@id":"https:\/\/cleitonpinheiro.com.br\/site\/estimativa-do-ibge-crescimento-populacional-de-palmas-fica-acima-da-media-nacional-com-328-499-habitantes\/#breadcrumb"},"inLanguage":"pt-BR","potentialAction":[{"@type":"ReadAction","target":["https:\/\/cleitonpinheiro.com.br\/site\/estimativa-do-ibge-crescimento-populacional-de-palmas-fica-acima-da-media-nacional-com-328-499-habitantes\/"]}]},{"@type":"ImageObject","inLanguage":"pt-BR","@id":"https:\/\/cleitonpinheiro.com.br\/site\/estimativa-do-ibge-crescimento-populacional-de-palmas-fica-acima-da-media-nacional-com-328-499-habitantes\/#primaryimage","url":"https:\/\/cleitonpinheiro.com.br\/site\/wp-content\/uploads\/2025\/05\/Foto-Cidade-de-palmas-entrada-de-Luz-Regiane-Rocha3-2048x1365-1.jpg","contentUrl":"https:\/\/cleitonpinheiro.com.br\/site\/wp-content\/uploads\/2025\/05\/Foto-Cidade-de-palmas-entrada-de-Luz-Regiane-Rocha3-2048x1365-1.jpg","width":2048,"height":1365,"caption":"Foto: Regiane Rocha"},{"@type":"BreadcrumbList","@id":"https:\/\/cleitonpinheiro.com.br\/site\/estimativa-do-ibge-crescimento-populacional-de-palmas-fica-acima-da-media-nacional-com-328-499-habitantes\/#breadcrumb","itemListElement":[{"@type":"ListItem","position":1,"name":"In\u00edcio","item":"https:\/\/cleitonpinheiro.com.br\/site\/"},{"@type":"ListItem","position":2,"name":"Estimativa do IBGE: crescimento populacional de Palmas fica acima da m\u00e9dia nacional, com 328.499 habitantes"}]},{"@type":"WebSite","@id":"https:\/\/cleitonpinheiro.com.br\/site\/#website","url":"https:\/\/cleitonpinheiro.com.br\/site\/","name":"PORTAL DE NOT\u00cdCIAS CLEITON PINHEIRO","description":"FALANDO A VERDADE","publisher":{"@id":"https:\/\/cleitonpinheiro.com.br\/site\/#organization"},"potentialAction":[{"@type":"SearchAction","target":{"@type":"EntryPoint","urlTemplate":"https:\/\/cleitonpinheiro.com.br\/site\/?s={search_term_string}"},"query-input":{"@type":"PropertyValueSpecification","valueRequired":true,"valueName":"search_term_string"}}],"inLanguage":"pt-BR"},{"@type":"Organization","@id":"https:\/\/cleitonpinheiro.com.br\/site\/#organization","name":"CPNOT\u00cdCIAS","url":"https:\/\/cleitonpinheiro.com.br\/site\/","logo":{"@type":"ImageObject","inLanguage":"pt-BR","@id":"https:\/\/cleitonpinheiro.com.br\/site\/#\/schema\/logo\/image\/","url":"https:\/\/cleitonpinheiro.com.br\/site\/wp-content\/uploads\/2022\/08\/Logo-pequena-2.png","contentUrl":"https:\/\/cleitonpinheiro.com.br\/site\/wp-content\/uploads\/2022\/08\/Logo-pequena-2.png","width":500,"height":500,"caption":"CPNOT\u00cdCIAS"},"image":{"@id":"https:\/\/cleitonpinheiro.com.br\/site\/#\/schema\/logo\/image\/"},"sameAs":["https:\/\/www.facebook.com\/portalcpnoticias\/"]},{"@type":"Person","@id":"https:\/\/cleitonpinheiro.com.br\/site\/#\/schema\/person\/8f04544e0bc40a1b68775b08360f87db","name":"Reda\u00e7\u00e3o CP","image":{"@type":"ImageObject","inLanguage":"pt-BR","@id":"https:\/\/cleitonpinheiro.com.br\/site\/#\/schema\/person\/image\/","url":"https:\/\/secure.gravatar.com\/avatar\/0bcf19cb29fdc8fc588c490c7ae1b3e174dac268586a63fbe1d1893a0f9020cd?s=96&r=g","contentUrl":"https:\/\/secure.gravatar.com\/avatar\/0bcf19cb29fdc8fc588c490c7ae1b3e174dac268586a63fbe1d1893a0f9020cd?s=96&r=g","caption":"Reda\u00e7\u00e3o CP"},"url":"https:\/\/cleitonpinheiro.com.br\/site\/author\/redacao\/"}]}},"views":360,"_links":{"self":[{"href":"https:\/\/cleitonpinheiro.com.br\/site\/wp-json\/wp\/v2\/posts\/86695","targetHints":{"allow":["GET"]}}],"collection":[{"href":"https:\/\/cleitonpinheiro.com.br\/site\/wp-json\/wp\/v2\/posts"}],"about":[{"href":"https:\/\/cleitonpinheiro.com.br\/site\/wp-json\/wp\/v2\/types\/post"}],"author":[{"embeddable":true,"href":"https:\/\/cleitonpinheiro.com.br\/site\/wp-json\/wp\/v2\/users\/13"}],"replies":[{"embeddable":true,"href":"https:\/\/cleitonpinheiro.com.br\/site\/wp-json\/wp\/v2\/comments?post=86695"}],"version-history":[{"count":1,"href":"https:\/\/cleitonpinheiro.com.br\/site\/wp-json\/wp\/v2\/posts\/86695\/revisions"}],"predecessor-version":[{"id":86696,"href":"https:\/\/cleitonpinheiro.com.br\/site\/wp-json\/wp\/v2\/posts\/86695\/revisions\/86696"}],"wp:featuredmedia":[{"embeddable":true,"href":"https:\/\/cleitonpinheiro.com.br\/site\/wp-json\/wp\/v2\/media\/85630"}],"wp:attachment":[{"href":"https:\/\/cleitonpinheiro.com.br\/site\/wp-json\/wp\/v2\/media?parent=86695"}],"wp:term":[{"taxonomy":"category","embeddable":true,"href":"https:\/\/cleitonpinheiro.com.br\/site\/wp-json\/wp\/v2\/categories?post=86695"},{"taxonomy":"post_tag","embeddable":true,"href":"https:\/\/cleitonpinheiro.com.br\/site\/wp-json\/wp\/v2\/tags?post=86695"}],"curies":[{"name":"wp","href":"https:\/\/api.w.org\/{rel}","templated":true}]}}