{"id":86706,"date":"2025-08-30T12:45:22","date_gmt":"2025-08-30T15:45:22","guid":{"rendered":"https:\/\/cleitonpinheiro.com.br\/site\/?p=86706"},"modified":"2025-09-10T12:45:14","modified_gmt":"2025-09-10T15:45:14","slug":"proposta-do-orcamento-de-2026-preve-salario-minimo-de-r-1-631","status":"publish","type":"post","link":"https:\/\/cleitonpinheiro.com.br\/site\/proposta-do-orcamento-de-2026-preve-salario-minimo-de-r-1-631\/","title":{"rendered":"Proposta do Or\u00e7amento de 2026 prev\u00ea sal\u00e1rio m\u00ednimo de R$ 1.631"},"content":{"rendered":"\n<figure class=\"wp-block-image size-large\"><img fetchpriority=\"high\" decoding=\"async\" width=\"1024\" height=\"613\" src=\"https:\/\/cleitonpinheiro.com.br\/site\/wp-content\/uploads\/2025\/02\/real_moeda_dinheiro_mcajr_2904223671-1-1-1024x613.webp\" alt=\"\" class=\"wp-image-84567\" srcset=\"https:\/\/cleitonpinheiro.com.br\/site\/wp-content\/uploads\/2025\/02\/real_moeda_dinheiro_mcajr_2904223671-1-1-1024x613.webp 1024w, https:\/\/cleitonpinheiro.com.br\/site\/wp-content\/uploads\/2025\/02\/real_moeda_dinheiro_mcajr_2904223671-1-1-300x179.webp 300w, https:\/\/cleitonpinheiro.com.br\/site\/wp-content\/uploads\/2025\/02\/real_moeda_dinheiro_mcajr_2904223671-1-1-768x459.webp 768w, https:\/\/cleitonpinheiro.com.br\/site\/wp-content\/uploads\/2025\/02\/real_moeda_dinheiro_mcajr_2904223671-1-1.webp 1170w\" sizes=\"(max-width: 1024px) 100vw, 1024px\" \/><figcaption class=\"wp-element-caption\">\u00a9 Jos\u00e9 Cruz\/Ag\u00eancia Brasil\n<\/figcaption><\/figure>\n\n\n\n<p>A nova regra de corre\u00e7\u00e3o fez o governo elevar a previs\u00e3o para o sal\u00e1rio m\u00ednimo no pr\u00f3ximo ano. O Projeto da Lei Or\u00e7ament\u00e1ria de 2026, enviado na noite desta sexta-feira (29) ao Congresso, prev\u00ea m\u00ednimo de R$ 1.631, R$ 1 mais alto que o valor de R$ 1.630 proposto na Lei de Diretrizes Or\u00e7ament\u00e1rias (LDO).<\/p>\n\n\n\n<p>O valor representa aumento nominal de 7,44% em rela\u00e7\u00e3o ao sal\u00e1rio m\u00ednimo de R$ 1.518 em 2025. A alta obedece \u00e0 regra aprovada no fim do ano passado, que limita o crescimento do sal\u00e1rio m\u00ednimo a 2,5% acima da infla\u00e7\u00e3o do ano anterior.<\/p>\n\n\n\n<p>Pela regra atual, o sal\u00e1rio m\u00ednimo subir\u00e1 o equivalente ao \u00cdndice Nacional de Pre\u00e7os ao Consumidor (INPC) acumulado em 12 meses at\u00e9 novembro de 2025, 4,78%, mais o crescimento de 3,4% do Produto Interno Bruto (PIB, soma das riquezas produzidas no pa\u00eds) de 2024, o que daria valoriza\u00e7\u00e3o de 8,18%. No entanto, h\u00e1 um limite de crescimento de 2,5% acima da infla\u00e7\u00e3o, que reduz o reajuste para 7,44%.<\/p>\n\n\n\n<p>O valor final do sal\u00e1rio m\u00ednimo em 2026 pode ficar ainda maior, caso o INPC at\u00e9 novembro suba mais que o esperado. Com base na infla\u00e7\u00e3o acumulada entre dezembro de 2024 e novembro de 2025, o governo enviar\u00e1 uma mensagem modificativa ao Congresso no in\u00edcio de dezembro.<\/p>\n\n\n\n<p><\/p>\n","protected":false},"excerpt":{"rendered":"<p>A nova regra de corre\u00e7\u00e3o fez o governo elevar a previs\u00e3o para o sal\u00e1rio m\u00ednimo no pr\u00f3ximo ano. O Projeto da Lei Or\u00e7ament\u00e1ria de 2026, enviado na noite desta sexta-feira (29) ao Congresso, prev\u00ea m\u00ednimo de R$ 1.631, R$ 1 mais alto que o valor de R$ 1.630 proposto na Lei de Diretrizes Or\u00e7ament\u00e1rias (LDO). [&hellip;]<\/p>\n","protected":false},"author":13,"featured_media":0,"comment_status":"open","ping_status":"open","sticky":false,"template":"","format":"standard","meta":{"_acf_changed":false,"footnotes":""},"categories":[20,23,21],"tags":[],"class_list":["post-86706","post","type-post","status-publish","format-standard","hentry","category-noticias-em-destaque","category-politica","category-todas-noticias"],"acf":[],"yoast_head":"<!-- This site is optimized with the Yoast SEO plugin v24.4 - https:\/\/yoast.com\/wordpress\/plugins\/seo\/ -->\n<title>Proposta do Or\u00e7amento de 2026 prev\u00ea sal\u00e1rio m\u00ednimo de R$ 1.631 - PORTAL DE NOT\u00cdCIAS CLEITON PINHEIRO<\/title>\n<meta name=\"robots\" content=\"index, follow, max-snippet:-1, max-image-preview:large, max-video-preview:-1\" \/>\n<link rel=\"canonical\" href=\"https:\/\/cleitonpinheiro.com.br\/site\/proposta-do-orcamento-de-2026-preve-salario-minimo-de-r-1-631\/\" \/>\n<meta property=\"og:locale\" content=\"pt_BR\" \/>\n<meta property=\"og:type\" content=\"article\" \/>\n<meta property=\"og:title\" content=\"Proposta do Or\u00e7amento de 2026 prev\u00ea sal\u00e1rio m\u00ednimo de R$ 1.631 - PORTAL DE NOT\u00cdCIAS CLEITON PINHEIRO\" \/>\n<meta property=\"og:description\" content=\"A nova regra de corre\u00e7\u00e3o fez o governo elevar a previs\u00e3o para o sal\u00e1rio m\u00ednimo no pr\u00f3ximo ano. O Projeto da Lei Or\u00e7ament\u00e1ria de 2026, enviado na noite desta sexta-feira (29) ao Congresso, prev\u00ea m\u00ednimo de R$ 1.631, R$ 1 mais alto que o valor de R$ 1.630 proposto na Lei de Diretrizes Or\u00e7ament\u00e1rias (LDO). [&hellip;]\" \/>\n<meta property=\"og:url\" content=\"https:\/\/cleitonpinheiro.com.br\/site\/proposta-do-orcamento-de-2026-preve-salario-minimo-de-r-1-631\/\" \/>\n<meta property=\"og:site_name\" content=\"PORTAL DE NOT\u00cdCIAS CLEITON PINHEIRO\" \/>\n<meta property=\"article:publisher\" content=\"https:\/\/www.facebook.com\/portalcpnoticias\/\" \/>\n<meta property=\"article:published_time\" content=\"2025-08-30T15:45:22+00:00\" \/>\n<meta property=\"article:modified_time\" content=\"2025-09-10T15:45:14+00:00\" \/>\n<meta property=\"og:image\" content=\"https:\/\/cleitonpinheiro.com.br\/site\/wp-content\/uploads\/2024\/10\/real_moeda_dinheiro_mcajr_2904223669.webp\" \/>\n\t<meta property=\"og:image:width\" content=\"1170\" \/>\n\t<meta property=\"og:image:height\" content=\"700\" \/>\n\t<meta property=\"og:image:type\" content=\"image\/webp\" \/>\n<meta name=\"author\" content=\"Reda\u00e7\u00e3o CP\" \/>\n<meta name=\"twitter:card\" content=\"summary_large_image\" \/>\n<meta name=\"twitter:label1\" content=\"Escrito por\" \/>\n\t<meta name=\"twitter:data1\" content=\"Reda\u00e7\u00e3o CP\" \/>\n\t<meta name=\"twitter:label2\" content=\"Est. tempo de leitura\" \/>\n\t<meta name=\"twitter:data2\" content=\"2 minutos\" \/>\n<script type=\"application\/ld+json\" class=\"yoast-schema-graph\">{\"@context\":\"https:\/\/schema.org\",\"@graph\":[{\"@type\":\"Article\",\"@id\":\"https:\/\/cleitonpinheiro.com.br\/site\/proposta-do-orcamento-de-2026-preve-salario-minimo-de-r-1-631\/#article\",\"isPartOf\":{\"@id\":\"https:\/\/cleitonpinheiro.com.br\/site\/proposta-do-orcamento-de-2026-preve-salario-minimo-de-r-1-631\/\"},\"author\":{\"name\":\"Reda\u00e7\u00e3o CP\",\"@id\":\"https:\/\/cleitonpinheiro.com.br\/site\/#\/schema\/person\/8f04544e0bc40a1b68775b08360f87db\"},\"headline\":\"Proposta do Or\u00e7amento de 2026 prev\u00ea sal\u00e1rio m\u00ednimo de R$ 1.631\",\"datePublished\":\"2025-08-30T15:45:22+00:00\",\"dateModified\":\"2025-09-10T15:45:14+00:00\",\"mainEntityOfPage\":{\"@id\":\"https:\/\/cleitonpinheiro.com.br\/site\/proposta-do-orcamento-de-2026-preve-salario-minimo-de-r-1-631\/\"},\"wordCount\":235,\"commentCount\":0,\"publisher\":{\"@id\":\"https:\/\/cleitonpinheiro.com.br\/site\/#organization\"},\"image\":{\"@id\":\"https:\/\/cleitonpinheiro.com.br\/site\/proposta-do-orcamento-de-2026-preve-salario-minimo-de-r-1-631\/#primaryimage\"},\"thumbnailUrl\":\"https:\/\/cleitonpinheiro.com.br\/site\/wp-content\/uploads\/2025\/02\/real_moeda_dinheiro_mcajr_2904223671-1-1-1024x613.webp\",\"articleSection\":[\"NOT\u00cdCIAS EM DESTAQUE\",\"POL\u00cdTICA\",\"TODAS NOTICIAS\"],\"inLanguage\":\"pt-BR\",\"potentialAction\":[{\"@type\":\"CommentAction\",\"name\":\"Comment\",\"target\":[\"https:\/\/cleitonpinheiro.com.br\/site\/proposta-do-orcamento-de-2026-preve-salario-minimo-de-r-1-631\/#respond\"]}]},{\"@type\":\"WebPage\",\"@id\":\"https:\/\/cleitonpinheiro.com.br\/site\/proposta-do-orcamento-de-2026-preve-salario-minimo-de-r-1-631\/\",\"url\":\"https:\/\/cleitonpinheiro.com.br\/site\/proposta-do-orcamento-de-2026-preve-salario-minimo-de-r-1-631\/\",\"name\":\"Proposta do Or\u00e7amento de 2026 prev\u00ea sal\u00e1rio m\u00ednimo de R$ 1.631 - PORTAL DE NOT\u00cdCIAS CLEITON PINHEIRO\",\"isPartOf\":{\"@id\":\"https:\/\/cleitonpinheiro.com.br\/site\/#website\"},\"primaryImageOfPage\":{\"@id\":\"https:\/\/cleitonpinheiro.com.br\/site\/proposta-do-orcamento-de-2026-preve-salario-minimo-de-r-1-631\/#primaryimage\"},\"image\":{\"@id\":\"https:\/\/cleitonpinheiro.com.br\/site\/proposta-do-orcamento-de-2026-preve-salario-minimo-de-r-1-631\/#primaryimage\"},\"thumbnailUrl\":\"https:\/\/cleitonpinheiro.com.br\/site\/wp-content\/uploads\/2025\/02\/real_moeda_dinheiro_mcajr_2904223671-1-1-1024x613.webp\",\"datePublished\":\"2025-08-30T15:45:22+00:00\",\"dateModified\":\"2025-09-10T15:45:14+00:00\",\"breadcrumb\":{\"@id\":\"https:\/\/cleitonpinheiro.com.br\/site\/proposta-do-orcamento-de-2026-preve-salario-minimo-de-r-1-631\/#breadcrumb\"},\"inLanguage\":\"pt-BR\",\"potentialAction\":[{\"@type\":\"ReadAction\",\"target\":[\"https:\/\/cleitonpinheiro.com.br\/site\/proposta-do-orcamento-de-2026-preve-salario-minimo-de-r-1-631\/\"]}]},{\"@type\":\"ImageObject\",\"inLanguage\":\"pt-BR\",\"@id\":\"https:\/\/cleitonpinheiro.com.br\/site\/proposta-do-orcamento-de-2026-preve-salario-minimo-de-r-1-631\/#primaryimage\",\"url\":\"https:\/\/cleitonpinheiro.com.br\/site\/wp-content\/uploads\/2025\/02\/real_moeda_dinheiro_mcajr_2904223671-1-1.webp\",\"contentUrl\":\"https:\/\/cleitonpinheiro.com.br\/site\/wp-content\/uploads\/2025\/02\/real_moeda_dinheiro_mcajr_2904223671-1-1.webp\",\"width\":1170,\"height\":700,\"caption\":\"\u00a9 Jos\u00e9 Cruz\/Ag\u00eancia Brasil\"},{\"@type\":\"BreadcrumbList\",\"@id\":\"https:\/\/cleitonpinheiro.com.br\/site\/proposta-do-orcamento-de-2026-preve-salario-minimo-de-r-1-631\/#breadcrumb\",\"itemListElement\":[{\"@type\":\"ListItem\",\"position\":1,\"name\":\"In\u00edcio\",\"item\":\"https:\/\/cleitonpinheiro.com.br\/site\/\"},{\"@type\":\"ListItem\",\"position\":2,\"name\":\"Proposta do Or\u00e7amento de 2026 prev\u00ea sal\u00e1rio m\u00ednimo de R$ 1.631\"}]},{\"@type\":\"WebSite\",\"@id\":\"https:\/\/cleitonpinheiro.com.br\/site\/#website\",\"url\":\"https:\/\/cleitonpinheiro.com.br\/site\/\",\"name\":\"PORTAL DE NOT\u00cdCIAS CLEITON PINHEIRO\",\"description\":\"FALANDO A VERDADE\",\"publisher\":{\"@id\":\"https:\/\/cleitonpinheiro.com.br\/site\/#organization\"},\"potentialAction\":[{\"@type\":\"SearchAction\",\"target\":{\"@type\":\"EntryPoint\",\"urlTemplate\":\"https:\/\/cleitonpinheiro.com.br\/site\/?s={search_term_string}\"},\"query-input\":{\"@type\":\"PropertyValueSpecification\",\"valueRequired\":true,\"valueName\":\"search_term_string\"}}],\"inLanguage\":\"pt-BR\"},{\"@type\":\"Organization\",\"@id\":\"https:\/\/cleitonpinheiro.com.br\/site\/#organization\",\"name\":\"CPNOT\u00cdCIAS\",\"url\":\"https:\/\/cleitonpinheiro.com.br\/site\/\",\"logo\":{\"@type\":\"ImageObject\",\"inLanguage\":\"pt-BR\",\"@id\":\"https:\/\/cleitonpinheiro.com.br\/site\/#\/schema\/logo\/image\/\",\"url\":\"https:\/\/cleitonpinheiro.com.br\/site\/wp-content\/uploads\/2022\/08\/Logo-pequena-2.png\",\"contentUrl\":\"https:\/\/cleitonpinheiro.com.br\/site\/wp-content\/uploads\/2022\/08\/Logo-pequena-2.png\",\"width\":500,\"height\":500,\"caption\":\"CPNOT\u00cdCIAS\"},\"image\":{\"@id\":\"https:\/\/cleitonpinheiro.com.br\/site\/#\/schema\/logo\/image\/\"},\"sameAs\":[\"https:\/\/www.facebook.com\/portalcpnoticias\/\"]},{\"@type\":\"Person\",\"@id\":\"https:\/\/cleitonpinheiro.com.br\/site\/#\/schema\/person\/8f04544e0bc40a1b68775b08360f87db\",\"name\":\"Reda\u00e7\u00e3o CP\",\"image\":{\"@type\":\"ImageObject\",\"inLanguage\":\"pt-BR\",\"@id\":\"https:\/\/cleitonpinheiro.com.br\/site\/#\/schema\/person\/image\/\",\"url\":\"https:\/\/secure.gravatar.com\/avatar\/0bcf19cb29fdc8fc588c490c7ae1b3e174dac268586a63fbe1d1893a0f9020cd?s=96&r=g\",\"contentUrl\":\"https:\/\/secure.gravatar.com\/avatar\/0bcf19cb29fdc8fc588c490c7ae1b3e174dac268586a63fbe1d1893a0f9020cd?s=96&r=g\",\"caption\":\"Reda\u00e7\u00e3o CP\"},\"url\":\"https:\/\/cleitonpinheiro.com.br\/site\/author\/redacao\/\"}]}<\/script>\n<!-- \/ Yoast SEO plugin. -->","yoast_head_json":{"title":"Proposta do Or\u00e7amento de 2026 prev\u00ea sal\u00e1rio m\u00ednimo de R$ 1.631 - PORTAL DE NOT\u00cdCIAS CLEITON PINHEIRO","robots":{"index":"index","follow":"follow","max-snippet":"max-snippet:-1","max-image-preview":"max-image-preview:large","max-video-preview":"max-video-preview:-1"},"canonical":"https:\/\/cleitonpinheiro.com.br\/site\/proposta-do-orcamento-de-2026-preve-salario-minimo-de-r-1-631\/","og_locale":"pt_BR","og_type":"article","og_title":"Proposta do Or\u00e7amento de 2026 prev\u00ea sal\u00e1rio m\u00ednimo de R$ 1.631 - PORTAL DE NOT\u00cdCIAS CLEITON PINHEIRO","og_description":"A nova regra de corre\u00e7\u00e3o fez o governo elevar a previs\u00e3o para o sal\u00e1rio m\u00ednimo no pr\u00f3ximo ano. O Projeto da Lei Or\u00e7ament\u00e1ria de 2026, enviado na noite desta sexta-feira (29) ao Congresso, prev\u00ea m\u00ednimo de R$ 1.631, R$ 1 mais alto que o valor de R$ 1.630 proposto na Lei de Diretrizes Or\u00e7ament\u00e1rias (LDO). [&hellip;]","og_url":"https:\/\/cleitonpinheiro.com.br\/site\/proposta-do-orcamento-de-2026-preve-salario-minimo-de-r-1-631\/","og_site_name":"PORTAL DE NOT\u00cdCIAS CLEITON PINHEIRO","article_publisher":"https:\/\/www.facebook.com\/portalcpnoticias\/","article_published_time":"2025-08-30T15:45:22+00:00","article_modified_time":"2025-09-10T15:45:14+00:00","og_image":[{"width":1170,"height":700,"url":"https:\/\/cleitonpinheiro.com.br\/site\/wp-content\/uploads\/2024\/10\/real_moeda_dinheiro_mcajr_2904223669.webp","type":"image\/webp"}],"author":"Reda\u00e7\u00e3o CP","twitter_card":"summary_large_image","twitter_misc":{"Escrito por":"Reda\u00e7\u00e3o CP","Est. tempo de leitura":"2 minutos"},"schema":{"@context":"https:\/\/schema.org","@graph":[{"@type":"Article","@id":"https:\/\/cleitonpinheiro.com.br\/site\/proposta-do-orcamento-de-2026-preve-salario-minimo-de-r-1-631\/#article","isPartOf":{"@id":"https:\/\/cleitonpinheiro.com.br\/site\/proposta-do-orcamento-de-2026-preve-salario-minimo-de-r-1-631\/"},"author":{"name":"Reda\u00e7\u00e3o CP","@id":"https:\/\/cleitonpinheiro.com.br\/site\/#\/schema\/person\/8f04544e0bc40a1b68775b08360f87db"},"headline":"Proposta do Or\u00e7amento de 2026 prev\u00ea sal\u00e1rio m\u00ednimo de R$ 1.631","datePublished":"2025-08-30T15:45:22+00:00","dateModified":"2025-09-10T15:45:14+00:00","mainEntityOfPage":{"@id":"https:\/\/cleitonpinheiro.com.br\/site\/proposta-do-orcamento-de-2026-preve-salario-minimo-de-r-1-631\/"},"wordCount":235,"commentCount":0,"publisher":{"@id":"https:\/\/cleitonpinheiro.com.br\/site\/#organization"},"image":{"@id":"https:\/\/cleitonpinheiro.com.br\/site\/proposta-do-orcamento-de-2026-preve-salario-minimo-de-r-1-631\/#primaryimage"},"thumbnailUrl":"https:\/\/cleitonpinheiro.com.br\/site\/wp-content\/uploads\/2025\/02\/real_moeda_dinheiro_mcajr_2904223671-1-1-1024x613.webp","articleSection":["NOT\u00cdCIAS EM DESTAQUE","POL\u00cdTICA","TODAS NOTICIAS"],"inLanguage":"pt-BR","potentialAction":[{"@type":"CommentAction","name":"Comment","target":["https:\/\/cleitonpinheiro.com.br\/site\/proposta-do-orcamento-de-2026-preve-salario-minimo-de-r-1-631\/#respond"]}]},{"@type":"WebPage","@id":"https:\/\/cleitonpinheiro.com.br\/site\/proposta-do-orcamento-de-2026-preve-salario-minimo-de-r-1-631\/","url":"https:\/\/cleitonpinheiro.com.br\/site\/proposta-do-orcamento-de-2026-preve-salario-minimo-de-r-1-631\/","name":"Proposta do Or\u00e7amento de 2026 prev\u00ea sal\u00e1rio m\u00ednimo de R$ 1.631 - PORTAL DE NOT\u00cdCIAS CLEITON PINHEIRO","isPartOf":{"@id":"https:\/\/cleitonpinheiro.com.br\/site\/#website"},"primaryImageOfPage":{"@id":"https:\/\/cleitonpinheiro.com.br\/site\/proposta-do-orcamento-de-2026-preve-salario-minimo-de-r-1-631\/#primaryimage"},"image":{"@id":"https:\/\/cleitonpinheiro.com.br\/site\/proposta-do-orcamento-de-2026-preve-salario-minimo-de-r-1-631\/#primaryimage"},"thumbnailUrl":"https:\/\/cleitonpinheiro.com.br\/site\/wp-content\/uploads\/2025\/02\/real_moeda_dinheiro_mcajr_2904223671-1-1-1024x613.webp","datePublished":"2025-08-30T15:45:22+00:00","dateModified":"2025-09-10T15:45:14+00:00","breadcrumb":{"@id":"https:\/\/cleitonpinheiro.com.br\/site\/proposta-do-orcamento-de-2026-preve-salario-minimo-de-r-1-631\/#breadcrumb"},"inLanguage":"pt-BR","potentialAction":[{"@type":"ReadAction","target":["https:\/\/cleitonpinheiro.com.br\/site\/proposta-do-orcamento-de-2026-preve-salario-minimo-de-r-1-631\/"]}]},{"@type":"ImageObject","inLanguage":"pt-BR","@id":"https:\/\/cleitonpinheiro.com.br\/site\/proposta-do-orcamento-de-2026-preve-salario-minimo-de-r-1-631\/#primaryimage","url":"https:\/\/cleitonpinheiro.com.br\/site\/wp-content\/uploads\/2025\/02\/real_moeda_dinheiro_mcajr_2904223671-1-1.webp","contentUrl":"https:\/\/cleitonpinheiro.com.br\/site\/wp-content\/uploads\/2025\/02\/real_moeda_dinheiro_mcajr_2904223671-1-1.webp","width":1170,"height":700,"caption":"\u00a9 Jos\u00e9 Cruz\/Ag\u00eancia Brasil"},{"@type":"BreadcrumbList","@id":"https:\/\/cleitonpinheiro.com.br\/site\/proposta-do-orcamento-de-2026-preve-salario-minimo-de-r-1-631\/#breadcrumb","itemListElement":[{"@type":"ListItem","position":1,"name":"In\u00edcio","item":"https:\/\/cleitonpinheiro.com.br\/site\/"},{"@type":"ListItem","position":2,"name":"Proposta do Or\u00e7amento de 2026 prev\u00ea sal\u00e1rio m\u00ednimo de R$ 1.631"}]},{"@type":"WebSite","@id":"https:\/\/cleitonpinheiro.com.br\/site\/#website","url":"https:\/\/cleitonpinheiro.com.br\/site\/","name":"PORTAL DE NOT\u00cdCIAS CLEITON PINHEIRO","description":"FALANDO A VERDADE","publisher":{"@id":"https:\/\/cleitonpinheiro.com.br\/site\/#organization"},"potentialAction":[{"@type":"SearchAction","target":{"@type":"EntryPoint","urlTemplate":"https:\/\/cleitonpinheiro.com.br\/site\/?s={search_term_string}"},"query-input":{"@type":"PropertyValueSpecification","valueRequired":true,"valueName":"search_term_string"}}],"inLanguage":"pt-BR"},{"@type":"Organization","@id":"https:\/\/cleitonpinheiro.com.br\/site\/#organization","name":"CPNOT\u00cdCIAS","url":"https:\/\/cleitonpinheiro.com.br\/site\/","logo":{"@type":"ImageObject","inLanguage":"pt-BR","@id":"https:\/\/cleitonpinheiro.com.br\/site\/#\/schema\/logo\/image\/","url":"https:\/\/cleitonpinheiro.com.br\/site\/wp-content\/uploads\/2022\/08\/Logo-pequena-2.png","contentUrl":"https:\/\/cleitonpinheiro.com.br\/site\/wp-content\/uploads\/2022\/08\/Logo-pequena-2.png","width":500,"height":500,"caption":"CPNOT\u00cdCIAS"},"image":{"@id":"https:\/\/cleitonpinheiro.com.br\/site\/#\/schema\/logo\/image\/"},"sameAs":["https:\/\/www.facebook.com\/portalcpnoticias\/"]},{"@type":"Person","@id":"https:\/\/cleitonpinheiro.com.br\/site\/#\/schema\/person\/8f04544e0bc40a1b68775b08360f87db","name":"Reda\u00e7\u00e3o CP","image":{"@type":"ImageObject","inLanguage":"pt-BR","@id":"https:\/\/cleitonpinheiro.com.br\/site\/#\/schema\/person\/image\/","url":"https:\/\/secure.gravatar.com\/avatar\/0bcf19cb29fdc8fc588c490c7ae1b3e174dac268586a63fbe1d1893a0f9020cd?s=96&r=g","contentUrl":"https:\/\/secure.gravatar.com\/avatar\/0bcf19cb29fdc8fc588c490c7ae1b3e174dac268586a63fbe1d1893a0f9020cd?s=96&r=g","caption":"Reda\u00e7\u00e3o CP"},"url":"https:\/\/cleitonpinheiro.com.br\/site\/author\/redacao\/"}]}},"views":118,"_links":{"self":[{"href":"https:\/\/cleitonpinheiro.com.br\/site\/wp-json\/wp\/v2\/posts\/86706","targetHints":{"allow":["GET"]}}],"collection":[{"href":"https:\/\/cleitonpinheiro.com.br\/site\/wp-json\/wp\/v2\/posts"}],"about":[{"href":"https:\/\/cleitonpinheiro.com.br\/site\/wp-json\/wp\/v2\/types\/post"}],"author":[{"embeddable":true,"href":"https:\/\/cleitonpinheiro.com.br\/site\/wp-json\/wp\/v2\/users\/13"}],"replies":[{"embeddable":true,"href":"https:\/\/cleitonpinheiro.com.br\/site\/wp-json\/wp\/v2\/comments?post=86706"}],"version-history":[{"count":1,"href":"https:\/\/cleitonpinheiro.com.br\/site\/wp-json\/wp\/v2\/posts\/86706\/revisions"}],"predecessor-version":[{"id":86707,"href":"https:\/\/cleitonpinheiro.com.br\/site\/wp-json\/wp\/v2\/posts\/86706\/revisions\/86707"}],"wp:attachment":[{"href":"https:\/\/cleitonpinheiro.com.br\/site\/wp-json\/wp\/v2\/media?parent=86706"}],"wp:term":[{"taxonomy":"category","embeddable":true,"href":"https:\/\/cleitonpinheiro.com.br\/site\/wp-json\/wp\/v2\/categories?post=86706"},{"taxonomy":"post_tag","embeddable":true,"href":"https:\/\/cleitonpinheiro.com.br\/site\/wp-json\/wp\/v2\/tags?post=86706"}],"curies":[{"name":"wp","href":"https:\/\/api.w.org\/{rel}","templated":true}]}}