{"id":86708,"date":"2025-08-30T12:48:14","date_gmt":"2025-08-30T15:48:14","guid":{"rendered":"https:\/\/cleitonpinheiro.com.br\/site\/?p=86708"},"modified":"2025-08-30T12:48:18","modified_gmt":"2025-08-30T15:48:18","slug":"stf-ministro-moraes-manda-vistoriar-carros-e-area-externa-da-casa-de-bolsonaro","status":"publish","type":"post","link":"https:\/\/cleitonpinheiro.com.br\/site\/stf-ministro-moraes-manda-vistoriar-carros-e-area-externa-da-casa-de-bolsonaro\/","title":{"rendered":"STF: ministro Moraes manda vistoriar carros e \u00e1rea externa da casa de Bolsonaro"},"content":{"rendered":"\n<figure class=\"wp-block-image size-large\"><img fetchpriority=\"high\" decoding=\"async\" width=\"1024\" height=\"613\" src=\"https:\/\/cleitonpinheiro.com.br\/site\/wp-content\/uploads\/2025\/08\/07082025-pzzb7366-1024x613.webp\" alt=\"\" class=\"wp-image-86543\" srcset=\"https:\/\/cleitonpinheiro.com.br\/site\/wp-content\/uploads\/2025\/08\/07082025-pzzb7366-1024x613.webp 1024w, https:\/\/cleitonpinheiro.com.br\/site\/wp-content\/uploads\/2025\/08\/07082025-pzzb7366-300x179.webp 300w, https:\/\/cleitonpinheiro.com.br\/site\/wp-content\/uploads\/2025\/08\/07082025-pzzb7366-768x459.webp 768w, https:\/\/cleitonpinheiro.com.br\/site\/wp-content\/uploads\/2025\/08\/07082025-pzzb7366.webp 1170w\" sizes=\"(max-width: 1024px) 100vw, 1024px\" \/><figcaption class=\"wp-element-caption\">\u00a9 Fabio Rodrigues-Pozzebom\/ Ag\u00eancia Brasil\n<\/figcaption><\/figure>\n\n\n\n<p>O ministro Alexandre de Moraes, do Supremo Tribunal Federal (STF), determinou neste s\u00e1bado (30) o refor\u00e7o nas medidas de monitoramento permanente da casa do ex-presidente Jair Bolsonaro, que cumpre pris\u00e3o domiciliar em um condom\u00ednio no bairro Jardim Bot\u00e2nico, \u00e1rea nobre de Bras\u00edlia.<\/p>\n\n\n\n<p>A decis\u00e3o ocorre ap\u00f3s o procurador-geral da Rep\u00fablica, Paulo Gonet, ter enviado ao STF parecer contr\u00e1rio ao pedido da Pol\u00edcia Federal (PF) para que agentes da corpora\u00e7\u00e3o permanecessem no interior da casa de Bolsonaro 24 horas por dia. Apesar disso, o procurador se manifestou favor\u00e1vel ao refor\u00e7o da seguran\u00e7a nas proximidades da resid\u00eancia e na entrada do condom\u00ednio, o que foi acatado pelo ministro.<\/p>\n\n\n\n<p>Em sua decis\u00e3o, Moraes mandou a Pol\u00edcia Penal do DF realizar monitoramento presencial na \u00e1rea externa da resid\u00eancia e das divisas com os demais im\u00f3veis, onde poderia haver exposi\u00e7\u00e3o ao risco de fuga.<\/p>\n\n\n\n<p>Al\u00e9m do monitoramento externo, o ministro do STF autorizou a realiza\u00e7\u00e3o de vistorias nos &#8220;habit\u00e1culos e porta-malas de todos os ve\u00edculos que sa\u00edrem da resid\u00eancia do r\u00e9u&#8221;. Essas vistorias, segundo a decis\u00e3o, dever\u00e3o ser documentadas, com a indica\u00e7\u00e3o dos ve\u00edculos, motoristas e passageiros, e envio dessas informa\u00e7\u00f5es ao STF diariamente.<\/p>\n\n\n\n<p>Julgamento<br>Na pr\u00f3xima ter\u00e7a-feira (2), Bolsonaro e mais sete aliados, que s\u00e3o r\u00e9us do n\u00facleo 1 da trama golpista, ser\u00e3o julgados pela Primeira Turma da Corte.<\/p>\n\n\n\n<p>O ex-presidente cumpre pris\u00e3o domiciliar desde o in\u00edcio de agosto, com uso de tornozeleira eletr\u00f4nica. A medida foi determinada ap\u00f3s Alexandre de Moraes entender que o ex-presidente violou as medidas cautelares que proibiam postagens nas redes sociais de terceiros.<\/p>\n\n\n\n<p>Na semana passada, em outra investiga\u00e7\u00e3o, a PF descobriu que Bolsonaro tinha um documento de asilo pol\u00edtico para ser apresentado ao presidente da Argentina, Javier Milei. Segundo a PF, o documento estava salvo no aparelho desde 2024.<\/p>\n\n\n\n<p>De acordo com a defesa, o documento era apenas um &#8220;rascunho&#8221;, e a solicita\u00e7\u00e3o de asilo n\u00e3o ocorreu. Os advogados negaram ainda a tentativa de fuga do pa\u00eds.<\/p>\n","protected":false},"excerpt":{"rendered":"<p>O ministro Alexandre de Moraes, do Supremo Tribunal Federal (STF), determinou neste s\u00e1bado (30) o refor\u00e7o nas medidas de monitoramento permanente da casa do ex-presidente Jair Bolsonaro, que cumpre pris\u00e3o domiciliar em um condom\u00ednio no bairro Jardim Bot\u00e2nico, \u00e1rea nobre de Bras\u00edlia. A decis\u00e3o ocorre ap\u00f3s o procurador-geral da Rep\u00fablica, Paulo Gonet, ter enviado ao [&hellip;]<\/p>\n","protected":false},"author":13,"featured_media":86543,"comment_status":"open","ping_status":"open","sticky":false,"template":"","format":"standard","meta":{"_acf_changed":false,"footnotes":""},"categories":[898,23,21],"tags":[],"class_list":["post-86708","post","type-post","status-publish","format-standard","has-post-thumbnail","hentry","category-manchete-segundaria","category-politica","category-todas-noticias"],"acf":[],"yoast_head":"<!-- This site is optimized with the Yoast SEO plugin v24.4 - https:\/\/yoast.com\/wordpress\/plugins\/seo\/ -->\n<title>STF: ministro Moraes manda vistoriar carros e \u00e1rea externa da casa de Bolsonaro - PORTAL DE NOT\u00cdCIAS CLEITON PINHEIRO<\/title>\n<meta name=\"robots\" content=\"index, follow, max-snippet:-1, max-image-preview:large, max-video-preview:-1\" \/>\n<link rel=\"canonical\" href=\"https:\/\/cleitonpinheiro.com.br\/site\/stf-ministro-moraes-manda-vistoriar-carros-e-area-externa-da-casa-de-bolsonaro\/\" \/>\n<meta property=\"og:locale\" content=\"pt_BR\" \/>\n<meta property=\"og:type\" content=\"article\" \/>\n<meta property=\"og:title\" content=\"STF: ministro Moraes manda vistoriar carros e \u00e1rea externa da casa de Bolsonaro - PORTAL DE NOT\u00cdCIAS CLEITON PINHEIRO\" \/>\n<meta property=\"og:description\" content=\"O ministro Alexandre de Moraes, do Supremo Tribunal Federal (STF), determinou neste s\u00e1bado (30) o refor\u00e7o nas medidas de monitoramento permanente da casa do ex-presidente Jair Bolsonaro, que cumpre pris\u00e3o domiciliar em um condom\u00ednio no bairro Jardim Bot\u00e2nico, \u00e1rea nobre de Bras\u00edlia. A decis\u00e3o ocorre ap\u00f3s o procurador-geral da Rep\u00fablica, Paulo Gonet, ter enviado ao [&hellip;]\" \/>\n<meta property=\"og:url\" content=\"https:\/\/cleitonpinheiro.com.br\/site\/stf-ministro-moraes-manda-vistoriar-carros-e-area-externa-da-casa-de-bolsonaro\/\" \/>\n<meta property=\"og:site_name\" content=\"PORTAL DE NOT\u00cdCIAS CLEITON PINHEIRO\" \/>\n<meta property=\"article:publisher\" content=\"https:\/\/www.facebook.com\/portalcpnoticias\/\" \/>\n<meta property=\"article:published_time\" content=\"2025-08-30T15:48:14+00:00\" \/>\n<meta property=\"article:modified_time\" content=\"2025-08-30T15:48:18+00:00\" \/>\n<meta property=\"og:image\" content=\"https:\/\/cleitonpinheiro.com.br\/site\/wp-content\/uploads\/2025\/08\/07082025-pzzb7366.webp\" \/>\n\t<meta property=\"og:image:width\" content=\"1170\" \/>\n\t<meta property=\"og:image:height\" content=\"700\" \/>\n\t<meta property=\"og:image:type\" content=\"image\/webp\" \/>\n<meta name=\"author\" content=\"Reda\u00e7\u00e3o CP\" \/>\n<meta name=\"twitter:card\" content=\"summary_large_image\" \/>\n<meta name=\"twitter:label1\" content=\"Escrito por\" \/>\n\t<meta name=\"twitter:data1\" content=\"Reda\u00e7\u00e3o CP\" \/>\n\t<meta name=\"twitter:label2\" content=\"Est. tempo de leitura\" \/>\n\t<meta name=\"twitter:data2\" content=\"3 minutos\" \/>\n<script type=\"application\/ld+json\" class=\"yoast-schema-graph\">{\"@context\":\"https:\/\/schema.org\",\"@graph\":[{\"@type\":\"Article\",\"@id\":\"https:\/\/cleitonpinheiro.com.br\/site\/stf-ministro-moraes-manda-vistoriar-carros-e-area-externa-da-casa-de-bolsonaro\/#article\",\"isPartOf\":{\"@id\":\"https:\/\/cleitonpinheiro.com.br\/site\/stf-ministro-moraes-manda-vistoriar-carros-e-area-externa-da-casa-de-bolsonaro\/\"},\"author\":{\"name\":\"Reda\u00e7\u00e3o CP\",\"@id\":\"https:\/\/cleitonpinheiro.com.br\/site\/#\/schema\/person\/8f04544e0bc40a1b68775b08360f87db\"},\"headline\":\"STF: ministro Moraes manda vistoriar carros e \u00e1rea externa da casa de Bolsonaro\",\"datePublished\":\"2025-08-30T15:48:14+00:00\",\"dateModified\":\"2025-08-30T15:48:18+00:00\",\"mainEntityOfPage\":{\"@id\":\"https:\/\/cleitonpinheiro.com.br\/site\/stf-ministro-moraes-manda-vistoriar-carros-e-area-externa-da-casa-de-bolsonaro\/\"},\"wordCount\":380,\"commentCount\":0,\"publisher\":{\"@id\":\"https:\/\/cleitonpinheiro.com.br\/site\/#organization\"},\"image\":{\"@id\":\"https:\/\/cleitonpinheiro.com.br\/site\/stf-ministro-moraes-manda-vistoriar-carros-e-area-externa-da-casa-de-bolsonaro\/#primaryimage\"},\"thumbnailUrl\":\"https:\/\/cleitonpinheiro.com.br\/site\/wp-content\/uploads\/2025\/08\/07082025-pzzb7366.webp\",\"articleSection\":[\"MANCHETE SEGUND\u00c1RIA\",\"POL\u00cdTICA\",\"TODAS NOTICIAS\"],\"inLanguage\":\"pt-BR\",\"potentialAction\":[{\"@type\":\"CommentAction\",\"name\":\"Comment\",\"target\":[\"https:\/\/cleitonpinheiro.com.br\/site\/stf-ministro-moraes-manda-vistoriar-carros-e-area-externa-da-casa-de-bolsonaro\/#respond\"]}]},{\"@type\":\"WebPage\",\"@id\":\"https:\/\/cleitonpinheiro.com.br\/site\/stf-ministro-moraes-manda-vistoriar-carros-e-area-externa-da-casa-de-bolsonaro\/\",\"url\":\"https:\/\/cleitonpinheiro.com.br\/site\/stf-ministro-moraes-manda-vistoriar-carros-e-area-externa-da-casa-de-bolsonaro\/\",\"name\":\"STF: ministro Moraes manda vistoriar carros e \u00e1rea externa da casa de Bolsonaro - PORTAL DE NOT\u00cdCIAS CLEITON PINHEIRO\",\"isPartOf\":{\"@id\":\"https:\/\/cleitonpinheiro.com.br\/site\/#website\"},\"primaryImageOfPage\":{\"@id\":\"https:\/\/cleitonpinheiro.com.br\/site\/stf-ministro-moraes-manda-vistoriar-carros-e-area-externa-da-casa-de-bolsonaro\/#primaryimage\"},\"image\":{\"@id\":\"https:\/\/cleitonpinheiro.com.br\/site\/stf-ministro-moraes-manda-vistoriar-carros-e-area-externa-da-casa-de-bolsonaro\/#primaryimage\"},\"thumbnailUrl\":\"https:\/\/cleitonpinheiro.com.br\/site\/wp-content\/uploads\/2025\/08\/07082025-pzzb7366.webp\",\"datePublished\":\"2025-08-30T15:48:14+00:00\",\"dateModified\":\"2025-08-30T15:48:18+00:00\",\"breadcrumb\":{\"@id\":\"https:\/\/cleitonpinheiro.com.br\/site\/stf-ministro-moraes-manda-vistoriar-carros-e-area-externa-da-casa-de-bolsonaro\/#breadcrumb\"},\"inLanguage\":\"pt-BR\",\"potentialAction\":[{\"@type\":\"ReadAction\",\"target\":[\"https:\/\/cleitonpinheiro.com.br\/site\/stf-ministro-moraes-manda-vistoriar-carros-e-area-externa-da-casa-de-bolsonaro\/\"]}]},{\"@type\":\"ImageObject\",\"inLanguage\":\"pt-BR\",\"@id\":\"https:\/\/cleitonpinheiro.com.br\/site\/stf-ministro-moraes-manda-vistoriar-carros-e-area-externa-da-casa-de-bolsonaro\/#primaryimage\",\"url\":\"https:\/\/cleitonpinheiro.com.br\/site\/wp-content\/uploads\/2025\/08\/07082025-pzzb7366.webp\",\"contentUrl\":\"https:\/\/cleitonpinheiro.com.br\/site\/wp-content\/uploads\/2025\/08\/07082025-pzzb7366.webp\",\"width\":1170,\"height\":700,\"caption\":\"\u00a9 Fabio Rodrigues-Pozzebom\/ Ag\u00eancia Brasil\"},{\"@type\":\"BreadcrumbList\",\"@id\":\"https:\/\/cleitonpinheiro.com.br\/site\/stf-ministro-moraes-manda-vistoriar-carros-e-area-externa-da-casa-de-bolsonaro\/#breadcrumb\",\"itemListElement\":[{\"@type\":\"ListItem\",\"position\":1,\"name\":\"In\u00edcio\",\"item\":\"https:\/\/cleitonpinheiro.com.br\/site\/\"},{\"@type\":\"ListItem\",\"position\":2,\"name\":\"STF: ministro Moraes manda vistoriar carros e \u00e1rea externa da casa de Bolsonaro\"}]},{\"@type\":\"WebSite\",\"@id\":\"https:\/\/cleitonpinheiro.com.br\/site\/#website\",\"url\":\"https:\/\/cleitonpinheiro.com.br\/site\/\",\"name\":\"PORTAL DE NOT\u00cdCIAS CLEITON PINHEIRO\",\"description\":\"FALANDO A VERDADE\",\"publisher\":{\"@id\":\"https:\/\/cleitonpinheiro.com.br\/site\/#organization\"},\"potentialAction\":[{\"@type\":\"SearchAction\",\"target\":{\"@type\":\"EntryPoint\",\"urlTemplate\":\"https:\/\/cleitonpinheiro.com.br\/site\/?s={search_term_string}\"},\"query-input\":{\"@type\":\"PropertyValueSpecification\",\"valueRequired\":true,\"valueName\":\"search_term_string\"}}],\"inLanguage\":\"pt-BR\"},{\"@type\":\"Organization\",\"@id\":\"https:\/\/cleitonpinheiro.com.br\/site\/#organization\",\"name\":\"CPNOT\u00cdCIAS\",\"url\":\"https:\/\/cleitonpinheiro.com.br\/site\/\",\"logo\":{\"@type\":\"ImageObject\",\"inLanguage\":\"pt-BR\",\"@id\":\"https:\/\/cleitonpinheiro.com.br\/site\/#\/schema\/logo\/image\/\",\"url\":\"https:\/\/cleitonpinheiro.com.br\/site\/wp-content\/uploads\/2022\/08\/Logo-pequena-2.png\",\"contentUrl\":\"https:\/\/cleitonpinheiro.com.br\/site\/wp-content\/uploads\/2022\/08\/Logo-pequena-2.png\",\"width\":500,\"height\":500,\"caption\":\"CPNOT\u00cdCIAS\"},\"image\":{\"@id\":\"https:\/\/cleitonpinheiro.com.br\/site\/#\/schema\/logo\/image\/\"},\"sameAs\":[\"https:\/\/www.facebook.com\/portalcpnoticias\/\"]},{\"@type\":\"Person\",\"@id\":\"https:\/\/cleitonpinheiro.com.br\/site\/#\/schema\/person\/8f04544e0bc40a1b68775b08360f87db\",\"name\":\"Reda\u00e7\u00e3o CP\",\"image\":{\"@type\":\"ImageObject\",\"inLanguage\":\"pt-BR\",\"@id\":\"https:\/\/cleitonpinheiro.com.br\/site\/#\/schema\/person\/image\/\",\"url\":\"https:\/\/secure.gravatar.com\/avatar\/0bcf19cb29fdc8fc588c490c7ae1b3e174dac268586a63fbe1d1893a0f9020cd?s=96&r=g\",\"contentUrl\":\"https:\/\/secure.gravatar.com\/avatar\/0bcf19cb29fdc8fc588c490c7ae1b3e174dac268586a63fbe1d1893a0f9020cd?s=96&r=g\",\"caption\":\"Reda\u00e7\u00e3o CP\"},\"url\":\"https:\/\/cleitonpinheiro.com.br\/site\/author\/redacao\/\"}]}<\/script>\n<!-- \/ Yoast SEO plugin. -->","yoast_head_json":{"title":"STF: ministro Moraes manda vistoriar carros e \u00e1rea externa da casa de Bolsonaro - PORTAL DE NOT\u00cdCIAS CLEITON PINHEIRO","robots":{"index":"index","follow":"follow","max-snippet":"max-snippet:-1","max-image-preview":"max-image-preview:large","max-video-preview":"max-video-preview:-1"},"canonical":"https:\/\/cleitonpinheiro.com.br\/site\/stf-ministro-moraes-manda-vistoriar-carros-e-area-externa-da-casa-de-bolsonaro\/","og_locale":"pt_BR","og_type":"article","og_title":"STF: ministro Moraes manda vistoriar carros e \u00e1rea externa da casa de Bolsonaro - PORTAL DE NOT\u00cdCIAS CLEITON PINHEIRO","og_description":"O ministro Alexandre de Moraes, do Supremo Tribunal Federal (STF), determinou neste s\u00e1bado (30) o refor\u00e7o nas medidas de monitoramento permanente da casa do ex-presidente Jair Bolsonaro, que cumpre pris\u00e3o domiciliar em um condom\u00ednio no bairro Jardim Bot\u00e2nico, \u00e1rea nobre de Bras\u00edlia. A decis\u00e3o ocorre ap\u00f3s o procurador-geral da Rep\u00fablica, Paulo Gonet, ter enviado ao [&hellip;]","og_url":"https:\/\/cleitonpinheiro.com.br\/site\/stf-ministro-moraes-manda-vistoriar-carros-e-area-externa-da-casa-de-bolsonaro\/","og_site_name":"PORTAL DE NOT\u00cdCIAS CLEITON PINHEIRO","article_publisher":"https:\/\/www.facebook.com\/portalcpnoticias\/","article_published_time":"2025-08-30T15:48:14+00:00","article_modified_time":"2025-08-30T15:48:18+00:00","og_image":[{"width":1170,"height":700,"url":"https:\/\/cleitonpinheiro.com.br\/site\/wp-content\/uploads\/2025\/08\/07082025-pzzb7366.webp","type":"image\/webp"}],"author":"Reda\u00e7\u00e3o CP","twitter_card":"summary_large_image","twitter_misc":{"Escrito por":"Reda\u00e7\u00e3o CP","Est. tempo de leitura":"3 minutos"},"schema":{"@context":"https:\/\/schema.org","@graph":[{"@type":"Article","@id":"https:\/\/cleitonpinheiro.com.br\/site\/stf-ministro-moraes-manda-vistoriar-carros-e-area-externa-da-casa-de-bolsonaro\/#article","isPartOf":{"@id":"https:\/\/cleitonpinheiro.com.br\/site\/stf-ministro-moraes-manda-vistoriar-carros-e-area-externa-da-casa-de-bolsonaro\/"},"author":{"name":"Reda\u00e7\u00e3o CP","@id":"https:\/\/cleitonpinheiro.com.br\/site\/#\/schema\/person\/8f04544e0bc40a1b68775b08360f87db"},"headline":"STF: ministro Moraes manda vistoriar carros e \u00e1rea externa da casa de Bolsonaro","datePublished":"2025-08-30T15:48:14+00:00","dateModified":"2025-08-30T15:48:18+00:00","mainEntityOfPage":{"@id":"https:\/\/cleitonpinheiro.com.br\/site\/stf-ministro-moraes-manda-vistoriar-carros-e-area-externa-da-casa-de-bolsonaro\/"},"wordCount":380,"commentCount":0,"publisher":{"@id":"https:\/\/cleitonpinheiro.com.br\/site\/#organization"},"image":{"@id":"https:\/\/cleitonpinheiro.com.br\/site\/stf-ministro-moraes-manda-vistoriar-carros-e-area-externa-da-casa-de-bolsonaro\/#primaryimage"},"thumbnailUrl":"https:\/\/cleitonpinheiro.com.br\/site\/wp-content\/uploads\/2025\/08\/07082025-pzzb7366.webp","articleSection":["MANCHETE SEGUND\u00c1RIA","POL\u00cdTICA","TODAS NOTICIAS"],"inLanguage":"pt-BR","potentialAction":[{"@type":"CommentAction","name":"Comment","target":["https:\/\/cleitonpinheiro.com.br\/site\/stf-ministro-moraes-manda-vistoriar-carros-e-area-externa-da-casa-de-bolsonaro\/#respond"]}]},{"@type":"WebPage","@id":"https:\/\/cleitonpinheiro.com.br\/site\/stf-ministro-moraes-manda-vistoriar-carros-e-area-externa-da-casa-de-bolsonaro\/","url":"https:\/\/cleitonpinheiro.com.br\/site\/stf-ministro-moraes-manda-vistoriar-carros-e-area-externa-da-casa-de-bolsonaro\/","name":"STF: ministro Moraes manda vistoriar carros e \u00e1rea externa da casa de Bolsonaro - PORTAL DE NOT\u00cdCIAS CLEITON PINHEIRO","isPartOf":{"@id":"https:\/\/cleitonpinheiro.com.br\/site\/#website"},"primaryImageOfPage":{"@id":"https:\/\/cleitonpinheiro.com.br\/site\/stf-ministro-moraes-manda-vistoriar-carros-e-area-externa-da-casa-de-bolsonaro\/#primaryimage"},"image":{"@id":"https:\/\/cleitonpinheiro.com.br\/site\/stf-ministro-moraes-manda-vistoriar-carros-e-area-externa-da-casa-de-bolsonaro\/#primaryimage"},"thumbnailUrl":"https:\/\/cleitonpinheiro.com.br\/site\/wp-content\/uploads\/2025\/08\/07082025-pzzb7366.webp","datePublished":"2025-08-30T15:48:14+00:00","dateModified":"2025-08-30T15:48:18+00:00","breadcrumb":{"@id":"https:\/\/cleitonpinheiro.com.br\/site\/stf-ministro-moraes-manda-vistoriar-carros-e-area-externa-da-casa-de-bolsonaro\/#breadcrumb"},"inLanguage":"pt-BR","potentialAction":[{"@type":"ReadAction","target":["https:\/\/cleitonpinheiro.com.br\/site\/stf-ministro-moraes-manda-vistoriar-carros-e-area-externa-da-casa-de-bolsonaro\/"]}]},{"@type":"ImageObject","inLanguage":"pt-BR","@id":"https:\/\/cleitonpinheiro.com.br\/site\/stf-ministro-moraes-manda-vistoriar-carros-e-area-externa-da-casa-de-bolsonaro\/#primaryimage","url":"https:\/\/cleitonpinheiro.com.br\/site\/wp-content\/uploads\/2025\/08\/07082025-pzzb7366.webp","contentUrl":"https:\/\/cleitonpinheiro.com.br\/site\/wp-content\/uploads\/2025\/08\/07082025-pzzb7366.webp","width":1170,"height":700,"caption":"\u00a9 Fabio Rodrigues-Pozzebom\/ Ag\u00eancia Brasil"},{"@type":"BreadcrumbList","@id":"https:\/\/cleitonpinheiro.com.br\/site\/stf-ministro-moraes-manda-vistoriar-carros-e-area-externa-da-casa-de-bolsonaro\/#breadcrumb","itemListElement":[{"@type":"ListItem","position":1,"name":"In\u00edcio","item":"https:\/\/cleitonpinheiro.com.br\/site\/"},{"@type":"ListItem","position":2,"name":"STF: ministro Moraes manda vistoriar carros e \u00e1rea externa da casa de Bolsonaro"}]},{"@type":"WebSite","@id":"https:\/\/cleitonpinheiro.com.br\/site\/#website","url":"https:\/\/cleitonpinheiro.com.br\/site\/","name":"PORTAL DE NOT\u00cdCIAS CLEITON PINHEIRO","description":"FALANDO A VERDADE","publisher":{"@id":"https:\/\/cleitonpinheiro.com.br\/site\/#organization"},"potentialAction":[{"@type":"SearchAction","target":{"@type":"EntryPoint","urlTemplate":"https:\/\/cleitonpinheiro.com.br\/site\/?s={search_term_string}"},"query-input":{"@type":"PropertyValueSpecification","valueRequired":true,"valueName":"search_term_string"}}],"inLanguage":"pt-BR"},{"@type":"Organization","@id":"https:\/\/cleitonpinheiro.com.br\/site\/#organization","name":"CPNOT\u00cdCIAS","url":"https:\/\/cleitonpinheiro.com.br\/site\/","logo":{"@type":"ImageObject","inLanguage":"pt-BR","@id":"https:\/\/cleitonpinheiro.com.br\/site\/#\/schema\/logo\/image\/","url":"https:\/\/cleitonpinheiro.com.br\/site\/wp-content\/uploads\/2022\/08\/Logo-pequena-2.png","contentUrl":"https:\/\/cleitonpinheiro.com.br\/site\/wp-content\/uploads\/2022\/08\/Logo-pequena-2.png","width":500,"height":500,"caption":"CPNOT\u00cdCIAS"},"image":{"@id":"https:\/\/cleitonpinheiro.com.br\/site\/#\/schema\/logo\/image\/"},"sameAs":["https:\/\/www.facebook.com\/portalcpnoticias\/"]},{"@type":"Person","@id":"https:\/\/cleitonpinheiro.com.br\/site\/#\/schema\/person\/8f04544e0bc40a1b68775b08360f87db","name":"Reda\u00e7\u00e3o CP","image":{"@type":"ImageObject","inLanguage":"pt-BR","@id":"https:\/\/cleitonpinheiro.com.br\/site\/#\/schema\/person\/image\/","url":"https:\/\/secure.gravatar.com\/avatar\/0bcf19cb29fdc8fc588c490c7ae1b3e174dac268586a63fbe1d1893a0f9020cd?s=96&r=g","contentUrl":"https:\/\/secure.gravatar.com\/avatar\/0bcf19cb29fdc8fc588c490c7ae1b3e174dac268586a63fbe1d1893a0f9020cd?s=96&r=g","caption":"Reda\u00e7\u00e3o CP"},"url":"https:\/\/cleitonpinheiro.com.br\/site\/author\/redacao\/"}]}},"views":129,"_links":{"self":[{"href":"https:\/\/cleitonpinheiro.com.br\/site\/wp-json\/wp\/v2\/posts\/86708","targetHints":{"allow":["GET"]}}],"collection":[{"href":"https:\/\/cleitonpinheiro.com.br\/site\/wp-json\/wp\/v2\/posts"}],"about":[{"href":"https:\/\/cleitonpinheiro.com.br\/site\/wp-json\/wp\/v2\/types\/post"}],"author":[{"embeddable":true,"href":"https:\/\/cleitonpinheiro.com.br\/site\/wp-json\/wp\/v2\/users\/13"}],"replies":[{"embeddable":true,"href":"https:\/\/cleitonpinheiro.com.br\/site\/wp-json\/wp\/v2\/comments?post=86708"}],"version-history":[{"count":1,"href":"https:\/\/cleitonpinheiro.com.br\/site\/wp-json\/wp\/v2\/posts\/86708\/revisions"}],"predecessor-version":[{"id":86709,"href":"https:\/\/cleitonpinheiro.com.br\/site\/wp-json\/wp\/v2\/posts\/86708\/revisions\/86709"}],"wp:featuredmedia":[{"embeddable":true,"href":"https:\/\/cleitonpinheiro.com.br\/site\/wp-json\/wp\/v2\/media\/86543"}],"wp:attachment":[{"href":"https:\/\/cleitonpinheiro.com.br\/site\/wp-json\/wp\/v2\/media?parent=86708"}],"wp:term":[{"taxonomy":"category","embeddable":true,"href":"https:\/\/cleitonpinheiro.com.br\/site\/wp-json\/wp\/v2\/categories?post=86708"},{"taxonomy":"post_tag","embeddable":true,"href":"https:\/\/cleitonpinheiro.com.br\/site\/wp-json\/wp\/v2\/tags?post=86708"}],"curies":[{"name":"wp","href":"https:\/\/api.w.org\/{rel}","templated":true}]}}