{"id":86727,"date":"2025-08-27T10:18:51","date_gmt":"2025-08-27T13:18:51","guid":{"rendered":"https:\/\/cleitonpinheiro.com.br\/site\/?p=86727"},"modified":"2025-09-01T10:21:37","modified_gmt":"2025-09-01T13:21:37","slug":"governador-wanderlei-vistoria-obras-da-duplicacao-da-ponte-palmas-luzimangues","status":"publish","type":"post","link":"https:\/\/cleitonpinheiro.com.br\/site\/governador-wanderlei-vistoria-obras-da-duplicacao-da-ponte-palmas-luzimangues\/","title":{"rendered":"Governador Wanderlei vistoria obras da duplica\u00e7\u00e3o da ponte Palmas-Luzimangues"},"content":{"rendered":"\n<figure class=\"wp-block-image size-full\"><img fetchpriority=\"high\" decoding=\"async\" width=\"883\" height=\"546\" src=\"https:\/\/cleitonpinheiro.com.br\/site\/wp-content\/uploads\/2025\/09\/440905.jpeg\" alt=\"\" class=\"wp-image-86728\" srcset=\"https:\/\/cleitonpinheiro.com.br\/site\/wp-content\/uploads\/2025\/09\/440905.jpeg 883w, https:\/\/cleitonpinheiro.com.br\/site\/wp-content\/uploads\/2025\/09\/440905-300x186.jpeg 300w, https:\/\/cleitonpinheiro.com.br\/site\/wp-content\/uploads\/2025\/09\/440905-768x475.jpeg 768w\" sizes=\"(max-width: 883px) 100vw, 883px\" \/><figcaption class=\"wp-element-caption\">Foto: Esequias Ara\u00fajo\/Governo do Tocantins<\/figcaption><\/figure>\n\n\n\n<p>O governador do Tocantins, Wanderlei Barbosa, vistoriou nesta ter\u00e7a-feira, 26, as obras de duplica\u00e7\u00e3o da Ponte Governador Jos\u00e9 Wilson Siqueira Campos, que liga Palmas a Luzimangues, distrito de Porto Nacional. A inspe\u00e7\u00e3o ocorreu ap\u00f3s determina\u00e7\u00e3o de acelerar os reparos no aterro e na via superior da ponte, garantindo a seguran\u00e7a da estrutura e preparando-a para o novo projeto de amplia\u00e7\u00e3o. A visita foi acompanhada pelo presidente da Ag\u00eancia de Transportes, Obras e Infraestrutura (Ageto), M\u00e1rcio Pinheiro, e por equipes t\u00e9cnicas.<\/p>\n\n\n\n<p>\u201cEstamos acompanhando a recomposi\u00e7\u00e3o do aterro, que j\u00e1 est\u00e1 em andamento, para garantir seguran\u00e7a e agilidade nos trabalhos de duplica\u00e7\u00e3o. Nossa meta \u00e9 entregar a ponte com passarelas at\u00e9 julho do pr\u00f3ximo ano. A estrutura contar\u00e1 com quatro pistas para melhorar o tr\u00e1fego, duas passarelas para pedestres e ciclistas, al\u00e9m da recupera\u00e7\u00e3o completa do asfalto em CBUQ (Concreto Betuminoso Usinado a Quente) e da instala\u00e7\u00e3o de uma academia ao ar livre. \u00c9 uma obra de grande import\u00e2ncia para o Tocantins, por isso fa\u00e7o quest\u00e3o de acompanhar de perto cada etapa\u201d, destacou o governador.<\/p>\n\n\n\n<p>O presidente da Ageto, M\u00e1rcio Pinheiro, refor\u00e7ou que o contrato tem prazo de 20 meses, mas os trabalhos est\u00e3o sendo acelerados. \u201cEstamos realizando a recomposi\u00e7\u00e3o do aterro e os reparos necess\u00e1rios em paralelo com a empresa executora, para concluir a obra antes do prazo\u201d, explicou.<\/p>\n\n\n\n<p>O projeto t\u00e9cnico de amplia\u00e7\u00e3o das vias foi elaborado pelo Cons\u00f3rcio Ponte Siqueira Campos \u2013 formado pelas empresas EHL Ltda. e RMG Engenharia \u2013 e est\u00e1 em fase de an\u00e1lise para aprova\u00e7\u00e3o. A proposta prev\u00ea a readequa\u00e7\u00e3o das faixas de rolamento, acostamentos e ciclovias, al\u00e9m da nova sinaliza\u00e7\u00e3o.<\/p>\n\n\n\n<p>Segundo Ulisses Soares, gerente de contratos da RMG Engenharia, o modelo foi inspirado na Ponte Deputado Darcy Castello de Mendon\u00e7a, que liga Vit\u00f3ria a Vila Velha, no Esp\u00edrito Santo. \u201cA ponte passar\u00e1 a ter quatro pistas de tr\u00e1fego r\u00e1pido, duas em cada sentido. A ciclopassarela e o passeio atuais ser\u00e3o substitu\u00eddos por novas estruturas. Os servi\u00e7os ocorrer\u00e3o, em grande parte, no per\u00edodo noturno, para minimizar impactos no tr\u00e2nsito\u201d, detalhou.<\/p>\n\n\n\n<p><strong>Investimentos<\/strong><\/p>\n\n\n\n<p>O projeto de duplica\u00e7\u00e3o da ponte e da TO-080, entre Luzimangues e Para\u00edso, soma R$ 250 milh\u00f5es em investimentos, por meio de contrato de repasse com o Banco de Bras\u00edlia (BRB). Desse total, R$ 97 milh\u00f5es s\u00e3o destinados especificamente \u00e0 obra da ponte.<\/p>\n\n\n\n<p><\/p>\n","protected":false},"excerpt":{"rendered":"<p>O governador do Tocantins, Wanderlei Barbosa, vistoriou nesta ter\u00e7a-feira, 26, as obras de duplica\u00e7\u00e3o da Ponte Governador Jos\u00e9 Wilson Siqueira Campos, que liga Palmas a Luzimangues, distrito de Porto Nacional. A inspe\u00e7\u00e3o ocorreu ap\u00f3s determina\u00e7\u00e3o de acelerar os reparos no aterro e na via superior da ponte, garantindo a seguran\u00e7a da estrutura e preparando-a para [&hellip;]<\/p>\n","protected":false},"author":13,"featured_media":86728,"comment_status":"open","ping_status":"open","sticky":false,"template":"","format":"standard","meta":{"_acf_changed":false,"footnotes":""},"categories":[8,898,21],"tags":[],"class_list":["post-86727","post","type-post","status-publish","format-standard","has-post-thumbnail","hentry","category-estado","category-manchete-segundaria","category-todas-noticias"],"acf":[],"yoast_head":"<!-- This site is optimized with the Yoast SEO plugin v24.4 - https:\/\/yoast.com\/wordpress\/plugins\/seo\/ -->\n<title>Governador Wanderlei vistoria obras da duplica\u00e7\u00e3o da ponte Palmas-Luzimangues - PORTAL DE NOT\u00cdCIAS CLEITON PINHEIRO<\/title>\n<meta name=\"robots\" content=\"index, follow, max-snippet:-1, max-image-preview:large, max-video-preview:-1\" \/>\n<link rel=\"canonical\" href=\"https:\/\/cleitonpinheiro.com.br\/site\/governador-wanderlei-vistoria-obras-da-duplicacao-da-ponte-palmas-luzimangues\/\" \/>\n<meta property=\"og:locale\" content=\"pt_BR\" \/>\n<meta property=\"og:type\" content=\"article\" \/>\n<meta property=\"og:title\" content=\"Governador Wanderlei vistoria obras da duplica\u00e7\u00e3o da ponte Palmas-Luzimangues - PORTAL DE NOT\u00cdCIAS CLEITON PINHEIRO\" \/>\n<meta property=\"og:description\" content=\"O governador do Tocantins, Wanderlei Barbosa, vistoriou nesta ter\u00e7a-feira, 26, as obras de duplica\u00e7\u00e3o da Ponte Governador Jos\u00e9 Wilson Siqueira Campos, que liga Palmas a Luzimangues, distrito de Porto Nacional. A inspe\u00e7\u00e3o ocorreu ap\u00f3s determina\u00e7\u00e3o de acelerar os reparos no aterro e na via superior da ponte, garantindo a seguran\u00e7a da estrutura e preparando-a para [&hellip;]\" \/>\n<meta property=\"og:url\" content=\"https:\/\/cleitonpinheiro.com.br\/site\/governador-wanderlei-vistoria-obras-da-duplicacao-da-ponte-palmas-luzimangues\/\" \/>\n<meta property=\"og:site_name\" content=\"PORTAL DE NOT\u00cdCIAS CLEITON PINHEIRO\" \/>\n<meta property=\"article:publisher\" content=\"https:\/\/www.facebook.com\/portalcpnoticias\/\" \/>\n<meta property=\"article:published_time\" content=\"2025-08-27T13:18:51+00:00\" \/>\n<meta property=\"article:modified_time\" content=\"2025-09-01T13:21:37+00:00\" \/>\n<meta property=\"og:image\" content=\"https:\/\/cleitonpinheiro.com.br\/site\/wp-content\/uploads\/2025\/09\/440905.jpeg\" \/>\n\t<meta property=\"og:image:width\" content=\"883\" \/>\n\t<meta property=\"og:image:height\" content=\"546\" \/>\n\t<meta property=\"og:image:type\" content=\"image\/jpeg\" \/>\n<meta name=\"author\" content=\"Reda\u00e7\u00e3o CP\" \/>\n<meta name=\"twitter:card\" content=\"summary_large_image\" \/>\n<meta name=\"twitter:label1\" content=\"Escrito por\" \/>\n\t<meta name=\"twitter:data1\" content=\"Reda\u00e7\u00e3o CP\" \/>\n\t<meta name=\"twitter:label2\" content=\"Est. tempo de leitura\" \/>\n\t<meta name=\"twitter:data2\" content=\"3 minutos\" \/>\n<script type=\"application\/ld+json\" class=\"yoast-schema-graph\">{\"@context\":\"https:\/\/schema.org\",\"@graph\":[{\"@type\":\"Article\",\"@id\":\"https:\/\/cleitonpinheiro.com.br\/site\/governador-wanderlei-vistoria-obras-da-duplicacao-da-ponte-palmas-luzimangues\/#article\",\"isPartOf\":{\"@id\":\"https:\/\/cleitonpinheiro.com.br\/site\/governador-wanderlei-vistoria-obras-da-duplicacao-da-ponte-palmas-luzimangues\/\"},\"author\":{\"name\":\"Reda\u00e7\u00e3o CP\",\"@id\":\"https:\/\/cleitonpinheiro.com.br\/site\/#\/schema\/person\/8f04544e0bc40a1b68775b08360f87db\"},\"headline\":\"Governador Wanderlei vistoria obras da duplica\u00e7\u00e3o da ponte Palmas-Luzimangues\",\"datePublished\":\"2025-08-27T13:18:51+00:00\",\"dateModified\":\"2025-09-01T13:21:37+00:00\",\"mainEntityOfPage\":{\"@id\":\"https:\/\/cleitonpinheiro.com.br\/site\/governador-wanderlei-vistoria-obras-da-duplicacao-da-ponte-palmas-luzimangues\/\"},\"wordCount\":438,\"commentCount\":0,\"publisher\":{\"@id\":\"https:\/\/cleitonpinheiro.com.br\/site\/#organization\"},\"image\":{\"@id\":\"https:\/\/cleitonpinheiro.com.br\/site\/governador-wanderlei-vistoria-obras-da-duplicacao-da-ponte-palmas-luzimangues\/#primaryimage\"},\"thumbnailUrl\":\"https:\/\/cleitonpinheiro.com.br\/site\/wp-content\/uploads\/2025\/09\/440905.jpeg\",\"articleSection\":[\"ESTADO\",\"MANCHETE SEGUND\u00c1RIA\",\"TODAS NOTICIAS\"],\"inLanguage\":\"pt-BR\",\"potentialAction\":[{\"@type\":\"CommentAction\",\"name\":\"Comment\",\"target\":[\"https:\/\/cleitonpinheiro.com.br\/site\/governador-wanderlei-vistoria-obras-da-duplicacao-da-ponte-palmas-luzimangues\/#respond\"]}]},{\"@type\":\"WebPage\",\"@id\":\"https:\/\/cleitonpinheiro.com.br\/site\/governador-wanderlei-vistoria-obras-da-duplicacao-da-ponte-palmas-luzimangues\/\",\"url\":\"https:\/\/cleitonpinheiro.com.br\/site\/governador-wanderlei-vistoria-obras-da-duplicacao-da-ponte-palmas-luzimangues\/\",\"name\":\"Governador Wanderlei vistoria obras da duplica\u00e7\u00e3o da ponte Palmas-Luzimangues - PORTAL DE NOT\u00cdCIAS CLEITON PINHEIRO\",\"isPartOf\":{\"@id\":\"https:\/\/cleitonpinheiro.com.br\/site\/#website\"},\"primaryImageOfPage\":{\"@id\":\"https:\/\/cleitonpinheiro.com.br\/site\/governador-wanderlei-vistoria-obras-da-duplicacao-da-ponte-palmas-luzimangues\/#primaryimage\"},\"image\":{\"@id\":\"https:\/\/cleitonpinheiro.com.br\/site\/governador-wanderlei-vistoria-obras-da-duplicacao-da-ponte-palmas-luzimangues\/#primaryimage\"},\"thumbnailUrl\":\"https:\/\/cleitonpinheiro.com.br\/site\/wp-content\/uploads\/2025\/09\/440905.jpeg\",\"datePublished\":\"2025-08-27T13:18:51+00:00\",\"dateModified\":\"2025-09-01T13:21:37+00:00\",\"breadcrumb\":{\"@id\":\"https:\/\/cleitonpinheiro.com.br\/site\/governador-wanderlei-vistoria-obras-da-duplicacao-da-ponte-palmas-luzimangues\/#breadcrumb\"},\"inLanguage\":\"pt-BR\",\"potentialAction\":[{\"@type\":\"ReadAction\",\"target\":[\"https:\/\/cleitonpinheiro.com.br\/site\/governador-wanderlei-vistoria-obras-da-duplicacao-da-ponte-palmas-luzimangues\/\"]}]},{\"@type\":\"ImageObject\",\"inLanguage\":\"pt-BR\",\"@id\":\"https:\/\/cleitonpinheiro.com.br\/site\/governador-wanderlei-vistoria-obras-da-duplicacao-da-ponte-palmas-luzimangues\/#primaryimage\",\"url\":\"https:\/\/cleitonpinheiro.com.br\/site\/wp-content\/uploads\/2025\/09\/440905.jpeg\",\"contentUrl\":\"https:\/\/cleitonpinheiro.com.br\/site\/wp-content\/uploads\/2025\/09\/440905.jpeg\",\"width\":883,\"height\":546,\"caption\":\"Foto: Esequias Ara\u00fajo\/Governo do Tocantins\"},{\"@type\":\"BreadcrumbList\",\"@id\":\"https:\/\/cleitonpinheiro.com.br\/site\/governador-wanderlei-vistoria-obras-da-duplicacao-da-ponte-palmas-luzimangues\/#breadcrumb\",\"itemListElement\":[{\"@type\":\"ListItem\",\"position\":1,\"name\":\"In\u00edcio\",\"item\":\"https:\/\/cleitonpinheiro.com.br\/site\/\"},{\"@type\":\"ListItem\",\"position\":2,\"name\":\"Governador Wanderlei vistoria obras da duplica\u00e7\u00e3o da ponte Palmas-Luzimangues\"}]},{\"@type\":\"WebSite\",\"@id\":\"https:\/\/cleitonpinheiro.com.br\/site\/#website\",\"url\":\"https:\/\/cleitonpinheiro.com.br\/site\/\",\"name\":\"PORTAL DE NOT\u00cdCIAS CLEITON PINHEIRO\",\"description\":\"FALANDO A VERDADE\",\"publisher\":{\"@id\":\"https:\/\/cleitonpinheiro.com.br\/site\/#organization\"},\"potentialAction\":[{\"@type\":\"SearchAction\",\"target\":{\"@type\":\"EntryPoint\",\"urlTemplate\":\"https:\/\/cleitonpinheiro.com.br\/site\/?s={search_term_string}\"},\"query-input\":{\"@type\":\"PropertyValueSpecification\",\"valueRequired\":true,\"valueName\":\"search_term_string\"}}],\"inLanguage\":\"pt-BR\"},{\"@type\":\"Organization\",\"@id\":\"https:\/\/cleitonpinheiro.com.br\/site\/#organization\",\"name\":\"CPNOT\u00cdCIAS\",\"url\":\"https:\/\/cleitonpinheiro.com.br\/site\/\",\"logo\":{\"@type\":\"ImageObject\",\"inLanguage\":\"pt-BR\",\"@id\":\"https:\/\/cleitonpinheiro.com.br\/site\/#\/schema\/logo\/image\/\",\"url\":\"https:\/\/cleitonpinheiro.com.br\/site\/wp-content\/uploads\/2022\/08\/Logo-pequena-2.png\",\"contentUrl\":\"https:\/\/cleitonpinheiro.com.br\/site\/wp-content\/uploads\/2022\/08\/Logo-pequena-2.png\",\"width\":500,\"height\":500,\"caption\":\"CPNOT\u00cdCIAS\"},\"image\":{\"@id\":\"https:\/\/cleitonpinheiro.com.br\/site\/#\/schema\/logo\/image\/\"},\"sameAs\":[\"https:\/\/www.facebook.com\/portalcpnoticias\/\"]},{\"@type\":\"Person\",\"@id\":\"https:\/\/cleitonpinheiro.com.br\/site\/#\/schema\/person\/8f04544e0bc40a1b68775b08360f87db\",\"name\":\"Reda\u00e7\u00e3o CP\",\"image\":{\"@type\":\"ImageObject\",\"inLanguage\":\"pt-BR\",\"@id\":\"https:\/\/cleitonpinheiro.com.br\/site\/#\/schema\/person\/image\/\",\"url\":\"https:\/\/secure.gravatar.com\/avatar\/0bcf19cb29fdc8fc588c490c7ae1b3e174dac268586a63fbe1d1893a0f9020cd?s=96&r=g\",\"contentUrl\":\"https:\/\/secure.gravatar.com\/avatar\/0bcf19cb29fdc8fc588c490c7ae1b3e174dac268586a63fbe1d1893a0f9020cd?s=96&r=g\",\"caption\":\"Reda\u00e7\u00e3o CP\"},\"url\":\"https:\/\/cleitonpinheiro.com.br\/site\/author\/redacao\/\"}]}<\/script>\n<!-- \/ Yoast SEO plugin. -->","yoast_head_json":{"title":"Governador Wanderlei vistoria obras da duplica\u00e7\u00e3o da ponte Palmas-Luzimangues - PORTAL DE NOT\u00cdCIAS CLEITON PINHEIRO","robots":{"index":"index","follow":"follow","max-snippet":"max-snippet:-1","max-image-preview":"max-image-preview:large","max-video-preview":"max-video-preview:-1"},"canonical":"https:\/\/cleitonpinheiro.com.br\/site\/governador-wanderlei-vistoria-obras-da-duplicacao-da-ponte-palmas-luzimangues\/","og_locale":"pt_BR","og_type":"article","og_title":"Governador Wanderlei vistoria obras da duplica\u00e7\u00e3o da ponte Palmas-Luzimangues - PORTAL DE NOT\u00cdCIAS CLEITON PINHEIRO","og_description":"O governador do Tocantins, Wanderlei Barbosa, vistoriou nesta ter\u00e7a-feira, 26, as obras de duplica\u00e7\u00e3o da Ponte Governador Jos\u00e9 Wilson Siqueira Campos, que liga Palmas a Luzimangues, distrito de Porto Nacional. A inspe\u00e7\u00e3o ocorreu ap\u00f3s determina\u00e7\u00e3o de acelerar os reparos no aterro e na via superior da ponte, garantindo a seguran\u00e7a da estrutura e preparando-a para [&hellip;]","og_url":"https:\/\/cleitonpinheiro.com.br\/site\/governador-wanderlei-vistoria-obras-da-duplicacao-da-ponte-palmas-luzimangues\/","og_site_name":"PORTAL DE NOT\u00cdCIAS CLEITON PINHEIRO","article_publisher":"https:\/\/www.facebook.com\/portalcpnoticias\/","article_published_time":"2025-08-27T13:18:51+00:00","article_modified_time":"2025-09-01T13:21:37+00:00","og_image":[{"width":883,"height":546,"url":"https:\/\/cleitonpinheiro.com.br\/site\/wp-content\/uploads\/2025\/09\/440905.jpeg","type":"image\/jpeg"}],"author":"Reda\u00e7\u00e3o CP","twitter_card":"summary_large_image","twitter_misc":{"Escrito por":"Reda\u00e7\u00e3o CP","Est. tempo de leitura":"3 minutos"},"schema":{"@context":"https:\/\/schema.org","@graph":[{"@type":"Article","@id":"https:\/\/cleitonpinheiro.com.br\/site\/governador-wanderlei-vistoria-obras-da-duplicacao-da-ponte-palmas-luzimangues\/#article","isPartOf":{"@id":"https:\/\/cleitonpinheiro.com.br\/site\/governador-wanderlei-vistoria-obras-da-duplicacao-da-ponte-palmas-luzimangues\/"},"author":{"name":"Reda\u00e7\u00e3o CP","@id":"https:\/\/cleitonpinheiro.com.br\/site\/#\/schema\/person\/8f04544e0bc40a1b68775b08360f87db"},"headline":"Governador Wanderlei vistoria obras da duplica\u00e7\u00e3o da ponte Palmas-Luzimangues","datePublished":"2025-08-27T13:18:51+00:00","dateModified":"2025-09-01T13:21:37+00:00","mainEntityOfPage":{"@id":"https:\/\/cleitonpinheiro.com.br\/site\/governador-wanderlei-vistoria-obras-da-duplicacao-da-ponte-palmas-luzimangues\/"},"wordCount":438,"commentCount":0,"publisher":{"@id":"https:\/\/cleitonpinheiro.com.br\/site\/#organization"},"image":{"@id":"https:\/\/cleitonpinheiro.com.br\/site\/governador-wanderlei-vistoria-obras-da-duplicacao-da-ponte-palmas-luzimangues\/#primaryimage"},"thumbnailUrl":"https:\/\/cleitonpinheiro.com.br\/site\/wp-content\/uploads\/2025\/09\/440905.jpeg","articleSection":["ESTADO","MANCHETE SEGUND\u00c1RIA","TODAS NOTICIAS"],"inLanguage":"pt-BR","potentialAction":[{"@type":"CommentAction","name":"Comment","target":["https:\/\/cleitonpinheiro.com.br\/site\/governador-wanderlei-vistoria-obras-da-duplicacao-da-ponte-palmas-luzimangues\/#respond"]}]},{"@type":"WebPage","@id":"https:\/\/cleitonpinheiro.com.br\/site\/governador-wanderlei-vistoria-obras-da-duplicacao-da-ponte-palmas-luzimangues\/","url":"https:\/\/cleitonpinheiro.com.br\/site\/governador-wanderlei-vistoria-obras-da-duplicacao-da-ponte-palmas-luzimangues\/","name":"Governador Wanderlei vistoria obras da duplica\u00e7\u00e3o da ponte Palmas-Luzimangues - PORTAL DE NOT\u00cdCIAS CLEITON PINHEIRO","isPartOf":{"@id":"https:\/\/cleitonpinheiro.com.br\/site\/#website"},"primaryImageOfPage":{"@id":"https:\/\/cleitonpinheiro.com.br\/site\/governador-wanderlei-vistoria-obras-da-duplicacao-da-ponte-palmas-luzimangues\/#primaryimage"},"image":{"@id":"https:\/\/cleitonpinheiro.com.br\/site\/governador-wanderlei-vistoria-obras-da-duplicacao-da-ponte-palmas-luzimangues\/#primaryimage"},"thumbnailUrl":"https:\/\/cleitonpinheiro.com.br\/site\/wp-content\/uploads\/2025\/09\/440905.jpeg","datePublished":"2025-08-27T13:18:51+00:00","dateModified":"2025-09-01T13:21:37+00:00","breadcrumb":{"@id":"https:\/\/cleitonpinheiro.com.br\/site\/governador-wanderlei-vistoria-obras-da-duplicacao-da-ponte-palmas-luzimangues\/#breadcrumb"},"inLanguage":"pt-BR","potentialAction":[{"@type":"ReadAction","target":["https:\/\/cleitonpinheiro.com.br\/site\/governador-wanderlei-vistoria-obras-da-duplicacao-da-ponte-palmas-luzimangues\/"]}]},{"@type":"ImageObject","inLanguage":"pt-BR","@id":"https:\/\/cleitonpinheiro.com.br\/site\/governador-wanderlei-vistoria-obras-da-duplicacao-da-ponte-palmas-luzimangues\/#primaryimage","url":"https:\/\/cleitonpinheiro.com.br\/site\/wp-content\/uploads\/2025\/09\/440905.jpeg","contentUrl":"https:\/\/cleitonpinheiro.com.br\/site\/wp-content\/uploads\/2025\/09\/440905.jpeg","width":883,"height":546,"caption":"Foto: Esequias Ara\u00fajo\/Governo do Tocantins"},{"@type":"BreadcrumbList","@id":"https:\/\/cleitonpinheiro.com.br\/site\/governador-wanderlei-vistoria-obras-da-duplicacao-da-ponte-palmas-luzimangues\/#breadcrumb","itemListElement":[{"@type":"ListItem","position":1,"name":"In\u00edcio","item":"https:\/\/cleitonpinheiro.com.br\/site\/"},{"@type":"ListItem","position":2,"name":"Governador Wanderlei vistoria obras da duplica\u00e7\u00e3o da ponte Palmas-Luzimangues"}]},{"@type":"WebSite","@id":"https:\/\/cleitonpinheiro.com.br\/site\/#website","url":"https:\/\/cleitonpinheiro.com.br\/site\/","name":"PORTAL DE NOT\u00cdCIAS CLEITON PINHEIRO","description":"FALANDO A VERDADE","publisher":{"@id":"https:\/\/cleitonpinheiro.com.br\/site\/#organization"},"potentialAction":[{"@type":"SearchAction","target":{"@type":"EntryPoint","urlTemplate":"https:\/\/cleitonpinheiro.com.br\/site\/?s={search_term_string}"},"query-input":{"@type":"PropertyValueSpecification","valueRequired":true,"valueName":"search_term_string"}}],"inLanguage":"pt-BR"},{"@type":"Organization","@id":"https:\/\/cleitonpinheiro.com.br\/site\/#organization","name":"CPNOT\u00cdCIAS","url":"https:\/\/cleitonpinheiro.com.br\/site\/","logo":{"@type":"ImageObject","inLanguage":"pt-BR","@id":"https:\/\/cleitonpinheiro.com.br\/site\/#\/schema\/logo\/image\/","url":"https:\/\/cleitonpinheiro.com.br\/site\/wp-content\/uploads\/2022\/08\/Logo-pequena-2.png","contentUrl":"https:\/\/cleitonpinheiro.com.br\/site\/wp-content\/uploads\/2022\/08\/Logo-pequena-2.png","width":500,"height":500,"caption":"CPNOT\u00cdCIAS"},"image":{"@id":"https:\/\/cleitonpinheiro.com.br\/site\/#\/schema\/logo\/image\/"},"sameAs":["https:\/\/www.facebook.com\/portalcpnoticias\/"]},{"@type":"Person","@id":"https:\/\/cleitonpinheiro.com.br\/site\/#\/schema\/person\/8f04544e0bc40a1b68775b08360f87db","name":"Reda\u00e7\u00e3o CP","image":{"@type":"ImageObject","inLanguage":"pt-BR","@id":"https:\/\/cleitonpinheiro.com.br\/site\/#\/schema\/person\/image\/","url":"https:\/\/secure.gravatar.com\/avatar\/0bcf19cb29fdc8fc588c490c7ae1b3e174dac268586a63fbe1d1893a0f9020cd?s=96&r=g","contentUrl":"https:\/\/secure.gravatar.com\/avatar\/0bcf19cb29fdc8fc588c490c7ae1b3e174dac268586a63fbe1d1893a0f9020cd?s=96&r=g","caption":"Reda\u00e7\u00e3o CP"},"url":"https:\/\/cleitonpinheiro.com.br\/site\/author\/redacao\/"}]}},"views":89,"_links":{"self":[{"href":"https:\/\/cleitonpinheiro.com.br\/site\/wp-json\/wp\/v2\/posts\/86727","targetHints":{"allow":["GET"]}}],"collection":[{"href":"https:\/\/cleitonpinheiro.com.br\/site\/wp-json\/wp\/v2\/posts"}],"about":[{"href":"https:\/\/cleitonpinheiro.com.br\/site\/wp-json\/wp\/v2\/types\/post"}],"author":[{"embeddable":true,"href":"https:\/\/cleitonpinheiro.com.br\/site\/wp-json\/wp\/v2\/users\/13"}],"replies":[{"embeddable":true,"href":"https:\/\/cleitonpinheiro.com.br\/site\/wp-json\/wp\/v2\/comments?post=86727"}],"version-history":[{"count":1,"href":"https:\/\/cleitonpinheiro.com.br\/site\/wp-json\/wp\/v2\/posts\/86727\/revisions"}],"predecessor-version":[{"id":86729,"href":"https:\/\/cleitonpinheiro.com.br\/site\/wp-json\/wp\/v2\/posts\/86727\/revisions\/86729"}],"wp:featuredmedia":[{"embeddable":true,"href":"https:\/\/cleitonpinheiro.com.br\/site\/wp-json\/wp\/v2\/media\/86728"}],"wp:attachment":[{"href":"https:\/\/cleitonpinheiro.com.br\/site\/wp-json\/wp\/v2\/media?parent=86727"}],"wp:term":[{"taxonomy":"category","embeddable":true,"href":"https:\/\/cleitonpinheiro.com.br\/site\/wp-json\/wp\/v2\/categories?post=86727"},{"taxonomy":"post_tag","embeddable":true,"href":"https:\/\/cleitonpinheiro.com.br\/site\/wp-json\/wp\/v2\/tags?post=86727"}],"curies":[{"name":"wp","href":"https:\/\/api.w.org\/{rel}","templated":true}]}}