{"id":86766,"date":"2025-09-03T08:24:52","date_gmt":"2025-09-03T11:24:52","guid":{"rendered":"https:\/\/cleitonpinheiro.com.br\/site\/?p=86766"},"modified":"2025-09-10T12:44:50","modified_gmt":"2025-09-10T15:44:50","slug":"governador-wanderlei-barbosa-e-afastado-por-seis-meses-em-nova-fase-da-operacao-fames-19","status":"publish","type":"post","link":"https:\/\/cleitonpinheiro.com.br\/site\/governador-wanderlei-barbosa-e-afastado-por-seis-meses-em-nova-fase-da-operacao-fames-19\/","title":{"rendered":"Governador Wanderlei Barbosa \u00e9 afastado por seis meses em nova fase da Opera\u00e7\u00e3o Fames-19"},"content":{"rendered":"\n<figure class=\"wp-block-image size-full\"><img fetchpriority=\"high\" decoding=\"async\" width=\"760\" height=\"434\" src=\"https:\/\/cleitonpinheiro.com.br\/site\/wp-content\/uploads\/2025\/09\/wanderlei-laurez-posse.jpg\" alt=\"\" class=\"wp-image-86768\" srcset=\"https:\/\/cleitonpinheiro.com.br\/site\/wp-content\/uploads\/2025\/09\/wanderlei-laurez-posse.jpg 760w, https:\/\/cleitonpinheiro.com.br\/site\/wp-content\/uploads\/2025\/09\/wanderlei-laurez-posse-300x171.jpg 300w\" sizes=\"(max-width: 760px) 100vw, 760px\" \/><\/figure>\n\n\n\n<p>Confirme informa\u00e7\u00f5es do <a href=\"https:\/\/clebertoledo.com.br\/tocantins\/governador-wanderlei-barbosa-e-afastado-em-nova-fase-da-fames-19-laurez-assume-palacio-pf-calcula-prejuizo-de-r-73-milhoes-com-desvios-na-compra-de-cestas-basicas\/\">Cleber Toledo<\/a>, o governador do Tocantins, Wanderlei Barbosa (Republicanos), foi afastado do cargo por um per\u00edodo de seis meses na manh\u00e3 desta quarta-feira, 3, em decorr\u00eancia de uma nova fase da Opera\u00e7\u00e3o Fames-19, que apura o desvio de recursos p\u00fablicos destinados \u00e0 distribui\u00e7\u00e3o de cestas b\u00e1sicas durante a pandemia de Covid-19. A primeira-dama, Karynne Sotero, tamb\u00e9m deixou o cargo de secret\u00e1ria de Participa\u00e7\u00f5es Sociais.<\/p>\n\n\n\n<p>Com a decis\u00e3o confirmada pelo Plen\u00e1rio do Superior Tribunal de Justi\u00e7a (STJ), o vice-governador Laurez Moreira (PSD) assumir\u00e1 o comando do Executivo estadual e ser\u00e1 conduzido ao Pal\u00e1cio Araguaia.<\/p>\n\n\n\n<p><strong>Mandados no Pal\u00e1cio Araguaia e na Assembleia<\/strong><\/p>\n\n\n\n<p>Al\u00e9m do afastamento de autoridades, a Pol\u00edcia Federal informou que mais de 200 agentes est\u00e3o cumprindo 51 mandados de busca e apreens\u00e3o, com o objetivo de coletar novas provas relacionadas ao uso de emendas parlamentares e ao recebimento de vantagens il\u00edcitas por parte de agentes p\u00fablicos e pol\u00edticos.<\/p>\n\n\n\n<p><strong>Preju\u00edzo estimado em R$ 73 milh\u00f5es<\/strong><\/p>\n\n\n\n<p>Diferente da primeira etapa da opera\u00e7\u00e3o, nesta fase a Pol\u00edcia Federal apresentou uma estimativa de preju\u00edzo: foram pagos mais de R$ 97 milh\u00f5es em contratos de fornecimento de cestas b\u00e1sicas e frangos congelados, com desvios superiores a R$ 73 milh\u00f5es. Os recursos teriam sido ocultados por meio de investimentos em empreendimentos de luxo, compra de gado e pagamento de despesas pessoais dos envolvidos.<\/p>\n\n\n\n<p><strong>O que dizem as investiga\u00e7\u00f5es<\/strong><\/p>\n\n\n\n<p>As investiga\u00e7\u00f5es, que tramitam sob sigilo no STJ, apontam fortes ind\u00edcios de um esquema de desvio de verbas p\u00fablicas entre 2020 e 2021, per\u00edodo em que os envolvidos teriam se aproveitado do estado de emerg\u00eancia em sa\u00fade p\u00fablica para fraudar contratos emergenciais de assist\u00eancia social.<\/p>\n\n\n\n<p><\/p>\n","protected":false},"excerpt":{"rendered":"<p>Confirme informa\u00e7\u00f5es do Cleber Toledo, o governador do Tocantins, Wanderlei Barbosa (Republicanos), foi afastado do cargo por um per\u00edodo de seis meses na manh\u00e3 desta quarta-feira, 3, em decorr\u00eancia de uma nova fase da Opera\u00e7\u00e3o Fames-19, que apura o desvio de recursos p\u00fablicos destinados \u00e0 distribui\u00e7\u00e3o de cestas b\u00e1sicas durante a pandemia de Covid-19. A [&hellip;]<\/p>\n","protected":false},"author":13,"featured_media":86768,"comment_status":"open","ping_status":"open","sticky":false,"template":"","format":"standard","meta":{"_acf_changed":false,"footnotes":""},"categories":[898,23,21],"tags":[],"class_list":["post-86766","post","type-post","status-publish","format-standard","has-post-thumbnail","hentry","category-manchete-segundaria","category-politica","category-todas-noticias"],"acf":[],"yoast_head":"<!-- This site is optimized with the Yoast SEO plugin v24.4 - https:\/\/yoast.com\/wordpress\/plugins\/seo\/ -->\n<title>Governador Wanderlei Barbosa \u00e9 afastado por seis meses em nova fase da Opera\u00e7\u00e3o Fames-19 - PORTAL DE NOT\u00cdCIAS CLEITON PINHEIRO<\/title>\n<meta name=\"robots\" content=\"index, follow, max-snippet:-1, max-image-preview:large, max-video-preview:-1\" \/>\n<link rel=\"canonical\" href=\"https:\/\/cleitonpinheiro.com.br\/site\/governador-wanderlei-barbosa-e-afastado-por-seis-meses-em-nova-fase-da-operacao-fames-19\/\" \/>\n<meta property=\"og:locale\" content=\"pt_BR\" \/>\n<meta property=\"og:type\" content=\"article\" \/>\n<meta property=\"og:title\" content=\"Governador Wanderlei Barbosa \u00e9 afastado por seis meses em nova fase da Opera\u00e7\u00e3o Fames-19 - PORTAL DE NOT\u00cdCIAS CLEITON PINHEIRO\" \/>\n<meta property=\"og:description\" content=\"Confirme informa\u00e7\u00f5es do Cleber Toledo, o governador do Tocantins, Wanderlei Barbosa (Republicanos), foi afastado do cargo por um per\u00edodo de seis meses na manh\u00e3 desta quarta-feira, 3, em decorr\u00eancia de uma nova fase da Opera\u00e7\u00e3o Fames-19, que apura o desvio de recursos p\u00fablicos destinados \u00e0 distribui\u00e7\u00e3o de cestas b\u00e1sicas durante a pandemia de Covid-19. A [&hellip;]\" \/>\n<meta property=\"og:url\" content=\"https:\/\/cleitonpinheiro.com.br\/site\/governador-wanderlei-barbosa-e-afastado-por-seis-meses-em-nova-fase-da-operacao-fames-19\/\" \/>\n<meta property=\"og:site_name\" content=\"PORTAL DE NOT\u00cdCIAS CLEITON PINHEIRO\" \/>\n<meta property=\"article:publisher\" content=\"https:\/\/www.facebook.com\/portalcpnoticias\/\" \/>\n<meta property=\"article:published_time\" content=\"2025-09-03T11:24:52+00:00\" \/>\n<meta property=\"article:modified_time\" content=\"2025-09-10T15:44:50+00:00\" \/>\n<meta property=\"og:image\" content=\"https:\/\/cleitonpinheiro.com.br\/site\/wp-content\/uploads\/2025\/09\/wanderlei-laurez-posse.jpg\" \/>\n\t<meta property=\"og:image:width\" content=\"760\" \/>\n\t<meta property=\"og:image:height\" content=\"434\" \/>\n\t<meta property=\"og:image:type\" content=\"image\/jpeg\" \/>\n<meta name=\"author\" content=\"Reda\u00e7\u00e3o CP\" \/>\n<meta name=\"twitter:card\" content=\"summary_large_image\" \/>\n<meta name=\"twitter:label1\" content=\"Escrito por\" \/>\n\t<meta name=\"twitter:data1\" content=\"Reda\u00e7\u00e3o CP\" \/>\n\t<meta name=\"twitter:label2\" content=\"Est. tempo de leitura\" \/>\n\t<meta name=\"twitter:data2\" content=\"2 minutos\" \/>\n<script type=\"application\/ld+json\" class=\"yoast-schema-graph\">{\"@context\":\"https:\/\/schema.org\",\"@graph\":[{\"@type\":\"Article\",\"@id\":\"https:\/\/cleitonpinheiro.com.br\/site\/governador-wanderlei-barbosa-e-afastado-por-seis-meses-em-nova-fase-da-operacao-fames-19\/#article\",\"isPartOf\":{\"@id\":\"https:\/\/cleitonpinheiro.com.br\/site\/governador-wanderlei-barbosa-e-afastado-por-seis-meses-em-nova-fase-da-operacao-fames-19\/\"},\"author\":{\"name\":\"Reda\u00e7\u00e3o CP\",\"@id\":\"https:\/\/cleitonpinheiro.com.br\/site\/#\/schema\/person\/8f04544e0bc40a1b68775b08360f87db\"},\"headline\":\"Governador Wanderlei Barbosa \u00e9 afastado por seis meses em nova fase da Opera\u00e7\u00e3o Fames-19\",\"datePublished\":\"2025-09-03T11:24:52+00:00\",\"dateModified\":\"2025-09-10T15:44:50+00:00\",\"mainEntityOfPage\":{\"@id\":\"https:\/\/cleitonpinheiro.com.br\/site\/governador-wanderlei-barbosa-e-afastado-por-seis-meses-em-nova-fase-da-operacao-fames-19\/\"},\"wordCount\":314,\"commentCount\":0,\"publisher\":{\"@id\":\"https:\/\/cleitonpinheiro.com.br\/site\/#organization\"},\"image\":{\"@id\":\"https:\/\/cleitonpinheiro.com.br\/site\/governador-wanderlei-barbosa-e-afastado-por-seis-meses-em-nova-fase-da-operacao-fames-19\/#primaryimage\"},\"thumbnailUrl\":\"https:\/\/cleitonpinheiro.com.br\/site\/wp-content\/uploads\/2025\/09\/wanderlei-laurez-posse.jpg\",\"articleSection\":[\"MANCHETE SEGUND\u00c1RIA\",\"POL\u00cdTICA\",\"TODAS NOTICIAS\"],\"inLanguage\":\"pt-BR\",\"potentialAction\":[{\"@type\":\"CommentAction\",\"name\":\"Comment\",\"target\":[\"https:\/\/cleitonpinheiro.com.br\/site\/governador-wanderlei-barbosa-e-afastado-por-seis-meses-em-nova-fase-da-operacao-fames-19\/#respond\"]}]},{\"@type\":\"WebPage\",\"@id\":\"https:\/\/cleitonpinheiro.com.br\/site\/governador-wanderlei-barbosa-e-afastado-por-seis-meses-em-nova-fase-da-operacao-fames-19\/\",\"url\":\"https:\/\/cleitonpinheiro.com.br\/site\/governador-wanderlei-barbosa-e-afastado-por-seis-meses-em-nova-fase-da-operacao-fames-19\/\",\"name\":\"Governador Wanderlei Barbosa \u00e9 afastado por seis meses em nova fase da Opera\u00e7\u00e3o Fames-19 - PORTAL DE NOT\u00cdCIAS CLEITON PINHEIRO\",\"isPartOf\":{\"@id\":\"https:\/\/cleitonpinheiro.com.br\/site\/#website\"},\"primaryImageOfPage\":{\"@id\":\"https:\/\/cleitonpinheiro.com.br\/site\/governador-wanderlei-barbosa-e-afastado-por-seis-meses-em-nova-fase-da-operacao-fames-19\/#primaryimage\"},\"image\":{\"@id\":\"https:\/\/cleitonpinheiro.com.br\/site\/governador-wanderlei-barbosa-e-afastado-por-seis-meses-em-nova-fase-da-operacao-fames-19\/#primaryimage\"},\"thumbnailUrl\":\"https:\/\/cleitonpinheiro.com.br\/site\/wp-content\/uploads\/2025\/09\/wanderlei-laurez-posse.jpg\",\"datePublished\":\"2025-09-03T11:24:52+00:00\",\"dateModified\":\"2025-09-10T15:44:50+00:00\",\"breadcrumb\":{\"@id\":\"https:\/\/cleitonpinheiro.com.br\/site\/governador-wanderlei-barbosa-e-afastado-por-seis-meses-em-nova-fase-da-operacao-fames-19\/#breadcrumb\"},\"inLanguage\":\"pt-BR\",\"potentialAction\":[{\"@type\":\"ReadAction\",\"target\":[\"https:\/\/cleitonpinheiro.com.br\/site\/governador-wanderlei-barbosa-e-afastado-por-seis-meses-em-nova-fase-da-operacao-fames-19\/\"]}]},{\"@type\":\"ImageObject\",\"inLanguage\":\"pt-BR\",\"@id\":\"https:\/\/cleitonpinheiro.com.br\/site\/governador-wanderlei-barbosa-e-afastado-por-seis-meses-em-nova-fase-da-operacao-fames-19\/#primaryimage\",\"url\":\"https:\/\/cleitonpinheiro.com.br\/site\/wp-content\/uploads\/2025\/09\/wanderlei-laurez-posse.jpg\",\"contentUrl\":\"https:\/\/cleitonpinheiro.com.br\/site\/wp-content\/uploads\/2025\/09\/wanderlei-laurez-posse.jpg\",\"width\":760,\"height\":434},{\"@type\":\"BreadcrumbList\",\"@id\":\"https:\/\/cleitonpinheiro.com.br\/site\/governador-wanderlei-barbosa-e-afastado-por-seis-meses-em-nova-fase-da-operacao-fames-19\/#breadcrumb\",\"itemListElement\":[{\"@type\":\"ListItem\",\"position\":1,\"name\":\"In\u00edcio\",\"item\":\"https:\/\/cleitonpinheiro.com.br\/site\/\"},{\"@type\":\"ListItem\",\"position\":2,\"name\":\"Governador Wanderlei Barbosa \u00e9 afastado por seis meses em nova fase da Opera\u00e7\u00e3o Fames-19\"}]},{\"@type\":\"WebSite\",\"@id\":\"https:\/\/cleitonpinheiro.com.br\/site\/#website\",\"url\":\"https:\/\/cleitonpinheiro.com.br\/site\/\",\"name\":\"PORTAL DE NOT\u00cdCIAS CLEITON PINHEIRO\",\"description\":\"FALANDO A VERDADE\",\"publisher\":{\"@id\":\"https:\/\/cleitonpinheiro.com.br\/site\/#organization\"},\"potentialAction\":[{\"@type\":\"SearchAction\",\"target\":{\"@type\":\"EntryPoint\",\"urlTemplate\":\"https:\/\/cleitonpinheiro.com.br\/site\/?s={search_term_string}\"},\"query-input\":{\"@type\":\"PropertyValueSpecification\",\"valueRequired\":true,\"valueName\":\"search_term_string\"}}],\"inLanguage\":\"pt-BR\"},{\"@type\":\"Organization\",\"@id\":\"https:\/\/cleitonpinheiro.com.br\/site\/#organization\",\"name\":\"CPNOT\u00cdCIAS\",\"url\":\"https:\/\/cleitonpinheiro.com.br\/site\/\",\"logo\":{\"@type\":\"ImageObject\",\"inLanguage\":\"pt-BR\",\"@id\":\"https:\/\/cleitonpinheiro.com.br\/site\/#\/schema\/logo\/image\/\",\"url\":\"https:\/\/cleitonpinheiro.com.br\/site\/wp-content\/uploads\/2022\/08\/Logo-pequena-2.png\",\"contentUrl\":\"https:\/\/cleitonpinheiro.com.br\/site\/wp-content\/uploads\/2022\/08\/Logo-pequena-2.png\",\"width\":500,\"height\":500,\"caption\":\"CPNOT\u00cdCIAS\"},\"image\":{\"@id\":\"https:\/\/cleitonpinheiro.com.br\/site\/#\/schema\/logo\/image\/\"},\"sameAs\":[\"https:\/\/www.facebook.com\/portalcpnoticias\/\"]},{\"@type\":\"Person\",\"@id\":\"https:\/\/cleitonpinheiro.com.br\/site\/#\/schema\/person\/8f04544e0bc40a1b68775b08360f87db\",\"name\":\"Reda\u00e7\u00e3o CP\",\"image\":{\"@type\":\"ImageObject\",\"inLanguage\":\"pt-BR\",\"@id\":\"https:\/\/cleitonpinheiro.com.br\/site\/#\/schema\/person\/image\/\",\"url\":\"https:\/\/secure.gravatar.com\/avatar\/0bcf19cb29fdc8fc588c490c7ae1b3e174dac268586a63fbe1d1893a0f9020cd?s=96&r=g\",\"contentUrl\":\"https:\/\/secure.gravatar.com\/avatar\/0bcf19cb29fdc8fc588c490c7ae1b3e174dac268586a63fbe1d1893a0f9020cd?s=96&r=g\",\"caption\":\"Reda\u00e7\u00e3o CP\"},\"url\":\"https:\/\/cleitonpinheiro.com.br\/site\/author\/redacao\/\"}]}<\/script>\n<!-- \/ Yoast SEO plugin. -->","yoast_head_json":{"title":"Governador Wanderlei Barbosa \u00e9 afastado por seis meses em nova fase da Opera\u00e7\u00e3o Fames-19 - PORTAL DE NOT\u00cdCIAS CLEITON PINHEIRO","robots":{"index":"index","follow":"follow","max-snippet":"max-snippet:-1","max-image-preview":"max-image-preview:large","max-video-preview":"max-video-preview:-1"},"canonical":"https:\/\/cleitonpinheiro.com.br\/site\/governador-wanderlei-barbosa-e-afastado-por-seis-meses-em-nova-fase-da-operacao-fames-19\/","og_locale":"pt_BR","og_type":"article","og_title":"Governador Wanderlei Barbosa \u00e9 afastado por seis meses em nova fase da Opera\u00e7\u00e3o Fames-19 - PORTAL DE NOT\u00cdCIAS CLEITON PINHEIRO","og_description":"Confirme informa\u00e7\u00f5es do Cleber Toledo, o governador do Tocantins, Wanderlei Barbosa (Republicanos), foi afastado do cargo por um per\u00edodo de seis meses na manh\u00e3 desta quarta-feira, 3, em decorr\u00eancia de uma nova fase da Opera\u00e7\u00e3o Fames-19, que apura o desvio de recursos p\u00fablicos destinados \u00e0 distribui\u00e7\u00e3o de cestas b\u00e1sicas durante a pandemia de Covid-19. A [&hellip;]","og_url":"https:\/\/cleitonpinheiro.com.br\/site\/governador-wanderlei-barbosa-e-afastado-por-seis-meses-em-nova-fase-da-operacao-fames-19\/","og_site_name":"PORTAL DE NOT\u00cdCIAS CLEITON PINHEIRO","article_publisher":"https:\/\/www.facebook.com\/portalcpnoticias\/","article_published_time":"2025-09-03T11:24:52+00:00","article_modified_time":"2025-09-10T15:44:50+00:00","og_image":[{"width":760,"height":434,"url":"https:\/\/cleitonpinheiro.com.br\/site\/wp-content\/uploads\/2025\/09\/wanderlei-laurez-posse.jpg","type":"image\/jpeg"}],"author":"Reda\u00e7\u00e3o CP","twitter_card":"summary_large_image","twitter_misc":{"Escrito por":"Reda\u00e7\u00e3o CP","Est. tempo de leitura":"2 minutos"},"schema":{"@context":"https:\/\/schema.org","@graph":[{"@type":"Article","@id":"https:\/\/cleitonpinheiro.com.br\/site\/governador-wanderlei-barbosa-e-afastado-por-seis-meses-em-nova-fase-da-operacao-fames-19\/#article","isPartOf":{"@id":"https:\/\/cleitonpinheiro.com.br\/site\/governador-wanderlei-barbosa-e-afastado-por-seis-meses-em-nova-fase-da-operacao-fames-19\/"},"author":{"name":"Reda\u00e7\u00e3o CP","@id":"https:\/\/cleitonpinheiro.com.br\/site\/#\/schema\/person\/8f04544e0bc40a1b68775b08360f87db"},"headline":"Governador Wanderlei Barbosa \u00e9 afastado por seis meses em nova fase da Opera\u00e7\u00e3o Fames-19","datePublished":"2025-09-03T11:24:52+00:00","dateModified":"2025-09-10T15:44:50+00:00","mainEntityOfPage":{"@id":"https:\/\/cleitonpinheiro.com.br\/site\/governador-wanderlei-barbosa-e-afastado-por-seis-meses-em-nova-fase-da-operacao-fames-19\/"},"wordCount":314,"commentCount":0,"publisher":{"@id":"https:\/\/cleitonpinheiro.com.br\/site\/#organization"},"image":{"@id":"https:\/\/cleitonpinheiro.com.br\/site\/governador-wanderlei-barbosa-e-afastado-por-seis-meses-em-nova-fase-da-operacao-fames-19\/#primaryimage"},"thumbnailUrl":"https:\/\/cleitonpinheiro.com.br\/site\/wp-content\/uploads\/2025\/09\/wanderlei-laurez-posse.jpg","articleSection":["MANCHETE SEGUND\u00c1RIA","POL\u00cdTICA","TODAS NOTICIAS"],"inLanguage":"pt-BR","potentialAction":[{"@type":"CommentAction","name":"Comment","target":["https:\/\/cleitonpinheiro.com.br\/site\/governador-wanderlei-barbosa-e-afastado-por-seis-meses-em-nova-fase-da-operacao-fames-19\/#respond"]}]},{"@type":"WebPage","@id":"https:\/\/cleitonpinheiro.com.br\/site\/governador-wanderlei-barbosa-e-afastado-por-seis-meses-em-nova-fase-da-operacao-fames-19\/","url":"https:\/\/cleitonpinheiro.com.br\/site\/governador-wanderlei-barbosa-e-afastado-por-seis-meses-em-nova-fase-da-operacao-fames-19\/","name":"Governador Wanderlei Barbosa \u00e9 afastado por seis meses em nova fase da Opera\u00e7\u00e3o Fames-19 - PORTAL DE NOT\u00cdCIAS CLEITON PINHEIRO","isPartOf":{"@id":"https:\/\/cleitonpinheiro.com.br\/site\/#website"},"primaryImageOfPage":{"@id":"https:\/\/cleitonpinheiro.com.br\/site\/governador-wanderlei-barbosa-e-afastado-por-seis-meses-em-nova-fase-da-operacao-fames-19\/#primaryimage"},"image":{"@id":"https:\/\/cleitonpinheiro.com.br\/site\/governador-wanderlei-barbosa-e-afastado-por-seis-meses-em-nova-fase-da-operacao-fames-19\/#primaryimage"},"thumbnailUrl":"https:\/\/cleitonpinheiro.com.br\/site\/wp-content\/uploads\/2025\/09\/wanderlei-laurez-posse.jpg","datePublished":"2025-09-03T11:24:52+00:00","dateModified":"2025-09-10T15:44:50+00:00","breadcrumb":{"@id":"https:\/\/cleitonpinheiro.com.br\/site\/governador-wanderlei-barbosa-e-afastado-por-seis-meses-em-nova-fase-da-operacao-fames-19\/#breadcrumb"},"inLanguage":"pt-BR","potentialAction":[{"@type":"ReadAction","target":["https:\/\/cleitonpinheiro.com.br\/site\/governador-wanderlei-barbosa-e-afastado-por-seis-meses-em-nova-fase-da-operacao-fames-19\/"]}]},{"@type":"ImageObject","inLanguage":"pt-BR","@id":"https:\/\/cleitonpinheiro.com.br\/site\/governador-wanderlei-barbosa-e-afastado-por-seis-meses-em-nova-fase-da-operacao-fames-19\/#primaryimage","url":"https:\/\/cleitonpinheiro.com.br\/site\/wp-content\/uploads\/2025\/09\/wanderlei-laurez-posse.jpg","contentUrl":"https:\/\/cleitonpinheiro.com.br\/site\/wp-content\/uploads\/2025\/09\/wanderlei-laurez-posse.jpg","width":760,"height":434},{"@type":"BreadcrumbList","@id":"https:\/\/cleitonpinheiro.com.br\/site\/governador-wanderlei-barbosa-e-afastado-por-seis-meses-em-nova-fase-da-operacao-fames-19\/#breadcrumb","itemListElement":[{"@type":"ListItem","position":1,"name":"In\u00edcio","item":"https:\/\/cleitonpinheiro.com.br\/site\/"},{"@type":"ListItem","position":2,"name":"Governador Wanderlei Barbosa \u00e9 afastado por seis meses em nova fase da Opera\u00e7\u00e3o Fames-19"}]},{"@type":"WebSite","@id":"https:\/\/cleitonpinheiro.com.br\/site\/#website","url":"https:\/\/cleitonpinheiro.com.br\/site\/","name":"PORTAL DE NOT\u00cdCIAS CLEITON PINHEIRO","description":"FALANDO A VERDADE","publisher":{"@id":"https:\/\/cleitonpinheiro.com.br\/site\/#organization"},"potentialAction":[{"@type":"SearchAction","target":{"@type":"EntryPoint","urlTemplate":"https:\/\/cleitonpinheiro.com.br\/site\/?s={search_term_string}"},"query-input":{"@type":"PropertyValueSpecification","valueRequired":true,"valueName":"search_term_string"}}],"inLanguage":"pt-BR"},{"@type":"Organization","@id":"https:\/\/cleitonpinheiro.com.br\/site\/#organization","name":"CPNOT\u00cdCIAS","url":"https:\/\/cleitonpinheiro.com.br\/site\/","logo":{"@type":"ImageObject","inLanguage":"pt-BR","@id":"https:\/\/cleitonpinheiro.com.br\/site\/#\/schema\/logo\/image\/","url":"https:\/\/cleitonpinheiro.com.br\/site\/wp-content\/uploads\/2022\/08\/Logo-pequena-2.png","contentUrl":"https:\/\/cleitonpinheiro.com.br\/site\/wp-content\/uploads\/2022\/08\/Logo-pequena-2.png","width":500,"height":500,"caption":"CPNOT\u00cdCIAS"},"image":{"@id":"https:\/\/cleitonpinheiro.com.br\/site\/#\/schema\/logo\/image\/"},"sameAs":["https:\/\/www.facebook.com\/portalcpnoticias\/"]},{"@type":"Person","@id":"https:\/\/cleitonpinheiro.com.br\/site\/#\/schema\/person\/8f04544e0bc40a1b68775b08360f87db","name":"Reda\u00e7\u00e3o CP","image":{"@type":"ImageObject","inLanguage":"pt-BR","@id":"https:\/\/cleitonpinheiro.com.br\/site\/#\/schema\/person\/image\/","url":"https:\/\/secure.gravatar.com\/avatar\/0bcf19cb29fdc8fc588c490c7ae1b3e174dac268586a63fbe1d1893a0f9020cd?s=96&r=g","contentUrl":"https:\/\/secure.gravatar.com\/avatar\/0bcf19cb29fdc8fc588c490c7ae1b3e174dac268586a63fbe1d1893a0f9020cd?s=96&r=g","caption":"Reda\u00e7\u00e3o CP"},"url":"https:\/\/cleitonpinheiro.com.br\/site\/author\/redacao\/"}]}},"views":115,"_links":{"self":[{"href":"https:\/\/cleitonpinheiro.com.br\/site\/wp-json\/wp\/v2\/posts\/86766","targetHints":{"allow":["GET"]}}],"collection":[{"href":"https:\/\/cleitonpinheiro.com.br\/site\/wp-json\/wp\/v2\/posts"}],"about":[{"href":"https:\/\/cleitonpinheiro.com.br\/site\/wp-json\/wp\/v2\/types\/post"}],"author":[{"embeddable":true,"href":"https:\/\/cleitonpinheiro.com.br\/site\/wp-json\/wp\/v2\/users\/13"}],"replies":[{"embeddable":true,"href":"https:\/\/cleitonpinheiro.com.br\/site\/wp-json\/wp\/v2\/comments?post=86766"}],"version-history":[{"count":1,"href":"https:\/\/cleitonpinheiro.com.br\/site\/wp-json\/wp\/v2\/posts\/86766\/revisions"}],"predecessor-version":[{"id":86769,"href":"https:\/\/cleitonpinheiro.com.br\/site\/wp-json\/wp\/v2\/posts\/86766\/revisions\/86769"}],"wp:featuredmedia":[{"embeddable":true,"href":"https:\/\/cleitonpinheiro.com.br\/site\/wp-json\/wp\/v2\/media\/86768"}],"wp:attachment":[{"href":"https:\/\/cleitonpinheiro.com.br\/site\/wp-json\/wp\/v2\/media?parent=86766"}],"wp:term":[{"taxonomy":"category","embeddable":true,"href":"https:\/\/cleitonpinheiro.com.br\/site\/wp-json\/wp\/v2\/categories?post=86766"},{"taxonomy":"post_tag","embeddable":true,"href":"https:\/\/cleitonpinheiro.com.br\/site\/wp-json\/wp\/v2\/tags?post=86766"}],"curies":[{"name":"wp","href":"https:\/\/api.w.org\/{rel}","templated":true}]}}