{"id":86771,"date":"2025-09-03T10:26:52","date_gmt":"2025-09-03T13:26:52","guid":{"rendered":"https:\/\/cleitonpinheiro.com.br\/site\/?p=86771"},"modified":"2025-09-03T10:27:00","modified_gmt":"2025-09-03T13:27:00","slug":"governador-wanderlei-barbosa-contesta-decisao-do-stj-e-promete-recorrer-para-reassumir-cargo","status":"publish","type":"post","link":"https:\/\/cleitonpinheiro.com.br\/site\/governador-wanderlei-barbosa-contesta-decisao-do-stj-e-promete-recorrer-para-reassumir-cargo\/","title":{"rendered":"Governador Wanderlei Barbosa contesta decis\u00e3o do STJ e promete recorrer para reassumir cargo"},"content":{"rendered":"\n<figure class=\"wp-block-image size-large\"><img fetchpriority=\"high\" decoding=\"async\" width=\"1024\" height=\"585\" src=\"https:\/\/cleitonpinheiro.com.br\/site\/wp-content\/uploads\/2025\/06\/F3-Durante-visita-ao-CEM-Castro-Alves-governador-Wanderlei-Barbosa-confere-de-perto-a-estrutura-da-escola-que-sera-reformada-com-quase-R-19-milhao-em-investimentos-Foto-Marcio-Vieira-GovTO-1024x585.jpg\" alt=\"Marcio Vieira\/Governo do Tocantins\" class=\"wp-image-86078\" srcset=\"https:\/\/cleitonpinheiro.com.br\/site\/wp-content\/uploads\/2025\/06\/F3-Durante-visita-ao-CEM-Castro-Alves-governador-Wanderlei-Barbosa-confere-de-perto-a-estrutura-da-escola-que-sera-reformada-com-quase-R-19-milhao-em-investimentos-Foto-Marcio-Vieira-GovTO-1024x585.jpg 1024w, https:\/\/cleitonpinheiro.com.br\/site\/wp-content\/uploads\/2025\/06\/F3-Durante-visita-ao-CEM-Castro-Alves-governador-Wanderlei-Barbosa-confere-de-perto-a-estrutura-da-escola-que-sera-reformada-com-quase-R-19-milhao-em-investimentos-Foto-Marcio-Vieira-GovTO-300x171.jpg 300w, https:\/\/cleitonpinheiro.com.br\/site\/wp-content\/uploads\/2025\/06\/F3-Durante-visita-ao-CEM-Castro-Alves-governador-Wanderlei-Barbosa-confere-de-perto-a-estrutura-da-escola-que-sera-reformada-com-quase-R-19-milhao-em-investimentos-Foto-Marcio-Vieira-GovTO-768x439.jpg 768w, https:\/\/cleitonpinheiro.com.br\/site\/wp-content\/uploads\/2025\/06\/F3-Durante-visita-ao-CEM-Castro-Alves-governador-Wanderlei-Barbosa-confere-de-perto-a-estrutura-da-escola-que-sera-reformada-com-quase-R-19-milhao-em-investimentos-Foto-Marcio-Vieira-GovTO-1536x878.jpg 1536w, https:\/\/cleitonpinheiro.com.br\/site\/wp-content\/uploads\/2025\/06\/F3-Durante-visita-ao-CEM-Castro-Alves-governador-Wanderlei-Barbosa-confere-de-perto-a-estrutura-da-escola-que-sera-reformada-com-quase-R-19-milhao-em-investimentos-Foto-Marcio-Vieira-GovTO-2048x1170.jpg 2048w\" sizes=\"(max-width: 1024px) 100vw, 1024px\" \/><figcaption class=\"wp-element-caption\">Marcio Vieira\/Governo do Tocantins<\/figcaption><\/figure>\n\n\n\n<p>Ap\u00f3s o afastamento do cargo por decis\u00e3o do Superior Tribunal de Justi\u00e7a (STJ), o governador do Tocantins, Wanderlei Barbosa (Republicanos), divulgou nota p\u00fablica nesta quarta-feira (3) em que classifica a medida como \u201cprecipitada\u201d e promete acionar os meios legais para retornar ao governo.<\/p>\n\n\n\n<p>A decis\u00e3o do STJ est\u00e1 relacionada \u00e0 <strong>Opera\u00e7\u00e3o Fames-19<\/strong>, que investiga supostas irregularidades na compra de cestas b\u00e1sicas entre 2020 e 2021, no per\u00edodo cr\u00edtico da pandemia de Covid-19. Segundo a investiga\u00e7\u00e3o, h\u00e1 ind\u00edcios de superfaturamento e direcionamento em contratos realizados durante esse per\u00edodo.<\/p>\n\n\n\n<p>Na nota, Barbosa afirma que os pagamentos sob suspeita ocorreram <strong>antes de sua posse como governador<\/strong>, quando ainda exercia o cargo de vice e <strong>n\u00e3o tinha fun\u00e7\u00e3o de ordenador de despesas<\/strong>. \u201cRegistro que se trata de medida precipitada, adotada quando as apura\u00e7\u00f5es [&#8230;] ainda est\u00e3o em andamento, sem conclus\u00e3o definitiva sobre qualquer responsabilidade da minha parte\u201d, declarou.<\/p>\n\n\n\n<p>O governador afastado tamb\u00e9m ressaltou que foi de sua pr\u00f3pria iniciativa a solicita\u00e7\u00e3o de auditoria sobre os contratos investigados. A Procuradoria-Geral do Estado (PGE) e a Controladoria-Geral do Estado (CGE) teriam sido acionadas por ele para examinar os contratos e remeter as informa\u00e7\u00f5es \u00e0s autoridades competentes.<\/p>\n\n\n\n<p>\u201cRefor\u00e7o que, por minha determina\u00e7\u00e3o, a PGE e a CGE instauraram auditoria sobre os contratos mencionados\u201d, diz a nota. Barbosa defende que seus atos est\u00e3o dentro da legalidade e promete lutar para retomar o cargo: \u201cAcionarei os meios jur\u00eddicos necess\u00e1rios para reassumir o cargo de Governador do Tocantins, comprovar a legalidade dos meus atos e enfrentar essa injusti\u00e7a.\u201d<\/p>\n\n\n\n<p>Apesar do afastamento, Barbosa afirmou que seguir\u00e1 comprometido com a estabilidade institucional e com a continuidade dos servi\u00e7os p\u00fablicos no estado.<\/p>\n\n\n\n<p>A assessoria do STJ ainda n\u00e3o se pronunciou oficialmente sobre os pr\u00f3ximos passos da investiga\u00e7\u00e3o. A decis\u00e3o de afastamento \u00e9 provis\u00f3ria e n\u00e3o configura condena\u00e7\u00e3o, mas visa evitar interfer\u00eancia nas apura\u00e7\u00f5es em andamento.<\/p>\n","protected":false},"excerpt":{"rendered":"<p>Ap\u00f3s o afastamento do cargo por decis\u00e3o do Superior Tribunal de Justi\u00e7a (STJ), o governador do Tocantins, Wanderlei Barbosa (Republicanos), divulgou nota p\u00fablica nesta quarta-feira (3) em que classifica a medida como \u201cprecipitada\u201d e promete acionar os meios legais para retornar ao governo. A decis\u00e3o do STJ est\u00e1 relacionada \u00e0 Opera\u00e7\u00e3o Fames-19, que investiga supostas [&hellip;]<\/p>\n","protected":false},"author":13,"featured_media":86078,"comment_status":"open","ping_status":"open","sticky":false,"template":"","format":"standard","meta":{"_acf_changed":false,"footnotes":""},"categories":[898,23,21],"tags":[],"class_list":["post-86771","post","type-post","status-publish","format-standard","has-post-thumbnail","hentry","category-manchete-segundaria","category-politica","category-todas-noticias"],"acf":[],"yoast_head":"<!-- This site is optimized with the Yoast SEO plugin v24.4 - https:\/\/yoast.com\/wordpress\/plugins\/seo\/ -->\n<title>Governador Wanderlei Barbosa contesta decis\u00e3o do STJ e promete recorrer para reassumir cargo - PORTAL DE NOT\u00cdCIAS CLEITON PINHEIRO<\/title>\n<meta name=\"robots\" content=\"index, follow, max-snippet:-1, max-image-preview:large, max-video-preview:-1\" \/>\n<link rel=\"canonical\" href=\"https:\/\/cleitonpinheiro.com.br\/site\/governador-wanderlei-barbosa-contesta-decisao-do-stj-e-promete-recorrer-para-reassumir-cargo\/\" \/>\n<meta property=\"og:locale\" content=\"pt_BR\" \/>\n<meta property=\"og:type\" content=\"article\" \/>\n<meta property=\"og:title\" content=\"Governador Wanderlei Barbosa contesta decis\u00e3o do STJ e promete recorrer para reassumir cargo - PORTAL DE NOT\u00cdCIAS CLEITON PINHEIRO\" \/>\n<meta property=\"og:description\" content=\"Ap\u00f3s o afastamento do cargo por decis\u00e3o do Superior Tribunal de Justi\u00e7a (STJ), o governador do Tocantins, Wanderlei Barbosa (Republicanos), divulgou nota p\u00fablica nesta quarta-feira (3) em que classifica a medida como \u201cprecipitada\u201d e promete acionar os meios legais para retornar ao governo. A decis\u00e3o do STJ est\u00e1 relacionada \u00e0 Opera\u00e7\u00e3o Fames-19, que investiga supostas [&hellip;]\" \/>\n<meta property=\"og:url\" content=\"https:\/\/cleitonpinheiro.com.br\/site\/governador-wanderlei-barbosa-contesta-decisao-do-stj-e-promete-recorrer-para-reassumir-cargo\/\" \/>\n<meta property=\"og:site_name\" content=\"PORTAL DE NOT\u00cdCIAS CLEITON PINHEIRO\" \/>\n<meta property=\"article:publisher\" content=\"https:\/\/www.facebook.com\/portalcpnoticias\/\" \/>\n<meta property=\"article:published_time\" content=\"2025-09-03T13:26:52+00:00\" \/>\n<meta property=\"article:modified_time\" content=\"2025-09-03T13:27:00+00:00\" \/>\n<meta property=\"og:image\" content=\"https:\/\/cleitonpinheiro.com.br\/site\/wp-content\/uploads\/2025\/06\/F3-Durante-visita-ao-CEM-Castro-Alves-governador-Wanderlei-Barbosa-confere-de-perto-a-estrutura-da-escola-que-sera-reformada-com-quase-R-19-milhao-em-investimentos-Foto-Marcio-Vieira-GovTO-scaled.jpg\" \/>\n\t<meta property=\"og:image:width\" content=\"2560\" \/>\n\t<meta property=\"og:image:height\" content=\"1463\" \/>\n\t<meta property=\"og:image:type\" content=\"image\/jpeg\" \/>\n<meta name=\"author\" content=\"Reda\u00e7\u00e3o CP\" \/>\n<meta name=\"twitter:card\" content=\"summary_large_image\" \/>\n<meta name=\"twitter:label1\" content=\"Escrito por\" \/>\n\t<meta name=\"twitter:data1\" content=\"Reda\u00e7\u00e3o CP\" \/>\n\t<meta name=\"twitter:label2\" content=\"Est. tempo de leitura\" \/>\n\t<meta name=\"twitter:data2\" content=\"3 minutos\" \/>\n<script type=\"application\/ld+json\" class=\"yoast-schema-graph\">{\"@context\":\"https:\/\/schema.org\",\"@graph\":[{\"@type\":\"Article\",\"@id\":\"https:\/\/cleitonpinheiro.com.br\/site\/governador-wanderlei-barbosa-contesta-decisao-do-stj-e-promete-recorrer-para-reassumir-cargo\/#article\",\"isPartOf\":{\"@id\":\"https:\/\/cleitonpinheiro.com.br\/site\/governador-wanderlei-barbosa-contesta-decisao-do-stj-e-promete-recorrer-para-reassumir-cargo\/\"},\"author\":{\"name\":\"Reda\u00e7\u00e3o CP\",\"@id\":\"https:\/\/cleitonpinheiro.com.br\/site\/#\/schema\/person\/8f04544e0bc40a1b68775b08360f87db\"},\"headline\":\"Governador Wanderlei Barbosa contesta decis\u00e3o do STJ e promete recorrer para reassumir cargo\",\"datePublished\":\"2025-09-03T13:26:52+00:00\",\"dateModified\":\"2025-09-03T13:27:00+00:00\",\"mainEntityOfPage\":{\"@id\":\"https:\/\/cleitonpinheiro.com.br\/site\/governador-wanderlei-barbosa-contesta-decisao-do-stj-e-promete-recorrer-para-reassumir-cargo\/\"},\"wordCount\":353,\"commentCount\":0,\"publisher\":{\"@id\":\"https:\/\/cleitonpinheiro.com.br\/site\/#organization\"},\"image\":{\"@id\":\"https:\/\/cleitonpinheiro.com.br\/site\/governador-wanderlei-barbosa-contesta-decisao-do-stj-e-promete-recorrer-para-reassumir-cargo\/#primaryimage\"},\"thumbnailUrl\":\"https:\/\/cleitonpinheiro.com.br\/site\/wp-content\/uploads\/2025\/06\/F3-Durante-visita-ao-CEM-Castro-Alves-governador-Wanderlei-Barbosa-confere-de-perto-a-estrutura-da-escola-que-sera-reformada-com-quase-R-19-milhao-em-investimentos-Foto-Marcio-Vieira-GovTO-scaled.jpg\",\"articleSection\":[\"MANCHETE SEGUND\u00c1RIA\",\"POL\u00cdTICA\",\"TODAS NOTICIAS\"],\"inLanguage\":\"pt-BR\",\"potentialAction\":[{\"@type\":\"CommentAction\",\"name\":\"Comment\",\"target\":[\"https:\/\/cleitonpinheiro.com.br\/site\/governador-wanderlei-barbosa-contesta-decisao-do-stj-e-promete-recorrer-para-reassumir-cargo\/#respond\"]}]},{\"@type\":\"WebPage\",\"@id\":\"https:\/\/cleitonpinheiro.com.br\/site\/governador-wanderlei-barbosa-contesta-decisao-do-stj-e-promete-recorrer-para-reassumir-cargo\/\",\"url\":\"https:\/\/cleitonpinheiro.com.br\/site\/governador-wanderlei-barbosa-contesta-decisao-do-stj-e-promete-recorrer-para-reassumir-cargo\/\",\"name\":\"Governador Wanderlei Barbosa contesta decis\u00e3o do STJ e promete recorrer para reassumir cargo - PORTAL DE NOT\u00cdCIAS CLEITON PINHEIRO\",\"isPartOf\":{\"@id\":\"https:\/\/cleitonpinheiro.com.br\/site\/#website\"},\"primaryImageOfPage\":{\"@id\":\"https:\/\/cleitonpinheiro.com.br\/site\/governador-wanderlei-barbosa-contesta-decisao-do-stj-e-promete-recorrer-para-reassumir-cargo\/#primaryimage\"},\"image\":{\"@id\":\"https:\/\/cleitonpinheiro.com.br\/site\/governador-wanderlei-barbosa-contesta-decisao-do-stj-e-promete-recorrer-para-reassumir-cargo\/#primaryimage\"},\"thumbnailUrl\":\"https:\/\/cleitonpinheiro.com.br\/site\/wp-content\/uploads\/2025\/06\/F3-Durante-visita-ao-CEM-Castro-Alves-governador-Wanderlei-Barbosa-confere-de-perto-a-estrutura-da-escola-que-sera-reformada-com-quase-R-19-milhao-em-investimentos-Foto-Marcio-Vieira-GovTO-scaled.jpg\",\"datePublished\":\"2025-09-03T13:26:52+00:00\",\"dateModified\":\"2025-09-03T13:27:00+00:00\",\"breadcrumb\":{\"@id\":\"https:\/\/cleitonpinheiro.com.br\/site\/governador-wanderlei-barbosa-contesta-decisao-do-stj-e-promete-recorrer-para-reassumir-cargo\/#breadcrumb\"},\"inLanguage\":\"pt-BR\",\"potentialAction\":[{\"@type\":\"ReadAction\",\"target\":[\"https:\/\/cleitonpinheiro.com.br\/site\/governador-wanderlei-barbosa-contesta-decisao-do-stj-e-promete-recorrer-para-reassumir-cargo\/\"]}]},{\"@type\":\"ImageObject\",\"inLanguage\":\"pt-BR\",\"@id\":\"https:\/\/cleitonpinheiro.com.br\/site\/governador-wanderlei-barbosa-contesta-decisao-do-stj-e-promete-recorrer-para-reassumir-cargo\/#primaryimage\",\"url\":\"https:\/\/cleitonpinheiro.com.br\/site\/wp-content\/uploads\/2025\/06\/F3-Durante-visita-ao-CEM-Castro-Alves-governador-Wanderlei-Barbosa-confere-de-perto-a-estrutura-da-escola-que-sera-reformada-com-quase-R-19-milhao-em-investimentos-Foto-Marcio-Vieira-GovTO-scaled.jpg\",\"contentUrl\":\"https:\/\/cleitonpinheiro.com.br\/site\/wp-content\/uploads\/2025\/06\/F3-Durante-visita-ao-CEM-Castro-Alves-governador-Wanderlei-Barbosa-confere-de-perto-a-estrutura-da-escola-que-sera-reformada-com-quase-R-19-milhao-em-investimentos-Foto-Marcio-Vieira-GovTO-scaled.jpg\",\"width\":2560,\"height\":1463,\"caption\":\"Marcio Vieira\/Governo do Tocantins\"},{\"@type\":\"BreadcrumbList\",\"@id\":\"https:\/\/cleitonpinheiro.com.br\/site\/governador-wanderlei-barbosa-contesta-decisao-do-stj-e-promete-recorrer-para-reassumir-cargo\/#breadcrumb\",\"itemListElement\":[{\"@type\":\"ListItem\",\"position\":1,\"name\":\"In\u00edcio\",\"item\":\"https:\/\/cleitonpinheiro.com.br\/site\/\"},{\"@type\":\"ListItem\",\"position\":2,\"name\":\"Governador Wanderlei Barbosa contesta decis\u00e3o do STJ e promete recorrer para reassumir cargo\"}]},{\"@type\":\"WebSite\",\"@id\":\"https:\/\/cleitonpinheiro.com.br\/site\/#website\",\"url\":\"https:\/\/cleitonpinheiro.com.br\/site\/\",\"name\":\"PORTAL DE NOT\u00cdCIAS CLEITON PINHEIRO\",\"description\":\"FALANDO A VERDADE\",\"publisher\":{\"@id\":\"https:\/\/cleitonpinheiro.com.br\/site\/#organization\"},\"potentialAction\":[{\"@type\":\"SearchAction\",\"target\":{\"@type\":\"EntryPoint\",\"urlTemplate\":\"https:\/\/cleitonpinheiro.com.br\/site\/?s={search_term_string}\"},\"query-input\":{\"@type\":\"PropertyValueSpecification\",\"valueRequired\":true,\"valueName\":\"search_term_string\"}}],\"inLanguage\":\"pt-BR\"},{\"@type\":\"Organization\",\"@id\":\"https:\/\/cleitonpinheiro.com.br\/site\/#organization\",\"name\":\"CPNOT\u00cdCIAS\",\"url\":\"https:\/\/cleitonpinheiro.com.br\/site\/\",\"logo\":{\"@type\":\"ImageObject\",\"inLanguage\":\"pt-BR\",\"@id\":\"https:\/\/cleitonpinheiro.com.br\/site\/#\/schema\/logo\/image\/\",\"url\":\"https:\/\/cleitonpinheiro.com.br\/site\/wp-content\/uploads\/2022\/08\/Logo-pequena-2.png\",\"contentUrl\":\"https:\/\/cleitonpinheiro.com.br\/site\/wp-content\/uploads\/2022\/08\/Logo-pequena-2.png\",\"width\":500,\"height\":500,\"caption\":\"CPNOT\u00cdCIAS\"},\"image\":{\"@id\":\"https:\/\/cleitonpinheiro.com.br\/site\/#\/schema\/logo\/image\/\"},\"sameAs\":[\"https:\/\/www.facebook.com\/portalcpnoticias\/\"]},{\"@type\":\"Person\",\"@id\":\"https:\/\/cleitonpinheiro.com.br\/site\/#\/schema\/person\/8f04544e0bc40a1b68775b08360f87db\",\"name\":\"Reda\u00e7\u00e3o CP\",\"image\":{\"@type\":\"ImageObject\",\"inLanguage\":\"pt-BR\",\"@id\":\"https:\/\/cleitonpinheiro.com.br\/site\/#\/schema\/person\/image\/\",\"url\":\"https:\/\/secure.gravatar.com\/avatar\/0bcf19cb29fdc8fc588c490c7ae1b3e174dac268586a63fbe1d1893a0f9020cd?s=96&r=g\",\"contentUrl\":\"https:\/\/secure.gravatar.com\/avatar\/0bcf19cb29fdc8fc588c490c7ae1b3e174dac268586a63fbe1d1893a0f9020cd?s=96&r=g\",\"caption\":\"Reda\u00e7\u00e3o CP\"},\"url\":\"https:\/\/cleitonpinheiro.com.br\/site\/author\/redacao\/\"}]}<\/script>\n<!-- \/ Yoast SEO plugin. -->","yoast_head_json":{"title":"Governador Wanderlei Barbosa contesta decis\u00e3o do STJ e promete recorrer para reassumir cargo - PORTAL DE NOT\u00cdCIAS CLEITON PINHEIRO","robots":{"index":"index","follow":"follow","max-snippet":"max-snippet:-1","max-image-preview":"max-image-preview:large","max-video-preview":"max-video-preview:-1"},"canonical":"https:\/\/cleitonpinheiro.com.br\/site\/governador-wanderlei-barbosa-contesta-decisao-do-stj-e-promete-recorrer-para-reassumir-cargo\/","og_locale":"pt_BR","og_type":"article","og_title":"Governador Wanderlei Barbosa contesta decis\u00e3o do STJ e promete recorrer para reassumir cargo - PORTAL DE NOT\u00cdCIAS CLEITON PINHEIRO","og_description":"Ap\u00f3s o afastamento do cargo por decis\u00e3o do Superior Tribunal de Justi\u00e7a (STJ), o governador do Tocantins, Wanderlei Barbosa (Republicanos), divulgou nota p\u00fablica nesta quarta-feira (3) em que classifica a medida como \u201cprecipitada\u201d e promete acionar os meios legais para retornar ao governo. A decis\u00e3o do STJ est\u00e1 relacionada \u00e0 Opera\u00e7\u00e3o Fames-19, que investiga supostas [&hellip;]","og_url":"https:\/\/cleitonpinheiro.com.br\/site\/governador-wanderlei-barbosa-contesta-decisao-do-stj-e-promete-recorrer-para-reassumir-cargo\/","og_site_name":"PORTAL DE NOT\u00cdCIAS CLEITON PINHEIRO","article_publisher":"https:\/\/www.facebook.com\/portalcpnoticias\/","article_published_time":"2025-09-03T13:26:52+00:00","article_modified_time":"2025-09-03T13:27:00+00:00","og_image":[{"width":2560,"height":1463,"url":"https:\/\/cleitonpinheiro.com.br\/site\/wp-content\/uploads\/2025\/06\/F3-Durante-visita-ao-CEM-Castro-Alves-governador-Wanderlei-Barbosa-confere-de-perto-a-estrutura-da-escola-que-sera-reformada-com-quase-R-19-milhao-em-investimentos-Foto-Marcio-Vieira-GovTO-scaled.jpg","type":"image\/jpeg"}],"author":"Reda\u00e7\u00e3o CP","twitter_card":"summary_large_image","twitter_misc":{"Escrito por":"Reda\u00e7\u00e3o CP","Est. tempo de leitura":"3 minutos"},"schema":{"@context":"https:\/\/schema.org","@graph":[{"@type":"Article","@id":"https:\/\/cleitonpinheiro.com.br\/site\/governador-wanderlei-barbosa-contesta-decisao-do-stj-e-promete-recorrer-para-reassumir-cargo\/#article","isPartOf":{"@id":"https:\/\/cleitonpinheiro.com.br\/site\/governador-wanderlei-barbosa-contesta-decisao-do-stj-e-promete-recorrer-para-reassumir-cargo\/"},"author":{"name":"Reda\u00e7\u00e3o CP","@id":"https:\/\/cleitonpinheiro.com.br\/site\/#\/schema\/person\/8f04544e0bc40a1b68775b08360f87db"},"headline":"Governador Wanderlei Barbosa contesta decis\u00e3o do STJ e promete recorrer para reassumir cargo","datePublished":"2025-09-03T13:26:52+00:00","dateModified":"2025-09-03T13:27:00+00:00","mainEntityOfPage":{"@id":"https:\/\/cleitonpinheiro.com.br\/site\/governador-wanderlei-barbosa-contesta-decisao-do-stj-e-promete-recorrer-para-reassumir-cargo\/"},"wordCount":353,"commentCount":0,"publisher":{"@id":"https:\/\/cleitonpinheiro.com.br\/site\/#organization"},"image":{"@id":"https:\/\/cleitonpinheiro.com.br\/site\/governador-wanderlei-barbosa-contesta-decisao-do-stj-e-promete-recorrer-para-reassumir-cargo\/#primaryimage"},"thumbnailUrl":"https:\/\/cleitonpinheiro.com.br\/site\/wp-content\/uploads\/2025\/06\/F3-Durante-visita-ao-CEM-Castro-Alves-governador-Wanderlei-Barbosa-confere-de-perto-a-estrutura-da-escola-que-sera-reformada-com-quase-R-19-milhao-em-investimentos-Foto-Marcio-Vieira-GovTO-scaled.jpg","articleSection":["MANCHETE SEGUND\u00c1RIA","POL\u00cdTICA","TODAS NOTICIAS"],"inLanguage":"pt-BR","potentialAction":[{"@type":"CommentAction","name":"Comment","target":["https:\/\/cleitonpinheiro.com.br\/site\/governador-wanderlei-barbosa-contesta-decisao-do-stj-e-promete-recorrer-para-reassumir-cargo\/#respond"]}]},{"@type":"WebPage","@id":"https:\/\/cleitonpinheiro.com.br\/site\/governador-wanderlei-barbosa-contesta-decisao-do-stj-e-promete-recorrer-para-reassumir-cargo\/","url":"https:\/\/cleitonpinheiro.com.br\/site\/governador-wanderlei-barbosa-contesta-decisao-do-stj-e-promete-recorrer-para-reassumir-cargo\/","name":"Governador Wanderlei Barbosa contesta decis\u00e3o do STJ e promete recorrer para reassumir cargo - PORTAL DE NOT\u00cdCIAS CLEITON PINHEIRO","isPartOf":{"@id":"https:\/\/cleitonpinheiro.com.br\/site\/#website"},"primaryImageOfPage":{"@id":"https:\/\/cleitonpinheiro.com.br\/site\/governador-wanderlei-barbosa-contesta-decisao-do-stj-e-promete-recorrer-para-reassumir-cargo\/#primaryimage"},"image":{"@id":"https:\/\/cleitonpinheiro.com.br\/site\/governador-wanderlei-barbosa-contesta-decisao-do-stj-e-promete-recorrer-para-reassumir-cargo\/#primaryimage"},"thumbnailUrl":"https:\/\/cleitonpinheiro.com.br\/site\/wp-content\/uploads\/2025\/06\/F3-Durante-visita-ao-CEM-Castro-Alves-governador-Wanderlei-Barbosa-confere-de-perto-a-estrutura-da-escola-que-sera-reformada-com-quase-R-19-milhao-em-investimentos-Foto-Marcio-Vieira-GovTO-scaled.jpg","datePublished":"2025-09-03T13:26:52+00:00","dateModified":"2025-09-03T13:27:00+00:00","breadcrumb":{"@id":"https:\/\/cleitonpinheiro.com.br\/site\/governador-wanderlei-barbosa-contesta-decisao-do-stj-e-promete-recorrer-para-reassumir-cargo\/#breadcrumb"},"inLanguage":"pt-BR","potentialAction":[{"@type":"ReadAction","target":["https:\/\/cleitonpinheiro.com.br\/site\/governador-wanderlei-barbosa-contesta-decisao-do-stj-e-promete-recorrer-para-reassumir-cargo\/"]}]},{"@type":"ImageObject","inLanguage":"pt-BR","@id":"https:\/\/cleitonpinheiro.com.br\/site\/governador-wanderlei-barbosa-contesta-decisao-do-stj-e-promete-recorrer-para-reassumir-cargo\/#primaryimage","url":"https:\/\/cleitonpinheiro.com.br\/site\/wp-content\/uploads\/2025\/06\/F3-Durante-visita-ao-CEM-Castro-Alves-governador-Wanderlei-Barbosa-confere-de-perto-a-estrutura-da-escola-que-sera-reformada-com-quase-R-19-milhao-em-investimentos-Foto-Marcio-Vieira-GovTO-scaled.jpg","contentUrl":"https:\/\/cleitonpinheiro.com.br\/site\/wp-content\/uploads\/2025\/06\/F3-Durante-visita-ao-CEM-Castro-Alves-governador-Wanderlei-Barbosa-confere-de-perto-a-estrutura-da-escola-que-sera-reformada-com-quase-R-19-milhao-em-investimentos-Foto-Marcio-Vieira-GovTO-scaled.jpg","width":2560,"height":1463,"caption":"Marcio Vieira\/Governo do Tocantins"},{"@type":"BreadcrumbList","@id":"https:\/\/cleitonpinheiro.com.br\/site\/governador-wanderlei-barbosa-contesta-decisao-do-stj-e-promete-recorrer-para-reassumir-cargo\/#breadcrumb","itemListElement":[{"@type":"ListItem","position":1,"name":"In\u00edcio","item":"https:\/\/cleitonpinheiro.com.br\/site\/"},{"@type":"ListItem","position":2,"name":"Governador Wanderlei Barbosa contesta decis\u00e3o do STJ e promete recorrer para reassumir cargo"}]},{"@type":"WebSite","@id":"https:\/\/cleitonpinheiro.com.br\/site\/#website","url":"https:\/\/cleitonpinheiro.com.br\/site\/","name":"PORTAL DE NOT\u00cdCIAS CLEITON PINHEIRO","description":"FALANDO A VERDADE","publisher":{"@id":"https:\/\/cleitonpinheiro.com.br\/site\/#organization"},"potentialAction":[{"@type":"SearchAction","target":{"@type":"EntryPoint","urlTemplate":"https:\/\/cleitonpinheiro.com.br\/site\/?s={search_term_string}"},"query-input":{"@type":"PropertyValueSpecification","valueRequired":true,"valueName":"search_term_string"}}],"inLanguage":"pt-BR"},{"@type":"Organization","@id":"https:\/\/cleitonpinheiro.com.br\/site\/#organization","name":"CPNOT\u00cdCIAS","url":"https:\/\/cleitonpinheiro.com.br\/site\/","logo":{"@type":"ImageObject","inLanguage":"pt-BR","@id":"https:\/\/cleitonpinheiro.com.br\/site\/#\/schema\/logo\/image\/","url":"https:\/\/cleitonpinheiro.com.br\/site\/wp-content\/uploads\/2022\/08\/Logo-pequena-2.png","contentUrl":"https:\/\/cleitonpinheiro.com.br\/site\/wp-content\/uploads\/2022\/08\/Logo-pequena-2.png","width":500,"height":500,"caption":"CPNOT\u00cdCIAS"},"image":{"@id":"https:\/\/cleitonpinheiro.com.br\/site\/#\/schema\/logo\/image\/"},"sameAs":["https:\/\/www.facebook.com\/portalcpnoticias\/"]},{"@type":"Person","@id":"https:\/\/cleitonpinheiro.com.br\/site\/#\/schema\/person\/8f04544e0bc40a1b68775b08360f87db","name":"Reda\u00e7\u00e3o CP","image":{"@type":"ImageObject","inLanguage":"pt-BR","@id":"https:\/\/cleitonpinheiro.com.br\/site\/#\/schema\/person\/image\/","url":"https:\/\/secure.gravatar.com\/avatar\/0bcf19cb29fdc8fc588c490c7ae1b3e174dac268586a63fbe1d1893a0f9020cd?s=96&r=g","contentUrl":"https:\/\/secure.gravatar.com\/avatar\/0bcf19cb29fdc8fc588c490c7ae1b3e174dac268586a63fbe1d1893a0f9020cd?s=96&r=g","caption":"Reda\u00e7\u00e3o CP"},"url":"https:\/\/cleitonpinheiro.com.br\/site\/author\/redacao\/"}]}},"views":93,"_links":{"self":[{"href":"https:\/\/cleitonpinheiro.com.br\/site\/wp-json\/wp\/v2\/posts\/86771","targetHints":{"allow":["GET"]}}],"collection":[{"href":"https:\/\/cleitonpinheiro.com.br\/site\/wp-json\/wp\/v2\/posts"}],"about":[{"href":"https:\/\/cleitonpinheiro.com.br\/site\/wp-json\/wp\/v2\/types\/post"}],"author":[{"embeddable":true,"href":"https:\/\/cleitonpinheiro.com.br\/site\/wp-json\/wp\/v2\/users\/13"}],"replies":[{"embeddable":true,"href":"https:\/\/cleitonpinheiro.com.br\/site\/wp-json\/wp\/v2\/comments?post=86771"}],"version-history":[{"count":1,"href":"https:\/\/cleitonpinheiro.com.br\/site\/wp-json\/wp\/v2\/posts\/86771\/revisions"}],"predecessor-version":[{"id":86772,"href":"https:\/\/cleitonpinheiro.com.br\/site\/wp-json\/wp\/v2\/posts\/86771\/revisions\/86772"}],"wp:featuredmedia":[{"embeddable":true,"href":"https:\/\/cleitonpinheiro.com.br\/site\/wp-json\/wp\/v2\/media\/86078"}],"wp:attachment":[{"href":"https:\/\/cleitonpinheiro.com.br\/site\/wp-json\/wp\/v2\/media?parent=86771"}],"wp:term":[{"taxonomy":"category","embeddable":true,"href":"https:\/\/cleitonpinheiro.com.br\/site\/wp-json\/wp\/v2\/categories?post=86771"},{"taxonomy":"post_tag","embeddable":true,"href":"https:\/\/cleitonpinheiro.com.br\/site\/wp-json\/wp\/v2\/tags?post=86771"}],"curies":[{"name":"wp","href":"https:\/\/api.w.org\/{rel}","templated":true}]}}