{"id":86773,"date":"2025-09-04T11:20:15","date_gmt":"2025-09-04T14:20:15","guid":{"rendered":"https:\/\/cleitonpinheiro.com.br\/site\/?p=86773"},"modified":"2025-09-04T11:20:19","modified_gmt":"2025-09-04T14:20:19","slug":"zeca-baleiro-se-apresenta-na-noite-de-abertura-do-19o-festival-gastronomico-de-taquarucu","status":"publish","type":"post","link":"https:\/\/cleitonpinheiro.com.br\/site\/zeca-baleiro-se-apresenta-na-noite-de-abertura-do-19o-festival-gastronomico-de-taquarucu\/","title":{"rendered":"Zeca Baleiro se apresenta na noite de abertura do 19\u00ba Festival Gastron\u00f4mico de Taquaru\u00e7u"},"content":{"rendered":"\n<figure class=\"wp-block-image size-large\"><img fetchpriority=\"high\" decoding=\"async\" width=\"1024\" height=\"679\" src=\"https:\/\/cleitonpinheiro.com.br\/site\/wp-content\/uploads\/2025\/09\/WhatsApp-Image-2025-09-04-at-06.51.54-1536x1018-1-1024x679.jpeg\" alt=\"\" class=\"wp-image-86774\" srcset=\"https:\/\/cleitonpinheiro.com.br\/site\/wp-content\/uploads\/2025\/09\/WhatsApp-Image-2025-09-04-at-06.51.54-1536x1018-1-1024x679.jpeg 1024w, https:\/\/cleitonpinheiro.com.br\/site\/wp-content\/uploads\/2025\/09\/WhatsApp-Image-2025-09-04-at-06.51.54-1536x1018-1-300x199.jpeg 300w, https:\/\/cleitonpinheiro.com.br\/site\/wp-content\/uploads\/2025\/09\/WhatsApp-Image-2025-09-04-at-06.51.54-1536x1018-1-768x509.jpeg 768w, https:\/\/cleitonpinheiro.com.br\/site\/wp-content\/uploads\/2025\/09\/WhatsApp-Image-2025-09-04-at-06.51.54-1536x1018-1.jpeg 1536w\" sizes=\"(max-width: 1024px) 100vw, 1024px\" \/><\/figure>\n\n\n\n<p>O cantor Zeca Baleiro ser\u00e1 a grande atra\u00e7\u00e3o da primeira noite da 19\u00aa edi\u00e7\u00e3o do Festival Gastron\u00f4mico de Taquaru\u00e7u (FGT), que tem in\u00edcio nesta quinta-feira, 4, a partir das 18 horas. Promovido pela Prefeitura de Palmas, por meio da Ag\u00eancia Municipal de Turismo (Agtur), o evento \u00e9 refer\u00eancia na valoriza\u00e7\u00e3o da culin\u00e1ria tocantinense e segue at\u00e9 domingo, 7, reunindo gastronomia, m\u00fasica de qualidade e experi\u00eancias inesquec\u00edveis para moradores e turistas, com expectativa de atrair milhares de pessoas ao distrito.<\/p>\n\n\n\n<p>A abertura oficial do festival acontece \u00e0s 18 horas, com a presen\u00e7a do prefeito Eduardo Siqueira Campos e demais autoridades locais.<\/p>\n\n\n\n<p>A programa\u00e7\u00e3o musical come\u00e7a \u00e0s 21 horas, com a apresenta\u00e7\u00e3o do grupo Pagode da Lu. Em seguida, o consagrado cantor Zeca Baleiro sobe ao palco para embalar o p\u00fablico com sucessos como Telegrama, Lenha, Samba do Approach e Ai Que Saudade d\u2019Oc\u00ea. Para encerrar a noite, a cantora Melissa Lima promete agitar o p\u00fablico ao som de muito forr\u00f3 e sertanejo.<\/p>\n\n\n\n<p>O FGT \u00e9 sin\u00f4nimo de boa comida. Quem subir a serra encontrar\u00e1 uma sele\u00e7\u00e3o de 47 pratos que exaltam o melhor da culin\u00e1ria tocantinense. As op\u00e7\u00f5es est\u00e3o distribu\u00eddas em diferentes categorias: pratos salgados, comidinhas salgadas, pratos doces, alimenta\u00e7\u00e3o funcional, food truck, drinks regionais e rota gastron\u00f4mica. Os estandes estar\u00e3o abertos a partir das 18 horas.&nbsp;<em>(<\/em><a href=\"https:\/\/www.palmas.to.gov.br\/taquarucu-recebe-visitantes-do-19o-fgt-a-partir-desta-quinta-4-com-gastronomia-a-precos-acessiveis-e-atracoes-musicais-de-peso\/\"><em>Veja aqui mais informa\u00e7\u00f5es sobre o concurso gastron\u00f4mico.)<\/em><\/a><\/p>\n\n\n\n<p>Para quem deseja aprender com os mestres da cozinha, o palco Cozinha Show trar\u00e1 a batalha de chefs locais no Encontro de Gigantes, a partir das 18h30. Logo depois, \u00e0s 19h30, a chef Babi Fraz\u00e3o sobe ao palco para compartilhar segredos e t\u00e9cnicas culin\u00e1rias.<\/p>\n\n\n\n<p><strong>Biografia \u2013 Zeca Baleiro<\/strong><\/p>\n\n\n\n<p>Natural de S\u00e3o Lu\u00eds do Maranh\u00e3o, Zeca Baleiro iniciou sua carreira em 1997 com o lan\u00e7amento do \u00e1lbum Por Onde Andar\u00e1 Stephen Fry?, sucesso imediato de cr\u00edtica e p\u00fablico. Ao longo de quase tr\u00eas d\u00e9cadas de trajet\u00f3ria, o artista construiu uma s\u00f3lida discografia, com 17 \u00e1lbuns de est\u00fadio e nove DVDs lan\u00e7ados, al\u00e9m de diversos projetos especiais em parceria com m\u00fasicos renomados. Reconhecido por sua originalidade e talento, Baleiro acumula tamb\u00e9m in\u00fameros pr\u00eamios ao longo da carreira.<\/p>\n\n\n\n<p>Texto: Josiane Mendes &#8211; Prefeitura de Palmas<\/p>\n","protected":false},"excerpt":{"rendered":"<p>O cantor Zeca Baleiro ser\u00e1 a grande atra\u00e7\u00e3o da primeira noite da 19\u00aa edi\u00e7\u00e3o do Festival Gastron\u00f4mico de Taquaru\u00e7u (FGT), que tem in\u00edcio nesta quinta-feira, 4, a partir das 18 horas. Promovido pela Prefeitura de Palmas, por meio da Ag\u00eancia Municipal de Turismo (Agtur), o evento \u00e9 refer\u00eancia na valoriza\u00e7\u00e3o da culin\u00e1ria tocantinense e segue [&hellip;]<\/p>\n","protected":false},"author":13,"featured_media":86774,"comment_status":"open","ping_status":"open","sticky":false,"template":"","format":"standard","meta":{"_acf_changed":false,"footnotes":""},"categories":[22,898,21],"tags":[],"class_list":["post-86773","post","type-post","status-publish","format-standard","has-post-thumbnail","hentry","category-cidades","category-manchete-segundaria","category-todas-noticias"],"acf":[],"yoast_head":"<!-- This site is optimized with the Yoast SEO plugin v24.4 - https:\/\/yoast.com\/wordpress\/plugins\/seo\/ -->\n<title>Zeca Baleiro se apresenta na noite de abertura do 19\u00ba Festival Gastron\u00f4mico de Taquaru\u00e7u - PORTAL DE NOT\u00cdCIAS CLEITON PINHEIRO<\/title>\n<meta name=\"robots\" content=\"index, follow, max-snippet:-1, max-image-preview:large, max-video-preview:-1\" \/>\n<link rel=\"canonical\" href=\"https:\/\/cleitonpinheiro.com.br\/site\/zeca-baleiro-se-apresenta-na-noite-de-abertura-do-19o-festival-gastronomico-de-taquarucu\/\" \/>\n<meta property=\"og:locale\" content=\"pt_BR\" \/>\n<meta property=\"og:type\" content=\"article\" \/>\n<meta property=\"og:title\" content=\"Zeca Baleiro se apresenta na noite de abertura do 19\u00ba Festival Gastron\u00f4mico de Taquaru\u00e7u - PORTAL DE NOT\u00cdCIAS CLEITON PINHEIRO\" \/>\n<meta property=\"og:description\" content=\"O cantor Zeca Baleiro ser\u00e1 a grande atra\u00e7\u00e3o da primeira noite da 19\u00aa edi\u00e7\u00e3o do Festival Gastron\u00f4mico de Taquaru\u00e7u (FGT), que tem in\u00edcio nesta quinta-feira, 4, a partir das 18 horas. Promovido pela Prefeitura de Palmas, por meio da Ag\u00eancia Municipal de Turismo (Agtur), o evento \u00e9 refer\u00eancia na valoriza\u00e7\u00e3o da culin\u00e1ria tocantinense e segue [&hellip;]\" \/>\n<meta property=\"og:url\" content=\"https:\/\/cleitonpinheiro.com.br\/site\/zeca-baleiro-se-apresenta-na-noite-de-abertura-do-19o-festival-gastronomico-de-taquarucu\/\" \/>\n<meta property=\"og:site_name\" content=\"PORTAL DE NOT\u00cdCIAS CLEITON PINHEIRO\" \/>\n<meta property=\"article:publisher\" content=\"https:\/\/www.facebook.com\/portalcpnoticias\/\" \/>\n<meta property=\"article:published_time\" content=\"2025-09-04T14:20:15+00:00\" \/>\n<meta property=\"article:modified_time\" content=\"2025-09-04T14:20:19+00:00\" \/>\n<meta property=\"og:image\" content=\"https:\/\/cleitonpinheiro.com.br\/site\/wp-content\/uploads\/2025\/09\/WhatsApp-Image-2025-09-04-at-06.51.54-1536x1018-1.jpeg\" \/>\n\t<meta property=\"og:image:width\" content=\"1536\" \/>\n\t<meta property=\"og:image:height\" content=\"1018\" \/>\n\t<meta property=\"og:image:type\" content=\"image\/jpeg\" \/>\n<meta name=\"author\" content=\"Reda\u00e7\u00e3o CP\" \/>\n<meta name=\"twitter:card\" content=\"summary_large_image\" \/>\n<meta name=\"twitter:label1\" content=\"Escrito por\" \/>\n\t<meta name=\"twitter:data1\" content=\"Reda\u00e7\u00e3o CP\" \/>\n\t<meta name=\"twitter:label2\" content=\"Est. tempo de leitura\" \/>\n\t<meta name=\"twitter:data2\" content=\"3 minutos\" \/>\n<script type=\"application\/ld+json\" class=\"yoast-schema-graph\">{\"@context\":\"https:\/\/schema.org\",\"@graph\":[{\"@type\":\"Article\",\"@id\":\"https:\/\/cleitonpinheiro.com.br\/site\/zeca-baleiro-se-apresenta-na-noite-de-abertura-do-19o-festival-gastronomico-de-taquarucu\/#article\",\"isPartOf\":{\"@id\":\"https:\/\/cleitonpinheiro.com.br\/site\/zeca-baleiro-se-apresenta-na-noite-de-abertura-do-19o-festival-gastronomico-de-taquarucu\/\"},\"author\":{\"name\":\"Reda\u00e7\u00e3o CP\",\"@id\":\"https:\/\/cleitonpinheiro.com.br\/site\/#\/schema\/person\/8f04544e0bc40a1b68775b08360f87db\"},\"headline\":\"Zeca Baleiro se apresenta na noite de abertura do 19\u00ba Festival Gastron\u00f4mico de Taquaru\u00e7u\",\"datePublished\":\"2025-09-04T14:20:15+00:00\",\"dateModified\":\"2025-09-04T14:20:19+00:00\",\"mainEntityOfPage\":{\"@id\":\"https:\/\/cleitonpinheiro.com.br\/site\/zeca-baleiro-se-apresenta-na-noite-de-abertura-do-19o-festival-gastronomico-de-taquarucu\/\"},\"wordCount\":409,\"commentCount\":0,\"publisher\":{\"@id\":\"https:\/\/cleitonpinheiro.com.br\/site\/#organization\"},\"image\":{\"@id\":\"https:\/\/cleitonpinheiro.com.br\/site\/zeca-baleiro-se-apresenta-na-noite-de-abertura-do-19o-festival-gastronomico-de-taquarucu\/#primaryimage\"},\"thumbnailUrl\":\"https:\/\/cleitonpinheiro.com.br\/site\/wp-content\/uploads\/2025\/09\/WhatsApp-Image-2025-09-04-at-06.51.54-1536x1018-1.jpeg\",\"articleSection\":[\"CIDADES\",\"MANCHETE SEGUND\u00c1RIA\",\"TODAS NOTICIAS\"],\"inLanguage\":\"pt-BR\",\"potentialAction\":[{\"@type\":\"CommentAction\",\"name\":\"Comment\",\"target\":[\"https:\/\/cleitonpinheiro.com.br\/site\/zeca-baleiro-se-apresenta-na-noite-de-abertura-do-19o-festival-gastronomico-de-taquarucu\/#respond\"]}]},{\"@type\":\"WebPage\",\"@id\":\"https:\/\/cleitonpinheiro.com.br\/site\/zeca-baleiro-se-apresenta-na-noite-de-abertura-do-19o-festival-gastronomico-de-taquarucu\/\",\"url\":\"https:\/\/cleitonpinheiro.com.br\/site\/zeca-baleiro-se-apresenta-na-noite-de-abertura-do-19o-festival-gastronomico-de-taquarucu\/\",\"name\":\"Zeca Baleiro se apresenta na noite de abertura do 19\u00ba Festival Gastron\u00f4mico de Taquaru\u00e7u - PORTAL DE NOT\u00cdCIAS CLEITON PINHEIRO\",\"isPartOf\":{\"@id\":\"https:\/\/cleitonpinheiro.com.br\/site\/#website\"},\"primaryImageOfPage\":{\"@id\":\"https:\/\/cleitonpinheiro.com.br\/site\/zeca-baleiro-se-apresenta-na-noite-de-abertura-do-19o-festival-gastronomico-de-taquarucu\/#primaryimage\"},\"image\":{\"@id\":\"https:\/\/cleitonpinheiro.com.br\/site\/zeca-baleiro-se-apresenta-na-noite-de-abertura-do-19o-festival-gastronomico-de-taquarucu\/#primaryimage\"},\"thumbnailUrl\":\"https:\/\/cleitonpinheiro.com.br\/site\/wp-content\/uploads\/2025\/09\/WhatsApp-Image-2025-09-04-at-06.51.54-1536x1018-1.jpeg\",\"datePublished\":\"2025-09-04T14:20:15+00:00\",\"dateModified\":\"2025-09-04T14:20:19+00:00\",\"breadcrumb\":{\"@id\":\"https:\/\/cleitonpinheiro.com.br\/site\/zeca-baleiro-se-apresenta-na-noite-de-abertura-do-19o-festival-gastronomico-de-taquarucu\/#breadcrumb\"},\"inLanguage\":\"pt-BR\",\"potentialAction\":[{\"@type\":\"ReadAction\",\"target\":[\"https:\/\/cleitonpinheiro.com.br\/site\/zeca-baleiro-se-apresenta-na-noite-de-abertura-do-19o-festival-gastronomico-de-taquarucu\/\"]}]},{\"@type\":\"ImageObject\",\"inLanguage\":\"pt-BR\",\"@id\":\"https:\/\/cleitonpinheiro.com.br\/site\/zeca-baleiro-se-apresenta-na-noite-de-abertura-do-19o-festival-gastronomico-de-taquarucu\/#primaryimage\",\"url\":\"https:\/\/cleitonpinheiro.com.br\/site\/wp-content\/uploads\/2025\/09\/WhatsApp-Image-2025-09-04-at-06.51.54-1536x1018-1.jpeg\",\"contentUrl\":\"https:\/\/cleitonpinheiro.com.br\/site\/wp-content\/uploads\/2025\/09\/WhatsApp-Image-2025-09-04-at-06.51.54-1536x1018-1.jpeg\",\"width\":1536,\"height\":1018},{\"@type\":\"BreadcrumbList\",\"@id\":\"https:\/\/cleitonpinheiro.com.br\/site\/zeca-baleiro-se-apresenta-na-noite-de-abertura-do-19o-festival-gastronomico-de-taquarucu\/#breadcrumb\",\"itemListElement\":[{\"@type\":\"ListItem\",\"position\":1,\"name\":\"In\u00edcio\",\"item\":\"https:\/\/cleitonpinheiro.com.br\/site\/\"},{\"@type\":\"ListItem\",\"position\":2,\"name\":\"Zeca Baleiro se apresenta na noite de abertura do 19\u00ba Festival Gastron\u00f4mico de Taquaru\u00e7u\"}]},{\"@type\":\"WebSite\",\"@id\":\"https:\/\/cleitonpinheiro.com.br\/site\/#website\",\"url\":\"https:\/\/cleitonpinheiro.com.br\/site\/\",\"name\":\"PORTAL DE NOT\u00cdCIAS CLEITON PINHEIRO\",\"description\":\"FALANDO A VERDADE\",\"publisher\":{\"@id\":\"https:\/\/cleitonpinheiro.com.br\/site\/#organization\"},\"potentialAction\":[{\"@type\":\"SearchAction\",\"target\":{\"@type\":\"EntryPoint\",\"urlTemplate\":\"https:\/\/cleitonpinheiro.com.br\/site\/?s={search_term_string}\"},\"query-input\":{\"@type\":\"PropertyValueSpecification\",\"valueRequired\":true,\"valueName\":\"search_term_string\"}}],\"inLanguage\":\"pt-BR\"},{\"@type\":\"Organization\",\"@id\":\"https:\/\/cleitonpinheiro.com.br\/site\/#organization\",\"name\":\"CPNOT\u00cdCIAS\",\"url\":\"https:\/\/cleitonpinheiro.com.br\/site\/\",\"logo\":{\"@type\":\"ImageObject\",\"inLanguage\":\"pt-BR\",\"@id\":\"https:\/\/cleitonpinheiro.com.br\/site\/#\/schema\/logo\/image\/\",\"url\":\"https:\/\/cleitonpinheiro.com.br\/site\/wp-content\/uploads\/2022\/08\/Logo-pequena-2.png\",\"contentUrl\":\"https:\/\/cleitonpinheiro.com.br\/site\/wp-content\/uploads\/2022\/08\/Logo-pequena-2.png\",\"width\":500,\"height\":500,\"caption\":\"CPNOT\u00cdCIAS\"},\"image\":{\"@id\":\"https:\/\/cleitonpinheiro.com.br\/site\/#\/schema\/logo\/image\/\"},\"sameAs\":[\"https:\/\/www.facebook.com\/portalcpnoticias\/\"]},{\"@type\":\"Person\",\"@id\":\"https:\/\/cleitonpinheiro.com.br\/site\/#\/schema\/person\/8f04544e0bc40a1b68775b08360f87db\",\"name\":\"Reda\u00e7\u00e3o CP\",\"image\":{\"@type\":\"ImageObject\",\"inLanguage\":\"pt-BR\",\"@id\":\"https:\/\/cleitonpinheiro.com.br\/site\/#\/schema\/person\/image\/\",\"url\":\"https:\/\/secure.gravatar.com\/avatar\/0bcf19cb29fdc8fc588c490c7ae1b3e174dac268586a63fbe1d1893a0f9020cd?s=96&r=g\",\"contentUrl\":\"https:\/\/secure.gravatar.com\/avatar\/0bcf19cb29fdc8fc588c490c7ae1b3e174dac268586a63fbe1d1893a0f9020cd?s=96&r=g\",\"caption\":\"Reda\u00e7\u00e3o CP\"},\"url\":\"https:\/\/cleitonpinheiro.com.br\/site\/author\/redacao\/\"}]}<\/script>\n<!-- \/ Yoast SEO plugin. -->","yoast_head_json":{"title":"Zeca Baleiro se apresenta na noite de abertura do 19\u00ba Festival Gastron\u00f4mico de Taquaru\u00e7u - PORTAL DE NOT\u00cdCIAS CLEITON PINHEIRO","robots":{"index":"index","follow":"follow","max-snippet":"max-snippet:-1","max-image-preview":"max-image-preview:large","max-video-preview":"max-video-preview:-1"},"canonical":"https:\/\/cleitonpinheiro.com.br\/site\/zeca-baleiro-se-apresenta-na-noite-de-abertura-do-19o-festival-gastronomico-de-taquarucu\/","og_locale":"pt_BR","og_type":"article","og_title":"Zeca Baleiro se apresenta na noite de abertura do 19\u00ba Festival Gastron\u00f4mico de Taquaru\u00e7u - PORTAL DE NOT\u00cdCIAS CLEITON PINHEIRO","og_description":"O cantor Zeca Baleiro ser\u00e1 a grande atra\u00e7\u00e3o da primeira noite da 19\u00aa edi\u00e7\u00e3o do Festival Gastron\u00f4mico de Taquaru\u00e7u (FGT), que tem in\u00edcio nesta quinta-feira, 4, a partir das 18 horas. Promovido pela Prefeitura de Palmas, por meio da Ag\u00eancia Municipal de Turismo (Agtur), o evento \u00e9 refer\u00eancia na valoriza\u00e7\u00e3o da culin\u00e1ria tocantinense e segue [&hellip;]","og_url":"https:\/\/cleitonpinheiro.com.br\/site\/zeca-baleiro-se-apresenta-na-noite-de-abertura-do-19o-festival-gastronomico-de-taquarucu\/","og_site_name":"PORTAL DE NOT\u00cdCIAS CLEITON PINHEIRO","article_publisher":"https:\/\/www.facebook.com\/portalcpnoticias\/","article_published_time":"2025-09-04T14:20:15+00:00","article_modified_time":"2025-09-04T14:20:19+00:00","og_image":[{"width":1536,"height":1018,"url":"https:\/\/cleitonpinheiro.com.br\/site\/wp-content\/uploads\/2025\/09\/WhatsApp-Image-2025-09-04-at-06.51.54-1536x1018-1.jpeg","type":"image\/jpeg"}],"author":"Reda\u00e7\u00e3o CP","twitter_card":"summary_large_image","twitter_misc":{"Escrito por":"Reda\u00e7\u00e3o CP","Est. tempo de leitura":"3 minutos"},"schema":{"@context":"https:\/\/schema.org","@graph":[{"@type":"Article","@id":"https:\/\/cleitonpinheiro.com.br\/site\/zeca-baleiro-se-apresenta-na-noite-de-abertura-do-19o-festival-gastronomico-de-taquarucu\/#article","isPartOf":{"@id":"https:\/\/cleitonpinheiro.com.br\/site\/zeca-baleiro-se-apresenta-na-noite-de-abertura-do-19o-festival-gastronomico-de-taquarucu\/"},"author":{"name":"Reda\u00e7\u00e3o CP","@id":"https:\/\/cleitonpinheiro.com.br\/site\/#\/schema\/person\/8f04544e0bc40a1b68775b08360f87db"},"headline":"Zeca Baleiro se apresenta na noite de abertura do 19\u00ba Festival Gastron\u00f4mico de Taquaru\u00e7u","datePublished":"2025-09-04T14:20:15+00:00","dateModified":"2025-09-04T14:20:19+00:00","mainEntityOfPage":{"@id":"https:\/\/cleitonpinheiro.com.br\/site\/zeca-baleiro-se-apresenta-na-noite-de-abertura-do-19o-festival-gastronomico-de-taquarucu\/"},"wordCount":409,"commentCount":0,"publisher":{"@id":"https:\/\/cleitonpinheiro.com.br\/site\/#organization"},"image":{"@id":"https:\/\/cleitonpinheiro.com.br\/site\/zeca-baleiro-se-apresenta-na-noite-de-abertura-do-19o-festival-gastronomico-de-taquarucu\/#primaryimage"},"thumbnailUrl":"https:\/\/cleitonpinheiro.com.br\/site\/wp-content\/uploads\/2025\/09\/WhatsApp-Image-2025-09-04-at-06.51.54-1536x1018-1.jpeg","articleSection":["CIDADES","MANCHETE SEGUND\u00c1RIA","TODAS NOTICIAS"],"inLanguage":"pt-BR","potentialAction":[{"@type":"CommentAction","name":"Comment","target":["https:\/\/cleitonpinheiro.com.br\/site\/zeca-baleiro-se-apresenta-na-noite-de-abertura-do-19o-festival-gastronomico-de-taquarucu\/#respond"]}]},{"@type":"WebPage","@id":"https:\/\/cleitonpinheiro.com.br\/site\/zeca-baleiro-se-apresenta-na-noite-de-abertura-do-19o-festival-gastronomico-de-taquarucu\/","url":"https:\/\/cleitonpinheiro.com.br\/site\/zeca-baleiro-se-apresenta-na-noite-de-abertura-do-19o-festival-gastronomico-de-taquarucu\/","name":"Zeca Baleiro se apresenta na noite de abertura do 19\u00ba Festival Gastron\u00f4mico de Taquaru\u00e7u - PORTAL DE NOT\u00cdCIAS CLEITON PINHEIRO","isPartOf":{"@id":"https:\/\/cleitonpinheiro.com.br\/site\/#website"},"primaryImageOfPage":{"@id":"https:\/\/cleitonpinheiro.com.br\/site\/zeca-baleiro-se-apresenta-na-noite-de-abertura-do-19o-festival-gastronomico-de-taquarucu\/#primaryimage"},"image":{"@id":"https:\/\/cleitonpinheiro.com.br\/site\/zeca-baleiro-se-apresenta-na-noite-de-abertura-do-19o-festival-gastronomico-de-taquarucu\/#primaryimage"},"thumbnailUrl":"https:\/\/cleitonpinheiro.com.br\/site\/wp-content\/uploads\/2025\/09\/WhatsApp-Image-2025-09-04-at-06.51.54-1536x1018-1.jpeg","datePublished":"2025-09-04T14:20:15+00:00","dateModified":"2025-09-04T14:20:19+00:00","breadcrumb":{"@id":"https:\/\/cleitonpinheiro.com.br\/site\/zeca-baleiro-se-apresenta-na-noite-de-abertura-do-19o-festival-gastronomico-de-taquarucu\/#breadcrumb"},"inLanguage":"pt-BR","potentialAction":[{"@type":"ReadAction","target":["https:\/\/cleitonpinheiro.com.br\/site\/zeca-baleiro-se-apresenta-na-noite-de-abertura-do-19o-festival-gastronomico-de-taquarucu\/"]}]},{"@type":"ImageObject","inLanguage":"pt-BR","@id":"https:\/\/cleitonpinheiro.com.br\/site\/zeca-baleiro-se-apresenta-na-noite-de-abertura-do-19o-festival-gastronomico-de-taquarucu\/#primaryimage","url":"https:\/\/cleitonpinheiro.com.br\/site\/wp-content\/uploads\/2025\/09\/WhatsApp-Image-2025-09-04-at-06.51.54-1536x1018-1.jpeg","contentUrl":"https:\/\/cleitonpinheiro.com.br\/site\/wp-content\/uploads\/2025\/09\/WhatsApp-Image-2025-09-04-at-06.51.54-1536x1018-1.jpeg","width":1536,"height":1018},{"@type":"BreadcrumbList","@id":"https:\/\/cleitonpinheiro.com.br\/site\/zeca-baleiro-se-apresenta-na-noite-de-abertura-do-19o-festival-gastronomico-de-taquarucu\/#breadcrumb","itemListElement":[{"@type":"ListItem","position":1,"name":"In\u00edcio","item":"https:\/\/cleitonpinheiro.com.br\/site\/"},{"@type":"ListItem","position":2,"name":"Zeca Baleiro se apresenta na noite de abertura do 19\u00ba Festival Gastron\u00f4mico de Taquaru\u00e7u"}]},{"@type":"WebSite","@id":"https:\/\/cleitonpinheiro.com.br\/site\/#website","url":"https:\/\/cleitonpinheiro.com.br\/site\/","name":"PORTAL DE NOT\u00cdCIAS CLEITON PINHEIRO","description":"FALANDO A VERDADE","publisher":{"@id":"https:\/\/cleitonpinheiro.com.br\/site\/#organization"},"potentialAction":[{"@type":"SearchAction","target":{"@type":"EntryPoint","urlTemplate":"https:\/\/cleitonpinheiro.com.br\/site\/?s={search_term_string}"},"query-input":{"@type":"PropertyValueSpecification","valueRequired":true,"valueName":"search_term_string"}}],"inLanguage":"pt-BR"},{"@type":"Organization","@id":"https:\/\/cleitonpinheiro.com.br\/site\/#organization","name":"CPNOT\u00cdCIAS","url":"https:\/\/cleitonpinheiro.com.br\/site\/","logo":{"@type":"ImageObject","inLanguage":"pt-BR","@id":"https:\/\/cleitonpinheiro.com.br\/site\/#\/schema\/logo\/image\/","url":"https:\/\/cleitonpinheiro.com.br\/site\/wp-content\/uploads\/2022\/08\/Logo-pequena-2.png","contentUrl":"https:\/\/cleitonpinheiro.com.br\/site\/wp-content\/uploads\/2022\/08\/Logo-pequena-2.png","width":500,"height":500,"caption":"CPNOT\u00cdCIAS"},"image":{"@id":"https:\/\/cleitonpinheiro.com.br\/site\/#\/schema\/logo\/image\/"},"sameAs":["https:\/\/www.facebook.com\/portalcpnoticias\/"]},{"@type":"Person","@id":"https:\/\/cleitonpinheiro.com.br\/site\/#\/schema\/person\/8f04544e0bc40a1b68775b08360f87db","name":"Reda\u00e7\u00e3o CP","image":{"@type":"ImageObject","inLanguage":"pt-BR","@id":"https:\/\/cleitonpinheiro.com.br\/site\/#\/schema\/person\/image\/","url":"https:\/\/secure.gravatar.com\/avatar\/0bcf19cb29fdc8fc588c490c7ae1b3e174dac268586a63fbe1d1893a0f9020cd?s=96&r=g","contentUrl":"https:\/\/secure.gravatar.com\/avatar\/0bcf19cb29fdc8fc588c490c7ae1b3e174dac268586a63fbe1d1893a0f9020cd?s=96&r=g","caption":"Reda\u00e7\u00e3o CP"},"url":"https:\/\/cleitonpinheiro.com.br\/site\/author\/redacao\/"}]}},"views":105,"_links":{"self":[{"href":"https:\/\/cleitonpinheiro.com.br\/site\/wp-json\/wp\/v2\/posts\/86773","targetHints":{"allow":["GET"]}}],"collection":[{"href":"https:\/\/cleitonpinheiro.com.br\/site\/wp-json\/wp\/v2\/posts"}],"about":[{"href":"https:\/\/cleitonpinheiro.com.br\/site\/wp-json\/wp\/v2\/types\/post"}],"author":[{"embeddable":true,"href":"https:\/\/cleitonpinheiro.com.br\/site\/wp-json\/wp\/v2\/users\/13"}],"replies":[{"embeddable":true,"href":"https:\/\/cleitonpinheiro.com.br\/site\/wp-json\/wp\/v2\/comments?post=86773"}],"version-history":[{"count":1,"href":"https:\/\/cleitonpinheiro.com.br\/site\/wp-json\/wp\/v2\/posts\/86773\/revisions"}],"predecessor-version":[{"id":86775,"href":"https:\/\/cleitonpinheiro.com.br\/site\/wp-json\/wp\/v2\/posts\/86773\/revisions\/86775"}],"wp:featuredmedia":[{"embeddable":true,"href":"https:\/\/cleitonpinheiro.com.br\/site\/wp-json\/wp\/v2\/media\/86774"}],"wp:attachment":[{"href":"https:\/\/cleitonpinheiro.com.br\/site\/wp-json\/wp\/v2\/media?parent=86773"}],"wp:term":[{"taxonomy":"category","embeddable":true,"href":"https:\/\/cleitonpinheiro.com.br\/site\/wp-json\/wp\/v2\/categories?post=86773"},{"taxonomy":"post_tag","embeddable":true,"href":"https:\/\/cleitonpinheiro.com.br\/site\/wp-json\/wp\/v2\/tags?post=86773"}],"curies":[{"name":"wp","href":"https:\/\/api.w.org\/{rel}","templated":true}]}}