{"id":86776,"date":"2025-09-04T11:26:35","date_gmt":"2025-09-04T14:26:35","guid":{"rendered":"https:\/\/cleitonpinheiro.com.br\/site\/?p=86776"},"modified":"2025-09-10T12:45:04","modified_gmt":"2025-09-10T15:45:04","slug":"governador-interino-laurez-moreira-reestrutura-primeiro-escalao-em-primeiro-diario-oficial","status":"publish","type":"post","link":"https:\/\/cleitonpinheiro.com.br\/site\/governador-interino-laurez-moreira-reestrutura-primeiro-escalao-em-primeiro-diario-oficial\/","title":{"rendered":"Governador interino Laurez Moreira reestrutura primeiro escal\u00e3o em primeiro Di\u00e1rio Oficial"},"content":{"rendered":"\n<figure class=\"wp-block-image size-full\"><img fetchpriority=\"high\" decoding=\"async\" width=\"883\" height=\"546\" src=\"https:\/\/cleitonpinheiro.com.br\/site\/wp-content\/uploads\/2025\/09\/442333.jpeg\" alt=\"\" class=\"wp-image-86777\" srcset=\"https:\/\/cleitonpinheiro.com.br\/site\/wp-content\/uploads\/2025\/09\/442333.jpeg 883w, https:\/\/cleitonpinheiro.com.br\/site\/wp-content\/uploads\/2025\/09\/442333-300x186.jpeg 300w, https:\/\/cleitonpinheiro.com.br\/site\/wp-content\/uploads\/2025\/09\/442333-768x475.jpeg 768w\" sizes=\"(max-width: 883px) 100vw, 883px\" \/><\/figure>\n\n\n\n<p>O primeiro Di\u00e1rio Oficial do Estado (DOE) assinado pelo governador em exerc\u00edcio, Laurez Moreira (PSD), trouxe a reestrutura\u00e7\u00e3o completa do primeiro escal\u00e3o da administra\u00e7\u00e3o estadual, conforme j\u00e1 havia sido antecipado em coletiva de imprensa.<\/p>\n\n\n\n<p>A decis\u00e3o ocorre ap\u00f3s orienta\u00e7\u00e3o do ministro Mauro Campbell, relator da Opera\u00e7\u00e3o Fames-19 no Superior Tribunal de Justi\u00e7a (STJ), que determinou o afastamento do governador Wanderlei Barbosa (Republicanos) por 180 dias.<\/p>\n\n\n\n<h3 class=\"wp-block-heading\">Exonera\u00e7\u00f5es<\/h3>\n\n\n\n<p>Dos secret\u00e1rios ligados \u00e0 gest\u00e3o de Wanderlei Barbosa, apenas Deocleciano Gomes, da Casa Civil, e Wander Ara\u00fajo Vieira, da Casa Militar, tiveram as exonera\u00e7\u00f5es publicadas como \u201ca pedido\u201d. No total, 49 cargos de primeiro escal\u00e3o foram desfeitos.<\/p>\n\n\n\n<p>Para garantir a continuidade administrativa, o DOE tamb\u00e9m designou o secret\u00e1rio executivo Sebasti\u00e3o Pereira Neuzin Neto para responder interinamente pela Casa Civil.<\/p>\n\n\n\n<h3 class=\"wp-block-heading\">Novas nomea\u00e7\u00f5es<\/h3>\n\n\n\n<p>A publica\u00e7\u00e3o desta quarta-feira, 3, trouxe ainda as primeiras defini\u00e7\u00f5es do novo governo. Foram nomeados:<\/p>\n\n\n\n<ul class=\"wp-block-list\">\n<li><strong>Ailton Parente Ara\u00fajo<\/strong> como chefe de gabinete do governador;<\/li>\n\n\n\n<li><strong>Luiza Rocha Pinheiro<\/strong> para a Secretaria de Comunica\u00e7\u00e3o Social;<\/li>\n\n\n\n<li><strong>Vitor Oliveira Santos Rocha Teles<\/strong> como secret\u00e1rio-chefe da Casa Militar.<\/li>\n<\/ul>\n\n\n\n<p>Exonerados:<\/p>\n\n\n\n<ul class=\"wp-block-list\">\n<li><strong>AD\u00c3O FRANCISCO DE OLIVEIRA<\/strong>, do cargo de Secret\u00e1rio de Estado da Igualdade Racial\u00a0<\/li>\n\n\n\n<li><strong>ANDR\u00c9 LUIZ TORRES GOMES<\/strong>, do cargo de Secret\u00e1rio Extraordin\u00e1rio de Desenvolvimento da Regi\u00e3o Metropolitana de Palmas\u00a0<\/li>\n\n\n\n<li><strong>ATOS GOMES DE ARA\u00daJO<\/strong>, do cargo de Secret\u00e1rio de Estado dos Esportes e Juventude\u00a0<\/li>\n\n\n\n<li><strong>BERENICE DE F\u00c1TIMA BARBOSA CASTRO FREITAS<\/strong>, do cargo de Secret\u00e1ria de Estado da Mulher\u00a0<\/li>\n\n\n\n<li><strong>BRUNO SOUSA AZEVEDO<\/strong>, do cargo de Secret\u00e1rio de Estado da Seguran\u00e7a P\u00fablica\u00a0<\/li>\n\n\n\n<li><strong>CARLOS FELINTO J\u00daNIOR<\/strong>, do cargo de Secret\u00e1rio de Estado da Sa\u00fade\u00a0<\/li>\n\n\n\n<li><strong>CARLOS HUMBERTO DUARTE DE LIMA E SILVA<\/strong>, do cargo de Secret\u00e1rio de Estado da Ind\u00fastria, Com\u00e9rcio e Servi\u00e7os\u00a0<\/li>\n\n\n\n<li><strong>CARLOS SANTOS MANZINI J\u00daNIOR<\/strong>, do cargo de Secret\u00e1rio Extraordin\u00e1rio de Representa\u00e7\u00e3o em Bras\u00edlia\u00a0<\/li>\n\n\n\n<li><strong>DONIZETH APARECIDO SILVA<\/strong>, do cargo de Secret\u00e1rio de Estado da Fazenda\u00a0<\/li>\n\n\n\n<li><strong>EDILCINEY LOPES PEREIRA<\/strong>, do cargo de Secret\u00e1rio Extraordin\u00e1rio de A\u00e7\u00f5es Estrat\u00e9gicas\u00a0<\/li>\n\n\n\n<li><strong>F\u00c1BIO PEREIRA VAZ<\/strong>, do cargo de Secret\u00e1rio de Estado da Educa\u00e7\u00e3o\u00a0<\/li>\n\n\n\n<li><strong>HERCY AYRES RODRIGUES FILHO<\/strong>, do cargo de Secret\u00e1rio de Estado do Turismo\u00a0<\/li>\n\n\n\n<li><strong>IDERVAL JO\u00c3O DA SILVA<\/strong>, do cargo de Secret\u00e1rio de Estado de Assuntos Institucionais\u00a0<\/li>\n\n\n\n<li><strong>IRANA DE SOUSA CO\u00caLHO AGUIAR<\/strong>, do cargo de Procuradora-Geral do Estado\u00a0<\/li>\n\n\n\n<li><strong>JAIME CAF\u00c9 DE S\u00c1<\/strong>, do cargo de Secret\u00e1rio de Estado da Agricultura e Pecu\u00e1ria\u00a0<\/li>\n\n\n\n<li><strong>JOS\u00c9 SEBASTI\u00c3O PINHEIRO DE SOUZA<\/strong>, do cargo de Secret\u00e1rio de Estado da Cultura\u00a0<\/li>\n\n\n\n<li><strong>KARYNNE SOTERO CAMPOS<\/strong>, do cargo de Secret\u00e1ria Extraordin\u00e1ria de Participa\u00e7\u00f5es Sociais\u00a0<\/li>\n\n\n\n<li><strong>KATIUSCYA ALVES BARBOSA CHAVES<\/strong>, do cargo de Secret\u00e1ria de Estado da Governadoria, da Secretaria Executiva da Governadoria\u00a0<\/li>\n\n\n\n<li><strong>L\u00c1ZARO BOTELHO MARTINS<\/strong>, do cargo de Secret\u00e1rio Extraordin\u00e1rio de A\u00e7\u00f5es Governamentais\u00a0<\/li>\n\n\n\n<li><strong>MARCELLO DE LIMA LELIS<\/strong>, do cargo de Secret\u00e1rio de Estado do Meio Ambiente e Recursos H\u00eddricos\u00a0<\/li>\n\n\n\n<li><strong>M\u00c1RCIO ANDERSON RAIMUNDO DA ROCHA<\/strong>, do cargo de Secret\u00e1rio de Estado da Comunica\u00e7\u00e3o\u00a0<\/li>\n\n\n\n<li><strong>M\u00c1RCIO ANT\u00d4NIO BARBOSA DE MENDON\u00c7A<\/strong>, do cargo de Comandante-Geral da Pol\u00edcia Militar do Estado do Tocantins \u2013 PMTO\u00a0<\/li>\n\n\n\n<li><strong>MARCOS MARTINS CAMILO<\/strong>, do cargo de Chefe de Gabinete do Governador\u00a0<\/li>\n\n\n\n<li><strong>MURILO FRANCISCO CENTENO<\/strong>, do cargo de Secret\u00e1rio-Chefe da Controladoria-Geral do Estado\u00a0<\/li>\n\n\n\n<li><strong>NILOMAR DOS SANTOS FARIAS<\/strong>, do cargo de Secret\u00e1rio de Estado da Cidadania e Justi\u00e7a\u00a0<\/li>\n\n\n\n<li><strong>PAULO C\u00c9SAR BENFICA FILHO<\/strong>, do cargo de Secret\u00e1rio de Estado da Administra\u00e7\u00e3o\u00a0<\/li>\n\n\n\n<li><strong>PAULO WAIKARN\u00c3SE XERENTE<\/strong>, do cargo de Secret\u00e1rio de Estado dos Povos Origin\u00e1rios e Tradicionais\u00a0<\/li>\n\n\n\n<li><strong>PETERSON QUEIROZ DE ORNELAS<\/strong>, do cargo de Comandante-Geral do Corpo de Bombeiros Militar do Estado do Tocantins \u2013 CBMTO\u00a0<\/li>\n\n\n\n<li><strong>RODRIGO DE CARVALHO AYRES<\/strong>, do cargo de Secret\u00e1rio de Estado da Pesca e Aquicultura\u00a0<\/li>\n\n\n\n<li><strong>ROSILENE FORTUNATO DE SOUZA<\/strong>, do cargo de Secret\u00e1ria Particular do Governador\u00a0<\/li>\n\n\n\n<li><strong>SERGISLEI SILVA DE MOURA<\/strong>, do cargo de Secret\u00e1rio de Estado do Planejamento e Or\u00e7amento\u00a0<\/li>\n\n\n\n<li><strong>THOMAS JEFFERSON GON\u00c7ALVES TEIXEIRA<\/strong>, do cargo de Secret\u00e1rio de Estado de Parcerias e Investimentos\u00a0<\/li>\n\n\n\n<li><strong>UBIRATAN CARVALHO FONSECA<\/strong>, do cargo de Secret\u00e1rio de Estado das Cidades, Habita\u00e7\u00e3o e Desenvolvimento Regional\u00a0<\/li>\n\n\n\n<li><strong>VALDEREZ CASTELO BRANCO MARTINS<\/strong>, do cargo de Secret\u00e1ria de Estado do Trabalho e Desenvolvimento Social\u00a0<\/li>\n\n\n\n<li><strong>WELLINGTON FERREIRA DE MEDEIROS<\/strong>, do cargo de Secret\u00e1rio Extraordin\u00e1rio de Pol\u00edticas de Governo Descentralizadas\u00a0<\/li>\n\n\n\n<li><strong>B\u00c1RBARA JESU\u00cdNA MENDES GOMES<\/strong>, do cargo de Presidente do Instituto de Gest\u00e3o Previdenci\u00e1ria do Estado do Tocantins \u2013 IGEPREV-TOCANTINS\u00a0<\/li>\n\n\n\n<li><strong>CLEDSON DA ROCHA LIMA<\/strong>, do cargo de Presidente do Instituto Natureza do Tocantins \u2013 NATURATINS\u00a0<\/li>\n\n\n\n<li><strong>HIRAM MELCHIADES TORRES GOMES SOBRINHO<\/strong>, do cargo de Presidente da Ag\u00eancia de Tecnologia da Informa\u00e7\u00e3o \u2013 ATI-TO\u00a0<\/li>\n\n\n\n<li><strong>ISSAM SAADO<\/strong>, do cargo de Presidente da Junta Comercial do Estado do Tocantins \u2013 JUCETINS\u00a0<\/li>\n\n\n\n<li><strong>M\u00c1RCIO PINHEIRO RODRIGUES<\/strong>, do cargo de Presidente da Ag\u00eancia de Transportes, Obras e Infraestrutura \u2013 AGETO\u00a0<\/li>\n\n\n\n<li><strong>MARIA EULESSANDRA SOUSA CASTILHO<\/strong>, do cargo de Presidente da Funda\u00e7\u00e3o de Amparo \u00e0 Pesquisa do Estado do Tocantins \u2013 FAPT\u00a0<\/li>\n\n\n\n<li><strong>MATHEUS PEREIRA MARTINS<\/strong>, do cargo de Presidente da Ag\u00eancia Tocantinense de Regula\u00e7\u00e3o, Controle e Fiscaliza\u00e7\u00e3o de Servi\u00e7os P\u00fablicos \u2013 ATR\u00a0<\/li>\n\n\n\n<li><strong>MILTON NERIS DE SANTANA<\/strong>, do cargo de Presidente da Ag\u00eancia de Minera\u00e7\u00e3o do Estado do Tocantins \u2013 AMETO\u00a0<strong>O<\/strong><\/li>\n\n\n\n<li><strong>SIRES RODRIGUES DAMASO<\/strong>, do cargo de Presidente do Instituto de Desenvolvimento Rural do Estado do Tocantins \u2013 RURALTINS\u00a0<\/li>\n\n\n\n<li><strong>PAULO ANT\u00d4NIO DE LIMA<\/strong>, do cargo de Presidente da Ag\u00eancia de Defesa Agropecu\u00e1ria do Estado do Tocantins \u2013 ADAPEC-TOCANTINS\u00a0<\/li>\n\n\n\n<li><strong>PEDRO HENRIQUE CARDOSO BECKMAN<\/strong>, do cargo de Presidente da Ag\u00eancia Tocantinense de Saneamento \u2013 ATS\u00a0<\/li>\n\n\n\n<li><strong>RONAN DORNELES DE SOUSA<\/strong>, do cargo de Presidente da Ag\u00eancia de Metrologia, Avalia\u00e7\u00e3o da Conformidade, Inova\u00e7\u00e3o e Tecnologia do Estado do Tocantins \u2013 AEM\u00a0<\/li>\n\n\n\n<li><strong>RUIVALDO AIRES FONTOURA<\/strong>, do cargo de Presidente do Instituto de Terras do Estado do Tocantins \u2013 ITERTINS\u00a0<\/li>\n\n\n\n<li><strong>WILLIAN GONZAGA DOS SANTOS<\/strong>, do cargo de Presidente do Departamento Estadual de Tr\u00e2nsito \u2013 DETRAN\/TO<\/li>\n<\/ul>\n\n\n\n<p>Exonerados a pedido<\/p>\n\n\n\n<ul class=\"wp-block-list\">\n<li><strong>DEOCLECIANO GOMES FILHO<\/strong>, do cargo de Secret\u00e1rio-Chefe da Casa Civil.<\/li>\n\n\n\n<li><strong>WANDER ARA\u00daJO VIEIRA<\/strong>\u00a0do cargo de<strong>\u00a0<\/strong>Secret\u00e1rio-Chefe da Casa Militar<\/li>\n<\/ul>\n","protected":false},"excerpt":{"rendered":"<p>O primeiro Di\u00e1rio Oficial do Estado (DOE) assinado pelo governador em exerc\u00edcio, Laurez Moreira (PSD), trouxe a reestrutura\u00e7\u00e3o completa do primeiro escal\u00e3o da administra\u00e7\u00e3o estadual, conforme j\u00e1 havia sido antecipado em coletiva de imprensa. A decis\u00e3o ocorre ap\u00f3s orienta\u00e7\u00e3o do ministro Mauro Campbell, relator da Opera\u00e7\u00e3o Fames-19 no Superior Tribunal de Justi\u00e7a (STJ), que determinou [&hellip;]<\/p>\n","protected":false},"author":13,"featured_media":86777,"comment_status":"open","ping_status":"open","sticky":false,"template":"","format":"standard","meta":{"_acf_changed":false,"footnotes":""},"categories":[898,23,21],"tags":[],"class_list":["post-86776","post","type-post","status-publish","format-standard","has-post-thumbnail","hentry","category-manchete-segundaria","category-politica","category-todas-noticias"],"acf":[],"yoast_head":"<!-- This site is optimized with the Yoast SEO plugin v24.4 - https:\/\/yoast.com\/wordpress\/plugins\/seo\/ -->\n<title>Governador interino Laurez Moreira reestrutura primeiro escal\u00e3o em primeiro Di\u00e1rio Oficial - PORTAL DE NOT\u00cdCIAS CLEITON PINHEIRO<\/title>\n<meta name=\"robots\" content=\"index, follow, max-snippet:-1, max-image-preview:large, max-video-preview:-1\" \/>\n<link rel=\"canonical\" href=\"https:\/\/cleitonpinheiro.com.br\/site\/governador-interino-laurez-moreira-reestrutura-primeiro-escalao-em-primeiro-diario-oficial\/\" \/>\n<meta property=\"og:locale\" content=\"pt_BR\" \/>\n<meta property=\"og:type\" content=\"article\" \/>\n<meta property=\"og:title\" content=\"Governador interino Laurez Moreira reestrutura primeiro escal\u00e3o em primeiro Di\u00e1rio Oficial - PORTAL DE NOT\u00cdCIAS CLEITON PINHEIRO\" \/>\n<meta property=\"og:description\" content=\"O primeiro Di\u00e1rio Oficial do Estado (DOE) assinado pelo governador em exerc\u00edcio, Laurez Moreira (PSD), trouxe a reestrutura\u00e7\u00e3o completa do primeiro escal\u00e3o da administra\u00e7\u00e3o estadual, conforme j\u00e1 havia sido antecipado em coletiva de imprensa. A decis\u00e3o ocorre ap\u00f3s orienta\u00e7\u00e3o do ministro Mauro Campbell, relator da Opera\u00e7\u00e3o Fames-19 no Superior Tribunal de Justi\u00e7a (STJ), que determinou [&hellip;]\" \/>\n<meta property=\"og:url\" content=\"https:\/\/cleitonpinheiro.com.br\/site\/governador-interino-laurez-moreira-reestrutura-primeiro-escalao-em-primeiro-diario-oficial\/\" \/>\n<meta property=\"og:site_name\" content=\"PORTAL DE NOT\u00cdCIAS CLEITON PINHEIRO\" \/>\n<meta property=\"article:publisher\" content=\"https:\/\/www.facebook.com\/portalcpnoticias\/\" \/>\n<meta property=\"article:published_time\" content=\"2025-09-04T14:26:35+00:00\" \/>\n<meta property=\"article:modified_time\" content=\"2025-09-10T15:45:04+00:00\" \/>\n<meta property=\"og:image\" content=\"https:\/\/cleitonpinheiro.com.br\/site\/wp-content\/uploads\/2025\/09\/442333.jpeg\" \/>\n\t<meta property=\"og:image:width\" content=\"883\" \/>\n\t<meta property=\"og:image:height\" content=\"546\" \/>\n\t<meta property=\"og:image:type\" content=\"image\/jpeg\" \/>\n<meta name=\"author\" content=\"Reda\u00e7\u00e3o CP\" \/>\n<meta name=\"twitter:card\" content=\"summary_large_image\" \/>\n<meta name=\"twitter:label1\" content=\"Escrito por\" \/>\n\t<meta name=\"twitter:data1\" content=\"Reda\u00e7\u00e3o CP\" \/>\n\t<meta name=\"twitter:label2\" content=\"Est. tempo de leitura\" \/>\n\t<meta name=\"twitter:data2\" content=\"6 minutos\" \/>\n<script type=\"application\/ld+json\" class=\"yoast-schema-graph\">{\"@context\":\"https:\/\/schema.org\",\"@graph\":[{\"@type\":\"Article\",\"@id\":\"https:\/\/cleitonpinheiro.com.br\/site\/governador-interino-laurez-moreira-reestrutura-primeiro-escalao-em-primeiro-diario-oficial\/#article\",\"isPartOf\":{\"@id\":\"https:\/\/cleitonpinheiro.com.br\/site\/governador-interino-laurez-moreira-reestrutura-primeiro-escalao-em-primeiro-diario-oficial\/\"},\"author\":{\"name\":\"Reda\u00e7\u00e3o CP\",\"@id\":\"https:\/\/cleitonpinheiro.com.br\/site\/#\/schema\/person\/8f04544e0bc40a1b68775b08360f87db\"},\"headline\":\"Governador interino Laurez Moreira reestrutura primeiro escal\u00e3o em primeiro Di\u00e1rio Oficial\",\"datePublished\":\"2025-09-04T14:26:35+00:00\",\"dateModified\":\"2025-09-10T15:45:04+00:00\",\"mainEntityOfPage\":{\"@id\":\"https:\/\/cleitonpinheiro.com.br\/site\/governador-interino-laurez-moreira-reestrutura-primeiro-escalao-em-primeiro-diario-oficial\/\"},\"wordCount\":1037,\"commentCount\":0,\"publisher\":{\"@id\":\"https:\/\/cleitonpinheiro.com.br\/site\/#organization\"},\"image\":{\"@id\":\"https:\/\/cleitonpinheiro.com.br\/site\/governador-interino-laurez-moreira-reestrutura-primeiro-escalao-em-primeiro-diario-oficial\/#primaryimage\"},\"thumbnailUrl\":\"https:\/\/cleitonpinheiro.com.br\/site\/wp-content\/uploads\/2025\/09\/442333.jpeg\",\"articleSection\":[\"MANCHETE SEGUND\u00c1RIA\",\"POL\u00cdTICA\",\"TODAS NOTICIAS\"],\"inLanguage\":\"pt-BR\",\"potentialAction\":[{\"@type\":\"CommentAction\",\"name\":\"Comment\",\"target\":[\"https:\/\/cleitonpinheiro.com.br\/site\/governador-interino-laurez-moreira-reestrutura-primeiro-escalao-em-primeiro-diario-oficial\/#respond\"]}]},{\"@type\":\"WebPage\",\"@id\":\"https:\/\/cleitonpinheiro.com.br\/site\/governador-interino-laurez-moreira-reestrutura-primeiro-escalao-em-primeiro-diario-oficial\/\",\"url\":\"https:\/\/cleitonpinheiro.com.br\/site\/governador-interino-laurez-moreira-reestrutura-primeiro-escalao-em-primeiro-diario-oficial\/\",\"name\":\"Governador interino Laurez Moreira reestrutura primeiro escal\u00e3o em primeiro Di\u00e1rio Oficial - PORTAL DE NOT\u00cdCIAS CLEITON PINHEIRO\",\"isPartOf\":{\"@id\":\"https:\/\/cleitonpinheiro.com.br\/site\/#website\"},\"primaryImageOfPage\":{\"@id\":\"https:\/\/cleitonpinheiro.com.br\/site\/governador-interino-laurez-moreira-reestrutura-primeiro-escalao-em-primeiro-diario-oficial\/#primaryimage\"},\"image\":{\"@id\":\"https:\/\/cleitonpinheiro.com.br\/site\/governador-interino-laurez-moreira-reestrutura-primeiro-escalao-em-primeiro-diario-oficial\/#primaryimage\"},\"thumbnailUrl\":\"https:\/\/cleitonpinheiro.com.br\/site\/wp-content\/uploads\/2025\/09\/442333.jpeg\",\"datePublished\":\"2025-09-04T14:26:35+00:00\",\"dateModified\":\"2025-09-10T15:45:04+00:00\",\"breadcrumb\":{\"@id\":\"https:\/\/cleitonpinheiro.com.br\/site\/governador-interino-laurez-moreira-reestrutura-primeiro-escalao-em-primeiro-diario-oficial\/#breadcrumb\"},\"inLanguage\":\"pt-BR\",\"potentialAction\":[{\"@type\":\"ReadAction\",\"target\":[\"https:\/\/cleitonpinheiro.com.br\/site\/governador-interino-laurez-moreira-reestrutura-primeiro-escalao-em-primeiro-diario-oficial\/\"]}]},{\"@type\":\"ImageObject\",\"inLanguage\":\"pt-BR\",\"@id\":\"https:\/\/cleitonpinheiro.com.br\/site\/governador-interino-laurez-moreira-reestrutura-primeiro-escalao-em-primeiro-diario-oficial\/#primaryimage\",\"url\":\"https:\/\/cleitonpinheiro.com.br\/site\/wp-content\/uploads\/2025\/09\/442333.jpeg\",\"contentUrl\":\"https:\/\/cleitonpinheiro.com.br\/site\/wp-content\/uploads\/2025\/09\/442333.jpeg\",\"width\":883,\"height\":546},{\"@type\":\"BreadcrumbList\",\"@id\":\"https:\/\/cleitonpinheiro.com.br\/site\/governador-interino-laurez-moreira-reestrutura-primeiro-escalao-em-primeiro-diario-oficial\/#breadcrumb\",\"itemListElement\":[{\"@type\":\"ListItem\",\"position\":1,\"name\":\"In\u00edcio\",\"item\":\"https:\/\/cleitonpinheiro.com.br\/site\/\"},{\"@type\":\"ListItem\",\"position\":2,\"name\":\"Governador interino Laurez Moreira reestrutura primeiro escal\u00e3o em primeiro Di\u00e1rio Oficial\"}]},{\"@type\":\"WebSite\",\"@id\":\"https:\/\/cleitonpinheiro.com.br\/site\/#website\",\"url\":\"https:\/\/cleitonpinheiro.com.br\/site\/\",\"name\":\"PORTAL DE NOT\u00cdCIAS CLEITON PINHEIRO\",\"description\":\"FALANDO A VERDADE\",\"publisher\":{\"@id\":\"https:\/\/cleitonpinheiro.com.br\/site\/#organization\"},\"potentialAction\":[{\"@type\":\"SearchAction\",\"target\":{\"@type\":\"EntryPoint\",\"urlTemplate\":\"https:\/\/cleitonpinheiro.com.br\/site\/?s={search_term_string}\"},\"query-input\":{\"@type\":\"PropertyValueSpecification\",\"valueRequired\":true,\"valueName\":\"search_term_string\"}}],\"inLanguage\":\"pt-BR\"},{\"@type\":\"Organization\",\"@id\":\"https:\/\/cleitonpinheiro.com.br\/site\/#organization\",\"name\":\"CPNOT\u00cdCIAS\",\"url\":\"https:\/\/cleitonpinheiro.com.br\/site\/\",\"logo\":{\"@type\":\"ImageObject\",\"inLanguage\":\"pt-BR\",\"@id\":\"https:\/\/cleitonpinheiro.com.br\/site\/#\/schema\/logo\/image\/\",\"url\":\"https:\/\/cleitonpinheiro.com.br\/site\/wp-content\/uploads\/2022\/08\/Logo-pequena-2.png\",\"contentUrl\":\"https:\/\/cleitonpinheiro.com.br\/site\/wp-content\/uploads\/2022\/08\/Logo-pequena-2.png\",\"width\":500,\"height\":500,\"caption\":\"CPNOT\u00cdCIAS\"},\"image\":{\"@id\":\"https:\/\/cleitonpinheiro.com.br\/site\/#\/schema\/logo\/image\/\"},\"sameAs\":[\"https:\/\/www.facebook.com\/portalcpnoticias\/\"]},{\"@type\":\"Person\",\"@id\":\"https:\/\/cleitonpinheiro.com.br\/site\/#\/schema\/person\/8f04544e0bc40a1b68775b08360f87db\",\"name\":\"Reda\u00e7\u00e3o CP\",\"image\":{\"@type\":\"ImageObject\",\"inLanguage\":\"pt-BR\",\"@id\":\"https:\/\/cleitonpinheiro.com.br\/site\/#\/schema\/person\/image\/\",\"url\":\"https:\/\/secure.gravatar.com\/avatar\/0bcf19cb29fdc8fc588c490c7ae1b3e174dac268586a63fbe1d1893a0f9020cd?s=96&r=g\",\"contentUrl\":\"https:\/\/secure.gravatar.com\/avatar\/0bcf19cb29fdc8fc588c490c7ae1b3e174dac268586a63fbe1d1893a0f9020cd?s=96&r=g\",\"caption\":\"Reda\u00e7\u00e3o CP\"},\"url\":\"https:\/\/cleitonpinheiro.com.br\/site\/author\/redacao\/\"}]}<\/script>\n<!-- \/ Yoast SEO plugin. -->","yoast_head_json":{"title":"Governador interino Laurez Moreira reestrutura primeiro escal\u00e3o em primeiro Di\u00e1rio Oficial - PORTAL DE NOT\u00cdCIAS CLEITON PINHEIRO","robots":{"index":"index","follow":"follow","max-snippet":"max-snippet:-1","max-image-preview":"max-image-preview:large","max-video-preview":"max-video-preview:-1"},"canonical":"https:\/\/cleitonpinheiro.com.br\/site\/governador-interino-laurez-moreira-reestrutura-primeiro-escalao-em-primeiro-diario-oficial\/","og_locale":"pt_BR","og_type":"article","og_title":"Governador interino Laurez Moreira reestrutura primeiro escal\u00e3o em primeiro Di\u00e1rio Oficial - PORTAL DE NOT\u00cdCIAS CLEITON PINHEIRO","og_description":"O primeiro Di\u00e1rio Oficial do Estado (DOE) assinado pelo governador em exerc\u00edcio, Laurez Moreira (PSD), trouxe a reestrutura\u00e7\u00e3o completa do primeiro escal\u00e3o da administra\u00e7\u00e3o estadual, conforme j\u00e1 havia sido antecipado em coletiva de imprensa. A decis\u00e3o ocorre ap\u00f3s orienta\u00e7\u00e3o do ministro Mauro Campbell, relator da Opera\u00e7\u00e3o Fames-19 no Superior Tribunal de Justi\u00e7a (STJ), que determinou [&hellip;]","og_url":"https:\/\/cleitonpinheiro.com.br\/site\/governador-interino-laurez-moreira-reestrutura-primeiro-escalao-em-primeiro-diario-oficial\/","og_site_name":"PORTAL DE NOT\u00cdCIAS CLEITON PINHEIRO","article_publisher":"https:\/\/www.facebook.com\/portalcpnoticias\/","article_published_time":"2025-09-04T14:26:35+00:00","article_modified_time":"2025-09-10T15:45:04+00:00","og_image":[{"width":883,"height":546,"url":"https:\/\/cleitonpinheiro.com.br\/site\/wp-content\/uploads\/2025\/09\/442333.jpeg","type":"image\/jpeg"}],"author":"Reda\u00e7\u00e3o CP","twitter_card":"summary_large_image","twitter_misc":{"Escrito por":"Reda\u00e7\u00e3o CP","Est. tempo de leitura":"6 minutos"},"schema":{"@context":"https:\/\/schema.org","@graph":[{"@type":"Article","@id":"https:\/\/cleitonpinheiro.com.br\/site\/governador-interino-laurez-moreira-reestrutura-primeiro-escalao-em-primeiro-diario-oficial\/#article","isPartOf":{"@id":"https:\/\/cleitonpinheiro.com.br\/site\/governador-interino-laurez-moreira-reestrutura-primeiro-escalao-em-primeiro-diario-oficial\/"},"author":{"name":"Reda\u00e7\u00e3o CP","@id":"https:\/\/cleitonpinheiro.com.br\/site\/#\/schema\/person\/8f04544e0bc40a1b68775b08360f87db"},"headline":"Governador interino Laurez Moreira reestrutura primeiro escal\u00e3o em primeiro Di\u00e1rio Oficial","datePublished":"2025-09-04T14:26:35+00:00","dateModified":"2025-09-10T15:45:04+00:00","mainEntityOfPage":{"@id":"https:\/\/cleitonpinheiro.com.br\/site\/governador-interino-laurez-moreira-reestrutura-primeiro-escalao-em-primeiro-diario-oficial\/"},"wordCount":1037,"commentCount":0,"publisher":{"@id":"https:\/\/cleitonpinheiro.com.br\/site\/#organization"},"image":{"@id":"https:\/\/cleitonpinheiro.com.br\/site\/governador-interino-laurez-moreira-reestrutura-primeiro-escalao-em-primeiro-diario-oficial\/#primaryimage"},"thumbnailUrl":"https:\/\/cleitonpinheiro.com.br\/site\/wp-content\/uploads\/2025\/09\/442333.jpeg","articleSection":["MANCHETE SEGUND\u00c1RIA","POL\u00cdTICA","TODAS NOTICIAS"],"inLanguage":"pt-BR","potentialAction":[{"@type":"CommentAction","name":"Comment","target":["https:\/\/cleitonpinheiro.com.br\/site\/governador-interino-laurez-moreira-reestrutura-primeiro-escalao-em-primeiro-diario-oficial\/#respond"]}]},{"@type":"WebPage","@id":"https:\/\/cleitonpinheiro.com.br\/site\/governador-interino-laurez-moreira-reestrutura-primeiro-escalao-em-primeiro-diario-oficial\/","url":"https:\/\/cleitonpinheiro.com.br\/site\/governador-interino-laurez-moreira-reestrutura-primeiro-escalao-em-primeiro-diario-oficial\/","name":"Governador interino Laurez Moreira reestrutura primeiro escal\u00e3o em primeiro Di\u00e1rio Oficial - PORTAL DE NOT\u00cdCIAS CLEITON PINHEIRO","isPartOf":{"@id":"https:\/\/cleitonpinheiro.com.br\/site\/#website"},"primaryImageOfPage":{"@id":"https:\/\/cleitonpinheiro.com.br\/site\/governador-interino-laurez-moreira-reestrutura-primeiro-escalao-em-primeiro-diario-oficial\/#primaryimage"},"image":{"@id":"https:\/\/cleitonpinheiro.com.br\/site\/governador-interino-laurez-moreira-reestrutura-primeiro-escalao-em-primeiro-diario-oficial\/#primaryimage"},"thumbnailUrl":"https:\/\/cleitonpinheiro.com.br\/site\/wp-content\/uploads\/2025\/09\/442333.jpeg","datePublished":"2025-09-04T14:26:35+00:00","dateModified":"2025-09-10T15:45:04+00:00","breadcrumb":{"@id":"https:\/\/cleitonpinheiro.com.br\/site\/governador-interino-laurez-moreira-reestrutura-primeiro-escalao-em-primeiro-diario-oficial\/#breadcrumb"},"inLanguage":"pt-BR","potentialAction":[{"@type":"ReadAction","target":["https:\/\/cleitonpinheiro.com.br\/site\/governador-interino-laurez-moreira-reestrutura-primeiro-escalao-em-primeiro-diario-oficial\/"]}]},{"@type":"ImageObject","inLanguage":"pt-BR","@id":"https:\/\/cleitonpinheiro.com.br\/site\/governador-interino-laurez-moreira-reestrutura-primeiro-escalao-em-primeiro-diario-oficial\/#primaryimage","url":"https:\/\/cleitonpinheiro.com.br\/site\/wp-content\/uploads\/2025\/09\/442333.jpeg","contentUrl":"https:\/\/cleitonpinheiro.com.br\/site\/wp-content\/uploads\/2025\/09\/442333.jpeg","width":883,"height":546},{"@type":"BreadcrumbList","@id":"https:\/\/cleitonpinheiro.com.br\/site\/governador-interino-laurez-moreira-reestrutura-primeiro-escalao-em-primeiro-diario-oficial\/#breadcrumb","itemListElement":[{"@type":"ListItem","position":1,"name":"In\u00edcio","item":"https:\/\/cleitonpinheiro.com.br\/site\/"},{"@type":"ListItem","position":2,"name":"Governador interino Laurez Moreira reestrutura primeiro escal\u00e3o em primeiro Di\u00e1rio Oficial"}]},{"@type":"WebSite","@id":"https:\/\/cleitonpinheiro.com.br\/site\/#website","url":"https:\/\/cleitonpinheiro.com.br\/site\/","name":"PORTAL DE NOT\u00cdCIAS CLEITON PINHEIRO","description":"FALANDO A VERDADE","publisher":{"@id":"https:\/\/cleitonpinheiro.com.br\/site\/#organization"},"potentialAction":[{"@type":"SearchAction","target":{"@type":"EntryPoint","urlTemplate":"https:\/\/cleitonpinheiro.com.br\/site\/?s={search_term_string}"},"query-input":{"@type":"PropertyValueSpecification","valueRequired":true,"valueName":"search_term_string"}}],"inLanguage":"pt-BR"},{"@type":"Organization","@id":"https:\/\/cleitonpinheiro.com.br\/site\/#organization","name":"CPNOT\u00cdCIAS","url":"https:\/\/cleitonpinheiro.com.br\/site\/","logo":{"@type":"ImageObject","inLanguage":"pt-BR","@id":"https:\/\/cleitonpinheiro.com.br\/site\/#\/schema\/logo\/image\/","url":"https:\/\/cleitonpinheiro.com.br\/site\/wp-content\/uploads\/2022\/08\/Logo-pequena-2.png","contentUrl":"https:\/\/cleitonpinheiro.com.br\/site\/wp-content\/uploads\/2022\/08\/Logo-pequena-2.png","width":500,"height":500,"caption":"CPNOT\u00cdCIAS"},"image":{"@id":"https:\/\/cleitonpinheiro.com.br\/site\/#\/schema\/logo\/image\/"},"sameAs":["https:\/\/www.facebook.com\/portalcpnoticias\/"]},{"@type":"Person","@id":"https:\/\/cleitonpinheiro.com.br\/site\/#\/schema\/person\/8f04544e0bc40a1b68775b08360f87db","name":"Reda\u00e7\u00e3o CP","image":{"@type":"ImageObject","inLanguage":"pt-BR","@id":"https:\/\/cleitonpinheiro.com.br\/site\/#\/schema\/person\/image\/","url":"https:\/\/secure.gravatar.com\/avatar\/0bcf19cb29fdc8fc588c490c7ae1b3e174dac268586a63fbe1d1893a0f9020cd?s=96&r=g","contentUrl":"https:\/\/secure.gravatar.com\/avatar\/0bcf19cb29fdc8fc588c490c7ae1b3e174dac268586a63fbe1d1893a0f9020cd?s=96&r=g","caption":"Reda\u00e7\u00e3o CP"},"url":"https:\/\/cleitonpinheiro.com.br\/site\/author\/redacao\/"}]}},"views":90,"_links":{"self":[{"href":"https:\/\/cleitonpinheiro.com.br\/site\/wp-json\/wp\/v2\/posts\/86776","targetHints":{"allow":["GET"]}}],"collection":[{"href":"https:\/\/cleitonpinheiro.com.br\/site\/wp-json\/wp\/v2\/posts"}],"about":[{"href":"https:\/\/cleitonpinheiro.com.br\/site\/wp-json\/wp\/v2\/types\/post"}],"author":[{"embeddable":true,"href":"https:\/\/cleitonpinheiro.com.br\/site\/wp-json\/wp\/v2\/users\/13"}],"replies":[{"embeddable":true,"href":"https:\/\/cleitonpinheiro.com.br\/site\/wp-json\/wp\/v2\/comments?post=86776"}],"version-history":[{"count":1,"href":"https:\/\/cleitonpinheiro.com.br\/site\/wp-json\/wp\/v2\/posts\/86776\/revisions"}],"predecessor-version":[{"id":86778,"href":"https:\/\/cleitonpinheiro.com.br\/site\/wp-json\/wp\/v2\/posts\/86776\/revisions\/86778"}],"wp:featuredmedia":[{"embeddable":true,"href":"https:\/\/cleitonpinheiro.com.br\/site\/wp-json\/wp\/v2\/media\/86777"}],"wp:attachment":[{"href":"https:\/\/cleitonpinheiro.com.br\/site\/wp-json\/wp\/v2\/media?parent=86776"}],"wp:term":[{"taxonomy":"category","embeddable":true,"href":"https:\/\/cleitonpinheiro.com.br\/site\/wp-json\/wp\/v2\/categories?post=86776"},{"taxonomy":"post_tag","embeddable":true,"href":"https:\/\/cleitonpinheiro.com.br\/site\/wp-json\/wp\/v2\/tags?post=86776"}],"curies":[{"name":"wp","href":"https:\/\/api.w.org\/{rel}","templated":true}]}}