{"id":86779,"date":"2025-09-03T18:27:00","date_gmt":"2025-09-03T21:27:00","guid":{"rendered":"https:\/\/cleitonpinheiro.com.br\/site\/?p=86779"},"modified":"2025-09-04T11:29:53","modified_gmt":"2025-09-04T14:29:53","slug":"laurez-moreira-promete-transparencia-eficiencia-e-prioridade-na-saude","status":"publish","type":"post","link":"https:\/\/cleitonpinheiro.com.br\/site\/laurez-moreira-promete-transparencia-eficiencia-e-prioridade-na-saude\/","title":{"rendered":"Laurez Moreira promete transpar\u00eancia, efici\u00eancia e prioridade na sa\u00fade"},"content":{"rendered":"\n<figure class=\"wp-block-image size-full\"><img fetchpriority=\"high\" decoding=\"async\" width=\"670\" height=\"414\" src=\"https:\/\/cleitonpinheiro.com.br\/site\/wp-content\/uploads\/2025\/09\/442328.jpeg\" alt=\"\" class=\"wp-image-86780\" srcset=\"https:\/\/cleitonpinheiro.com.br\/site\/wp-content\/uploads\/2025\/09\/442328.jpeg 670w, https:\/\/cleitonpinheiro.com.br\/site\/wp-content\/uploads\/2025\/09\/442328-300x185.jpeg 300w\" sizes=\"(max-width: 670px) 100vw, 670px\" \/><\/figure>\n\n\n\n<p>Em sua primeira coletiva de imprensa como governador em exerc\u00edcio do Tocantins, nesta quarta-feira, 3, no Pal\u00e1cio Araguaia Governador Jos\u00e9 Wilson Siqueira Campos, Laurez Moreira afirmou que sua gest\u00e3o ter\u00e1 como principal meta resgatar a confian\u00e7a da sociedade e dos investidores. Segundo ele, o Tocantins precisa figurar entre os estados mais transparentes do pa\u00eds.<\/p>\n\n\n\n<h3 class=\"wp-block-heading\">Transpar\u00eancia e combate \u00e0 corrup\u00e7\u00e3o<\/h3>\n\n\n\n<p>Laurez destacou que o Tocantins ocupa atualmente a pior posi\u00e7\u00e3o nacional no ranking de transpar\u00eancia, o que classificou como \u201cmuito grave\u201d. \u201cA falta de transpar\u00eancia abre espa\u00e7o para a corrup\u00e7\u00e3o. Queremos o contr\u00e1rio: um governo aberto, em que todos tenham acesso \u00e0s informa\u00e7\u00f5es e possam fiscalizar cada passo da administra\u00e7\u00e3o. Quando a imprensa e o cidad\u00e3o acompanham, evitamos que coisas erradas aconte\u00e7am\u201d, ressaltou.<\/p>\n\n\n\n<h3 class=\"wp-block-heading\">Moderniza\u00e7\u00e3o da m\u00e1quina p\u00fablica<\/h3>\n\n\n\n<p>O governador em exerc\u00edcio tamb\u00e9m criticou a falta de digitaliza\u00e7\u00e3o nos processos administrativos. \u201c\u00c9 inadmiss\u00edvel que, em 2025, a Secretaria de Governo ainda funcione em papel. Quando fui prefeito de Gurupi, digitalizamos toda a gest\u00e3o, trazendo mais efici\u00eancia e seguran\u00e7a. \u00c9 isso que vamos implantar no Tocantins\u201d, afirmou.<\/p>\n\n\n\n<h3 class=\"wp-block-heading\">Imprensa como parceira<\/h3>\n\n\n\n<p>Laurez frisou que a imprensa ter\u00e1 papel central no acompanhamento de sua gest\u00e3o. \u201cVoc\u00eas, jornalistas, v\u00e3o nos ajudar a fiscalizar cada secret\u00e1rio. Vamos governar \u00e0s claras, com responsabilidade, para resgatar a credibilidade do Tocantins\u201d, disse.<\/p>\n\n\n\n<p>Durante a coletiva, ele anunciou a publicit\u00e1ria <strong>Luiza Rocha Pinheiro<\/strong> como nova secret\u00e1ria de Comunica\u00e7\u00e3o Social e confirmou a exonera\u00e7\u00e3o de todo o primeiro escal\u00e3o do governo. Ressaltou ainda que a escolha de sua equipe ser\u00e1 guiada por crit\u00e9rios de seriedade, capacidade t\u00e9cnica e compromisso com o Estado.<\/p>\n\n\n\n<h3 class=\"wp-block-heading\">Sa\u00fade como prioridade<\/h3>\n\n\n\n<p>Um dos pontos mais enfatizados pelo governador em exerc\u00edcio foi a urg\u00eancia na conclus\u00e3o de obras estruturantes na sa\u00fade. \u201cO hospital de Gurupi est\u00e1 h\u00e1 14 anos em constru\u00e7\u00e3o, com milh\u00f5es j\u00e1 gastos e sem retorno \u00e0 sociedade. O hospital de Aragua\u00edna tamb\u00e9m j\u00e1 deveria estar pronto. Isso n\u00e3o pode continuar. Precisamos concluir essas obras porque s\u00e3o a esperan\u00e7a de milhares de tocantinenses. Sa\u00fade \u00e9 prioridade e ser\u00e1 tratada com seriedade\u201d, garantiu.<\/p>\n\n\n\n<h3 class=\"wp-block-heading\">Cultura e valoriza\u00e7\u00e3o da imprensa<\/h3>\n\n\n\n<p>Laurez tamb\u00e9m defendeu a valoriza\u00e7\u00e3o dos ve\u00edculos de comunica\u00e7\u00e3o e dos artistas tocantinenses. \u201cQueremos fortalecer a imprensa e, ao mesmo tempo, promover nossa cultura e tradi\u00e7\u00f5es. O Brasil precisa conhecer os valores grandiosos do Tocantins. Vamos trabalhar para dar ao nosso Estado uma nova imagem\u201d, afirmou.<\/p>\n\n\n\n<h3 class=\"wp-block-heading\">Compromisso com a popula\u00e7\u00e3o<\/h3>\n\n\n\n<p>Encerrando sua fala, o governador em exerc\u00edcio transmitiu uma mensagem de confian\u00e7a. \u201cMe preparei a vida toda para servir o Tocantins. Essa \u00e9 a maior miss\u00e3o da minha vida. Vou governar com equil\u00edbrio, seriedade e respeito, cuidando de cada centavo do povo e planejando as a\u00e7\u00f5es com responsabilidade. O Tocantins pode confiar: cada decis\u00e3o ser\u00e1 tomada pensando no futuro do nosso Estado e no bem-estar da popula\u00e7\u00e3o.\u201d<\/p>\n","protected":false},"excerpt":{"rendered":"<p>Em sua primeira coletiva de imprensa como governador em exerc\u00edcio do Tocantins, nesta quarta-feira, 3, no Pal\u00e1cio Araguaia Governador Jos\u00e9 Wilson Siqueira Campos, Laurez Moreira afirmou que sua gest\u00e3o ter\u00e1 como principal meta resgatar a confian\u00e7a da sociedade e dos investidores. Segundo ele, o Tocantins precisa figurar entre os estados mais transparentes do pa\u00eds. Transpar\u00eancia [&hellip;]<\/p>\n","protected":false},"author":13,"featured_media":86780,"comment_status":"open","ping_status":"open","sticky":false,"template":"","format":"standard","meta":{"_acf_changed":false,"footnotes":""},"categories":[898,23,21],"tags":[],"class_list":["post-86779","post","type-post","status-publish","format-standard","has-post-thumbnail","hentry","category-manchete-segundaria","category-politica","category-todas-noticias"],"acf":[],"yoast_head":"<!-- This site is optimized with the Yoast SEO plugin v24.4 - https:\/\/yoast.com\/wordpress\/plugins\/seo\/ -->\n<title>Laurez Moreira promete transpar\u00eancia, efici\u00eancia e prioridade na sa\u00fade - PORTAL DE NOT\u00cdCIAS CLEITON PINHEIRO<\/title>\n<meta name=\"robots\" content=\"index, follow, max-snippet:-1, max-image-preview:large, max-video-preview:-1\" \/>\n<link rel=\"canonical\" href=\"https:\/\/cleitonpinheiro.com.br\/site\/laurez-moreira-promete-transparencia-eficiencia-e-prioridade-na-saude\/\" \/>\n<meta property=\"og:locale\" content=\"pt_BR\" \/>\n<meta property=\"og:type\" content=\"article\" \/>\n<meta property=\"og:title\" content=\"Laurez Moreira promete transpar\u00eancia, efici\u00eancia e prioridade na sa\u00fade - PORTAL DE NOT\u00cdCIAS CLEITON PINHEIRO\" \/>\n<meta property=\"og:description\" content=\"Em sua primeira coletiva de imprensa como governador em exerc\u00edcio do Tocantins, nesta quarta-feira, 3, no Pal\u00e1cio Araguaia Governador Jos\u00e9 Wilson Siqueira Campos, Laurez Moreira afirmou que sua gest\u00e3o ter\u00e1 como principal meta resgatar a confian\u00e7a da sociedade e dos investidores. Segundo ele, o Tocantins precisa figurar entre os estados mais transparentes do pa\u00eds. Transpar\u00eancia [&hellip;]\" \/>\n<meta property=\"og:url\" content=\"https:\/\/cleitonpinheiro.com.br\/site\/laurez-moreira-promete-transparencia-eficiencia-e-prioridade-na-saude\/\" \/>\n<meta property=\"og:site_name\" content=\"PORTAL DE NOT\u00cdCIAS CLEITON PINHEIRO\" \/>\n<meta property=\"article:publisher\" content=\"https:\/\/www.facebook.com\/portalcpnoticias\/\" \/>\n<meta property=\"article:published_time\" content=\"2025-09-03T21:27:00+00:00\" \/>\n<meta property=\"article:modified_time\" content=\"2025-09-04T14:29:53+00:00\" \/>\n<meta property=\"og:image\" content=\"https:\/\/cleitonpinheiro.com.br\/site\/wp-content\/uploads\/2025\/09\/442328.jpeg\" \/>\n\t<meta property=\"og:image:width\" content=\"670\" \/>\n\t<meta property=\"og:image:height\" content=\"414\" \/>\n\t<meta property=\"og:image:type\" content=\"image\/jpeg\" \/>\n<meta name=\"author\" content=\"Reda\u00e7\u00e3o CP\" \/>\n<meta name=\"twitter:card\" content=\"summary_large_image\" \/>\n<meta name=\"twitter:label1\" content=\"Escrito por\" \/>\n\t<meta name=\"twitter:data1\" content=\"Reda\u00e7\u00e3o CP\" \/>\n\t<meta name=\"twitter:label2\" content=\"Est. tempo de leitura\" \/>\n\t<meta name=\"twitter:data2\" content=\"3 minutos\" \/>\n<script type=\"application\/ld+json\" class=\"yoast-schema-graph\">{\"@context\":\"https:\/\/schema.org\",\"@graph\":[{\"@type\":\"Article\",\"@id\":\"https:\/\/cleitonpinheiro.com.br\/site\/laurez-moreira-promete-transparencia-eficiencia-e-prioridade-na-saude\/#article\",\"isPartOf\":{\"@id\":\"https:\/\/cleitonpinheiro.com.br\/site\/laurez-moreira-promete-transparencia-eficiencia-e-prioridade-na-saude\/\"},\"author\":{\"name\":\"Reda\u00e7\u00e3o CP\",\"@id\":\"https:\/\/cleitonpinheiro.com.br\/site\/#\/schema\/person\/8f04544e0bc40a1b68775b08360f87db\"},\"headline\":\"Laurez Moreira promete transpar\u00eancia, efici\u00eancia e prioridade na sa\u00fade\",\"datePublished\":\"2025-09-03T21:27:00+00:00\",\"dateModified\":\"2025-09-04T14:29:53+00:00\",\"mainEntityOfPage\":{\"@id\":\"https:\/\/cleitonpinheiro.com.br\/site\/laurez-moreira-promete-transparencia-eficiencia-e-prioridade-na-saude\/\"},\"wordCount\":525,\"commentCount\":0,\"publisher\":{\"@id\":\"https:\/\/cleitonpinheiro.com.br\/site\/#organization\"},\"image\":{\"@id\":\"https:\/\/cleitonpinheiro.com.br\/site\/laurez-moreira-promete-transparencia-eficiencia-e-prioridade-na-saude\/#primaryimage\"},\"thumbnailUrl\":\"https:\/\/cleitonpinheiro.com.br\/site\/wp-content\/uploads\/2025\/09\/442328.jpeg\",\"articleSection\":[\"MANCHETE SEGUND\u00c1RIA\",\"POL\u00cdTICA\",\"TODAS NOTICIAS\"],\"inLanguage\":\"pt-BR\",\"potentialAction\":[{\"@type\":\"CommentAction\",\"name\":\"Comment\",\"target\":[\"https:\/\/cleitonpinheiro.com.br\/site\/laurez-moreira-promete-transparencia-eficiencia-e-prioridade-na-saude\/#respond\"]}]},{\"@type\":\"WebPage\",\"@id\":\"https:\/\/cleitonpinheiro.com.br\/site\/laurez-moreira-promete-transparencia-eficiencia-e-prioridade-na-saude\/\",\"url\":\"https:\/\/cleitonpinheiro.com.br\/site\/laurez-moreira-promete-transparencia-eficiencia-e-prioridade-na-saude\/\",\"name\":\"Laurez Moreira promete transpar\u00eancia, efici\u00eancia e prioridade na sa\u00fade - PORTAL DE NOT\u00cdCIAS CLEITON PINHEIRO\",\"isPartOf\":{\"@id\":\"https:\/\/cleitonpinheiro.com.br\/site\/#website\"},\"primaryImageOfPage\":{\"@id\":\"https:\/\/cleitonpinheiro.com.br\/site\/laurez-moreira-promete-transparencia-eficiencia-e-prioridade-na-saude\/#primaryimage\"},\"image\":{\"@id\":\"https:\/\/cleitonpinheiro.com.br\/site\/laurez-moreira-promete-transparencia-eficiencia-e-prioridade-na-saude\/#primaryimage\"},\"thumbnailUrl\":\"https:\/\/cleitonpinheiro.com.br\/site\/wp-content\/uploads\/2025\/09\/442328.jpeg\",\"datePublished\":\"2025-09-03T21:27:00+00:00\",\"dateModified\":\"2025-09-04T14:29:53+00:00\",\"breadcrumb\":{\"@id\":\"https:\/\/cleitonpinheiro.com.br\/site\/laurez-moreira-promete-transparencia-eficiencia-e-prioridade-na-saude\/#breadcrumb\"},\"inLanguage\":\"pt-BR\",\"potentialAction\":[{\"@type\":\"ReadAction\",\"target\":[\"https:\/\/cleitonpinheiro.com.br\/site\/laurez-moreira-promete-transparencia-eficiencia-e-prioridade-na-saude\/\"]}]},{\"@type\":\"ImageObject\",\"inLanguage\":\"pt-BR\",\"@id\":\"https:\/\/cleitonpinheiro.com.br\/site\/laurez-moreira-promete-transparencia-eficiencia-e-prioridade-na-saude\/#primaryimage\",\"url\":\"https:\/\/cleitonpinheiro.com.br\/site\/wp-content\/uploads\/2025\/09\/442328.jpeg\",\"contentUrl\":\"https:\/\/cleitonpinheiro.com.br\/site\/wp-content\/uploads\/2025\/09\/442328.jpeg\",\"width\":670,\"height\":414},{\"@type\":\"BreadcrumbList\",\"@id\":\"https:\/\/cleitonpinheiro.com.br\/site\/laurez-moreira-promete-transparencia-eficiencia-e-prioridade-na-saude\/#breadcrumb\",\"itemListElement\":[{\"@type\":\"ListItem\",\"position\":1,\"name\":\"In\u00edcio\",\"item\":\"https:\/\/cleitonpinheiro.com.br\/site\/\"},{\"@type\":\"ListItem\",\"position\":2,\"name\":\"Laurez Moreira promete transpar\u00eancia, efici\u00eancia e prioridade na sa\u00fade\"}]},{\"@type\":\"WebSite\",\"@id\":\"https:\/\/cleitonpinheiro.com.br\/site\/#website\",\"url\":\"https:\/\/cleitonpinheiro.com.br\/site\/\",\"name\":\"PORTAL DE NOT\u00cdCIAS CLEITON PINHEIRO\",\"description\":\"FALANDO A VERDADE\",\"publisher\":{\"@id\":\"https:\/\/cleitonpinheiro.com.br\/site\/#organization\"},\"potentialAction\":[{\"@type\":\"SearchAction\",\"target\":{\"@type\":\"EntryPoint\",\"urlTemplate\":\"https:\/\/cleitonpinheiro.com.br\/site\/?s={search_term_string}\"},\"query-input\":{\"@type\":\"PropertyValueSpecification\",\"valueRequired\":true,\"valueName\":\"search_term_string\"}}],\"inLanguage\":\"pt-BR\"},{\"@type\":\"Organization\",\"@id\":\"https:\/\/cleitonpinheiro.com.br\/site\/#organization\",\"name\":\"CPNOT\u00cdCIAS\",\"url\":\"https:\/\/cleitonpinheiro.com.br\/site\/\",\"logo\":{\"@type\":\"ImageObject\",\"inLanguage\":\"pt-BR\",\"@id\":\"https:\/\/cleitonpinheiro.com.br\/site\/#\/schema\/logo\/image\/\",\"url\":\"https:\/\/cleitonpinheiro.com.br\/site\/wp-content\/uploads\/2022\/08\/Logo-pequena-2.png\",\"contentUrl\":\"https:\/\/cleitonpinheiro.com.br\/site\/wp-content\/uploads\/2022\/08\/Logo-pequena-2.png\",\"width\":500,\"height\":500,\"caption\":\"CPNOT\u00cdCIAS\"},\"image\":{\"@id\":\"https:\/\/cleitonpinheiro.com.br\/site\/#\/schema\/logo\/image\/\"},\"sameAs\":[\"https:\/\/www.facebook.com\/portalcpnoticias\/\"]},{\"@type\":\"Person\",\"@id\":\"https:\/\/cleitonpinheiro.com.br\/site\/#\/schema\/person\/8f04544e0bc40a1b68775b08360f87db\",\"name\":\"Reda\u00e7\u00e3o CP\",\"image\":{\"@type\":\"ImageObject\",\"inLanguage\":\"pt-BR\",\"@id\":\"https:\/\/cleitonpinheiro.com.br\/site\/#\/schema\/person\/image\/\",\"url\":\"https:\/\/secure.gravatar.com\/avatar\/0bcf19cb29fdc8fc588c490c7ae1b3e174dac268586a63fbe1d1893a0f9020cd?s=96&r=g\",\"contentUrl\":\"https:\/\/secure.gravatar.com\/avatar\/0bcf19cb29fdc8fc588c490c7ae1b3e174dac268586a63fbe1d1893a0f9020cd?s=96&r=g\",\"caption\":\"Reda\u00e7\u00e3o CP\"},\"url\":\"https:\/\/cleitonpinheiro.com.br\/site\/author\/redacao\/\"}]}<\/script>\n<!-- \/ Yoast SEO plugin. -->","yoast_head_json":{"title":"Laurez Moreira promete transpar\u00eancia, efici\u00eancia e prioridade na sa\u00fade - PORTAL DE NOT\u00cdCIAS CLEITON PINHEIRO","robots":{"index":"index","follow":"follow","max-snippet":"max-snippet:-1","max-image-preview":"max-image-preview:large","max-video-preview":"max-video-preview:-1"},"canonical":"https:\/\/cleitonpinheiro.com.br\/site\/laurez-moreira-promete-transparencia-eficiencia-e-prioridade-na-saude\/","og_locale":"pt_BR","og_type":"article","og_title":"Laurez Moreira promete transpar\u00eancia, efici\u00eancia e prioridade na sa\u00fade - PORTAL DE NOT\u00cdCIAS CLEITON PINHEIRO","og_description":"Em sua primeira coletiva de imprensa como governador em exerc\u00edcio do Tocantins, nesta quarta-feira, 3, no Pal\u00e1cio Araguaia Governador Jos\u00e9 Wilson Siqueira Campos, Laurez Moreira afirmou que sua gest\u00e3o ter\u00e1 como principal meta resgatar a confian\u00e7a da sociedade e dos investidores. Segundo ele, o Tocantins precisa figurar entre os estados mais transparentes do pa\u00eds. Transpar\u00eancia [&hellip;]","og_url":"https:\/\/cleitonpinheiro.com.br\/site\/laurez-moreira-promete-transparencia-eficiencia-e-prioridade-na-saude\/","og_site_name":"PORTAL DE NOT\u00cdCIAS CLEITON PINHEIRO","article_publisher":"https:\/\/www.facebook.com\/portalcpnoticias\/","article_published_time":"2025-09-03T21:27:00+00:00","article_modified_time":"2025-09-04T14:29:53+00:00","og_image":[{"width":670,"height":414,"url":"https:\/\/cleitonpinheiro.com.br\/site\/wp-content\/uploads\/2025\/09\/442328.jpeg","type":"image\/jpeg"}],"author":"Reda\u00e7\u00e3o CP","twitter_card":"summary_large_image","twitter_misc":{"Escrito por":"Reda\u00e7\u00e3o CP","Est. tempo de leitura":"3 minutos"},"schema":{"@context":"https:\/\/schema.org","@graph":[{"@type":"Article","@id":"https:\/\/cleitonpinheiro.com.br\/site\/laurez-moreira-promete-transparencia-eficiencia-e-prioridade-na-saude\/#article","isPartOf":{"@id":"https:\/\/cleitonpinheiro.com.br\/site\/laurez-moreira-promete-transparencia-eficiencia-e-prioridade-na-saude\/"},"author":{"name":"Reda\u00e7\u00e3o CP","@id":"https:\/\/cleitonpinheiro.com.br\/site\/#\/schema\/person\/8f04544e0bc40a1b68775b08360f87db"},"headline":"Laurez Moreira promete transpar\u00eancia, efici\u00eancia e prioridade na sa\u00fade","datePublished":"2025-09-03T21:27:00+00:00","dateModified":"2025-09-04T14:29:53+00:00","mainEntityOfPage":{"@id":"https:\/\/cleitonpinheiro.com.br\/site\/laurez-moreira-promete-transparencia-eficiencia-e-prioridade-na-saude\/"},"wordCount":525,"commentCount":0,"publisher":{"@id":"https:\/\/cleitonpinheiro.com.br\/site\/#organization"},"image":{"@id":"https:\/\/cleitonpinheiro.com.br\/site\/laurez-moreira-promete-transparencia-eficiencia-e-prioridade-na-saude\/#primaryimage"},"thumbnailUrl":"https:\/\/cleitonpinheiro.com.br\/site\/wp-content\/uploads\/2025\/09\/442328.jpeg","articleSection":["MANCHETE SEGUND\u00c1RIA","POL\u00cdTICA","TODAS NOTICIAS"],"inLanguage":"pt-BR","potentialAction":[{"@type":"CommentAction","name":"Comment","target":["https:\/\/cleitonpinheiro.com.br\/site\/laurez-moreira-promete-transparencia-eficiencia-e-prioridade-na-saude\/#respond"]}]},{"@type":"WebPage","@id":"https:\/\/cleitonpinheiro.com.br\/site\/laurez-moreira-promete-transparencia-eficiencia-e-prioridade-na-saude\/","url":"https:\/\/cleitonpinheiro.com.br\/site\/laurez-moreira-promete-transparencia-eficiencia-e-prioridade-na-saude\/","name":"Laurez Moreira promete transpar\u00eancia, efici\u00eancia e prioridade na sa\u00fade - PORTAL DE NOT\u00cdCIAS CLEITON PINHEIRO","isPartOf":{"@id":"https:\/\/cleitonpinheiro.com.br\/site\/#website"},"primaryImageOfPage":{"@id":"https:\/\/cleitonpinheiro.com.br\/site\/laurez-moreira-promete-transparencia-eficiencia-e-prioridade-na-saude\/#primaryimage"},"image":{"@id":"https:\/\/cleitonpinheiro.com.br\/site\/laurez-moreira-promete-transparencia-eficiencia-e-prioridade-na-saude\/#primaryimage"},"thumbnailUrl":"https:\/\/cleitonpinheiro.com.br\/site\/wp-content\/uploads\/2025\/09\/442328.jpeg","datePublished":"2025-09-03T21:27:00+00:00","dateModified":"2025-09-04T14:29:53+00:00","breadcrumb":{"@id":"https:\/\/cleitonpinheiro.com.br\/site\/laurez-moreira-promete-transparencia-eficiencia-e-prioridade-na-saude\/#breadcrumb"},"inLanguage":"pt-BR","potentialAction":[{"@type":"ReadAction","target":["https:\/\/cleitonpinheiro.com.br\/site\/laurez-moreira-promete-transparencia-eficiencia-e-prioridade-na-saude\/"]}]},{"@type":"ImageObject","inLanguage":"pt-BR","@id":"https:\/\/cleitonpinheiro.com.br\/site\/laurez-moreira-promete-transparencia-eficiencia-e-prioridade-na-saude\/#primaryimage","url":"https:\/\/cleitonpinheiro.com.br\/site\/wp-content\/uploads\/2025\/09\/442328.jpeg","contentUrl":"https:\/\/cleitonpinheiro.com.br\/site\/wp-content\/uploads\/2025\/09\/442328.jpeg","width":670,"height":414},{"@type":"BreadcrumbList","@id":"https:\/\/cleitonpinheiro.com.br\/site\/laurez-moreira-promete-transparencia-eficiencia-e-prioridade-na-saude\/#breadcrumb","itemListElement":[{"@type":"ListItem","position":1,"name":"In\u00edcio","item":"https:\/\/cleitonpinheiro.com.br\/site\/"},{"@type":"ListItem","position":2,"name":"Laurez Moreira promete transpar\u00eancia, efici\u00eancia e prioridade na sa\u00fade"}]},{"@type":"WebSite","@id":"https:\/\/cleitonpinheiro.com.br\/site\/#website","url":"https:\/\/cleitonpinheiro.com.br\/site\/","name":"PORTAL DE NOT\u00cdCIAS CLEITON PINHEIRO","description":"FALANDO A VERDADE","publisher":{"@id":"https:\/\/cleitonpinheiro.com.br\/site\/#organization"},"potentialAction":[{"@type":"SearchAction","target":{"@type":"EntryPoint","urlTemplate":"https:\/\/cleitonpinheiro.com.br\/site\/?s={search_term_string}"},"query-input":{"@type":"PropertyValueSpecification","valueRequired":true,"valueName":"search_term_string"}}],"inLanguage":"pt-BR"},{"@type":"Organization","@id":"https:\/\/cleitonpinheiro.com.br\/site\/#organization","name":"CPNOT\u00cdCIAS","url":"https:\/\/cleitonpinheiro.com.br\/site\/","logo":{"@type":"ImageObject","inLanguage":"pt-BR","@id":"https:\/\/cleitonpinheiro.com.br\/site\/#\/schema\/logo\/image\/","url":"https:\/\/cleitonpinheiro.com.br\/site\/wp-content\/uploads\/2022\/08\/Logo-pequena-2.png","contentUrl":"https:\/\/cleitonpinheiro.com.br\/site\/wp-content\/uploads\/2022\/08\/Logo-pequena-2.png","width":500,"height":500,"caption":"CPNOT\u00cdCIAS"},"image":{"@id":"https:\/\/cleitonpinheiro.com.br\/site\/#\/schema\/logo\/image\/"},"sameAs":["https:\/\/www.facebook.com\/portalcpnoticias\/"]},{"@type":"Person","@id":"https:\/\/cleitonpinheiro.com.br\/site\/#\/schema\/person\/8f04544e0bc40a1b68775b08360f87db","name":"Reda\u00e7\u00e3o CP","image":{"@type":"ImageObject","inLanguage":"pt-BR","@id":"https:\/\/cleitonpinheiro.com.br\/site\/#\/schema\/person\/image\/","url":"https:\/\/secure.gravatar.com\/avatar\/0bcf19cb29fdc8fc588c490c7ae1b3e174dac268586a63fbe1d1893a0f9020cd?s=96&r=g","contentUrl":"https:\/\/secure.gravatar.com\/avatar\/0bcf19cb29fdc8fc588c490c7ae1b3e174dac268586a63fbe1d1893a0f9020cd?s=96&r=g","caption":"Reda\u00e7\u00e3o CP"},"url":"https:\/\/cleitonpinheiro.com.br\/site\/author\/redacao\/"}]}},"views":85,"_links":{"self":[{"href":"https:\/\/cleitonpinheiro.com.br\/site\/wp-json\/wp\/v2\/posts\/86779","targetHints":{"allow":["GET"]}}],"collection":[{"href":"https:\/\/cleitonpinheiro.com.br\/site\/wp-json\/wp\/v2\/posts"}],"about":[{"href":"https:\/\/cleitonpinheiro.com.br\/site\/wp-json\/wp\/v2\/types\/post"}],"author":[{"embeddable":true,"href":"https:\/\/cleitonpinheiro.com.br\/site\/wp-json\/wp\/v2\/users\/13"}],"replies":[{"embeddable":true,"href":"https:\/\/cleitonpinheiro.com.br\/site\/wp-json\/wp\/v2\/comments?post=86779"}],"version-history":[{"count":1,"href":"https:\/\/cleitonpinheiro.com.br\/site\/wp-json\/wp\/v2\/posts\/86779\/revisions"}],"predecessor-version":[{"id":86781,"href":"https:\/\/cleitonpinheiro.com.br\/site\/wp-json\/wp\/v2\/posts\/86779\/revisions\/86781"}],"wp:featuredmedia":[{"embeddable":true,"href":"https:\/\/cleitonpinheiro.com.br\/site\/wp-json\/wp\/v2\/media\/86780"}],"wp:attachment":[{"href":"https:\/\/cleitonpinheiro.com.br\/site\/wp-json\/wp\/v2\/media?parent=86779"}],"wp:term":[{"taxonomy":"category","embeddable":true,"href":"https:\/\/cleitonpinheiro.com.br\/site\/wp-json\/wp\/v2\/categories?post=86779"},{"taxonomy":"post_tag","embeddable":true,"href":"https:\/\/cleitonpinheiro.com.br\/site\/wp-json\/wp\/v2\/tags?post=86779"}],"curies":[{"name":"wp","href":"https:\/\/api.w.org\/{rel}","templated":true}]}}