{"id":86782,"date":"2025-09-04T13:20:21","date_gmt":"2025-09-04T16:20:21","guid":{"rendered":"https:\/\/cleitonpinheiro.com.br\/site\/?p=86782"},"modified":"2025-09-04T13:20:26","modified_gmt":"2025-09-04T16:20:26","slug":"associados-da-assecad-terao-desconto-de-50-na-primeira-mensalidade-do-plano-de-saude-unimed-palmas","status":"publish","type":"post","link":"https:\/\/cleitonpinheiro.com.br\/site\/associados-da-assecad-terao-desconto-de-50-na-primeira-mensalidade-do-plano-de-saude-unimed-palmas\/","title":{"rendered":"Associados da Assecad ter\u00e3o desconto de 50% na primeira mensalidade do plano de sa\u00fade Unimed Palmas"},"content":{"rendered":"\n<figure class=\"wp-block-image size-full\"><img fetchpriority=\"high\" decoding=\"async\" width=\"750\" height=\"400\" src=\"https:\/\/cleitonpinheiro.com.br\/site\/wp-content\/uploads\/2025\/09\/WhatsApp-Image-2025-09-02-at-11.06.04.jpeg\" alt=\"\" class=\"wp-image-86783\" srcset=\"https:\/\/cleitonpinheiro.com.br\/site\/wp-content\/uploads\/2025\/09\/WhatsApp-Image-2025-09-02-at-11.06.04.jpeg 750w, https:\/\/cleitonpinheiro.com.br\/site\/wp-content\/uploads\/2025\/09\/WhatsApp-Image-2025-09-02-at-11.06.04-300x160.jpeg 300w\" sizes=\"(max-width: 750px) 100vw, 750px\" \/><\/figure>\n\n\n\n<p>A Allcare Gestora de Sa\u00fade, em parceria com a Unimed Palmas, anunciou uma condi\u00e7\u00e3o especial para os associados da Associa\u00e7\u00e3o dos Servidores da Secretaria da Administra\u00e7\u00e3o do Estado do Tocantins (ASSECAD). Entre os dias <strong>1\u00ba de setembro e 31 de outubro de 2025<\/strong>, novos aderentes ao plano de sa\u00fade ter\u00e3o <strong>50% de desconto na primeira mensalidade<\/strong>.<\/p>\n\n\n\n<p>Al\u00e9m do benef\u00edcio inicial, os associados que aderirem ao <strong>plano ASSECAD-Allcare Unimed Palmas<\/strong> contar\u00e3o com uma s\u00e9rie de vantagens, incluindo atendimento por telemedicina, descontos em exames e vacinas, acesso ao Clube de Vantagens e abatimentos em farm\u00e1cias conveniadas.<\/p>\n\n\n\n<h3 class=\"wp-block-heading\">Quem pode aderir<\/h3>\n\n\n\n<p>Podem se inscrever servidores p\u00fablicos estaduais e empregados p\u00fablicos estaduais, estatut\u00e1rios ou celetistas, vinculados a \u00f3rg\u00e3os da administra\u00e7\u00e3o direta, indireta, autarquias, empresas p\u00fablicas, funda\u00e7\u00f5es e Defensoria P\u00fablica do Tocantins. O benef\u00edcio tamb\u00e9m se estende a servidores cedidos, em disponibilidade e aposentados associados \u00e0 ASSECAD.<\/p>\n\n\n\n<p>Para efetivar a ades\u00e3o, \u00e9 necess\u00e1rio apresentar:<\/p>\n\n\n\n<ul class=\"wp-block-list\">\n<li>Comprovante de associa\u00e7\u00e3o \u00e0 ASSECAD;<\/li>\n\n\n\n<li>C\u00f3pia do holerite com emiss\u00e3o inferior a 90 dias;<\/li>\n\n\n\n<li>Documenta\u00e7\u00e3o comprobat\u00f3ria para inclus\u00e3o de dependentes.<\/li>\n<\/ul>\n\n\n\n<p>S\u00e3o considerados dependentes:<\/p>\n\n\n\n<ul class=\"wp-block-list\">\n<li>C\u00f4njuge ou companheiro em uni\u00e3o est\u00e1vel;<\/li>\n\n\n\n<li>Filhos ou enteados solteiros at\u00e9 30 anos;<\/li>\n\n\n\n<li>Menores sob guarda ou tutela judicial at\u00e9 24 anos, se estudantes de n\u00edvel superior;<\/li>\n\n\n\n<li>Dependentes econ\u00f4micos reconhecidos judicialmente.<\/li>\n<\/ul>\n\n\n\n<p>Tamb\u00e9m \u00e9 obrigat\u00f3rio o envio dos Termos de Ci\u00eancia de Home-Care e da Porta de Entrada, assinados junto \u00e0s propostas. Para novas ades\u00f5es, ser\u00e1 cobrada taxa cadastral de <strong>R$ 150,00 por pessoa<\/strong>. A operadora exige ainda o n\u00famero do Cart\u00e3o Nacional de Sa\u00fade (CNS).<\/p>\n\n\n\n<h3 class=\"wp-block-heading\">Como aderir<\/h3>\n\n\n\n<p>Os interessados devem procurar a <strong>Central de Vendas da Unimed Palmas<\/strong> pelo telefone <strong>(63) 3215-4090<\/strong> ou comparecer pessoalmente na sede localizada na <strong>Avenida NS-02, ao lado da antiga Farm\u00e1cia Unicon<\/strong>, em Palmas.<\/p>\n","protected":false},"excerpt":{"rendered":"<p>A Allcare Gestora de Sa\u00fade, em parceria com a Unimed Palmas, anunciou uma condi\u00e7\u00e3o especial para os associados da Associa\u00e7\u00e3o dos Servidores da Secretaria da Administra\u00e7\u00e3o do Estado do Tocantins (ASSECAD). Entre os dias 1\u00ba de setembro e 31 de outubro de 2025, novos aderentes ao plano de sa\u00fade ter\u00e3o 50% de desconto na primeira [&hellip;]<\/p>\n","protected":false},"author":13,"featured_media":86783,"comment_status":"open","ping_status":"open","sticky":false,"template":"","format":"standard","meta":{"_acf_changed":false,"footnotes":""},"categories":[22,898,21],"tags":[],"class_list":["post-86782","post","type-post","status-publish","format-standard","has-post-thumbnail","hentry","category-cidades","category-manchete-segundaria","category-todas-noticias"],"acf":[],"yoast_head":"<!-- This site is optimized with the Yoast SEO plugin v24.4 - https:\/\/yoast.com\/wordpress\/plugins\/seo\/ -->\n<title>Associados da Assecad ter\u00e3o desconto de 50% na primeira mensalidade do plano de sa\u00fade Unimed Palmas - PORTAL DE NOT\u00cdCIAS CLEITON PINHEIRO<\/title>\n<meta name=\"robots\" content=\"index, follow, max-snippet:-1, max-image-preview:large, max-video-preview:-1\" \/>\n<link rel=\"canonical\" href=\"https:\/\/cleitonpinheiro.com.br\/site\/associados-da-assecad-terao-desconto-de-50-na-primeira-mensalidade-do-plano-de-saude-unimed-palmas\/\" \/>\n<meta property=\"og:locale\" content=\"pt_BR\" \/>\n<meta property=\"og:type\" content=\"article\" \/>\n<meta property=\"og:title\" content=\"Associados da Assecad ter\u00e3o desconto de 50% na primeira mensalidade do plano de sa\u00fade Unimed Palmas - PORTAL DE NOT\u00cdCIAS CLEITON PINHEIRO\" \/>\n<meta property=\"og:description\" content=\"A Allcare Gestora de Sa\u00fade, em parceria com a Unimed Palmas, anunciou uma condi\u00e7\u00e3o especial para os associados da Associa\u00e7\u00e3o dos Servidores da Secretaria da Administra\u00e7\u00e3o do Estado do Tocantins (ASSECAD). Entre os dias 1\u00ba de setembro e 31 de outubro de 2025, novos aderentes ao plano de sa\u00fade ter\u00e3o 50% de desconto na primeira [&hellip;]\" \/>\n<meta property=\"og:url\" content=\"https:\/\/cleitonpinheiro.com.br\/site\/associados-da-assecad-terao-desconto-de-50-na-primeira-mensalidade-do-plano-de-saude-unimed-palmas\/\" \/>\n<meta property=\"og:site_name\" content=\"PORTAL DE NOT\u00cdCIAS CLEITON PINHEIRO\" \/>\n<meta property=\"article:publisher\" content=\"https:\/\/www.facebook.com\/portalcpnoticias\/\" \/>\n<meta property=\"article:published_time\" content=\"2025-09-04T16:20:21+00:00\" \/>\n<meta property=\"article:modified_time\" content=\"2025-09-04T16:20:26+00:00\" \/>\n<meta property=\"og:image\" content=\"https:\/\/cleitonpinheiro.com.br\/site\/wp-content\/uploads\/2025\/09\/WhatsApp-Image-2025-09-02-at-11.06.04.jpeg\" \/>\n\t<meta property=\"og:image:width\" content=\"750\" \/>\n\t<meta property=\"og:image:height\" content=\"400\" \/>\n\t<meta property=\"og:image:type\" content=\"image\/jpeg\" \/>\n<meta name=\"author\" content=\"Reda\u00e7\u00e3o CP\" \/>\n<meta name=\"twitter:card\" content=\"summary_large_image\" \/>\n<meta name=\"twitter:label1\" content=\"Escrito por\" \/>\n\t<meta name=\"twitter:data1\" content=\"Reda\u00e7\u00e3o CP\" \/>\n\t<meta name=\"twitter:label2\" content=\"Est. tempo de leitura\" \/>\n\t<meta name=\"twitter:data2\" content=\"2 minutos\" \/>\n<script type=\"application\/ld+json\" class=\"yoast-schema-graph\">{\"@context\":\"https:\/\/schema.org\",\"@graph\":[{\"@type\":\"Article\",\"@id\":\"https:\/\/cleitonpinheiro.com.br\/site\/associados-da-assecad-terao-desconto-de-50-na-primeira-mensalidade-do-plano-de-saude-unimed-palmas\/#article\",\"isPartOf\":{\"@id\":\"https:\/\/cleitonpinheiro.com.br\/site\/associados-da-assecad-terao-desconto-de-50-na-primeira-mensalidade-do-plano-de-saude-unimed-palmas\/\"},\"author\":{\"name\":\"Reda\u00e7\u00e3o CP\",\"@id\":\"https:\/\/cleitonpinheiro.com.br\/site\/#\/schema\/person\/8f04544e0bc40a1b68775b08360f87db\"},\"headline\":\"Associados da Assecad ter\u00e3o desconto de 50% na primeira mensalidade do plano de sa\u00fade Unimed Palmas\",\"datePublished\":\"2025-09-04T16:20:21+00:00\",\"dateModified\":\"2025-09-04T16:20:26+00:00\",\"mainEntityOfPage\":{\"@id\":\"https:\/\/cleitonpinheiro.com.br\/site\/associados-da-assecad-terao-desconto-de-50-na-primeira-mensalidade-do-plano-de-saude-unimed-palmas\/\"},\"wordCount\":327,\"commentCount\":0,\"publisher\":{\"@id\":\"https:\/\/cleitonpinheiro.com.br\/site\/#organization\"},\"image\":{\"@id\":\"https:\/\/cleitonpinheiro.com.br\/site\/associados-da-assecad-terao-desconto-de-50-na-primeira-mensalidade-do-plano-de-saude-unimed-palmas\/#primaryimage\"},\"thumbnailUrl\":\"https:\/\/cleitonpinheiro.com.br\/site\/wp-content\/uploads\/2025\/09\/WhatsApp-Image-2025-09-02-at-11.06.04.jpeg\",\"articleSection\":[\"CIDADES\",\"MANCHETE SEGUND\u00c1RIA\",\"TODAS NOTICIAS\"],\"inLanguage\":\"pt-BR\",\"potentialAction\":[{\"@type\":\"CommentAction\",\"name\":\"Comment\",\"target\":[\"https:\/\/cleitonpinheiro.com.br\/site\/associados-da-assecad-terao-desconto-de-50-na-primeira-mensalidade-do-plano-de-saude-unimed-palmas\/#respond\"]}]},{\"@type\":\"WebPage\",\"@id\":\"https:\/\/cleitonpinheiro.com.br\/site\/associados-da-assecad-terao-desconto-de-50-na-primeira-mensalidade-do-plano-de-saude-unimed-palmas\/\",\"url\":\"https:\/\/cleitonpinheiro.com.br\/site\/associados-da-assecad-terao-desconto-de-50-na-primeira-mensalidade-do-plano-de-saude-unimed-palmas\/\",\"name\":\"Associados da Assecad ter\u00e3o desconto de 50% na primeira mensalidade do plano de sa\u00fade Unimed Palmas - PORTAL DE NOT\u00cdCIAS CLEITON PINHEIRO\",\"isPartOf\":{\"@id\":\"https:\/\/cleitonpinheiro.com.br\/site\/#website\"},\"primaryImageOfPage\":{\"@id\":\"https:\/\/cleitonpinheiro.com.br\/site\/associados-da-assecad-terao-desconto-de-50-na-primeira-mensalidade-do-plano-de-saude-unimed-palmas\/#primaryimage\"},\"image\":{\"@id\":\"https:\/\/cleitonpinheiro.com.br\/site\/associados-da-assecad-terao-desconto-de-50-na-primeira-mensalidade-do-plano-de-saude-unimed-palmas\/#primaryimage\"},\"thumbnailUrl\":\"https:\/\/cleitonpinheiro.com.br\/site\/wp-content\/uploads\/2025\/09\/WhatsApp-Image-2025-09-02-at-11.06.04.jpeg\",\"datePublished\":\"2025-09-04T16:20:21+00:00\",\"dateModified\":\"2025-09-04T16:20:26+00:00\",\"breadcrumb\":{\"@id\":\"https:\/\/cleitonpinheiro.com.br\/site\/associados-da-assecad-terao-desconto-de-50-na-primeira-mensalidade-do-plano-de-saude-unimed-palmas\/#breadcrumb\"},\"inLanguage\":\"pt-BR\",\"potentialAction\":[{\"@type\":\"ReadAction\",\"target\":[\"https:\/\/cleitonpinheiro.com.br\/site\/associados-da-assecad-terao-desconto-de-50-na-primeira-mensalidade-do-plano-de-saude-unimed-palmas\/\"]}]},{\"@type\":\"ImageObject\",\"inLanguage\":\"pt-BR\",\"@id\":\"https:\/\/cleitonpinheiro.com.br\/site\/associados-da-assecad-terao-desconto-de-50-na-primeira-mensalidade-do-plano-de-saude-unimed-palmas\/#primaryimage\",\"url\":\"https:\/\/cleitonpinheiro.com.br\/site\/wp-content\/uploads\/2025\/09\/WhatsApp-Image-2025-09-02-at-11.06.04.jpeg\",\"contentUrl\":\"https:\/\/cleitonpinheiro.com.br\/site\/wp-content\/uploads\/2025\/09\/WhatsApp-Image-2025-09-02-at-11.06.04.jpeg\",\"width\":750,\"height\":400},{\"@type\":\"BreadcrumbList\",\"@id\":\"https:\/\/cleitonpinheiro.com.br\/site\/associados-da-assecad-terao-desconto-de-50-na-primeira-mensalidade-do-plano-de-saude-unimed-palmas\/#breadcrumb\",\"itemListElement\":[{\"@type\":\"ListItem\",\"position\":1,\"name\":\"In\u00edcio\",\"item\":\"https:\/\/cleitonpinheiro.com.br\/site\/\"},{\"@type\":\"ListItem\",\"position\":2,\"name\":\"Associados da Assecad ter\u00e3o desconto de 50% na primeira mensalidade do plano de sa\u00fade Unimed Palmas\"}]},{\"@type\":\"WebSite\",\"@id\":\"https:\/\/cleitonpinheiro.com.br\/site\/#website\",\"url\":\"https:\/\/cleitonpinheiro.com.br\/site\/\",\"name\":\"PORTAL DE NOT\u00cdCIAS CLEITON PINHEIRO\",\"description\":\"FALANDO A VERDADE\",\"publisher\":{\"@id\":\"https:\/\/cleitonpinheiro.com.br\/site\/#organization\"},\"potentialAction\":[{\"@type\":\"SearchAction\",\"target\":{\"@type\":\"EntryPoint\",\"urlTemplate\":\"https:\/\/cleitonpinheiro.com.br\/site\/?s={search_term_string}\"},\"query-input\":{\"@type\":\"PropertyValueSpecification\",\"valueRequired\":true,\"valueName\":\"search_term_string\"}}],\"inLanguage\":\"pt-BR\"},{\"@type\":\"Organization\",\"@id\":\"https:\/\/cleitonpinheiro.com.br\/site\/#organization\",\"name\":\"CPNOT\u00cdCIAS\",\"url\":\"https:\/\/cleitonpinheiro.com.br\/site\/\",\"logo\":{\"@type\":\"ImageObject\",\"inLanguage\":\"pt-BR\",\"@id\":\"https:\/\/cleitonpinheiro.com.br\/site\/#\/schema\/logo\/image\/\",\"url\":\"https:\/\/cleitonpinheiro.com.br\/site\/wp-content\/uploads\/2022\/08\/Logo-pequena-2.png\",\"contentUrl\":\"https:\/\/cleitonpinheiro.com.br\/site\/wp-content\/uploads\/2022\/08\/Logo-pequena-2.png\",\"width\":500,\"height\":500,\"caption\":\"CPNOT\u00cdCIAS\"},\"image\":{\"@id\":\"https:\/\/cleitonpinheiro.com.br\/site\/#\/schema\/logo\/image\/\"},\"sameAs\":[\"https:\/\/www.facebook.com\/portalcpnoticias\/\"]},{\"@type\":\"Person\",\"@id\":\"https:\/\/cleitonpinheiro.com.br\/site\/#\/schema\/person\/8f04544e0bc40a1b68775b08360f87db\",\"name\":\"Reda\u00e7\u00e3o CP\",\"image\":{\"@type\":\"ImageObject\",\"inLanguage\":\"pt-BR\",\"@id\":\"https:\/\/cleitonpinheiro.com.br\/site\/#\/schema\/person\/image\/\",\"url\":\"https:\/\/secure.gravatar.com\/avatar\/0bcf19cb29fdc8fc588c490c7ae1b3e174dac268586a63fbe1d1893a0f9020cd?s=96&r=g\",\"contentUrl\":\"https:\/\/secure.gravatar.com\/avatar\/0bcf19cb29fdc8fc588c490c7ae1b3e174dac268586a63fbe1d1893a0f9020cd?s=96&r=g\",\"caption\":\"Reda\u00e7\u00e3o CP\"},\"url\":\"https:\/\/cleitonpinheiro.com.br\/site\/author\/redacao\/\"}]}<\/script>\n<!-- \/ Yoast SEO plugin. -->","yoast_head_json":{"title":"Associados da Assecad ter\u00e3o desconto de 50% na primeira mensalidade do plano de sa\u00fade Unimed Palmas - PORTAL DE NOT\u00cdCIAS CLEITON PINHEIRO","robots":{"index":"index","follow":"follow","max-snippet":"max-snippet:-1","max-image-preview":"max-image-preview:large","max-video-preview":"max-video-preview:-1"},"canonical":"https:\/\/cleitonpinheiro.com.br\/site\/associados-da-assecad-terao-desconto-de-50-na-primeira-mensalidade-do-plano-de-saude-unimed-palmas\/","og_locale":"pt_BR","og_type":"article","og_title":"Associados da Assecad ter\u00e3o desconto de 50% na primeira mensalidade do plano de sa\u00fade Unimed Palmas - PORTAL DE NOT\u00cdCIAS CLEITON PINHEIRO","og_description":"A Allcare Gestora de Sa\u00fade, em parceria com a Unimed Palmas, anunciou uma condi\u00e7\u00e3o especial para os associados da Associa\u00e7\u00e3o dos Servidores da Secretaria da Administra\u00e7\u00e3o do Estado do Tocantins (ASSECAD). Entre os dias 1\u00ba de setembro e 31 de outubro de 2025, novos aderentes ao plano de sa\u00fade ter\u00e3o 50% de desconto na primeira [&hellip;]","og_url":"https:\/\/cleitonpinheiro.com.br\/site\/associados-da-assecad-terao-desconto-de-50-na-primeira-mensalidade-do-plano-de-saude-unimed-palmas\/","og_site_name":"PORTAL DE NOT\u00cdCIAS CLEITON PINHEIRO","article_publisher":"https:\/\/www.facebook.com\/portalcpnoticias\/","article_published_time":"2025-09-04T16:20:21+00:00","article_modified_time":"2025-09-04T16:20:26+00:00","og_image":[{"width":750,"height":400,"url":"https:\/\/cleitonpinheiro.com.br\/site\/wp-content\/uploads\/2025\/09\/WhatsApp-Image-2025-09-02-at-11.06.04.jpeg","type":"image\/jpeg"}],"author":"Reda\u00e7\u00e3o CP","twitter_card":"summary_large_image","twitter_misc":{"Escrito por":"Reda\u00e7\u00e3o CP","Est. tempo de leitura":"2 minutos"},"schema":{"@context":"https:\/\/schema.org","@graph":[{"@type":"Article","@id":"https:\/\/cleitonpinheiro.com.br\/site\/associados-da-assecad-terao-desconto-de-50-na-primeira-mensalidade-do-plano-de-saude-unimed-palmas\/#article","isPartOf":{"@id":"https:\/\/cleitonpinheiro.com.br\/site\/associados-da-assecad-terao-desconto-de-50-na-primeira-mensalidade-do-plano-de-saude-unimed-palmas\/"},"author":{"name":"Reda\u00e7\u00e3o CP","@id":"https:\/\/cleitonpinheiro.com.br\/site\/#\/schema\/person\/8f04544e0bc40a1b68775b08360f87db"},"headline":"Associados da Assecad ter\u00e3o desconto de 50% na primeira mensalidade do plano de sa\u00fade Unimed Palmas","datePublished":"2025-09-04T16:20:21+00:00","dateModified":"2025-09-04T16:20:26+00:00","mainEntityOfPage":{"@id":"https:\/\/cleitonpinheiro.com.br\/site\/associados-da-assecad-terao-desconto-de-50-na-primeira-mensalidade-do-plano-de-saude-unimed-palmas\/"},"wordCount":327,"commentCount":0,"publisher":{"@id":"https:\/\/cleitonpinheiro.com.br\/site\/#organization"},"image":{"@id":"https:\/\/cleitonpinheiro.com.br\/site\/associados-da-assecad-terao-desconto-de-50-na-primeira-mensalidade-do-plano-de-saude-unimed-palmas\/#primaryimage"},"thumbnailUrl":"https:\/\/cleitonpinheiro.com.br\/site\/wp-content\/uploads\/2025\/09\/WhatsApp-Image-2025-09-02-at-11.06.04.jpeg","articleSection":["CIDADES","MANCHETE SEGUND\u00c1RIA","TODAS NOTICIAS"],"inLanguage":"pt-BR","potentialAction":[{"@type":"CommentAction","name":"Comment","target":["https:\/\/cleitonpinheiro.com.br\/site\/associados-da-assecad-terao-desconto-de-50-na-primeira-mensalidade-do-plano-de-saude-unimed-palmas\/#respond"]}]},{"@type":"WebPage","@id":"https:\/\/cleitonpinheiro.com.br\/site\/associados-da-assecad-terao-desconto-de-50-na-primeira-mensalidade-do-plano-de-saude-unimed-palmas\/","url":"https:\/\/cleitonpinheiro.com.br\/site\/associados-da-assecad-terao-desconto-de-50-na-primeira-mensalidade-do-plano-de-saude-unimed-palmas\/","name":"Associados da Assecad ter\u00e3o desconto de 50% na primeira mensalidade do plano de sa\u00fade Unimed Palmas - PORTAL DE NOT\u00cdCIAS CLEITON PINHEIRO","isPartOf":{"@id":"https:\/\/cleitonpinheiro.com.br\/site\/#website"},"primaryImageOfPage":{"@id":"https:\/\/cleitonpinheiro.com.br\/site\/associados-da-assecad-terao-desconto-de-50-na-primeira-mensalidade-do-plano-de-saude-unimed-palmas\/#primaryimage"},"image":{"@id":"https:\/\/cleitonpinheiro.com.br\/site\/associados-da-assecad-terao-desconto-de-50-na-primeira-mensalidade-do-plano-de-saude-unimed-palmas\/#primaryimage"},"thumbnailUrl":"https:\/\/cleitonpinheiro.com.br\/site\/wp-content\/uploads\/2025\/09\/WhatsApp-Image-2025-09-02-at-11.06.04.jpeg","datePublished":"2025-09-04T16:20:21+00:00","dateModified":"2025-09-04T16:20:26+00:00","breadcrumb":{"@id":"https:\/\/cleitonpinheiro.com.br\/site\/associados-da-assecad-terao-desconto-de-50-na-primeira-mensalidade-do-plano-de-saude-unimed-palmas\/#breadcrumb"},"inLanguage":"pt-BR","potentialAction":[{"@type":"ReadAction","target":["https:\/\/cleitonpinheiro.com.br\/site\/associados-da-assecad-terao-desconto-de-50-na-primeira-mensalidade-do-plano-de-saude-unimed-palmas\/"]}]},{"@type":"ImageObject","inLanguage":"pt-BR","@id":"https:\/\/cleitonpinheiro.com.br\/site\/associados-da-assecad-terao-desconto-de-50-na-primeira-mensalidade-do-plano-de-saude-unimed-palmas\/#primaryimage","url":"https:\/\/cleitonpinheiro.com.br\/site\/wp-content\/uploads\/2025\/09\/WhatsApp-Image-2025-09-02-at-11.06.04.jpeg","contentUrl":"https:\/\/cleitonpinheiro.com.br\/site\/wp-content\/uploads\/2025\/09\/WhatsApp-Image-2025-09-02-at-11.06.04.jpeg","width":750,"height":400},{"@type":"BreadcrumbList","@id":"https:\/\/cleitonpinheiro.com.br\/site\/associados-da-assecad-terao-desconto-de-50-na-primeira-mensalidade-do-plano-de-saude-unimed-palmas\/#breadcrumb","itemListElement":[{"@type":"ListItem","position":1,"name":"In\u00edcio","item":"https:\/\/cleitonpinheiro.com.br\/site\/"},{"@type":"ListItem","position":2,"name":"Associados da Assecad ter\u00e3o desconto de 50% na primeira mensalidade do plano de sa\u00fade Unimed Palmas"}]},{"@type":"WebSite","@id":"https:\/\/cleitonpinheiro.com.br\/site\/#website","url":"https:\/\/cleitonpinheiro.com.br\/site\/","name":"PORTAL DE NOT\u00cdCIAS CLEITON PINHEIRO","description":"FALANDO A VERDADE","publisher":{"@id":"https:\/\/cleitonpinheiro.com.br\/site\/#organization"},"potentialAction":[{"@type":"SearchAction","target":{"@type":"EntryPoint","urlTemplate":"https:\/\/cleitonpinheiro.com.br\/site\/?s={search_term_string}"},"query-input":{"@type":"PropertyValueSpecification","valueRequired":true,"valueName":"search_term_string"}}],"inLanguage":"pt-BR"},{"@type":"Organization","@id":"https:\/\/cleitonpinheiro.com.br\/site\/#organization","name":"CPNOT\u00cdCIAS","url":"https:\/\/cleitonpinheiro.com.br\/site\/","logo":{"@type":"ImageObject","inLanguage":"pt-BR","@id":"https:\/\/cleitonpinheiro.com.br\/site\/#\/schema\/logo\/image\/","url":"https:\/\/cleitonpinheiro.com.br\/site\/wp-content\/uploads\/2022\/08\/Logo-pequena-2.png","contentUrl":"https:\/\/cleitonpinheiro.com.br\/site\/wp-content\/uploads\/2022\/08\/Logo-pequena-2.png","width":500,"height":500,"caption":"CPNOT\u00cdCIAS"},"image":{"@id":"https:\/\/cleitonpinheiro.com.br\/site\/#\/schema\/logo\/image\/"},"sameAs":["https:\/\/www.facebook.com\/portalcpnoticias\/"]},{"@type":"Person","@id":"https:\/\/cleitonpinheiro.com.br\/site\/#\/schema\/person\/8f04544e0bc40a1b68775b08360f87db","name":"Reda\u00e7\u00e3o CP","image":{"@type":"ImageObject","inLanguage":"pt-BR","@id":"https:\/\/cleitonpinheiro.com.br\/site\/#\/schema\/person\/image\/","url":"https:\/\/secure.gravatar.com\/avatar\/0bcf19cb29fdc8fc588c490c7ae1b3e174dac268586a63fbe1d1893a0f9020cd?s=96&r=g","contentUrl":"https:\/\/secure.gravatar.com\/avatar\/0bcf19cb29fdc8fc588c490c7ae1b3e174dac268586a63fbe1d1893a0f9020cd?s=96&r=g","caption":"Reda\u00e7\u00e3o CP"},"url":"https:\/\/cleitonpinheiro.com.br\/site\/author\/redacao\/"}]}},"views":79,"_links":{"self":[{"href":"https:\/\/cleitonpinheiro.com.br\/site\/wp-json\/wp\/v2\/posts\/86782","targetHints":{"allow":["GET"]}}],"collection":[{"href":"https:\/\/cleitonpinheiro.com.br\/site\/wp-json\/wp\/v2\/posts"}],"about":[{"href":"https:\/\/cleitonpinheiro.com.br\/site\/wp-json\/wp\/v2\/types\/post"}],"author":[{"embeddable":true,"href":"https:\/\/cleitonpinheiro.com.br\/site\/wp-json\/wp\/v2\/users\/13"}],"replies":[{"embeddable":true,"href":"https:\/\/cleitonpinheiro.com.br\/site\/wp-json\/wp\/v2\/comments?post=86782"}],"version-history":[{"count":1,"href":"https:\/\/cleitonpinheiro.com.br\/site\/wp-json\/wp\/v2\/posts\/86782\/revisions"}],"predecessor-version":[{"id":86784,"href":"https:\/\/cleitonpinheiro.com.br\/site\/wp-json\/wp\/v2\/posts\/86782\/revisions\/86784"}],"wp:featuredmedia":[{"embeddable":true,"href":"https:\/\/cleitonpinheiro.com.br\/site\/wp-json\/wp\/v2\/media\/86783"}],"wp:attachment":[{"href":"https:\/\/cleitonpinheiro.com.br\/site\/wp-json\/wp\/v2\/media?parent=86782"}],"wp:term":[{"taxonomy":"category","embeddable":true,"href":"https:\/\/cleitonpinheiro.com.br\/site\/wp-json\/wp\/v2\/categories?post=86782"},{"taxonomy":"post_tag","embeddable":true,"href":"https:\/\/cleitonpinheiro.com.br\/site\/wp-json\/wp\/v2\/tags?post=86782"}],"curies":[{"name":"wp","href":"https:\/\/api.w.org\/{rel}","templated":true}]}}