{"id":86788,"date":"2025-09-04T13:34:43","date_gmt":"2025-09-04T16:34:43","guid":{"rendered":"https:\/\/cleitonpinheiro.com.br\/site\/?p=86788"},"modified":"2025-09-04T13:34:54","modified_gmt":"2025-09-04T16:34:54","slug":"2a-etapa-do-campeonato-tocantinense-de-kart-2025-sera-realizada-neste-sabado-6-em-palmas","status":"publish","type":"post","link":"https:\/\/cleitonpinheiro.com.br\/site\/2a-etapa-do-campeonato-tocantinense-de-kart-2025-sera-realizada-neste-sabado-6-em-palmas\/","title":{"rendered":"2\u00aa Etapa do Campeonato Tocantinense de Kart 2025 ser\u00e1 realizada neste s\u00e1bado, 6, em Palmas"},"content":{"rendered":"\n<figure class=\"wp-block-image size-large\"><img fetchpriority=\"high\" decoding=\"async\" width=\"1024\" height=\"683\" src=\"https:\/\/cleitonpinheiro.com.br\/site\/wp-content\/uploads\/2025\/09\/WhatsApp-Image-2025-09-03-at-10.24.32-2-1536x1024-1-1024x683.jpeg\" alt=\"\" class=\"wp-image-86789\" srcset=\"https:\/\/cleitonpinheiro.com.br\/site\/wp-content\/uploads\/2025\/09\/WhatsApp-Image-2025-09-03-at-10.24.32-2-1536x1024-1-1024x683.jpeg 1024w, https:\/\/cleitonpinheiro.com.br\/site\/wp-content\/uploads\/2025\/09\/WhatsApp-Image-2025-09-03-at-10.24.32-2-1536x1024-1-300x200.jpeg 300w, https:\/\/cleitonpinheiro.com.br\/site\/wp-content\/uploads\/2025\/09\/WhatsApp-Image-2025-09-03-at-10.24.32-2-1536x1024-1-768x512.jpeg 768w, https:\/\/cleitonpinheiro.com.br\/site\/wp-content\/uploads\/2025\/09\/WhatsApp-Image-2025-09-03-at-10.24.32-2-1536x1024-1.jpeg 1536w\" sizes=\"(max-width: 1024px) 100vw, 1024px\" \/><\/figure>\n\n\n\n<p>Neste s\u00e1bado, 6, ser\u00e1 realizada a 2\u00aa etapa do Campeonato Tocantinense de Kart 2025, no Kart\u00f3dromo Rubens Barrichello, na Arse 152 (1506 Sul), a partir das 16 horas. O evento conta com apoio da Prefeitura de Palmas, por meio da Funda\u00e7\u00e3o Municipal de Esportes e Lazer (Fundesportes). A disputa conta com cerca de 30 pilotos do Tocantins e Goi\u00e1s, a entrada \u00e9 gratuita.<\/p>\n\n\n\n<p>O presidente da Fundesportes, L\u00e9cio Guimar\u00e3es, destacou o que espera do campeonato. \u201cA expectativa \u00e9 a melhor poss\u00edvel, pois s\u00f3 h\u00e1 crescimento e desenvolvimento t\u00e9cnico com eventos competitivos e bem realizados. O kart de Palmas tem uma hist\u00f3ria de sucesso gra\u00e7as a essas competi\u00e7\u00f5es\u201d.<\/p>\n\n\n\n<p>O organizador do evento Mayco Duarte refor\u00e7a a relev\u00e2ncia do evento. \u201cA 2\u00aa etapa do Campeonato Tocantinense de Kart, em Palmas, \u00e9 decisiva para o automobilismo regional, atraindo pilotos de outros estados e elevando a expectativa para a final em dezembro\u201d.<\/p>\n\n\n\n<p>O campeonato Tocantinense de Kart \u00e9 composto por quatro etapas, finalizando em dezembro, quando ser\u00e3o conhecidos os campe\u00f5es de cada categoria.<\/p>\n\n\n\n<p><strong>Categorias<\/strong><\/p>\n\n\n\n<p>Mirim<br>Cadete<br>F400 J\u00fanior<br>F400 Novato<br>F400 Graduado<br>F400 S\u00eanior<\/p>\n\n\n\n<p><strong>Premia\u00e7\u00e3o<\/strong><\/p>\n\n\n\n<p>1\u00aa Lugar \u2013 Trof\u00e9u<br>2\u00aa Lugar \u2013 Trof\u00e9u<br>3\u00aa Lugar \u2013 Trof\u00e9u<\/p>\n\n\n\n<p>Texto: Daniel Reis \u2013 estagi\u00e1rio sob a supervis\u00e3o da Diretoria de Jornalismo da Secom<\/p>\n","protected":false},"excerpt":{"rendered":"<p>Neste s\u00e1bado, 6, ser\u00e1 realizada a 2\u00aa etapa do Campeonato Tocantinense de Kart 2025, no Kart\u00f3dromo Rubens Barrichello, na Arse 152 (1506 Sul), a partir das 16 horas. O evento conta com apoio da Prefeitura de Palmas, por meio da Funda\u00e7\u00e3o Municipal de Esportes e Lazer (Fundesportes). A disputa conta com cerca de 30 pilotos [&hellip;]<\/p>\n","protected":false},"author":13,"featured_media":86789,"comment_status":"open","ping_status":"open","sticky":false,"template":"","format":"standard","meta":{"_acf_changed":false,"footnotes":""},"categories":[1,898,21],"tags":[],"class_list":["post-86788","post","type-post","status-publish","format-standard","has-post-thumbnail","hentry","category-esporte","category-manchete-segundaria","category-todas-noticias"],"acf":[],"yoast_head":"<!-- This site is optimized with the Yoast SEO plugin v24.4 - https:\/\/yoast.com\/wordpress\/plugins\/seo\/ -->\n<title>2\u00aa Etapa do Campeonato Tocantinense de Kart 2025 ser\u00e1 realizada neste s\u00e1bado, 6, em Palmas - PORTAL DE NOT\u00cdCIAS CLEITON PINHEIRO<\/title>\n<meta name=\"robots\" content=\"index, follow, max-snippet:-1, max-image-preview:large, max-video-preview:-1\" \/>\n<link rel=\"canonical\" href=\"https:\/\/cleitonpinheiro.com.br\/site\/2a-etapa-do-campeonato-tocantinense-de-kart-2025-sera-realizada-neste-sabado-6-em-palmas\/\" \/>\n<meta property=\"og:locale\" content=\"pt_BR\" \/>\n<meta property=\"og:type\" content=\"article\" \/>\n<meta property=\"og:title\" content=\"2\u00aa Etapa do Campeonato Tocantinense de Kart 2025 ser\u00e1 realizada neste s\u00e1bado, 6, em Palmas - PORTAL DE NOT\u00cdCIAS CLEITON PINHEIRO\" \/>\n<meta property=\"og:description\" content=\"Neste s\u00e1bado, 6, ser\u00e1 realizada a 2\u00aa etapa do Campeonato Tocantinense de Kart 2025, no Kart\u00f3dromo Rubens Barrichello, na Arse 152 (1506 Sul), a partir das 16 horas. O evento conta com apoio da Prefeitura de Palmas, por meio da Funda\u00e7\u00e3o Municipal de Esportes e Lazer (Fundesportes). A disputa conta com cerca de 30 pilotos [&hellip;]\" \/>\n<meta property=\"og:url\" content=\"https:\/\/cleitonpinheiro.com.br\/site\/2a-etapa-do-campeonato-tocantinense-de-kart-2025-sera-realizada-neste-sabado-6-em-palmas\/\" \/>\n<meta property=\"og:site_name\" content=\"PORTAL DE NOT\u00cdCIAS CLEITON PINHEIRO\" \/>\n<meta property=\"article:publisher\" content=\"https:\/\/www.facebook.com\/portalcpnoticias\/\" \/>\n<meta property=\"article:published_time\" content=\"2025-09-04T16:34:43+00:00\" \/>\n<meta property=\"article:modified_time\" content=\"2025-09-04T16:34:54+00:00\" \/>\n<meta property=\"og:image\" content=\"https:\/\/cleitonpinheiro.com.br\/site\/wp-content\/uploads\/2025\/09\/WhatsApp-Image-2025-09-03-at-10.24.32-2-1536x1024-1.jpeg\" \/>\n\t<meta property=\"og:image:width\" content=\"1536\" \/>\n\t<meta property=\"og:image:height\" content=\"1024\" \/>\n\t<meta property=\"og:image:type\" content=\"image\/jpeg\" \/>\n<meta name=\"author\" content=\"Reda\u00e7\u00e3o CP\" \/>\n<meta name=\"twitter:card\" content=\"summary_large_image\" \/>\n<meta name=\"twitter:label1\" content=\"Escrito por\" \/>\n\t<meta name=\"twitter:data1\" content=\"Reda\u00e7\u00e3o CP\" \/>\n\t<meta name=\"twitter:label2\" content=\"Est. tempo de leitura\" \/>\n\t<meta name=\"twitter:data2\" content=\"2 minutos\" \/>\n<script type=\"application\/ld+json\" class=\"yoast-schema-graph\">{\"@context\":\"https:\/\/schema.org\",\"@graph\":[{\"@type\":\"Article\",\"@id\":\"https:\/\/cleitonpinheiro.com.br\/site\/2a-etapa-do-campeonato-tocantinense-de-kart-2025-sera-realizada-neste-sabado-6-em-palmas\/#article\",\"isPartOf\":{\"@id\":\"https:\/\/cleitonpinheiro.com.br\/site\/2a-etapa-do-campeonato-tocantinense-de-kart-2025-sera-realizada-neste-sabado-6-em-palmas\/\"},\"author\":{\"name\":\"Reda\u00e7\u00e3o CP\",\"@id\":\"https:\/\/cleitonpinheiro.com.br\/site\/#\/schema\/person\/8f04544e0bc40a1b68775b08360f87db\"},\"headline\":\"2\u00aa Etapa do Campeonato Tocantinense de Kart 2025 ser\u00e1 realizada neste s\u00e1bado, 6, em Palmas\",\"datePublished\":\"2025-09-04T16:34:43+00:00\",\"dateModified\":\"2025-09-04T16:34:54+00:00\",\"mainEntityOfPage\":{\"@id\":\"https:\/\/cleitonpinheiro.com.br\/site\/2a-etapa-do-campeonato-tocantinense-de-kart-2025-sera-realizada-neste-sabado-6-em-palmas\/\"},\"wordCount\":219,\"commentCount\":0,\"publisher\":{\"@id\":\"https:\/\/cleitonpinheiro.com.br\/site\/#organization\"},\"image\":{\"@id\":\"https:\/\/cleitonpinheiro.com.br\/site\/2a-etapa-do-campeonato-tocantinense-de-kart-2025-sera-realizada-neste-sabado-6-em-palmas\/#primaryimage\"},\"thumbnailUrl\":\"https:\/\/cleitonpinheiro.com.br\/site\/wp-content\/uploads\/2025\/09\/WhatsApp-Image-2025-09-03-at-10.24.32-2-1536x1024-1.jpeg\",\"articleSection\":[\"ESPORTE\",\"MANCHETE SEGUND\u00c1RIA\",\"TODAS NOTICIAS\"],\"inLanguage\":\"pt-BR\",\"potentialAction\":[{\"@type\":\"CommentAction\",\"name\":\"Comment\",\"target\":[\"https:\/\/cleitonpinheiro.com.br\/site\/2a-etapa-do-campeonato-tocantinense-de-kart-2025-sera-realizada-neste-sabado-6-em-palmas\/#respond\"]}]},{\"@type\":\"WebPage\",\"@id\":\"https:\/\/cleitonpinheiro.com.br\/site\/2a-etapa-do-campeonato-tocantinense-de-kart-2025-sera-realizada-neste-sabado-6-em-palmas\/\",\"url\":\"https:\/\/cleitonpinheiro.com.br\/site\/2a-etapa-do-campeonato-tocantinense-de-kart-2025-sera-realizada-neste-sabado-6-em-palmas\/\",\"name\":\"2\u00aa Etapa do Campeonato Tocantinense de Kart 2025 ser\u00e1 realizada neste s\u00e1bado, 6, em Palmas - PORTAL DE NOT\u00cdCIAS CLEITON PINHEIRO\",\"isPartOf\":{\"@id\":\"https:\/\/cleitonpinheiro.com.br\/site\/#website\"},\"primaryImageOfPage\":{\"@id\":\"https:\/\/cleitonpinheiro.com.br\/site\/2a-etapa-do-campeonato-tocantinense-de-kart-2025-sera-realizada-neste-sabado-6-em-palmas\/#primaryimage\"},\"image\":{\"@id\":\"https:\/\/cleitonpinheiro.com.br\/site\/2a-etapa-do-campeonato-tocantinense-de-kart-2025-sera-realizada-neste-sabado-6-em-palmas\/#primaryimage\"},\"thumbnailUrl\":\"https:\/\/cleitonpinheiro.com.br\/site\/wp-content\/uploads\/2025\/09\/WhatsApp-Image-2025-09-03-at-10.24.32-2-1536x1024-1.jpeg\",\"datePublished\":\"2025-09-04T16:34:43+00:00\",\"dateModified\":\"2025-09-04T16:34:54+00:00\",\"breadcrumb\":{\"@id\":\"https:\/\/cleitonpinheiro.com.br\/site\/2a-etapa-do-campeonato-tocantinense-de-kart-2025-sera-realizada-neste-sabado-6-em-palmas\/#breadcrumb\"},\"inLanguage\":\"pt-BR\",\"potentialAction\":[{\"@type\":\"ReadAction\",\"target\":[\"https:\/\/cleitonpinheiro.com.br\/site\/2a-etapa-do-campeonato-tocantinense-de-kart-2025-sera-realizada-neste-sabado-6-em-palmas\/\"]}]},{\"@type\":\"ImageObject\",\"inLanguage\":\"pt-BR\",\"@id\":\"https:\/\/cleitonpinheiro.com.br\/site\/2a-etapa-do-campeonato-tocantinense-de-kart-2025-sera-realizada-neste-sabado-6-em-palmas\/#primaryimage\",\"url\":\"https:\/\/cleitonpinheiro.com.br\/site\/wp-content\/uploads\/2025\/09\/WhatsApp-Image-2025-09-03-at-10.24.32-2-1536x1024-1.jpeg\",\"contentUrl\":\"https:\/\/cleitonpinheiro.com.br\/site\/wp-content\/uploads\/2025\/09\/WhatsApp-Image-2025-09-03-at-10.24.32-2-1536x1024-1.jpeg\",\"width\":1536,\"height\":1024},{\"@type\":\"BreadcrumbList\",\"@id\":\"https:\/\/cleitonpinheiro.com.br\/site\/2a-etapa-do-campeonato-tocantinense-de-kart-2025-sera-realizada-neste-sabado-6-em-palmas\/#breadcrumb\",\"itemListElement\":[{\"@type\":\"ListItem\",\"position\":1,\"name\":\"In\u00edcio\",\"item\":\"https:\/\/cleitonpinheiro.com.br\/site\/\"},{\"@type\":\"ListItem\",\"position\":2,\"name\":\"2\u00aa Etapa do Campeonato Tocantinense de Kart 2025 ser\u00e1 realizada neste s\u00e1bado, 6, em Palmas\"}]},{\"@type\":\"WebSite\",\"@id\":\"https:\/\/cleitonpinheiro.com.br\/site\/#website\",\"url\":\"https:\/\/cleitonpinheiro.com.br\/site\/\",\"name\":\"PORTAL DE NOT\u00cdCIAS CLEITON PINHEIRO\",\"description\":\"FALANDO A VERDADE\",\"publisher\":{\"@id\":\"https:\/\/cleitonpinheiro.com.br\/site\/#organization\"},\"potentialAction\":[{\"@type\":\"SearchAction\",\"target\":{\"@type\":\"EntryPoint\",\"urlTemplate\":\"https:\/\/cleitonpinheiro.com.br\/site\/?s={search_term_string}\"},\"query-input\":{\"@type\":\"PropertyValueSpecification\",\"valueRequired\":true,\"valueName\":\"search_term_string\"}}],\"inLanguage\":\"pt-BR\"},{\"@type\":\"Organization\",\"@id\":\"https:\/\/cleitonpinheiro.com.br\/site\/#organization\",\"name\":\"CPNOT\u00cdCIAS\",\"url\":\"https:\/\/cleitonpinheiro.com.br\/site\/\",\"logo\":{\"@type\":\"ImageObject\",\"inLanguage\":\"pt-BR\",\"@id\":\"https:\/\/cleitonpinheiro.com.br\/site\/#\/schema\/logo\/image\/\",\"url\":\"https:\/\/cleitonpinheiro.com.br\/site\/wp-content\/uploads\/2022\/08\/Logo-pequena-2.png\",\"contentUrl\":\"https:\/\/cleitonpinheiro.com.br\/site\/wp-content\/uploads\/2022\/08\/Logo-pequena-2.png\",\"width\":500,\"height\":500,\"caption\":\"CPNOT\u00cdCIAS\"},\"image\":{\"@id\":\"https:\/\/cleitonpinheiro.com.br\/site\/#\/schema\/logo\/image\/\"},\"sameAs\":[\"https:\/\/www.facebook.com\/portalcpnoticias\/\"]},{\"@type\":\"Person\",\"@id\":\"https:\/\/cleitonpinheiro.com.br\/site\/#\/schema\/person\/8f04544e0bc40a1b68775b08360f87db\",\"name\":\"Reda\u00e7\u00e3o CP\",\"image\":{\"@type\":\"ImageObject\",\"inLanguage\":\"pt-BR\",\"@id\":\"https:\/\/cleitonpinheiro.com.br\/site\/#\/schema\/person\/image\/\",\"url\":\"https:\/\/secure.gravatar.com\/avatar\/0bcf19cb29fdc8fc588c490c7ae1b3e174dac268586a63fbe1d1893a0f9020cd?s=96&r=g\",\"contentUrl\":\"https:\/\/secure.gravatar.com\/avatar\/0bcf19cb29fdc8fc588c490c7ae1b3e174dac268586a63fbe1d1893a0f9020cd?s=96&r=g\",\"caption\":\"Reda\u00e7\u00e3o CP\"},\"url\":\"https:\/\/cleitonpinheiro.com.br\/site\/author\/redacao\/\"}]}<\/script>\n<!-- \/ Yoast SEO plugin. -->","yoast_head_json":{"title":"2\u00aa Etapa do Campeonato Tocantinense de Kart 2025 ser\u00e1 realizada neste s\u00e1bado, 6, em Palmas - PORTAL DE NOT\u00cdCIAS CLEITON PINHEIRO","robots":{"index":"index","follow":"follow","max-snippet":"max-snippet:-1","max-image-preview":"max-image-preview:large","max-video-preview":"max-video-preview:-1"},"canonical":"https:\/\/cleitonpinheiro.com.br\/site\/2a-etapa-do-campeonato-tocantinense-de-kart-2025-sera-realizada-neste-sabado-6-em-palmas\/","og_locale":"pt_BR","og_type":"article","og_title":"2\u00aa Etapa do Campeonato Tocantinense de Kart 2025 ser\u00e1 realizada neste s\u00e1bado, 6, em Palmas - PORTAL DE NOT\u00cdCIAS CLEITON PINHEIRO","og_description":"Neste s\u00e1bado, 6, ser\u00e1 realizada a 2\u00aa etapa do Campeonato Tocantinense de Kart 2025, no Kart\u00f3dromo Rubens Barrichello, na Arse 152 (1506 Sul), a partir das 16 horas. O evento conta com apoio da Prefeitura de Palmas, por meio da Funda\u00e7\u00e3o Municipal de Esportes e Lazer (Fundesportes). A disputa conta com cerca de 30 pilotos [&hellip;]","og_url":"https:\/\/cleitonpinheiro.com.br\/site\/2a-etapa-do-campeonato-tocantinense-de-kart-2025-sera-realizada-neste-sabado-6-em-palmas\/","og_site_name":"PORTAL DE NOT\u00cdCIAS CLEITON PINHEIRO","article_publisher":"https:\/\/www.facebook.com\/portalcpnoticias\/","article_published_time":"2025-09-04T16:34:43+00:00","article_modified_time":"2025-09-04T16:34:54+00:00","og_image":[{"width":1536,"height":1024,"url":"https:\/\/cleitonpinheiro.com.br\/site\/wp-content\/uploads\/2025\/09\/WhatsApp-Image-2025-09-03-at-10.24.32-2-1536x1024-1.jpeg","type":"image\/jpeg"}],"author":"Reda\u00e7\u00e3o CP","twitter_card":"summary_large_image","twitter_misc":{"Escrito por":"Reda\u00e7\u00e3o CP","Est. tempo de leitura":"2 minutos"},"schema":{"@context":"https:\/\/schema.org","@graph":[{"@type":"Article","@id":"https:\/\/cleitonpinheiro.com.br\/site\/2a-etapa-do-campeonato-tocantinense-de-kart-2025-sera-realizada-neste-sabado-6-em-palmas\/#article","isPartOf":{"@id":"https:\/\/cleitonpinheiro.com.br\/site\/2a-etapa-do-campeonato-tocantinense-de-kart-2025-sera-realizada-neste-sabado-6-em-palmas\/"},"author":{"name":"Reda\u00e7\u00e3o CP","@id":"https:\/\/cleitonpinheiro.com.br\/site\/#\/schema\/person\/8f04544e0bc40a1b68775b08360f87db"},"headline":"2\u00aa Etapa do Campeonato Tocantinense de Kart 2025 ser\u00e1 realizada neste s\u00e1bado, 6, em Palmas","datePublished":"2025-09-04T16:34:43+00:00","dateModified":"2025-09-04T16:34:54+00:00","mainEntityOfPage":{"@id":"https:\/\/cleitonpinheiro.com.br\/site\/2a-etapa-do-campeonato-tocantinense-de-kart-2025-sera-realizada-neste-sabado-6-em-palmas\/"},"wordCount":219,"commentCount":0,"publisher":{"@id":"https:\/\/cleitonpinheiro.com.br\/site\/#organization"},"image":{"@id":"https:\/\/cleitonpinheiro.com.br\/site\/2a-etapa-do-campeonato-tocantinense-de-kart-2025-sera-realizada-neste-sabado-6-em-palmas\/#primaryimage"},"thumbnailUrl":"https:\/\/cleitonpinheiro.com.br\/site\/wp-content\/uploads\/2025\/09\/WhatsApp-Image-2025-09-03-at-10.24.32-2-1536x1024-1.jpeg","articleSection":["ESPORTE","MANCHETE SEGUND\u00c1RIA","TODAS NOTICIAS"],"inLanguage":"pt-BR","potentialAction":[{"@type":"CommentAction","name":"Comment","target":["https:\/\/cleitonpinheiro.com.br\/site\/2a-etapa-do-campeonato-tocantinense-de-kart-2025-sera-realizada-neste-sabado-6-em-palmas\/#respond"]}]},{"@type":"WebPage","@id":"https:\/\/cleitonpinheiro.com.br\/site\/2a-etapa-do-campeonato-tocantinense-de-kart-2025-sera-realizada-neste-sabado-6-em-palmas\/","url":"https:\/\/cleitonpinheiro.com.br\/site\/2a-etapa-do-campeonato-tocantinense-de-kart-2025-sera-realizada-neste-sabado-6-em-palmas\/","name":"2\u00aa Etapa do Campeonato Tocantinense de Kart 2025 ser\u00e1 realizada neste s\u00e1bado, 6, em Palmas - PORTAL DE NOT\u00cdCIAS CLEITON PINHEIRO","isPartOf":{"@id":"https:\/\/cleitonpinheiro.com.br\/site\/#website"},"primaryImageOfPage":{"@id":"https:\/\/cleitonpinheiro.com.br\/site\/2a-etapa-do-campeonato-tocantinense-de-kart-2025-sera-realizada-neste-sabado-6-em-palmas\/#primaryimage"},"image":{"@id":"https:\/\/cleitonpinheiro.com.br\/site\/2a-etapa-do-campeonato-tocantinense-de-kart-2025-sera-realizada-neste-sabado-6-em-palmas\/#primaryimage"},"thumbnailUrl":"https:\/\/cleitonpinheiro.com.br\/site\/wp-content\/uploads\/2025\/09\/WhatsApp-Image-2025-09-03-at-10.24.32-2-1536x1024-1.jpeg","datePublished":"2025-09-04T16:34:43+00:00","dateModified":"2025-09-04T16:34:54+00:00","breadcrumb":{"@id":"https:\/\/cleitonpinheiro.com.br\/site\/2a-etapa-do-campeonato-tocantinense-de-kart-2025-sera-realizada-neste-sabado-6-em-palmas\/#breadcrumb"},"inLanguage":"pt-BR","potentialAction":[{"@type":"ReadAction","target":["https:\/\/cleitonpinheiro.com.br\/site\/2a-etapa-do-campeonato-tocantinense-de-kart-2025-sera-realizada-neste-sabado-6-em-palmas\/"]}]},{"@type":"ImageObject","inLanguage":"pt-BR","@id":"https:\/\/cleitonpinheiro.com.br\/site\/2a-etapa-do-campeonato-tocantinense-de-kart-2025-sera-realizada-neste-sabado-6-em-palmas\/#primaryimage","url":"https:\/\/cleitonpinheiro.com.br\/site\/wp-content\/uploads\/2025\/09\/WhatsApp-Image-2025-09-03-at-10.24.32-2-1536x1024-1.jpeg","contentUrl":"https:\/\/cleitonpinheiro.com.br\/site\/wp-content\/uploads\/2025\/09\/WhatsApp-Image-2025-09-03-at-10.24.32-2-1536x1024-1.jpeg","width":1536,"height":1024},{"@type":"BreadcrumbList","@id":"https:\/\/cleitonpinheiro.com.br\/site\/2a-etapa-do-campeonato-tocantinense-de-kart-2025-sera-realizada-neste-sabado-6-em-palmas\/#breadcrumb","itemListElement":[{"@type":"ListItem","position":1,"name":"In\u00edcio","item":"https:\/\/cleitonpinheiro.com.br\/site\/"},{"@type":"ListItem","position":2,"name":"2\u00aa Etapa do Campeonato Tocantinense de Kart 2025 ser\u00e1 realizada neste s\u00e1bado, 6, em Palmas"}]},{"@type":"WebSite","@id":"https:\/\/cleitonpinheiro.com.br\/site\/#website","url":"https:\/\/cleitonpinheiro.com.br\/site\/","name":"PORTAL DE NOT\u00cdCIAS CLEITON PINHEIRO","description":"FALANDO A VERDADE","publisher":{"@id":"https:\/\/cleitonpinheiro.com.br\/site\/#organization"},"potentialAction":[{"@type":"SearchAction","target":{"@type":"EntryPoint","urlTemplate":"https:\/\/cleitonpinheiro.com.br\/site\/?s={search_term_string}"},"query-input":{"@type":"PropertyValueSpecification","valueRequired":true,"valueName":"search_term_string"}}],"inLanguage":"pt-BR"},{"@type":"Organization","@id":"https:\/\/cleitonpinheiro.com.br\/site\/#organization","name":"CPNOT\u00cdCIAS","url":"https:\/\/cleitonpinheiro.com.br\/site\/","logo":{"@type":"ImageObject","inLanguage":"pt-BR","@id":"https:\/\/cleitonpinheiro.com.br\/site\/#\/schema\/logo\/image\/","url":"https:\/\/cleitonpinheiro.com.br\/site\/wp-content\/uploads\/2022\/08\/Logo-pequena-2.png","contentUrl":"https:\/\/cleitonpinheiro.com.br\/site\/wp-content\/uploads\/2022\/08\/Logo-pequena-2.png","width":500,"height":500,"caption":"CPNOT\u00cdCIAS"},"image":{"@id":"https:\/\/cleitonpinheiro.com.br\/site\/#\/schema\/logo\/image\/"},"sameAs":["https:\/\/www.facebook.com\/portalcpnoticias\/"]},{"@type":"Person","@id":"https:\/\/cleitonpinheiro.com.br\/site\/#\/schema\/person\/8f04544e0bc40a1b68775b08360f87db","name":"Reda\u00e7\u00e3o CP","image":{"@type":"ImageObject","inLanguage":"pt-BR","@id":"https:\/\/cleitonpinheiro.com.br\/site\/#\/schema\/person\/image\/","url":"https:\/\/secure.gravatar.com\/avatar\/0bcf19cb29fdc8fc588c490c7ae1b3e174dac268586a63fbe1d1893a0f9020cd?s=96&r=g","contentUrl":"https:\/\/secure.gravatar.com\/avatar\/0bcf19cb29fdc8fc588c490c7ae1b3e174dac268586a63fbe1d1893a0f9020cd?s=96&r=g","caption":"Reda\u00e7\u00e3o CP"},"url":"https:\/\/cleitonpinheiro.com.br\/site\/author\/redacao\/"}]}},"views":98,"_links":{"self":[{"href":"https:\/\/cleitonpinheiro.com.br\/site\/wp-json\/wp\/v2\/posts\/86788","targetHints":{"allow":["GET"]}}],"collection":[{"href":"https:\/\/cleitonpinheiro.com.br\/site\/wp-json\/wp\/v2\/posts"}],"about":[{"href":"https:\/\/cleitonpinheiro.com.br\/site\/wp-json\/wp\/v2\/types\/post"}],"author":[{"embeddable":true,"href":"https:\/\/cleitonpinheiro.com.br\/site\/wp-json\/wp\/v2\/users\/13"}],"replies":[{"embeddable":true,"href":"https:\/\/cleitonpinheiro.com.br\/site\/wp-json\/wp\/v2\/comments?post=86788"}],"version-history":[{"count":1,"href":"https:\/\/cleitonpinheiro.com.br\/site\/wp-json\/wp\/v2\/posts\/86788\/revisions"}],"predecessor-version":[{"id":86790,"href":"https:\/\/cleitonpinheiro.com.br\/site\/wp-json\/wp\/v2\/posts\/86788\/revisions\/86790"}],"wp:featuredmedia":[{"embeddable":true,"href":"https:\/\/cleitonpinheiro.com.br\/site\/wp-json\/wp\/v2\/media\/86789"}],"wp:attachment":[{"href":"https:\/\/cleitonpinheiro.com.br\/site\/wp-json\/wp\/v2\/media?parent=86788"}],"wp:term":[{"taxonomy":"category","embeddable":true,"href":"https:\/\/cleitonpinheiro.com.br\/site\/wp-json\/wp\/v2\/categories?post=86788"},{"taxonomy":"post_tag","embeddable":true,"href":"https:\/\/cleitonpinheiro.com.br\/site\/wp-json\/wp\/v2\/tags?post=86788"}],"curies":[{"name":"wp","href":"https:\/\/api.w.org\/{rel}","templated":true}]}}