{"id":86791,"date":"2025-09-08T10:03:09","date_gmt":"2025-09-08T13:03:09","guid":{"rendered":"https:\/\/cleitonpinheiro.com.br\/site\/?p=86791"},"modified":"2025-09-08T10:03:14","modified_gmt":"2025-09-08T13:03:14","slug":"duzentos-estudantes-representam-palmas-no-desfile-civico-de-7-de-setembro","status":"publish","type":"post","link":"https:\/\/cleitonpinheiro.com.br\/site\/duzentos-estudantes-representam-palmas-no-desfile-civico-de-7-de-setembro\/","title":{"rendered":"Duzentos estudantes representam Palmas no Desfile C\u00edvico de 7 de Setembro"},"content":{"rendered":"\n<figure class=\"wp-block-image size-full\"><img fetchpriority=\"high\" decoding=\"async\" width=\"1024\" height=\"682\" src=\"https:\/\/cleitonpinheiro.com.br\/site\/wp-content\/uploads\/2025\/09\/Raissa-Silva-Nunes-fez-uma-performance-artistica-solo-representando-o-girassol-\u2013-Foto-Lia-Mara.jpeg\" alt=\"\" class=\"wp-image-86792\" srcset=\"https:\/\/cleitonpinheiro.com.br\/site\/wp-content\/uploads\/2025\/09\/Raissa-Silva-Nunes-fez-uma-performance-artistica-solo-representando-o-girassol-\u2013-Foto-Lia-Mara.jpeg 1024w, https:\/\/cleitonpinheiro.com.br\/site\/wp-content\/uploads\/2025\/09\/Raissa-Silva-Nunes-fez-uma-performance-artistica-solo-representando-o-girassol-\u2013-Foto-Lia-Mara-300x200.jpeg 300w, https:\/\/cleitonpinheiro.com.br\/site\/wp-content\/uploads\/2025\/09\/Raissa-Silva-Nunes-fez-uma-performance-artistica-solo-representando-o-girassol-\u2013-Foto-Lia-Mara-768x512.jpeg 768w\" sizes=\"(max-width: 1024px) 100vw, 1024px\" \/><figcaption class=\"wp-element-caption\">Foto: Lia Mara\/Prefeitura de Palmas<\/figcaption><\/figure>\n\n\n\n<p>Cerca de 200 alunos da rede municipal de ensino se apresentaram no desfile c\u00edvico em celebra\u00e7\u00e3o do Dia da Independ\u00eancia, realizado no final da tarde deste domingo, 7, nas imedia\u00e7\u00f5es da Pra\u00e7a dos Girass\u00f3is, no centro de Palmas. O evento, que contou com a participa\u00e7\u00e3o de aproximadamente 20 entidades, levou cores, m\u00fasica e anima\u00e7\u00e3o ao p\u00fablico que prestigiou a tradicional celebra\u00e7\u00e3o da Independ\u00eancia do Brasil.<\/p>\n\n\n\n<p>Os estudantes das Escolas Municipais de Tempo Integral (ETIs) Almirante Tamandar\u00e9 e Professora Margarida Lemos se apresentaram com suas tradicionais fanfarras, marcadas por ritmo empolgante. Al\u00e9m da performance art\u00edstica com coreografias sincronizadas, as escolas levaram para a avenida mensagens que refor\u00e7am o respeito \u00e0 p\u00e1tria, a import\u00e2ncia da cidadania, educa\u00e7\u00e3o e os valores da boa conviv\u00eancia no ambiente escolar, recebendo aplausos do p\u00fablico.<\/p>\n\n\n\n<p>Durante o desfile, a estudante da unidade Margarida Lemos, Raissa Silva Nunes, afirmou que foram muitos dias de prepara\u00e7\u00e3o e que toda a escola se uniu para fazer uma excelente apresenta\u00e7\u00e3o. Raissa fez uma performance art\u00edstica solo, representando o girassol, s\u00edmbolo do Tocantins.<\/p>\n\n\n\n<p>\u201cQuero agradecer \u00e0 Secretaria de Estado da Educa\u00e7\u00e3o (Seduc) pela parceria com a Secretaria Municipal da Educa\u00e7\u00e3o (Semed) e parabenizar tamb\u00e9m todos os envolvidos, como alunos, professores, gestores e equipe t\u00e9cnica, pela dedica\u00e7\u00e3o e empenho. Essa \u00e9 uma demonstra\u00e7\u00e3o do esp\u00edrito c\u00edvico e da paix\u00e3o pela educa\u00e7\u00e3o\u201d, ressaltou a secret\u00e1ria municipal da Educa\u00e7\u00e3o, Anice Moura. O secret\u00e1rio-chefe de Gabinete, Carlos J\u00fanior, representou o prefeito de Palmas, Eduardo Siqueira Campos.<\/p>\n\n\n\n<p><strong>Programa\u00e7\u00e3o<\/strong><\/p>\n\n\n\n<p>Organizado pelo Governo do Tocantins, por meio da Seduc, o evento reuniu milhares de pessoas, entre estudantes, militares, autoridades e a comunidade em geral. Tamb\u00e9m participaram do desfile a Pol\u00edcia Militar (PMTO), o Corpo de Bombeiros (CBMTO), a Secretaria da Seguran\u00e7a P\u00fablica (SSP\/TO), a Pol\u00edcia Rodovi\u00e1ria Federal (PRF) e alunos da Orquestra Jovem da Guarda Metropolitana de Palmas (GMP) e da Pol\u00edcia Penal. A programa\u00e7\u00e3o contou ainda com pelot\u00f5es da Ordem DeMolay, Ordem Internacional do Arco-\u00cdris para Meninas, A\u00e7\u00e3o Parama\u00e7\u00f4nica Juvenil, Grupo Promessas do Arco-\u00cdris (Ma\u00e7onaria Palmas) e Desbravadores da Igreja Adventista do S\u00e9timo Dia.<\/p>\n\n\n\n<p>Texto: Prefeitura de Palmas<\/p>\n","protected":false},"excerpt":{"rendered":"<p>Cerca de 200 alunos da rede municipal de ensino se apresentaram no desfile c\u00edvico em celebra\u00e7\u00e3o do Dia da Independ\u00eancia, realizado no final da tarde deste domingo, 7, nas imedia\u00e7\u00f5es da Pra\u00e7a dos Girass\u00f3is, no centro de Palmas. O evento, que contou com a participa\u00e7\u00e3o de aproximadamente 20 entidades, levou cores, m\u00fasica e anima\u00e7\u00e3o ao [&hellip;]<\/p>\n","protected":false},"author":13,"featured_media":86792,"comment_status":"open","ping_status":"open","sticky":false,"template":"","format":"standard","meta":{"_acf_changed":false,"footnotes":""},"categories":[22,898,21],"tags":[],"class_list":["post-86791","post","type-post","status-publish","format-standard","has-post-thumbnail","hentry","category-cidades","category-manchete-segundaria","category-todas-noticias"],"acf":[],"yoast_head":"<!-- This site is optimized with the Yoast SEO plugin v24.4 - https:\/\/yoast.com\/wordpress\/plugins\/seo\/ -->\n<title>Duzentos estudantes representam Palmas no Desfile C\u00edvico de 7 de Setembro - PORTAL DE NOT\u00cdCIAS CLEITON PINHEIRO<\/title>\n<meta name=\"robots\" content=\"index, follow, max-snippet:-1, max-image-preview:large, max-video-preview:-1\" \/>\n<link rel=\"canonical\" href=\"https:\/\/cleitonpinheiro.com.br\/site\/duzentos-estudantes-representam-palmas-no-desfile-civico-de-7-de-setembro\/\" \/>\n<meta property=\"og:locale\" content=\"pt_BR\" \/>\n<meta property=\"og:type\" content=\"article\" \/>\n<meta property=\"og:title\" content=\"Duzentos estudantes representam Palmas no Desfile C\u00edvico de 7 de Setembro - PORTAL DE NOT\u00cdCIAS CLEITON PINHEIRO\" \/>\n<meta property=\"og:description\" content=\"Cerca de 200 alunos da rede municipal de ensino se apresentaram no desfile c\u00edvico em celebra\u00e7\u00e3o do Dia da Independ\u00eancia, realizado no final da tarde deste domingo, 7, nas imedia\u00e7\u00f5es da Pra\u00e7a dos Girass\u00f3is, no centro de Palmas. O evento, que contou com a participa\u00e7\u00e3o de aproximadamente 20 entidades, levou cores, m\u00fasica e anima\u00e7\u00e3o ao [&hellip;]\" \/>\n<meta property=\"og:url\" content=\"https:\/\/cleitonpinheiro.com.br\/site\/duzentos-estudantes-representam-palmas-no-desfile-civico-de-7-de-setembro\/\" \/>\n<meta property=\"og:site_name\" content=\"PORTAL DE NOT\u00cdCIAS CLEITON PINHEIRO\" \/>\n<meta property=\"article:publisher\" content=\"https:\/\/www.facebook.com\/portalcpnoticias\/\" \/>\n<meta property=\"article:published_time\" content=\"2025-09-08T13:03:09+00:00\" \/>\n<meta property=\"article:modified_time\" content=\"2025-09-08T13:03:14+00:00\" \/>\n<meta property=\"og:image\" content=\"https:\/\/cleitonpinheiro.com.br\/site\/wp-content\/uploads\/2025\/09\/Raissa-Silva-Nunes-fez-uma-performance-artistica-solo-representando-o-girassol-\u2013-Foto-Lia-Mara.jpeg\" \/>\n\t<meta property=\"og:image:width\" content=\"1024\" \/>\n\t<meta property=\"og:image:height\" content=\"682\" \/>\n\t<meta property=\"og:image:type\" content=\"image\/jpeg\" \/>\n<meta name=\"author\" content=\"Reda\u00e7\u00e3o CP\" \/>\n<meta name=\"twitter:card\" content=\"summary_large_image\" \/>\n<meta name=\"twitter:label1\" content=\"Escrito por\" \/>\n\t<meta name=\"twitter:data1\" content=\"Reda\u00e7\u00e3o CP\" \/>\n\t<meta name=\"twitter:label2\" content=\"Est. tempo de leitura\" \/>\n\t<meta name=\"twitter:data2\" content=\"3 minutos\" \/>\n<script type=\"application\/ld+json\" class=\"yoast-schema-graph\">{\"@context\":\"https:\/\/schema.org\",\"@graph\":[{\"@type\":\"Article\",\"@id\":\"https:\/\/cleitonpinheiro.com.br\/site\/duzentos-estudantes-representam-palmas-no-desfile-civico-de-7-de-setembro\/#article\",\"isPartOf\":{\"@id\":\"https:\/\/cleitonpinheiro.com.br\/site\/duzentos-estudantes-representam-palmas-no-desfile-civico-de-7-de-setembro\/\"},\"author\":{\"name\":\"Reda\u00e7\u00e3o CP\",\"@id\":\"https:\/\/cleitonpinheiro.com.br\/site\/#\/schema\/person\/8f04544e0bc40a1b68775b08360f87db\"},\"headline\":\"Duzentos estudantes representam Palmas no Desfile C\u00edvico de 7 de Setembro\",\"datePublished\":\"2025-09-08T13:03:09+00:00\",\"dateModified\":\"2025-09-08T13:03:14+00:00\",\"mainEntityOfPage\":{\"@id\":\"https:\/\/cleitonpinheiro.com.br\/site\/duzentos-estudantes-representam-palmas-no-desfile-civico-de-7-de-setembro\/\"},\"wordCount\":406,\"commentCount\":0,\"publisher\":{\"@id\":\"https:\/\/cleitonpinheiro.com.br\/site\/#organization\"},\"image\":{\"@id\":\"https:\/\/cleitonpinheiro.com.br\/site\/duzentos-estudantes-representam-palmas-no-desfile-civico-de-7-de-setembro\/#primaryimage\"},\"thumbnailUrl\":\"https:\/\/cleitonpinheiro.com.br\/site\/wp-content\/uploads\/2025\/09\/Raissa-Silva-Nunes-fez-uma-performance-artistica-solo-representando-o-girassol-\u2013-Foto-Lia-Mara.jpeg\",\"articleSection\":[\"CIDADES\",\"MANCHETE SEGUND\u00c1RIA\",\"TODAS NOTICIAS\"],\"inLanguage\":\"pt-BR\",\"potentialAction\":[{\"@type\":\"CommentAction\",\"name\":\"Comment\",\"target\":[\"https:\/\/cleitonpinheiro.com.br\/site\/duzentos-estudantes-representam-palmas-no-desfile-civico-de-7-de-setembro\/#respond\"]}]},{\"@type\":\"WebPage\",\"@id\":\"https:\/\/cleitonpinheiro.com.br\/site\/duzentos-estudantes-representam-palmas-no-desfile-civico-de-7-de-setembro\/\",\"url\":\"https:\/\/cleitonpinheiro.com.br\/site\/duzentos-estudantes-representam-palmas-no-desfile-civico-de-7-de-setembro\/\",\"name\":\"Duzentos estudantes representam Palmas no Desfile C\u00edvico de 7 de Setembro - PORTAL DE NOT\u00cdCIAS CLEITON PINHEIRO\",\"isPartOf\":{\"@id\":\"https:\/\/cleitonpinheiro.com.br\/site\/#website\"},\"primaryImageOfPage\":{\"@id\":\"https:\/\/cleitonpinheiro.com.br\/site\/duzentos-estudantes-representam-palmas-no-desfile-civico-de-7-de-setembro\/#primaryimage\"},\"image\":{\"@id\":\"https:\/\/cleitonpinheiro.com.br\/site\/duzentos-estudantes-representam-palmas-no-desfile-civico-de-7-de-setembro\/#primaryimage\"},\"thumbnailUrl\":\"https:\/\/cleitonpinheiro.com.br\/site\/wp-content\/uploads\/2025\/09\/Raissa-Silva-Nunes-fez-uma-performance-artistica-solo-representando-o-girassol-\u2013-Foto-Lia-Mara.jpeg\",\"datePublished\":\"2025-09-08T13:03:09+00:00\",\"dateModified\":\"2025-09-08T13:03:14+00:00\",\"breadcrumb\":{\"@id\":\"https:\/\/cleitonpinheiro.com.br\/site\/duzentos-estudantes-representam-palmas-no-desfile-civico-de-7-de-setembro\/#breadcrumb\"},\"inLanguage\":\"pt-BR\",\"potentialAction\":[{\"@type\":\"ReadAction\",\"target\":[\"https:\/\/cleitonpinheiro.com.br\/site\/duzentos-estudantes-representam-palmas-no-desfile-civico-de-7-de-setembro\/\"]}]},{\"@type\":\"ImageObject\",\"inLanguage\":\"pt-BR\",\"@id\":\"https:\/\/cleitonpinheiro.com.br\/site\/duzentos-estudantes-representam-palmas-no-desfile-civico-de-7-de-setembro\/#primaryimage\",\"url\":\"https:\/\/cleitonpinheiro.com.br\/site\/wp-content\/uploads\/2025\/09\/Raissa-Silva-Nunes-fez-uma-performance-artistica-solo-representando-o-girassol-\u2013-Foto-Lia-Mara.jpeg\",\"contentUrl\":\"https:\/\/cleitonpinheiro.com.br\/site\/wp-content\/uploads\/2025\/09\/Raissa-Silva-Nunes-fez-uma-performance-artistica-solo-representando-o-girassol-\u2013-Foto-Lia-Mara.jpeg\",\"width\":1024,\"height\":682,\"caption\":\"Foto: Lia Mara\/Prefeitura de Palmas\"},{\"@type\":\"BreadcrumbList\",\"@id\":\"https:\/\/cleitonpinheiro.com.br\/site\/duzentos-estudantes-representam-palmas-no-desfile-civico-de-7-de-setembro\/#breadcrumb\",\"itemListElement\":[{\"@type\":\"ListItem\",\"position\":1,\"name\":\"In\u00edcio\",\"item\":\"https:\/\/cleitonpinheiro.com.br\/site\/\"},{\"@type\":\"ListItem\",\"position\":2,\"name\":\"Duzentos estudantes representam Palmas no Desfile C\u00edvico de 7 de Setembro\"}]},{\"@type\":\"WebSite\",\"@id\":\"https:\/\/cleitonpinheiro.com.br\/site\/#website\",\"url\":\"https:\/\/cleitonpinheiro.com.br\/site\/\",\"name\":\"PORTAL DE NOT\u00cdCIAS CLEITON PINHEIRO\",\"description\":\"FALANDO A VERDADE\",\"publisher\":{\"@id\":\"https:\/\/cleitonpinheiro.com.br\/site\/#organization\"},\"potentialAction\":[{\"@type\":\"SearchAction\",\"target\":{\"@type\":\"EntryPoint\",\"urlTemplate\":\"https:\/\/cleitonpinheiro.com.br\/site\/?s={search_term_string}\"},\"query-input\":{\"@type\":\"PropertyValueSpecification\",\"valueRequired\":true,\"valueName\":\"search_term_string\"}}],\"inLanguage\":\"pt-BR\"},{\"@type\":\"Organization\",\"@id\":\"https:\/\/cleitonpinheiro.com.br\/site\/#organization\",\"name\":\"CPNOT\u00cdCIAS\",\"url\":\"https:\/\/cleitonpinheiro.com.br\/site\/\",\"logo\":{\"@type\":\"ImageObject\",\"inLanguage\":\"pt-BR\",\"@id\":\"https:\/\/cleitonpinheiro.com.br\/site\/#\/schema\/logo\/image\/\",\"url\":\"https:\/\/cleitonpinheiro.com.br\/site\/wp-content\/uploads\/2022\/08\/Logo-pequena-2.png\",\"contentUrl\":\"https:\/\/cleitonpinheiro.com.br\/site\/wp-content\/uploads\/2022\/08\/Logo-pequena-2.png\",\"width\":500,\"height\":500,\"caption\":\"CPNOT\u00cdCIAS\"},\"image\":{\"@id\":\"https:\/\/cleitonpinheiro.com.br\/site\/#\/schema\/logo\/image\/\"},\"sameAs\":[\"https:\/\/www.facebook.com\/portalcpnoticias\/\"]},{\"@type\":\"Person\",\"@id\":\"https:\/\/cleitonpinheiro.com.br\/site\/#\/schema\/person\/8f04544e0bc40a1b68775b08360f87db\",\"name\":\"Reda\u00e7\u00e3o CP\",\"image\":{\"@type\":\"ImageObject\",\"inLanguage\":\"pt-BR\",\"@id\":\"https:\/\/cleitonpinheiro.com.br\/site\/#\/schema\/person\/image\/\",\"url\":\"https:\/\/secure.gravatar.com\/avatar\/0bcf19cb29fdc8fc588c490c7ae1b3e174dac268586a63fbe1d1893a0f9020cd?s=96&r=g\",\"contentUrl\":\"https:\/\/secure.gravatar.com\/avatar\/0bcf19cb29fdc8fc588c490c7ae1b3e174dac268586a63fbe1d1893a0f9020cd?s=96&r=g\",\"caption\":\"Reda\u00e7\u00e3o CP\"},\"url\":\"https:\/\/cleitonpinheiro.com.br\/site\/author\/redacao\/\"}]}<\/script>\n<!-- \/ Yoast SEO plugin. -->","yoast_head_json":{"title":"Duzentos estudantes representam Palmas no Desfile C\u00edvico de 7 de Setembro - PORTAL DE NOT\u00cdCIAS CLEITON PINHEIRO","robots":{"index":"index","follow":"follow","max-snippet":"max-snippet:-1","max-image-preview":"max-image-preview:large","max-video-preview":"max-video-preview:-1"},"canonical":"https:\/\/cleitonpinheiro.com.br\/site\/duzentos-estudantes-representam-palmas-no-desfile-civico-de-7-de-setembro\/","og_locale":"pt_BR","og_type":"article","og_title":"Duzentos estudantes representam Palmas no Desfile C\u00edvico de 7 de Setembro - PORTAL DE NOT\u00cdCIAS CLEITON PINHEIRO","og_description":"Cerca de 200 alunos da rede municipal de ensino se apresentaram no desfile c\u00edvico em celebra\u00e7\u00e3o do Dia da Independ\u00eancia, realizado no final da tarde deste domingo, 7, nas imedia\u00e7\u00f5es da Pra\u00e7a dos Girass\u00f3is, no centro de Palmas. O evento, que contou com a participa\u00e7\u00e3o de aproximadamente 20 entidades, levou cores, m\u00fasica e anima\u00e7\u00e3o ao [&hellip;]","og_url":"https:\/\/cleitonpinheiro.com.br\/site\/duzentos-estudantes-representam-palmas-no-desfile-civico-de-7-de-setembro\/","og_site_name":"PORTAL DE NOT\u00cdCIAS CLEITON PINHEIRO","article_publisher":"https:\/\/www.facebook.com\/portalcpnoticias\/","article_published_time":"2025-09-08T13:03:09+00:00","article_modified_time":"2025-09-08T13:03:14+00:00","og_image":[{"width":1024,"height":682,"url":"https:\/\/cleitonpinheiro.com.br\/site\/wp-content\/uploads\/2025\/09\/Raissa-Silva-Nunes-fez-uma-performance-artistica-solo-representando-o-girassol-\u2013-Foto-Lia-Mara.jpeg","type":"image\/jpeg"}],"author":"Reda\u00e7\u00e3o CP","twitter_card":"summary_large_image","twitter_misc":{"Escrito por":"Reda\u00e7\u00e3o CP","Est. tempo de leitura":"3 minutos"},"schema":{"@context":"https:\/\/schema.org","@graph":[{"@type":"Article","@id":"https:\/\/cleitonpinheiro.com.br\/site\/duzentos-estudantes-representam-palmas-no-desfile-civico-de-7-de-setembro\/#article","isPartOf":{"@id":"https:\/\/cleitonpinheiro.com.br\/site\/duzentos-estudantes-representam-palmas-no-desfile-civico-de-7-de-setembro\/"},"author":{"name":"Reda\u00e7\u00e3o CP","@id":"https:\/\/cleitonpinheiro.com.br\/site\/#\/schema\/person\/8f04544e0bc40a1b68775b08360f87db"},"headline":"Duzentos estudantes representam Palmas no Desfile C\u00edvico de 7 de Setembro","datePublished":"2025-09-08T13:03:09+00:00","dateModified":"2025-09-08T13:03:14+00:00","mainEntityOfPage":{"@id":"https:\/\/cleitonpinheiro.com.br\/site\/duzentos-estudantes-representam-palmas-no-desfile-civico-de-7-de-setembro\/"},"wordCount":406,"commentCount":0,"publisher":{"@id":"https:\/\/cleitonpinheiro.com.br\/site\/#organization"},"image":{"@id":"https:\/\/cleitonpinheiro.com.br\/site\/duzentos-estudantes-representam-palmas-no-desfile-civico-de-7-de-setembro\/#primaryimage"},"thumbnailUrl":"https:\/\/cleitonpinheiro.com.br\/site\/wp-content\/uploads\/2025\/09\/Raissa-Silva-Nunes-fez-uma-performance-artistica-solo-representando-o-girassol-\u2013-Foto-Lia-Mara.jpeg","articleSection":["CIDADES","MANCHETE SEGUND\u00c1RIA","TODAS NOTICIAS"],"inLanguage":"pt-BR","potentialAction":[{"@type":"CommentAction","name":"Comment","target":["https:\/\/cleitonpinheiro.com.br\/site\/duzentos-estudantes-representam-palmas-no-desfile-civico-de-7-de-setembro\/#respond"]}]},{"@type":"WebPage","@id":"https:\/\/cleitonpinheiro.com.br\/site\/duzentos-estudantes-representam-palmas-no-desfile-civico-de-7-de-setembro\/","url":"https:\/\/cleitonpinheiro.com.br\/site\/duzentos-estudantes-representam-palmas-no-desfile-civico-de-7-de-setembro\/","name":"Duzentos estudantes representam Palmas no Desfile C\u00edvico de 7 de Setembro - PORTAL DE NOT\u00cdCIAS CLEITON PINHEIRO","isPartOf":{"@id":"https:\/\/cleitonpinheiro.com.br\/site\/#website"},"primaryImageOfPage":{"@id":"https:\/\/cleitonpinheiro.com.br\/site\/duzentos-estudantes-representam-palmas-no-desfile-civico-de-7-de-setembro\/#primaryimage"},"image":{"@id":"https:\/\/cleitonpinheiro.com.br\/site\/duzentos-estudantes-representam-palmas-no-desfile-civico-de-7-de-setembro\/#primaryimage"},"thumbnailUrl":"https:\/\/cleitonpinheiro.com.br\/site\/wp-content\/uploads\/2025\/09\/Raissa-Silva-Nunes-fez-uma-performance-artistica-solo-representando-o-girassol-\u2013-Foto-Lia-Mara.jpeg","datePublished":"2025-09-08T13:03:09+00:00","dateModified":"2025-09-08T13:03:14+00:00","breadcrumb":{"@id":"https:\/\/cleitonpinheiro.com.br\/site\/duzentos-estudantes-representam-palmas-no-desfile-civico-de-7-de-setembro\/#breadcrumb"},"inLanguage":"pt-BR","potentialAction":[{"@type":"ReadAction","target":["https:\/\/cleitonpinheiro.com.br\/site\/duzentos-estudantes-representam-palmas-no-desfile-civico-de-7-de-setembro\/"]}]},{"@type":"ImageObject","inLanguage":"pt-BR","@id":"https:\/\/cleitonpinheiro.com.br\/site\/duzentos-estudantes-representam-palmas-no-desfile-civico-de-7-de-setembro\/#primaryimage","url":"https:\/\/cleitonpinheiro.com.br\/site\/wp-content\/uploads\/2025\/09\/Raissa-Silva-Nunes-fez-uma-performance-artistica-solo-representando-o-girassol-\u2013-Foto-Lia-Mara.jpeg","contentUrl":"https:\/\/cleitonpinheiro.com.br\/site\/wp-content\/uploads\/2025\/09\/Raissa-Silva-Nunes-fez-uma-performance-artistica-solo-representando-o-girassol-\u2013-Foto-Lia-Mara.jpeg","width":1024,"height":682,"caption":"Foto: Lia Mara\/Prefeitura de Palmas"},{"@type":"BreadcrumbList","@id":"https:\/\/cleitonpinheiro.com.br\/site\/duzentos-estudantes-representam-palmas-no-desfile-civico-de-7-de-setembro\/#breadcrumb","itemListElement":[{"@type":"ListItem","position":1,"name":"In\u00edcio","item":"https:\/\/cleitonpinheiro.com.br\/site\/"},{"@type":"ListItem","position":2,"name":"Duzentos estudantes representam Palmas no Desfile C\u00edvico de 7 de Setembro"}]},{"@type":"WebSite","@id":"https:\/\/cleitonpinheiro.com.br\/site\/#website","url":"https:\/\/cleitonpinheiro.com.br\/site\/","name":"PORTAL DE NOT\u00cdCIAS CLEITON PINHEIRO","description":"FALANDO A VERDADE","publisher":{"@id":"https:\/\/cleitonpinheiro.com.br\/site\/#organization"},"potentialAction":[{"@type":"SearchAction","target":{"@type":"EntryPoint","urlTemplate":"https:\/\/cleitonpinheiro.com.br\/site\/?s={search_term_string}"},"query-input":{"@type":"PropertyValueSpecification","valueRequired":true,"valueName":"search_term_string"}}],"inLanguage":"pt-BR"},{"@type":"Organization","@id":"https:\/\/cleitonpinheiro.com.br\/site\/#organization","name":"CPNOT\u00cdCIAS","url":"https:\/\/cleitonpinheiro.com.br\/site\/","logo":{"@type":"ImageObject","inLanguage":"pt-BR","@id":"https:\/\/cleitonpinheiro.com.br\/site\/#\/schema\/logo\/image\/","url":"https:\/\/cleitonpinheiro.com.br\/site\/wp-content\/uploads\/2022\/08\/Logo-pequena-2.png","contentUrl":"https:\/\/cleitonpinheiro.com.br\/site\/wp-content\/uploads\/2022\/08\/Logo-pequena-2.png","width":500,"height":500,"caption":"CPNOT\u00cdCIAS"},"image":{"@id":"https:\/\/cleitonpinheiro.com.br\/site\/#\/schema\/logo\/image\/"},"sameAs":["https:\/\/www.facebook.com\/portalcpnoticias\/"]},{"@type":"Person","@id":"https:\/\/cleitonpinheiro.com.br\/site\/#\/schema\/person\/8f04544e0bc40a1b68775b08360f87db","name":"Reda\u00e7\u00e3o CP","image":{"@type":"ImageObject","inLanguage":"pt-BR","@id":"https:\/\/cleitonpinheiro.com.br\/site\/#\/schema\/person\/image\/","url":"https:\/\/secure.gravatar.com\/avatar\/0bcf19cb29fdc8fc588c490c7ae1b3e174dac268586a63fbe1d1893a0f9020cd?s=96&r=g","contentUrl":"https:\/\/secure.gravatar.com\/avatar\/0bcf19cb29fdc8fc588c490c7ae1b3e174dac268586a63fbe1d1893a0f9020cd?s=96&r=g","caption":"Reda\u00e7\u00e3o CP"},"url":"https:\/\/cleitonpinheiro.com.br\/site\/author\/redacao\/"}]}},"views":105,"_links":{"self":[{"href":"https:\/\/cleitonpinheiro.com.br\/site\/wp-json\/wp\/v2\/posts\/86791","targetHints":{"allow":["GET"]}}],"collection":[{"href":"https:\/\/cleitonpinheiro.com.br\/site\/wp-json\/wp\/v2\/posts"}],"about":[{"href":"https:\/\/cleitonpinheiro.com.br\/site\/wp-json\/wp\/v2\/types\/post"}],"author":[{"embeddable":true,"href":"https:\/\/cleitonpinheiro.com.br\/site\/wp-json\/wp\/v2\/users\/13"}],"replies":[{"embeddable":true,"href":"https:\/\/cleitonpinheiro.com.br\/site\/wp-json\/wp\/v2\/comments?post=86791"}],"version-history":[{"count":1,"href":"https:\/\/cleitonpinheiro.com.br\/site\/wp-json\/wp\/v2\/posts\/86791\/revisions"}],"predecessor-version":[{"id":86793,"href":"https:\/\/cleitonpinheiro.com.br\/site\/wp-json\/wp\/v2\/posts\/86791\/revisions\/86793"}],"wp:featuredmedia":[{"embeddable":true,"href":"https:\/\/cleitonpinheiro.com.br\/site\/wp-json\/wp\/v2\/media\/86792"}],"wp:attachment":[{"href":"https:\/\/cleitonpinheiro.com.br\/site\/wp-json\/wp\/v2\/media?parent=86791"}],"wp:term":[{"taxonomy":"category","embeddable":true,"href":"https:\/\/cleitonpinheiro.com.br\/site\/wp-json\/wp\/v2\/categories?post=86791"},{"taxonomy":"post_tag","embeddable":true,"href":"https:\/\/cleitonpinheiro.com.br\/site\/wp-json\/wp\/v2\/tags?post=86791"}],"curies":[{"name":"wp","href":"https:\/\/api.w.org\/{rel}","templated":true}]}}