{"id":86794,"date":"2025-09-08T10:07:09","date_gmt":"2025-09-08T13:07:09","guid":{"rendered":"https:\/\/cleitonpinheiro.com.br\/site\/?p=86794"},"modified":"2025-09-08T10:07:13","modified_gmt":"2025-09-08T13:07:13","slug":"laurez-moreira-reforca-compromisso-com-o-desenvolvimento-do-to-no-desfile-de-7-de-setembro","status":"publish","type":"post","link":"https:\/\/cleitonpinheiro.com.br\/site\/laurez-moreira-reforca-compromisso-com-o-desenvolvimento-do-to-no-desfile-de-7-de-setembro\/","title":{"rendered":"Laurez Moreira refor\u00e7a compromisso com o desenvolvimento do TO no desfile de 7 de setembro"},"content":{"rendered":"\n<figure class=\"wp-block-image size-large\"><img fetchpriority=\"high\" decoding=\"async\" width=\"1024\" height=\"585\" src=\"https:\/\/cleitonpinheiro.com.br\/site\/wp-content\/uploads\/2025\/09\/F4-O-Gov-em-exercicio-do-TO-Laurez-Moreira-participou-do-Desfile-Civico-Militar-de-7-de-Setembro-Foto-Esequias-Araujo-GovTO-1024x585.jpg\" alt=\"\" class=\"wp-image-86795\" srcset=\"https:\/\/cleitonpinheiro.com.br\/site\/wp-content\/uploads\/2025\/09\/F4-O-Gov-em-exercicio-do-TO-Laurez-Moreira-participou-do-Desfile-Civico-Militar-de-7-de-Setembro-Foto-Esequias-Araujo-GovTO-1024x585.jpg 1024w, https:\/\/cleitonpinheiro.com.br\/site\/wp-content\/uploads\/2025\/09\/F4-O-Gov-em-exercicio-do-TO-Laurez-Moreira-participou-do-Desfile-Civico-Militar-de-7-de-Setembro-Foto-Esequias-Araujo-GovTO-300x171.jpg 300w, https:\/\/cleitonpinheiro.com.br\/site\/wp-content\/uploads\/2025\/09\/F4-O-Gov-em-exercicio-do-TO-Laurez-Moreira-participou-do-Desfile-Civico-Militar-de-7-de-Setembro-Foto-Esequias-Araujo-GovTO-768x439.jpg 768w, https:\/\/cleitonpinheiro.com.br\/site\/wp-content\/uploads\/2025\/09\/F4-O-Gov-em-exercicio-do-TO-Laurez-Moreira-participou-do-Desfile-Civico-Militar-de-7-de-Setembro-Foto-Esequias-Araujo-GovTO-1536x878.jpg 1536w, https:\/\/cleitonpinheiro.com.br\/site\/wp-content\/uploads\/2025\/09\/F4-O-Gov-em-exercicio-do-TO-Laurez-Moreira-participou-do-Desfile-Civico-Militar-de-7-de-Setembro-Foto-Esequias-Araujo-GovTO-2048x1170.jpg 2048w\" sizes=\"(max-width: 1024px) 100vw, 1024px\" \/><figcaption class=\"wp-element-caption\">Foto: Esequias Ara\u00fajo\/Governo do Tocantins<\/figcaption><\/figure>\n\n\n\n<p>O governador em exerc\u00edcio do Tocantins, Laurez Moreira, acompanhado de sua esposa, a desembargadora \u00c2ngela Maria Prudente, participou, nesse domingo, 7, do tradicional Desfile C\u00edvico-Militar em celebra\u00e7\u00e3o \u00e0 Independ\u00eancia do Brasil. O evento, realizado na ala sul da Pra\u00e7a dos Girass\u00f3is, em Palmas, reuniu mais de 10 mil pessoas, entre estudantes, militares, autoridades e comunidade em geral.<\/p>\n\n\n\n<p>Durante o evento, o chefe do Executivo estadual destacou a import\u00e2ncia da data para a reflex\u00e3o sobre a hist\u00f3ria e o futuro do pa\u00eds. \u201cEstamos comemorando 203 anos de independ\u00eancia, o que nos torna uma na\u00e7\u00e3o muito jovem. Temos muito a aprender com pa\u00edses mais experientes, mas eu acredito muito no povo brasileiro e no povo tocantinense. \u00c9 poss\u00edvel construir uma sociedade s\u00f3lida e moderna. Meu objetivo \u00e9 que o Tocantins seja uma refer\u00eancia para o Brasil\u201d, enfatizou.<\/p>\n\n\n\n<p>A secret\u00e1ria interina da Educa\u00e7\u00e3o, Markes Cristina Oliveira dos Santos, ressaltou o papel das escolas no desfile. \u201cO Desfile C\u00edvico-Militar de 7 de setembro \u00e9 a consolida\u00e7\u00e3o de tudo que vem sendo realizado nas escolas. Todo o trabalho do Profe [Programa de Fortalecimento da Educa\u00e7\u00e3o] \u00e9 apresentado aqui de forma muito representativa. Essa data simboliza a autonomia e a liberdade de um povo, e o trabalho desenvolvido ao longo do ano enaltece isso, fortalece o acolhimento e a autonomia escolar\u201d, pontuou.&nbsp;<\/p>\n\n\n\n<p><strong>Desfile<\/strong><\/p>\n\n\n\n<p>Antes do in\u00edcio do desfile, foi executada a revista \u00e0s tropas com o governador em exerc\u00edcio do Tocantins, Laurez Moreira, desfilando em carro aberto. O ato contou&nbsp; com a participa\u00e7\u00e3o de representantes da Marinha, do Ex\u00e9rcito, da Aeron\u00e1utica e da Pol\u00edcia Militar.&nbsp;<\/p>\n\n\n\n<p>Com o tema <em>Educa\u00e7\u00e3o que transforma o Brasil<\/em>, as escolas estaduais apresentaram no desfile os oito eixos do Programa de Fortalecimento da Educa\u00e7\u00e3o (Profe). As fanfarras e os pelot\u00f5es de oito unidades escolares destacaram a\u00e7\u00f5es do Governo do Tocantins para a educa\u00e7\u00e3o, como inclus\u00e3o, aprendizagem, educa\u00e7\u00e3o tecnol\u00f3gica e inovadora, desporto e cultura, forma\u00e7\u00e3o e valoriza\u00e7\u00e3o dos profissionais da educa\u00e7\u00e3o, melhoria da infraestrutura das escolas, al\u00e9m da implanta\u00e7\u00e3o do Profe nos munic\u00edpios.<\/p>\n\n\n\n<p>O diretor da Escola Professora Eliz\u00e2ngela Gl\u00f3ria Cardoso, Jos\u00e9 Ant\u00f4nio Aguiar Gama, refor\u00e7ou a relev\u00e2ncia do evento para a comunidade escolar. \u201cEssa data \u00e9 de extrema import\u00e2ncia para n\u00f3s, da escola, em levar nossos estudantes aqui para a avenida e despertar esse esp\u00edrito de civismo, de autoestima, de participa\u00e7\u00e3o social na comunidade. Ent\u00e3o, pra n\u00f3s, enquanto escola, \u00e9 uma oportunidade incr\u00edvel\u201d, salientou.&nbsp;<\/p>\n\n\n\n<p>A estudante Ana Julya Rocha enfatizou o significado do desfile para os estudantes e para a comunidade. \u201cEsse desfile \u00e9 muito importante para o nosso estado. Ver todas as escolas aqui, juntas, para fazer esse desfile, todo mundo muito empenhado, mostra como n\u00f3s valorizamos o 7 de setembro\u201d, evidenciou.&nbsp;<\/p>\n\n\n\n<p>&#8220;\u00c9 muito legal fazer isso, porque aprendemos, nos divertimos e aproveitamos bastante. Ensaiamos todos os dias, para que tudo ficasse bem organizado e bonito\u201d, declarou a aluna Weslainy Vieira.<\/p>\n\n\n\n<p>A programa\u00e7\u00e3o tamb\u00e9m contou com a participa\u00e7\u00e3o da Pol\u00edcia Militar do Tocantins (PMTO), do Corpo de Bombeiros Militar do Tocantins (CBMTO), da Secretaria de Estado da Seguran\u00e7a P\u00fablica (SSP\/TO), da Pol\u00edcia Rodovi\u00e1ria Federal (PRF), da Guarda Metropolitana de Palmas (GMP) e da Pol\u00edcia Penal, que desfilaram com equipamentos e ve\u00edculos modernos, refor\u00e7ando o compromisso dessas institui\u00e7\u00f5es com a seguran\u00e7a e o bem-estar da popula\u00e7\u00e3o tocantinense.<\/p>\n","protected":false},"excerpt":{"rendered":"<p>O governador em exerc\u00edcio do Tocantins, Laurez Moreira, acompanhado de sua esposa, a desembargadora \u00c2ngela Maria Prudente, participou, nesse domingo, 7, do tradicional Desfile C\u00edvico-Militar em celebra\u00e7\u00e3o \u00e0 Independ\u00eancia do Brasil. O evento, realizado na ala sul da Pra\u00e7a dos Girass\u00f3is, em Palmas, reuniu mais de 10 mil pessoas, entre estudantes, militares, autoridades e comunidade [&hellip;]<\/p>\n","protected":false},"author":13,"featured_media":86795,"comment_status":"open","ping_status":"open","sticky":false,"template":"","format":"standard","meta":{"_acf_changed":false,"footnotes":""},"categories":[898,23,21],"tags":[],"class_list":["post-86794","post","type-post","status-publish","format-standard","has-post-thumbnail","hentry","category-manchete-segundaria","category-politica","category-todas-noticias"],"acf":[],"yoast_head":"<!-- This site is optimized with the Yoast SEO plugin v24.4 - https:\/\/yoast.com\/wordpress\/plugins\/seo\/ -->\n<title>Laurez Moreira refor\u00e7a compromisso com o desenvolvimento do TO no desfile de 7 de setembro - PORTAL DE NOT\u00cdCIAS CLEITON PINHEIRO<\/title>\n<meta name=\"robots\" content=\"index, follow, max-snippet:-1, max-image-preview:large, max-video-preview:-1\" \/>\n<link rel=\"canonical\" href=\"https:\/\/cleitonpinheiro.com.br\/site\/laurez-moreira-reforca-compromisso-com-o-desenvolvimento-do-to-no-desfile-de-7-de-setembro\/\" \/>\n<meta property=\"og:locale\" content=\"pt_BR\" \/>\n<meta property=\"og:type\" content=\"article\" \/>\n<meta property=\"og:title\" content=\"Laurez Moreira refor\u00e7a compromisso com o desenvolvimento do TO no desfile de 7 de setembro - PORTAL DE NOT\u00cdCIAS CLEITON PINHEIRO\" \/>\n<meta property=\"og:description\" content=\"O governador em exerc\u00edcio do Tocantins, Laurez Moreira, acompanhado de sua esposa, a desembargadora \u00c2ngela Maria Prudente, participou, nesse domingo, 7, do tradicional Desfile C\u00edvico-Militar em celebra\u00e7\u00e3o \u00e0 Independ\u00eancia do Brasil. O evento, realizado na ala sul da Pra\u00e7a dos Girass\u00f3is, em Palmas, reuniu mais de 10 mil pessoas, entre estudantes, militares, autoridades e comunidade [&hellip;]\" \/>\n<meta property=\"og:url\" content=\"https:\/\/cleitonpinheiro.com.br\/site\/laurez-moreira-reforca-compromisso-com-o-desenvolvimento-do-to-no-desfile-de-7-de-setembro\/\" \/>\n<meta property=\"og:site_name\" content=\"PORTAL DE NOT\u00cdCIAS CLEITON PINHEIRO\" \/>\n<meta property=\"article:publisher\" content=\"https:\/\/www.facebook.com\/portalcpnoticias\/\" \/>\n<meta property=\"article:published_time\" content=\"2025-09-08T13:07:09+00:00\" \/>\n<meta property=\"article:modified_time\" content=\"2025-09-08T13:07:13+00:00\" \/>\n<meta property=\"og:image\" content=\"https:\/\/cleitonpinheiro.com.br\/site\/wp-content\/uploads\/2025\/09\/F4-O-Gov-em-exercicio-do-TO-Laurez-Moreira-participou-do-Desfile-Civico-Militar-de-7-de-Setembro-Foto-Esequias-Araujo-GovTO-scaled.jpg\" \/>\n\t<meta property=\"og:image:width\" content=\"2560\" \/>\n\t<meta property=\"og:image:height\" content=\"1463\" \/>\n\t<meta property=\"og:image:type\" content=\"image\/jpeg\" \/>\n<meta name=\"author\" content=\"Reda\u00e7\u00e3o CP\" \/>\n<meta name=\"twitter:card\" content=\"summary_large_image\" \/>\n<meta name=\"twitter:label1\" content=\"Escrito por\" \/>\n\t<meta name=\"twitter:data1\" content=\"Reda\u00e7\u00e3o CP\" \/>\n\t<meta name=\"twitter:label2\" content=\"Est. tempo de leitura\" \/>\n\t<meta name=\"twitter:data2\" content=\"4 minutos\" \/>\n<script type=\"application\/ld+json\" class=\"yoast-schema-graph\">{\"@context\":\"https:\/\/schema.org\",\"@graph\":[{\"@type\":\"Article\",\"@id\":\"https:\/\/cleitonpinheiro.com.br\/site\/laurez-moreira-reforca-compromisso-com-o-desenvolvimento-do-to-no-desfile-de-7-de-setembro\/#article\",\"isPartOf\":{\"@id\":\"https:\/\/cleitonpinheiro.com.br\/site\/laurez-moreira-reforca-compromisso-com-o-desenvolvimento-do-to-no-desfile-de-7-de-setembro\/\"},\"author\":{\"name\":\"Reda\u00e7\u00e3o CP\",\"@id\":\"https:\/\/cleitonpinheiro.com.br\/site\/#\/schema\/person\/8f04544e0bc40a1b68775b08360f87db\"},\"headline\":\"Laurez Moreira refor\u00e7a compromisso com o desenvolvimento do TO no desfile de 7 de setembro\",\"datePublished\":\"2025-09-08T13:07:09+00:00\",\"dateModified\":\"2025-09-08T13:07:13+00:00\",\"mainEntityOfPage\":{\"@id\":\"https:\/\/cleitonpinheiro.com.br\/site\/laurez-moreira-reforca-compromisso-com-o-desenvolvimento-do-to-no-desfile-de-7-de-setembro\/\"},\"wordCount\":617,\"commentCount\":0,\"publisher\":{\"@id\":\"https:\/\/cleitonpinheiro.com.br\/site\/#organization\"},\"image\":{\"@id\":\"https:\/\/cleitonpinheiro.com.br\/site\/laurez-moreira-reforca-compromisso-com-o-desenvolvimento-do-to-no-desfile-de-7-de-setembro\/#primaryimage\"},\"thumbnailUrl\":\"https:\/\/cleitonpinheiro.com.br\/site\/wp-content\/uploads\/2025\/09\/F4-O-Gov-em-exercicio-do-TO-Laurez-Moreira-participou-do-Desfile-Civico-Militar-de-7-de-Setembro-Foto-Esequias-Araujo-GovTO-scaled.jpg\",\"articleSection\":[\"MANCHETE SEGUND\u00c1RIA\",\"POL\u00cdTICA\",\"TODAS NOTICIAS\"],\"inLanguage\":\"pt-BR\",\"potentialAction\":[{\"@type\":\"CommentAction\",\"name\":\"Comment\",\"target\":[\"https:\/\/cleitonpinheiro.com.br\/site\/laurez-moreira-reforca-compromisso-com-o-desenvolvimento-do-to-no-desfile-de-7-de-setembro\/#respond\"]}]},{\"@type\":\"WebPage\",\"@id\":\"https:\/\/cleitonpinheiro.com.br\/site\/laurez-moreira-reforca-compromisso-com-o-desenvolvimento-do-to-no-desfile-de-7-de-setembro\/\",\"url\":\"https:\/\/cleitonpinheiro.com.br\/site\/laurez-moreira-reforca-compromisso-com-o-desenvolvimento-do-to-no-desfile-de-7-de-setembro\/\",\"name\":\"Laurez Moreira refor\u00e7a compromisso com o desenvolvimento do TO no desfile de 7 de setembro - PORTAL DE NOT\u00cdCIAS CLEITON PINHEIRO\",\"isPartOf\":{\"@id\":\"https:\/\/cleitonpinheiro.com.br\/site\/#website\"},\"primaryImageOfPage\":{\"@id\":\"https:\/\/cleitonpinheiro.com.br\/site\/laurez-moreira-reforca-compromisso-com-o-desenvolvimento-do-to-no-desfile-de-7-de-setembro\/#primaryimage\"},\"image\":{\"@id\":\"https:\/\/cleitonpinheiro.com.br\/site\/laurez-moreira-reforca-compromisso-com-o-desenvolvimento-do-to-no-desfile-de-7-de-setembro\/#primaryimage\"},\"thumbnailUrl\":\"https:\/\/cleitonpinheiro.com.br\/site\/wp-content\/uploads\/2025\/09\/F4-O-Gov-em-exercicio-do-TO-Laurez-Moreira-participou-do-Desfile-Civico-Militar-de-7-de-Setembro-Foto-Esequias-Araujo-GovTO-scaled.jpg\",\"datePublished\":\"2025-09-08T13:07:09+00:00\",\"dateModified\":\"2025-09-08T13:07:13+00:00\",\"breadcrumb\":{\"@id\":\"https:\/\/cleitonpinheiro.com.br\/site\/laurez-moreira-reforca-compromisso-com-o-desenvolvimento-do-to-no-desfile-de-7-de-setembro\/#breadcrumb\"},\"inLanguage\":\"pt-BR\",\"potentialAction\":[{\"@type\":\"ReadAction\",\"target\":[\"https:\/\/cleitonpinheiro.com.br\/site\/laurez-moreira-reforca-compromisso-com-o-desenvolvimento-do-to-no-desfile-de-7-de-setembro\/\"]}]},{\"@type\":\"ImageObject\",\"inLanguage\":\"pt-BR\",\"@id\":\"https:\/\/cleitonpinheiro.com.br\/site\/laurez-moreira-reforca-compromisso-com-o-desenvolvimento-do-to-no-desfile-de-7-de-setembro\/#primaryimage\",\"url\":\"https:\/\/cleitonpinheiro.com.br\/site\/wp-content\/uploads\/2025\/09\/F4-O-Gov-em-exercicio-do-TO-Laurez-Moreira-participou-do-Desfile-Civico-Militar-de-7-de-Setembro-Foto-Esequias-Araujo-GovTO-scaled.jpg\",\"contentUrl\":\"https:\/\/cleitonpinheiro.com.br\/site\/wp-content\/uploads\/2025\/09\/F4-O-Gov-em-exercicio-do-TO-Laurez-Moreira-participou-do-Desfile-Civico-Militar-de-7-de-Setembro-Foto-Esequias-Araujo-GovTO-scaled.jpg\",\"width\":2560,\"height\":1463,\"caption\":\"Foto: Esequias Ara\u00fajo\/Governo do Tocantins\"},{\"@type\":\"BreadcrumbList\",\"@id\":\"https:\/\/cleitonpinheiro.com.br\/site\/laurez-moreira-reforca-compromisso-com-o-desenvolvimento-do-to-no-desfile-de-7-de-setembro\/#breadcrumb\",\"itemListElement\":[{\"@type\":\"ListItem\",\"position\":1,\"name\":\"In\u00edcio\",\"item\":\"https:\/\/cleitonpinheiro.com.br\/site\/\"},{\"@type\":\"ListItem\",\"position\":2,\"name\":\"Laurez Moreira refor\u00e7a compromisso com o desenvolvimento do TO no desfile de 7 de setembro\"}]},{\"@type\":\"WebSite\",\"@id\":\"https:\/\/cleitonpinheiro.com.br\/site\/#website\",\"url\":\"https:\/\/cleitonpinheiro.com.br\/site\/\",\"name\":\"PORTAL DE NOT\u00cdCIAS CLEITON PINHEIRO\",\"description\":\"FALANDO A VERDADE\",\"publisher\":{\"@id\":\"https:\/\/cleitonpinheiro.com.br\/site\/#organization\"},\"potentialAction\":[{\"@type\":\"SearchAction\",\"target\":{\"@type\":\"EntryPoint\",\"urlTemplate\":\"https:\/\/cleitonpinheiro.com.br\/site\/?s={search_term_string}\"},\"query-input\":{\"@type\":\"PropertyValueSpecification\",\"valueRequired\":true,\"valueName\":\"search_term_string\"}}],\"inLanguage\":\"pt-BR\"},{\"@type\":\"Organization\",\"@id\":\"https:\/\/cleitonpinheiro.com.br\/site\/#organization\",\"name\":\"CPNOT\u00cdCIAS\",\"url\":\"https:\/\/cleitonpinheiro.com.br\/site\/\",\"logo\":{\"@type\":\"ImageObject\",\"inLanguage\":\"pt-BR\",\"@id\":\"https:\/\/cleitonpinheiro.com.br\/site\/#\/schema\/logo\/image\/\",\"url\":\"https:\/\/cleitonpinheiro.com.br\/site\/wp-content\/uploads\/2022\/08\/Logo-pequena-2.png\",\"contentUrl\":\"https:\/\/cleitonpinheiro.com.br\/site\/wp-content\/uploads\/2022\/08\/Logo-pequena-2.png\",\"width\":500,\"height\":500,\"caption\":\"CPNOT\u00cdCIAS\"},\"image\":{\"@id\":\"https:\/\/cleitonpinheiro.com.br\/site\/#\/schema\/logo\/image\/\"},\"sameAs\":[\"https:\/\/www.facebook.com\/portalcpnoticias\/\"]},{\"@type\":\"Person\",\"@id\":\"https:\/\/cleitonpinheiro.com.br\/site\/#\/schema\/person\/8f04544e0bc40a1b68775b08360f87db\",\"name\":\"Reda\u00e7\u00e3o CP\",\"image\":{\"@type\":\"ImageObject\",\"inLanguage\":\"pt-BR\",\"@id\":\"https:\/\/cleitonpinheiro.com.br\/site\/#\/schema\/person\/image\/\",\"url\":\"https:\/\/secure.gravatar.com\/avatar\/0bcf19cb29fdc8fc588c490c7ae1b3e174dac268586a63fbe1d1893a0f9020cd?s=96&r=g\",\"contentUrl\":\"https:\/\/secure.gravatar.com\/avatar\/0bcf19cb29fdc8fc588c490c7ae1b3e174dac268586a63fbe1d1893a0f9020cd?s=96&r=g\",\"caption\":\"Reda\u00e7\u00e3o CP\"},\"url\":\"https:\/\/cleitonpinheiro.com.br\/site\/author\/redacao\/\"}]}<\/script>\n<!-- \/ Yoast SEO plugin. -->","yoast_head_json":{"title":"Laurez Moreira refor\u00e7a compromisso com o desenvolvimento do TO no desfile de 7 de setembro - PORTAL DE NOT\u00cdCIAS CLEITON PINHEIRO","robots":{"index":"index","follow":"follow","max-snippet":"max-snippet:-1","max-image-preview":"max-image-preview:large","max-video-preview":"max-video-preview:-1"},"canonical":"https:\/\/cleitonpinheiro.com.br\/site\/laurez-moreira-reforca-compromisso-com-o-desenvolvimento-do-to-no-desfile-de-7-de-setembro\/","og_locale":"pt_BR","og_type":"article","og_title":"Laurez Moreira refor\u00e7a compromisso com o desenvolvimento do TO no desfile de 7 de setembro - PORTAL DE NOT\u00cdCIAS CLEITON PINHEIRO","og_description":"O governador em exerc\u00edcio do Tocantins, Laurez Moreira, acompanhado de sua esposa, a desembargadora \u00c2ngela Maria Prudente, participou, nesse domingo, 7, do tradicional Desfile C\u00edvico-Militar em celebra\u00e7\u00e3o \u00e0 Independ\u00eancia do Brasil. O evento, realizado na ala sul da Pra\u00e7a dos Girass\u00f3is, em Palmas, reuniu mais de 10 mil pessoas, entre estudantes, militares, autoridades e comunidade [&hellip;]","og_url":"https:\/\/cleitonpinheiro.com.br\/site\/laurez-moreira-reforca-compromisso-com-o-desenvolvimento-do-to-no-desfile-de-7-de-setembro\/","og_site_name":"PORTAL DE NOT\u00cdCIAS CLEITON PINHEIRO","article_publisher":"https:\/\/www.facebook.com\/portalcpnoticias\/","article_published_time":"2025-09-08T13:07:09+00:00","article_modified_time":"2025-09-08T13:07:13+00:00","og_image":[{"width":2560,"height":1463,"url":"https:\/\/cleitonpinheiro.com.br\/site\/wp-content\/uploads\/2025\/09\/F4-O-Gov-em-exercicio-do-TO-Laurez-Moreira-participou-do-Desfile-Civico-Militar-de-7-de-Setembro-Foto-Esequias-Araujo-GovTO-scaled.jpg","type":"image\/jpeg"}],"author":"Reda\u00e7\u00e3o CP","twitter_card":"summary_large_image","twitter_misc":{"Escrito por":"Reda\u00e7\u00e3o CP","Est. tempo de leitura":"4 minutos"},"schema":{"@context":"https:\/\/schema.org","@graph":[{"@type":"Article","@id":"https:\/\/cleitonpinheiro.com.br\/site\/laurez-moreira-reforca-compromisso-com-o-desenvolvimento-do-to-no-desfile-de-7-de-setembro\/#article","isPartOf":{"@id":"https:\/\/cleitonpinheiro.com.br\/site\/laurez-moreira-reforca-compromisso-com-o-desenvolvimento-do-to-no-desfile-de-7-de-setembro\/"},"author":{"name":"Reda\u00e7\u00e3o CP","@id":"https:\/\/cleitonpinheiro.com.br\/site\/#\/schema\/person\/8f04544e0bc40a1b68775b08360f87db"},"headline":"Laurez Moreira refor\u00e7a compromisso com o desenvolvimento do TO no desfile de 7 de setembro","datePublished":"2025-09-08T13:07:09+00:00","dateModified":"2025-09-08T13:07:13+00:00","mainEntityOfPage":{"@id":"https:\/\/cleitonpinheiro.com.br\/site\/laurez-moreira-reforca-compromisso-com-o-desenvolvimento-do-to-no-desfile-de-7-de-setembro\/"},"wordCount":617,"commentCount":0,"publisher":{"@id":"https:\/\/cleitonpinheiro.com.br\/site\/#organization"},"image":{"@id":"https:\/\/cleitonpinheiro.com.br\/site\/laurez-moreira-reforca-compromisso-com-o-desenvolvimento-do-to-no-desfile-de-7-de-setembro\/#primaryimage"},"thumbnailUrl":"https:\/\/cleitonpinheiro.com.br\/site\/wp-content\/uploads\/2025\/09\/F4-O-Gov-em-exercicio-do-TO-Laurez-Moreira-participou-do-Desfile-Civico-Militar-de-7-de-Setembro-Foto-Esequias-Araujo-GovTO-scaled.jpg","articleSection":["MANCHETE SEGUND\u00c1RIA","POL\u00cdTICA","TODAS NOTICIAS"],"inLanguage":"pt-BR","potentialAction":[{"@type":"CommentAction","name":"Comment","target":["https:\/\/cleitonpinheiro.com.br\/site\/laurez-moreira-reforca-compromisso-com-o-desenvolvimento-do-to-no-desfile-de-7-de-setembro\/#respond"]}]},{"@type":"WebPage","@id":"https:\/\/cleitonpinheiro.com.br\/site\/laurez-moreira-reforca-compromisso-com-o-desenvolvimento-do-to-no-desfile-de-7-de-setembro\/","url":"https:\/\/cleitonpinheiro.com.br\/site\/laurez-moreira-reforca-compromisso-com-o-desenvolvimento-do-to-no-desfile-de-7-de-setembro\/","name":"Laurez Moreira refor\u00e7a compromisso com o desenvolvimento do TO no desfile de 7 de setembro - PORTAL DE NOT\u00cdCIAS CLEITON PINHEIRO","isPartOf":{"@id":"https:\/\/cleitonpinheiro.com.br\/site\/#website"},"primaryImageOfPage":{"@id":"https:\/\/cleitonpinheiro.com.br\/site\/laurez-moreira-reforca-compromisso-com-o-desenvolvimento-do-to-no-desfile-de-7-de-setembro\/#primaryimage"},"image":{"@id":"https:\/\/cleitonpinheiro.com.br\/site\/laurez-moreira-reforca-compromisso-com-o-desenvolvimento-do-to-no-desfile-de-7-de-setembro\/#primaryimage"},"thumbnailUrl":"https:\/\/cleitonpinheiro.com.br\/site\/wp-content\/uploads\/2025\/09\/F4-O-Gov-em-exercicio-do-TO-Laurez-Moreira-participou-do-Desfile-Civico-Militar-de-7-de-Setembro-Foto-Esequias-Araujo-GovTO-scaled.jpg","datePublished":"2025-09-08T13:07:09+00:00","dateModified":"2025-09-08T13:07:13+00:00","breadcrumb":{"@id":"https:\/\/cleitonpinheiro.com.br\/site\/laurez-moreira-reforca-compromisso-com-o-desenvolvimento-do-to-no-desfile-de-7-de-setembro\/#breadcrumb"},"inLanguage":"pt-BR","potentialAction":[{"@type":"ReadAction","target":["https:\/\/cleitonpinheiro.com.br\/site\/laurez-moreira-reforca-compromisso-com-o-desenvolvimento-do-to-no-desfile-de-7-de-setembro\/"]}]},{"@type":"ImageObject","inLanguage":"pt-BR","@id":"https:\/\/cleitonpinheiro.com.br\/site\/laurez-moreira-reforca-compromisso-com-o-desenvolvimento-do-to-no-desfile-de-7-de-setembro\/#primaryimage","url":"https:\/\/cleitonpinheiro.com.br\/site\/wp-content\/uploads\/2025\/09\/F4-O-Gov-em-exercicio-do-TO-Laurez-Moreira-participou-do-Desfile-Civico-Militar-de-7-de-Setembro-Foto-Esequias-Araujo-GovTO-scaled.jpg","contentUrl":"https:\/\/cleitonpinheiro.com.br\/site\/wp-content\/uploads\/2025\/09\/F4-O-Gov-em-exercicio-do-TO-Laurez-Moreira-participou-do-Desfile-Civico-Militar-de-7-de-Setembro-Foto-Esequias-Araujo-GovTO-scaled.jpg","width":2560,"height":1463,"caption":"Foto: Esequias Ara\u00fajo\/Governo do Tocantins"},{"@type":"BreadcrumbList","@id":"https:\/\/cleitonpinheiro.com.br\/site\/laurez-moreira-reforca-compromisso-com-o-desenvolvimento-do-to-no-desfile-de-7-de-setembro\/#breadcrumb","itemListElement":[{"@type":"ListItem","position":1,"name":"In\u00edcio","item":"https:\/\/cleitonpinheiro.com.br\/site\/"},{"@type":"ListItem","position":2,"name":"Laurez Moreira refor\u00e7a compromisso com o desenvolvimento do TO no desfile de 7 de setembro"}]},{"@type":"WebSite","@id":"https:\/\/cleitonpinheiro.com.br\/site\/#website","url":"https:\/\/cleitonpinheiro.com.br\/site\/","name":"PORTAL DE NOT\u00cdCIAS CLEITON PINHEIRO","description":"FALANDO A VERDADE","publisher":{"@id":"https:\/\/cleitonpinheiro.com.br\/site\/#organization"},"potentialAction":[{"@type":"SearchAction","target":{"@type":"EntryPoint","urlTemplate":"https:\/\/cleitonpinheiro.com.br\/site\/?s={search_term_string}"},"query-input":{"@type":"PropertyValueSpecification","valueRequired":true,"valueName":"search_term_string"}}],"inLanguage":"pt-BR"},{"@type":"Organization","@id":"https:\/\/cleitonpinheiro.com.br\/site\/#organization","name":"CPNOT\u00cdCIAS","url":"https:\/\/cleitonpinheiro.com.br\/site\/","logo":{"@type":"ImageObject","inLanguage":"pt-BR","@id":"https:\/\/cleitonpinheiro.com.br\/site\/#\/schema\/logo\/image\/","url":"https:\/\/cleitonpinheiro.com.br\/site\/wp-content\/uploads\/2022\/08\/Logo-pequena-2.png","contentUrl":"https:\/\/cleitonpinheiro.com.br\/site\/wp-content\/uploads\/2022\/08\/Logo-pequena-2.png","width":500,"height":500,"caption":"CPNOT\u00cdCIAS"},"image":{"@id":"https:\/\/cleitonpinheiro.com.br\/site\/#\/schema\/logo\/image\/"},"sameAs":["https:\/\/www.facebook.com\/portalcpnoticias\/"]},{"@type":"Person","@id":"https:\/\/cleitonpinheiro.com.br\/site\/#\/schema\/person\/8f04544e0bc40a1b68775b08360f87db","name":"Reda\u00e7\u00e3o CP","image":{"@type":"ImageObject","inLanguage":"pt-BR","@id":"https:\/\/cleitonpinheiro.com.br\/site\/#\/schema\/person\/image\/","url":"https:\/\/secure.gravatar.com\/avatar\/0bcf19cb29fdc8fc588c490c7ae1b3e174dac268586a63fbe1d1893a0f9020cd?s=96&r=g","contentUrl":"https:\/\/secure.gravatar.com\/avatar\/0bcf19cb29fdc8fc588c490c7ae1b3e174dac268586a63fbe1d1893a0f9020cd?s=96&r=g","caption":"Reda\u00e7\u00e3o CP"},"url":"https:\/\/cleitonpinheiro.com.br\/site\/author\/redacao\/"}]}},"views":154,"_links":{"self":[{"href":"https:\/\/cleitonpinheiro.com.br\/site\/wp-json\/wp\/v2\/posts\/86794","targetHints":{"allow":["GET"]}}],"collection":[{"href":"https:\/\/cleitonpinheiro.com.br\/site\/wp-json\/wp\/v2\/posts"}],"about":[{"href":"https:\/\/cleitonpinheiro.com.br\/site\/wp-json\/wp\/v2\/types\/post"}],"author":[{"embeddable":true,"href":"https:\/\/cleitonpinheiro.com.br\/site\/wp-json\/wp\/v2\/users\/13"}],"replies":[{"embeddable":true,"href":"https:\/\/cleitonpinheiro.com.br\/site\/wp-json\/wp\/v2\/comments?post=86794"}],"version-history":[{"count":1,"href":"https:\/\/cleitonpinheiro.com.br\/site\/wp-json\/wp\/v2\/posts\/86794\/revisions"}],"predecessor-version":[{"id":86796,"href":"https:\/\/cleitonpinheiro.com.br\/site\/wp-json\/wp\/v2\/posts\/86794\/revisions\/86796"}],"wp:featuredmedia":[{"embeddable":true,"href":"https:\/\/cleitonpinheiro.com.br\/site\/wp-json\/wp\/v2\/media\/86795"}],"wp:attachment":[{"href":"https:\/\/cleitonpinheiro.com.br\/site\/wp-json\/wp\/v2\/media?parent=86794"}],"wp:term":[{"taxonomy":"category","embeddable":true,"href":"https:\/\/cleitonpinheiro.com.br\/site\/wp-json\/wp\/v2\/categories?post=86794"},{"taxonomy":"post_tag","embeddable":true,"href":"https:\/\/cleitonpinheiro.com.br\/site\/wp-json\/wp\/v2\/tags?post=86794"}],"curies":[{"name":"wp","href":"https:\/\/api.w.org\/{rel}","templated":true}]}}