{"id":86800,"date":"2025-09-08T10:40:43","date_gmt":"2025-09-08T13:40:43","guid":{"rendered":"https:\/\/cleitonpinheiro.com.br\/site\/?p=86800"},"modified":"2025-09-12T14:56:29","modified_gmt":"2025-09-12T17:56:29","slug":"entenda-os-proximos-passos-do-julgamento-de-bolsonaro-no-stf","status":"publish","type":"post","link":"https:\/\/cleitonpinheiro.com.br\/site\/entenda-os-proximos-passos-do-julgamento-de-bolsonaro-no-stf\/","title":{"rendered":"Entenda os pr\u00f3ximos passos do julgamento de Bolsonaro no STF"},"content":{"rendered":"\n<figure class=\"wp-block-image size-large\"><img fetchpriority=\"high\" decoding=\"async\" width=\"1024\" height=\"613\" src=\"https:\/\/cleitonpinheiro.com.br\/site\/wp-content\/uploads\/2025\/09\/02092025-pzzb0372-1024x613.webp\" alt=\"\" class=\"wp-image-86749\" srcset=\"https:\/\/cleitonpinheiro.com.br\/site\/wp-content\/uploads\/2025\/09\/02092025-pzzb0372-1024x613.webp 1024w, https:\/\/cleitonpinheiro.com.br\/site\/wp-content\/uploads\/2025\/09\/02092025-pzzb0372-300x179.webp 300w, https:\/\/cleitonpinheiro.com.br\/site\/wp-content\/uploads\/2025\/09\/02092025-pzzb0372-768x459.webp 768w, https:\/\/cleitonpinheiro.com.br\/site\/wp-content\/uploads\/2025\/09\/02092025-pzzb0372.webp 1170w\" sizes=\"(max-width: 1024px) 100vw, 1024px\" \/><figcaption class=\"wp-element-caption\">\u00a9 Fabio Rodrigues-Pozzebom\/ Ag\u00eancia Brasil\n<\/figcaption><\/figure>\n\n\n\n<p>A Primeira Turma do Supremo Tribunal Federal (STF) retoma na ter\u00e7a-feira (9) o julgamento do n\u00facleo 1 da trama golpista, formado pelo ex-presidente Jair Bolsonaro e mais sete aliados.<\/p>\n\n\n\n<p>O julgamento come\u00e7ou na semana passada, quando foram ouvidas as sustenta\u00e7\u00f5es das defesas do ex-presidente e dos demais acusados, al\u00e9m da manifesta\u00e7\u00e3o do procurador-geral da Rep\u00fablica, Paulo Gonet, favor\u00e1vel \u00e0 condena\u00e7\u00e3o de todos os r\u00e9us.<\/p>\n\n\n\n<p>Nesta semana, o colegiado vai iniciar a vota\u00e7\u00e3o que pode condenar Bolsonaro e os outros r\u00e9us a mais de 30 anos de pris\u00e3o.<\/p>\n\n\n\n<p>Foram reservadas as sess\u00f5es dos dias 9,10,11 e 12 de setembro para finaliza\u00e7\u00e3o do julgamento.<\/p>\n\n\n\n<p>Pesam contra os acusados a suposta participa\u00e7\u00e3o na elabora\u00e7\u00e3o do plano &#8220;Punhal Verde e Amarelo&#8221;, com planejamento voltado ao sequestro e assassinato do ministro Alexandre de Moraes, do presidente Luiz In\u00e1cio Lula da Silva e do vice-presidente, Geraldo Alckmin.<\/p>\n\n\n\n<p>Tamb\u00e9m consta na den\u00fancia da PGR a produ\u00e7\u00e3o da chamada \u201cminuta do golpe\u201d, documento que seria de conhecimento de Jair Bolsonaro e serviria para a decreta\u00e7\u00e3o de medidas de estado de defesa e de s\u00edtio no pa\u00eds para tentar reverter o resultado das elei\u00e7\u00f5es de 2022 e impedir a posse de Lula. A den\u00fancia tamb\u00e9m cita o suposto envolvimento dos acusados com os atos golpistas de 8 de janeiro de 2023<\/p>\n\n\n\n<p><strong>Quem s\u00e3o os r\u00e9us?<br><\/strong>Jair Bolsonaro \u2013 ex-presidente da Rep\u00fablica;<br>Alexandre Ramagem &#8211; ex-diretor da Ag\u00eancia Brasileira de Intelig\u00eancia (Abin);<br>Almir Garnier &#8211; ex-comandante da Marinha;<br>Anderson Torres &#8211; ex-ministro da Justi\u00e7a e ex-secret\u00e1rio de seguran\u00e7a do Distrito Federal;<br>Augusto Heleno &#8211; ex-ministro do Gabinete de Seguran\u00e7a Institucional (GSI);<br>Paulo S\u00e9rgio Nogueira &#8211; ex-ministro da Defesa;<br>Walter Braga Netto &#8211; ex-ministro de Bolsonaro e candidato \u00e0 vice na chapa de 2022;<br>Mauro Cid \u2013 ex-ajudante de ordens de Bolsonaro.<br>Pr\u00f3ximos passos<br>Na ter\u00e7a-feira (9), \u00e0s 9h, a sess\u00e3o ser\u00e1 aberta pelo presidente da Primeira Turma, ministro Cristiano Zanin. Em seguida, ser\u00e1 passada a palavra ao relator, ministro Alexandre de Moraes, que ser\u00e1 o primeiro a votar.<\/p>\n\n\n\n<p>Em sua manifesta\u00e7\u00e3o, Moraes vai analisar quest\u00f5es preliminares suscitadas pelas defesas de Bolsonaro e dos demais acusados, como pedidos de nulidade da dela\u00e7\u00e3o premiada de Mauro Cid, ex-ajudante de ordens e um dos r\u00e9us, alega\u00e7\u00f5es de cerceamento de defesa, pedidos para retirar o caso do STF, al\u00e9m das solicita\u00e7\u00f5es de absolvi\u00e7\u00e3o.<\/p>\n\n\n\n<p>Moraes poder\u00e1 solicitar que a turma delibere imediatamente sobre as quest\u00f5es preliminares ou deixar a an\u00e1lise desses quesitos para vota\u00e7\u00e3o conjunta com o m\u00e9rito. Ap\u00f3s a abordagem das quest\u00f5es preliminares, Moraes se pronunciar\u00e1 sobre o m\u00e9rito do processo, ou seja, se condena ou absolve os acusados e qual o tempo de cumprimento de pena.<\/p>\n\n\n\n<p><strong>Sequ\u00eancia de vota\u00e7\u00e3o<br><\/strong>Ap\u00f3s o voto do relator, os demais integrantes da turma v\u00e3o proferir seus votos na seguinte sequ\u00eancia:<\/p>\n\n\n\n<p>Fl\u00e1vio Dino;<br>Luiz Fux;<br>C\u00e1rmen L\u00facia;<br>Cristiano Zanin.<br>A maioria de votos pela condena\u00e7\u00e3o ou absolvi\u00e7\u00e3o ocorrer\u00e1 com tr\u00eas dos cinco votos do colegiado.<\/p>\n\n\n\n<p><strong>Pris\u00e3o<br><\/strong>A eventual pris\u00e3o dos r\u00e9us que forem condenados n\u00e3o vai ocorrer de forma autom\u00e1tica ap\u00f3s o julgamento e s\u00f3 poder\u00e1 ser efetivada o ap\u00f3s a an\u00e1lise dos recursos contra a condena\u00e7\u00e3o.<\/p>\n\n\n\n<p><strong>Recursos<\/strong><br>Em caso de condena\u00e7\u00e3o com um voto a favor da absolvi\u00e7\u00e3o, Bolsonaro e os demais r\u00e9us ter\u00e3o direito a mais um recurso para evitar a pris\u00e3o, a ser analisado tamb\u00e9m pela Primeira Turma. A condi\u00e7\u00e3o pode ser obtida com placar de 4 votos a 1, por exemplo.<\/p>\n\n\n\n<p>Com a publica\u00e7\u00e3o do ac\u00f3rd\u00e3o com o eventual placar desfavor\u00e1vel, as defesas poder\u00e3o apresentar os chamados embargos de declara\u00e7\u00e3o, recurso que tem objetivo de esclarecer omiss\u00f5es e contradi\u00e7\u00f5es no texto final do julgamento. Em geral, esse tipo de recurso n\u00e3o tem poder para rever o resultado do julgamento e costuma ser rejeitado.<\/p>\n\n\n\n<p>Para conseguir que o caso seja julgado novamente e levado a plen\u00e1rio, os acusados precisam obter pelo menos dois votos pela absolvi\u00e7\u00e3o, ou seja, placar m\u00ednimo de 3 votos a 2.<\/p>\n","protected":false},"excerpt":{"rendered":"<p>A Primeira Turma do Supremo Tribunal Federal (STF) retoma na ter\u00e7a-feira (9) o julgamento do n\u00facleo 1 da trama golpista, formado pelo ex-presidente Jair Bolsonaro e mais sete aliados. O julgamento come\u00e7ou na semana passada, quando foram ouvidas as sustenta\u00e7\u00f5es das defesas do ex-presidente e dos demais acusados, al\u00e9m da manifesta\u00e7\u00e3o do procurador-geral da Rep\u00fablica, [&hellip;]<\/p>\n","protected":false},"author":13,"featured_media":0,"comment_status":"open","ping_status":"open","sticky":false,"template":"","format":"standard","meta":{"_acf_changed":false,"footnotes":""},"categories":[898,23,21],"tags":[],"class_list":["post-86800","post","type-post","status-publish","format-standard","hentry","category-manchete-segundaria","category-politica","category-todas-noticias"],"acf":[],"yoast_head":"<!-- This site is optimized with the Yoast SEO plugin v24.4 - https:\/\/yoast.com\/wordpress\/plugins\/seo\/ -->\n<title>Entenda os pr\u00f3ximos passos do julgamento de Bolsonaro no STF - PORTAL DE NOT\u00cdCIAS CLEITON PINHEIRO<\/title>\n<meta name=\"robots\" content=\"index, follow, max-snippet:-1, max-image-preview:large, max-video-preview:-1\" \/>\n<link rel=\"canonical\" href=\"https:\/\/cleitonpinheiro.com.br\/site\/entenda-os-proximos-passos-do-julgamento-de-bolsonaro-no-stf\/\" \/>\n<meta property=\"og:locale\" content=\"pt_BR\" \/>\n<meta property=\"og:type\" content=\"article\" \/>\n<meta property=\"og:title\" content=\"Entenda os pr\u00f3ximos passos do julgamento de Bolsonaro no STF - PORTAL DE NOT\u00cdCIAS CLEITON PINHEIRO\" \/>\n<meta property=\"og:description\" content=\"A Primeira Turma do Supremo Tribunal Federal (STF) retoma na ter\u00e7a-feira (9) o julgamento do n\u00facleo 1 da trama golpista, formado pelo ex-presidente Jair Bolsonaro e mais sete aliados. O julgamento come\u00e7ou na semana passada, quando foram ouvidas as sustenta\u00e7\u00f5es das defesas do ex-presidente e dos demais acusados, al\u00e9m da manifesta\u00e7\u00e3o do procurador-geral da Rep\u00fablica, [&hellip;]\" \/>\n<meta property=\"og:url\" content=\"https:\/\/cleitonpinheiro.com.br\/site\/entenda-os-proximos-passos-do-julgamento-de-bolsonaro-no-stf\/\" \/>\n<meta property=\"og:site_name\" content=\"PORTAL DE NOT\u00cdCIAS CLEITON PINHEIRO\" \/>\n<meta property=\"article:publisher\" content=\"https:\/\/www.facebook.com\/portalcpnoticias\/\" \/>\n<meta property=\"article:published_time\" content=\"2025-09-08T13:40:43+00:00\" \/>\n<meta property=\"article:modified_time\" content=\"2025-09-12T17:56:29+00:00\" \/>\n<meta property=\"og:image\" content=\"https:\/\/cleitonpinheiro.com.br\/site\/wp-content\/uploads\/2025\/09\/02092025-pzzb0372.webp\" \/>\n\t<meta property=\"og:image:width\" content=\"1170\" \/>\n\t<meta property=\"og:image:height\" content=\"700\" \/>\n\t<meta property=\"og:image:type\" content=\"image\/webp\" \/>\n<meta name=\"author\" content=\"Reda\u00e7\u00e3o CP\" \/>\n<meta name=\"twitter:card\" content=\"summary_large_image\" \/>\n<meta name=\"twitter:label1\" content=\"Escrito por\" \/>\n\t<meta name=\"twitter:data1\" content=\"Reda\u00e7\u00e3o CP\" \/>\n\t<meta name=\"twitter:label2\" content=\"Est. tempo de leitura\" \/>\n\t<meta name=\"twitter:data2\" content=\"4 minutos\" \/>\n<script type=\"application\/ld+json\" class=\"yoast-schema-graph\">{\"@context\":\"https:\/\/schema.org\",\"@graph\":[{\"@type\":\"Article\",\"@id\":\"https:\/\/cleitonpinheiro.com.br\/site\/entenda-os-proximos-passos-do-julgamento-de-bolsonaro-no-stf\/#article\",\"isPartOf\":{\"@id\":\"https:\/\/cleitonpinheiro.com.br\/site\/entenda-os-proximos-passos-do-julgamento-de-bolsonaro-no-stf\/\"},\"author\":{\"name\":\"Reda\u00e7\u00e3o CP\",\"@id\":\"https:\/\/cleitonpinheiro.com.br\/site\/#\/schema\/person\/8f04544e0bc40a1b68775b08360f87db\"},\"headline\":\"Entenda os pr\u00f3ximos passos do julgamento de Bolsonaro no STF\",\"datePublished\":\"2025-09-08T13:40:43+00:00\",\"dateModified\":\"2025-09-12T17:56:29+00:00\",\"mainEntityOfPage\":{\"@id\":\"https:\/\/cleitonpinheiro.com.br\/site\/entenda-os-proximos-passos-do-julgamento-de-bolsonaro-no-stf\/\"},\"wordCount\":731,\"commentCount\":0,\"publisher\":{\"@id\":\"https:\/\/cleitonpinheiro.com.br\/site\/#organization\"},\"image\":{\"@id\":\"https:\/\/cleitonpinheiro.com.br\/site\/entenda-os-proximos-passos-do-julgamento-de-bolsonaro-no-stf\/#primaryimage\"},\"thumbnailUrl\":\"https:\/\/cleitonpinheiro.com.br\/site\/wp-content\/uploads\/2025\/09\/02092025-pzzb0372-1024x613.webp\",\"articleSection\":[\"MANCHETE SEGUND\u00c1RIA\",\"POL\u00cdTICA\",\"TODAS NOTICIAS\"],\"inLanguage\":\"pt-BR\",\"potentialAction\":[{\"@type\":\"CommentAction\",\"name\":\"Comment\",\"target\":[\"https:\/\/cleitonpinheiro.com.br\/site\/entenda-os-proximos-passos-do-julgamento-de-bolsonaro-no-stf\/#respond\"]}]},{\"@type\":\"WebPage\",\"@id\":\"https:\/\/cleitonpinheiro.com.br\/site\/entenda-os-proximos-passos-do-julgamento-de-bolsonaro-no-stf\/\",\"url\":\"https:\/\/cleitonpinheiro.com.br\/site\/entenda-os-proximos-passos-do-julgamento-de-bolsonaro-no-stf\/\",\"name\":\"Entenda os pr\u00f3ximos passos do julgamento de Bolsonaro no STF - PORTAL DE NOT\u00cdCIAS CLEITON PINHEIRO\",\"isPartOf\":{\"@id\":\"https:\/\/cleitonpinheiro.com.br\/site\/#website\"},\"primaryImageOfPage\":{\"@id\":\"https:\/\/cleitonpinheiro.com.br\/site\/entenda-os-proximos-passos-do-julgamento-de-bolsonaro-no-stf\/#primaryimage\"},\"image\":{\"@id\":\"https:\/\/cleitonpinheiro.com.br\/site\/entenda-os-proximos-passos-do-julgamento-de-bolsonaro-no-stf\/#primaryimage\"},\"thumbnailUrl\":\"https:\/\/cleitonpinheiro.com.br\/site\/wp-content\/uploads\/2025\/09\/02092025-pzzb0372-1024x613.webp\",\"datePublished\":\"2025-09-08T13:40:43+00:00\",\"dateModified\":\"2025-09-12T17:56:29+00:00\",\"breadcrumb\":{\"@id\":\"https:\/\/cleitonpinheiro.com.br\/site\/entenda-os-proximos-passos-do-julgamento-de-bolsonaro-no-stf\/#breadcrumb\"},\"inLanguage\":\"pt-BR\",\"potentialAction\":[{\"@type\":\"ReadAction\",\"target\":[\"https:\/\/cleitonpinheiro.com.br\/site\/entenda-os-proximos-passos-do-julgamento-de-bolsonaro-no-stf\/\"]}]},{\"@type\":\"ImageObject\",\"inLanguage\":\"pt-BR\",\"@id\":\"https:\/\/cleitonpinheiro.com.br\/site\/entenda-os-proximos-passos-do-julgamento-de-bolsonaro-no-stf\/#primaryimage\",\"url\":\"https:\/\/cleitonpinheiro.com.br\/site\/wp-content\/uploads\/2025\/09\/02092025-pzzb0372.webp\",\"contentUrl\":\"https:\/\/cleitonpinheiro.com.br\/site\/wp-content\/uploads\/2025\/09\/02092025-pzzb0372.webp\",\"width\":1170,\"height\":700,\"caption\":\"\u00a9 Fabio Rodrigues-Pozzebom\/ Ag\u00eancia Brasil\"},{\"@type\":\"BreadcrumbList\",\"@id\":\"https:\/\/cleitonpinheiro.com.br\/site\/entenda-os-proximos-passos-do-julgamento-de-bolsonaro-no-stf\/#breadcrumb\",\"itemListElement\":[{\"@type\":\"ListItem\",\"position\":1,\"name\":\"In\u00edcio\",\"item\":\"https:\/\/cleitonpinheiro.com.br\/site\/\"},{\"@type\":\"ListItem\",\"position\":2,\"name\":\"Entenda os pr\u00f3ximos passos do julgamento de Bolsonaro no STF\"}]},{\"@type\":\"WebSite\",\"@id\":\"https:\/\/cleitonpinheiro.com.br\/site\/#website\",\"url\":\"https:\/\/cleitonpinheiro.com.br\/site\/\",\"name\":\"PORTAL DE NOT\u00cdCIAS CLEITON PINHEIRO\",\"description\":\"FALANDO A VERDADE\",\"publisher\":{\"@id\":\"https:\/\/cleitonpinheiro.com.br\/site\/#organization\"},\"potentialAction\":[{\"@type\":\"SearchAction\",\"target\":{\"@type\":\"EntryPoint\",\"urlTemplate\":\"https:\/\/cleitonpinheiro.com.br\/site\/?s={search_term_string}\"},\"query-input\":{\"@type\":\"PropertyValueSpecification\",\"valueRequired\":true,\"valueName\":\"search_term_string\"}}],\"inLanguage\":\"pt-BR\"},{\"@type\":\"Organization\",\"@id\":\"https:\/\/cleitonpinheiro.com.br\/site\/#organization\",\"name\":\"CPNOT\u00cdCIAS\",\"url\":\"https:\/\/cleitonpinheiro.com.br\/site\/\",\"logo\":{\"@type\":\"ImageObject\",\"inLanguage\":\"pt-BR\",\"@id\":\"https:\/\/cleitonpinheiro.com.br\/site\/#\/schema\/logo\/image\/\",\"url\":\"https:\/\/cleitonpinheiro.com.br\/site\/wp-content\/uploads\/2022\/08\/Logo-pequena-2.png\",\"contentUrl\":\"https:\/\/cleitonpinheiro.com.br\/site\/wp-content\/uploads\/2022\/08\/Logo-pequena-2.png\",\"width\":500,\"height\":500,\"caption\":\"CPNOT\u00cdCIAS\"},\"image\":{\"@id\":\"https:\/\/cleitonpinheiro.com.br\/site\/#\/schema\/logo\/image\/\"},\"sameAs\":[\"https:\/\/www.facebook.com\/portalcpnoticias\/\"]},{\"@type\":\"Person\",\"@id\":\"https:\/\/cleitonpinheiro.com.br\/site\/#\/schema\/person\/8f04544e0bc40a1b68775b08360f87db\",\"name\":\"Reda\u00e7\u00e3o CP\",\"image\":{\"@type\":\"ImageObject\",\"inLanguage\":\"pt-BR\",\"@id\":\"https:\/\/cleitonpinheiro.com.br\/site\/#\/schema\/person\/image\/\",\"url\":\"https:\/\/secure.gravatar.com\/avatar\/0bcf19cb29fdc8fc588c490c7ae1b3e174dac268586a63fbe1d1893a0f9020cd?s=96&r=g\",\"contentUrl\":\"https:\/\/secure.gravatar.com\/avatar\/0bcf19cb29fdc8fc588c490c7ae1b3e174dac268586a63fbe1d1893a0f9020cd?s=96&r=g\",\"caption\":\"Reda\u00e7\u00e3o CP\"},\"url\":\"https:\/\/cleitonpinheiro.com.br\/site\/author\/redacao\/\"}]}<\/script>\n<!-- \/ Yoast SEO plugin. -->","yoast_head_json":{"title":"Entenda os pr\u00f3ximos passos do julgamento de Bolsonaro no STF - PORTAL DE NOT\u00cdCIAS CLEITON PINHEIRO","robots":{"index":"index","follow":"follow","max-snippet":"max-snippet:-1","max-image-preview":"max-image-preview:large","max-video-preview":"max-video-preview:-1"},"canonical":"https:\/\/cleitonpinheiro.com.br\/site\/entenda-os-proximos-passos-do-julgamento-de-bolsonaro-no-stf\/","og_locale":"pt_BR","og_type":"article","og_title":"Entenda os pr\u00f3ximos passos do julgamento de Bolsonaro no STF - PORTAL DE NOT\u00cdCIAS CLEITON PINHEIRO","og_description":"A Primeira Turma do Supremo Tribunal Federal (STF) retoma na ter\u00e7a-feira (9) o julgamento do n\u00facleo 1 da trama golpista, formado pelo ex-presidente Jair Bolsonaro e mais sete aliados. O julgamento come\u00e7ou na semana passada, quando foram ouvidas as sustenta\u00e7\u00f5es das defesas do ex-presidente e dos demais acusados, al\u00e9m da manifesta\u00e7\u00e3o do procurador-geral da Rep\u00fablica, [&hellip;]","og_url":"https:\/\/cleitonpinheiro.com.br\/site\/entenda-os-proximos-passos-do-julgamento-de-bolsonaro-no-stf\/","og_site_name":"PORTAL DE NOT\u00cdCIAS CLEITON PINHEIRO","article_publisher":"https:\/\/www.facebook.com\/portalcpnoticias\/","article_published_time":"2025-09-08T13:40:43+00:00","article_modified_time":"2025-09-12T17:56:29+00:00","og_image":[{"width":1170,"height":700,"url":"https:\/\/cleitonpinheiro.com.br\/site\/wp-content\/uploads\/2025\/09\/02092025-pzzb0372.webp","type":"image\/webp"}],"author":"Reda\u00e7\u00e3o CP","twitter_card":"summary_large_image","twitter_misc":{"Escrito por":"Reda\u00e7\u00e3o CP","Est. tempo de leitura":"4 minutos"},"schema":{"@context":"https:\/\/schema.org","@graph":[{"@type":"Article","@id":"https:\/\/cleitonpinheiro.com.br\/site\/entenda-os-proximos-passos-do-julgamento-de-bolsonaro-no-stf\/#article","isPartOf":{"@id":"https:\/\/cleitonpinheiro.com.br\/site\/entenda-os-proximos-passos-do-julgamento-de-bolsonaro-no-stf\/"},"author":{"name":"Reda\u00e7\u00e3o CP","@id":"https:\/\/cleitonpinheiro.com.br\/site\/#\/schema\/person\/8f04544e0bc40a1b68775b08360f87db"},"headline":"Entenda os pr\u00f3ximos passos do julgamento de Bolsonaro no STF","datePublished":"2025-09-08T13:40:43+00:00","dateModified":"2025-09-12T17:56:29+00:00","mainEntityOfPage":{"@id":"https:\/\/cleitonpinheiro.com.br\/site\/entenda-os-proximos-passos-do-julgamento-de-bolsonaro-no-stf\/"},"wordCount":731,"commentCount":0,"publisher":{"@id":"https:\/\/cleitonpinheiro.com.br\/site\/#organization"},"image":{"@id":"https:\/\/cleitonpinheiro.com.br\/site\/entenda-os-proximos-passos-do-julgamento-de-bolsonaro-no-stf\/#primaryimage"},"thumbnailUrl":"https:\/\/cleitonpinheiro.com.br\/site\/wp-content\/uploads\/2025\/09\/02092025-pzzb0372-1024x613.webp","articleSection":["MANCHETE SEGUND\u00c1RIA","POL\u00cdTICA","TODAS NOTICIAS"],"inLanguage":"pt-BR","potentialAction":[{"@type":"CommentAction","name":"Comment","target":["https:\/\/cleitonpinheiro.com.br\/site\/entenda-os-proximos-passos-do-julgamento-de-bolsonaro-no-stf\/#respond"]}]},{"@type":"WebPage","@id":"https:\/\/cleitonpinheiro.com.br\/site\/entenda-os-proximos-passos-do-julgamento-de-bolsonaro-no-stf\/","url":"https:\/\/cleitonpinheiro.com.br\/site\/entenda-os-proximos-passos-do-julgamento-de-bolsonaro-no-stf\/","name":"Entenda os pr\u00f3ximos passos do julgamento de Bolsonaro no STF - PORTAL DE NOT\u00cdCIAS CLEITON PINHEIRO","isPartOf":{"@id":"https:\/\/cleitonpinheiro.com.br\/site\/#website"},"primaryImageOfPage":{"@id":"https:\/\/cleitonpinheiro.com.br\/site\/entenda-os-proximos-passos-do-julgamento-de-bolsonaro-no-stf\/#primaryimage"},"image":{"@id":"https:\/\/cleitonpinheiro.com.br\/site\/entenda-os-proximos-passos-do-julgamento-de-bolsonaro-no-stf\/#primaryimage"},"thumbnailUrl":"https:\/\/cleitonpinheiro.com.br\/site\/wp-content\/uploads\/2025\/09\/02092025-pzzb0372-1024x613.webp","datePublished":"2025-09-08T13:40:43+00:00","dateModified":"2025-09-12T17:56:29+00:00","breadcrumb":{"@id":"https:\/\/cleitonpinheiro.com.br\/site\/entenda-os-proximos-passos-do-julgamento-de-bolsonaro-no-stf\/#breadcrumb"},"inLanguage":"pt-BR","potentialAction":[{"@type":"ReadAction","target":["https:\/\/cleitonpinheiro.com.br\/site\/entenda-os-proximos-passos-do-julgamento-de-bolsonaro-no-stf\/"]}]},{"@type":"ImageObject","inLanguage":"pt-BR","@id":"https:\/\/cleitonpinheiro.com.br\/site\/entenda-os-proximos-passos-do-julgamento-de-bolsonaro-no-stf\/#primaryimage","url":"https:\/\/cleitonpinheiro.com.br\/site\/wp-content\/uploads\/2025\/09\/02092025-pzzb0372.webp","contentUrl":"https:\/\/cleitonpinheiro.com.br\/site\/wp-content\/uploads\/2025\/09\/02092025-pzzb0372.webp","width":1170,"height":700,"caption":"\u00a9 Fabio Rodrigues-Pozzebom\/ Ag\u00eancia Brasil"},{"@type":"BreadcrumbList","@id":"https:\/\/cleitonpinheiro.com.br\/site\/entenda-os-proximos-passos-do-julgamento-de-bolsonaro-no-stf\/#breadcrumb","itemListElement":[{"@type":"ListItem","position":1,"name":"In\u00edcio","item":"https:\/\/cleitonpinheiro.com.br\/site\/"},{"@type":"ListItem","position":2,"name":"Entenda os pr\u00f3ximos passos do julgamento de Bolsonaro no STF"}]},{"@type":"WebSite","@id":"https:\/\/cleitonpinheiro.com.br\/site\/#website","url":"https:\/\/cleitonpinheiro.com.br\/site\/","name":"PORTAL DE NOT\u00cdCIAS CLEITON PINHEIRO","description":"FALANDO A VERDADE","publisher":{"@id":"https:\/\/cleitonpinheiro.com.br\/site\/#organization"},"potentialAction":[{"@type":"SearchAction","target":{"@type":"EntryPoint","urlTemplate":"https:\/\/cleitonpinheiro.com.br\/site\/?s={search_term_string}"},"query-input":{"@type":"PropertyValueSpecification","valueRequired":true,"valueName":"search_term_string"}}],"inLanguage":"pt-BR"},{"@type":"Organization","@id":"https:\/\/cleitonpinheiro.com.br\/site\/#organization","name":"CPNOT\u00cdCIAS","url":"https:\/\/cleitonpinheiro.com.br\/site\/","logo":{"@type":"ImageObject","inLanguage":"pt-BR","@id":"https:\/\/cleitonpinheiro.com.br\/site\/#\/schema\/logo\/image\/","url":"https:\/\/cleitonpinheiro.com.br\/site\/wp-content\/uploads\/2022\/08\/Logo-pequena-2.png","contentUrl":"https:\/\/cleitonpinheiro.com.br\/site\/wp-content\/uploads\/2022\/08\/Logo-pequena-2.png","width":500,"height":500,"caption":"CPNOT\u00cdCIAS"},"image":{"@id":"https:\/\/cleitonpinheiro.com.br\/site\/#\/schema\/logo\/image\/"},"sameAs":["https:\/\/www.facebook.com\/portalcpnoticias\/"]},{"@type":"Person","@id":"https:\/\/cleitonpinheiro.com.br\/site\/#\/schema\/person\/8f04544e0bc40a1b68775b08360f87db","name":"Reda\u00e7\u00e3o CP","image":{"@type":"ImageObject","inLanguage":"pt-BR","@id":"https:\/\/cleitonpinheiro.com.br\/site\/#\/schema\/person\/image\/","url":"https:\/\/secure.gravatar.com\/avatar\/0bcf19cb29fdc8fc588c490c7ae1b3e174dac268586a63fbe1d1893a0f9020cd?s=96&r=g","contentUrl":"https:\/\/secure.gravatar.com\/avatar\/0bcf19cb29fdc8fc588c490c7ae1b3e174dac268586a63fbe1d1893a0f9020cd?s=96&r=g","caption":"Reda\u00e7\u00e3o CP"},"url":"https:\/\/cleitonpinheiro.com.br\/site\/author\/redacao\/"}]}},"views":124,"_links":{"self":[{"href":"https:\/\/cleitonpinheiro.com.br\/site\/wp-json\/wp\/v2\/posts\/86800","targetHints":{"allow":["GET"]}}],"collection":[{"href":"https:\/\/cleitonpinheiro.com.br\/site\/wp-json\/wp\/v2\/posts"}],"about":[{"href":"https:\/\/cleitonpinheiro.com.br\/site\/wp-json\/wp\/v2\/types\/post"}],"author":[{"embeddable":true,"href":"https:\/\/cleitonpinheiro.com.br\/site\/wp-json\/wp\/v2\/users\/13"}],"replies":[{"embeddable":true,"href":"https:\/\/cleitonpinheiro.com.br\/site\/wp-json\/wp\/v2\/comments?post=86800"}],"version-history":[{"count":1,"href":"https:\/\/cleitonpinheiro.com.br\/site\/wp-json\/wp\/v2\/posts\/86800\/revisions"}],"predecessor-version":[{"id":86801,"href":"https:\/\/cleitonpinheiro.com.br\/site\/wp-json\/wp\/v2\/posts\/86800\/revisions\/86801"}],"wp:attachment":[{"href":"https:\/\/cleitonpinheiro.com.br\/site\/wp-json\/wp\/v2\/media?parent=86800"}],"wp:term":[{"taxonomy":"category","embeddable":true,"href":"https:\/\/cleitonpinheiro.com.br\/site\/wp-json\/wp\/v2\/categories?post=86800"},{"taxonomy":"post_tag","embeddable":true,"href":"https:\/\/cleitonpinheiro.com.br\/site\/wp-json\/wp\/v2\/tags?post=86800"}],"curies":[{"name":"wp","href":"https:\/\/api.w.org\/{rel}","templated":true}]}}