{"id":86802,"date":"2025-09-06T10:42:08","date_gmt":"2025-09-06T13:42:08","guid":{"rendered":"https:\/\/cleitonpinheiro.com.br\/site\/?p=86802"},"modified":"2025-09-08T10:50:29","modified_gmt":"2025-09-08T13:50:29","slug":"wanderlei-barbosa-grava-novo-video-e-diz-estar-tranquilo-com-a-consciencia","status":"publish","type":"post","link":"https:\/\/cleitonpinheiro.com.br\/site\/wanderlei-barbosa-grava-novo-video-e-diz-estar-tranquilo-com-a-consciencia\/","title":{"rendered":"Wanderlei Barbosa grava novo v\u00eddeo e diz estar \u201ctranquilo com a consci\u00eancia\u201d"},"content":{"rendered":"\n<figure class=\"wp-block-image size-large\"><img decoding=\"async\" src=\"https:\/\/cleitonpinheiro.com.br\/site\/wp-content\/uploads\/2024\/06\/F-Governador-Wanderlei-Barbosa-foto-Antonio-Goncalves-GovTO02-02-2024-1024x585.jpg\" alt=\"\" class=\"wp-image-77942\"\/><\/figure>\n\n\n\n<p>O governador afastado do Tocantins, Wanderlei Barbosa (Republicanos), divulgou um novo v\u00eddeo nesta sexta-feira, 5, no qual afirma estar \u201ctranquilo com a consci\u00eancia\u201d diante das investiga\u00e7\u00f5es da Opera\u00e7\u00e3o Fames-19, que apura desvios de recursos destinados \u00e0 compra de cestas b\u00e1sicas durante a pandemia de Covid-19, entre 2020 e 2021.<\/p>\n\n\n\n<p>Al\u00e9m dele, tamb\u00e9m s\u00e3o investigados sua esposa, Karynne Sotero, o deputado estadual L\u00e9o Barbosa (Republicanos) e o superintendente do Sebrae, R\u00e9rison Ant\u00f4nio. Segundo a Pol\u00edcia Federal, foram firmados contratos de mais de R$ 97 milh\u00f5es para o fornecimento de cestas b\u00e1sicas e frangos congelados, com preju\u00edzo estimado superior a R$ 73 milh\u00f5es aos cofres p\u00fablicos.<\/p>\n\n\n\n<p><strong>Agradecimento e defesa<\/strong><\/p>\n\n\n\n<p>No v\u00eddeo, Wanderlei agradeceu as mensagens de apoio que vem recebendo. \u201cEu fico muito agradecido a todos voc\u00eas e, primeiramente, agradecido a Deus por esse reconhecimento\u201d, declarou.<\/p>\n\n\n\n<p>Ele tamb\u00e9m ressaltou que, no per\u00edodo em que ocorreram as compras investigadas (2019 a 2021), exercia o cargo de vice-governador e s\u00f3 assumiu a chefia do Executivo em 21 de outubro de 2021, j\u00e1 no final daquele ano. \u201cEstamos tranquilos, todos n\u00f3s, a minha fam\u00edlia, minha esposa, meus filhos, que tudo ser\u00e1 esclarecido, com f\u00e9 em Deus\u201d, afirmou.<\/p>\n\n\n\n<p><strong>Promessa de mostrar resultados<\/strong><\/p>\n\n\n\n<p>Wanderlei disse ainda que pretende responder \u00e0s manifesta\u00e7\u00f5es de apoio apresentando o trabalho realizado durante sua gest\u00e3o. \u201cVou retribuir a todos voc\u00eas, se Deus quiser, trabalhando muito, cada vez mais\u201d, declarou.<\/p>\n\n\n\n<p>Ele adiantou que, a partir da pr\u00f3xima semana, come\u00e7ar\u00e1 a divulgar a\u00e7\u00f5es realizadas em diferentes \u00e1reas, como infraestrutura, educa\u00e7\u00e3o, sa\u00fade, seguran\u00e7a p\u00fablica, turismo e parcerias com os munic\u00edpios. \u201cTudo isso n\u00f3s iremos mostrando para que o povo esteja cada vez mais sintonizado com tudo aquilo que fizemos\u201d, concluiu.<\/p>\n","protected":false},"excerpt":{"rendered":"<p>O governador afastado do Tocantins, Wanderlei Barbosa (Republicanos), divulgou um novo v\u00eddeo nesta sexta-feira, 5, no qual afirma estar \u201ctranquilo com a consci\u00eancia\u201d diante das investiga\u00e7\u00f5es da Opera\u00e7\u00e3o Fames-19, que apura desvios de recursos destinados \u00e0 compra de cestas b\u00e1sicas durante a pandemia de Covid-19, entre 2020 e 2021. Al\u00e9m dele, tamb\u00e9m s\u00e3o investigados sua [&hellip;]<\/p>\n","protected":false},"author":13,"featured_media":0,"comment_status":"open","ping_status":"open","sticky":false,"template":"","format":"standard","meta":{"_acf_changed":false,"footnotes":""},"categories":[898,23,21],"tags":[],"class_list":["post-86802","post","type-post","status-publish","format-standard","hentry","category-manchete-segundaria","category-politica","category-todas-noticias"],"acf":[],"yoast_head":"<!-- This site is optimized with the Yoast SEO plugin v24.4 - https:\/\/yoast.com\/wordpress\/plugins\/seo\/ -->\n<title>Wanderlei Barbosa grava novo v\u00eddeo e diz estar \u201ctranquilo com a consci\u00eancia\u201d - PORTAL DE NOT\u00cdCIAS CLEITON PINHEIRO<\/title>\n<meta name=\"robots\" content=\"index, follow, max-snippet:-1, max-image-preview:large, max-video-preview:-1\" \/>\n<link rel=\"canonical\" href=\"https:\/\/cleitonpinheiro.com.br\/site\/wanderlei-barbosa-grava-novo-video-e-diz-estar-tranquilo-com-a-consciencia\/\" \/>\n<meta property=\"og:locale\" content=\"pt_BR\" \/>\n<meta property=\"og:type\" content=\"article\" \/>\n<meta property=\"og:title\" content=\"Wanderlei Barbosa grava novo v\u00eddeo e diz estar \u201ctranquilo com a consci\u00eancia\u201d - PORTAL DE NOT\u00cdCIAS CLEITON PINHEIRO\" \/>\n<meta property=\"og:description\" content=\"O governador afastado do Tocantins, Wanderlei Barbosa (Republicanos), divulgou um novo v\u00eddeo nesta sexta-feira, 5, no qual afirma estar \u201ctranquilo com a consci\u00eancia\u201d diante das investiga\u00e7\u00f5es da Opera\u00e7\u00e3o Fames-19, que apura desvios de recursos destinados \u00e0 compra de cestas b\u00e1sicas durante a pandemia de Covid-19, entre 2020 e 2021. Al\u00e9m dele, tamb\u00e9m s\u00e3o investigados sua [&hellip;]\" \/>\n<meta property=\"og:url\" content=\"https:\/\/cleitonpinheiro.com.br\/site\/wanderlei-barbosa-grava-novo-video-e-diz-estar-tranquilo-com-a-consciencia\/\" \/>\n<meta property=\"og:site_name\" content=\"PORTAL DE NOT\u00cdCIAS CLEITON PINHEIRO\" \/>\n<meta property=\"article:publisher\" content=\"https:\/\/www.facebook.com\/portalcpnoticias\/\" \/>\n<meta property=\"article:published_time\" content=\"2025-09-06T13:42:08+00:00\" \/>\n<meta property=\"article:modified_time\" content=\"2025-09-08T13:50:29+00:00\" \/>\n<meta property=\"og:image\" content=\"https:\/\/cleitonpinheiro.com.br\/site\/wp-content\/uploads\/2024\/06\/F2-Governador-Wanderlei-Barbosa-grava-mensagem-ao-dia-do-trabalhador-Foto-Marcio-Vieira-Governo-do-Tocantins-1-1536x877-1.jpg\" \/>\n\t<meta property=\"og:image:width\" content=\"1536\" \/>\n\t<meta property=\"og:image:height\" content=\"877\" \/>\n\t<meta property=\"og:image:type\" content=\"image\/jpeg\" \/>\n<meta name=\"author\" content=\"Reda\u00e7\u00e3o CP\" \/>\n<meta name=\"twitter:card\" content=\"summary_large_image\" \/>\n<meta name=\"twitter:label1\" content=\"Escrito por\" \/>\n\t<meta name=\"twitter:data1\" content=\"Reda\u00e7\u00e3o CP\" \/>\n\t<meta name=\"twitter:label2\" content=\"Est. tempo de leitura\" \/>\n\t<meta name=\"twitter:data2\" content=\"2 minutos\" \/>\n<script type=\"application\/ld+json\" class=\"yoast-schema-graph\">{\"@context\":\"https:\/\/schema.org\",\"@graph\":[{\"@type\":\"Article\",\"@id\":\"https:\/\/cleitonpinheiro.com.br\/site\/wanderlei-barbosa-grava-novo-video-e-diz-estar-tranquilo-com-a-consciencia\/#article\",\"isPartOf\":{\"@id\":\"https:\/\/cleitonpinheiro.com.br\/site\/wanderlei-barbosa-grava-novo-video-e-diz-estar-tranquilo-com-a-consciencia\/\"},\"author\":{\"name\":\"Reda\u00e7\u00e3o CP\",\"@id\":\"https:\/\/cleitonpinheiro.com.br\/site\/#\/schema\/person\/8f04544e0bc40a1b68775b08360f87db\"},\"headline\":\"Wanderlei Barbosa grava novo v\u00eddeo e diz estar \u201ctranquilo com a consci\u00eancia\u201d\",\"datePublished\":\"2025-09-06T13:42:08+00:00\",\"dateModified\":\"2025-09-08T13:50:29+00:00\",\"mainEntityOfPage\":{\"@id\":\"https:\/\/cleitonpinheiro.com.br\/site\/wanderlei-barbosa-grava-novo-video-e-diz-estar-tranquilo-com-a-consciencia\/\"},\"wordCount\":314,\"commentCount\":0,\"publisher\":{\"@id\":\"https:\/\/cleitonpinheiro.com.br\/site\/#organization\"},\"image\":{\"@id\":\"https:\/\/cleitonpinheiro.com.br\/site\/wanderlei-barbosa-grava-novo-video-e-diz-estar-tranquilo-com-a-consciencia\/#primaryimage\"},\"thumbnailUrl\":\"https:\/\/cleitonpinheiro.com.br\/site\/wp-content\/uploads\/2024\/06\/F-Governador-Wanderlei-Barbosa-foto-Antonio-Goncalves-GovTO02-02-2024-1024x585.jpg\",\"articleSection\":[\"MANCHETE SEGUND\u00c1RIA\",\"POL\u00cdTICA\",\"TODAS NOTICIAS\"],\"inLanguage\":\"pt-BR\",\"potentialAction\":[{\"@type\":\"CommentAction\",\"name\":\"Comment\",\"target\":[\"https:\/\/cleitonpinheiro.com.br\/site\/wanderlei-barbosa-grava-novo-video-e-diz-estar-tranquilo-com-a-consciencia\/#respond\"]}]},{\"@type\":\"WebPage\",\"@id\":\"https:\/\/cleitonpinheiro.com.br\/site\/wanderlei-barbosa-grava-novo-video-e-diz-estar-tranquilo-com-a-consciencia\/\",\"url\":\"https:\/\/cleitonpinheiro.com.br\/site\/wanderlei-barbosa-grava-novo-video-e-diz-estar-tranquilo-com-a-consciencia\/\",\"name\":\"Wanderlei Barbosa grava novo v\u00eddeo e diz estar \u201ctranquilo com a consci\u00eancia\u201d - PORTAL DE NOT\u00cdCIAS CLEITON PINHEIRO\",\"isPartOf\":{\"@id\":\"https:\/\/cleitonpinheiro.com.br\/site\/#website\"},\"primaryImageOfPage\":{\"@id\":\"https:\/\/cleitonpinheiro.com.br\/site\/wanderlei-barbosa-grava-novo-video-e-diz-estar-tranquilo-com-a-consciencia\/#primaryimage\"},\"image\":{\"@id\":\"https:\/\/cleitonpinheiro.com.br\/site\/wanderlei-barbosa-grava-novo-video-e-diz-estar-tranquilo-com-a-consciencia\/#primaryimage\"},\"thumbnailUrl\":\"https:\/\/cleitonpinheiro.com.br\/site\/wp-content\/uploads\/2024\/06\/F-Governador-Wanderlei-Barbosa-foto-Antonio-Goncalves-GovTO02-02-2024-1024x585.jpg\",\"datePublished\":\"2025-09-06T13:42:08+00:00\",\"dateModified\":\"2025-09-08T13:50:29+00:00\",\"breadcrumb\":{\"@id\":\"https:\/\/cleitonpinheiro.com.br\/site\/wanderlei-barbosa-grava-novo-video-e-diz-estar-tranquilo-com-a-consciencia\/#breadcrumb\"},\"inLanguage\":\"pt-BR\",\"potentialAction\":[{\"@type\":\"ReadAction\",\"target\":[\"https:\/\/cleitonpinheiro.com.br\/site\/wanderlei-barbosa-grava-novo-video-e-diz-estar-tranquilo-com-a-consciencia\/\"]}]},{\"@type\":\"ImageObject\",\"inLanguage\":\"pt-BR\",\"@id\":\"https:\/\/cleitonpinheiro.com.br\/site\/wanderlei-barbosa-grava-novo-video-e-diz-estar-tranquilo-com-a-consciencia\/#primaryimage\",\"url\":\"\",\"contentUrl\":\"\"},{\"@type\":\"BreadcrumbList\",\"@id\":\"https:\/\/cleitonpinheiro.com.br\/site\/wanderlei-barbosa-grava-novo-video-e-diz-estar-tranquilo-com-a-consciencia\/#breadcrumb\",\"itemListElement\":[{\"@type\":\"ListItem\",\"position\":1,\"name\":\"In\u00edcio\",\"item\":\"https:\/\/cleitonpinheiro.com.br\/site\/\"},{\"@type\":\"ListItem\",\"position\":2,\"name\":\"Wanderlei Barbosa grava novo v\u00eddeo e diz estar \u201ctranquilo com a consci\u00eancia\u201d\"}]},{\"@type\":\"WebSite\",\"@id\":\"https:\/\/cleitonpinheiro.com.br\/site\/#website\",\"url\":\"https:\/\/cleitonpinheiro.com.br\/site\/\",\"name\":\"PORTAL DE NOT\u00cdCIAS CLEITON PINHEIRO\",\"description\":\"FALANDO A VERDADE\",\"publisher\":{\"@id\":\"https:\/\/cleitonpinheiro.com.br\/site\/#organization\"},\"potentialAction\":[{\"@type\":\"SearchAction\",\"target\":{\"@type\":\"EntryPoint\",\"urlTemplate\":\"https:\/\/cleitonpinheiro.com.br\/site\/?s={search_term_string}\"},\"query-input\":{\"@type\":\"PropertyValueSpecification\",\"valueRequired\":true,\"valueName\":\"search_term_string\"}}],\"inLanguage\":\"pt-BR\"},{\"@type\":\"Organization\",\"@id\":\"https:\/\/cleitonpinheiro.com.br\/site\/#organization\",\"name\":\"CPNOT\u00cdCIAS\",\"url\":\"https:\/\/cleitonpinheiro.com.br\/site\/\",\"logo\":{\"@type\":\"ImageObject\",\"inLanguage\":\"pt-BR\",\"@id\":\"https:\/\/cleitonpinheiro.com.br\/site\/#\/schema\/logo\/image\/\",\"url\":\"https:\/\/cleitonpinheiro.com.br\/site\/wp-content\/uploads\/2022\/08\/Logo-pequena-2.png\",\"contentUrl\":\"https:\/\/cleitonpinheiro.com.br\/site\/wp-content\/uploads\/2022\/08\/Logo-pequena-2.png\",\"width\":500,\"height\":500,\"caption\":\"CPNOT\u00cdCIAS\"},\"image\":{\"@id\":\"https:\/\/cleitonpinheiro.com.br\/site\/#\/schema\/logo\/image\/\"},\"sameAs\":[\"https:\/\/www.facebook.com\/portalcpnoticias\/\"]},{\"@type\":\"Person\",\"@id\":\"https:\/\/cleitonpinheiro.com.br\/site\/#\/schema\/person\/8f04544e0bc40a1b68775b08360f87db\",\"name\":\"Reda\u00e7\u00e3o CP\",\"image\":{\"@type\":\"ImageObject\",\"inLanguage\":\"pt-BR\",\"@id\":\"https:\/\/cleitonpinheiro.com.br\/site\/#\/schema\/person\/image\/\",\"url\":\"https:\/\/secure.gravatar.com\/avatar\/0bcf19cb29fdc8fc588c490c7ae1b3e174dac268586a63fbe1d1893a0f9020cd?s=96&r=g\",\"contentUrl\":\"https:\/\/secure.gravatar.com\/avatar\/0bcf19cb29fdc8fc588c490c7ae1b3e174dac268586a63fbe1d1893a0f9020cd?s=96&r=g\",\"caption\":\"Reda\u00e7\u00e3o CP\"},\"url\":\"https:\/\/cleitonpinheiro.com.br\/site\/author\/redacao\/\"}]}<\/script>\n<!-- \/ Yoast SEO plugin. -->","yoast_head_json":{"title":"Wanderlei Barbosa grava novo v\u00eddeo e diz estar \u201ctranquilo com a consci\u00eancia\u201d - PORTAL DE NOT\u00cdCIAS CLEITON PINHEIRO","robots":{"index":"index","follow":"follow","max-snippet":"max-snippet:-1","max-image-preview":"max-image-preview:large","max-video-preview":"max-video-preview:-1"},"canonical":"https:\/\/cleitonpinheiro.com.br\/site\/wanderlei-barbosa-grava-novo-video-e-diz-estar-tranquilo-com-a-consciencia\/","og_locale":"pt_BR","og_type":"article","og_title":"Wanderlei Barbosa grava novo v\u00eddeo e diz estar \u201ctranquilo com a consci\u00eancia\u201d - PORTAL DE NOT\u00cdCIAS CLEITON PINHEIRO","og_description":"O governador afastado do Tocantins, Wanderlei Barbosa (Republicanos), divulgou um novo v\u00eddeo nesta sexta-feira, 5, no qual afirma estar \u201ctranquilo com a consci\u00eancia\u201d diante das investiga\u00e7\u00f5es da Opera\u00e7\u00e3o Fames-19, que apura desvios de recursos destinados \u00e0 compra de cestas b\u00e1sicas durante a pandemia de Covid-19, entre 2020 e 2021. Al\u00e9m dele, tamb\u00e9m s\u00e3o investigados sua [&hellip;]","og_url":"https:\/\/cleitonpinheiro.com.br\/site\/wanderlei-barbosa-grava-novo-video-e-diz-estar-tranquilo-com-a-consciencia\/","og_site_name":"PORTAL DE NOT\u00cdCIAS CLEITON PINHEIRO","article_publisher":"https:\/\/www.facebook.com\/portalcpnoticias\/","article_published_time":"2025-09-06T13:42:08+00:00","article_modified_time":"2025-09-08T13:50:29+00:00","og_image":[{"width":1536,"height":877,"url":"https:\/\/cleitonpinheiro.com.br\/site\/wp-content\/uploads\/2024\/06\/F2-Governador-Wanderlei-Barbosa-grava-mensagem-ao-dia-do-trabalhador-Foto-Marcio-Vieira-Governo-do-Tocantins-1-1536x877-1.jpg","type":"image\/jpeg"}],"author":"Reda\u00e7\u00e3o CP","twitter_card":"summary_large_image","twitter_misc":{"Escrito por":"Reda\u00e7\u00e3o CP","Est. tempo de leitura":"2 minutos"},"schema":{"@context":"https:\/\/schema.org","@graph":[{"@type":"Article","@id":"https:\/\/cleitonpinheiro.com.br\/site\/wanderlei-barbosa-grava-novo-video-e-diz-estar-tranquilo-com-a-consciencia\/#article","isPartOf":{"@id":"https:\/\/cleitonpinheiro.com.br\/site\/wanderlei-barbosa-grava-novo-video-e-diz-estar-tranquilo-com-a-consciencia\/"},"author":{"name":"Reda\u00e7\u00e3o CP","@id":"https:\/\/cleitonpinheiro.com.br\/site\/#\/schema\/person\/8f04544e0bc40a1b68775b08360f87db"},"headline":"Wanderlei Barbosa grava novo v\u00eddeo e diz estar \u201ctranquilo com a consci\u00eancia\u201d","datePublished":"2025-09-06T13:42:08+00:00","dateModified":"2025-09-08T13:50:29+00:00","mainEntityOfPage":{"@id":"https:\/\/cleitonpinheiro.com.br\/site\/wanderlei-barbosa-grava-novo-video-e-diz-estar-tranquilo-com-a-consciencia\/"},"wordCount":314,"commentCount":0,"publisher":{"@id":"https:\/\/cleitonpinheiro.com.br\/site\/#organization"},"image":{"@id":"https:\/\/cleitonpinheiro.com.br\/site\/wanderlei-barbosa-grava-novo-video-e-diz-estar-tranquilo-com-a-consciencia\/#primaryimage"},"thumbnailUrl":"https:\/\/cleitonpinheiro.com.br\/site\/wp-content\/uploads\/2024\/06\/F-Governador-Wanderlei-Barbosa-foto-Antonio-Goncalves-GovTO02-02-2024-1024x585.jpg","articleSection":["MANCHETE SEGUND\u00c1RIA","POL\u00cdTICA","TODAS NOTICIAS"],"inLanguage":"pt-BR","potentialAction":[{"@type":"CommentAction","name":"Comment","target":["https:\/\/cleitonpinheiro.com.br\/site\/wanderlei-barbosa-grava-novo-video-e-diz-estar-tranquilo-com-a-consciencia\/#respond"]}]},{"@type":"WebPage","@id":"https:\/\/cleitonpinheiro.com.br\/site\/wanderlei-barbosa-grava-novo-video-e-diz-estar-tranquilo-com-a-consciencia\/","url":"https:\/\/cleitonpinheiro.com.br\/site\/wanderlei-barbosa-grava-novo-video-e-diz-estar-tranquilo-com-a-consciencia\/","name":"Wanderlei Barbosa grava novo v\u00eddeo e diz estar \u201ctranquilo com a consci\u00eancia\u201d - PORTAL DE NOT\u00cdCIAS CLEITON PINHEIRO","isPartOf":{"@id":"https:\/\/cleitonpinheiro.com.br\/site\/#website"},"primaryImageOfPage":{"@id":"https:\/\/cleitonpinheiro.com.br\/site\/wanderlei-barbosa-grava-novo-video-e-diz-estar-tranquilo-com-a-consciencia\/#primaryimage"},"image":{"@id":"https:\/\/cleitonpinheiro.com.br\/site\/wanderlei-barbosa-grava-novo-video-e-diz-estar-tranquilo-com-a-consciencia\/#primaryimage"},"thumbnailUrl":"https:\/\/cleitonpinheiro.com.br\/site\/wp-content\/uploads\/2024\/06\/F-Governador-Wanderlei-Barbosa-foto-Antonio-Goncalves-GovTO02-02-2024-1024x585.jpg","datePublished":"2025-09-06T13:42:08+00:00","dateModified":"2025-09-08T13:50:29+00:00","breadcrumb":{"@id":"https:\/\/cleitonpinheiro.com.br\/site\/wanderlei-barbosa-grava-novo-video-e-diz-estar-tranquilo-com-a-consciencia\/#breadcrumb"},"inLanguage":"pt-BR","potentialAction":[{"@type":"ReadAction","target":["https:\/\/cleitonpinheiro.com.br\/site\/wanderlei-barbosa-grava-novo-video-e-diz-estar-tranquilo-com-a-consciencia\/"]}]},{"@type":"ImageObject","inLanguage":"pt-BR","@id":"https:\/\/cleitonpinheiro.com.br\/site\/wanderlei-barbosa-grava-novo-video-e-diz-estar-tranquilo-com-a-consciencia\/#primaryimage","url":"","contentUrl":""},{"@type":"BreadcrumbList","@id":"https:\/\/cleitonpinheiro.com.br\/site\/wanderlei-barbosa-grava-novo-video-e-diz-estar-tranquilo-com-a-consciencia\/#breadcrumb","itemListElement":[{"@type":"ListItem","position":1,"name":"In\u00edcio","item":"https:\/\/cleitonpinheiro.com.br\/site\/"},{"@type":"ListItem","position":2,"name":"Wanderlei Barbosa grava novo v\u00eddeo e diz estar \u201ctranquilo com a consci\u00eancia\u201d"}]},{"@type":"WebSite","@id":"https:\/\/cleitonpinheiro.com.br\/site\/#website","url":"https:\/\/cleitonpinheiro.com.br\/site\/","name":"PORTAL DE NOT\u00cdCIAS CLEITON PINHEIRO","description":"FALANDO A VERDADE","publisher":{"@id":"https:\/\/cleitonpinheiro.com.br\/site\/#organization"},"potentialAction":[{"@type":"SearchAction","target":{"@type":"EntryPoint","urlTemplate":"https:\/\/cleitonpinheiro.com.br\/site\/?s={search_term_string}"},"query-input":{"@type":"PropertyValueSpecification","valueRequired":true,"valueName":"search_term_string"}}],"inLanguage":"pt-BR"},{"@type":"Organization","@id":"https:\/\/cleitonpinheiro.com.br\/site\/#organization","name":"CPNOT\u00cdCIAS","url":"https:\/\/cleitonpinheiro.com.br\/site\/","logo":{"@type":"ImageObject","inLanguage":"pt-BR","@id":"https:\/\/cleitonpinheiro.com.br\/site\/#\/schema\/logo\/image\/","url":"https:\/\/cleitonpinheiro.com.br\/site\/wp-content\/uploads\/2022\/08\/Logo-pequena-2.png","contentUrl":"https:\/\/cleitonpinheiro.com.br\/site\/wp-content\/uploads\/2022\/08\/Logo-pequena-2.png","width":500,"height":500,"caption":"CPNOT\u00cdCIAS"},"image":{"@id":"https:\/\/cleitonpinheiro.com.br\/site\/#\/schema\/logo\/image\/"},"sameAs":["https:\/\/www.facebook.com\/portalcpnoticias\/"]},{"@type":"Person","@id":"https:\/\/cleitonpinheiro.com.br\/site\/#\/schema\/person\/8f04544e0bc40a1b68775b08360f87db","name":"Reda\u00e7\u00e3o CP","image":{"@type":"ImageObject","inLanguage":"pt-BR","@id":"https:\/\/cleitonpinheiro.com.br\/site\/#\/schema\/person\/image\/","url":"https:\/\/secure.gravatar.com\/avatar\/0bcf19cb29fdc8fc588c490c7ae1b3e174dac268586a63fbe1d1893a0f9020cd?s=96&r=g","contentUrl":"https:\/\/secure.gravatar.com\/avatar\/0bcf19cb29fdc8fc588c490c7ae1b3e174dac268586a63fbe1d1893a0f9020cd?s=96&r=g","caption":"Reda\u00e7\u00e3o CP"},"url":"https:\/\/cleitonpinheiro.com.br\/site\/author\/redacao\/"}]}},"views":125,"_links":{"self":[{"href":"https:\/\/cleitonpinheiro.com.br\/site\/wp-json\/wp\/v2\/posts\/86802","targetHints":{"allow":["GET"]}}],"collection":[{"href":"https:\/\/cleitonpinheiro.com.br\/site\/wp-json\/wp\/v2\/posts"}],"about":[{"href":"https:\/\/cleitonpinheiro.com.br\/site\/wp-json\/wp\/v2\/types\/post"}],"author":[{"embeddable":true,"href":"https:\/\/cleitonpinheiro.com.br\/site\/wp-json\/wp\/v2\/users\/13"}],"replies":[{"embeddable":true,"href":"https:\/\/cleitonpinheiro.com.br\/site\/wp-json\/wp\/v2\/comments?post=86802"}],"version-history":[{"count":1,"href":"https:\/\/cleitonpinheiro.com.br\/site\/wp-json\/wp\/v2\/posts\/86802\/revisions"}],"predecessor-version":[{"id":86803,"href":"https:\/\/cleitonpinheiro.com.br\/site\/wp-json\/wp\/v2\/posts\/86802\/revisions\/86803"}],"wp:attachment":[{"href":"https:\/\/cleitonpinheiro.com.br\/site\/wp-json\/wp\/v2\/media?parent=86802"}],"wp:term":[{"taxonomy":"category","embeddable":true,"href":"https:\/\/cleitonpinheiro.com.br\/site\/wp-json\/wp\/v2\/categories?post=86802"},{"taxonomy":"post_tag","embeddable":true,"href":"https:\/\/cleitonpinheiro.com.br\/site\/wp-json\/wp\/v2\/tags?post=86802"}],"curies":[{"name":"wp","href":"https:\/\/api.w.org\/{rel}","templated":true}]}}