{"id":86804,"date":"2025-09-09T12:14:23","date_gmt":"2025-09-09T15:14:23","guid":{"rendered":"https:\/\/cleitonpinheiro.com.br\/site\/?p=86804"},"modified":"2025-09-10T12:45:31","modified_gmt":"2025-09-10T15:45:31","slug":"ao-vivo-acompanhe-votacao-do-julgamento-de-bolsonaro-no-stf","status":"publish","type":"post","link":"https:\/\/cleitonpinheiro.com.br\/site\/ao-vivo-acompanhe-votacao-do-julgamento-de-bolsonaro-no-stf\/","title":{"rendered":"Ao vivo: acompanhe vota\u00e7\u00e3o do julgamento de Bolsonaro no STF"},"content":{"rendered":"\n<figure class=\"wp-block-image size-large\"><img fetchpriority=\"high\" decoding=\"async\" width=\"1024\" height=\"613\" src=\"https:\/\/cleitonpinheiro.com.br\/site\/wp-content\/uploads\/2025\/09\/02092025-pzzb0372-1024x613.webp\" alt=\"\" class=\"wp-image-86749\" srcset=\"https:\/\/cleitonpinheiro.com.br\/site\/wp-content\/uploads\/2025\/09\/02092025-pzzb0372-1024x613.webp 1024w, https:\/\/cleitonpinheiro.com.br\/site\/wp-content\/uploads\/2025\/09\/02092025-pzzb0372-300x179.webp 300w, https:\/\/cleitonpinheiro.com.br\/site\/wp-content\/uploads\/2025\/09\/02092025-pzzb0372-768x459.webp 768w, https:\/\/cleitonpinheiro.com.br\/site\/wp-content\/uploads\/2025\/09\/02092025-pzzb0372.webp 1170w\" sizes=\"(max-width: 1024px) 100vw, 1024px\" \/><figcaption class=\"wp-element-caption\">\u00a9 Fabio Rodrigues-Pozzebom\/ Ag\u00eancia Brasil\n<\/figcaption><\/figure>\n\n\n\n<p>Nesta ter\u00e7a-feira (9), a partir das 9h, a Primeira Turma do Supremo Tribunal Federal (STF) retoma o julgamento do n\u00facleo 1 da trama golpista, formado pelo ex-presidente Jair Bolsonaro e mais sete aliados.\u00a0<strong>A partir desta sess\u00e3o,\u00a0<a href=\"https:\/\/agenciabrasil.ebc.com.br\/justica\/noticia\/2025-09\/entenda-os-proximos-passos-do-julgamento-de-bolsonaro-no-stf\" target=\"_blank\" rel=\"noreferrer noopener\">os seis membros do colegiado iniciam a vota\u00e7\u00e3o<\/a><\/strong>, uma vez que na primeira semana foram ouvidas a acusa\u00e7\u00e3o, a partir da\u00a0<a href=\"https:\/\/agenciabrasil.ebc.com.br\/justica\/noticia\/2025-09\/panorama-espantoso-e-tenebroso-diz-gonet-sobre-plano-para-golpe\" target=\"_blank\" rel=\"noreferrer noopener\">den\u00fancia da Procuradoria-Geral da Rep\u00fablica (PGR)<\/a>, e os advogados de\u00a0<a href=\"https:\/\/agenciabrasil.ebc.com.br\/justica\/noticia\/2025-09\/confira-principais-defesas-feitas-no-2-dia-do-julgamento-de-bolsonaro\" target=\"_blank\" rel=\"noreferrer noopener\">defesa dos oito r\u00e9us<\/a>.<strong>\u00a0Acompanhe ao vivo <a href=\"http:\/\/Nesta ter\u00e7a-feira (9), a partir das 9h, a Primeira Turma do Supremo Tribunal Federal (STF) retoma o julgamento do n\u00facleo 1 da trama golpista, formado pelo ex-presidente Jair Bolsonaro e mais sete aliados. A partir desta sess\u00e3o, os seis membros do colegiado iniciam a vota\u00e7\u00e3o, uma vez que na primeira semana foram ouvidas a acusa\u00e7\u00e3o, a partir da den\u00fancia da Procuradoria-Geral da Rep\u00fablica (PGR), e os advogados de defesa dos oito r\u00e9us. Acompanhe ao vivo no player abaixo.      Como ser\u00e1 a vota\u00e7\u00e3o? Foram reservadas as sess\u00f5es dos dias 9,10,11 e 12 de setembro para finaliza\u00e7\u00e3o do julgamento. Na ter\u00e7a-feira (9), os trabalhos ser\u00e3o abertos pelo presidente da Primeira Turma, ministro Cristiano Zanin. Em seguida, ser\u00e1 passada a palavra ao relator, ministro Alexandre de Moraes, que ser\u00e1 o primeiro a votar. Ap\u00f3s o voto do relator, os demais integrantes da turma v\u00e3o proferir seus votos na seguinte sequ\u00eancia:  Fl\u00e1vio Dino; Luiz Fux; C\u00e1rmen L\u00facia; Cristiano Zanin. Em sua manifesta\u00e7\u00e3o, Moraes vai analisar quest\u00f5es preliminares suscitadas pelas defesas de Bolsonaro e dos demais acusados, como pedidos de nulidade da dela\u00e7\u00e3o premiada de Mauro Cid, ex-ajudante de ordens e um dos r\u00e9us, alega\u00e7\u00f5es de cerceamento de defesa, pedidos para retirar o caso do STF, al\u00e9m das solicita\u00e7\u00f5es de absolvi\u00e7\u00e3o.  Moraes poder\u00e1 solicitar que a turma delibere imediatamente sobre as quest\u00f5es preliminares ou deixar a an\u00e1lise desses quesitos para vota\u00e7\u00e3o conjunta com o m\u00e9rito. Ap\u00f3s a abordagem das quest\u00f5es preliminares, Moraes se pronunciar\u00e1 sobre o m\u00e9rito do processo, ou seja, se condena ou absolve os acusados e qual o tempo de cumprimento de pena.  A maioria de votos pela condena\u00e7\u00e3o ou absolvi\u00e7\u00e3o ocorrer\u00e1 com tr\u00eas dos cinco votos do colegiado.  Quem s\u00e3o os r\u00e9us? Jair Bolsonaro \u2013 ex-presidente da Rep\u00fablica; Alexandre Ramagem - ex-diretor da Ag\u00eancia Brasileira de Intelig\u00eancia (Abin); Almir Garnier - ex-comandante da Marinha; Anderson Torres - ex-ministro da Justi\u00e7a e ex-secret\u00e1rio de seguran\u00e7a do Distrito Federal; Augusto Heleno - ex-ministro do Gabinete de Seguran\u00e7a Institucional (GSI); Paulo S\u00e9rgio Nogueira - ex-ministro da Defesa; Walter Braga Netto - ex-ministro de Bolsonaro e candidato \u00e0 vice na chapa de 2022; Mauro Cid \u2013 ex-ajudante de ordens de Bolsonaro.\">AQUI<\/a>.\u00a0\u00a0<\/strong><img decoding=\"async\" src=\"https:\/\/agenciabrasil.ebc.com.br\/ebc.png?id=1657655&amp;o=node\"><img decoding=\"async\" src=\"https:\/\/agenciabrasil.ebc.com.br\/ebc.gif?id=1657655&amp;o=node\"><\/p>\n\n\n\n<p><strong>Como ser\u00e1 a vota\u00e7\u00e3o?<\/strong><\/p>\n\n\n\n<p>Foram reservadas as sess\u00f5es dos dias 9,10,11 e 12 de setembro para finaliza\u00e7\u00e3o do julgamento.&nbsp;Na ter\u00e7a-feira (9), os trabalhos ser\u00e3o abertos pelo presidente da Primeira Turma, ministro Cristiano Zanin.&nbsp;Em seguida, ser\u00e1 passada a palavra ao relator, ministro Alexandre de Moraes, que ser\u00e1 o primeiro a votar.&nbsp;Ap\u00f3s o voto do relator, os demais integrantes da turma v\u00e3o proferir seus votos na seguinte sequ\u00eancia:<\/p>\n\n\n\n<ul class=\"wp-block-list\">\n<li>Fl\u00e1vio Dino;<\/li>\n\n\n\n<li>Luiz Fux;<\/li>\n\n\n\n<li>C\u00e1rmen L\u00facia;<\/li>\n\n\n\n<li>Cristiano Zanin.<\/li>\n<\/ul>\n\n\n\n<p>Em sua manifesta\u00e7\u00e3o, Moraes vai analisar quest\u00f5es preliminares suscitadas pelas defesas de Bolsonaro&nbsp;e dos demais acusados, como pedidos de nulidade da dela\u00e7\u00e3o premiada de Mauro Cid, ex-ajudante de ordens e um dos r\u00e9us, alega\u00e7\u00f5es de cerceamento de defesa, pedidos para retirar o caso do STF, al\u00e9m das solicita\u00e7\u00f5es de absolvi\u00e7\u00e3o.<\/p>\n\n\n\n<p>Moraes poder\u00e1 solicitar que a turma delibere imediatamente sobre as quest\u00f5es preliminares ou deixar a an\u00e1lise desses quesitos para vota\u00e7\u00e3o conjunta com o m\u00e9rito. Ap\u00f3s a abordagem das quest\u00f5es preliminares, Moraes se pronunciar\u00e1 sobre o m\u00e9rito do processo, ou seja, se condena ou absolve os acusados e qual o tempo de cumprimento de pena.<\/p>\n\n\n\n<p><strong>A maioria de votos pela condena\u00e7\u00e3o ou absolvi\u00e7\u00e3o ocorrer\u00e1 com tr\u00eas dos cinco votos do colegiado.<\/strong><\/p>\n\n\n\n<p><strong>Quem s\u00e3o os r\u00e9us?<\/strong><\/p>\n\n\n\n<ul class=\"wp-block-list\">\n<li>Jair Bolsonaro\u00a0\u2013 ex-presidente da Rep\u00fablica;<\/li>\n\n\n\n<li>Alexandre Ramagem &#8211; ex-diretor da Ag\u00eancia Brasileira de Intelig\u00eancia (Abin);<\/li>\n\n\n\n<li>Almir Garnier &#8211; ex-comandante da Marinha;<\/li>\n\n\n\n<li>Anderson Torres &#8211; ex-ministro da Justi\u00e7a e ex-secret\u00e1rio de seguran\u00e7a do Distrito Federal;<\/li>\n\n\n\n<li>Augusto Heleno &#8211; ex-ministro do Gabinete de Seguran\u00e7a Institucional (GSI);<\/li>\n\n\n\n<li>Paulo S\u00e9rgio Nogueira &#8211; ex-ministro da Defesa;<\/li>\n\n\n\n<li>Walter Braga Netto &#8211; ex-ministro de Bolsonaro\u00a0e candidato \u00e0 vice na chapa de 2022;<\/li>\n\n\n\n<li>Mauro Cid \u2013 ex-ajudante de ordens de Bolsonaro.<\/li>\n<\/ul>\n","protected":false},"excerpt":{"rendered":"<p>Nesta ter\u00e7a-feira (9), a partir das 9h, a Primeira Turma do Supremo Tribunal Federal (STF) retoma o julgamento do n\u00facleo 1 da trama golpista, formado pelo ex-presidente Jair Bolsonaro e mais sete aliados.\u00a0A partir desta sess\u00e3o,\u00a0os seis membros do colegiado iniciam a vota\u00e7\u00e3o, uma vez que na primeira semana foram ouvidas a acusa\u00e7\u00e3o, a partir [&hellip;]<\/p>\n","protected":false},"author":13,"featured_media":86749,"comment_status":"open","ping_status":"open","sticky":false,"template":"","format":"standard","meta":{"_acf_changed":false,"footnotes":""},"categories":[20,23,21],"tags":[],"class_list":["post-86804","post","type-post","status-publish","format-standard","has-post-thumbnail","hentry","category-noticias-em-destaque","category-politica","category-todas-noticias"],"acf":[],"yoast_head":"<!-- This site is optimized with the Yoast SEO plugin v24.4 - https:\/\/yoast.com\/wordpress\/plugins\/seo\/ -->\n<title>Ao vivo: acompanhe vota\u00e7\u00e3o do julgamento de Bolsonaro no STF - PORTAL DE NOT\u00cdCIAS CLEITON PINHEIRO<\/title>\n<meta name=\"robots\" content=\"index, follow, max-snippet:-1, max-image-preview:large, max-video-preview:-1\" \/>\n<link rel=\"canonical\" href=\"https:\/\/cleitonpinheiro.com.br\/site\/ao-vivo-acompanhe-votacao-do-julgamento-de-bolsonaro-no-stf\/\" \/>\n<meta property=\"og:locale\" content=\"pt_BR\" \/>\n<meta property=\"og:type\" content=\"article\" \/>\n<meta property=\"og:title\" content=\"Ao vivo: acompanhe vota\u00e7\u00e3o do julgamento de Bolsonaro no STF - PORTAL DE NOT\u00cdCIAS CLEITON PINHEIRO\" \/>\n<meta property=\"og:description\" content=\"Nesta ter\u00e7a-feira (9), a partir das 9h, a Primeira Turma do Supremo Tribunal Federal (STF) retoma o julgamento do n\u00facleo 1 da trama golpista, formado pelo ex-presidente Jair Bolsonaro e mais sete aliados.\u00a0A partir desta sess\u00e3o,\u00a0os seis membros do colegiado iniciam a vota\u00e7\u00e3o, uma vez que na primeira semana foram ouvidas a acusa\u00e7\u00e3o, a partir [&hellip;]\" \/>\n<meta property=\"og:url\" content=\"https:\/\/cleitonpinheiro.com.br\/site\/ao-vivo-acompanhe-votacao-do-julgamento-de-bolsonaro-no-stf\/\" \/>\n<meta property=\"og:site_name\" content=\"PORTAL DE NOT\u00cdCIAS CLEITON PINHEIRO\" \/>\n<meta property=\"article:publisher\" content=\"https:\/\/www.facebook.com\/portalcpnoticias\/\" \/>\n<meta property=\"article:published_time\" content=\"2025-09-09T15:14:23+00:00\" \/>\n<meta property=\"article:modified_time\" content=\"2025-09-10T15:45:31+00:00\" \/>\n<meta property=\"og:image\" content=\"https:\/\/cleitonpinheiro.com.br\/site\/wp-content\/uploads\/2025\/09\/02092025-pzzb0372.webp\" \/>\n\t<meta property=\"og:image:width\" content=\"1170\" \/>\n\t<meta property=\"og:image:height\" content=\"700\" \/>\n\t<meta property=\"og:image:type\" content=\"image\/webp\" \/>\n<meta name=\"author\" content=\"Reda\u00e7\u00e3o CP\" \/>\n<meta name=\"twitter:card\" content=\"summary_large_image\" \/>\n<meta name=\"twitter:label1\" content=\"Escrito por\" \/>\n\t<meta name=\"twitter:data1\" content=\"Reda\u00e7\u00e3o CP\" \/>\n\t<meta name=\"twitter:label2\" content=\"Est. tempo de leitura\" \/>\n\t<meta name=\"twitter:data2\" content=\"3 minutos\" \/>\n<script type=\"application\/ld+json\" class=\"yoast-schema-graph\">{\"@context\":\"https:\/\/schema.org\",\"@graph\":[{\"@type\":\"Article\",\"@id\":\"https:\/\/cleitonpinheiro.com.br\/site\/ao-vivo-acompanhe-votacao-do-julgamento-de-bolsonaro-no-stf\/#article\",\"isPartOf\":{\"@id\":\"https:\/\/cleitonpinheiro.com.br\/site\/ao-vivo-acompanhe-votacao-do-julgamento-de-bolsonaro-no-stf\/\"},\"author\":{\"name\":\"Reda\u00e7\u00e3o CP\",\"@id\":\"https:\/\/cleitonpinheiro.com.br\/site\/#\/schema\/person\/8f04544e0bc40a1b68775b08360f87db\"},\"headline\":\"Ao vivo: acompanhe vota\u00e7\u00e3o do julgamento de Bolsonaro no STF\",\"datePublished\":\"2025-09-09T15:14:23+00:00\",\"dateModified\":\"2025-09-10T15:45:31+00:00\",\"mainEntityOfPage\":{\"@id\":\"https:\/\/cleitonpinheiro.com.br\/site\/ao-vivo-acompanhe-votacao-do-julgamento-de-bolsonaro-no-stf\/\"},\"wordCount\":411,\"commentCount\":0,\"publisher\":{\"@id\":\"https:\/\/cleitonpinheiro.com.br\/site\/#organization\"},\"image\":{\"@id\":\"https:\/\/cleitonpinheiro.com.br\/site\/ao-vivo-acompanhe-votacao-do-julgamento-de-bolsonaro-no-stf\/#primaryimage\"},\"thumbnailUrl\":\"https:\/\/cleitonpinheiro.com.br\/site\/wp-content\/uploads\/2025\/09\/02092025-pzzb0372.webp\",\"articleSection\":[\"NOT\u00cdCIAS EM DESTAQUE\",\"POL\u00cdTICA\",\"TODAS NOTICIAS\"],\"inLanguage\":\"pt-BR\",\"potentialAction\":[{\"@type\":\"CommentAction\",\"name\":\"Comment\",\"target\":[\"https:\/\/cleitonpinheiro.com.br\/site\/ao-vivo-acompanhe-votacao-do-julgamento-de-bolsonaro-no-stf\/#respond\"]}]},{\"@type\":\"WebPage\",\"@id\":\"https:\/\/cleitonpinheiro.com.br\/site\/ao-vivo-acompanhe-votacao-do-julgamento-de-bolsonaro-no-stf\/\",\"url\":\"https:\/\/cleitonpinheiro.com.br\/site\/ao-vivo-acompanhe-votacao-do-julgamento-de-bolsonaro-no-stf\/\",\"name\":\"Ao vivo: acompanhe vota\u00e7\u00e3o do julgamento de Bolsonaro no STF - PORTAL DE NOT\u00cdCIAS CLEITON PINHEIRO\",\"isPartOf\":{\"@id\":\"https:\/\/cleitonpinheiro.com.br\/site\/#website\"},\"primaryImageOfPage\":{\"@id\":\"https:\/\/cleitonpinheiro.com.br\/site\/ao-vivo-acompanhe-votacao-do-julgamento-de-bolsonaro-no-stf\/#primaryimage\"},\"image\":{\"@id\":\"https:\/\/cleitonpinheiro.com.br\/site\/ao-vivo-acompanhe-votacao-do-julgamento-de-bolsonaro-no-stf\/#primaryimage\"},\"thumbnailUrl\":\"https:\/\/cleitonpinheiro.com.br\/site\/wp-content\/uploads\/2025\/09\/02092025-pzzb0372.webp\",\"datePublished\":\"2025-09-09T15:14:23+00:00\",\"dateModified\":\"2025-09-10T15:45:31+00:00\",\"breadcrumb\":{\"@id\":\"https:\/\/cleitonpinheiro.com.br\/site\/ao-vivo-acompanhe-votacao-do-julgamento-de-bolsonaro-no-stf\/#breadcrumb\"},\"inLanguage\":\"pt-BR\",\"potentialAction\":[{\"@type\":\"ReadAction\",\"target\":[\"https:\/\/cleitonpinheiro.com.br\/site\/ao-vivo-acompanhe-votacao-do-julgamento-de-bolsonaro-no-stf\/\"]}]},{\"@type\":\"ImageObject\",\"inLanguage\":\"pt-BR\",\"@id\":\"https:\/\/cleitonpinheiro.com.br\/site\/ao-vivo-acompanhe-votacao-do-julgamento-de-bolsonaro-no-stf\/#primaryimage\",\"url\":\"https:\/\/cleitonpinheiro.com.br\/site\/wp-content\/uploads\/2025\/09\/02092025-pzzb0372.webp\",\"contentUrl\":\"https:\/\/cleitonpinheiro.com.br\/site\/wp-content\/uploads\/2025\/09\/02092025-pzzb0372.webp\",\"width\":1170,\"height\":700,\"caption\":\"\u00a9 Fabio Rodrigues-Pozzebom\/ Ag\u00eancia Brasil\"},{\"@type\":\"BreadcrumbList\",\"@id\":\"https:\/\/cleitonpinheiro.com.br\/site\/ao-vivo-acompanhe-votacao-do-julgamento-de-bolsonaro-no-stf\/#breadcrumb\",\"itemListElement\":[{\"@type\":\"ListItem\",\"position\":1,\"name\":\"In\u00edcio\",\"item\":\"https:\/\/cleitonpinheiro.com.br\/site\/\"},{\"@type\":\"ListItem\",\"position\":2,\"name\":\"Ao vivo: acompanhe vota\u00e7\u00e3o do julgamento de Bolsonaro no STF\"}]},{\"@type\":\"WebSite\",\"@id\":\"https:\/\/cleitonpinheiro.com.br\/site\/#website\",\"url\":\"https:\/\/cleitonpinheiro.com.br\/site\/\",\"name\":\"PORTAL DE NOT\u00cdCIAS CLEITON PINHEIRO\",\"description\":\"FALANDO A VERDADE\",\"publisher\":{\"@id\":\"https:\/\/cleitonpinheiro.com.br\/site\/#organization\"},\"potentialAction\":[{\"@type\":\"SearchAction\",\"target\":{\"@type\":\"EntryPoint\",\"urlTemplate\":\"https:\/\/cleitonpinheiro.com.br\/site\/?s={search_term_string}\"},\"query-input\":{\"@type\":\"PropertyValueSpecification\",\"valueRequired\":true,\"valueName\":\"search_term_string\"}}],\"inLanguage\":\"pt-BR\"},{\"@type\":\"Organization\",\"@id\":\"https:\/\/cleitonpinheiro.com.br\/site\/#organization\",\"name\":\"CPNOT\u00cdCIAS\",\"url\":\"https:\/\/cleitonpinheiro.com.br\/site\/\",\"logo\":{\"@type\":\"ImageObject\",\"inLanguage\":\"pt-BR\",\"@id\":\"https:\/\/cleitonpinheiro.com.br\/site\/#\/schema\/logo\/image\/\",\"url\":\"https:\/\/cleitonpinheiro.com.br\/site\/wp-content\/uploads\/2022\/08\/Logo-pequena-2.png\",\"contentUrl\":\"https:\/\/cleitonpinheiro.com.br\/site\/wp-content\/uploads\/2022\/08\/Logo-pequena-2.png\",\"width\":500,\"height\":500,\"caption\":\"CPNOT\u00cdCIAS\"},\"image\":{\"@id\":\"https:\/\/cleitonpinheiro.com.br\/site\/#\/schema\/logo\/image\/\"},\"sameAs\":[\"https:\/\/www.facebook.com\/portalcpnoticias\/\"]},{\"@type\":\"Person\",\"@id\":\"https:\/\/cleitonpinheiro.com.br\/site\/#\/schema\/person\/8f04544e0bc40a1b68775b08360f87db\",\"name\":\"Reda\u00e7\u00e3o CP\",\"image\":{\"@type\":\"ImageObject\",\"inLanguage\":\"pt-BR\",\"@id\":\"https:\/\/cleitonpinheiro.com.br\/site\/#\/schema\/person\/image\/\",\"url\":\"https:\/\/secure.gravatar.com\/avatar\/0bcf19cb29fdc8fc588c490c7ae1b3e174dac268586a63fbe1d1893a0f9020cd?s=96&r=g\",\"contentUrl\":\"https:\/\/secure.gravatar.com\/avatar\/0bcf19cb29fdc8fc588c490c7ae1b3e174dac268586a63fbe1d1893a0f9020cd?s=96&r=g\",\"caption\":\"Reda\u00e7\u00e3o CP\"},\"url\":\"https:\/\/cleitonpinheiro.com.br\/site\/author\/redacao\/\"}]}<\/script>\n<!-- \/ Yoast SEO plugin. -->","yoast_head_json":{"title":"Ao vivo: acompanhe vota\u00e7\u00e3o do julgamento de Bolsonaro no STF - PORTAL DE NOT\u00cdCIAS CLEITON PINHEIRO","robots":{"index":"index","follow":"follow","max-snippet":"max-snippet:-1","max-image-preview":"max-image-preview:large","max-video-preview":"max-video-preview:-1"},"canonical":"https:\/\/cleitonpinheiro.com.br\/site\/ao-vivo-acompanhe-votacao-do-julgamento-de-bolsonaro-no-stf\/","og_locale":"pt_BR","og_type":"article","og_title":"Ao vivo: acompanhe vota\u00e7\u00e3o do julgamento de Bolsonaro no STF - PORTAL DE NOT\u00cdCIAS CLEITON PINHEIRO","og_description":"Nesta ter\u00e7a-feira (9), a partir das 9h, a Primeira Turma do Supremo Tribunal Federal (STF) retoma o julgamento do n\u00facleo 1 da trama golpista, formado pelo ex-presidente Jair Bolsonaro e mais sete aliados.\u00a0A partir desta sess\u00e3o,\u00a0os seis membros do colegiado iniciam a vota\u00e7\u00e3o, uma vez que na primeira semana foram ouvidas a acusa\u00e7\u00e3o, a partir [&hellip;]","og_url":"https:\/\/cleitonpinheiro.com.br\/site\/ao-vivo-acompanhe-votacao-do-julgamento-de-bolsonaro-no-stf\/","og_site_name":"PORTAL DE NOT\u00cdCIAS CLEITON PINHEIRO","article_publisher":"https:\/\/www.facebook.com\/portalcpnoticias\/","article_published_time":"2025-09-09T15:14:23+00:00","article_modified_time":"2025-09-10T15:45:31+00:00","og_image":[{"width":1170,"height":700,"url":"https:\/\/cleitonpinheiro.com.br\/site\/wp-content\/uploads\/2025\/09\/02092025-pzzb0372.webp","type":"image\/webp"}],"author":"Reda\u00e7\u00e3o CP","twitter_card":"summary_large_image","twitter_misc":{"Escrito por":"Reda\u00e7\u00e3o CP","Est. tempo de leitura":"3 minutos"},"schema":{"@context":"https:\/\/schema.org","@graph":[{"@type":"Article","@id":"https:\/\/cleitonpinheiro.com.br\/site\/ao-vivo-acompanhe-votacao-do-julgamento-de-bolsonaro-no-stf\/#article","isPartOf":{"@id":"https:\/\/cleitonpinheiro.com.br\/site\/ao-vivo-acompanhe-votacao-do-julgamento-de-bolsonaro-no-stf\/"},"author":{"name":"Reda\u00e7\u00e3o CP","@id":"https:\/\/cleitonpinheiro.com.br\/site\/#\/schema\/person\/8f04544e0bc40a1b68775b08360f87db"},"headline":"Ao vivo: acompanhe vota\u00e7\u00e3o do julgamento de Bolsonaro no STF","datePublished":"2025-09-09T15:14:23+00:00","dateModified":"2025-09-10T15:45:31+00:00","mainEntityOfPage":{"@id":"https:\/\/cleitonpinheiro.com.br\/site\/ao-vivo-acompanhe-votacao-do-julgamento-de-bolsonaro-no-stf\/"},"wordCount":411,"commentCount":0,"publisher":{"@id":"https:\/\/cleitonpinheiro.com.br\/site\/#organization"},"image":{"@id":"https:\/\/cleitonpinheiro.com.br\/site\/ao-vivo-acompanhe-votacao-do-julgamento-de-bolsonaro-no-stf\/#primaryimage"},"thumbnailUrl":"https:\/\/cleitonpinheiro.com.br\/site\/wp-content\/uploads\/2025\/09\/02092025-pzzb0372.webp","articleSection":["NOT\u00cdCIAS EM DESTAQUE","POL\u00cdTICA","TODAS NOTICIAS"],"inLanguage":"pt-BR","potentialAction":[{"@type":"CommentAction","name":"Comment","target":["https:\/\/cleitonpinheiro.com.br\/site\/ao-vivo-acompanhe-votacao-do-julgamento-de-bolsonaro-no-stf\/#respond"]}]},{"@type":"WebPage","@id":"https:\/\/cleitonpinheiro.com.br\/site\/ao-vivo-acompanhe-votacao-do-julgamento-de-bolsonaro-no-stf\/","url":"https:\/\/cleitonpinheiro.com.br\/site\/ao-vivo-acompanhe-votacao-do-julgamento-de-bolsonaro-no-stf\/","name":"Ao vivo: acompanhe vota\u00e7\u00e3o do julgamento de Bolsonaro no STF - PORTAL DE NOT\u00cdCIAS CLEITON PINHEIRO","isPartOf":{"@id":"https:\/\/cleitonpinheiro.com.br\/site\/#website"},"primaryImageOfPage":{"@id":"https:\/\/cleitonpinheiro.com.br\/site\/ao-vivo-acompanhe-votacao-do-julgamento-de-bolsonaro-no-stf\/#primaryimage"},"image":{"@id":"https:\/\/cleitonpinheiro.com.br\/site\/ao-vivo-acompanhe-votacao-do-julgamento-de-bolsonaro-no-stf\/#primaryimage"},"thumbnailUrl":"https:\/\/cleitonpinheiro.com.br\/site\/wp-content\/uploads\/2025\/09\/02092025-pzzb0372.webp","datePublished":"2025-09-09T15:14:23+00:00","dateModified":"2025-09-10T15:45:31+00:00","breadcrumb":{"@id":"https:\/\/cleitonpinheiro.com.br\/site\/ao-vivo-acompanhe-votacao-do-julgamento-de-bolsonaro-no-stf\/#breadcrumb"},"inLanguage":"pt-BR","potentialAction":[{"@type":"ReadAction","target":["https:\/\/cleitonpinheiro.com.br\/site\/ao-vivo-acompanhe-votacao-do-julgamento-de-bolsonaro-no-stf\/"]}]},{"@type":"ImageObject","inLanguage":"pt-BR","@id":"https:\/\/cleitonpinheiro.com.br\/site\/ao-vivo-acompanhe-votacao-do-julgamento-de-bolsonaro-no-stf\/#primaryimage","url":"https:\/\/cleitonpinheiro.com.br\/site\/wp-content\/uploads\/2025\/09\/02092025-pzzb0372.webp","contentUrl":"https:\/\/cleitonpinheiro.com.br\/site\/wp-content\/uploads\/2025\/09\/02092025-pzzb0372.webp","width":1170,"height":700,"caption":"\u00a9 Fabio Rodrigues-Pozzebom\/ Ag\u00eancia Brasil"},{"@type":"BreadcrumbList","@id":"https:\/\/cleitonpinheiro.com.br\/site\/ao-vivo-acompanhe-votacao-do-julgamento-de-bolsonaro-no-stf\/#breadcrumb","itemListElement":[{"@type":"ListItem","position":1,"name":"In\u00edcio","item":"https:\/\/cleitonpinheiro.com.br\/site\/"},{"@type":"ListItem","position":2,"name":"Ao vivo: acompanhe vota\u00e7\u00e3o do julgamento de Bolsonaro no STF"}]},{"@type":"WebSite","@id":"https:\/\/cleitonpinheiro.com.br\/site\/#website","url":"https:\/\/cleitonpinheiro.com.br\/site\/","name":"PORTAL DE NOT\u00cdCIAS CLEITON PINHEIRO","description":"FALANDO A VERDADE","publisher":{"@id":"https:\/\/cleitonpinheiro.com.br\/site\/#organization"},"potentialAction":[{"@type":"SearchAction","target":{"@type":"EntryPoint","urlTemplate":"https:\/\/cleitonpinheiro.com.br\/site\/?s={search_term_string}"},"query-input":{"@type":"PropertyValueSpecification","valueRequired":true,"valueName":"search_term_string"}}],"inLanguage":"pt-BR"},{"@type":"Organization","@id":"https:\/\/cleitonpinheiro.com.br\/site\/#organization","name":"CPNOT\u00cdCIAS","url":"https:\/\/cleitonpinheiro.com.br\/site\/","logo":{"@type":"ImageObject","inLanguage":"pt-BR","@id":"https:\/\/cleitonpinheiro.com.br\/site\/#\/schema\/logo\/image\/","url":"https:\/\/cleitonpinheiro.com.br\/site\/wp-content\/uploads\/2022\/08\/Logo-pequena-2.png","contentUrl":"https:\/\/cleitonpinheiro.com.br\/site\/wp-content\/uploads\/2022\/08\/Logo-pequena-2.png","width":500,"height":500,"caption":"CPNOT\u00cdCIAS"},"image":{"@id":"https:\/\/cleitonpinheiro.com.br\/site\/#\/schema\/logo\/image\/"},"sameAs":["https:\/\/www.facebook.com\/portalcpnoticias\/"]},{"@type":"Person","@id":"https:\/\/cleitonpinheiro.com.br\/site\/#\/schema\/person\/8f04544e0bc40a1b68775b08360f87db","name":"Reda\u00e7\u00e3o CP","image":{"@type":"ImageObject","inLanguage":"pt-BR","@id":"https:\/\/cleitonpinheiro.com.br\/site\/#\/schema\/person\/image\/","url":"https:\/\/secure.gravatar.com\/avatar\/0bcf19cb29fdc8fc588c490c7ae1b3e174dac268586a63fbe1d1893a0f9020cd?s=96&r=g","contentUrl":"https:\/\/secure.gravatar.com\/avatar\/0bcf19cb29fdc8fc588c490c7ae1b3e174dac268586a63fbe1d1893a0f9020cd?s=96&r=g","caption":"Reda\u00e7\u00e3o CP"},"url":"https:\/\/cleitonpinheiro.com.br\/site\/author\/redacao\/"}]}},"views":125,"_links":{"self":[{"href":"https:\/\/cleitonpinheiro.com.br\/site\/wp-json\/wp\/v2\/posts\/86804","targetHints":{"allow":["GET"]}}],"collection":[{"href":"https:\/\/cleitonpinheiro.com.br\/site\/wp-json\/wp\/v2\/posts"}],"about":[{"href":"https:\/\/cleitonpinheiro.com.br\/site\/wp-json\/wp\/v2\/types\/post"}],"author":[{"embeddable":true,"href":"https:\/\/cleitonpinheiro.com.br\/site\/wp-json\/wp\/v2\/users\/13"}],"replies":[{"embeddable":true,"href":"https:\/\/cleitonpinheiro.com.br\/site\/wp-json\/wp\/v2\/comments?post=86804"}],"version-history":[{"count":1,"href":"https:\/\/cleitonpinheiro.com.br\/site\/wp-json\/wp\/v2\/posts\/86804\/revisions"}],"predecessor-version":[{"id":86806,"href":"https:\/\/cleitonpinheiro.com.br\/site\/wp-json\/wp\/v2\/posts\/86804\/revisions\/86806"}],"wp:featuredmedia":[{"embeddable":true,"href":"https:\/\/cleitonpinheiro.com.br\/site\/wp-json\/wp\/v2\/media\/86749"}],"wp:attachment":[{"href":"https:\/\/cleitonpinheiro.com.br\/site\/wp-json\/wp\/v2\/media?parent=86804"}],"wp:term":[{"taxonomy":"category","embeddable":true,"href":"https:\/\/cleitonpinheiro.com.br\/site\/wp-json\/wp\/v2\/categories?post=86804"},{"taxonomy":"post_tag","embeddable":true,"href":"https:\/\/cleitonpinheiro.com.br\/site\/wp-json\/wp\/v2\/tags?post=86804"}],"curies":[{"name":"wp","href":"https:\/\/api.w.org\/{rel}","templated":true}]}}