{"id":86815,"date":"2025-09-09T18:24:37","date_gmt":"2025-09-09T21:24:37","guid":{"rendered":"https:\/\/cleitonpinheiro.com.br\/site\/?p=86815"},"modified":"2025-09-09T18:24:45","modified_gmt":"2025-09-09T21:24:45","slug":"stf-vai-analisar-recurso-de-wanderlei-barbosa-em-caso-de-desvios-na-pandemia","status":"publish","type":"post","link":"https:\/\/cleitonpinheiro.com.br\/site\/stf-vai-analisar-recurso-de-wanderlei-barbosa-em-caso-de-desvios-na-pandemia\/","title":{"rendered":"STF vai analisar recurso de Wanderlei Barbosa em caso de desvios na pandemia"},"content":{"rendered":"\n<figure class=\"wp-block-image size-full\"><img decoding=\"async\" src=\"https:\/\/cleitonpinheiro.com.br\/site\/wp-content\/uploads\/2023\/08\/53010928906_85e35fc589_c.jpg\" alt=\"\" class=\"wp-image-73299\"\/><figcaption class=\"wp-element-caption\">Foto: Carlos Moura\/SCO\/STF<\/figcaption><\/figure>\n\n\n\n<p>O ministro Edson Fachin, do Supremo Tribunal Federal (STF), ser\u00e1 o relator do recurso apresentado pelo governador afastado do Tocantins, Wanderlei Barbosa (Republicanos). O processo est\u00e1 relacionado \u00e0 Opera\u00e7\u00e3o Fames-19, que investiga o desvio de recursos destinados \u00e0 compra de cestas b\u00e1sicas durante a pandemia da covid-19, entre 2020 e 2021.<\/p>\n\n\n\n<p>Segundo a Pol\u00edcia Federal, do total de R$ 97 milh\u00f5es destinados ao programa, R$ 73 milh\u00f5es teriam sido desviados por meio de um esquema fraudulento. O caso levou ao afastamento de Wanderlei do cargo por decis\u00e3o do Superior Tribunal de Justi\u00e7a (STJ).<\/p>\n\n\n\n<p>Agora, caber\u00e1 a Fachin analisar o recurso do governador. A expectativa \u00e9 de que a decis\u00e3o do Supremo defina os pr\u00f3ximos passos do processo, que envolve acusa\u00e7\u00f5es de corrup\u00e7\u00e3o e improbidade administrativa.<\/p>\n\n\n\n<p>Al\u00e9m da relatoria do caso, Fachin assumir\u00e1 a presid\u00eancia do STF no pr\u00f3ximo dia 29 de setembro, em substitui\u00e7\u00e3o \u00e0 ministra Rosa Weber, que se aposenta da Corte.<\/p>\n","protected":false},"excerpt":{"rendered":"<p>O ministro Edson Fachin, do Supremo Tribunal Federal (STF), ser\u00e1 o relator do recurso apresentado pelo governador afastado do Tocantins, Wanderlei Barbosa (Republicanos). O processo est\u00e1 relacionado \u00e0 Opera\u00e7\u00e3o Fames-19, que investiga o desvio de recursos destinados \u00e0 compra de cestas b\u00e1sicas durante a pandemia da covid-19, entre 2020 e 2021. Segundo a Pol\u00edcia Federal, [&hellip;]<\/p>\n","protected":false},"author":13,"featured_media":0,"comment_status":"open","ping_status":"open","sticky":false,"template":"","format":"standard","meta":{"_acf_changed":false,"footnotes":""},"categories":[898,23,21],"tags":[],"class_list":["post-86815","post","type-post","status-publish","format-standard","hentry","category-manchete-segundaria","category-politica","category-todas-noticias"],"acf":[],"yoast_head":"<!-- This site is optimized with the Yoast SEO plugin v24.4 - https:\/\/yoast.com\/wordpress\/plugins\/seo\/ -->\n<title>STF vai analisar recurso de Wanderlei Barbosa em caso de desvios na pandemia - PORTAL DE NOT\u00cdCIAS CLEITON PINHEIRO<\/title>\n<meta name=\"robots\" content=\"index, follow, max-snippet:-1, max-image-preview:large, max-video-preview:-1\" \/>\n<link rel=\"canonical\" href=\"https:\/\/cleitonpinheiro.com.br\/site\/stf-vai-analisar-recurso-de-wanderlei-barbosa-em-caso-de-desvios-na-pandemia\/\" \/>\n<meta property=\"og:locale\" content=\"pt_BR\" \/>\n<meta property=\"og:type\" content=\"article\" \/>\n<meta property=\"og:title\" content=\"STF vai analisar recurso de Wanderlei Barbosa em caso de desvios na pandemia - PORTAL DE NOT\u00cdCIAS CLEITON PINHEIRO\" \/>\n<meta property=\"og:description\" content=\"O ministro Edson Fachin, do Supremo Tribunal Federal (STF), ser\u00e1 o relator do recurso apresentado pelo governador afastado do Tocantins, Wanderlei Barbosa (Republicanos). O processo est\u00e1 relacionado \u00e0 Opera\u00e7\u00e3o Fames-19, que investiga o desvio de recursos destinados \u00e0 compra de cestas b\u00e1sicas durante a pandemia da covid-19, entre 2020 e 2021. Segundo a Pol\u00edcia Federal, [&hellip;]\" \/>\n<meta property=\"og:url\" content=\"https:\/\/cleitonpinheiro.com.br\/site\/stf-vai-analisar-recurso-de-wanderlei-barbosa-em-caso-de-desvios-na-pandemia\/\" \/>\n<meta property=\"og:site_name\" content=\"PORTAL DE NOT\u00cdCIAS CLEITON PINHEIRO\" \/>\n<meta property=\"article:publisher\" content=\"https:\/\/www.facebook.com\/portalcpnoticias\/\" \/>\n<meta property=\"article:published_time\" content=\"2025-09-09T21:24:37+00:00\" \/>\n<meta property=\"article:modified_time\" content=\"2025-09-09T21:24:45+00:00\" \/>\n<meta property=\"og:image\" content=\"https:\/\/cleitonpinheiro.com.br\/site\/wp-content\/uploads\/2023\/08\/53010928906_85e35fc589_c.jpg\" \/>\n\t<meta property=\"og:image:width\" content=\"799\" \/>\n\t<meta property=\"og:image:height\" content=\"533\" \/>\n\t<meta property=\"og:image:type\" content=\"image\/jpeg\" \/>\n<meta name=\"author\" content=\"Reda\u00e7\u00e3o CP\" \/>\n<meta name=\"twitter:card\" content=\"summary_large_image\" \/>\n<meta name=\"twitter:label1\" content=\"Escrito por\" \/>\n\t<meta name=\"twitter:data1\" content=\"Reda\u00e7\u00e3o CP\" \/>\n\t<meta name=\"twitter:label2\" content=\"Est. tempo de leitura\" \/>\n\t<meta name=\"twitter:data2\" content=\"2 minutos\" \/>\n<script type=\"application\/ld+json\" class=\"yoast-schema-graph\">{\"@context\":\"https:\/\/schema.org\",\"@graph\":[{\"@type\":\"Article\",\"@id\":\"https:\/\/cleitonpinheiro.com.br\/site\/stf-vai-analisar-recurso-de-wanderlei-barbosa-em-caso-de-desvios-na-pandemia\/#article\",\"isPartOf\":{\"@id\":\"https:\/\/cleitonpinheiro.com.br\/site\/stf-vai-analisar-recurso-de-wanderlei-barbosa-em-caso-de-desvios-na-pandemia\/\"},\"author\":{\"name\":\"Reda\u00e7\u00e3o CP\",\"@id\":\"https:\/\/cleitonpinheiro.com.br\/site\/#\/schema\/person\/8f04544e0bc40a1b68775b08360f87db\"},\"headline\":\"STF vai analisar recurso de Wanderlei Barbosa em caso de desvios na pandemia\",\"datePublished\":\"2025-09-09T21:24:37+00:00\",\"dateModified\":\"2025-09-09T21:24:45+00:00\",\"mainEntityOfPage\":{\"@id\":\"https:\/\/cleitonpinheiro.com.br\/site\/stf-vai-analisar-recurso-de-wanderlei-barbosa-em-caso-de-desvios-na-pandemia\/\"},\"wordCount\":177,\"commentCount\":0,\"publisher\":{\"@id\":\"https:\/\/cleitonpinheiro.com.br\/site\/#organization\"},\"image\":{\"@id\":\"https:\/\/cleitonpinheiro.com.br\/site\/stf-vai-analisar-recurso-de-wanderlei-barbosa-em-caso-de-desvios-na-pandemia\/#primaryimage\"},\"thumbnailUrl\":\"https:\/\/cleitonpinheiro.com.br\/site\/wp-content\/uploads\/2023\/08\/53010928906_85e35fc589_c.jpg\",\"articleSection\":[\"MANCHETE SEGUND\u00c1RIA\",\"POL\u00cdTICA\",\"TODAS NOTICIAS\"],\"inLanguage\":\"pt-BR\",\"potentialAction\":[{\"@type\":\"CommentAction\",\"name\":\"Comment\",\"target\":[\"https:\/\/cleitonpinheiro.com.br\/site\/stf-vai-analisar-recurso-de-wanderlei-barbosa-em-caso-de-desvios-na-pandemia\/#respond\"]}]},{\"@type\":\"WebPage\",\"@id\":\"https:\/\/cleitonpinheiro.com.br\/site\/stf-vai-analisar-recurso-de-wanderlei-barbosa-em-caso-de-desvios-na-pandemia\/\",\"url\":\"https:\/\/cleitonpinheiro.com.br\/site\/stf-vai-analisar-recurso-de-wanderlei-barbosa-em-caso-de-desvios-na-pandemia\/\",\"name\":\"STF vai analisar recurso de Wanderlei Barbosa em caso de desvios na pandemia - PORTAL DE NOT\u00cdCIAS CLEITON PINHEIRO\",\"isPartOf\":{\"@id\":\"https:\/\/cleitonpinheiro.com.br\/site\/#website\"},\"primaryImageOfPage\":{\"@id\":\"https:\/\/cleitonpinheiro.com.br\/site\/stf-vai-analisar-recurso-de-wanderlei-barbosa-em-caso-de-desvios-na-pandemia\/#primaryimage\"},\"image\":{\"@id\":\"https:\/\/cleitonpinheiro.com.br\/site\/stf-vai-analisar-recurso-de-wanderlei-barbosa-em-caso-de-desvios-na-pandemia\/#primaryimage\"},\"thumbnailUrl\":\"https:\/\/cleitonpinheiro.com.br\/site\/wp-content\/uploads\/2023\/08\/53010928906_85e35fc589_c.jpg\",\"datePublished\":\"2025-09-09T21:24:37+00:00\",\"dateModified\":\"2025-09-09T21:24:45+00:00\",\"breadcrumb\":{\"@id\":\"https:\/\/cleitonpinheiro.com.br\/site\/stf-vai-analisar-recurso-de-wanderlei-barbosa-em-caso-de-desvios-na-pandemia\/#breadcrumb\"},\"inLanguage\":\"pt-BR\",\"potentialAction\":[{\"@type\":\"ReadAction\",\"target\":[\"https:\/\/cleitonpinheiro.com.br\/site\/stf-vai-analisar-recurso-de-wanderlei-barbosa-em-caso-de-desvios-na-pandemia\/\"]}]},{\"@type\":\"ImageObject\",\"inLanguage\":\"pt-BR\",\"@id\":\"https:\/\/cleitonpinheiro.com.br\/site\/stf-vai-analisar-recurso-de-wanderlei-barbosa-em-caso-de-desvios-na-pandemia\/#primaryimage\",\"url\":\"\",\"contentUrl\":\"\"},{\"@type\":\"BreadcrumbList\",\"@id\":\"https:\/\/cleitonpinheiro.com.br\/site\/stf-vai-analisar-recurso-de-wanderlei-barbosa-em-caso-de-desvios-na-pandemia\/#breadcrumb\",\"itemListElement\":[{\"@type\":\"ListItem\",\"position\":1,\"name\":\"In\u00edcio\",\"item\":\"https:\/\/cleitonpinheiro.com.br\/site\/\"},{\"@type\":\"ListItem\",\"position\":2,\"name\":\"STF vai analisar recurso de Wanderlei Barbosa em caso de desvios na pandemia\"}]},{\"@type\":\"WebSite\",\"@id\":\"https:\/\/cleitonpinheiro.com.br\/site\/#website\",\"url\":\"https:\/\/cleitonpinheiro.com.br\/site\/\",\"name\":\"PORTAL DE NOT\u00cdCIAS CLEITON PINHEIRO\",\"description\":\"FALANDO A VERDADE\",\"publisher\":{\"@id\":\"https:\/\/cleitonpinheiro.com.br\/site\/#organization\"},\"potentialAction\":[{\"@type\":\"SearchAction\",\"target\":{\"@type\":\"EntryPoint\",\"urlTemplate\":\"https:\/\/cleitonpinheiro.com.br\/site\/?s={search_term_string}\"},\"query-input\":{\"@type\":\"PropertyValueSpecification\",\"valueRequired\":true,\"valueName\":\"search_term_string\"}}],\"inLanguage\":\"pt-BR\"},{\"@type\":\"Organization\",\"@id\":\"https:\/\/cleitonpinheiro.com.br\/site\/#organization\",\"name\":\"CPNOT\u00cdCIAS\",\"url\":\"https:\/\/cleitonpinheiro.com.br\/site\/\",\"logo\":{\"@type\":\"ImageObject\",\"inLanguage\":\"pt-BR\",\"@id\":\"https:\/\/cleitonpinheiro.com.br\/site\/#\/schema\/logo\/image\/\",\"url\":\"https:\/\/cleitonpinheiro.com.br\/site\/wp-content\/uploads\/2022\/08\/Logo-pequena-2.png\",\"contentUrl\":\"https:\/\/cleitonpinheiro.com.br\/site\/wp-content\/uploads\/2022\/08\/Logo-pequena-2.png\",\"width\":500,\"height\":500,\"caption\":\"CPNOT\u00cdCIAS\"},\"image\":{\"@id\":\"https:\/\/cleitonpinheiro.com.br\/site\/#\/schema\/logo\/image\/\"},\"sameAs\":[\"https:\/\/www.facebook.com\/portalcpnoticias\/\"]},{\"@type\":\"Person\",\"@id\":\"https:\/\/cleitonpinheiro.com.br\/site\/#\/schema\/person\/8f04544e0bc40a1b68775b08360f87db\",\"name\":\"Reda\u00e7\u00e3o CP\",\"image\":{\"@type\":\"ImageObject\",\"inLanguage\":\"pt-BR\",\"@id\":\"https:\/\/cleitonpinheiro.com.br\/site\/#\/schema\/person\/image\/\",\"url\":\"https:\/\/secure.gravatar.com\/avatar\/0bcf19cb29fdc8fc588c490c7ae1b3e174dac268586a63fbe1d1893a0f9020cd?s=96&r=g\",\"contentUrl\":\"https:\/\/secure.gravatar.com\/avatar\/0bcf19cb29fdc8fc588c490c7ae1b3e174dac268586a63fbe1d1893a0f9020cd?s=96&r=g\",\"caption\":\"Reda\u00e7\u00e3o CP\"},\"url\":\"https:\/\/cleitonpinheiro.com.br\/site\/author\/redacao\/\"}]}<\/script>\n<!-- \/ Yoast SEO plugin. -->","yoast_head_json":{"title":"STF vai analisar recurso de Wanderlei Barbosa em caso de desvios na pandemia - PORTAL DE NOT\u00cdCIAS CLEITON PINHEIRO","robots":{"index":"index","follow":"follow","max-snippet":"max-snippet:-1","max-image-preview":"max-image-preview:large","max-video-preview":"max-video-preview:-1"},"canonical":"https:\/\/cleitonpinheiro.com.br\/site\/stf-vai-analisar-recurso-de-wanderlei-barbosa-em-caso-de-desvios-na-pandemia\/","og_locale":"pt_BR","og_type":"article","og_title":"STF vai analisar recurso de Wanderlei Barbosa em caso de desvios na pandemia - PORTAL DE NOT\u00cdCIAS CLEITON PINHEIRO","og_description":"O ministro Edson Fachin, do Supremo Tribunal Federal (STF), ser\u00e1 o relator do recurso apresentado pelo governador afastado do Tocantins, Wanderlei Barbosa (Republicanos). O processo est\u00e1 relacionado \u00e0 Opera\u00e7\u00e3o Fames-19, que investiga o desvio de recursos destinados \u00e0 compra de cestas b\u00e1sicas durante a pandemia da covid-19, entre 2020 e 2021. Segundo a Pol\u00edcia Federal, [&hellip;]","og_url":"https:\/\/cleitonpinheiro.com.br\/site\/stf-vai-analisar-recurso-de-wanderlei-barbosa-em-caso-de-desvios-na-pandemia\/","og_site_name":"PORTAL DE NOT\u00cdCIAS CLEITON PINHEIRO","article_publisher":"https:\/\/www.facebook.com\/portalcpnoticias\/","article_published_time":"2025-09-09T21:24:37+00:00","article_modified_time":"2025-09-09T21:24:45+00:00","og_image":[{"width":799,"height":533,"url":"https:\/\/cleitonpinheiro.com.br\/site\/wp-content\/uploads\/2023\/08\/53010928906_85e35fc589_c.jpg","type":"image\/jpeg"}],"author":"Reda\u00e7\u00e3o CP","twitter_card":"summary_large_image","twitter_misc":{"Escrito por":"Reda\u00e7\u00e3o CP","Est. tempo de leitura":"2 minutos"},"schema":{"@context":"https:\/\/schema.org","@graph":[{"@type":"Article","@id":"https:\/\/cleitonpinheiro.com.br\/site\/stf-vai-analisar-recurso-de-wanderlei-barbosa-em-caso-de-desvios-na-pandemia\/#article","isPartOf":{"@id":"https:\/\/cleitonpinheiro.com.br\/site\/stf-vai-analisar-recurso-de-wanderlei-barbosa-em-caso-de-desvios-na-pandemia\/"},"author":{"name":"Reda\u00e7\u00e3o CP","@id":"https:\/\/cleitonpinheiro.com.br\/site\/#\/schema\/person\/8f04544e0bc40a1b68775b08360f87db"},"headline":"STF vai analisar recurso de Wanderlei Barbosa em caso de desvios na pandemia","datePublished":"2025-09-09T21:24:37+00:00","dateModified":"2025-09-09T21:24:45+00:00","mainEntityOfPage":{"@id":"https:\/\/cleitonpinheiro.com.br\/site\/stf-vai-analisar-recurso-de-wanderlei-barbosa-em-caso-de-desvios-na-pandemia\/"},"wordCount":177,"commentCount":0,"publisher":{"@id":"https:\/\/cleitonpinheiro.com.br\/site\/#organization"},"image":{"@id":"https:\/\/cleitonpinheiro.com.br\/site\/stf-vai-analisar-recurso-de-wanderlei-barbosa-em-caso-de-desvios-na-pandemia\/#primaryimage"},"thumbnailUrl":"https:\/\/cleitonpinheiro.com.br\/site\/wp-content\/uploads\/2023\/08\/53010928906_85e35fc589_c.jpg","articleSection":["MANCHETE SEGUND\u00c1RIA","POL\u00cdTICA","TODAS NOTICIAS"],"inLanguage":"pt-BR","potentialAction":[{"@type":"CommentAction","name":"Comment","target":["https:\/\/cleitonpinheiro.com.br\/site\/stf-vai-analisar-recurso-de-wanderlei-barbosa-em-caso-de-desvios-na-pandemia\/#respond"]}]},{"@type":"WebPage","@id":"https:\/\/cleitonpinheiro.com.br\/site\/stf-vai-analisar-recurso-de-wanderlei-barbosa-em-caso-de-desvios-na-pandemia\/","url":"https:\/\/cleitonpinheiro.com.br\/site\/stf-vai-analisar-recurso-de-wanderlei-barbosa-em-caso-de-desvios-na-pandemia\/","name":"STF vai analisar recurso de Wanderlei Barbosa em caso de desvios na pandemia - PORTAL DE NOT\u00cdCIAS CLEITON PINHEIRO","isPartOf":{"@id":"https:\/\/cleitonpinheiro.com.br\/site\/#website"},"primaryImageOfPage":{"@id":"https:\/\/cleitonpinheiro.com.br\/site\/stf-vai-analisar-recurso-de-wanderlei-barbosa-em-caso-de-desvios-na-pandemia\/#primaryimage"},"image":{"@id":"https:\/\/cleitonpinheiro.com.br\/site\/stf-vai-analisar-recurso-de-wanderlei-barbosa-em-caso-de-desvios-na-pandemia\/#primaryimage"},"thumbnailUrl":"https:\/\/cleitonpinheiro.com.br\/site\/wp-content\/uploads\/2023\/08\/53010928906_85e35fc589_c.jpg","datePublished":"2025-09-09T21:24:37+00:00","dateModified":"2025-09-09T21:24:45+00:00","breadcrumb":{"@id":"https:\/\/cleitonpinheiro.com.br\/site\/stf-vai-analisar-recurso-de-wanderlei-barbosa-em-caso-de-desvios-na-pandemia\/#breadcrumb"},"inLanguage":"pt-BR","potentialAction":[{"@type":"ReadAction","target":["https:\/\/cleitonpinheiro.com.br\/site\/stf-vai-analisar-recurso-de-wanderlei-barbosa-em-caso-de-desvios-na-pandemia\/"]}]},{"@type":"ImageObject","inLanguage":"pt-BR","@id":"https:\/\/cleitonpinheiro.com.br\/site\/stf-vai-analisar-recurso-de-wanderlei-barbosa-em-caso-de-desvios-na-pandemia\/#primaryimage","url":"","contentUrl":""},{"@type":"BreadcrumbList","@id":"https:\/\/cleitonpinheiro.com.br\/site\/stf-vai-analisar-recurso-de-wanderlei-barbosa-em-caso-de-desvios-na-pandemia\/#breadcrumb","itemListElement":[{"@type":"ListItem","position":1,"name":"In\u00edcio","item":"https:\/\/cleitonpinheiro.com.br\/site\/"},{"@type":"ListItem","position":2,"name":"STF vai analisar recurso de Wanderlei Barbosa em caso de desvios na pandemia"}]},{"@type":"WebSite","@id":"https:\/\/cleitonpinheiro.com.br\/site\/#website","url":"https:\/\/cleitonpinheiro.com.br\/site\/","name":"PORTAL DE NOT\u00cdCIAS CLEITON PINHEIRO","description":"FALANDO A VERDADE","publisher":{"@id":"https:\/\/cleitonpinheiro.com.br\/site\/#organization"},"potentialAction":[{"@type":"SearchAction","target":{"@type":"EntryPoint","urlTemplate":"https:\/\/cleitonpinheiro.com.br\/site\/?s={search_term_string}"},"query-input":{"@type":"PropertyValueSpecification","valueRequired":true,"valueName":"search_term_string"}}],"inLanguage":"pt-BR"},{"@type":"Organization","@id":"https:\/\/cleitonpinheiro.com.br\/site\/#organization","name":"CPNOT\u00cdCIAS","url":"https:\/\/cleitonpinheiro.com.br\/site\/","logo":{"@type":"ImageObject","inLanguage":"pt-BR","@id":"https:\/\/cleitonpinheiro.com.br\/site\/#\/schema\/logo\/image\/","url":"https:\/\/cleitonpinheiro.com.br\/site\/wp-content\/uploads\/2022\/08\/Logo-pequena-2.png","contentUrl":"https:\/\/cleitonpinheiro.com.br\/site\/wp-content\/uploads\/2022\/08\/Logo-pequena-2.png","width":500,"height":500,"caption":"CPNOT\u00cdCIAS"},"image":{"@id":"https:\/\/cleitonpinheiro.com.br\/site\/#\/schema\/logo\/image\/"},"sameAs":["https:\/\/www.facebook.com\/portalcpnoticias\/"]},{"@type":"Person","@id":"https:\/\/cleitonpinheiro.com.br\/site\/#\/schema\/person\/8f04544e0bc40a1b68775b08360f87db","name":"Reda\u00e7\u00e3o CP","image":{"@type":"ImageObject","inLanguage":"pt-BR","@id":"https:\/\/cleitonpinheiro.com.br\/site\/#\/schema\/person\/image\/","url":"https:\/\/secure.gravatar.com\/avatar\/0bcf19cb29fdc8fc588c490c7ae1b3e174dac268586a63fbe1d1893a0f9020cd?s=96&r=g","contentUrl":"https:\/\/secure.gravatar.com\/avatar\/0bcf19cb29fdc8fc588c490c7ae1b3e174dac268586a63fbe1d1893a0f9020cd?s=96&r=g","caption":"Reda\u00e7\u00e3o CP"},"url":"https:\/\/cleitonpinheiro.com.br\/site\/author\/redacao\/"}]}},"views":138,"_links":{"self":[{"href":"https:\/\/cleitonpinheiro.com.br\/site\/wp-json\/wp\/v2\/posts\/86815","targetHints":{"allow":["GET"]}}],"collection":[{"href":"https:\/\/cleitonpinheiro.com.br\/site\/wp-json\/wp\/v2\/posts"}],"about":[{"href":"https:\/\/cleitonpinheiro.com.br\/site\/wp-json\/wp\/v2\/types\/post"}],"author":[{"embeddable":true,"href":"https:\/\/cleitonpinheiro.com.br\/site\/wp-json\/wp\/v2\/users\/13"}],"replies":[{"embeddable":true,"href":"https:\/\/cleitonpinheiro.com.br\/site\/wp-json\/wp\/v2\/comments?post=86815"}],"version-history":[{"count":1,"href":"https:\/\/cleitonpinheiro.com.br\/site\/wp-json\/wp\/v2\/posts\/86815\/revisions"}],"predecessor-version":[{"id":86816,"href":"https:\/\/cleitonpinheiro.com.br\/site\/wp-json\/wp\/v2\/posts\/86815\/revisions\/86816"}],"wp:attachment":[{"href":"https:\/\/cleitonpinheiro.com.br\/site\/wp-json\/wp\/v2\/media?parent=86815"}],"wp:term":[{"taxonomy":"category","embeddable":true,"href":"https:\/\/cleitonpinheiro.com.br\/site\/wp-json\/wp\/v2\/categories?post=86815"},{"taxonomy":"post_tag","embeddable":true,"href":"https:\/\/cleitonpinheiro.com.br\/site\/wp-json\/wp\/v2\/tags?post=86815"}],"curies":[{"name":"wp","href":"https:\/\/api.w.org\/{rel}","templated":true}]}}