{"id":86817,"date":"2025-09-09T18:32:43","date_gmt":"2025-09-09T21:32:43","guid":{"rendered":"https:\/\/cleitonpinheiro.com.br\/site\/?p=86817"},"modified":"2025-09-09T18:33:52","modified_gmt":"2025-09-09T21:33:52","slug":"policia-prende-suspeito-de-incendiar-banheiros-quimicos-na-esplanada","status":"publish","type":"post","link":"https:\/\/cleitonpinheiro.com.br\/site\/policia-prende-suspeito-de-incendiar-banheiros-quimicos-na-esplanada\/","title":{"rendered":"Pol\u00edcia prende suspeito de incendiar banheiros qu\u00edmicos na Esplanada"},"content":{"rendered":"\n<p>Dez banheiros qu\u00edmicos foram&nbsp;incendiados no gramado da Esplanada dos Minist\u00e9rios no final da manh\u00e3 desta ter\u00e7a-feira (9). O Corpo de Bombeiros do Distrito Federal controlou rapidamente as chamas, mas uma fuma\u00e7a alta e escura ficou vis\u00edvel de v\u00e1rios pontos do centro da capital.<img decoding=\"async\" src=\"https:\/\/agenciabrasil.ebc.com.br\/ebc.png?id=1657857&amp;o=node\"><img decoding=\"async\" src=\"https:\/\/agenciabrasil.ebc.com.br\/ebc.gif?id=1657857&amp;o=node\"><\/p>\n\n\n\n<p>Um suspeito j\u00e1 foi preso por policiais militares e encaminhado para a 5\u00aa Delegacia de Pol\u00edcia Civil do DF.&nbsp;<\/p>\n\n\n\n<p><strong>De acordo com Pol\u00edcia Militar, a per\u00edcia da Pol\u00edcia Civil foi chamada e a investiga\u00e7\u00e3o sobre outros autores e motiva\u00e7\u00e3o&nbsp;est\u00e1 em curso.&nbsp;<\/strong><\/p>\n\n\n\n<p>O inc\u00eandio colocou a seguran\u00e7a do Supremo Tribunal Federal (STF) em alerta. A\u00a0Primeira Turma do STF retomou hoje\u00a0o julgamento que pode condenar Bolsonaro e mais sete aliados por uma trama golpista que teria atuado para reverter o resultado das elei\u00e7\u00f5es de 2022.\u00a0<br><br><\/p>\n\n\n\n<figure class=\"wp-block-image\"><img decoding=\"async\" src=\"https:\/\/imagens.ebc.com.br\/hy3ZQUhiMDZFGRIc7OZzUlBOKcg=\/754x0\/smart\/https:\/\/agenciabrasil.ebc.com.br\/sites\/default\/files\/thumbnails\/image\/2025\/09\/09\/whatsapp_image_2025-09-09_at_12.02.37.jpeg?itok=ndaf6hyq\" alt=\"Bras\u00edlia (DF), 09\/09\/2025 - Banheiros qu\u00edmicos s\u00e3o incendiados na Esplanada dos Minist\u00e9rios em frente a Rodovi\u00e1ria do Plano Piloto. Ao todo, dez banheiros qu\u00edmicos foram incendiados. Foto: Ant\u00f4nio Cruvinel\/Divulga\u00e7\u00e3o\" title=\"Antonio Cruvinel\/Divulga\u00e7\u00e3o\"\/><\/figure>\n\n\n\n<h6 class=\"wp-block-heading\">Bras\u00edlia (DF), 09\/09\/2025 &#8211; Banheiros qu\u00edmicos s\u00e3o incendiados na Esplanada dos Minist\u00e9rios em frente a Rodovi\u00e1ria do Plano Piloto. Foto:&nbsp;<strong>Antonio Cruvinel\/Divulga\u00e7\u00e3o<\/strong><\/h6>\n\n\n\n<h2 class=\"wp-block-heading\">Votos<\/h2>\n\n\n\n<p><strong>O julgamento come\u00e7ou na semana passada, quando foram ouvidas as&nbsp;sustenta\u00e7\u00f5es das defesas&nbsp;do ex-presidente e dos demais acusados, al\u00e9m da manifesta\u00e7\u00e3o do procurador-geral da Rep\u00fablica, Paulo Gonet, favor\u00e1vel \u00e0 condena\u00e7\u00e3o de todos os r\u00e9us.&nbsp;<\/strong>A partir de hoje, ser\u00e1 iniciada a vota\u00e7\u00e3o que resultar\u00e1 na condena\u00e7\u00e3o ou absolvi\u00e7\u00e3o dos r\u00e9us. Tamb\u00e9m foram reservadas as sess\u00f5es dos dias 10, 11 e 12 de setembro para finaliza\u00e7\u00e3o do julgamento.<\/p>\n\n\n\n<p>At\u00e9 a pr\u00f3xima sexta-feira (12), votam, nesse ordem: o relator, ministro Alexandre de Moraes (relator), e os ministros Fl\u00e1vio Dino, Luiz Fux, C\u00e1rmen L\u00facia e Cristiano Zanin, presidente do colegiado e que preside a sess\u00e3o.&nbsp;<\/p>\n\n\n\n<p><a href=\"https:\/\/agenciabrasil.ebc.com.br\/justica\/noticia\/2025-09\/moraes-nao-ha-duvida-sobre-tentativa-de-golpe-bolsonaro-era-lider\" target=\"_blank\" rel=\"noreferrer noopener\">No voto proferido hoje<\/a>,&nbsp;Moraes afirmou que&nbsp;a tentativa de golpe de Estado destinada&nbsp;a manter o ex-presidente Jair Bolsonaro no poder&nbsp;j\u00e1 est\u00e1 provada&nbsp;e que o Supremo Tribunal Federal (STF) julga se os r\u00e9us&nbsp;est\u00e3o ou n\u00e3o envolvidos nessa trama.<\/p>\n","protected":false},"excerpt":{"rendered":"<p>Dez banheiros qu\u00edmicos foram&nbsp;incendiados no gramado da Esplanada dos Minist\u00e9rios no final da manh\u00e3 desta ter\u00e7a-feira (9). O Corpo de Bombeiros do Distrito Federal controlou rapidamente as chamas, mas uma fuma\u00e7a alta e escura ficou vis\u00edvel de v\u00e1rios pontos do centro da capital. Um suspeito j\u00e1 foi preso por policiais militares e encaminhado para a [&hellip;]<\/p>\n","protected":false},"author":13,"featured_media":86818,"comment_status":"open","ping_status":"open","sticky":false,"template":"","format":"standard","meta":{"_acf_changed":false,"footnotes":""},"categories":[19,898,21],"tags":[],"class_list":["post-86817","post","type-post","status-publish","format-standard","has-post-thumbnail","hentry","category-brasil-mundo","category-manchete-segundaria","category-todas-noticias"],"acf":[],"yoast_head":"<!-- This site is optimized with the Yoast SEO plugin v24.4 - https:\/\/yoast.com\/wordpress\/plugins\/seo\/ -->\n<title>Pol\u00edcia prende suspeito de incendiar banheiros qu\u00edmicos na Esplanada - PORTAL DE NOT\u00cdCIAS CLEITON PINHEIRO<\/title>\n<meta name=\"robots\" content=\"index, follow, max-snippet:-1, max-image-preview:large, max-video-preview:-1\" \/>\n<link rel=\"canonical\" href=\"https:\/\/cleitonpinheiro.com.br\/site\/policia-prende-suspeito-de-incendiar-banheiros-quimicos-na-esplanada\/\" \/>\n<meta property=\"og:locale\" content=\"pt_BR\" \/>\n<meta property=\"og:type\" content=\"article\" \/>\n<meta property=\"og:title\" content=\"Pol\u00edcia prende suspeito de incendiar banheiros qu\u00edmicos na Esplanada - PORTAL DE NOT\u00cdCIAS CLEITON PINHEIRO\" \/>\n<meta property=\"og:description\" content=\"Dez banheiros qu\u00edmicos foram&nbsp;incendiados no gramado da Esplanada dos Minist\u00e9rios no final da manh\u00e3 desta ter\u00e7a-feira (9). O Corpo de Bombeiros do Distrito Federal controlou rapidamente as chamas, mas uma fuma\u00e7a alta e escura ficou vis\u00edvel de v\u00e1rios pontos do centro da capital. Um suspeito j\u00e1 foi preso por policiais militares e encaminhado para a [&hellip;]\" \/>\n<meta property=\"og:url\" content=\"https:\/\/cleitonpinheiro.com.br\/site\/policia-prende-suspeito-de-incendiar-banheiros-quimicos-na-esplanada\/\" \/>\n<meta property=\"og:site_name\" content=\"PORTAL DE NOT\u00cdCIAS CLEITON PINHEIRO\" \/>\n<meta property=\"article:publisher\" content=\"https:\/\/www.facebook.com\/portalcpnoticias\/\" \/>\n<meta property=\"article:published_time\" content=\"2025-09-09T21:32:43+00:00\" \/>\n<meta property=\"article:modified_time\" content=\"2025-09-09T21:33:52+00:00\" \/>\n<meta property=\"og:image\" content=\"https:\/\/cleitonpinheiro.com.br\/site\/wp-content\/uploads\/2025\/09\/mg_7846.webp\" \/>\n\t<meta property=\"og:image:width\" content=\"1170\" \/>\n\t<meta property=\"og:image:height\" content=\"700\" \/>\n\t<meta property=\"og:image:type\" content=\"image\/webp\" \/>\n<meta name=\"author\" content=\"Reda\u00e7\u00e3o CP\" \/>\n<meta name=\"twitter:card\" content=\"summary_large_image\" \/>\n<meta name=\"twitter:label1\" content=\"Escrito por\" \/>\n\t<meta name=\"twitter:data1\" content=\"Reda\u00e7\u00e3o CP\" \/>\n\t<meta name=\"twitter:label2\" content=\"Est. tempo de leitura\" \/>\n\t<meta name=\"twitter:data2\" content=\"3 minutos\" \/>\n<script type=\"application\/ld+json\" class=\"yoast-schema-graph\">{\"@context\":\"https:\/\/schema.org\",\"@graph\":[{\"@type\":\"Article\",\"@id\":\"https:\/\/cleitonpinheiro.com.br\/site\/policia-prende-suspeito-de-incendiar-banheiros-quimicos-na-esplanada\/#article\",\"isPartOf\":{\"@id\":\"https:\/\/cleitonpinheiro.com.br\/site\/policia-prende-suspeito-de-incendiar-banheiros-quimicos-na-esplanada\/\"},\"author\":{\"name\":\"Reda\u00e7\u00e3o CP\",\"@id\":\"https:\/\/cleitonpinheiro.com.br\/site\/#\/schema\/person\/8f04544e0bc40a1b68775b08360f87db\"},\"headline\":\"Pol\u00edcia prende suspeito de incendiar banheiros qu\u00edmicos na Esplanada\",\"datePublished\":\"2025-09-09T21:32:43+00:00\",\"dateModified\":\"2025-09-09T21:33:52+00:00\",\"mainEntityOfPage\":{\"@id\":\"https:\/\/cleitonpinheiro.com.br\/site\/policia-prende-suspeito-de-incendiar-banheiros-quimicos-na-esplanada\/\"},\"wordCount\":360,\"commentCount\":0,\"publisher\":{\"@id\":\"https:\/\/cleitonpinheiro.com.br\/site\/#organization\"},\"image\":{\"@id\":\"https:\/\/cleitonpinheiro.com.br\/site\/policia-prende-suspeito-de-incendiar-banheiros-quimicos-na-esplanada\/#primaryimage\"},\"thumbnailUrl\":\"https:\/\/cleitonpinheiro.com.br\/site\/wp-content\/uploads\/2025\/09\/mg_7846.webp\",\"articleSection\":[\"BRASIL \/ MUNDO\",\"MANCHETE SEGUND\u00c1RIA\",\"TODAS NOTICIAS\"],\"inLanguage\":\"pt-BR\",\"potentialAction\":[{\"@type\":\"CommentAction\",\"name\":\"Comment\",\"target\":[\"https:\/\/cleitonpinheiro.com.br\/site\/policia-prende-suspeito-de-incendiar-banheiros-quimicos-na-esplanada\/#respond\"]}]},{\"@type\":\"WebPage\",\"@id\":\"https:\/\/cleitonpinheiro.com.br\/site\/policia-prende-suspeito-de-incendiar-banheiros-quimicos-na-esplanada\/\",\"url\":\"https:\/\/cleitonpinheiro.com.br\/site\/policia-prende-suspeito-de-incendiar-banheiros-quimicos-na-esplanada\/\",\"name\":\"Pol\u00edcia prende suspeito de incendiar banheiros qu\u00edmicos na Esplanada - PORTAL DE NOT\u00cdCIAS CLEITON PINHEIRO\",\"isPartOf\":{\"@id\":\"https:\/\/cleitonpinheiro.com.br\/site\/#website\"},\"primaryImageOfPage\":{\"@id\":\"https:\/\/cleitonpinheiro.com.br\/site\/policia-prende-suspeito-de-incendiar-banheiros-quimicos-na-esplanada\/#primaryimage\"},\"image\":{\"@id\":\"https:\/\/cleitonpinheiro.com.br\/site\/policia-prende-suspeito-de-incendiar-banheiros-quimicos-na-esplanada\/#primaryimage\"},\"thumbnailUrl\":\"https:\/\/cleitonpinheiro.com.br\/site\/wp-content\/uploads\/2025\/09\/mg_7846.webp\",\"datePublished\":\"2025-09-09T21:32:43+00:00\",\"dateModified\":\"2025-09-09T21:33:52+00:00\",\"breadcrumb\":{\"@id\":\"https:\/\/cleitonpinheiro.com.br\/site\/policia-prende-suspeito-de-incendiar-banheiros-quimicos-na-esplanada\/#breadcrumb\"},\"inLanguage\":\"pt-BR\",\"potentialAction\":[{\"@type\":\"ReadAction\",\"target\":[\"https:\/\/cleitonpinheiro.com.br\/site\/policia-prende-suspeito-de-incendiar-banheiros-quimicos-na-esplanada\/\"]}]},{\"@type\":\"ImageObject\",\"inLanguage\":\"pt-BR\",\"@id\":\"https:\/\/cleitonpinheiro.com.br\/site\/policia-prende-suspeito-de-incendiar-banheiros-quimicos-na-esplanada\/#primaryimage\",\"url\":\"https:\/\/cleitonpinheiro.com.br\/site\/wp-content\/uploads\/2025\/09\/mg_7846.webp\",\"contentUrl\":\"https:\/\/cleitonpinheiro.com.br\/site\/wp-content\/uploads\/2025\/09\/mg_7846.webp\",\"width\":1170,\"height\":700,\"caption\":\"\u00a9 Jo\u00e9dson Alves\/Ag\u00eancia Brasil\"},{\"@type\":\"BreadcrumbList\",\"@id\":\"https:\/\/cleitonpinheiro.com.br\/site\/policia-prende-suspeito-de-incendiar-banheiros-quimicos-na-esplanada\/#breadcrumb\",\"itemListElement\":[{\"@type\":\"ListItem\",\"position\":1,\"name\":\"In\u00edcio\",\"item\":\"https:\/\/cleitonpinheiro.com.br\/site\/\"},{\"@type\":\"ListItem\",\"position\":2,\"name\":\"Pol\u00edcia prende suspeito de incendiar banheiros qu\u00edmicos na Esplanada\"}]},{\"@type\":\"WebSite\",\"@id\":\"https:\/\/cleitonpinheiro.com.br\/site\/#website\",\"url\":\"https:\/\/cleitonpinheiro.com.br\/site\/\",\"name\":\"PORTAL DE NOT\u00cdCIAS CLEITON PINHEIRO\",\"description\":\"FALANDO A VERDADE\",\"publisher\":{\"@id\":\"https:\/\/cleitonpinheiro.com.br\/site\/#organization\"},\"potentialAction\":[{\"@type\":\"SearchAction\",\"target\":{\"@type\":\"EntryPoint\",\"urlTemplate\":\"https:\/\/cleitonpinheiro.com.br\/site\/?s={search_term_string}\"},\"query-input\":{\"@type\":\"PropertyValueSpecification\",\"valueRequired\":true,\"valueName\":\"search_term_string\"}}],\"inLanguage\":\"pt-BR\"},{\"@type\":\"Organization\",\"@id\":\"https:\/\/cleitonpinheiro.com.br\/site\/#organization\",\"name\":\"CPNOT\u00cdCIAS\",\"url\":\"https:\/\/cleitonpinheiro.com.br\/site\/\",\"logo\":{\"@type\":\"ImageObject\",\"inLanguage\":\"pt-BR\",\"@id\":\"https:\/\/cleitonpinheiro.com.br\/site\/#\/schema\/logo\/image\/\",\"url\":\"https:\/\/cleitonpinheiro.com.br\/site\/wp-content\/uploads\/2022\/08\/Logo-pequena-2.png\",\"contentUrl\":\"https:\/\/cleitonpinheiro.com.br\/site\/wp-content\/uploads\/2022\/08\/Logo-pequena-2.png\",\"width\":500,\"height\":500,\"caption\":\"CPNOT\u00cdCIAS\"},\"image\":{\"@id\":\"https:\/\/cleitonpinheiro.com.br\/site\/#\/schema\/logo\/image\/\"},\"sameAs\":[\"https:\/\/www.facebook.com\/portalcpnoticias\/\"]},{\"@type\":\"Person\",\"@id\":\"https:\/\/cleitonpinheiro.com.br\/site\/#\/schema\/person\/8f04544e0bc40a1b68775b08360f87db\",\"name\":\"Reda\u00e7\u00e3o CP\",\"image\":{\"@type\":\"ImageObject\",\"inLanguage\":\"pt-BR\",\"@id\":\"https:\/\/cleitonpinheiro.com.br\/site\/#\/schema\/person\/image\/\",\"url\":\"https:\/\/secure.gravatar.com\/avatar\/0bcf19cb29fdc8fc588c490c7ae1b3e174dac268586a63fbe1d1893a0f9020cd?s=96&r=g\",\"contentUrl\":\"https:\/\/secure.gravatar.com\/avatar\/0bcf19cb29fdc8fc588c490c7ae1b3e174dac268586a63fbe1d1893a0f9020cd?s=96&r=g\",\"caption\":\"Reda\u00e7\u00e3o CP\"},\"url\":\"https:\/\/cleitonpinheiro.com.br\/site\/author\/redacao\/\"}]}<\/script>\n<!-- \/ Yoast SEO plugin. -->","yoast_head_json":{"title":"Pol\u00edcia prende suspeito de incendiar banheiros qu\u00edmicos na Esplanada - PORTAL DE NOT\u00cdCIAS CLEITON PINHEIRO","robots":{"index":"index","follow":"follow","max-snippet":"max-snippet:-1","max-image-preview":"max-image-preview:large","max-video-preview":"max-video-preview:-1"},"canonical":"https:\/\/cleitonpinheiro.com.br\/site\/policia-prende-suspeito-de-incendiar-banheiros-quimicos-na-esplanada\/","og_locale":"pt_BR","og_type":"article","og_title":"Pol\u00edcia prende suspeito de incendiar banheiros qu\u00edmicos na Esplanada - PORTAL DE NOT\u00cdCIAS CLEITON PINHEIRO","og_description":"Dez banheiros qu\u00edmicos foram&nbsp;incendiados no gramado da Esplanada dos Minist\u00e9rios no final da manh\u00e3 desta ter\u00e7a-feira (9). O Corpo de Bombeiros do Distrito Federal controlou rapidamente as chamas, mas uma fuma\u00e7a alta e escura ficou vis\u00edvel de v\u00e1rios pontos do centro da capital. Um suspeito j\u00e1 foi preso por policiais militares e encaminhado para a [&hellip;]","og_url":"https:\/\/cleitonpinheiro.com.br\/site\/policia-prende-suspeito-de-incendiar-banheiros-quimicos-na-esplanada\/","og_site_name":"PORTAL DE NOT\u00cdCIAS CLEITON PINHEIRO","article_publisher":"https:\/\/www.facebook.com\/portalcpnoticias\/","article_published_time":"2025-09-09T21:32:43+00:00","article_modified_time":"2025-09-09T21:33:52+00:00","og_image":[{"width":1170,"height":700,"url":"https:\/\/cleitonpinheiro.com.br\/site\/wp-content\/uploads\/2025\/09\/mg_7846.webp","type":"image\/webp"}],"author":"Reda\u00e7\u00e3o CP","twitter_card":"summary_large_image","twitter_misc":{"Escrito por":"Reda\u00e7\u00e3o CP","Est. tempo de leitura":"3 minutos"},"schema":{"@context":"https:\/\/schema.org","@graph":[{"@type":"Article","@id":"https:\/\/cleitonpinheiro.com.br\/site\/policia-prende-suspeito-de-incendiar-banheiros-quimicos-na-esplanada\/#article","isPartOf":{"@id":"https:\/\/cleitonpinheiro.com.br\/site\/policia-prende-suspeito-de-incendiar-banheiros-quimicos-na-esplanada\/"},"author":{"name":"Reda\u00e7\u00e3o CP","@id":"https:\/\/cleitonpinheiro.com.br\/site\/#\/schema\/person\/8f04544e0bc40a1b68775b08360f87db"},"headline":"Pol\u00edcia prende suspeito de incendiar banheiros qu\u00edmicos na Esplanada","datePublished":"2025-09-09T21:32:43+00:00","dateModified":"2025-09-09T21:33:52+00:00","mainEntityOfPage":{"@id":"https:\/\/cleitonpinheiro.com.br\/site\/policia-prende-suspeito-de-incendiar-banheiros-quimicos-na-esplanada\/"},"wordCount":360,"commentCount":0,"publisher":{"@id":"https:\/\/cleitonpinheiro.com.br\/site\/#organization"},"image":{"@id":"https:\/\/cleitonpinheiro.com.br\/site\/policia-prende-suspeito-de-incendiar-banheiros-quimicos-na-esplanada\/#primaryimage"},"thumbnailUrl":"https:\/\/cleitonpinheiro.com.br\/site\/wp-content\/uploads\/2025\/09\/mg_7846.webp","articleSection":["BRASIL \/ MUNDO","MANCHETE SEGUND\u00c1RIA","TODAS NOTICIAS"],"inLanguage":"pt-BR","potentialAction":[{"@type":"CommentAction","name":"Comment","target":["https:\/\/cleitonpinheiro.com.br\/site\/policia-prende-suspeito-de-incendiar-banheiros-quimicos-na-esplanada\/#respond"]}]},{"@type":"WebPage","@id":"https:\/\/cleitonpinheiro.com.br\/site\/policia-prende-suspeito-de-incendiar-banheiros-quimicos-na-esplanada\/","url":"https:\/\/cleitonpinheiro.com.br\/site\/policia-prende-suspeito-de-incendiar-banheiros-quimicos-na-esplanada\/","name":"Pol\u00edcia prende suspeito de incendiar banheiros qu\u00edmicos na Esplanada - PORTAL DE NOT\u00cdCIAS CLEITON PINHEIRO","isPartOf":{"@id":"https:\/\/cleitonpinheiro.com.br\/site\/#website"},"primaryImageOfPage":{"@id":"https:\/\/cleitonpinheiro.com.br\/site\/policia-prende-suspeito-de-incendiar-banheiros-quimicos-na-esplanada\/#primaryimage"},"image":{"@id":"https:\/\/cleitonpinheiro.com.br\/site\/policia-prende-suspeito-de-incendiar-banheiros-quimicos-na-esplanada\/#primaryimage"},"thumbnailUrl":"https:\/\/cleitonpinheiro.com.br\/site\/wp-content\/uploads\/2025\/09\/mg_7846.webp","datePublished":"2025-09-09T21:32:43+00:00","dateModified":"2025-09-09T21:33:52+00:00","breadcrumb":{"@id":"https:\/\/cleitonpinheiro.com.br\/site\/policia-prende-suspeito-de-incendiar-banheiros-quimicos-na-esplanada\/#breadcrumb"},"inLanguage":"pt-BR","potentialAction":[{"@type":"ReadAction","target":["https:\/\/cleitonpinheiro.com.br\/site\/policia-prende-suspeito-de-incendiar-banheiros-quimicos-na-esplanada\/"]}]},{"@type":"ImageObject","inLanguage":"pt-BR","@id":"https:\/\/cleitonpinheiro.com.br\/site\/policia-prende-suspeito-de-incendiar-banheiros-quimicos-na-esplanada\/#primaryimage","url":"https:\/\/cleitonpinheiro.com.br\/site\/wp-content\/uploads\/2025\/09\/mg_7846.webp","contentUrl":"https:\/\/cleitonpinheiro.com.br\/site\/wp-content\/uploads\/2025\/09\/mg_7846.webp","width":1170,"height":700,"caption":"\u00a9 Jo\u00e9dson Alves\/Ag\u00eancia Brasil"},{"@type":"BreadcrumbList","@id":"https:\/\/cleitonpinheiro.com.br\/site\/policia-prende-suspeito-de-incendiar-banheiros-quimicos-na-esplanada\/#breadcrumb","itemListElement":[{"@type":"ListItem","position":1,"name":"In\u00edcio","item":"https:\/\/cleitonpinheiro.com.br\/site\/"},{"@type":"ListItem","position":2,"name":"Pol\u00edcia prende suspeito de incendiar banheiros qu\u00edmicos na Esplanada"}]},{"@type":"WebSite","@id":"https:\/\/cleitonpinheiro.com.br\/site\/#website","url":"https:\/\/cleitonpinheiro.com.br\/site\/","name":"PORTAL DE NOT\u00cdCIAS CLEITON PINHEIRO","description":"FALANDO A VERDADE","publisher":{"@id":"https:\/\/cleitonpinheiro.com.br\/site\/#organization"},"potentialAction":[{"@type":"SearchAction","target":{"@type":"EntryPoint","urlTemplate":"https:\/\/cleitonpinheiro.com.br\/site\/?s={search_term_string}"},"query-input":{"@type":"PropertyValueSpecification","valueRequired":true,"valueName":"search_term_string"}}],"inLanguage":"pt-BR"},{"@type":"Organization","@id":"https:\/\/cleitonpinheiro.com.br\/site\/#organization","name":"CPNOT\u00cdCIAS","url":"https:\/\/cleitonpinheiro.com.br\/site\/","logo":{"@type":"ImageObject","inLanguage":"pt-BR","@id":"https:\/\/cleitonpinheiro.com.br\/site\/#\/schema\/logo\/image\/","url":"https:\/\/cleitonpinheiro.com.br\/site\/wp-content\/uploads\/2022\/08\/Logo-pequena-2.png","contentUrl":"https:\/\/cleitonpinheiro.com.br\/site\/wp-content\/uploads\/2022\/08\/Logo-pequena-2.png","width":500,"height":500,"caption":"CPNOT\u00cdCIAS"},"image":{"@id":"https:\/\/cleitonpinheiro.com.br\/site\/#\/schema\/logo\/image\/"},"sameAs":["https:\/\/www.facebook.com\/portalcpnoticias\/"]},{"@type":"Person","@id":"https:\/\/cleitonpinheiro.com.br\/site\/#\/schema\/person\/8f04544e0bc40a1b68775b08360f87db","name":"Reda\u00e7\u00e3o CP","image":{"@type":"ImageObject","inLanguage":"pt-BR","@id":"https:\/\/cleitonpinheiro.com.br\/site\/#\/schema\/person\/image\/","url":"https:\/\/secure.gravatar.com\/avatar\/0bcf19cb29fdc8fc588c490c7ae1b3e174dac268586a63fbe1d1893a0f9020cd?s=96&r=g","contentUrl":"https:\/\/secure.gravatar.com\/avatar\/0bcf19cb29fdc8fc588c490c7ae1b3e174dac268586a63fbe1d1893a0f9020cd?s=96&r=g","caption":"Reda\u00e7\u00e3o CP"},"url":"https:\/\/cleitonpinheiro.com.br\/site\/author\/redacao\/"}]}},"views":114,"_links":{"self":[{"href":"https:\/\/cleitonpinheiro.com.br\/site\/wp-json\/wp\/v2\/posts\/86817","targetHints":{"allow":["GET"]}}],"collection":[{"href":"https:\/\/cleitonpinheiro.com.br\/site\/wp-json\/wp\/v2\/posts"}],"about":[{"href":"https:\/\/cleitonpinheiro.com.br\/site\/wp-json\/wp\/v2\/types\/post"}],"author":[{"embeddable":true,"href":"https:\/\/cleitonpinheiro.com.br\/site\/wp-json\/wp\/v2\/users\/13"}],"replies":[{"embeddable":true,"href":"https:\/\/cleitonpinheiro.com.br\/site\/wp-json\/wp\/v2\/comments?post=86817"}],"version-history":[{"count":1,"href":"https:\/\/cleitonpinheiro.com.br\/site\/wp-json\/wp\/v2\/posts\/86817\/revisions"}],"predecessor-version":[{"id":86819,"href":"https:\/\/cleitonpinheiro.com.br\/site\/wp-json\/wp\/v2\/posts\/86817\/revisions\/86819"}],"wp:featuredmedia":[{"embeddable":true,"href":"https:\/\/cleitonpinheiro.com.br\/site\/wp-json\/wp\/v2\/media\/86818"}],"wp:attachment":[{"href":"https:\/\/cleitonpinheiro.com.br\/site\/wp-json\/wp\/v2\/media?parent=86817"}],"wp:term":[{"taxonomy":"category","embeddable":true,"href":"https:\/\/cleitonpinheiro.com.br\/site\/wp-json\/wp\/v2\/categories?post=86817"},{"taxonomy":"post_tag","embeddable":true,"href":"https:\/\/cleitonpinheiro.com.br\/site\/wp-json\/wp\/v2\/tags?post=86817"}],"curies":[{"name":"wp","href":"https:\/\/api.w.org\/{rel}","templated":true}]}}