{"id":86821,"date":"2025-09-10T12:41:32","date_gmt":"2025-09-10T15:41:32","guid":{"rendered":"https:\/\/cleitonpinheiro.com.br\/site\/?p=86821"},"modified":"2025-09-12T14:56:52","modified_gmt":"2025-09-12T17:56:52","slug":"ministro-fux-vota-para-anular-acao-penal-sobre-golpe-por-cerceamento-de-defesa","status":"publish","type":"post","link":"https:\/\/cleitonpinheiro.com.br\/site\/ministro-fux-vota-para-anular-acao-penal-sobre-golpe-por-cerceamento-de-defesa\/","title":{"rendered":"Ministro Fux vota para anular a\u00e7\u00e3o penal sobre golpe por cerceamento de defesa"},"content":{"rendered":"\n<figure class=\"wp-block-image size-large\"><img fetchpriority=\"high\" decoding=\"async\" width=\"1024\" height=\"613\" src=\"https:\/\/cleitonpinheiro.com.br\/site\/wp-content\/uploads\/2025\/09\/10092025-pzzb1999-1024x613.webp\" alt=\"\" class=\"wp-image-86822\" srcset=\"https:\/\/cleitonpinheiro.com.br\/site\/wp-content\/uploads\/2025\/09\/10092025-pzzb1999-1024x613.webp 1024w, https:\/\/cleitonpinheiro.com.br\/site\/wp-content\/uploads\/2025\/09\/10092025-pzzb1999-300x179.webp 300w, https:\/\/cleitonpinheiro.com.br\/site\/wp-content\/uploads\/2025\/09\/10092025-pzzb1999-768x459.webp 768w, https:\/\/cleitonpinheiro.com.br\/site\/wp-content\/uploads\/2025\/09\/10092025-pzzb1999.webp 1170w\" sizes=\"(max-width: 1024px) 100vw, 1024px\" \/><figcaption class=\"wp-element-caption\">\u00a9 Fabio Rodrigues-Pozzebom\/ Ag\u00eancia Brasil\n<\/figcaption><\/figure>\n\n\n\n<p>O ministro Luiz Fux, do Supremo Tribunal Federal (STF), acolheu&nbsp;nesta quarta-feira (10) a alega\u00e7\u00e3o de&nbsp;cerceamento de defesa usada pelos advogados dos r\u00e9us da a\u00e7\u00e3o penal que trata de uma suposta trama golpista, que teria atuado para manter o ex-presidente Jair Bolsonaro no poder mesmo ap\u00f3s derrota eleitoral em 2022.&nbsp;<img decoding=\"async\" src=\"https:\/\/agenciabrasil.ebc.com.br\/ebc.png?id=1658056&amp;o=node\"><img decoding=\"async\" src=\"https:\/\/agenciabrasil.ebc.com.br\/ebc.gif?id=1658056&amp;o=node\"><\/p>\n\n\n\n<p>Fux divergiu do relator, ministro Alexandre de Moraes, e de Fl\u00e1vio Dino, que\u00a0<a href=\"https:\/\/agenciabrasil.ebc.com.br\/justica\/noticia\/2025-09\/saiba-como-foram-os-dois-votos-pela-condenacao-de-bolsonaro-no-stf\" target=\"_blank\" rel=\"noreferrer noopener\">votaram nesta ter\u00e7a<\/a>\u00a0(9) pela rejei\u00e7\u00e3o de todas as preliminares suscitadas pelos advogados, inclusive a de cerceamento de defesa.\u00a0<\/p>\n\n\n\n<p>Para Fux, contudo, o imenso volume de dados anexado ao processo e o pouco tempo concedido para a an\u00e1lise dos mais de 70 terabytes em informa\u00e7\u00e3o configurou um cerceamento de defesa, uma vez que os advogados dos r\u00e9us n\u00e3o tiveram tempo h\u00e1bil para verificar as provas.&nbsp;<\/p>\n\n\n\n<p>O ministro votou para que isso resulte na anula\u00e7\u00e3o do processo at\u00e9 o momento do recebimento da den\u00fancia, \u201cem raz\u00e3o dessa disponibilidade tardia que apelidei de um tsunami de dados e que, no direito anglo-sax\u00f4nico se denomina\u00a0<em>document dumping<\/em>\u00a0[ac\u00famulo de documentos]. E sem indica\u00e7\u00e3o suficiente e anteced\u00eancia minimamente razo\u00e1vel para a pr\u00e1tica dos atos processuais\u201d, disse.\u00a0<\/p>\n\n\n\n<p>&#8220;Apenas em meados de maio, cerca de cinco dias antes do in\u00edcio da oitiva das testemunhas, a Pol\u00edcia Federal enviou&nbsp;<em>links<\/em>&nbsp;de acesso para as defesas\u201d, observou o ministro.<\/p>\n\n\n\n<p>\u201cComo se n\u00e3o bastasse, novos arquivos foram inclu\u00eddos, no curso da instru\u00e7\u00e3o processual \u2013 inclusive em 15 de junho de 2025\u201d.&nbsp;<\/p>\n\n\n\n<p>\u201cConfesso que tive dificuldade para elaborar um voto imenso\u201d, disse Fux.<\/p>\n\n\n\n<p>Antes, o ministro j\u00e1 havia votado pela anula\u00e7\u00e3o de todo o processo, por&nbsp;<a href=\"https:\/\/agenciabrasil.ebc.com.br\/justica\/noticia\/2025-09\/em-voto-fux-diz-que-acao-deveria-ter-tramitado-na-primeira-instancia\">entender que n\u00e3o \u00e9 compet\u00eancia do Supremo<\/a>&nbsp;julgar os r\u00e9us envolvidos no caso, uma vez que nenhum deles possui foro privilegiado na Corte, se forem observadas as regras vigentes \u00e0 \u00e9poca da pr\u00e1tica dos crimes imputados.&nbsp;<\/p>\n\n\n\n<p>Na ter\u00e7a (9), Moraes\u00a0<a href=\"https:\/\/agenciabrasil.ebc.com.br\/justica\/noticia\/2025-09\/trama-golpista-moraes-nega-cerceamento-de-defesa-e-rejeita-preliminar\" target=\"_blank\" rel=\"noreferrer noopener\">rejeitou essa quest\u00e3o preliminar<\/a>\u00a0afirmando que a grande quantidade de dados foi anexada ao processo a pedido das pr\u00f3prias defesas, ainda que boa parte desses arquivos n\u00e3o tenha\u00a0sido \u00fatil\u00a0para as investiga\u00e7\u00f5es, a den\u00fancia ou o ju\u00edzo formado pelos ministros.\u00a0<br><\/p>\n\n\n\n<h2 class=\"wp-block-heading\">Julgamento<\/h2>\n\n\n\n<p>O ministro \u00e9 o terceiro a votar no caso, sendo o primeiro a divergir sobre quest\u00f5es preliminares levantadas pelas defesas e que podem anular o processo.&nbsp;<\/p>\n\n\n\n<p>Na ter\u00e7a (8), os ministros Alexandre de Moraes, relator da a\u00e7\u00e3o penal, e o ministro Fl\u00e1vio Dino rejeitaram as quest\u00f5es preliminares e&nbsp;<a href=\"https:\/\/agenciabrasil.ebc.com.br\/justica\/noticia\/2025-09\/saiba-como-foram-os-dois-votos-pela-condenacao-de-bolsonaro-no-stf\" target=\"_blank\" rel=\"noreferrer noopener\">votaram pela condena\u00e7\u00e3o de todos os oito r\u00e9us<\/a>&nbsp;pelos cinco crimes imputados pela Procuradoria-Geral da Rep\u00fablica (PGR).&nbsp;<\/p>\n\n\n\n<p>Nesta quarta-feira (10), a Primeira Turma do Supremo retomou o julgamento, iniciado em 2 de setembro, que pode condenar Bolsonaro e mais sete aliados por uma trama golpista que teria atuado para reverter o resultado das elei\u00e7\u00f5es de 2022.&nbsp;<\/p>\n\n\n\n<p>O grupo faz parte do n\u00facleo crucial da den\u00fancia apresentada pela PGR, formado pelas principais cabe\u00e7as do compl\u00f4.\u00a0<\/p>\n\n\n\n<p>O julgamento come\u00e7ou na semana passada, quando foram ouvidas as&nbsp;<a href=\"https:\/\/agenciabrasil.ebc.com.br\/justica\/noticia\/2025-09\/confira-principais-defesas-feitas-no-2-dia-do-julgamento-de-bolsonaro\" target=\"_blank\" rel=\"noreferrer noopener\">sustenta\u00e7\u00f5es das defesas<\/a>&nbsp;do ex-presidente e dos demais acusados, al\u00e9m da&nbsp;<a href=\"https:\/\/agenciabrasil.ebc.com.br\/justica\/noticia\/2025-09\/gonet-pede-ao-stf-condenacao-de-reus-do-nucleo-4-de-trama-golpista\" target=\"_blank\" rel=\"noreferrer noopener\">manifesta\u00e7\u00e3o do procurador-geral da Rep\u00fablica, Paulo Gonet<\/a>, favor\u00e1vel \u00e0 condena\u00e7\u00e3o de todos os r\u00e9us.<\/p>\n\n\n\n<p>A an\u00e1lise est\u00e1 prevista para durar at\u00e9 sexta (12). Ainda devem votar a ministra C\u00e1rmen L\u00facia e o ministro Cristiano Zanin, presidente da Primeira Turma e respons\u00e1vel pela condu\u00e7\u00e3o dos trabalhos.&nbsp;&nbsp;<\/p>\n\n\n\n<h2 class=\"wp-block-heading\">Quem s\u00e3o os r\u00e9us<\/h2>\n\n\n\n<ul class=\"wp-block-list\">\n<li>Jair Bolsonaro \u2013 ex-presidente da Rep\u00fablica;<\/li>\n\n\n\n<li>Alexandre Ramagem &#8211; ex-diretor da Ag\u00eancia Brasileira de Intelig\u00eancia (Abin);<\/li>\n\n\n\n<li>Almir Garnier &#8211; ex-comandante da Marinha;<\/li>\n\n\n\n<li>Anderson Torres &#8211; ex-ministro da Justi\u00e7a e ex-secret\u00e1rio de Seguran\u00e7a do Distrito Federal;<\/li>\n\n\n\n<li>Augusto Heleno &#8211; ex-ministro do Gabinete de Seguran\u00e7a Institucional (GSI);<\/li>\n\n\n\n<li>Paulo S\u00e9rgio Nogueira &#8211; ex-ministro da Defesa;<\/li>\n\n\n\n<li>Walter Braga Netto &#8211; ex-ministro da Defesa e candidato a vice de Bolsonaro na chapa de 2022;<\/li>\n\n\n\n<li>Mauro Cid \u2013 ex-ajudante de ordens de Bolsonaro.<\/li>\n<\/ul>\n\n\n\n<h2 class=\"wp-block-heading\">Crimes&nbsp;<\/h2>\n\n\n\n<p>Todos os r\u00e9us respondem pelos crimes de organiza\u00e7\u00e3o criminosa armada, tentativa de aboli\u00e7\u00e3o violenta do Estado Democr\u00e1tico de Direito, golpe de Estado, dano qualificado pela viol\u00eancia e grave amea\u00e7a e deteriora\u00e7\u00e3o de patrim\u00f4nio tombado.<\/p>\n\n\n\n<p>A exce\u00e7\u00e3o \u00e9 o caso do ex-diretor da Abin Alexandre Ramagem que, atualmente, \u00e9 deputado federal. Ele foi beneficiado com a suspens\u00e3o de parte das acusa\u00e7\u00f5es e responde somente a tr\u00eas dos cinco crimes. A regra est\u00e1 prevista na Constitui\u00e7\u00e3o.&nbsp;<\/p>\n\n\n\n<p>A suspens\u00e3o vale para os crimes de dano qualificado pela viol\u00eancia e grave amea\u00e7a, contra o patrim\u00f4nio da Uni\u00e3o, com consider\u00e1vel preju\u00edzo para a v\u00edtima e deteriora\u00e7\u00e3o de patrim\u00f4nio tombado, relacionados aos atos golpistas de 8 de janeiro.&nbsp;<\/p>\n","protected":false},"excerpt":{"rendered":"<p>O ministro Luiz Fux, do Supremo Tribunal Federal (STF), acolheu&nbsp;nesta quarta-feira (10) a alega\u00e7\u00e3o de&nbsp;cerceamento de defesa usada pelos advogados dos r\u00e9us da a\u00e7\u00e3o penal que trata de uma suposta trama golpista, que teria atuado para manter o ex-presidente Jair Bolsonaro no poder mesmo ap\u00f3s derrota eleitoral em 2022.&nbsp; Fux divergiu do relator, ministro Alexandre [&hellip;]<\/p>\n","protected":false},"author":13,"featured_media":86822,"comment_status":"open","ping_status":"open","sticky":false,"template":"","format":"standard","meta":{"_acf_changed":false,"footnotes":""},"categories":[898,23,21],"tags":[],"class_list":["post-86821","post","type-post","status-publish","format-standard","has-post-thumbnail","hentry","category-manchete-segundaria","category-politica","category-todas-noticias"],"acf":[],"yoast_head":"<!-- This site is optimized with the Yoast SEO plugin v24.4 - https:\/\/yoast.com\/wordpress\/plugins\/seo\/ -->\n<title>Ministro Fux vota para anular a\u00e7\u00e3o penal sobre golpe por cerceamento de defesa - PORTAL DE NOT\u00cdCIAS CLEITON PINHEIRO<\/title>\n<meta name=\"robots\" content=\"index, follow, max-snippet:-1, max-image-preview:large, max-video-preview:-1\" \/>\n<link rel=\"canonical\" href=\"https:\/\/cleitonpinheiro.com.br\/site\/ministro-fux-vota-para-anular-acao-penal-sobre-golpe-por-cerceamento-de-defesa\/\" \/>\n<meta property=\"og:locale\" content=\"pt_BR\" \/>\n<meta property=\"og:type\" content=\"article\" \/>\n<meta property=\"og:title\" content=\"Ministro Fux vota para anular a\u00e7\u00e3o penal sobre golpe por cerceamento de defesa - PORTAL DE NOT\u00cdCIAS CLEITON PINHEIRO\" \/>\n<meta property=\"og:description\" content=\"O ministro Luiz Fux, do Supremo Tribunal Federal (STF), acolheu&nbsp;nesta quarta-feira (10) a alega\u00e7\u00e3o de&nbsp;cerceamento de defesa usada pelos advogados dos r\u00e9us da a\u00e7\u00e3o penal que trata de uma suposta trama golpista, que teria atuado para manter o ex-presidente Jair Bolsonaro no poder mesmo ap\u00f3s derrota eleitoral em 2022.&nbsp; Fux divergiu do relator, ministro Alexandre [&hellip;]\" \/>\n<meta property=\"og:url\" content=\"https:\/\/cleitonpinheiro.com.br\/site\/ministro-fux-vota-para-anular-acao-penal-sobre-golpe-por-cerceamento-de-defesa\/\" \/>\n<meta property=\"og:site_name\" content=\"PORTAL DE NOT\u00cdCIAS CLEITON PINHEIRO\" \/>\n<meta property=\"article:publisher\" content=\"https:\/\/www.facebook.com\/portalcpnoticias\/\" \/>\n<meta property=\"article:published_time\" content=\"2025-09-10T15:41:32+00:00\" \/>\n<meta property=\"article:modified_time\" content=\"2025-09-12T17:56:52+00:00\" \/>\n<meta property=\"og:image\" content=\"https:\/\/cleitonpinheiro.com.br\/site\/wp-content\/uploads\/2025\/09\/10092025-pzzb1999.webp\" \/>\n\t<meta property=\"og:image:width\" content=\"1170\" \/>\n\t<meta property=\"og:image:height\" content=\"700\" \/>\n\t<meta property=\"og:image:type\" content=\"image\/webp\" \/>\n<meta name=\"author\" content=\"Reda\u00e7\u00e3o CP\" \/>\n<meta name=\"twitter:card\" content=\"summary_large_image\" \/>\n<meta name=\"twitter:label1\" content=\"Escrito por\" \/>\n\t<meta name=\"twitter:data1\" content=\"Reda\u00e7\u00e3o CP\" \/>\n\t<meta name=\"twitter:label2\" content=\"Est. tempo de leitura\" \/>\n\t<meta name=\"twitter:data2\" content=\"5 minutos\" \/>\n<script type=\"application\/ld+json\" class=\"yoast-schema-graph\">{\"@context\":\"https:\/\/schema.org\",\"@graph\":[{\"@type\":\"Article\",\"@id\":\"https:\/\/cleitonpinheiro.com.br\/site\/ministro-fux-vota-para-anular-acao-penal-sobre-golpe-por-cerceamento-de-defesa\/#article\",\"isPartOf\":{\"@id\":\"https:\/\/cleitonpinheiro.com.br\/site\/ministro-fux-vota-para-anular-acao-penal-sobre-golpe-por-cerceamento-de-defesa\/\"},\"author\":{\"name\":\"Reda\u00e7\u00e3o CP\",\"@id\":\"https:\/\/cleitonpinheiro.com.br\/site\/#\/schema\/person\/8f04544e0bc40a1b68775b08360f87db\"},\"headline\":\"Ministro Fux vota para anular a\u00e7\u00e3o penal sobre golpe por cerceamento de defesa\",\"datePublished\":\"2025-09-10T15:41:32+00:00\",\"dateModified\":\"2025-09-12T17:56:52+00:00\",\"mainEntityOfPage\":{\"@id\":\"https:\/\/cleitonpinheiro.com.br\/site\/ministro-fux-vota-para-anular-acao-penal-sobre-golpe-por-cerceamento-de-defesa\/\"},\"wordCount\":839,\"commentCount\":0,\"publisher\":{\"@id\":\"https:\/\/cleitonpinheiro.com.br\/site\/#organization\"},\"image\":{\"@id\":\"https:\/\/cleitonpinheiro.com.br\/site\/ministro-fux-vota-para-anular-acao-penal-sobre-golpe-por-cerceamento-de-defesa\/#primaryimage\"},\"thumbnailUrl\":\"https:\/\/cleitonpinheiro.com.br\/site\/wp-content\/uploads\/2025\/09\/10092025-pzzb1999.webp\",\"articleSection\":[\"MANCHETE SEGUND\u00c1RIA\",\"POL\u00cdTICA\",\"TODAS NOTICIAS\"],\"inLanguage\":\"pt-BR\",\"potentialAction\":[{\"@type\":\"CommentAction\",\"name\":\"Comment\",\"target\":[\"https:\/\/cleitonpinheiro.com.br\/site\/ministro-fux-vota-para-anular-acao-penal-sobre-golpe-por-cerceamento-de-defesa\/#respond\"]}]},{\"@type\":\"WebPage\",\"@id\":\"https:\/\/cleitonpinheiro.com.br\/site\/ministro-fux-vota-para-anular-acao-penal-sobre-golpe-por-cerceamento-de-defesa\/\",\"url\":\"https:\/\/cleitonpinheiro.com.br\/site\/ministro-fux-vota-para-anular-acao-penal-sobre-golpe-por-cerceamento-de-defesa\/\",\"name\":\"Ministro Fux vota para anular a\u00e7\u00e3o penal sobre golpe por cerceamento de defesa - PORTAL DE NOT\u00cdCIAS CLEITON PINHEIRO\",\"isPartOf\":{\"@id\":\"https:\/\/cleitonpinheiro.com.br\/site\/#website\"},\"primaryImageOfPage\":{\"@id\":\"https:\/\/cleitonpinheiro.com.br\/site\/ministro-fux-vota-para-anular-acao-penal-sobre-golpe-por-cerceamento-de-defesa\/#primaryimage\"},\"image\":{\"@id\":\"https:\/\/cleitonpinheiro.com.br\/site\/ministro-fux-vota-para-anular-acao-penal-sobre-golpe-por-cerceamento-de-defesa\/#primaryimage\"},\"thumbnailUrl\":\"https:\/\/cleitonpinheiro.com.br\/site\/wp-content\/uploads\/2025\/09\/10092025-pzzb1999.webp\",\"datePublished\":\"2025-09-10T15:41:32+00:00\",\"dateModified\":\"2025-09-12T17:56:52+00:00\",\"breadcrumb\":{\"@id\":\"https:\/\/cleitonpinheiro.com.br\/site\/ministro-fux-vota-para-anular-acao-penal-sobre-golpe-por-cerceamento-de-defesa\/#breadcrumb\"},\"inLanguage\":\"pt-BR\",\"potentialAction\":[{\"@type\":\"ReadAction\",\"target\":[\"https:\/\/cleitonpinheiro.com.br\/site\/ministro-fux-vota-para-anular-acao-penal-sobre-golpe-por-cerceamento-de-defesa\/\"]}]},{\"@type\":\"ImageObject\",\"inLanguage\":\"pt-BR\",\"@id\":\"https:\/\/cleitonpinheiro.com.br\/site\/ministro-fux-vota-para-anular-acao-penal-sobre-golpe-por-cerceamento-de-defesa\/#primaryimage\",\"url\":\"https:\/\/cleitonpinheiro.com.br\/site\/wp-content\/uploads\/2025\/09\/10092025-pzzb1999.webp\",\"contentUrl\":\"https:\/\/cleitonpinheiro.com.br\/site\/wp-content\/uploads\/2025\/09\/10092025-pzzb1999.webp\",\"width\":1170,\"height\":700,\"caption\":\"\u00a9 Fabio Rodrigues-Pozzebom\/ Ag\u00eancia Brasil\"},{\"@type\":\"BreadcrumbList\",\"@id\":\"https:\/\/cleitonpinheiro.com.br\/site\/ministro-fux-vota-para-anular-acao-penal-sobre-golpe-por-cerceamento-de-defesa\/#breadcrumb\",\"itemListElement\":[{\"@type\":\"ListItem\",\"position\":1,\"name\":\"In\u00edcio\",\"item\":\"https:\/\/cleitonpinheiro.com.br\/site\/\"},{\"@type\":\"ListItem\",\"position\":2,\"name\":\"Ministro Fux vota para anular a\u00e7\u00e3o penal sobre golpe por cerceamento de defesa\"}]},{\"@type\":\"WebSite\",\"@id\":\"https:\/\/cleitonpinheiro.com.br\/site\/#website\",\"url\":\"https:\/\/cleitonpinheiro.com.br\/site\/\",\"name\":\"PORTAL DE NOT\u00cdCIAS CLEITON PINHEIRO\",\"description\":\"FALANDO A VERDADE\",\"publisher\":{\"@id\":\"https:\/\/cleitonpinheiro.com.br\/site\/#organization\"},\"potentialAction\":[{\"@type\":\"SearchAction\",\"target\":{\"@type\":\"EntryPoint\",\"urlTemplate\":\"https:\/\/cleitonpinheiro.com.br\/site\/?s={search_term_string}\"},\"query-input\":{\"@type\":\"PropertyValueSpecification\",\"valueRequired\":true,\"valueName\":\"search_term_string\"}}],\"inLanguage\":\"pt-BR\"},{\"@type\":\"Organization\",\"@id\":\"https:\/\/cleitonpinheiro.com.br\/site\/#organization\",\"name\":\"CPNOT\u00cdCIAS\",\"url\":\"https:\/\/cleitonpinheiro.com.br\/site\/\",\"logo\":{\"@type\":\"ImageObject\",\"inLanguage\":\"pt-BR\",\"@id\":\"https:\/\/cleitonpinheiro.com.br\/site\/#\/schema\/logo\/image\/\",\"url\":\"https:\/\/cleitonpinheiro.com.br\/site\/wp-content\/uploads\/2022\/08\/Logo-pequena-2.png\",\"contentUrl\":\"https:\/\/cleitonpinheiro.com.br\/site\/wp-content\/uploads\/2022\/08\/Logo-pequena-2.png\",\"width\":500,\"height\":500,\"caption\":\"CPNOT\u00cdCIAS\"},\"image\":{\"@id\":\"https:\/\/cleitonpinheiro.com.br\/site\/#\/schema\/logo\/image\/\"},\"sameAs\":[\"https:\/\/www.facebook.com\/portalcpnoticias\/\"]},{\"@type\":\"Person\",\"@id\":\"https:\/\/cleitonpinheiro.com.br\/site\/#\/schema\/person\/8f04544e0bc40a1b68775b08360f87db\",\"name\":\"Reda\u00e7\u00e3o CP\",\"image\":{\"@type\":\"ImageObject\",\"inLanguage\":\"pt-BR\",\"@id\":\"https:\/\/cleitonpinheiro.com.br\/site\/#\/schema\/person\/image\/\",\"url\":\"https:\/\/secure.gravatar.com\/avatar\/0bcf19cb29fdc8fc588c490c7ae1b3e174dac268586a63fbe1d1893a0f9020cd?s=96&r=g\",\"contentUrl\":\"https:\/\/secure.gravatar.com\/avatar\/0bcf19cb29fdc8fc588c490c7ae1b3e174dac268586a63fbe1d1893a0f9020cd?s=96&r=g\",\"caption\":\"Reda\u00e7\u00e3o CP\"},\"url\":\"https:\/\/cleitonpinheiro.com.br\/site\/author\/redacao\/\"}]}<\/script>\n<!-- \/ Yoast SEO plugin. -->","yoast_head_json":{"title":"Ministro Fux vota para anular a\u00e7\u00e3o penal sobre golpe por cerceamento de defesa - PORTAL DE NOT\u00cdCIAS CLEITON PINHEIRO","robots":{"index":"index","follow":"follow","max-snippet":"max-snippet:-1","max-image-preview":"max-image-preview:large","max-video-preview":"max-video-preview:-1"},"canonical":"https:\/\/cleitonpinheiro.com.br\/site\/ministro-fux-vota-para-anular-acao-penal-sobre-golpe-por-cerceamento-de-defesa\/","og_locale":"pt_BR","og_type":"article","og_title":"Ministro Fux vota para anular a\u00e7\u00e3o penal sobre golpe por cerceamento de defesa - PORTAL DE NOT\u00cdCIAS CLEITON PINHEIRO","og_description":"O ministro Luiz Fux, do Supremo Tribunal Federal (STF), acolheu&nbsp;nesta quarta-feira (10) a alega\u00e7\u00e3o de&nbsp;cerceamento de defesa usada pelos advogados dos r\u00e9us da a\u00e7\u00e3o penal que trata de uma suposta trama golpista, que teria atuado para manter o ex-presidente Jair Bolsonaro no poder mesmo ap\u00f3s derrota eleitoral em 2022.&nbsp; Fux divergiu do relator, ministro Alexandre [&hellip;]","og_url":"https:\/\/cleitonpinheiro.com.br\/site\/ministro-fux-vota-para-anular-acao-penal-sobre-golpe-por-cerceamento-de-defesa\/","og_site_name":"PORTAL DE NOT\u00cdCIAS CLEITON PINHEIRO","article_publisher":"https:\/\/www.facebook.com\/portalcpnoticias\/","article_published_time":"2025-09-10T15:41:32+00:00","article_modified_time":"2025-09-12T17:56:52+00:00","og_image":[{"width":1170,"height":700,"url":"https:\/\/cleitonpinheiro.com.br\/site\/wp-content\/uploads\/2025\/09\/10092025-pzzb1999.webp","type":"image\/webp"}],"author":"Reda\u00e7\u00e3o CP","twitter_card":"summary_large_image","twitter_misc":{"Escrito por":"Reda\u00e7\u00e3o CP","Est. tempo de leitura":"5 minutos"},"schema":{"@context":"https:\/\/schema.org","@graph":[{"@type":"Article","@id":"https:\/\/cleitonpinheiro.com.br\/site\/ministro-fux-vota-para-anular-acao-penal-sobre-golpe-por-cerceamento-de-defesa\/#article","isPartOf":{"@id":"https:\/\/cleitonpinheiro.com.br\/site\/ministro-fux-vota-para-anular-acao-penal-sobre-golpe-por-cerceamento-de-defesa\/"},"author":{"name":"Reda\u00e7\u00e3o CP","@id":"https:\/\/cleitonpinheiro.com.br\/site\/#\/schema\/person\/8f04544e0bc40a1b68775b08360f87db"},"headline":"Ministro Fux vota para anular a\u00e7\u00e3o penal sobre golpe por cerceamento de defesa","datePublished":"2025-09-10T15:41:32+00:00","dateModified":"2025-09-12T17:56:52+00:00","mainEntityOfPage":{"@id":"https:\/\/cleitonpinheiro.com.br\/site\/ministro-fux-vota-para-anular-acao-penal-sobre-golpe-por-cerceamento-de-defesa\/"},"wordCount":839,"commentCount":0,"publisher":{"@id":"https:\/\/cleitonpinheiro.com.br\/site\/#organization"},"image":{"@id":"https:\/\/cleitonpinheiro.com.br\/site\/ministro-fux-vota-para-anular-acao-penal-sobre-golpe-por-cerceamento-de-defesa\/#primaryimage"},"thumbnailUrl":"https:\/\/cleitonpinheiro.com.br\/site\/wp-content\/uploads\/2025\/09\/10092025-pzzb1999.webp","articleSection":["MANCHETE SEGUND\u00c1RIA","POL\u00cdTICA","TODAS NOTICIAS"],"inLanguage":"pt-BR","potentialAction":[{"@type":"CommentAction","name":"Comment","target":["https:\/\/cleitonpinheiro.com.br\/site\/ministro-fux-vota-para-anular-acao-penal-sobre-golpe-por-cerceamento-de-defesa\/#respond"]}]},{"@type":"WebPage","@id":"https:\/\/cleitonpinheiro.com.br\/site\/ministro-fux-vota-para-anular-acao-penal-sobre-golpe-por-cerceamento-de-defesa\/","url":"https:\/\/cleitonpinheiro.com.br\/site\/ministro-fux-vota-para-anular-acao-penal-sobre-golpe-por-cerceamento-de-defesa\/","name":"Ministro Fux vota para anular a\u00e7\u00e3o penal sobre golpe por cerceamento de defesa - PORTAL DE NOT\u00cdCIAS CLEITON PINHEIRO","isPartOf":{"@id":"https:\/\/cleitonpinheiro.com.br\/site\/#website"},"primaryImageOfPage":{"@id":"https:\/\/cleitonpinheiro.com.br\/site\/ministro-fux-vota-para-anular-acao-penal-sobre-golpe-por-cerceamento-de-defesa\/#primaryimage"},"image":{"@id":"https:\/\/cleitonpinheiro.com.br\/site\/ministro-fux-vota-para-anular-acao-penal-sobre-golpe-por-cerceamento-de-defesa\/#primaryimage"},"thumbnailUrl":"https:\/\/cleitonpinheiro.com.br\/site\/wp-content\/uploads\/2025\/09\/10092025-pzzb1999.webp","datePublished":"2025-09-10T15:41:32+00:00","dateModified":"2025-09-12T17:56:52+00:00","breadcrumb":{"@id":"https:\/\/cleitonpinheiro.com.br\/site\/ministro-fux-vota-para-anular-acao-penal-sobre-golpe-por-cerceamento-de-defesa\/#breadcrumb"},"inLanguage":"pt-BR","potentialAction":[{"@type":"ReadAction","target":["https:\/\/cleitonpinheiro.com.br\/site\/ministro-fux-vota-para-anular-acao-penal-sobre-golpe-por-cerceamento-de-defesa\/"]}]},{"@type":"ImageObject","inLanguage":"pt-BR","@id":"https:\/\/cleitonpinheiro.com.br\/site\/ministro-fux-vota-para-anular-acao-penal-sobre-golpe-por-cerceamento-de-defesa\/#primaryimage","url":"https:\/\/cleitonpinheiro.com.br\/site\/wp-content\/uploads\/2025\/09\/10092025-pzzb1999.webp","contentUrl":"https:\/\/cleitonpinheiro.com.br\/site\/wp-content\/uploads\/2025\/09\/10092025-pzzb1999.webp","width":1170,"height":700,"caption":"\u00a9 Fabio Rodrigues-Pozzebom\/ Ag\u00eancia Brasil"},{"@type":"BreadcrumbList","@id":"https:\/\/cleitonpinheiro.com.br\/site\/ministro-fux-vota-para-anular-acao-penal-sobre-golpe-por-cerceamento-de-defesa\/#breadcrumb","itemListElement":[{"@type":"ListItem","position":1,"name":"In\u00edcio","item":"https:\/\/cleitonpinheiro.com.br\/site\/"},{"@type":"ListItem","position":2,"name":"Ministro Fux vota para anular a\u00e7\u00e3o penal sobre golpe por cerceamento de defesa"}]},{"@type":"WebSite","@id":"https:\/\/cleitonpinheiro.com.br\/site\/#website","url":"https:\/\/cleitonpinheiro.com.br\/site\/","name":"PORTAL DE NOT\u00cdCIAS CLEITON PINHEIRO","description":"FALANDO A VERDADE","publisher":{"@id":"https:\/\/cleitonpinheiro.com.br\/site\/#organization"},"potentialAction":[{"@type":"SearchAction","target":{"@type":"EntryPoint","urlTemplate":"https:\/\/cleitonpinheiro.com.br\/site\/?s={search_term_string}"},"query-input":{"@type":"PropertyValueSpecification","valueRequired":true,"valueName":"search_term_string"}}],"inLanguage":"pt-BR"},{"@type":"Organization","@id":"https:\/\/cleitonpinheiro.com.br\/site\/#organization","name":"CPNOT\u00cdCIAS","url":"https:\/\/cleitonpinheiro.com.br\/site\/","logo":{"@type":"ImageObject","inLanguage":"pt-BR","@id":"https:\/\/cleitonpinheiro.com.br\/site\/#\/schema\/logo\/image\/","url":"https:\/\/cleitonpinheiro.com.br\/site\/wp-content\/uploads\/2022\/08\/Logo-pequena-2.png","contentUrl":"https:\/\/cleitonpinheiro.com.br\/site\/wp-content\/uploads\/2022\/08\/Logo-pequena-2.png","width":500,"height":500,"caption":"CPNOT\u00cdCIAS"},"image":{"@id":"https:\/\/cleitonpinheiro.com.br\/site\/#\/schema\/logo\/image\/"},"sameAs":["https:\/\/www.facebook.com\/portalcpnoticias\/"]},{"@type":"Person","@id":"https:\/\/cleitonpinheiro.com.br\/site\/#\/schema\/person\/8f04544e0bc40a1b68775b08360f87db","name":"Reda\u00e7\u00e3o CP","image":{"@type":"ImageObject","inLanguage":"pt-BR","@id":"https:\/\/cleitonpinheiro.com.br\/site\/#\/schema\/person\/image\/","url":"https:\/\/secure.gravatar.com\/avatar\/0bcf19cb29fdc8fc588c490c7ae1b3e174dac268586a63fbe1d1893a0f9020cd?s=96&r=g","contentUrl":"https:\/\/secure.gravatar.com\/avatar\/0bcf19cb29fdc8fc588c490c7ae1b3e174dac268586a63fbe1d1893a0f9020cd?s=96&r=g","caption":"Reda\u00e7\u00e3o CP"},"url":"https:\/\/cleitonpinheiro.com.br\/site\/author\/redacao\/"}]}},"views":144,"_links":{"self":[{"href":"https:\/\/cleitonpinheiro.com.br\/site\/wp-json\/wp\/v2\/posts\/86821","targetHints":{"allow":["GET"]}}],"collection":[{"href":"https:\/\/cleitonpinheiro.com.br\/site\/wp-json\/wp\/v2\/posts"}],"about":[{"href":"https:\/\/cleitonpinheiro.com.br\/site\/wp-json\/wp\/v2\/types\/post"}],"author":[{"embeddable":true,"href":"https:\/\/cleitonpinheiro.com.br\/site\/wp-json\/wp\/v2\/users\/13"}],"replies":[{"embeddable":true,"href":"https:\/\/cleitonpinheiro.com.br\/site\/wp-json\/wp\/v2\/comments?post=86821"}],"version-history":[{"count":1,"href":"https:\/\/cleitonpinheiro.com.br\/site\/wp-json\/wp\/v2\/posts\/86821\/revisions"}],"predecessor-version":[{"id":86823,"href":"https:\/\/cleitonpinheiro.com.br\/site\/wp-json\/wp\/v2\/posts\/86821\/revisions\/86823"}],"wp:featuredmedia":[{"embeddable":true,"href":"https:\/\/cleitonpinheiro.com.br\/site\/wp-json\/wp\/v2\/media\/86822"}],"wp:attachment":[{"href":"https:\/\/cleitonpinheiro.com.br\/site\/wp-json\/wp\/v2\/media?parent=86821"}],"wp:term":[{"taxonomy":"category","embeddable":true,"href":"https:\/\/cleitonpinheiro.com.br\/site\/wp-json\/wp\/v2\/categories?post=86821"},{"taxonomy":"post_tag","embeddable":true,"href":"https:\/\/cleitonpinheiro.com.br\/site\/wp-json\/wp\/v2\/tags?post=86821"}],"curies":[{"name":"wp","href":"https:\/\/api.w.org\/{rel}","templated":true}]}}