{"id":86824,"date":"2025-09-10T12:49:04","date_gmt":"2025-09-10T15:49:04","guid":{"rendered":"https:\/\/cleitonpinheiro.com.br\/site\/?p=86824"},"modified":"2025-09-10T12:49:24","modified_gmt":"2025-09-10T15:49:24","slug":"diario-oficial-do-estado-traz-nomeacao-do-filho-de-raul-para-secretaria-da-governadoria","status":"publish","type":"post","link":"https:\/\/cleitonpinheiro.com.br\/site\/diario-oficial-do-estado-traz-nomeacao-do-filho-de-raul-para-secretaria-da-governadoria\/","title":{"rendered":"Di\u00e1rio Oficial do Estado traz nomea\u00e7\u00e3o do filho de Raul para Secretaria da Governadoria"},"content":{"rendered":"\n<figure class=\"wp-block-image size-large\"><img fetchpriority=\"high\" decoding=\"async\" width=\"1024\" height=\"753\" src=\"https:\/\/cleitonpinheiro.com.br\/site\/wp-content\/uploads\/2025\/09\/raul-filho01-scaled-1-1024x753.webp\" alt=\"\" class=\"wp-image-86825\" srcset=\"https:\/\/cleitonpinheiro.com.br\/site\/wp-content\/uploads\/2025\/09\/raul-filho01-scaled-1-1024x753.webp 1024w, https:\/\/cleitonpinheiro.com.br\/site\/wp-content\/uploads\/2025\/09\/raul-filho01-scaled-1-300x221.webp 300w, https:\/\/cleitonpinheiro.com.br\/site\/wp-content\/uploads\/2025\/09\/raul-filho01-scaled-1-768x565.webp 768w, https:\/\/cleitonpinheiro.com.br\/site\/wp-content\/uploads\/2025\/09\/raul-filho01-scaled-1.webp 1200w\" sizes=\"(max-width: 1024px) 100vw, 1024px\" \/><\/figure>\n\n\n\n<p>A edi\u00e7\u00e3o do Di\u00e1rio Oficial do Estado publicada na noite desta ter\u00e7a-feira, 9, surpreendeu ao n\u00e3o confirmar a nomea\u00e7\u00e3o do ex-prefeito de Palmas, Raul de Jesus Lustosa Filho, para o cargo de secret\u00e1rio da Governadoria. No lugar, apareceu um nome semelhante: Raul de Jesus Filho e Neto \u2014 que, na verdade, \u00e9 o filho do ex-gestor da Capital.<\/p>\n\n\n\n<p>Conforme noticiado pelo site Cleber Toledo, a mudan\u00e7a seria uma sa\u00edda encontrada diante do impasse jur\u00eddico envolvendo Raul, o pai. Ele est\u00e1 ineleg\u00edvel at\u00e9 23 de mar\u00e7o de 2026 em raz\u00e3o de uma condena\u00e7\u00e3o por crime ambiental, cuja punibilidade foi extinta em 23 de mar\u00e7o de 2018. Pela Lei da Ficha Limpa, a inelegibilidade se estende por oito anos ap\u00f3s a extin\u00e7\u00e3o da pena. Dessa forma, Raul s\u00f3 ter\u00e1 sua elegibilidade restabelecida em mar\u00e7o do pr\u00f3ximo ano. Enquanto isso, a legisla\u00e7\u00e3o estadual impede que pessoas ineleg\u00edveis assumam cargos na estrutura do governo do Tocantins.<\/p>\n","protected":false},"excerpt":{"rendered":"<p>A edi\u00e7\u00e3o do Di\u00e1rio Oficial do Estado publicada na noite desta ter\u00e7a-feira, 9, surpreendeu ao n\u00e3o confirmar a nomea\u00e7\u00e3o do ex-prefeito de Palmas, Raul de Jesus Lustosa Filho, para o cargo de secret\u00e1rio da Governadoria. No lugar, apareceu um nome semelhante: Raul de Jesus Filho e Neto \u2014 que, na verdade, \u00e9 o filho do [&hellip;]<\/p>\n","protected":false},"author":13,"featured_media":86825,"comment_status":"open","ping_status":"open","sticky":false,"template":"","format":"standard","meta":{"_acf_changed":false,"footnotes":""},"categories":[898,23,21],"tags":[],"class_list":["post-86824","post","type-post","status-publish","format-standard","has-post-thumbnail","hentry","category-manchete-segundaria","category-politica","category-todas-noticias"],"acf":[],"yoast_head":"<!-- This site is optimized with the Yoast SEO plugin v24.4 - https:\/\/yoast.com\/wordpress\/plugins\/seo\/ -->\n<title>Di\u00e1rio Oficial do Estado traz nomea\u00e7\u00e3o do filho de Raul para Secretaria da Governadoria - PORTAL DE NOT\u00cdCIAS CLEITON PINHEIRO<\/title>\n<meta name=\"robots\" content=\"index, follow, max-snippet:-1, max-image-preview:large, max-video-preview:-1\" \/>\n<link rel=\"canonical\" href=\"https:\/\/cleitonpinheiro.com.br\/site\/diario-oficial-do-estado-traz-nomeacao-do-filho-de-raul-para-secretaria-da-governadoria\/\" \/>\n<meta property=\"og:locale\" content=\"pt_BR\" \/>\n<meta property=\"og:type\" content=\"article\" \/>\n<meta property=\"og:title\" content=\"Di\u00e1rio Oficial do Estado traz nomea\u00e7\u00e3o do filho de Raul para Secretaria da Governadoria - PORTAL DE NOT\u00cdCIAS CLEITON PINHEIRO\" \/>\n<meta property=\"og:description\" content=\"A edi\u00e7\u00e3o do Di\u00e1rio Oficial do Estado publicada na noite desta ter\u00e7a-feira, 9, surpreendeu ao n\u00e3o confirmar a nomea\u00e7\u00e3o do ex-prefeito de Palmas, Raul de Jesus Lustosa Filho, para o cargo de secret\u00e1rio da Governadoria. No lugar, apareceu um nome semelhante: Raul de Jesus Filho e Neto \u2014 que, na verdade, \u00e9 o filho do [&hellip;]\" \/>\n<meta property=\"og:url\" content=\"https:\/\/cleitonpinheiro.com.br\/site\/diario-oficial-do-estado-traz-nomeacao-do-filho-de-raul-para-secretaria-da-governadoria\/\" \/>\n<meta property=\"og:site_name\" content=\"PORTAL DE NOT\u00cdCIAS CLEITON PINHEIRO\" \/>\n<meta property=\"article:publisher\" content=\"https:\/\/www.facebook.com\/portalcpnoticias\/\" \/>\n<meta property=\"article:published_time\" content=\"2025-09-10T15:49:04+00:00\" \/>\n<meta property=\"article:modified_time\" content=\"2025-09-10T15:49:24+00:00\" \/>\n<meta property=\"og:image\" content=\"https:\/\/cleitonpinheiro.com.br\/site\/wp-content\/uploads\/2025\/09\/raul-filho01-scaled-1.webp\" \/>\n\t<meta property=\"og:image:width\" content=\"1200\" \/>\n\t<meta property=\"og:image:height\" content=\"883\" \/>\n\t<meta property=\"og:image:type\" content=\"image\/webp\" \/>\n<meta name=\"author\" content=\"Reda\u00e7\u00e3o CP\" \/>\n<meta name=\"twitter:card\" content=\"summary_large_image\" \/>\n<meta name=\"twitter:label1\" content=\"Escrito por\" \/>\n\t<meta name=\"twitter:data1\" content=\"Reda\u00e7\u00e3o CP\" \/>\n\t<meta name=\"twitter:label2\" content=\"Est. tempo de leitura\" \/>\n\t<meta name=\"twitter:data2\" content=\"2 minutos\" \/>\n<script type=\"application\/ld+json\" class=\"yoast-schema-graph\">{\"@context\":\"https:\/\/schema.org\",\"@graph\":[{\"@type\":\"Article\",\"@id\":\"https:\/\/cleitonpinheiro.com.br\/site\/diario-oficial-do-estado-traz-nomeacao-do-filho-de-raul-para-secretaria-da-governadoria\/#article\",\"isPartOf\":{\"@id\":\"https:\/\/cleitonpinheiro.com.br\/site\/diario-oficial-do-estado-traz-nomeacao-do-filho-de-raul-para-secretaria-da-governadoria\/\"},\"author\":{\"name\":\"Reda\u00e7\u00e3o CP\",\"@id\":\"https:\/\/cleitonpinheiro.com.br\/site\/#\/schema\/person\/8f04544e0bc40a1b68775b08360f87db\"},\"headline\":\"Di\u00e1rio Oficial do Estado traz nomea\u00e7\u00e3o do filho de Raul para Secretaria da Governadoria\",\"datePublished\":\"2025-09-10T15:49:04+00:00\",\"dateModified\":\"2025-09-10T15:49:24+00:00\",\"mainEntityOfPage\":{\"@id\":\"https:\/\/cleitonpinheiro.com.br\/site\/diario-oficial-do-estado-traz-nomeacao-do-filho-de-raul-para-secretaria-da-governadoria\/\"},\"wordCount\":181,\"commentCount\":0,\"publisher\":{\"@id\":\"https:\/\/cleitonpinheiro.com.br\/site\/#organization\"},\"image\":{\"@id\":\"https:\/\/cleitonpinheiro.com.br\/site\/diario-oficial-do-estado-traz-nomeacao-do-filho-de-raul-para-secretaria-da-governadoria\/#primaryimage\"},\"thumbnailUrl\":\"https:\/\/cleitonpinheiro.com.br\/site\/wp-content\/uploads\/2025\/09\/raul-filho01-scaled-1.webp\",\"articleSection\":[\"MANCHETE SEGUND\u00c1RIA\",\"POL\u00cdTICA\",\"TODAS NOTICIAS\"],\"inLanguage\":\"pt-BR\",\"potentialAction\":[{\"@type\":\"CommentAction\",\"name\":\"Comment\",\"target\":[\"https:\/\/cleitonpinheiro.com.br\/site\/diario-oficial-do-estado-traz-nomeacao-do-filho-de-raul-para-secretaria-da-governadoria\/#respond\"]}]},{\"@type\":\"WebPage\",\"@id\":\"https:\/\/cleitonpinheiro.com.br\/site\/diario-oficial-do-estado-traz-nomeacao-do-filho-de-raul-para-secretaria-da-governadoria\/\",\"url\":\"https:\/\/cleitonpinheiro.com.br\/site\/diario-oficial-do-estado-traz-nomeacao-do-filho-de-raul-para-secretaria-da-governadoria\/\",\"name\":\"Di\u00e1rio Oficial do Estado traz nomea\u00e7\u00e3o do filho de Raul para Secretaria da Governadoria - PORTAL DE NOT\u00cdCIAS CLEITON PINHEIRO\",\"isPartOf\":{\"@id\":\"https:\/\/cleitonpinheiro.com.br\/site\/#website\"},\"primaryImageOfPage\":{\"@id\":\"https:\/\/cleitonpinheiro.com.br\/site\/diario-oficial-do-estado-traz-nomeacao-do-filho-de-raul-para-secretaria-da-governadoria\/#primaryimage\"},\"image\":{\"@id\":\"https:\/\/cleitonpinheiro.com.br\/site\/diario-oficial-do-estado-traz-nomeacao-do-filho-de-raul-para-secretaria-da-governadoria\/#primaryimage\"},\"thumbnailUrl\":\"https:\/\/cleitonpinheiro.com.br\/site\/wp-content\/uploads\/2025\/09\/raul-filho01-scaled-1.webp\",\"datePublished\":\"2025-09-10T15:49:04+00:00\",\"dateModified\":\"2025-09-10T15:49:24+00:00\",\"breadcrumb\":{\"@id\":\"https:\/\/cleitonpinheiro.com.br\/site\/diario-oficial-do-estado-traz-nomeacao-do-filho-de-raul-para-secretaria-da-governadoria\/#breadcrumb\"},\"inLanguage\":\"pt-BR\",\"potentialAction\":[{\"@type\":\"ReadAction\",\"target\":[\"https:\/\/cleitonpinheiro.com.br\/site\/diario-oficial-do-estado-traz-nomeacao-do-filho-de-raul-para-secretaria-da-governadoria\/\"]}]},{\"@type\":\"ImageObject\",\"inLanguage\":\"pt-BR\",\"@id\":\"https:\/\/cleitonpinheiro.com.br\/site\/diario-oficial-do-estado-traz-nomeacao-do-filho-de-raul-para-secretaria-da-governadoria\/#primaryimage\",\"url\":\"https:\/\/cleitonpinheiro.com.br\/site\/wp-content\/uploads\/2025\/09\/raul-filho01-scaled-1.webp\",\"contentUrl\":\"https:\/\/cleitonpinheiro.com.br\/site\/wp-content\/uploads\/2025\/09\/raul-filho01-scaled-1.webp\",\"width\":1200,\"height\":883},{\"@type\":\"BreadcrumbList\",\"@id\":\"https:\/\/cleitonpinheiro.com.br\/site\/diario-oficial-do-estado-traz-nomeacao-do-filho-de-raul-para-secretaria-da-governadoria\/#breadcrumb\",\"itemListElement\":[{\"@type\":\"ListItem\",\"position\":1,\"name\":\"In\u00edcio\",\"item\":\"https:\/\/cleitonpinheiro.com.br\/site\/\"},{\"@type\":\"ListItem\",\"position\":2,\"name\":\"Di\u00e1rio Oficial do Estado traz nomea\u00e7\u00e3o do filho de Raul para Secretaria da Governadoria\"}]},{\"@type\":\"WebSite\",\"@id\":\"https:\/\/cleitonpinheiro.com.br\/site\/#website\",\"url\":\"https:\/\/cleitonpinheiro.com.br\/site\/\",\"name\":\"PORTAL DE NOT\u00cdCIAS CLEITON PINHEIRO\",\"description\":\"FALANDO A VERDADE\",\"publisher\":{\"@id\":\"https:\/\/cleitonpinheiro.com.br\/site\/#organization\"},\"potentialAction\":[{\"@type\":\"SearchAction\",\"target\":{\"@type\":\"EntryPoint\",\"urlTemplate\":\"https:\/\/cleitonpinheiro.com.br\/site\/?s={search_term_string}\"},\"query-input\":{\"@type\":\"PropertyValueSpecification\",\"valueRequired\":true,\"valueName\":\"search_term_string\"}}],\"inLanguage\":\"pt-BR\"},{\"@type\":\"Organization\",\"@id\":\"https:\/\/cleitonpinheiro.com.br\/site\/#organization\",\"name\":\"CPNOT\u00cdCIAS\",\"url\":\"https:\/\/cleitonpinheiro.com.br\/site\/\",\"logo\":{\"@type\":\"ImageObject\",\"inLanguage\":\"pt-BR\",\"@id\":\"https:\/\/cleitonpinheiro.com.br\/site\/#\/schema\/logo\/image\/\",\"url\":\"https:\/\/cleitonpinheiro.com.br\/site\/wp-content\/uploads\/2022\/08\/Logo-pequena-2.png\",\"contentUrl\":\"https:\/\/cleitonpinheiro.com.br\/site\/wp-content\/uploads\/2022\/08\/Logo-pequena-2.png\",\"width\":500,\"height\":500,\"caption\":\"CPNOT\u00cdCIAS\"},\"image\":{\"@id\":\"https:\/\/cleitonpinheiro.com.br\/site\/#\/schema\/logo\/image\/\"},\"sameAs\":[\"https:\/\/www.facebook.com\/portalcpnoticias\/\"]},{\"@type\":\"Person\",\"@id\":\"https:\/\/cleitonpinheiro.com.br\/site\/#\/schema\/person\/8f04544e0bc40a1b68775b08360f87db\",\"name\":\"Reda\u00e7\u00e3o CP\",\"image\":{\"@type\":\"ImageObject\",\"inLanguage\":\"pt-BR\",\"@id\":\"https:\/\/cleitonpinheiro.com.br\/site\/#\/schema\/person\/image\/\",\"url\":\"https:\/\/secure.gravatar.com\/avatar\/0bcf19cb29fdc8fc588c490c7ae1b3e174dac268586a63fbe1d1893a0f9020cd?s=96&r=g\",\"contentUrl\":\"https:\/\/secure.gravatar.com\/avatar\/0bcf19cb29fdc8fc588c490c7ae1b3e174dac268586a63fbe1d1893a0f9020cd?s=96&r=g\",\"caption\":\"Reda\u00e7\u00e3o CP\"},\"url\":\"https:\/\/cleitonpinheiro.com.br\/site\/author\/redacao\/\"}]}<\/script>\n<!-- \/ Yoast SEO plugin. -->","yoast_head_json":{"title":"Di\u00e1rio Oficial do Estado traz nomea\u00e7\u00e3o do filho de Raul para Secretaria da Governadoria - PORTAL DE NOT\u00cdCIAS CLEITON PINHEIRO","robots":{"index":"index","follow":"follow","max-snippet":"max-snippet:-1","max-image-preview":"max-image-preview:large","max-video-preview":"max-video-preview:-1"},"canonical":"https:\/\/cleitonpinheiro.com.br\/site\/diario-oficial-do-estado-traz-nomeacao-do-filho-de-raul-para-secretaria-da-governadoria\/","og_locale":"pt_BR","og_type":"article","og_title":"Di\u00e1rio Oficial do Estado traz nomea\u00e7\u00e3o do filho de Raul para Secretaria da Governadoria - PORTAL DE NOT\u00cdCIAS CLEITON PINHEIRO","og_description":"A edi\u00e7\u00e3o do Di\u00e1rio Oficial do Estado publicada na noite desta ter\u00e7a-feira, 9, surpreendeu ao n\u00e3o confirmar a nomea\u00e7\u00e3o do ex-prefeito de Palmas, Raul de Jesus Lustosa Filho, para o cargo de secret\u00e1rio da Governadoria. No lugar, apareceu um nome semelhante: Raul de Jesus Filho e Neto \u2014 que, na verdade, \u00e9 o filho do [&hellip;]","og_url":"https:\/\/cleitonpinheiro.com.br\/site\/diario-oficial-do-estado-traz-nomeacao-do-filho-de-raul-para-secretaria-da-governadoria\/","og_site_name":"PORTAL DE NOT\u00cdCIAS CLEITON PINHEIRO","article_publisher":"https:\/\/www.facebook.com\/portalcpnoticias\/","article_published_time":"2025-09-10T15:49:04+00:00","article_modified_time":"2025-09-10T15:49:24+00:00","og_image":[{"width":1200,"height":883,"url":"https:\/\/cleitonpinheiro.com.br\/site\/wp-content\/uploads\/2025\/09\/raul-filho01-scaled-1.webp","type":"image\/webp"}],"author":"Reda\u00e7\u00e3o CP","twitter_card":"summary_large_image","twitter_misc":{"Escrito por":"Reda\u00e7\u00e3o CP","Est. tempo de leitura":"2 minutos"},"schema":{"@context":"https:\/\/schema.org","@graph":[{"@type":"Article","@id":"https:\/\/cleitonpinheiro.com.br\/site\/diario-oficial-do-estado-traz-nomeacao-do-filho-de-raul-para-secretaria-da-governadoria\/#article","isPartOf":{"@id":"https:\/\/cleitonpinheiro.com.br\/site\/diario-oficial-do-estado-traz-nomeacao-do-filho-de-raul-para-secretaria-da-governadoria\/"},"author":{"name":"Reda\u00e7\u00e3o CP","@id":"https:\/\/cleitonpinheiro.com.br\/site\/#\/schema\/person\/8f04544e0bc40a1b68775b08360f87db"},"headline":"Di\u00e1rio Oficial do Estado traz nomea\u00e7\u00e3o do filho de Raul para Secretaria da Governadoria","datePublished":"2025-09-10T15:49:04+00:00","dateModified":"2025-09-10T15:49:24+00:00","mainEntityOfPage":{"@id":"https:\/\/cleitonpinheiro.com.br\/site\/diario-oficial-do-estado-traz-nomeacao-do-filho-de-raul-para-secretaria-da-governadoria\/"},"wordCount":181,"commentCount":0,"publisher":{"@id":"https:\/\/cleitonpinheiro.com.br\/site\/#organization"},"image":{"@id":"https:\/\/cleitonpinheiro.com.br\/site\/diario-oficial-do-estado-traz-nomeacao-do-filho-de-raul-para-secretaria-da-governadoria\/#primaryimage"},"thumbnailUrl":"https:\/\/cleitonpinheiro.com.br\/site\/wp-content\/uploads\/2025\/09\/raul-filho01-scaled-1.webp","articleSection":["MANCHETE SEGUND\u00c1RIA","POL\u00cdTICA","TODAS NOTICIAS"],"inLanguage":"pt-BR","potentialAction":[{"@type":"CommentAction","name":"Comment","target":["https:\/\/cleitonpinheiro.com.br\/site\/diario-oficial-do-estado-traz-nomeacao-do-filho-de-raul-para-secretaria-da-governadoria\/#respond"]}]},{"@type":"WebPage","@id":"https:\/\/cleitonpinheiro.com.br\/site\/diario-oficial-do-estado-traz-nomeacao-do-filho-de-raul-para-secretaria-da-governadoria\/","url":"https:\/\/cleitonpinheiro.com.br\/site\/diario-oficial-do-estado-traz-nomeacao-do-filho-de-raul-para-secretaria-da-governadoria\/","name":"Di\u00e1rio Oficial do Estado traz nomea\u00e7\u00e3o do filho de Raul para Secretaria da Governadoria - PORTAL DE NOT\u00cdCIAS CLEITON PINHEIRO","isPartOf":{"@id":"https:\/\/cleitonpinheiro.com.br\/site\/#website"},"primaryImageOfPage":{"@id":"https:\/\/cleitonpinheiro.com.br\/site\/diario-oficial-do-estado-traz-nomeacao-do-filho-de-raul-para-secretaria-da-governadoria\/#primaryimage"},"image":{"@id":"https:\/\/cleitonpinheiro.com.br\/site\/diario-oficial-do-estado-traz-nomeacao-do-filho-de-raul-para-secretaria-da-governadoria\/#primaryimage"},"thumbnailUrl":"https:\/\/cleitonpinheiro.com.br\/site\/wp-content\/uploads\/2025\/09\/raul-filho01-scaled-1.webp","datePublished":"2025-09-10T15:49:04+00:00","dateModified":"2025-09-10T15:49:24+00:00","breadcrumb":{"@id":"https:\/\/cleitonpinheiro.com.br\/site\/diario-oficial-do-estado-traz-nomeacao-do-filho-de-raul-para-secretaria-da-governadoria\/#breadcrumb"},"inLanguage":"pt-BR","potentialAction":[{"@type":"ReadAction","target":["https:\/\/cleitonpinheiro.com.br\/site\/diario-oficial-do-estado-traz-nomeacao-do-filho-de-raul-para-secretaria-da-governadoria\/"]}]},{"@type":"ImageObject","inLanguage":"pt-BR","@id":"https:\/\/cleitonpinheiro.com.br\/site\/diario-oficial-do-estado-traz-nomeacao-do-filho-de-raul-para-secretaria-da-governadoria\/#primaryimage","url":"https:\/\/cleitonpinheiro.com.br\/site\/wp-content\/uploads\/2025\/09\/raul-filho01-scaled-1.webp","contentUrl":"https:\/\/cleitonpinheiro.com.br\/site\/wp-content\/uploads\/2025\/09\/raul-filho01-scaled-1.webp","width":1200,"height":883},{"@type":"BreadcrumbList","@id":"https:\/\/cleitonpinheiro.com.br\/site\/diario-oficial-do-estado-traz-nomeacao-do-filho-de-raul-para-secretaria-da-governadoria\/#breadcrumb","itemListElement":[{"@type":"ListItem","position":1,"name":"In\u00edcio","item":"https:\/\/cleitonpinheiro.com.br\/site\/"},{"@type":"ListItem","position":2,"name":"Di\u00e1rio Oficial do Estado traz nomea\u00e7\u00e3o do filho de Raul para Secretaria da Governadoria"}]},{"@type":"WebSite","@id":"https:\/\/cleitonpinheiro.com.br\/site\/#website","url":"https:\/\/cleitonpinheiro.com.br\/site\/","name":"PORTAL DE NOT\u00cdCIAS CLEITON PINHEIRO","description":"FALANDO A VERDADE","publisher":{"@id":"https:\/\/cleitonpinheiro.com.br\/site\/#organization"},"potentialAction":[{"@type":"SearchAction","target":{"@type":"EntryPoint","urlTemplate":"https:\/\/cleitonpinheiro.com.br\/site\/?s={search_term_string}"},"query-input":{"@type":"PropertyValueSpecification","valueRequired":true,"valueName":"search_term_string"}}],"inLanguage":"pt-BR"},{"@type":"Organization","@id":"https:\/\/cleitonpinheiro.com.br\/site\/#organization","name":"CPNOT\u00cdCIAS","url":"https:\/\/cleitonpinheiro.com.br\/site\/","logo":{"@type":"ImageObject","inLanguage":"pt-BR","@id":"https:\/\/cleitonpinheiro.com.br\/site\/#\/schema\/logo\/image\/","url":"https:\/\/cleitonpinheiro.com.br\/site\/wp-content\/uploads\/2022\/08\/Logo-pequena-2.png","contentUrl":"https:\/\/cleitonpinheiro.com.br\/site\/wp-content\/uploads\/2022\/08\/Logo-pequena-2.png","width":500,"height":500,"caption":"CPNOT\u00cdCIAS"},"image":{"@id":"https:\/\/cleitonpinheiro.com.br\/site\/#\/schema\/logo\/image\/"},"sameAs":["https:\/\/www.facebook.com\/portalcpnoticias\/"]},{"@type":"Person","@id":"https:\/\/cleitonpinheiro.com.br\/site\/#\/schema\/person\/8f04544e0bc40a1b68775b08360f87db","name":"Reda\u00e7\u00e3o CP","image":{"@type":"ImageObject","inLanguage":"pt-BR","@id":"https:\/\/cleitonpinheiro.com.br\/site\/#\/schema\/person\/image\/","url":"https:\/\/secure.gravatar.com\/avatar\/0bcf19cb29fdc8fc588c490c7ae1b3e174dac268586a63fbe1d1893a0f9020cd?s=96&r=g","contentUrl":"https:\/\/secure.gravatar.com\/avatar\/0bcf19cb29fdc8fc588c490c7ae1b3e174dac268586a63fbe1d1893a0f9020cd?s=96&r=g","caption":"Reda\u00e7\u00e3o CP"},"url":"https:\/\/cleitonpinheiro.com.br\/site\/author\/redacao\/"}]}},"views":151,"_links":{"self":[{"href":"https:\/\/cleitonpinheiro.com.br\/site\/wp-json\/wp\/v2\/posts\/86824","targetHints":{"allow":["GET"]}}],"collection":[{"href":"https:\/\/cleitonpinheiro.com.br\/site\/wp-json\/wp\/v2\/posts"}],"about":[{"href":"https:\/\/cleitonpinheiro.com.br\/site\/wp-json\/wp\/v2\/types\/post"}],"author":[{"embeddable":true,"href":"https:\/\/cleitonpinheiro.com.br\/site\/wp-json\/wp\/v2\/users\/13"}],"replies":[{"embeddable":true,"href":"https:\/\/cleitonpinheiro.com.br\/site\/wp-json\/wp\/v2\/comments?post=86824"}],"version-history":[{"count":1,"href":"https:\/\/cleitonpinheiro.com.br\/site\/wp-json\/wp\/v2\/posts\/86824\/revisions"}],"predecessor-version":[{"id":86826,"href":"https:\/\/cleitonpinheiro.com.br\/site\/wp-json\/wp\/v2\/posts\/86824\/revisions\/86826"}],"wp:featuredmedia":[{"embeddable":true,"href":"https:\/\/cleitonpinheiro.com.br\/site\/wp-json\/wp\/v2\/media\/86825"}],"wp:attachment":[{"href":"https:\/\/cleitonpinheiro.com.br\/site\/wp-json\/wp\/v2\/media?parent=86824"}],"wp:term":[{"taxonomy":"category","embeddable":true,"href":"https:\/\/cleitonpinheiro.com.br\/site\/wp-json\/wp\/v2\/categories?post=86824"},{"taxonomy":"post_tag","embeddable":true,"href":"https:\/\/cleitonpinheiro.com.br\/site\/wp-json\/wp\/v2\/tags?post=86824"}],"curies":[{"name":"wp","href":"https:\/\/api.w.org\/{rel}","templated":true}]}}