{"id":86831,"date":"2025-09-10T08:55:00","date_gmt":"2025-09-10T11:55:00","guid":{"rendered":"https:\/\/cleitonpinheiro.com.br\/site\/?p=86831"},"modified":"2025-09-10T12:57:46","modified_gmt":"2025-09-10T15:57:46","slug":"brasilia-ganha-biofabrica-de-mosquitos-com-tecnologia-contra-a-dengue","status":"publish","type":"post","link":"https:\/\/cleitonpinheiro.com.br\/site\/brasilia-ganha-biofabrica-de-mosquitos-com-tecnologia-contra-a-dengue\/","title":{"rendered":"Bras\u00edlia ganha biof\u00e1brica de mosquitos com tecnologia contra a dengue"},"content":{"rendered":"\n<p>Mosquitos com a bact\u00e9ria Wolbachia foram soltos, nesta ter\u00e7a-feira (9), para ajudar no combate \u00e0 dengue, zika e chikungunya no Distrito Federal e nos munic\u00edpios goianos de Valpara\u00edso de Goi\u00e1s e Luzi\u00e2nia.<img decoding=\"async\" src=\"https:\/\/agenciabrasil.ebc.com.br\/ebc.png?id=1657998&amp;o=node\"><img decoding=\"async\" src=\"https:\/\/agenciabrasil.ebc.com.br\/ebc.gif?id=1657998&amp;o=node\"><\/p>\n\n\n\n<p>A a\u00e7\u00e3o marcou a inaugura\u00e7\u00e3o da biof\u00e1brica do m\u00e9todo Wolbachia, localizada na regi\u00e3o administrativa do Guar\u00e1, a 10 quil\u00f4metros de Bras\u00edlia.<\/p>\n\n\n\n<p>A tecnologia insere a bact\u00e9ria nos mosquitos&nbsp;<em>Aedes aegypti<\/em>&nbsp;e impede o desenvolvimento do v\u00edrus no organismo do inseto, reduzindo a transmiss\u00e3o. Quem explica \u00e9 o secret\u00e1rio de Sa\u00fade do Distrito Federal, Juracy Cavalcante Lacerda.<\/p>\n\n\n\n<p>&#8220;A produ\u00e7\u00e3o \u00e9 de um mosquito com a bact\u00e9ria, que se chama Wolbito. A ideia \u00e9 que a gente possa fazer a soltura desses mosquitos em massa para fazer uma mudan\u00e7a dessa popula\u00e7\u00e3o de mosquitos. Hoje, os&nbsp;<em>Aedes aegypti<\/em>&nbsp;que est\u00e3o circulando t\u00eam a capacidade de transmitir v\u00e1rias doen\u00e7as: zika, dengue e os v\u00e1rios tipos de dengue. Mas o Wolbito, a partir do momento que ele entra nesse mosquito, ele impede a replica\u00e7\u00e3o desses v\u00edrus. Ent\u00e3o, obviamente, voc\u00ea reduz drasticamente a possibilidade desse v\u00edrus de transmitir essa doen\u00e7a.&#8221;<br>&nbsp;<\/p>\n\n\n\n<figure class=\"wp-block-image\"><img decoding=\"async\" src=\"https:\/\/imagens.ebc.com.br\/8FfxFH2SXPT_TPe_-2jJj_SfBNY=\/754x0\/smart\/https:\/\/agenciabrasil.ebc.com.br\/sites\/default\/files\/thumbnails\/image\/2025\/09\/09\/aedes-wolbachia-wolbito-mc_abr_09092025-10.jpg?itok=Ctjy38Mt\" alt=\"Bras\u00edlia (DF), 09\/09\/2025 -  Mosquitos aedes aegypti inoculados com a bact\u00e9ria Wolbachia, o que os torna \" title=\"Marcelo Camargo\/Ag\u00eancia Brasil\"\/><\/figure>\n\n\n\n<h6 class=\"wp-block-heading\">Dezesseis cidades brasileiras j\u00e1 implementaram a t\u00e9cnica Wolbachia &#8211;&nbsp;<strong>Marcelo Camargo\/Ag\u00eancia Brasil<\/strong><\/h6>\n\n\n\n<p><a href=\"https:\/\/www.whatsapp.com\/channel\/0029VaoRTgrInlqYLSk59B2M\" target=\"_blank\" rel=\"noreferrer noopener\">&gt;&gt; Siga o canal da A<strong>g\u00eancia Brasil&nbsp;<\/strong>no WhatsApp<\/a><\/p>\n\n\n\n<p>No primeiro semestre de 2025, houve redu\u00e7\u00e3o de 75% nos casos de dengue e de 73% das mortes pela doen\u00e7a no pa\u00eds. Apesar da queda nos n\u00fameros, o ministro da Sa\u00fade, Alexandre Padilha, alerta que n\u00e3o \u00e9 o momento de baixar a guarda.<\/p>\n\n\n\n<p>&#8220;Por isso que n\u00f3s estamos lan\u00e7ando agora, a partir do m\u00eas de setembro, toda a a\u00e7\u00e3o nesse segundo semestre de orienta\u00e7\u00e3o \u00e0 popula\u00e7\u00e3o. Esse per\u00edodo, que \u00e9 o per\u00edodo de menor transmiss\u00e3o, \u00e9 exatamente, na opini\u00e3o do Minist\u00e9rio da Sa\u00fade, o melhor momento para conscientizar as pessoas, orientar as pessoas, fazer os levantamentos de dados, de onde est\u00e1 a concentra\u00e7\u00e3o dos mosquitos, do impacto do aumento da temperatura m\u00e9dia das cidades na multiplica\u00e7\u00e3o dos mosquitos e na multiplica\u00e7\u00e3o dos casos.&#8221;<\/p>\n\n\n\n<p>A nova f\u00e1brica vai beneficiar dez regi\u00f5es do Distrito Federal, al\u00e9m dos dois munic\u00edpios goianos, impactando mais de 750 mil pessoas. A unidade tem uma das maiores opera\u00e7\u00f5es do m\u00e9todo Wolbachia no Brasil, com capacidade para produzir 6 milh\u00f5es de mosquitos adultos por semana.<\/p>\n\n\n\n<p><strong>O material \u00e9 distribu\u00eddo semanalmente em 20 mil potinhos, com a libera\u00e7\u00e3o envolvendo 26 viaturas e 52 servidores por dia.<\/strong><br>&nbsp;<\/p>\n\n\n\n<figure class=\"wp-block-image\"><img decoding=\"async\" src=\"https:\/\/imagens.ebc.com.br\/HazRTvebk5GwLxp5wKKaz9-CMiQ=\/754x0\/smart\/https:\/\/agenciabrasil.ebc.com.br\/sites\/default\/files\/thumbnails\/image\/2025\/09\/09\/aedes-wolbachia-wolbito-mc_abr_09092025-8.jpg?itok=5VX0Uqwe\" alt=\"Bras\u00edlia (DF), 09\/09\/2025 - O ministro da Sa\u00fade, Alexandre Padilha, participa da inaugura\u00e7\u00e3o da biof\u00e1brica de Wolbachia de Bras\u00edlia, no N\u00facleo de Controle Qu\u00edmico e Biol\u00f3gico (NCQB). Os mosquitos aedes aegypti s\u00e3o inoculados com a bact\u00e9ria Wolbachia, o que os torna \" title=\"Marcelo Camargo\/Ag\u00eancia Brasil\"\/><\/figure>\n\n\n\n<h6 class=\"wp-block-heading\">Ministro da Sa\u00fade, Alexandre Padilha, na inaugura\u00e7\u00e3o da biof\u00e1brica de Wolbachia de Bras\u00edlia &#8211;&nbsp;<strong>Marcelo Camargo\/Ag\u00eancia Brasil<\/strong><\/h6>\n\n\n\n<h2 class=\"wp-block-heading\">M\u00e9todo Wolbachia<\/h2>\n\n\n\n<p>No Brasil, 16 cidades j\u00e1&nbsp;<a href=\"https:\/\/agenciabrasil.ebc.com.br\/saude\/noticia\/2024-04\/dengue-minas-inaugura-biofabrica-do-metodo-wolbachia\" target=\"_blank\" rel=\"noreferrer noopener\">implementaram a t\u00e9cnica<\/a>. Em julho, Curitiba (PR)&nbsp;<a href=\"https:\/\/agenciabrasil.ebc.com.br\/saude\/noticia\/2025-07\/brasil-inaugura-maior-biofabrica-do-mundo-de-aedes-que-combate-doencas\" target=\"_blank\" rel=\"noreferrer noopener\">inaugurou a maior biof\u00e1brica Wolbachia<\/a>&nbsp;do mundo.&nbsp;<\/p>\n\n\n\n<p>Em Niter\u00f3i, no Rio de Janeiro, dados recentes mostram uma redu\u00e7\u00e3o de 88% nos casos de dengue ap\u00f3s a ado\u00e7\u00e3o da estrat\u00e9gia.<\/p>\n\n\n\n<p>At\u00e9 o fim do ano, a novidade deve ser lan\u00e7ada em Natal (RN), Uberl\u00e2ndia (MG) e Presidente Prudente (SP).<\/p>\n\n\n\n<figure class=\"wp-block-image\"><img decoding=\"async\" src=\"https:\/\/imagens.ebc.com.br\/QfCwgQPaY2TFWyZljZYgK1Eu30s=\/754x0\/smart\/https:\/\/agenciabrasil.ebc.com.br\/sites\/default\/files\/thumbnails\/image\/2025\/09\/09\/aedes-wolbachia-wolbito-mc_abr_09092025-3.jpg?itok=CbIWj1fz\" alt=\"Bras\u00edlia (DF), 09\/09\/2025 - O ministro da Sa\u00fade, Alexandre Padilha, participa da inaugura\u00e7\u00e3o da biof\u00e1brica de Wolbachia de Bras\u00edlia, no N\u00facleo de Controle Qu\u00edmico e Biol\u00f3gico (NCQB). Os mosquitos aedes aegypti s\u00e3o inoculados com a bact\u00e9ria Wolbachia, o que os torna \" title=\"Marcelo Camargo\/Ag\u00eancia Brasil\"\/><\/figure>\n\n\n\n<h6 class=\"wp-block-heading\">Pelo m\u00e9todo, os mosquitos&nbsp;<em>Aedes aegypti&nbsp;<\/em>s\u00e3o inoculados com a bact\u00e9ria Wolbachia, o que os torna &#8220;imunes&#8221; ao cont\u00e1gio por v\u00edrus que causam doen\u00e7as &#8211;&nbsp;<strong>Marcelo Camargo\/Ag\u00eancia Brasil<\/strong><\/h6>\n\n\n\n<p>Texto: Renato Ribeiro \u2013 rep\u00f3rter do radiojornalismo<\/p>\n","protected":false},"excerpt":{"rendered":"<p>Mosquitos com a bact\u00e9ria Wolbachia foram soltos, nesta ter\u00e7a-feira (9), para ajudar no combate \u00e0 dengue, zika e chikungunya no Distrito Federal e nos munic\u00edpios goianos de Valpara\u00edso de Goi\u00e1s e Luzi\u00e2nia. A a\u00e7\u00e3o marcou a inaugura\u00e7\u00e3o da biof\u00e1brica do m\u00e9todo Wolbachia, localizada na regi\u00e3o administrativa do Guar\u00e1, a 10 quil\u00f4metros de Bras\u00edlia. A tecnologia [&hellip;]<\/p>\n","protected":false},"author":13,"featured_media":86832,"comment_status":"open","ping_status":"open","sticky":false,"template":"","format":"standard","meta":{"_acf_changed":false,"footnotes":""},"categories":[19,898,21],"tags":[],"class_list":["post-86831","post","type-post","status-publish","format-standard","has-post-thumbnail","hentry","category-brasil-mundo","category-manchete-segundaria","category-todas-noticias"],"acf":[],"yoast_head":"<!-- This site is optimized with the Yoast SEO plugin v24.4 - https:\/\/yoast.com\/wordpress\/plugins\/seo\/ -->\n<title>Bras\u00edlia ganha biof\u00e1brica de mosquitos com tecnologia contra a dengue - PORTAL DE NOT\u00cdCIAS CLEITON PINHEIRO<\/title>\n<meta name=\"robots\" content=\"index, follow, max-snippet:-1, max-image-preview:large, max-video-preview:-1\" \/>\n<link rel=\"canonical\" href=\"https:\/\/cleitonpinheiro.com.br\/site\/brasilia-ganha-biofabrica-de-mosquitos-com-tecnologia-contra-a-dengue\/\" \/>\n<meta property=\"og:locale\" content=\"pt_BR\" \/>\n<meta property=\"og:type\" content=\"article\" \/>\n<meta property=\"og:title\" content=\"Bras\u00edlia ganha biof\u00e1brica de mosquitos com tecnologia contra a dengue - PORTAL DE NOT\u00cdCIAS CLEITON PINHEIRO\" \/>\n<meta property=\"og:description\" content=\"Mosquitos com a bact\u00e9ria Wolbachia foram soltos, nesta ter\u00e7a-feira (9), para ajudar no combate \u00e0 dengue, zika e chikungunya no Distrito Federal e nos munic\u00edpios goianos de Valpara\u00edso de Goi\u00e1s e Luzi\u00e2nia. A a\u00e7\u00e3o marcou a inaugura\u00e7\u00e3o da biof\u00e1brica do m\u00e9todo Wolbachia, localizada na regi\u00e3o administrativa do Guar\u00e1, a 10 quil\u00f4metros de Bras\u00edlia. A tecnologia [&hellip;]\" \/>\n<meta property=\"og:url\" content=\"https:\/\/cleitonpinheiro.com.br\/site\/brasilia-ganha-biofabrica-de-mosquitos-com-tecnologia-contra-a-dengue\/\" \/>\n<meta property=\"og:site_name\" content=\"PORTAL DE NOT\u00cdCIAS CLEITON PINHEIRO\" \/>\n<meta property=\"article:publisher\" content=\"https:\/\/www.facebook.com\/portalcpnoticias\/\" \/>\n<meta property=\"article:published_time\" content=\"2025-09-10T11:55:00+00:00\" \/>\n<meta property=\"article:modified_time\" content=\"2025-09-10T15:57:46+00:00\" \/>\n<meta property=\"og:image\" content=\"https:\/\/cleitonpinheiro.com.br\/site\/wp-content\/uploads\/2025\/09\/aedes-wolbachia-wolbito-mc_abr_09092025-14.webp\" \/>\n\t<meta property=\"og:image:width\" content=\"1170\" \/>\n\t<meta property=\"og:image:height\" content=\"700\" \/>\n\t<meta property=\"og:image:type\" content=\"image\/webp\" \/>\n<meta name=\"author\" content=\"Reda\u00e7\u00e3o CP\" \/>\n<meta name=\"twitter:card\" content=\"summary_large_image\" \/>\n<meta name=\"twitter:label1\" content=\"Escrito por\" \/>\n\t<meta name=\"twitter:data1\" content=\"Reda\u00e7\u00e3o CP\" \/>\n\t<meta name=\"twitter:label2\" content=\"Est. tempo de leitura\" \/>\n\t<meta name=\"twitter:data2\" content=\"4 minutos\" \/>\n<script type=\"application\/ld+json\" class=\"yoast-schema-graph\">{\"@context\":\"https:\/\/schema.org\",\"@graph\":[{\"@type\":\"Article\",\"@id\":\"https:\/\/cleitonpinheiro.com.br\/site\/brasilia-ganha-biofabrica-de-mosquitos-com-tecnologia-contra-a-dengue\/#article\",\"isPartOf\":{\"@id\":\"https:\/\/cleitonpinheiro.com.br\/site\/brasilia-ganha-biofabrica-de-mosquitos-com-tecnologia-contra-a-dengue\/\"},\"author\":{\"name\":\"Reda\u00e7\u00e3o CP\",\"@id\":\"https:\/\/cleitonpinheiro.com.br\/site\/#\/schema\/person\/8f04544e0bc40a1b68775b08360f87db\"},\"headline\":\"Bras\u00edlia ganha biof\u00e1brica de mosquitos com tecnologia contra a dengue\",\"datePublished\":\"2025-09-10T11:55:00+00:00\",\"dateModified\":\"2025-09-10T15:57:46+00:00\",\"mainEntityOfPage\":{\"@id\":\"https:\/\/cleitonpinheiro.com.br\/site\/brasilia-ganha-biofabrica-de-mosquitos-com-tecnologia-contra-a-dengue\/\"},\"wordCount\":597,\"commentCount\":0,\"publisher\":{\"@id\":\"https:\/\/cleitonpinheiro.com.br\/site\/#organization\"},\"image\":{\"@id\":\"https:\/\/cleitonpinheiro.com.br\/site\/brasilia-ganha-biofabrica-de-mosquitos-com-tecnologia-contra-a-dengue\/#primaryimage\"},\"thumbnailUrl\":\"https:\/\/cleitonpinheiro.com.br\/site\/wp-content\/uploads\/2025\/09\/aedes-wolbachia-wolbito-mc_abr_09092025-14.webp\",\"articleSection\":[\"BRASIL \/ MUNDO\",\"MANCHETE SEGUND\u00c1RIA\",\"TODAS NOTICIAS\"],\"inLanguage\":\"pt-BR\",\"potentialAction\":[{\"@type\":\"CommentAction\",\"name\":\"Comment\",\"target\":[\"https:\/\/cleitonpinheiro.com.br\/site\/brasilia-ganha-biofabrica-de-mosquitos-com-tecnologia-contra-a-dengue\/#respond\"]}]},{\"@type\":\"WebPage\",\"@id\":\"https:\/\/cleitonpinheiro.com.br\/site\/brasilia-ganha-biofabrica-de-mosquitos-com-tecnologia-contra-a-dengue\/\",\"url\":\"https:\/\/cleitonpinheiro.com.br\/site\/brasilia-ganha-biofabrica-de-mosquitos-com-tecnologia-contra-a-dengue\/\",\"name\":\"Bras\u00edlia ganha biof\u00e1brica de mosquitos com tecnologia contra a dengue - PORTAL DE NOT\u00cdCIAS CLEITON PINHEIRO\",\"isPartOf\":{\"@id\":\"https:\/\/cleitonpinheiro.com.br\/site\/#website\"},\"primaryImageOfPage\":{\"@id\":\"https:\/\/cleitonpinheiro.com.br\/site\/brasilia-ganha-biofabrica-de-mosquitos-com-tecnologia-contra-a-dengue\/#primaryimage\"},\"image\":{\"@id\":\"https:\/\/cleitonpinheiro.com.br\/site\/brasilia-ganha-biofabrica-de-mosquitos-com-tecnologia-contra-a-dengue\/#primaryimage\"},\"thumbnailUrl\":\"https:\/\/cleitonpinheiro.com.br\/site\/wp-content\/uploads\/2025\/09\/aedes-wolbachia-wolbito-mc_abr_09092025-14.webp\",\"datePublished\":\"2025-09-10T11:55:00+00:00\",\"dateModified\":\"2025-09-10T15:57:46+00:00\",\"breadcrumb\":{\"@id\":\"https:\/\/cleitonpinheiro.com.br\/site\/brasilia-ganha-biofabrica-de-mosquitos-com-tecnologia-contra-a-dengue\/#breadcrumb\"},\"inLanguage\":\"pt-BR\",\"potentialAction\":[{\"@type\":\"ReadAction\",\"target\":[\"https:\/\/cleitonpinheiro.com.br\/site\/brasilia-ganha-biofabrica-de-mosquitos-com-tecnologia-contra-a-dengue\/\"]}]},{\"@type\":\"ImageObject\",\"inLanguage\":\"pt-BR\",\"@id\":\"https:\/\/cleitonpinheiro.com.br\/site\/brasilia-ganha-biofabrica-de-mosquitos-com-tecnologia-contra-a-dengue\/#primaryimage\",\"url\":\"https:\/\/cleitonpinheiro.com.br\/site\/wp-content\/uploads\/2025\/09\/aedes-wolbachia-wolbito-mc_abr_09092025-14.webp\",\"contentUrl\":\"https:\/\/cleitonpinheiro.com.br\/site\/wp-content\/uploads\/2025\/09\/aedes-wolbachia-wolbito-mc_abr_09092025-14.webp\",\"width\":1170,\"height\":700,\"caption\":\"Renato Ribeiro \u2013 rep\u00f3rter do radiojornalismo\"},{\"@type\":\"BreadcrumbList\",\"@id\":\"https:\/\/cleitonpinheiro.com.br\/site\/brasilia-ganha-biofabrica-de-mosquitos-com-tecnologia-contra-a-dengue\/#breadcrumb\",\"itemListElement\":[{\"@type\":\"ListItem\",\"position\":1,\"name\":\"In\u00edcio\",\"item\":\"https:\/\/cleitonpinheiro.com.br\/site\/\"},{\"@type\":\"ListItem\",\"position\":2,\"name\":\"Bras\u00edlia ganha biof\u00e1brica de mosquitos com tecnologia contra a dengue\"}]},{\"@type\":\"WebSite\",\"@id\":\"https:\/\/cleitonpinheiro.com.br\/site\/#website\",\"url\":\"https:\/\/cleitonpinheiro.com.br\/site\/\",\"name\":\"PORTAL DE NOT\u00cdCIAS CLEITON PINHEIRO\",\"description\":\"FALANDO A VERDADE\",\"publisher\":{\"@id\":\"https:\/\/cleitonpinheiro.com.br\/site\/#organization\"},\"potentialAction\":[{\"@type\":\"SearchAction\",\"target\":{\"@type\":\"EntryPoint\",\"urlTemplate\":\"https:\/\/cleitonpinheiro.com.br\/site\/?s={search_term_string}\"},\"query-input\":{\"@type\":\"PropertyValueSpecification\",\"valueRequired\":true,\"valueName\":\"search_term_string\"}}],\"inLanguage\":\"pt-BR\"},{\"@type\":\"Organization\",\"@id\":\"https:\/\/cleitonpinheiro.com.br\/site\/#organization\",\"name\":\"CPNOT\u00cdCIAS\",\"url\":\"https:\/\/cleitonpinheiro.com.br\/site\/\",\"logo\":{\"@type\":\"ImageObject\",\"inLanguage\":\"pt-BR\",\"@id\":\"https:\/\/cleitonpinheiro.com.br\/site\/#\/schema\/logo\/image\/\",\"url\":\"https:\/\/cleitonpinheiro.com.br\/site\/wp-content\/uploads\/2022\/08\/Logo-pequena-2.png\",\"contentUrl\":\"https:\/\/cleitonpinheiro.com.br\/site\/wp-content\/uploads\/2022\/08\/Logo-pequena-2.png\",\"width\":500,\"height\":500,\"caption\":\"CPNOT\u00cdCIAS\"},\"image\":{\"@id\":\"https:\/\/cleitonpinheiro.com.br\/site\/#\/schema\/logo\/image\/\"},\"sameAs\":[\"https:\/\/www.facebook.com\/portalcpnoticias\/\"]},{\"@type\":\"Person\",\"@id\":\"https:\/\/cleitonpinheiro.com.br\/site\/#\/schema\/person\/8f04544e0bc40a1b68775b08360f87db\",\"name\":\"Reda\u00e7\u00e3o CP\",\"image\":{\"@type\":\"ImageObject\",\"inLanguage\":\"pt-BR\",\"@id\":\"https:\/\/cleitonpinheiro.com.br\/site\/#\/schema\/person\/image\/\",\"url\":\"https:\/\/secure.gravatar.com\/avatar\/0bcf19cb29fdc8fc588c490c7ae1b3e174dac268586a63fbe1d1893a0f9020cd?s=96&r=g\",\"contentUrl\":\"https:\/\/secure.gravatar.com\/avatar\/0bcf19cb29fdc8fc588c490c7ae1b3e174dac268586a63fbe1d1893a0f9020cd?s=96&r=g\",\"caption\":\"Reda\u00e7\u00e3o CP\"},\"url\":\"https:\/\/cleitonpinheiro.com.br\/site\/author\/redacao\/\"}]}<\/script>\n<!-- \/ Yoast SEO plugin. -->","yoast_head_json":{"title":"Bras\u00edlia ganha biof\u00e1brica de mosquitos com tecnologia contra a dengue - PORTAL DE NOT\u00cdCIAS CLEITON PINHEIRO","robots":{"index":"index","follow":"follow","max-snippet":"max-snippet:-1","max-image-preview":"max-image-preview:large","max-video-preview":"max-video-preview:-1"},"canonical":"https:\/\/cleitonpinheiro.com.br\/site\/brasilia-ganha-biofabrica-de-mosquitos-com-tecnologia-contra-a-dengue\/","og_locale":"pt_BR","og_type":"article","og_title":"Bras\u00edlia ganha biof\u00e1brica de mosquitos com tecnologia contra a dengue - PORTAL DE NOT\u00cdCIAS CLEITON PINHEIRO","og_description":"Mosquitos com a bact\u00e9ria Wolbachia foram soltos, nesta ter\u00e7a-feira (9), para ajudar no combate \u00e0 dengue, zika e chikungunya no Distrito Federal e nos munic\u00edpios goianos de Valpara\u00edso de Goi\u00e1s e Luzi\u00e2nia. A a\u00e7\u00e3o marcou a inaugura\u00e7\u00e3o da biof\u00e1brica do m\u00e9todo Wolbachia, localizada na regi\u00e3o administrativa do Guar\u00e1, a 10 quil\u00f4metros de Bras\u00edlia. A tecnologia [&hellip;]","og_url":"https:\/\/cleitonpinheiro.com.br\/site\/brasilia-ganha-biofabrica-de-mosquitos-com-tecnologia-contra-a-dengue\/","og_site_name":"PORTAL DE NOT\u00cdCIAS CLEITON PINHEIRO","article_publisher":"https:\/\/www.facebook.com\/portalcpnoticias\/","article_published_time":"2025-09-10T11:55:00+00:00","article_modified_time":"2025-09-10T15:57:46+00:00","og_image":[{"width":1170,"height":700,"url":"https:\/\/cleitonpinheiro.com.br\/site\/wp-content\/uploads\/2025\/09\/aedes-wolbachia-wolbito-mc_abr_09092025-14.webp","type":"image\/webp"}],"author":"Reda\u00e7\u00e3o CP","twitter_card":"summary_large_image","twitter_misc":{"Escrito por":"Reda\u00e7\u00e3o CP","Est. tempo de leitura":"4 minutos"},"schema":{"@context":"https:\/\/schema.org","@graph":[{"@type":"Article","@id":"https:\/\/cleitonpinheiro.com.br\/site\/brasilia-ganha-biofabrica-de-mosquitos-com-tecnologia-contra-a-dengue\/#article","isPartOf":{"@id":"https:\/\/cleitonpinheiro.com.br\/site\/brasilia-ganha-biofabrica-de-mosquitos-com-tecnologia-contra-a-dengue\/"},"author":{"name":"Reda\u00e7\u00e3o CP","@id":"https:\/\/cleitonpinheiro.com.br\/site\/#\/schema\/person\/8f04544e0bc40a1b68775b08360f87db"},"headline":"Bras\u00edlia ganha biof\u00e1brica de mosquitos com tecnologia contra a dengue","datePublished":"2025-09-10T11:55:00+00:00","dateModified":"2025-09-10T15:57:46+00:00","mainEntityOfPage":{"@id":"https:\/\/cleitonpinheiro.com.br\/site\/brasilia-ganha-biofabrica-de-mosquitos-com-tecnologia-contra-a-dengue\/"},"wordCount":597,"commentCount":0,"publisher":{"@id":"https:\/\/cleitonpinheiro.com.br\/site\/#organization"},"image":{"@id":"https:\/\/cleitonpinheiro.com.br\/site\/brasilia-ganha-biofabrica-de-mosquitos-com-tecnologia-contra-a-dengue\/#primaryimage"},"thumbnailUrl":"https:\/\/cleitonpinheiro.com.br\/site\/wp-content\/uploads\/2025\/09\/aedes-wolbachia-wolbito-mc_abr_09092025-14.webp","articleSection":["BRASIL \/ MUNDO","MANCHETE SEGUND\u00c1RIA","TODAS NOTICIAS"],"inLanguage":"pt-BR","potentialAction":[{"@type":"CommentAction","name":"Comment","target":["https:\/\/cleitonpinheiro.com.br\/site\/brasilia-ganha-biofabrica-de-mosquitos-com-tecnologia-contra-a-dengue\/#respond"]}]},{"@type":"WebPage","@id":"https:\/\/cleitonpinheiro.com.br\/site\/brasilia-ganha-biofabrica-de-mosquitos-com-tecnologia-contra-a-dengue\/","url":"https:\/\/cleitonpinheiro.com.br\/site\/brasilia-ganha-biofabrica-de-mosquitos-com-tecnologia-contra-a-dengue\/","name":"Bras\u00edlia ganha biof\u00e1brica de mosquitos com tecnologia contra a dengue - PORTAL DE NOT\u00cdCIAS CLEITON PINHEIRO","isPartOf":{"@id":"https:\/\/cleitonpinheiro.com.br\/site\/#website"},"primaryImageOfPage":{"@id":"https:\/\/cleitonpinheiro.com.br\/site\/brasilia-ganha-biofabrica-de-mosquitos-com-tecnologia-contra-a-dengue\/#primaryimage"},"image":{"@id":"https:\/\/cleitonpinheiro.com.br\/site\/brasilia-ganha-biofabrica-de-mosquitos-com-tecnologia-contra-a-dengue\/#primaryimage"},"thumbnailUrl":"https:\/\/cleitonpinheiro.com.br\/site\/wp-content\/uploads\/2025\/09\/aedes-wolbachia-wolbito-mc_abr_09092025-14.webp","datePublished":"2025-09-10T11:55:00+00:00","dateModified":"2025-09-10T15:57:46+00:00","breadcrumb":{"@id":"https:\/\/cleitonpinheiro.com.br\/site\/brasilia-ganha-biofabrica-de-mosquitos-com-tecnologia-contra-a-dengue\/#breadcrumb"},"inLanguage":"pt-BR","potentialAction":[{"@type":"ReadAction","target":["https:\/\/cleitonpinheiro.com.br\/site\/brasilia-ganha-biofabrica-de-mosquitos-com-tecnologia-contra-a-dengue\/"]}]},{"@type":"ImageObject","inLanguage":"pt-BR","@id":"https:\/\/cleitonpinheiro.com.br\/site\/brasilia-ganha-biofabrica-de-mosquitos-com-tecnologia-contra-a-dengue\/#primaryimage","url":"https:\/\/cleitonpinheiro.com.br\/site\/wp-content\/uploads\/2025\/09\/aedes-wolbachia-wolbito-mc_abr_09092025-14.webp","contentUrl":"https:\/\/cleitonpinheiro.com.br\/site\/wp-content\/uploads\/2025\/09\/aedes-wolbachia-wolbito-mc_abr_09092025-14.webp","width":1170,"height":700,"caption":"Renato Ribeiro \u2013 rep\u00f3rter do radiojornalismo"},{"@type":"BreadcrumbList","@id":"https:\/\/cleitonpinheiro.com.br\/site\/brasilia-ganha-biofabrica-de-mosquitos-com-tecnologia-contra-a-dengue\/#breadcrumb","itemListElement":[{"@type":"ListItem","position":1,"name":"In\u00edcio","item":"https:\/\/cleitonpinheiro.com.br\/site\/"},{"@type":"ListItem","position":2,"name":"Bras\u00edlia ganha biof\u00e1brica de mosquitos com tecnologia contra a dengue"}]},{"@type":"WebSite","@id":"https:\/\/cleitonpinheiro.com.br\/site\/#website","url":"https:\/\/cleitonpinheiro.com.br\/site\/","name":"PORTAL DE NOT\u00cdCIAS CLEITON PINHEIRO","description":"FALANDO A VERDADE","publisher":{"@id":"https:\/\/cleitonpinheiro.com.br\/site\/#organization"},"potentialAction":[{"@type":"SearchAction","target":{"@type":"EntryPoint","urlTemplate":"https:\/\/cleitonpinheiro.com.br\/site\/?s={search_term_string}"},"query-input":{"@type":"PropertyValueSpecification","valueRequired":true,"valueName":"search_term_string"}}],"inLanguage":"pt-BR"},{"@type":"Organization","@id":"https:\/\/cleitonpinheiro.com.br\/site\/#organization","name":"CPNOT\u00cdCIAS","url":"https:\/\/cleitonpinheiro.com.br\/site\/","logo":{"@type":"ImageObject","inLanguage":"pt-BR","@id":"https:\/\/cleitonpinheiro.com.br\/site\/#\/schema\/logo\/image\/","url":"https:\/\/cleitonpinheiro.com.br\/site\/wp-content\/uploads\/2022\/08\/Logo-pequena-2.png","contentUrl":"https:\/\/cleitonpinheiro.com.br\/site\/wp-content\/uploads\/2022\/08\/Logo-pequena-2.png","width":500,"height":500,"caption":"CPNOT\u00cdCIAS"},"image":{"@id":"https:\/\/cleitonpinheiro.com.br\/site\/#\/schema\/logo\/image\/"},"sameAs":["https:\/\/www.facebook.com\/portalcpnoticias\/"]},{"@type":"Person","@id":"https:\/\/cleitonpinheiro.com.br\/site\/#\/schema\/person\/8f04544e0bc40a1b68775b08360f87db","name":"Reda\u00e7\u00e3o CP","image":{"@type":"ImageObject","inLanguage":"pt-BR","@id":"https:\/\/cleitonpinheiro.com.br\/site\/#\/schema\/person\/image\/","url":"https:\/\/secure.gravatar.com\/avatar\/0bcf19cb29fdc8fc588c490c7ae1b3e174dac268586a63fbe1d1893a0f9020cd?s=96&r=g","contentUrl":"https:\/\/secure.gravatar.com\/avatar\/0bcf19cb29fdc8fc588c490c7ae1b3e174dac268586a63fbe1d1893a0f9020cd?s=96&r=g","caption":"Reda\u00e7\u00e3o CP"},"url":"https:\/\/cleitonpinheiro.com.br\/site\/author\/redacao\/"}]}},"views":110,"_links":{"self":[{"href":"https:\/\/cleitonpinheiro.com.br\/site\/wp-json\/wp\/v2\/posts\/86831","targetHints":{"allow":["GET"]}}],"collection":[{"href":"https:\/\/cleitonpinheiro.com.br\/site\/wp-json\/wp\/v2\/posts"}],"about":[{"href":"https:\/\/cleitonpinheiro.com.br\/site\/wp-json\/wp\/v2\/types\/post"}],"author":[{"embeddable":true,"href":"https:\/\/cleitonpinheiro.com.br\/site\/wp-json\/wp\/v2\/users\/13"}],"replies":[{"embeddable":true,"href":"https:\/\/cleitonpinheiro.com.br\/site\/wp-json\/wp\/v2\/comments?post=86831"}],"version-history":[{"count":1,"href":"https:\/\/cleitonpinheiro.com.br\/site\/wp-json\/wp\/v2\/posts\/86831\/revisions"}],"predecessor-version":[{"id":86833,"href":"https:\/\/cleitonpinheiro.com.br\/site\/wp-json\/wp\/v2\/posts\/86831\/revisions\/86833"}],"wp:featuredmedia":[{"embeddable":true,"href":"https:\/\/cleitonpinheiro.com.br\/site\/wp-json\/wp\/v2\/media\/86832"}],"wp:attachment":[{"href":"https:\/\/cleitonpinheiro.com.br\/site\/wp-json\/wp\/v2\/media?parent=86831"}],"wp:term":[{"taxonomy":"category","embeddable":true,"href":"https:\/\/cleitonpinheiro.com.br\/site\/wp-json\/wp\/v2\/categories?post=86831"},{"taxonomy":"post_tag","embeddable":true,"href":"https:\/\/cleitonpinheiro.com.br\/site\/wp-json\/wp\/v2\/tags?post=86831"}],"curies":[{"name":"wp","href":"https:\/\/api.w.org\/{rel}","templated":true}]}}