{"id":86837,"date":"2025-09-11T12:48:39","date_gmt":"2025-09-11T15:48:39","guid":{"rendered":"https:\/\/cleitonpinheiro.com.br\/site\/?p=86837"},"modified":"2025-09-11T12:48:46","modified_gmt":"2025-09-11T15:48:46","slug":"stf-rejeita-habeas-corpus-de-wanderlei-barbosa-por-falhas-na-instrucao","status":"publish","type":"post","link":"https:\/\/cleitonpinheiro.com.br\/site\/stf-rejeita-habeas-corpus-de-wanderlei-barbosa-por-falhas-na-instrucao\/","title":{"rendered":"STF rejeita habeas corpus de Wanderlei Barbosa por falhas na instru\u00e7\u00e3o"},"content":{"rendered":"\n<figure class=\"wp-block-image size-full\"><img decoding=\"async\" src=\"https:\/\/cleitonpinheiro.com.br\/site\/wp-content\/uploads\/2023\/08\/53010928906_85e35fc589_c.jpg\" alt=\"\" class=\"wp-image-73299\"\/><figcaption class=\"wp-element-caption\">Foto: Carlos Moura\/SCO\/STF<\/figcaption><\/figure>\n\n\n\n<p>O ministro Edson Fachin, relator da Opera\u00e7\u00e3o Fames-19 no Supremo Tribunal Federal (STF), decidiu nesta quarta-feira, 10, n\u00e3o reconhecer o habeas corpus apresentado contra o afastamento de Wanderlei Barbosa (Republicanos) do cargo de governador do Tocantins.<\/p>\n\n\n\n<p>Segundo o magistrado, o pedido n\u00e3o atendeu aos requisitos b\u00e1sicos necess\u00e1rios para sua admissibilidade.<\/p>\n\n\n\n<h3 class=\"wp-block-heading\">Instru\u00e7\u00e3o deficit\u00e1ria<\/h3>\n\n\n\n<p>Na decis\u00e3o, Fachin destacou que a defesa n\u00e3o apresentou documentos indispens\u00e1veis para a an\u00e1lise do caso. \u201cA despeito da irresigna\u00e7\u00e3o defensiva, verifico ser deficiente a instru\u00e7\u00e3o do mandamus. Isso porque o impetrante n\u00e3o trouxe aos autos a c\u00f3pia do ac\u00f3rd\u00e3o da Corte Especial do Superior Tribunal de Justi\u00e7a, que teria referendado a decis\u00e3o monocr\u00e1tica em refer\u00eancia. Assim, a instru\u00e7\u00e3o deficit\u00e1ria inviabiliza a an\u00e1lise do constrangimento ilegal invocado pelo impetrante e a eventual aprecia\u00e7\u00e3o da medida pleiteada\u201d, registrou o ministro.<\/p>\n","protected":false},"excerpt":{"rendered":"<p>O ministro Edson Fachin, relator da Opera\u00e7\u00e3o Fames-19 no Supremo Tribunal Federal (STF), decidiu nesta quarta-feira, 10, n\u00e3o reconhecer o habeas corpus apresentado contra o afastamento de Wanderlei Barbosa (Republicanos) do cargo de governador do Tocantins. Segundo o magistrado, o pedido n\u00e3o atendeu aos requisitos b\u00e1sicos necess\u00e1rios para sua admissibilidade. Instru\u00e7\u00e3o deficit\u00e1ria Na decis\u00e3o, Fachin [&hellip;]<\/p>\n","protected":false},"author":13,"featured_media":0,"comment_status":"open","ping_status":"open","sticky":false,"template":"","format":"standard","meta":{"_acf_changed":false,"footnotes":""},"categories":[19,898,21],"tags":[],"class_list":["post-86837","post","type-post","status-publish","format-standard","hentry","category-brasil-mundo","category-manchete-segundaria","category-todas-noticias"],"acf":[],"yoast_head":"<!-- This site is optimized with the Yoast SEO plugin v24.4 - https:\/\/yoast.com\/wordpress\/plugins\/seo\/ -->\n<title>STF rejeita habeas corpus de Wanderlei Barbosa por falhas na instru\u00e7\u00e3o - PORTAL DE NOT\u00cdCIAS CLEITON PINHEIRO<\/title>\n<meta name=\"robots\" content=\"index, follow, max-snippet:-1, max-image-preview:large, max-video-preview:-1\" \/>\n<link rel=\"canonical\" href=\"https:\/\/cleitonpinheiro.com.br\/site\/stf-rejeita-habeas-corpus-de-wanderlei-barbosa-por-falhas-na-instrucao\/\" \/>\n<meta property=\"og:locale\" content=\"pt_BR\" \/>\n<meta property=\"og:type\" content=\"article\" \/>\n<meta property=\"og:title\" content=\"STF rejeita habeas corpus de Wanderlei Barbosa por falhas na instru\u00e7\u00e3o - PORTAL DE NOT\u00cdCIAS CLEITON PINHEIRO\" \/>\n<meta property=\"og:description\" content=\"O ministro Edson Fachin, relator da Opera\u00e7\u00e3o Fames-19 no Supremo Tribunal Federal (STF), decidiu nesta quarta-feira, 10, n\u00e3o reconhecer o habeas corpus apresentado contra o afastamento de Wanderlei Barbosa (Republicanos) do cargo de governador do Tocantins. Segundo o magistrado, o pedido n\u00e3o atendeu aos requisitos b\u00e1sicos necess\u00e1rios para sua admissibilidade. Instru\u00e7\u00e3o deficit\u00e1ria Na decis\u00e3o, Fachin [&hellip;]\" \/>\n<meta property=\"og:url\" content=\"https:\/\/cleitonpinheiro.com.br\/site\/stf-rejeita-habeas-corpus-de-wanderlei-barbosa-por-falhas-na-instrucao\/\" \/>\n<meta property=\"og:site_name\" content=\"PORTAL DE NOT\u00cdCIAS CLEITON PINHEIRO\" \/>\n<meta property=\"article:publisher\" content=\"https:\/\/www.facebook.com\/portalcpnoticias\/\" \/>\n<meta property=\"article:published_time\" content=\"2025-09-11T15:48:39+00:00\" \/>\n<meta property=\"article:modified_time\" content=\"2025-09-11T15:48:46+00:00\" \/>\n<meta property=\"og:image\" content=\"https:\/\/cleitonpinheiro.com.br\/site\/wp-content\/uploads\/2023\/08\/53010928906_85e35fc589_c.jpg\" \/>\n\t<meta property=\"og:image:width\" content=\"799\" \/>\n\t<meta property=\"og:image:height\" content=\"533\" \/>\n\t<meta property=\"og:image:type\" content=\"image\/jpeg\" \/>\n<meta name=\"author\" content=\"Reda\u00e7\u00e3o CP\" \/>\n<meta name=\"twitter:card\" content=\"summary_large_image\" \/>\n<meta name=\"twitter:label1\" content=\"Escrito por\" \/>\n\t<meta name=\"twitter:data1\" content=\"Reda\u00e7\u00e3o CP\" \/>\n\t<meta name=\"twitter:label2\" content=\"Est. tempo de leitura\" \/>\n\t<meta name=\"twitter:data2\" content=\"2 minutos\" \/>\n<script type=\"application\/ld+json\" class=\"yoast-schema-graph\">{\"@context\":\"https:\/\/schema.org\",\"@graph\":[{\"@type\":\"Article\",\"@id\":\"https:\/\/cleitonpinheiro.com.br\/site\/stf-rejeita-habeas-corpus-de-wanderlei-barbosa-por-falhas-na-instrucao\/#article\",\"isPartOf\":{\"@id\":\"https:\/\/cleitonpinheiro.com.br\/site\/stf-rejeita-habeas-corpus-de-wanderlei-barbosa-por-falhas-na-instrucao\/\"},\"author\":{\"name\":\"Reda\u00e7\u00e3o CP\",\"@id\":\"https:\/\/cleitonpinheiro.com.br\/site\/#\/schema\/person\/8f04544e0bc40a1b68775b08360f87db\"},\"headline\":\"STF rejeita habeas corpus de Wanderlei Barbosa por falhas na instru\u00e7\u00e3o\",\"datePublished\":\"2025-09-11T15:48:39+00:00\",\"dateModified\":\"2025-09-11T15:48:46+00:00\",\"mainEntityOfPage\":{\"@id\":\"https:\/\/cleitonpinheiro.com.br\/site\/stf-rejeita-habeas-corpus-de-wanderlei-barbosa-por-falhas-na-instrucao\/\"},\"wordCount\":172,\"commentCount\":0,\"publisher\":{\"@id\":\"https:\/\/cleitonpinheiro.com.br\/site\/#organization\"},\"image\":{\"@id\":\"https:\/\/cleitonpinheiro.com.br\/site\/stf-rejeita-habeas-corpus-de-wanderlei-barbosa-por-falhas-na-instrucao\/#primaryimage\"},\"thumbnailUrl\":\"https:\/\/cleitonpinheiro.com.br\/site\/wp-content\/uploads\/2023\/08\/53010928906_85e35fc589_c.jpg\",\"articleSection\":[\"BRASIL \/ MUNDO\",\"MANCHETE SEGUND\u00c1RIA\",\"TODAS NOTICIAS\"],\"inLanguage\":\"pt-BR\",\"potentialAction\":[{\"@type\":\"CommentAction\",\"name\":\"Comment\",\"target\":[\"https:\/\/cleitonpinheiro.com.br\/site\/stf-rejeita-habeas-corpus-de-wanderlei-barbosa-por-falhas-na-instrucao\/#respond\"]}]},{\"@type\":\"WebPage\",\"@id\":\"https:\/\/cleitonpinheiro.com.br\/site\/stf-rejeita-habeas-corpus-de-wanderlei-barbosa-por-falhas-na-instrucao\/\",\"url\":\"https:\/\/cleitonpinheiro.com.br\/site\/stf-rejeita-habeas-corpus-de-wanderlei-barbosa-por-falhas-na-instrucao\/\",\"name\":\"STF rejeita habeas corpus de Wanderlei Barbosa por falhas na instru\u00e7\u00e3o - PORTAL DE NOT\u00cdCIAS CLEITON PINHEIRO\",\"isPartOf\":{\"@id\":\"https:\/\/cleitonpinheiro.com.br\/site\/#website\"},\"primaryImageOfPage\":{\"@id\":\"https:\/\/cleitonpinheiro.com.br\/site\/stf-rejeita-habeas-corpus-de-wanderlei-barbosa-por-falhas-na-instrucao\/#primaryimage\"},\"image\":{\"@id\":\"https:\/\/cleitonpinheiro.com.br\/site\/stf-rejeita-habeas-corpus-de-wanderlei-barbosa-por-falhas-na-instrucao\/#primaryimage\"},\"thumbnailUrl\":\"https:\/\/cleitonpinheiro.com.br\/site\/wp-content\/uploads\/2023\/08\/53010928906_85e35fc589_c.jpg\",\"datePublished\":\"2025-09-11T15:48:39+00:00\",\"dateModified\":\"2025-09-11T15:48:46+00:00\",\"breadcrumb\":{\"@id\":\"https:\/\/cleitonpinheiro.com.br\/site\/stf-rejeita-habeas-corpus-de-wanderlei-barbosa-por-falhas-na-instrucao\/#breadcrumb\"},\"inLanguage\":\"pt-BR\",\"potentialAction\":[{\"@type\":\"ReadAction\",\"target\":[\"https:\/\/cleitonpinheiro.com.br\/site\/stf-rejeita-habeas-corpus-de-wanderlei-barbosa-por-falhas-na-instrucao\/\"]}]},{\"@type\":\"ImageObject\",\"inLanguage\":\"pt-BR\",\"@id\":\"https:\/\/cleitonpinheiro.com.br\/site\/stf-rejeita-habeas-corpus-de-wanderlei-barbosa-por-falhas-na-instrucao\/#primaryimage\",\"url\":\"\",\"contentUrl\":\"\"},{\"@type\":\"BreadcrumbList\",\"@id\":\"https:\/\/cleitonpinheiro.com.br\/site\/stf-rejeita-habeas-corpus-de-wanderlei-barbosa-por-falhas-na-instrucao\/#breadcrumb\",\"itemListElement\":[{\"@type\":\"ListItem\",\"position\":1,\"name\":\"In\u00edcio\",\"item\":\"https:\/\/cleitonpinheiro.com.br\/site\/\"},{\"@type\":\"ListItem\",\"position\":2,\"name\":\"STF rejeita habeas corpus de Wanderlei Barbosa por falhas na instru\u00e7\u00e3o\"}]},{\"@type\":\"WebSite\",\"@id\":\"https:\/\/cleitonpinheiro.com.br\/site\/#website\",\"url\":\"https:\/\/cleitonpinheiro.com.br\/site\/\",\"name\":\"PORTAL DE NOT\u00cdCIAS CLEITON PINHEIRO\",\"description\":\"FALANDO A VERDADE\",\"publisher\":{\"@id\":\"https:\/\/cleitonpinheiro.com.br\/site\/#organization\"},\"potentialAction\":[{\"@type\":\"SearchAction\",\"target\":{\"@type\":\"EntryPoint\",\"urlTemplate\":\"https:\/\/cleitonpinheiro.com.br\/site\/?s={search_term_string}\"},\"query-input\":{\"@type\":\"PropertyValueSpecification\",\"valueRequired\":true,\"valueName\":\"search_term_string\"}}],\"inLanguage\":\"pt-BR\"},{\"@type\":\"Organization\",\"@id\":\"https:\/\/cleitonpinheiro.com.br\/site\/#organization\",\"name\":\"CPNOT\u00cdCIAS\",\"url\":\"https:\/\/cleitonpinheiro.com.br\/site\/\",\"logo\":{\"@type\":\"ImageObject\",\"inLanguage\":\"pt-BR\",\"@id\":\"https:\/\/cleitonpinheiro.com.br\/site\/#\/schema\/logo\/image\/\",\"url\":\"https:\/\/cleitonpinheiro.com.br\/site\/wp-content\/uploads\/2022\/08\/Logo-pequena-2.png\",\"contentUrl\":\"https:\/\/cleitonpinheiro.com.br\/site\/wp-content\/uploads\/2022\/08\/Logo-pequena-2.png\",\"width\":500,\"height\":500,\"caption\":\"CPNOT\u00cdCIAS\"},\"image\":{\"@id\":\"https:\/\/cleitonpinheiro.com.br\/site\/#\/schema\/logo\/image\/\"},\"sameAs\":[\"https:\/\/www.facebook.com\/portalcpnoticias\/\"]},{\"@type\":\"Person\",\"@id\":\"https:\/\/cleitonpinheiro.com.br\/site\/#\/schema\/person\/8f04544e0bc40a1b68775b08360f87db\",\"name\":\"Reda\u00e7\u00e3o CP\",\"image\":{\"@type\":\"ImageObject\",\"inLanguage\":\"pt-BR\",\"@id\":\"https:\/\/cleitonpinheiro.com.br\/site\/#\/schema\/person\/image\/\",\"url\":\"https:\/\/secure.gravatar.com\/avatar\/0bcf19cb29fdc8fc588c490c7ae1b3e174dac268586a63fbe1d1893a0f9020cd?s=96&r=g\",\"contentUrl\":\"https:\/\/secure.gravatar.com\/avatar\/0bcf19cb29fdc8fc588c490c7ae1b3e174dac268586a63fbe1d1893a0f9020cd?s=96&r=g\",\"caption\":\"Reda\u00e7\u00e3o CP\"},\"url\":\"https:\/\/cleitonpinheiro.com.br\/site\/author\/redacao\/\"}]}<\/script>\n<!-- \/ Yoast SEO plugin. -->","yoast_head_json":{"title":"STF rejeita habeas corpus de Wanderlei Barbosa por falhas na instru\u00e7\u00e3o - PORTAL DE NOT\u00cdCIAS CLEITON PINHEIRO","robots":{"index":"index","follow":"follow","max-snippet":"max-snippet:-1","max-image-preview":"max-image-preview:large","max-video-preview":"max-video-preview:-1"},"canonical":"https:\/\/cleitonpinheiro.com.br\/site\/stf-rejeita-habeas-corpus-de-wanderlei-barbosa-por-falhas-na-instrucao\/","og_locale":"pt_BR","og_type":"article","og_title":"STF rejeita habeas corpus de Wanderlei Barbosa por falhas na instru\u00e7\u00e3o - PORTAL DE NOT\u00cdCIAS CLEITON PINHEIRO","og_description":"O ministro Edson Fachin, relator da Opera\u00e7\u00e3o Fames-19 no Supremo Tribunal Federal (STF), decidiu nesta quarta-feira, 10, n\u00e3o reconhecer o habeas corpus apresentado contra o afastamento de Wanderlei Barbosa (Republicanos) do cargo de governador do Tocantins. Segundo o magistrado, o pedido n\u00e3o atendeu aos requisitos b\u00e1sicos necess\u00e1rios para sua admissibilidade. Instru\u00e7\u00e3o deficit\u00e1ria Na decis\u00e3o, Fachin [&hellip;]","og_url":"https:\/\/cleitonpinheiro.com.br\/site\/stf-rejeita-habeas-corpus-de-wanderlei-barbosa-por-falhas-na-instrucao\/","og_site_name":"PORTAL DE NOT\u00cdCIAS CLEITON PINHEIRO","article_publisher":"https:\/\/www.facebook.com\/portalcpnoticias\/","article_published_time":"2025-09-11T15:48:39+00:00","article_modified_time":"2025-09-11T15:48:46+00:00","og_image":[{"width":799,"height":533,"url":"https:\/\/cleitonpinheiro.com.br\/site\/wp-content\/uploads\/2023\/08\/53010928906_85e35fc589_c.jpg","type":"image\/jpeg"}],"author":"Reda\u00e7\u00e3o CP","twitter_card":"summary_large_image","twitter_misc":{"Escrito por":"Reda\u00e7\u00e3o CP","Est. tempo de leitura":"2 minutos"},"schema":{"@context":"https:\/\/schema.org","@graph":[{"@type":"Article","@id":"https:\/\/cleitonpinheiro.com.br\/site\/stf-rejeita-habeas-corpus-de-wanderlei-barbosa-por-falhas-na-instrucao\/#article","isPartOf":{"@id":"https:\/\/cleitonpinheiro.com.br\/site\/stf-rejeita-habeas-corpus-de-wanderlei-barbosa-por-falhas-na-instrucao\/"},"author":{"name":"Reda\u00e7\u00e3o CP","@id":"https:\/\/cleitonpinheiro.com.br\/site\/#\/schema\/person\/8f04544e0bc40a1b68775b08360f87db"},"headline":"STF rejeita habeas corpus de Wanderlei Barbosa por falhas na instru\u00e7\u00e3o","datePublished":"2025-09-11T15:48:39+00:00","dateModified":"2025-09-11T15:48:46+00:00","mainEntityOfPage":{"@id":"https:\/\/cleitonpinheiro.com.br\/site\/stf-rejeita-habeas-corpus-de-wanderlei-barbosa-por-falhas-na-instrucao\/"},"wordCount":172,"commentCount":0,"publisher":{"@id":"https:\/\/cleitonpinheiro.com.br\/site\/#organization"},"image":{"@id":"https:\/\/cleitonpinheiro.com.br\/site\/stf-rejeita-habeas-corpus-de-wanderlei-barbosa-por-falhas-na-instrucao\/#primaryimage"},"thumbnailUrl":"https:\/\/cleitonpinheiro.com.br\/site\/wp-content\/uploads\/2023\/08\/53010928906_85e35fc589_c.jpg","articleSection":["BRASIL \/ MUNDO","MANCHETE SEGUND\u00c1RIA","TODAS NOTICIAS"],"inLanguage":"pt-BR","potentialAction":[{"@type":"CommentAction","name":"Comment","target":["https:\/\/cleitonpinheiro.com.br\/site\/stf-rejeita-habeas-corpus-de-wanderlei-barbosa-por-falhas-na-instrucao\/#respond"]}]},{"@type":"WebPage","@id":"https:\/\/cleitonpinheiro.com.br\/site\/stf-rejeita-habeas-corpus-de-wanderlei-barbosa-por-falhas-na-instrucao\/","url":"https:\/\/cleitonpinheiro.com.br\/site\/stf-rejeita-habeas-corpus-de-wanderlei-barbosa-por-falhas-na-instrucao\/","name":"STF rejeita habeas corpus de Wanderlei Barbosa por falhas na instru\u00e7\u00e3o - PORTAL DE NOT\u00cdCIAS CLEITON PINHEIRO","isPartOf":{"@id":"https:\/\/cleitonpinheiro.com.br\/site\/#website"},"primaryImageOfPage":{"@id":"https:\/\/cleitonpinheiro.com.br\/site\/stf-rejeita-habeas-corpus-de-wanderlei-barbosa-por-falhas-na-instrucao\/#primaryimage"},"image":{"@id":"https:\/\/cleitonpinheiro.com.br\/site\/stf-rejeita-habeas-corpus-de-wanderlei-barbosa-por-falhas-na-instrucao\/#primaryimage"},"thumbnailUrl":"https:\/\/cleitonpinheiro.com.br\/site\/wp-content\/uploads\/2023\/08\/53010928906_85e35fc589_c.jpg","datePublished":"2025-09-11T15:48:39+00:00","dateModified":"2025-09-11T15:48:46+00:00","breadcrumb":{"@id":"https:\/\/cleitonpinheiro.com.br\/site\/stf-rejeita-habeas-corpus-de-wanderlei-barbosa-por-falhas-na-instrucao\/#breadcrumb"},"inLanguage":"pt-BR","potentialAction":[{"@type":"ReadAction","target":["https:\/\/cleitonpinheiro.com.br\/site\/stf-rejeita-habeas-corpus-de-wanderlei-barbosa-por-falhas-na-instrucao\/"]}]},{"@type":"ImageObject","inLanguage":"pt-BR","@id":"https:\/\/cleitonpinheiro.com.br\/site\/stf-rejeita-habeas-corpus-de-wanderlei-barbosa-por-falhas-na-instrucao\/#primaryimage","url":"","contentUrl":""},{"@type":"BreadcrumbList","@id":"https:\/\/cleitonpinheiro.com.br\/site\/stf-rejeita-habeas-corpus-de-wanderlei-barbosa-por-falhas-na-instrucao\/#breadcrumb","itemListElement":[{"@type":"ListItem","position":1,"name":"In\u00edcio","item":"https:\/\/cleitonpinheiro.com.br\/site\/"},{"@type":"ListItem","position":2,"name":"STF rejeita habeas corpus de Wanderlei Barbosa por falhas na instru\u00e7\u00e3o"}]},{"@type":"WebSite","@id":"https:\/\/cleitonpinheiro.com.br\/site\/#website","url":"https:\/\/cleitonpinheiro.com.br\/site\/","name":"PORTAL DE NOT\u00cdCIAS CLEITON PINHEIRO","description":"FALANDO A VERDADE","publisher":{"@id":"https:\/\/cleitonpinheiro.com.br\/site\/#organization"},"potentialAction":[{"@type":"SearchAction","target":{"@type":"EntryPoint","urlTemplate":"https:\/\/cleitonpinheiro.com.br\/site\/?s={search_term_string}"},"query-input":{"@type":"PropertyValueSpecification","valueRequired":true,"valueName":"search_term_string"}}],"inLanguage":"pt-BR"},{"@type":"Organization","@id":"https:\/\/cleitonpinheiro.com.br\/site\/#organization","name":"CPNOT\u00cdCIAS","url":"https:\/\/cleitonpinheiro.com.br\/site\/","logo":{"@type":"ImageObject","inLanguage":"pt-BR","@id":"https:\/\/cleitonpinheiro.com.br\/site\/#\/schema\/logo\/image\/","url":"https:\/\/cleitonpinheiro.com.br\/site\/wp-content\/uploads\/2022\/08\/Logo-pequena-2.png","contentUrl":"https:\/\/cleitonpinheiro.com.br\/site\/wp-content\/uploads\/2022\/08\/Logo-pequena-2.png","width":500,"height":500,"caption":"CPNOT\u00cdCIAS"},"image":{"@id":"https:\/\/cleitonpinheiro.com.br\/site\/#\/schema\/logo\/image\/"},"sameAs":["https:\/\/www.facebook.com\/portalcpnoticias\/"]},{"@type":"Person","@id":"https:\/\/cleitonpinheiro.com.br\/site\/#\/schema\/person\/8f04544e0bc40a1b68775b08360f87db","name":"Reda\u00e7\u00e3o CP","image":{"@type":"ImageObject","inLanguage":"pt-BR","@id":"https:\/\/cleitonpinheiro.com.br\/site\/#\/schema\/person\/image\/","url":"https:\/\/secure.gravatar.com\/avatar\/0bcf19cb29fdc8fc588c490c7ae1b3e174dac268586a63fbe1d1893a0f9020cd?s=96&r=g","contentUrl":"https:\/\/secure.gravatar.com\/avatar\/0bcf19cb29fdc8fc588c490c7ae1b3e174dac268586a63fbe1d1893a0f9020cd?s=96&r=g","caption":"Reda\u00e7\u00e3o CP"},"url":"https:\/\/cleitonpinheiro.com.br\/site\/author\/redacao\/"}]}},"views":124,"_links":{"self":[{"href":"https:\/\/cleitonpinheiro.com.br\/site\/wp-json\/wp\/v2\/posts\/86837","targetHints":{"allow":["GET"]}}],"collection":[{"href":"https:\/\/cleitonpinheiro.com.br\/site\/wp-json\/wp\/v2\/posts"}],"about":[{"href":"https:\/\/cleitonpinheiro.com.br\/site\/wp-json\/wp\/v2\/types\/post"}],"author":[{"embeddable":true,"href":"https:\/\/cleitonpinheiro.com.br\/site\/wp-json\/wp\/v2\/users\/13"}],"replies":[{"embeddable":true,"href":"https:\/\/cleitonpinheiro.com.br\/site\/wp-json\/wp\/v2\/comments?post=86837"}],"version-history":[{"count":1,"href":"https:\/\/cleitonpinheiro.com.br\/site\/wp-json\/wp\/v2\/posts\/86837\/revisions"}],"predecessor-version":[{"id":86838,"href":"https:\/\/cleitonpinheiro.com.br\/site\/wp-json\/wp\/v2\/posts\/86837\/revisions\/86838"}],"wp:attachment":[{"href":"https:\/\/cleitonpinheiro.com.br\/site\/wp-json\/wp\/v2\/media?parent=86837"}],"wp:term":[{"taxonomy":"category","embeddable":true,"href":"https:\/\/cleitonpinheiro.com.br\/site\/wp-json\/wp\/v2\/categories?post=86837"},{"taxonomy":"post_tag","embeddable":true,"href":"https:\/\/cleitonpinheiro.com.br\/site\/wp-json\/wp\/v2\/tags?post=86837"}],"curies":[{"name":"wp","href":"https:\/\/api.w.org\/{rel}","templated":true}]}}