{"id":86839,"date":"2025-09-11T12:59:03","date_gmt":"2025-09-11T15:59:03","guid":{"rendered":"https:\/\/cleitonpinheiro.com.br\/site\/?p=86839"},"modified":"2025-09-11T12:59:07","modified_gmt":"2025-09-11T15:59:07","slug":"voto-de-carmen-lucia-pode-formar-maioria-para-condenar-bolsonaro","status":"publish","type":"post","link":"https:\/\/cleitonpinheiro.com.br\/site\/voto-de-carmen-lucia-pode-formar-maioria-para-condenar-bolsonaro\/","title":{"rendered":"Voto de C\u00e1rmen L\u00facia pode formar maioria para condenar Bolsonaro"},"content":{"rendered":"\n<figure class=\"wp-block-image size-large\"><img fetchpriority=\"high\" decoding=\"async\" width=\"1024\" height=\"613\" src=\"https:\/\/cleitonpinheiro.com.br\/site\/wp-content\/uploads\/2025\/09\/10092025-pzzb1862-1024x613.webp\" alt=\"\" class=\"wp-image-86840\" srcset=\"https:\/\/cleitonpinheiro.com.br\/site\/wp-content\/uploads\/2025\/09\/10092025-pzzb1862-1024x613.webp 1024w, https:\/\/cleitonpinheiro.com.br\/site\/wp-content\/uploads\/2025\/09\/10092025-pzzb1862-300x179.webp 300w, https:\/\/cleitonpinheiro.com.br\/site\/wp-content\/uploads\/2025\/09\/10092025-pzzb1862-768x459.webp 768w, https:\/\/cleitonpinheiro.com.br\/site\/wp-content\/uploads\/2025\/09\/10092025-pzzb1862.webp 1170w\" sizes=\"(max-width: 1024px) 100vw, 1024px\" \/><figcaption class=\"wp-element-caption\">\u00a9 Fabio Rodrigues-Pozzebom\/ Ag\u00eancia Brasil\n<\/figcaption><\/figure>\n\n\n\n<p>A Primeira Turma do Supremo Tribunal Federal (STF) retoma nesta quinta-feira (11), em sess\u00e3o marcada para as 14h, o julgamento do ex-presidente Jair Bolsonaro e mais sete ex-aliados, que comp\u00f5em o N\u00facleo 1 da trama golpista.<img decoding=\"async\" src=\"https:\/\/agenciabrasil.ebc.com.br\/ebc.png?id=1658238&amp;o=node\"><img decoding=\"async\" src=\"https:\/\/agenciabrasil.ebc.com.br\/ebc.gif?id=1658238&amp;o=node\"><\/p>\n\n\n\n<p>Eles s\u00e3o acusados de tentar um golpe de Estado no pa\u00eds para manter Bolsonaro no poder, mesmo ap\u00f3s ter sido derrotado nas urnas.&nbsp;<\/p>\n\n\n\n<p>O placar est\u00e1 em 2 votos a 1 pela condena\u00e7\u00e3o de Bolsonaro. Votaram por declarar o ex-presidente culpado os&nbsp;<a href=\"https:\/\/agenciabrasil.ebc.com.br\/justica\/noticia\/2025-09\/moraes-vota-para-condenar-bolsonaro-e-mais-sete-por-golpe-de-estado\" target=\"_blank\" rel=\"noreferrer noopener\">ministros Alexandre de Moraes<\/a>, relator do caso, e&nbsp;<a href=\"https:\/\/agenciabrasil.ebc.com.br\/justica\/noticia\/2025-09\/dino-vota-pela-condenacao-de-bolsonaro-e-mais-sete-placar-esta-2-0\" target=\"_blank\" rel=\"noreferrer noopener\">Fl\u00e1vio Dino, que fizeram suas manifesta\u00e7\u00f5es na ter\u00e7a<\/a>&nbsp;(9). Luiz Fux \u2013 em um voto que durou treze horas incluindo duas horas de intervalo&nbsp;\u2013,&nbsp;<a href=\"https:\/\/agenciabrasil.ebc.com.br\/justica\/noticia\/2025-09\/fux-absolve-bolsonaro-e-condena-braga-netto-e-cid-pela-trama-golpista\" target=\"_blank\" rel=\"noreferrer noopener\">pediu a&nbsp;absolvi\u00e7\u00e3o<\/a>.&nbsp;<\/p>\n\n\n\n<p>O julgamento ser\u00e1 retomado com o voto da ministra C\u00e1rmen L\u00facia. A\u00a0expectativa, tanto da\u00a0acusa\u00e7\u00e3o quanto das defesas, \u00e9 que ela confirme o voto pela condena\u00e7\u00e3o de Bolsonaro, formando\u00a0maioria.<\/p>\n\n\n\n<p>A previs\u00e3o \u00e9 feita com base em manifesta\u00e7\u00f5es anteriores da magistrada, em especial, no recebimento da den\u00fancia, em mar\u00e7o, quando proferiu duro voto cr\u00edtico \u00e0 trama golpista.&nbsp;<\/p>\n\n\n\n<p>J\u00e1 h\u00e1 maioria para condena\u00e7\u00e3o em rela\u00e7\u00e3o a dois r\u00e9us: o tenente-coronel Mauro Cid, ex-ajudante de ordens de Bolsonaro e delator do compl\u00f4; e o general Walter Braga Netto, ex-ministro da Casa Civl e candidato a vice-presidente na chapa bolsonarista em 2022.<\/p>\n\n\n\n<p>Assim como Moraes e Dino, Fux tamb\u00e9m os considerou culpados pelo crime de atentar contra o Estado Democr\u00e1tico de Direito.&nbsp;<\/p>\n\n\n\n<p>Al\u00e9m de Bolsonaro, Fux votou pela absolvi\u00e7\u00e3o de outros cinco r\u00e9us, divergindo de Moraes e Dino. Assim, o placar encontra-se em 2 a 1 pela condena\u00e7\u00e3o dos seguintes r\u00e9us:&nbsp;<\/p>\n\n\n\n<ul class=\"wp-block-list\">\n<li>Alexandre Ramagem &#8211; ex-diretor da Ag\u00eancia Brasileira de Intelig\u00eancia (Abin);<\/li>\n\n\n\n<li>Almir Garnier &#8211; ex-comandante da Marinha;<\/li>\n\n\n\n<li>Anderson Torres &#8211; ex-ministro da Justi\u00e7a e ex-secret\u00e1rio de Seguran\u00e7a do Distrito Federal;<\/li>\n\n\n\n<li>Augusto Heleno &#8211; ex-ministro do Gabinete de Seguran\u00e7a Institucional (GSI);<\/li>\n\n\n\n<li>Paulo S\u00e9rgio Nogueira &#8211; ex-ministro da Defesa;<\/li>\n<\/ul>\n\n\n\n<p>Antes dos votos pela absolvi\u00e7\u00e3o, contudo, Fux votou pela&nbsp;<a href=\"https:\/\/agenciabrasil.ebc.com.br\/justica\/noticia\/2025-09\/fux-cita-incompetencia-do-stf-para-julgar-acao-contra-bolsonaro\" target=\"_blank\" rel=\"noreferrer noopener\">anula\u00e7\u00e3o total do processo<\/a>, por \u201cincompet\u00eancia absoluta\u201d do Supremo para julgar a trama golpista, uma vez que nenhum dos r\u00e9us&nbsp;ocupa cargo com foro privilegiado na Corte. Neste ponto, ele divergiu de Moraes e Dino, que reafirmaram a compet\u00eancia da Primeira Turma para julgar o caso.&nbsp;<\/p>\n\n\n\n<h2 class=\"wp-block-heading\">Crimes&nbsp;<\/h2>\n\n\n\n<p>Todos os r\u00e9us respondem pelos crimes de organiza\u00e7\u00e3o criminosa armada, tentativa de aboli\u00e7\u00e3o violenta do Estado Democr\u00e1tico de Direito, golpe de Estado, dano qualificado pela viol\u00eancia e grave amea\u00e7a e deteriora\u00e7\u00e3o de patrim\u00f4nio tombado.<\/p>\n\n\n\n<p>A exce\u00e7\u00e3o \u00e9 o caso do ex-diretor da Abin Alexandre Ramagem que, atualmente, \u00e9 deputado federal. Ele foi beneficiado com a suspens\u00e3o de parte das acusa\u00e7\u00f5es relativas a fatos ocorridos ap\u00f3s a diploma\u00e7\u00e3o e responde somente a tr\u00eas dos cinco crimes. A regra est\u00e1 prevista na Constitui\u00e7\u00e3o.&nbsp;<\/p>\n\n\n\n<p>A suspens\u00e3o, que foi aprovada pela C\u00e2mara e homologada pelo Supremo, vale para os crimes de dano qualificado pela viol\u00eancia e grave amea\u00e7a, contra o patrim\u00f4nio da Uni\u00e3o, com consider\u00e1vel preju\u00edzo para a v\u00edtima e deteriora\u00e7\u00e3o de patrim\u00f4nio tombado, relacionados aos atos golpistas de 8 de janeiro de 2023.&nbsp;<\/p>\n","protected":false},"excerpt":{"rendered":"<p>A Primeira Turma do Supremo Tribunal Federal (STF) retoma nesta quinta-feira (11), em sess\u00e3o marcada para as 14h, o julgamento do ex-presidente Jair Bolsonaro e mais sete ex-aliados, que comp\u00f5em o N\u00facleo 1 da trama golpista. Eles s\u00e3o acusados de tentar um golpe de Estado no pa\u00eds para manter Bolsonaro no poder, mesmo ap\u00f3s ter [&hellip;]<\/p>\n","protected":false},"author":13,"featured_media":86840,"comment_status":"open","ping_status":"open","sticky":false,"template":"","format":"standard","meta":{"_acf_changed":false,"footnotes":""},"categories":[19,898,21],"tags":[],"class_list":["post-86839","post","type-post","status-publish","format-standard","has-post-thumbnail","hentry","category-brasil-mundo","category-manchete-segundaria","category-todas-noticias"],"acf":[],"yoast_head":"<!-- This site is optimized with the Yoast SEO plugin v24.4 - https:\/\/yoast.com\/wordpress\/plugins\/seo\/ -->\n<title>Voto de C\u00e1rmen L\u00facia pode formar maioria para condenar Bolsonaro - PORTAL DE NOT\u00cdCIAS CLEITON PINHEIRO<\/title>\n<meta name=\"robots\" content=\"index, follow, max-snippet:-1, max-image-preview:large, max-video-preview:-1\" \/>\n<link rel=\"canonical\" href=\"https:\/\/cleitonpinheiro.com.br\/site\/voto-de-carmen-lucia-pode-formar-maioria-para-condenar-bolsonaro\/\" \/>\n<meta property=\"og:locale\" content=\"pt_BR\" \/>\n<meta property=\"og:type\" content=\"article\" \/>\n<meta property=\"og:title\" content=\"Voto de C\u00e1rmen L\u00facia pode formar maioria para condenar Bolsonaro - PORTAL DE NOT\u00cdCIAS CLEITON PINHEIRO\" \/>\n<meta property=\"og:description\" content=\"A Primeira Turma do Supremo Tribunal Federal (STF) retoma nesta quinta-feira (11), em sess\u00e3o marcada para as 14h, o julgamento do ex-presidente Jair Bolsonaro e mais sete ex-aliados, que comp\u00f5em o N\u00facleo 1 da trama golpista. Eles s\u00e3o acusados de tentar um golpe de Estado no pa\u00eds para manter Bolsonaro no poder, mesmo ap\u00f3s ter [&hellip;]\" \/>\n<meta property=\"og:url\" content=\"https:\/\/cleitonpinheiro.com.br\/site\/voto-de-carmen-lucia-pode-formar-maioria-para-condenar-bolsonaro\/\" \/>\n<meta property=\"og:site_name\" content=\"PORTAL DE NOT\u00cdCIAS CLEITON PINHEIRO\" \/>\n<meta property=\"article:publisher\" content=\"https:\/\/www.facebook.com\/portalcpnoticias\/\" \/>\n<meta property=\"article:published_time\" content=\"2025-09-11T15:59:03+00:00\" \/>\n<meta property=\"article:modified_time\" content=\"2025-09-11T15:59:07+00:00\" \/>\n<meta property=\"og:image\" content=\"https:\/\/cleitonpinheiro.com.br\/site\/wp-content\/uploads\/2025\/09\/10092025-pzzb1862.webp\" \/>\n\t<meta property=\"og:image:width\" content=\"1170\" \/>\n\t<meta property=\"og:image:height\" content=\"700\" \/>\n\t<meta property=\"og:image:type\" content=\"image\/webp\" \/>\n<meta name=\"author\" content=\"Reda\u00e7\u00e3o CP\" \/>\n<meta name=\"twitter:card\" content=\"summary_large_image\" \/>\n<meta name=\"twitter:label1\" content=\"Escrito por\" \/>\n\t<meta name=\"twitter:data1\" content=\"Reda\u00e7\u00e3o CP\" \/>\n\t<meta name=\"twitter:label2\" content=\"Est. tempo de leitura\" \/>\n\t<meta name=\"twitter:data2\" content=\"4 minutos\" \/>\n<script type=\"application\/ld+json\" class=\"yoast-schema-graph\">{\"@context\":\"https:\/\/schema.org\",\"@graph\":[{\"@type\":\"Article\",\"@id\":\"https:\/\/cleitonpinheiro.com.br\/site\/voto-de-carmen-lucia-pode-formar-maioria-para-condenar-bolsonaro\/#article\",\"isPartOf\":{\"@id\":\"https:\/\/cleitonpinheiro.com.br\/site\/voto-de-carmen-lucia-pode-formar-maioria-para-condenar-bolsonaro\/\"},\"author\":{\"name\":\"Reda\u00e7\u00e3o CP\",\"@id\":\"https:\/\/cleitonpinheiro.com.br\/site\/#\/schema\/person\/8f04544e0bc40a1b68775b08360f87db\"},\"headline\":\"Voto de C\u00e1rmen L\u00facia pode formar maioria para condenar Bolsonaro\",\"datePublished\":\"2025-09-11T15:59:03+00:00\",\"dateModified\":\"2025-09-11T15:59:07+00:00\",\"mainEntityOfPage\":{\"@id\":\"https:\/\/cleitonpinheiro.com.br\/site\/voto-de-carmen-lucia-pode-formar-maioria-para-condenar-bolsonaro\/\"},\"wordCount\":580,\"commentCount\":0,\"publisher\":{\"@id\":\"https:\/\/cleitonpinheiro.com.br\/site\/#organization\"},\"image\":{\"@id\":\"https:\/\/cleitonpinheiro.com.br\/site\/voto-de-carmen-lucia-pode-formar-maioria-para-condenar-bolsonaro\/#primaryimage\"},\"thumbnailUrl\":\"https:\/\/cleitonpinheiro.com.br\/site\/wp-content\/uploads\/2025\/09\/10092025-pzzb1862.webp\",\"articleSection\":[\"BRASIL \/ MUNDO\",\"MANCHETE SEGUND\u00c1RIA\",\"TODAS NOTICIAS\"],\"inLanguage\":\"pt-BR\",\"potentialAction\":[{\"@type\":\"CommentAction\",\"name\":\"Comment\",\"target\":[\"https:\/\/cleitonpinheiro.com.br\/site\/voto-de-carmen-lucia-pode-formar-maioria-para-condenar-bolsonaro\/#respond\"]}]},{\"@type\":\"WebPage\",\"@id\":\"https:\/\/cleitonpinheiro.com.br\/site\/voto-de-carmen-lucia-pode-formar-maioria-para-condenar-bolsonaro\/\",\"url\":\"https:\/\/cleitonpinheiro.com.br\/site\/voto-de-carmen-lucia-pode-formar-maioria-para-condenar-bolsonaro\/\",\"name\":\"Voto de C\u00e1rmen L\u00facia pode formar maioria para condenar Bolsonaro - PORTAL DE NOT\u00cdCIAS CLEITON PINHEIRO\",\"isPartOf\":{\"@id\":\"https:\/\/cleitonpinheiro.com.br\/site\/#website\"},\"primaryImageOfPage\":{\"@id\":\"https:\/\/cleitonpinheiro.com.br\/site\/voto-de-carmen-lucia-pode-formar-maioria-para-condenar-bolsonaro\/#primaryimage\"},\"image\":{\"@id\":\"https:\/\/cleitonpinheiro.com.br\/site\/voto-de-carmen-lucia-pode-formar-maioria-para-condenar-bolsonaro\/#primaryimage\"},\"thumbnailUrl\":\"https:\/\/cleitonpinheiro.com.br\/site\/wp-content\/uploads\/2025\/09\/10092025-pzzb1862.webp\",\"datePublished\":\"2025-09-11T15:59:03+00:00\",\"dateModified\":\"2025-09-11T15:59:07+00:00\",\"breadcrumb\":{\"@id\":\"https:\/\/cleitonpinheiro.com.br\/site\/voto-de-carmen-lucia-pode-formar-maioria-para-condenar-bolsonaro\/#breadcrumb\"},\"inLanguage\":\"pt-BR\",\"potentialAction\":[{\"@type\":\"ReadAction\",\"target\":[\"https:\/\/cleitonpinheiro.com.br\/site\/voto-de-carmen-lucia-pode-formar-maioria-para-condenar-bolsonaro\/\"]}]},{\"@type\":\"ImageObject\",\"inLanguage\":\"pt-BR\",\"@id\":\"https:\/\/cleitonpinheiro.com.br\/site\/voto-de-carmen-lucia-pode-formar-maioria-para-condenar-bolsonaro\/#primaryimage\",\"url\":\"https:\/\/cleitonpinheiro.com.br\/site\/wp-content\/uploads\/2025\/09\/10092025-pzzb1862.webp\",\"contentUrl\":\"https:\/\/cleitonpinheiro.com.br\/site\/wp-content\/uploads\/2025\/09\/10092025-pzzb1862.webp\",\"width\":1170,\"height\":700,\"caption\":\"\u00a9 Fabio Rodrigues-Pozzebom\/ Ag\u00eancia Brasil\"},{\"@type\":\"BreadcrumbList\",\"@id\":\"https:\/\/cleitonpinheiro.com.br\/site\/voto-de-carmen-lucia-pode-formar-maioria-para-condenar-bolsonaro\/#breadcrumb\",\"itemListElement\":[{\"@type\":\"ListItem\",\"position\":1,\"name\":\"In\u00edcio\",\"item\":\"https:\/\/cleitonpinheiro.com.br\/site\/\"},{\"@type\":\"ListItem\",\"position\":2,\"name\":\"Voto de C\u00e1rmen L\u00facia pode formar maioria para condenar Bolsonaro\"}]},{\"@type\":\"WebSite\",\"@id\":\"https:\/\/cleitonpinheiro.com.br\/site\/#website\",\"url\":\"https:\/\/cleitonpinheiro.com.br\/site\/\",\"name\":\"PORTAL DE NOT\u00cdCIAS CLEITON PINHEIRO\",\"description\":\"FALANDO A VERDADE\",\"publisher\":{\"@id\":\"https:\/\/cleitonpinheiro.com.br\/site\/#organization\"},\"potentialAction\":[{\"@type\":\"SearchAction\",\"target\":{\"@type\":\"EntryPoint\",\"urlTemplate\":\"https:\/\/cleitonpinheiro.com.br\/site\/?s={search_term_string}\"},\"query-input\":{\"@type\":\"PropertyValueSpecification\",\"valueRequired\":true,\"valueName\":\"search_term_string\"}}],\"inLanguage\":\"pt-BR\"},{\"@type\":\"Organization\",\"@id\":\"https:\/\/cleitonpinheiro.com.br\/site\/#organization\",\"name\":\"CPNOT\u00cdCIAS\",\"url\":\"https:\/\/cleitonpinheiro.com.br\/site\/\",\"logo\":{\"@type\":\"ImageObject\",\"inLanguage\":\"pt-BR\",\"@id\":\"https:\/\/cleitonpinheiro.com.br\/site\/#\/schema\/logo\/image\/\",\"url\":\"https:\/\/cleitonpinheiro.com.br\/site\/wp-content\/uploads\/2022\/08\/Logo-pequena-2.png\",\"contentUrl\":\"https:\/\/cleitonpinheiro.com.br\/site\/wp-content\/uploads\/2022\/08\/Logo-pequena-2.png\",\"width\":500,\"height\":500,\"caption\":\"CPNOT\u00cdCIAS\"},\"image\":{\"@id\":\"https:\/\/cleitonpinheiro.com.br\/site\/#\/schema\/logo\/image\/\"},\"sameAs\":[\"https:\/\/www.facebook.com\/portalcpnoticias\/\"]},{\"@type\":\"Person\",\"@id\":\"https:\/\/cleitonpinheiro.com.br\/site\/#\/schema\/person\/8f04544e0bc40a1b68775b08360f87db\",\"name\":\"Reda\u00e7\u00e3o CP\",\"image\":{\"@type\":\"ImageObject\",\"inLanguage\":\"pt-BR\",\"@id\":\"https:\/\/cleitonpinheiro.com.br\/site\/#\/schema\/person\/image\/\",\"url\":\"https:\/\/secure.gravatar.com\/avatar\/0bcf19cb29fdc8fc588c490c7ae1b3e174dac268586a63fbe1d1893a0f9020cd?s=96&r=g\",\"contentUrl\":\"https:\/\/secure.gravatar.com\/avatar\/0bcf19cb29fdc8fc588c490c7ae1b3e174dac268586a63fbe1d1893a0f9020cd?s=96&r=g\",\"caption\":\"Reda\u00e7\u00e3o CP\"},\"url\":\"https:\/\/cleitonpinheiro.com.br\/site\/author\/redacao\/\"}]}<\/script>\n<!-- \/ Yoast SEO plugin. -->","yoast_head_json":{"title":"Voto de C\u00e1rmen L\u00facia pode formar maioria para condenar Bolsonaro - PORTAL DE NOT\u00cdCIAS CLEITON PINHEIRO","robots":{"index":"index","follow":"follow","max-snippet":"max-snippet:-1","max-image-preview":"max-image-preview:large","max-video-preview":"max-video-preview:-1"},"canonical":"https:\/\/cleitonpinheiro.com.br\/site\/voto-de-carmen-lucia-pode-formar-maioria-para-condenar-bolsonaro\/","og_locale":"pt_BR","og_type":"article","og_title":"Voto de C\u00e1rmen L\u00facia pode formar maioria para condenar Bolsonaro - PORTAL DE NOT\u00cdCIAS CLEITON PINHEIRO","og_description":"A Primeira Turma do Supremo Tribunal Federal (STF) retoma nesta quinta-feira (11), em sess\u00e3o marcada para as 14h, o julgamento do ex-presidente Jair Bolsonaro e mais sete ex-aliados, que comp\u00f5em o N\u00facleo 1 da trama golpista. Eles s\u00e3o acusados de tentar um golpe de Estado no pa\u00eds para manter Bolsonaro no poder, mesmo ap\u00f3s ter [&hellip;]","og_url":"https:\/\/cleitonpinheiro.com.br\/site\/voto-de-carmen-lucia-pode-formar-maioria-para-condenar-bolsonaro\/","og_site_name":"PORTAL DE NOT\u00cdCIAS CLEITON PINHEIRO","article_publisher":"https:\/\/www.facebook.com\/portalcpnoticias\/","article_published_time":"2025-09-11T15:59:03+00:00","article_modified_time":"2025-09-11T15:59:07+00:00","og_image":[{"width":1170,"height":700,"url":"https:\/\/cleitonpinheiro.com.br\/site\/wp-content\/uploads\/2025\/09\/10092025-pzzb1862.webp","type":"image\/webp"}],"author":"Reda\u00e7\u00e3o CP","twitter_card":"summary_large_image","twitter_misc":{"Escrito por":"Reda\u00e7\u00e3o CP","Est. tempo de leitura":"4 minutos"},"schema":{"@context":"https:\/\/schema.org","@graph":[{"@type":"Article","@id":"https:\/\/cleitonpinheiro.com.br\/site\/voto-de-carmen-lucia-pode-formar-maioria-para-condenar-bolsonaro\/#article","isPartOf":{"@id":"https:\/\/cleitonpinheiro.com.br\/site\/voto-de-carmen-lucia-pode-formar-maioria-para-condenar-bolsonaro\/"},"author":{"name":"Reda\u00e7\u00e3o CP","@id":"https:\/\/cleitonpinheiro.com.br\/site\/#\/schema\/person\/8f04544e0bc40a1b68775b08360f87db"},"headline":"Voto de C\u00e1rmen L\u00facia pode formar maioria para condenar Bolsonaro","datePublished":"2025-09-11T15:59:03+00:00","dateModified":"2025-09-11T15:59:07+00:00","mainEntityOfPage":{"@id":"https:\/\/cleitonpinheiro.com.br\/site\/voto-de-carmen-lucia-pode-formar-maioria-para-condenar-bolsonaro\/"},"wordCount":580,"commentCount":0,"publisher":{"@id":"https:\/\/cleitonpinheiro.com.br\/site\/#organization"},"image":{"@id":"https:\/\/cleitonpinheiro.com.br\/site\/voto-de-carmen-lucia-pode-formar-maioria-para-condenar-bolsonaro\/#primaryimage"},"thumbnailUrl":"https:\/\/cleitonpinheiro.com.br\/site\/wp-content\/uploads\/2025\/09\/10092025-pzzb1862.webp","articleSection":["BRASIL \/ MUNDO","MANCHETE SEGUND\u00c1RIA","TODAS NOTICIAS"],"inLanguage":"pt-BR","potentialAction":[{"@type":"CommentAction","name":"Comment","target":["https:\/\/cleitonpinheiro.com.br\/site\/voto-de-carmen-lucia-pode-formar-maioria-para-condenar-bolsonaro\/#respond"]}]},{"@type":"WebPage","@id":"https:\/\/cleitonpinheiro.com.br\/site\/voto-de-carmen-lucia-pode-formar-maioria-para-condenar-bolsonaro\/","url":"https:\/\/cleitonpinheiro.com.br\/site\/voto-de-carmen-lucia-pode-formar-maioria-para-condenar-bolsonaro\/","name":"Voto de C\u00e1rmen L\u00facia pode formar maioria para condenar Bolsonaro - PORTAL DE NOT\u00cdCIAS CLEITON PINHEIRO","isPartOf":{"@id":"https:\/\/cleitonpinheiro.com.br\/site\/#website"},"primaryImageOfPage":{"@id":"https:\/\/cleitonpinheiro.com.br\/site\/voto-de-carmen-lucia-pode-formar-maioria-para-condenar-bolsonaro\/#primaryimage"},"image":{"@id":"https:\/\/cleitonpinheiro.com.br\/site\/voto-de-carmen-lucia-pode-formar-maioria-para-condenar-bolsonaro\/#primaryimage"},"thumbnailUrl":"https:\/\/cleitonpinheiro.com.br\/site\/wp-content\/uploads\/2025\/09\/10092025-pzzb1862.webp","datePublished":"2025-09-11T15:59:03+00:00","dateModified":"2025-09-11T15:59:07+00:00","breadcrumb":{"@id":"https:\/\/cleitonpinheiro.com.br\/site\/voto-de-carmen-lucia-pode-formar-maioria-para-condenar-bolsonaro\/#breadcrumb"},"inLanguage":"pt-BR","potentialAction":[{"@type":"ReadAction","target":["https:\/\/cleitonpinheiro.com.br\/site\/voto-de-carmen-lucia-pode-formar-maioria-para-condenar-bolsonaro\/"]}]},{"@type":"ImageObject","inLanguage":"pt-BR","@id":"https:\/\/cleitonpinheiro.com.br\/site\/voto-de-carmen-lucia-pode-formar-maioria-para-condenar-bolsonaro\/#primaryimage","url":"https:\/\/cleitonpinheiro.com.br\/site\/wp-content\/uploads\/2025\/09\/10092025-pzzb1862.webp","contentUrl":"https:\/\/cleitonpinheiro.com.br\/site\/wp-content\/uploads\/2025\/09\/10092025-pzzb1862.webp","width":1170,"height":700,"caption":"\u00a9 Fabio Rodrigues-Pozzebom\/ Ag\u00eancia Brasil"},{"@type":"BreadcrumbList","@id":"https:\/\/cleitonpinheiro.com.br\/site\/voto-de-carmen-lucia-pode-formar-maioria-para-condenar-bolsonaro\/#breadcrumb","itemListElement":[{"@type":"ListItem","position":1,"name":"In\u00edcio","item":"https:\/\/cleitonpinheiro.com.br\/site\/"},{"@type":"ListItem","position":2,"name":"Voto de C\u00e1rmen L\u00facia pode formar maioria para condenar Bolsonaro"}]},{"@type":"WebSite","@id":"https:\/\/cleitonpinheiro.com.br\/site\/#website","url":"https:\/\/cleitonpinheiro.com.br\/site\/","name":"PORTAL DE NOT\u00cdCIAS CLEITON PINHEIRO","description":"FALANDO A VERDADE","publisher":{"@id":"https:\/\/cleitonpinheiro.com.br\/site\/#organization"},"potentialAction":[{"@type":"SearchAction","target":{"@type":"EntryPoint","urlTemplate":"https:\/\/cleitonpinheiro.com.br\/site\/?s={search_term_string}"},"query-input":{"@type":"PropertyValueSpecification","valueRequired":true,"valueName":"search_term_string"}}],"inLanguage":"pt-BR"},{"@type":"Organization","@id":"https:\/\/cleitonpinheiro.com.br\/site\/#organization","name":"CPNOT\u00cdCIAS","url":"https:\/\/cleitonpinheiro.com.br\/site\/","logo":{"@type":"ImageObject","inLanguage":"pt-BR","@id":"https:\/\/cleitonpinheiro.com.br\/site\/#\/schema\/logo\/image\/","url":"https:\/\/cleitonpinheiro.com.br\/site\/wp-content\/uploads\/2022\/08\/Logo-pequena-2.png","contentUrl":"https:\/\/cleitonpinheiro.com.br\/site\/wp-content\/uploads\/2022\/08\/Logo-pequena-2.png","width":500,"height":500,"caption":"CPNOT\u00cdCIAS"},"image":{"@id":"https:\/\/cleitonpinheiro.com.br\/site\/#\/schema\/logo\/image\/"},"sameAs":["https:\/\/www.facebook.com\/portalcpnoticias\/"]},{"@type":"Person","@id":"https:\/\/cleitonpinheiro.com.br\/site\/#\/schema\/person\/8f04544e0bc40a1b68775b08360f87db","name":"Reda\u00e7\u00e3o CP","image":{"@type":"ImageObject","inLanguage":"pt-BR","@id":"https:\/\/cleitonpinheiro.com.br\/site\/#\/schema\/person\/image\/","url":"https:\/\/secure.gravatar.com\/avatar\/0bcf19cb29fdc8fc588c490c7ae1b3e174dac268586a63fbe1d1893a0f9020cd?s=96&r=g","contentUrl":"https:\/\/secure.gravatar.com\/avatar\/0bcf19cb29fdc8fc588c490c7ae1b3e174dac268586a63fbe1d1893a0f9020cd?s=96&r=g","caption":"Reda\u00e7\u00e3o CP"},"url":"https:\/\/cleitonpinheiro.com.br\/site\/author\/redacao\/"}]}},"views":126,"_links":{"self":[{"href":"https:\/\/cleitonpinheiro.com.br\/site\/wp-json\/wp\/v2\/posts\/86839","targetHints":{"allow":["GET"]}}],"collection":[{"href":"https:\/\/cleitonpinheiro.com.br\/site\/wp-json\/wp\/v2\/posts"}],"about":[{"href":"https:\/\/cleitonpinheiro.com.br\/site\/wp-json\/wp\/v2\/types\/post"}],"author":[{"embeddable":true,"href":"https:\/\/cleitonpinheiro.com.br\/site\/wp-json\/wp\/v2\/users\/13"}],"replies":[{"embeddable":true,"href":"https:\/\/cleitonpinheiro.com.br\/site\/wp-json\/wp\/v2\/comments?post=86839"}],"version-history":[{"count":1,"href":"https:\/\/cleitonpinheiro.com.br\/site\/wp-json\/wp\/v2\/posts\/86839\/revisions"}],"predecessor-version":[{"id":86841,"href":"https:\/\/cleitonpinheiro.com.br\/site\/wp-json\/wp\/v2\/posts\/86839\/revisions\/86841"}],"wp:featuredmedia":[{"embeddable":true,"href":"https:\/\/cleitonpinheiro.com.br\/site\/wp-json\/wp\/v2\/media\/86840"}],"wp:attachment":[{"href":"https:\/\/cleitonpinheiro.com.br\/site\/wp-json\/wp\/v2\/media?parent=86839"}],"wp:term":[{"taxonomy":"category","embeddable":true,"href":"https:\/\/cleitonpinheiro.com.br\/site\/wp-json\/wp\/v2\/categories?post=86839"},{"taxonomy":"post_tag","embeddable":true,"href":"https:\/\/cleitonpinheiro.com.br\/site\/wp-json\/wp\/v2\/tags?post=86839"}],"curies":[{"name":"wp","href":"https:\/\/api.w.org\/{rel}","templated":true}]}}