{"id":86845,"date":"2025-09-11T13:06:27","date_gmt":"2025-09-11T16:06:27","guid":{"rendered":"https:\/\/cleitonpinheiro.com.br\/site\/?p=86845"},"modified":"2025-09-11T13:06:31","modified_gmt":"2025-09-11T16:06:31","slug":"brasil-batera-novo-recorde-na-safra-de-graos","status":"publish","type":"post","link":"https:\/\/cleitonpinheiro.com.br\/site\/brasil-batera-novo-recorde-na-safra-de-graos\/","title":{"rendered":"Brasil bater\u00e1 novo recorde na safra de gr\u00e3os"},"content":{"rendered":"\n<figure class=\"wp-block-image size-large\"><img fetchpriority=\"high\" decoding=\"async\" width=\"1024\" height=\"613\" src=\"https:\/\/cleitonpinheiro.com.br\/site\/wp-content\/uploads\/2025\/09\/50926862498_639e8931b8_o_0-1024x613.webp\" alt=\"\" class=\"wp-image-86846\" srcset=\"https:\/\/cleitonpinheiro.com.br\/site\/wp-content\/uploads\/2025\/09\/50926862498_639e8931b8_o_0-1024x613.webp 1024w, https:\/\/cleitonpinheiro.com.br\/site\/wp-content\/uploads\/2025\/09\/50926862498_639e8931b8_o_0-300x179.webp 300w, https:\/\/cleitonpinheiro.com.br\/site\/wp-content\/uploads\/2025\/09\/50926862498_639e8931b8_o_0-768x459.webp 768w, https:\/\/cleitonpinheiro.com.br\/site\/wp-content\/uploads\/2025\/09\/50926862498_639e8931b8_o_0.webp 1170w\" sizes=\"(max-width: 1024px) 100vw, 1024px\" \/><figcaption class=\"wp-element-caption\">\u00a9 Wenderson Araujo\/Trilux\n<\/figcaption><\/figure>\n\n\n\n<p>A\u00a0produ\u00e7\u00e3o de gr\u00e3os no Brasil bateu, novamente, recorde, atingindo a marca de 350,2 milh\u00f5es de toneladas na safra 2024-25.\u00a0O resultado representa, em termos de volume, uma alta de 16,3% na compara\u00e7\u00e3o com a safra 2023\/24, quando foram colhidas 324,36 milh\u00f5es de toneladas.<img decoding=\"async\" src=\"https:\/\/agenciabrasil.ebc.com.br\/ebc.png?id=1658274&amp;o=node\"><img decoding=\"async\" src=\"https:\/\/agenciabrasil.ebc.com.br\/ebc.gif?id=1658274&amp;o=node\"><\/p>\n\n\n\n<p>De acordo com o 12\u00ba Levantamento da Safra de Gr\u00e3os, divulgado nesta quinta-feira (11) pela Companhia Nacional de Abastecimento (Conab), o\u00a0resultado foi impulsionado, em especial, pela produ\u00e7\u00e3o de soja, milho, arroz e algod\u00e3o \u2013 respons\u00e1veis por 47 milh\u00f5es das 49,1 milh\u00f5es de toneladas colhidas a mais na safra atual, se comparada \u00e0\u00a0anterior.<\/p>\n\n\n\n<blockquote class=\"wp-block-quote is-layout-flow wp-block-quote-is-layout-flow\">\n<p>\u201cEsse crescimento verificado na atual safra em rela\u00e7\u00e3o ao ciclo 2023\/24 \u00e9 atribu\u00eddo \u00e0 expans\u00e3o de 1,9 milh\u00e3o de hectares na \u00e1rea cultivada, saindo de 79,9 milh\u00f5es de hectares na temporada passada para 81,7 milh\u00f5es de hectares em 2024\/25, bem como \u00e0s condi\u00e7\u00f5es clim\u00e1ticas favor\u00e1veis, sobretudo no Centro-Oeste, com destaque para o Mato Grosso\u201d, inforna o boletim da Conab.<\/p>\n<\/blockquote>\n\n\n\n<p>Segundo a companhia, o clima favor\u00e1vel influenciou a recupera\u00e7\u00e3o na produtividade m\u00e9dia nacional das lavouras em 13,7%, sendo estimada em 4.284 quilos por hectare no atual ciclo, enquanto que em 2023\/24 ficou em 3.769 kg\/ha.<\/p>\n\n\n\n<h2 class=\"wp-block-heading\">Soja<\/h2>\n\n\n\n<p>A\u00a0soja foi o produto mais cultivado, registrando uma produ\u00e7\u00e3o recorde estimada em 171,5 milh\u00f5es de toneladas.\u00a0Este valor corresponde a uma alta de 20,2 milh\u00f5es de toneladas na compara\u00e7\u00e3o com a safra anterior.<\/p>\n\n\n\n<p>Esse \u201cresultado hist\u00f3rico\u201d reflete, segundo a Conab, o aumento da \u00e1rea semeada combinado com a melhora da produtividade m\u00e9dia nacional das lavouras.<\/p>\n\n\n\n<blockquote class=\"wp-block-quote is-layout-flow wp-block-quote-is-layout-flow\">\n<p>\u201cDiante de condi\u00e7\u00f5es clim\u00e1ticas mais favor\u00e1veis na maioria das regi\u00f5es produtoras em rela\u00e7\u00e3o a 2023\/24, o desempenho m\u00e9dio nacional das lavouras no atual ciclo atingiu 3.621 kg\/ha, o maior j\u00e1 registrado&#8221;, informou a Conab.<\/p>\n<\/blockquote>\n\n\n\n<p>Goi\u00e1s foi o estado que obteve a maior produtividade nesta safra, com 4.183 kg\/ha. J\u00e1 o Rio Grande do Sul, com 2.342 kg\/ha, foi a unidade federativa que obteve o menor resultado, uma vez que suas regi\u00f5es produtoras passaram por altas temperaturas e irregularidades nas precipita\u00e7\u00f5es a partir de dezembro at\u00e9 o fim de fevereiro.<\/p>\n\n\n\n<h2 class=\"wp-block-heading\">Milho e algod\u00e3o<\/h2>\n\n\n\n<p>Outro produto com resultado recorde foi o milho, considerando as 3 safras do gr\u00e3o, estimada em 6.391 quilos por hectare no atual ciclo.<\/p>\n\n\n\n<blockquote class=\"wp-block-quote is-layout-flow wp-block-quote-is-layout-flow\">\n<p>\u201cCom isso, \u00e9 esperada uma produ\u00e7\u00e3o total de 139,7 milh\u00f5es de toneladas na safra 2024\/25, aumento de 20,9% em rela\u00e7\u00e3o a 2023\/24 e a maior colheita do produto j\u00e1 registrada pela estatal\u201d, detalha a companhia.<\/p>\n<\/blockquote>\n\n\n\n<p>A\u00a0primeira safra tem uma produ\u00e7\u00e3o estimada em 24,9 milh\u00f5es de toneladas, o que corresponde a um crescimento de 8,6% na compara\u00e7\u00e3o com a safra anterior.\u00a0Com 97% da \u00e1rea colhida e 3% em matura\u00e7\u00e3o, a\u00a0segunda safra deve registrar crescimento de 24,4% na produ\u00e7\u00e3o, prevista em 112 milh\u00f5es de toneladas.<\/p>\n\n\n\n<p>A\u00a0terceira safra de milho est\u00e1 com as lavouras ainda em desenvolvimento. A expectativa \u00e9 que resulte em uma produ\u00e7\u00e3o de 2,7 milh\u00f5es de toneladas.<\/p>\n\n\n\n<p>\u00c9 tamb\u00e9m esperado recorde na produ\u00e7\u00e3o de algod\u00e3o, com as lavouras produzindo 4,1 milh\u00f5es de toneladas \u2013 resultado que representa alta de 9,7% sobre a safra anterior. Esse aumento decorre a alta de 7,3% da \u00e1rea semeada, bem como pelas condi\u00e7\u00f5es clim\u00e1ticas favor\u00e1veis.<\/p>\n\n\n\n<p>\u201cNo final de agosto, j\u00e1 estava colhida 72,8% da \u00e1rea e 27,2% encontrava-se em matura\u00e7\u00e3o\u201d, detalhou a Conab.<\/p>\n\n\n\n<h2 class=\"wp-block-heading\">Arroz e feij\u00e3o<\/h2>\n\n\n\n<p>Com a colheita j\u00e1 encerrada, o arroz totalizou 12,8 milh\u00f5es de toneladas produzidas. Resultado foi um \u201cexpressivo crescimento\u201d de 20,6% sobre 2023\/24. Trata-se, de acordo com a companhia, a 4\u00aa maior j\u00e1 registrada, atr\u00e1s dos volumes obtidos nas temporadas de 2010\/2011, de 2004\/2005 e de 2003\/2004.<\/p>\n\n\n\n<blockquote class=\"wp-block-quote is-layout-flow wp-block-quote-is-layout-flow\">\n<p>\u201cO aumento reflete a expans\u00e3o de 9,8% na \u00e1rea semeada e as condi\u00e7\u00f5es clim\u00e1ticas favor\u00e1veis, especialmente no Rio Grande do Sul, principal estado produtor\u201d, informou a companhia.<\/p>\n<\/blockquote>\n\n\n\n<p>As tr\u00eas safras de feij\u00e3o est\u00e1 estimada em cerca de 3,1 milh\u00f5es de toneladas, o que garantir\u00e1 o abastecimento interno do pa\u00eds.<\/p>\n\n\n\n<h2 class=\"wp-block-heading\">Culturas de inverno<\/h2>\n\n\n\n<p>Com a semeadura j\u00e1 conclu\u00edda, o\u00a0trigo foi o produto que, entre as culturas de inverno, mais se destacou. Em termos de \u00e1rea, apresentou redu\u00e7\u00e3o de 19,9% na compara\u00e7\u00e3o com a safra anterior, totalizando 2,4 milh\u00f5es de hectares no atual ciclo.<\/p>\n\n\n\n<p>J\u00e1 em termos de produtividade, ele tende a apresentar uma recupera\u00e7\u00e3o, saindo de 2.579 quilos por hectare em 2024 para 3.077 kg\/ha neste ano.<\/p>\n\n\n\n<blockquote class=\"wp-block-quote is-layout-flow wp-block-quote-is-layout-flow\">\n<p>\u201cAinda assim, a produ\u00e7\u00e3o est\u00e1 estimada em 7,5 milh\u00f5es de toneladas nesta safra, redu\u00e7\u00e3o de 4,5% em compara\u00e7\u00e3o com a temporada passada\u201d, destacou a Conab.<\/p>\n<\/blockquote>\n\n\n\n<p><\/p>\n","protected":false},"excerpt":{"rendered":"<p>A\u00a0produ\u00e7\u00e3o de gr\u00e3os no Brasil bateu, novamente, recorde, atingindo a marca de 350,2 milh\u00f5es de toneladas na safra 2024-25.\u00a0O resultado representa, em termos de volume, uma alta de 16,3% na compara\u00e7\u00e3o com a safra 2023\/24, quando foram colhidas 324,36 milh\u00f5es de toneladas. De acordo com o 12\u00ba Levantamento da Safra de Gr\u00e3os, divulgado nesta quinta-feira [&hellip;]<\/p>\n","protected":false},"author":13,"featured_media":86846,"comment_status":"open","ping_status":"open","sticky":false,"template":"","format":"standard","meta":{"_acf_changed":false,"footnotes":""},"categories":[19,898,21],"tags":[],"class_list":["post-86845","post","type-post","status-publish","format-standard","has-post-thumbnail","hentry","category-brasil-mundo","category-manchete-segundaria","category-todas-noticias"],"acf":[],"yoast_head":"<!-- This site is optimized with the Yoast SEO plugin v24.4 - https:\/\/yoast.com\/wordpress\/plugins\/seo\/ -->\n<title>Brasil bater\u00e1 novo recorde na safra de gr\u00e3os - PORTAL DE NOT\u00cdCIAS CLEITON PINHEIRO<\/title>\n<meta name=\"robots\" content=\"index, follow, max-snippet:-1, max-image-preview:large, max-video-preview:-1\" \/>\n<link rel=\"canonical\" href=\"https:\/\/cleitonpinheiro.com.br\/site\/brasil-batera-novo-recorde-na-safra-de-graos\/\" \/>\n<meta property=\"og:locale\" content=\"pt_BR\" \/>\n<meta property=\"og:type\" content=\"article\" \/>\n<meta property=\"og:title\" content=\"Brasil bater\u00e1 novo recorde na safra de gr\u00e3os - PORTAL DE NOT\u00cdCIAS CLEITON PINHEIRO\" \/>\n<meta property=\"og:description\" content=\"A\u00a0produ\u00e7\u00e3o de gr\u00e3os no Brasil bateu, novamente, recorde, atingindo a marca de 350,2 milh\u00f5es de toneladas na safra 2024-25.\u00a0O resultado representa, em termos de volume, uma alta de 16,3% na compara\u00e7\u00e3o com a safra 2023\/24, quando foram colhidas 324,36 milh\u00f5es de toneladas. De acordo com o 12\u00ba Levantamento da Safra de Gr\u00e3os, divulgado nesta quinta-feira [&hellip;]\" \/>\n<meta property=\"og:url\" content=\"https:\/\/cleitonpinheiro.com.br\/site\/brasil-batera-novo-recorde-na-safra-de-graos\/\" \/>\n<meta property=\"og:site_name\" content=\"PORTAL DE NOT\u00cdCIAS CLEITON PINHEIRO\" \/>\n<meta property=\"article:publisher\" content=\"https:\/\/www.facebook.com\/portalcpnoticias\/\" \/>\n<meta property=\"article:published_time\" content=\"2025-09-11T16:06:27+00:00\" \/>\n<meta property=\"article:modified_time\" content=\"2025-09-11T16:06:31+00:00\" \/>\n<meta property=\"og:image\" content=\"https:\/\/cleitonpinheiro.com.br\/site\/wp-content\/uploads\/2025\/09\/50926862498_639e8931b8_o_0.webp\" \/>\n\t<meta property=\"og:image:width\" content=\"1170\" \/>\n\t<meta property=\"og:image:height\" content=\"700\" \/>\n\t<meta property=\"og:image:type\" content=\"image\/webp\" \/>\n<meta name=\"author\" content=\"Reda\u00e7\u00e3o CP\" \/>\n<meta name=\"twitter:card\" content=\"summary_large_image\" \/>\n<meta name=\"twitter:label1\" content=\"Escrito por\" \/>\n\t<meta name=\"twitter:data1\" content=\"Reda\u00e7\u00e3o CP\" \/>\n\t<meta name=\"twitter:label2\" content=\"Est. tempo de leitura\" \/>\n\t<meta name=\"twitter:data2\" content=\"4 minutos\" \/>\n<script type=\"application\/ld+json\" class=\"yoast-schema-graph\">{\"@context\":\"https:\/\/schema.org\",\"@graph\":[{\"@type\":\"Article\",\"@id\":\"https:\/\/cleitonpinheiro.com.br\/site\/brasil-batera-novo-recorde-na-safra-de-graos\/#article\",\"isPartOf\":{\"@id\":\"https:\/\/cleitonpinheiro.com.br\/site\/brasil-batera-novo-recorde-na-safra-de-graos\/\"},\"author\":{\"name\":\"Reda\u00e7\u00e3o CP\",\"@id\":\"https:\/\/cleitonpinheiro.com.br\/site\/#\/schema\/person\/8f04544e0bc40a1b68775b08360f87db\"},\"headline\":\"Brasil bater\u00e1 novo recorde na safra de gr\u00e3os\",\"datePublished\":\"2025-09-11T16:06:27+00:00\",\"dateModified\":\"2025-09-11T16:06:31+00:00\",\"mainEntityOfPage\":{\"@id\":\"https:\/\/cleitonpinheiro.com.br\/site\/brasil-batera-novo-recorde-na-safra-de-graos\/\"},\"wordCount\":758,\"commentCount\":0,\"publisher\":{\"@id\":\"https:\/\/cleitonpinheiro.com.br\/site\/#organization\"},\"image\":{\"@id\":\"https:\/\/cleitonpinheiro.com.br\/site\/brasil-batera-novo-recorde-na-safra-de-graos\/#primaryimage\"},\"thumbnailUrl\":\"https:\/\/cleitonpinheiro.com.br\/site\/wp-content\/uploads\/2025\/09\/50926862498_639e8931b8_o_0.webp\",\"articleSection\":[\"BRASIL \/ MUNDO\",\"MANCHETE SEGUND\u00c1RIA\",\"TODAS NOTICIAS\"],\"inLanguage\":\"pt-BR\",\"potentialAction\":[{\"@type\":\"CommentAction\",\"name\":\"Comment\",\"target\":[\"https:\/\/cleitonpinheiro.com.br\/site\/brasil-batera-novo-recorde-na-safra-de-graos\/#respond\"]}]},{\"@type\":\"WebPage\",\"@id\":\"https:\/\/cleitonpinheiro.com.br\/site\/brasil-batera-novo-recorde-na-safra-de-graos\/\",\"url\":\"https:\/\/cleitonpinheiro.com.br\/site\/brasil-batera-novo-recorde-na-safra-de-graos\/\",\"name\":\"Brasil bater\u00e1 novo recorde na safra de gr\u00e3os - PORTAL DE NOT\u00cdCIAS CLEITON PINHEIRO\",\"isPartOf\":{\"@id\":\"https:\/\/cleitonpinheiro.com.br\/site\/#website\"},\"primaryImageOfPage\":{\"@id\":\"https:\/\/cleitonpinheiro.com.br\/site\/brasil-batera-novo-recorde-na-safra-de-graos\/#primaryimage\"},\"image\":{\"@id\":\"https:\/\/cleitonpinheiro.com.br\/site\/brasil-batera-novo-recorde-na-safra-de-graos\/#primaryimage\"},\"thumbnailUrl\":\"https:\/\/cleitonpinheiro.com.br\/site\/wp-content\/uploads\/2025\/09\/50926862498_639e8931b8_o_0.webp\",\"datePublished\":\"2025-09-11T16:06:27+00:00\",\"dateModified\":\"2025-09-11T16:06:31+00:00\",\"breadcrumb\":{\"@id\":\"https:\/\/cleitonpinheiro.com.br\/site\/brasil-batera-novo-recorde-na-safra-de-graos\/#breadcrumb\"},\"inLanguage\":\"pt-BR\",\"potentialAction\":[{\"@type\":\"ReadAction\",\"target\":[\"https:\/\/cleitonpinheiro.com.br\/site\/brasil-batera-novo-recorde-na-safra-de-graos\/\"]}]},{\"@type\":\"ImageObject\",\"inLanguage\":\"pt-BR\",\"@id\":\"https:\/\/cleitonpinheiro.com.br\/site\/brasil-batera-novo-recorde-na-safra-de-graos\/#primaryimage\",\"url\":\"https:\/\/cleitonpinheiro.com.br\/site\/wp-content\/uploads\/2025\/09\/50926862498_639e8931b8_o_0.webp\",\"contentUrl\":\"https:\/\/cleitonpinheiro.com.br\/site\/wp-content\/uploads\/2025\/09\/50926862498_639e8931b8_o_0.webp\",\"width\":1170,\"height\":700,\"caption\":\"\u00a9 Wenderson Araujo\/Trilux\"},{\"@type\":\"BreadcrumbList\",\"@id\":\"https:\/\/cleitonpinheiro.com.br\/site\/brasil-batera-novo-recorde-na-safra-de-graos\/#breadcrumb\",\"itemListElement\":[{\"@type\":\"ListItem\",\"position\":1,\"name\":\"In\u00edcio\",\"item\":\"https:\/\/cleitonpinheiro.com.br\/site\/\"},{\"@type\":\"ListItem\",\"position\":2,\"name\":\"Brasil bater\u00e1 novo recorde na safra de gr\u00e3os\"}]},{\"@type\":\"WebSite\",\"@id\":\"https:\/\/cleitonpinheiro.com.br\/site\/#website\",\"url\":\"https:\/\/cleitonpinheiro.com.br\/site\/\",\"name\":\"PORTAL DE NOT\u00cdCIAS CLEITON PINHEIRO\",\"description\":\"FALANDO A VERDADE\",\"publisher\":{\"@id\":\"https:\/\/cleitonpinheiro.com.br\/site\/#organization\"},\"potentialAction\":[{\"@type\":\"SearchAction\",\"target\":{\"@type\":\"EntryPoint\",\"urlTemplate\":\"https:\/\/cleitonpinheiro.com.br\/site\/?s={search_term_string}\"},\"query-input\":{\"@type\":\"PropertyValueSpecification\",\"valueRequired\":true,\"valueName\":\"search_term_string\"}}],\"inLanguage\":\"pt-BR\"},{\"@type\":\"Organization\",\"@id\":\"https:\/\/cleitonpinheiro.com.br\/site\/#organization\",\"name\":\"CPNOT\u00cdCIAS\",\"url\":\"https:\/\/cleitonpinheiro.com.br\/site\/\",\"logo\":{\"@type\":\"ImageObject\",\"inLanguage\":\"pt-BR\",\"@id\":\"https:\/\/cleitonpinheiro.com.br\/site\/#\/schema\/logo\/image\/\",\"url\":\"https:\/\/cleitonpinheiro.com.br\/site\/wp-content\/uploads\/2022\/08\/Logo-pequena-2.png\",\"contentUrl\":\"https:\/\/cleitonpinheiro.com.br\/site\/wp-content\/uploads\/2022\/08\/Logo-pequena-2.png\",\"width\":500,\"height\":500,\"caption\":\"CPNOT\u00cdCIAS\"},\"image\":{\"@id\":\"https:\/\/cleitonpinheiro.com.br\/site\/#\/schema\/logo\/image\/\"},\"sameAs\":[\"https:\/\/www.facebook.com\/portalcpnoticias\/\"]},{\"@type\":\"Person\",\"@id\":\"https:\/\/cleitonpinheiro.com.br\/site\/#\/schema\/person\/8f04544e0bc40a1b68775b08360f87db\",\"name\":\"Reda\u00e7\u00e3o CP\",\"image\":{\"@type\":\"ImageObject\",\"inLanguage\":\"pt-BR\",\"@id\":\"https:\/\/cleitonpinheiro.com.br\/site\/#\/schema\/person\/image\/\",\"url\":\"https:\/\/secure.gravatar.com\/avatar\/0bcf19cb29fdc8fc588c490c7ae1b3e174dac268586a63fbe1d1893a0f9020cd?s=96&r=g\",\"contentUrl\":\"https:\/\/secure.gravatar.com\/avatar\/0bcf19cb29fdc8fc588c490c7ae1b3e174dac268586a63fbe1d1893a0f9020cd?s=96&r=g\",\"caption\":\"Reda\u00e7\u00e3o CP\"},\"url\":\"https:\/\/cleitonpinheiro.com.br\/site\/author\/redacao\/\"}]}<\/script>\n<!-- \/ Yoast SEO plugin. -->","yoast_head_json":{"title":"Brasil bater\u00e1 novo recorde na safra de gr\u00e3os - PORTAL DE NOT\u00cdCIAS CLEITON PINHEIRO","robots":{"index":"index","follow":"follow","max-snippet":"max-snippet:-1","max-image-preview":"max-image-preview:large","max-video-preview":"max-video-preview:-1"},"canonical":"https:\/\/cleitonpinheiro.com.br\/site\/brasil-batera-novo-recorde-na-safra-de-graos\/","og_locale":"pt_BR","og_type":"article","og_title":"Brasil bater\u00e1 novo recorde na safra de gr\u00e3os - PORTAL DE NOT\u00cdCIAS CLEITON PINHEIRO","og_description":"A\u00a0produ\u00e7\u00e3o de gr\u00e3os no Brasil bateu, novamente, recorde, atingindo a marca de 350,2 milh\u00f5es de toneladas na safra 2024-25.\u00a0O resultado representa, em termos de volume, uma alta de 16,3% na compara\u00e7\u00e3o com a safra 2023\/24, quando foram colhidas 324,36 milh\u00f5es de toneladas. De acordo com o 12\u00ba Levantamento da Safra de Gr\u00e3os, divulgado nesta quinta-feira [&hellip;]","og_url":"https:\/\/cleitonpinheiro.com.br\/site\/brasil-batera-novo-recorde-na-safra-de-graos\/","og_site_name":"PORTAL DE NOT\u00cdCIAS CLEITON PINHEIRO","article_publisher":"https:\/\/www.facebook.com\/portalcpnoticias\/","article_published_time":"2025-09-11T16:06:27+00:00","article_modified_time":"2025-09-11T16:06:31+00:00","og_image":[{"width":1170,"height":700,"url":"https:\/\/cleitonpinheiro.com.br\/site\/wp-content\/uploads\/2025\/09\/50926862498_639e8931b8_o_0.webp","type":"image\/webp"}],"author":"Reda\u00e7\u00e3o CP","twitter_card":"summary_large_image","twitter_misc":{"Escrito por":"Reda\u00e7\u00e3o CP","Est. tempo de leitura":"4 minutos"},"schema":{"@context":"https:\/\/schema.org","@graph":[{"@type":"Article","@id":"https:\/\/cleitonpinheiro.com.br\/site\/brasil-batera-novo-recorde-na-safra-de-graos\/#article","isPartOf":{"@id":"https:\/\/cleitonpinheiro.com.br\/site\/brasil-batera-novo-recorde-na-safra-de-graos\/"},"author":{"name":"Reda\u00e7\u00e3o CP","@id":"https:\/\/cleitonpinheiro.com.br\/site\/#\/schema\/person\/8f04544e0bc40a1b68775b08360f87db"},"headline":"Brasil bater\u00e1 novo recorde na safra de gr\u00e3os","datePublished":"2025-09-11T16:06:27+00:00","dateModified":"2025-09-11T16:06:31+00:00","mainEntityOfPage":{"@id":"https:\/\/cleitonpinheiro.com.br\/site\/brasil-batera-novo-recorde-na-safra-de-graos\/"},"wordCount":758,"commentCount":0,"publisher":{"@id":"https:\/\/cleitonpinheiro.com.br\/site\/#organization"},"image":{"@id":"https:\/\/cleitonpinheiro.com.br\/site\/brasil-batera-novo-recorde-na-safra-de-graos\/#primaryimage"},"thumbnailUrl":"https:\/\/cleitonpinheiro.com.br\/site\/wp-content\/uploads\/2025\/09\/50926862498_639e8931b8_o_0.webp","articleSection":["BRASIL \/ MUNDO","MANCHETE SEGUND\u00c1RIA","TODAS NOTICIAS"],"inLanguage":"pt-BR","potentialAction":[{"@type":"CommentAction","name":"Comment","target":["https:\/\/cleitonpinheiro.com.br\/site\/brasil-batera-novo-recorde-na-safra-de-graos\/#respond"]}]},{"@type":"WebPage","@id":"https:\/\/cleitonpinheiro.com.br\/site\/brasil-batera-novo-recorde-na-safra-de-graos\/","url":"https:\/\/cleitonpinheiro.com.br\/site\/brasil-batera-novo-recorde-na-safra-de-graos\/","name":"Brasil bater\u00e1 novo recorde na safra de gr\u00e3os - PORTAL DE NOT\u00cdCIAS CLEITON PINHEIRO","isPartOf":{"@id":"https:\/\/cleitonpinheiro.com.br\/site\/#website"},"primaryImageOfPage":{"@id":"https:\/\/cleitonpinheiro.com.br\/site\/brasil-batera-novo-recorde-na-safra-de-graos\/#primaryimage"},"image":{"@id":"https:\/\/cleitonpinheiro.com.br\/site\/brasil-batera-novo-recorde-na-safra-de-graos\/#primaryimage"},"thumbnailUrl":"https:\/\/cleitonpinheiro.com.br\/site\/wp-content\/uploads\/2025\/09\/50926862498_639e8931b8_o_0.webp","datePublished":"2025-09-11T16:06:27+00:00","dateModified":"2025-09-11T16:06:31+00:00","breadcrumb":{"@id":"https:\/\/cleitonpinheiro.com.br\/site\/brasil-batera-novo-recorde-na-safra-de-graos\/#breadcrumb"},"inLanguage":"pt-BR","potentialAction":[{"@type":"ReadAction","target":["https:\/\/cleitonpinheiro.com.br\/site\/brasil-batera-novo-recorde-na-safra-de-graos\/"]}]},{"@type":"ImageObject","inLanguage":"pt-BR","@id":"https:\/\/cleitonpinheiro.com.br\/site\/brasil-batera-novo-recorde-na-safra-de-graos\/#primaryimage","url":"https:\/\/cleitonpinheiro.com.br\/site\/wp-content\/uploads\/2025\/09\/50926862498_639e8931b8_o_0.webp","contentUrl":"https:\/\/cleitonpinheiro.com.br\/site\/wp-content\/uploads\/2025\/09\/50926862498_639e8931b8_o_0.webp","width":1170,"height":700,"caption":"\u00a9 Wenderson Araujo\/Trilux"},{"@type":"BreadcrumbList","@id":"https:\/\/cleitonpinheiro.com.br\/site\/brasil-batera-novo-recorde-na-safra-de-graos\/#breadcrumb","itemListElement":[{"@type":"ListItem","position":1,"name":"In\u00edcio","item":"https:\/\/cleitonpinheiro.com.br\/site\/"},{"@type":"ListItem","position":2,"name":"Brasil bater\u00e1 novo recorde na safra de gr\u00e3os"}]},{"@type":"WebSite","@id":"https:\/\/cleitonpinheiro.com.br\/site\/#website","url":"https:\/\/cleitonpinheiro.com.br\/site\/","name":"PORTAL DE NOT\u00cdCIAS CLEITON PINHEIRO","description":"FALANDO A VERDADE","publisher":{"@id":"https:\/\/cleitonpinheiro.com.br\/site\/#organization"},"potentialAction":[{"@type":"SearchAction","target":{"@type":"EntryPoint","urlTemplate":"https:\/\/cleitonpinheiro.com.br\/site\/?s={search_term_string}"},"query-input":{"@type":"PropertyValueSpecification","valueRequired":true,"valueName":"search_term_string"}}],"inLanguage":"pt-BR"},{"@type":"Organization","@id":"https:\/\/cleitonpinheiro.com.br\/site\/#organization","name":"CPNOT\u00cdCIAS","url":"https:\/\/cleitonpinheiro.com.br\/site\/","logo":{"@type":"ImageObject","inLanguage":"pt-BR","@id":"https:\/\/cleitonpinheiro.com.br\/site\/#\/schema\/logo\/image\/","url":"https:\/\/cleitonpinheiro.com.br\/site\/wp-content\/uploads\/2022\/08\/Logo-pequena-2.png","contentUrl":"https:\/\/cleitonpinheiro.com.br\/site\/wp-content\/uploads\/2022\/08\/Logo-pequena-2.png","width":500,"height":500,"caption":"CPNOT\u00cdCIAS"},"image":{"@id":"https:\/\/cleitonpinheiro.com.br\/site\/#\/schema\/logo\/image\/"},"sameAs":["https:\/\/www.facebook.com\/portalcpnoticias\/"]},{"@type":"Person","@id":"https:\/\/cleitonpinheiro.com.br\/site\/#\/schema\/person\/8f04544e0bc40a1b68775b08360f87db","name":"Reda\u00e7\u00e3o CP","image":{"@type":"ImageObject","inLanguage":"pt-BR","@id":"https:\/\/cleitonpinheiro.com.br\/site\/#\/schema\/person\/image\/","url":"https:\/\/secure.gravatar.com\/avatar\/0bcf19cb29fdc8fc588c490c7ae1b3e174dac268586a63fbe1d1893a0f9020cd?s=96&r=g","contentUrl":"https:\/\/secure.gravatar.com\/avatar\/0bcf19cb29fdc8fc588c490c7ae1b3e174dac268586a63fbe1d1893a0f9020cd?s=96&r=g","caption":"Reda\u00e7\u00e3o CP"},"url":"https:\/\/cleitonpinheiro.com.br\/site\/author\/redacao\/"}]}},"views":109,"_links":{"self":[{"href":"https:\/\/cleitonpinheiro.com.br\/site\/wp-json\/wp\/v2\/posts\/86845","targetHints":{"allow":["GET"]}}],"collection":[{"href":"https:\/\/cleitonpinheiro.com.br\/site\/wp-json\/wp\/v2\/posts"}],"about":[{"href":"https:\/\/cleitonpinheiro.com.br\/site\/wp-json\/wp\/v2\/types\/post"}],"author":[{"embeddable":true,"href":"https:\/\/cleitonpinheiro.com.br\/site\/wp-json\/wp\/v2\/users\/13"}],"replies":[{"embeddable":true,"href":"https:\/\/cleitonpinheiro.com.br\/site\/wp-json\/wp\/v2\/comments?post=86845"}],"version-history":[{"count":1,"href":"https:\/\/cleitonpinheiro.com.br\/site\/wp-json\/wp\/v2\/posts\/86845\/revisions"}],"predecessor-version":[{"id":86847,"href":"https:\/\/cleitonpinheiro.com.br\/site\/wp-json\/wp\/v2\/posts\/86845\/revisions\/86847"}],"wp:featuredmedia":[{"embeddable":true,"href":"https:\/\/cleitonpinheiro.com.br\/site\/wp-json\/wp\/v2\/media\/86846"}],"wp:attachment":[{"href":"https:\/\/cleitonpinheiro.com.br\/site\/wp-json\/wp\/v2\/media?parent=86845"}],"wp:term":[{"taxonomy":"category","embeddable":true,"href":"https:\/\/cleitonpinheiro.com.br\/site\/wp-json\/wp\/v2\/categories?post=86845"},{"taxonomy":"post_tag","embeddable":true,"href":"https:\/\/cleitonpinheiro.com.br\/site\/wp-json\/wp\/v2\/tags?post=86845"}],"curies":[{"name":"wp","href":"https:\/\/api.w.org\/{rel}","templated":true}]}}