{"id":86855,"date":"2025-09-09T16:02:15","date_gmt":"2025-09-09T19:02:15","guid":{"rendered":"https:\/\/cleitonpinheiro.com.br\/site\/?p=86855"},"modified":"2025-09-11T16:05:48","modified_gmt":"2025-09-11T19:05:48","slug":"governador-em-exercicio-laurez-moreira-nomeia-novos-gestores-para-fazenda-educacao-seguranca-publica-igeprev-to-e-naturatins","status":"publish","type":"post","link":"https:\/\/cleitonpinheiro.com.br\/site\/governador-em-exercicio-laurez-moreira-nomeia-novos-gestores-para-fazenda-educacao-seguranca-publica-igeprev-to-e-naturatins\/","title":{"rendered":"Governador em exerc\u00edcio Laurez Moreira nomeia novos gestores para Fazenda, Educa\u00e7\u00e3o, Seguran\u00e7a P\u00fablica, Igeprev-TO e Naturatins"},"content":{"rendered":"\n<figure class=\"wp-block-image size-large\"><img fetchpriority=\"high\" decoding=\"async\" width=\"1024\" height=\"512\" src=\"https:\/\/cleitonpinheiro.com.br\/site\/wp-content\/uploads\/2025\/08\/laurez-moreira01-1140x570-1-1024x512.webp\" alt=\"\" class=\"wp-image-86680\" srcset=\"https:\/\/cleitonpinheiro.com.br\/site\/wp-content\/uploads\/2025\/08\/laurez-moreira01-1140x570-1-1024x512.webp 1024w, https:\/\/cleitonpinheiro.com.br\/site\/wp-content\/uploads\/2025\/08\/laurez-moreira01-1140x570-1-300x150.webp 300w, https:\/\/cleitonpinheiro.com.br\/site\/wp-content\/uploads\/2025\/08\/laurez-moreira01-1140x570-1-768x384.webp 768w, https:\/\/cleitonpinheiro.com.br\/site\/wp-content\/uploads\/2025\/08\/laurez-moreira01-1140x570-1.webp 1140w\" sizes=\"(max-width: 1024px) 100vw, 1024px\" \/><\/figure>\n\n\n\n<p>O governador em exerc\u00edcio do Tocantins, Laurez Moreira, nomeou Jairo Soares Mariano como secret\u00e1rio de Estado da Fazenda; H\u00e9rcules Jackson Moreira Santos como secret\u00e1rio de Estado da Educa\u00e7\u00e3o; e Bruno Sousa Azevedo como secret\u00e1rio de Estado da Seguran\u00e7a P\u00fablica. Tamb\u00e9m foram nomeados B\u00e1rbara Jesu\u00edna Mendes Gomes como presidente do Instituto de Gest\u00e3o Previdenci\u00e1ria do Estado do Tocantins (Igeprev-TO); e Cledson da Rocha Lima como presidente do Instituto Natureza do Tocantins (Naturatins). Al\u00e9m disso, Ludimila Rodrigues dos Santos Galv\u00e3o foi nomeada para o cargo de secret\u00e1ria-executiva da Secretaria de Estado da Comunica\u00e7\u00e3o (Secom). As nomea\u00e7\u00f5es foram publicadas no Di\u00e1rio Oficial do Estado (DOE) desta ter\u00e7a-feira, 9.<\/p>\n\n\n\n<p><strong>Jairo Soares Mariano, secret\u00e1rio de Estado da Fazenda<\/strong><\/p>\n\n\n\n<p>Jairo Soares Mariano \u00e9 natural de Pedro Afonso, graduado em Ci\u00eancias Cont\u00e1beis, com especializa\u00e7\u00e3o em Administra\u00e7\u00e3o. \u00c9 servidor de carreira da Ag\u00eancia de Defesa Agropecu\u00e1ria (Adapec). Foi prefeito de Pedro Afonso por dois mandatos consecutivos e presidiu a Associa\u00e7\u00e3o Tocantinense de Munic\u00edpios (ATM) por duas vezes. Tamb\u00e9m atuou como vice-presidente da Confedera\u00e7\u00e3o Nacional de Munic\u00edpios (CNM), sendo o primeiro gestor p\u00fablico tocantinense a ocupar esse cargo.<\/p>\n\n\n\n<p>No Governo do Tocantins, foi presidente da Ag\u00eancia de Desenvolvimento do Turismo, Cultura e Economia Criativa (Adetuc); secret\u00e1rio de Estado da Fazenda (Sefaz); secret\u00e1rio de Estado da Infraestrutura, Cidades e Habita\u00e7\u00e3o (Seinf); e titular da Secretaria da Governadoria (Segov).<\/p>\n\n\n\n<p>Al\u00e9m disso, foi presidente do Cons\u00f3rcio Delta do Tocantins e do Territ\u00f3rio Nordeste do Tocantins, ocupando a chefia de gabinete da Presid\u00eancia e a ger\u00eancia de Defesa do Setor Industrial da Federa\u00e7\u00e3o das Ind\u00fastrias do Estado do Tocantins (Fieto).<\/p>\n\n\n\n<p>Atuou como presidente do Conselho Fiscal do Sebrae Tocantins e no Conselho de Consumidores de Energia El\u00e9trica do Tocantins (Ceeto). Participou ainda de diversos conselhos estaduais e nacionais, incluindo: Conselho Estadual de Meio Ambiente, Conselho de Distribui\u00e7\u00e3o do Imposto sobre Circula\u00e7\u00e3o de Mercadorias e Servi\u00e7os (ICMS) do Tocantins, Conselho Estadual de Ci\u00eancia e Tecnologia, al\u00e9m de ter atuado como conselheiro na Superintend\u00eancia de Desenvolvimento da Amaz\u00f4nia (Sudam) e no Conselho Nacional de Pol\u00edtica Fazend\u00e1ria (Confaz).<\/p>\n\n\n\n<p><strong>H\u00e9rcules Jackson Moreira Santos, secret\u00e1rio de Estado da Educa\u00e7\u00e3o<\/strong><\/p>\n\n\n\n<p>O professor H\u00e9rcules Jackson Moreira Santos \u00e9 especialista em Direito Ambiental pela Universidade Federal do Paran\u00e1 (UFPR), em Direito Tribut\u00e1rio pela Universidade C\u00e2ndido Mendes (UCAM) e em Direito Penal e Processo Penal pela Universidade Federal do Tocantins (UFT).<\/p>\n\n\n\n<p>Como professor universit\u00e1rio, advogado e palestrante, consolidou-se nas \u00e1reas de meio ambiente e desenvolvimento sustent\u00e1vel. Sua experi\u00eancia inclui ainda fun\u00e7\u00f5es de assessoria e gest\u00e3o p\u00fablica, contribuindo para o fortalecimento institucional e o debate de pol\u00edticas voltadas ao equil\u00edbrio entre desenvolvimento e responsabilidade social.<\/p>\n\n\n\n<p><strong>Bruno Sousa Azevedo, secret\u00e1rio de Estado da Seguran\u00e7a P\u00fablica<\/strong><\/p>\n\n\n\n<p>Natural de Para\u00edso do Tocantins, Bruno Sousa Azevedo \u00e9 graduado em Direito pela Universidade Federal do Tocantins (UFT), com especializa\u00e7\u00e3o em Direito P\u00fablico, com \u00eanfase em Assessoria Governamental e Combate \u00e0 Corrup\u00e7\u00e3o.<\/p>\n\n\n\n<p>Delegado de Pol\u00edcia desde 2009, possui ampla experi\u00eancia em diversas unidades policiais do interior e da Capital. Entre os cargos de destaque que ocupou, est\u00e3o a chefia da Diretoria de Intelig\u00eancia e Estrat\u00e9gia; a cria\u00e7\u00e3o do Laborat\u00f3rio de Tecnologia contra a Lavagem de Dinheiro; e a implanta\u00e7\u00e3o da 1\u00aa Delegacia Exclusiva de Combate \u00e0 Corrup\u00e7\u00e3o (Dracma).<\/p>\n\n\n\n<p>Desde 2022, preside o Sindicato dos Delegados de Pol\u00edcia Civil do Tocantins (Sindepol), sendo reeleito em 2024. Licenciou-se da fun\u00e7\u00e3o para assumir o cargo de secret\u00e1rio de Estado da Seguran\u00e7a P\u00fablica. Al\u00e9m da carreira policial, tamb\u00e9m atua na doc\u00eancia, tendo lecionado em diversas institui\u00e7\u00f5es de ensino superior e exercendo, atualmente, o magist\u00e9rio em Palmas.<\/p>\n\n\n\n<p><strong>Cledson da Rocha Lima, presidente do Naturatins<\/strong><\/p>\n\n\n\n<p>Cledson da Rocha Lima \u00e9 graduado em Engenharia Ambiental pela Universidade do Estado do Par\u00e1 (UEPA). Possui ainda especializa\u00e7\u00e3o em Engenharia de Seguran\u00e7a do Trabalho pela FUJ (2009); p\u00f3s-gradua\u00e7\u00e3o em Economia e Gest\u00e3o pela Funda\u00e7\u00e3o Get\u00falio Vargas (FGV), em 2019; e p\u00f3s-gradua\u00e7\u00e3o em Gest\u00e3o Estrat\u00e9gica de Pessoas, tamb\u00e9m pela FGV (2020).<\/p>\n\n\n\n<p><strong>B\u00e1rbara Jesu\u00edna Mendes Gomes, presidente do Igeprev-TO<\/strong><\/p>\n\n\n\n<p>B\u00e1rbara Jesu\u00edna Mendes Gomes \u00e9 gestora p\u00fablica, bacharel em Administra\u00e7\u00e3o de Empresas, p\u00f3s-graduada em Auditoria e Gest\u00e3o P\u00fablica e, atualmente, cursa MBA Executivo em Lideran\u00e7a e Gest\u00e3o Empresarial. Concluiu o ensino m\u00e9dio na&nbsp;<em>Eisenhower High School<\/em>, na Calif\u00f3rnia, Estados Unidos.<\/p>\n\n\n\n<p>Servidora de carreira, iniciou sua trajet\u00f3ria no servi\u00e7o p\u00fablico em 2000 e, ao longo de sua experi\u00eancia, atuou na C\u00e2mara Municipal de Palmas, na Prefeitura de Palmas, na Secretaria de Estado da Administra\u00e7\u00e3o e no Naturatins. Desde 2004, integra o Instituto de Gest\u00e3o Previdenci\u00e1ria do Estado do Tocantins (Igeprev-TO), onde exerce fun\u00e7\u00f5es h\u00e1 aproximadamente 15 anos, tendo sido gerente de Arrecada\u00e7\u00e3o e Compensa\u00e7\u00e3o Previdenci\u00e1ria; gerente de Planejamento e Conv\u00eanios; gerente de An\u00e1lise de Conformidade da Gest\u00e3o; vice-presidente; e presidente interina.<\/p>\n\n\n\n<p>Possui diversos cursos na \u00e1rea de Regimes Pr\u00f3prios de Previd\u00eancia Social (RPPS) e \u00e9 certificada profissionalmente para exercer a Presid\u00eancia do Instituto, conforme exig\u00eancia legal para dirigentes de \u00f3rg\u00e3os gestores de RPPS.<\/p>\n\n\n\n<p><strong>Ludimila Rodrigues dos Santos Galv\u00e3o, secret\u00e1ria-executiva de Comunica\u00e7\u00e3o<\/strong><\/p>\n\n\n\n<p>Ludimila Rodrigues dos Santos Galv\u00e3o \u00e9 graduada em Direito pela Universidade de Gurupi (UnirG) (2010) e advogada desde 2012. \u00c9 especialista em Direito P\u00fablico com capacita\u00e7\u00e3o para o magist\u00e9rio superior pela Faculdade Dam\u00e1sio; possui MBA em Licita\u00e7\u00f5es P\u00fablicas \u00e0 luz da Lei n\u00b0 14.133\/2021, p\u00f3s-gradua\u00e7\u00e3o em Licita\u00e7\u00f5es e Contratos Administrativos pela UniCV; MBA em Pol\u00edticas P\u00fablicas em Cidades Inteligentes pela Universidade de S\u00e3o Paulo (USP); e p\u00f3s-gradua\u00e7\u00e3o em Gest\u00e3o, Estrat\u00e9gia e Inova\u00e7\u00e3o pelo Instituto Federal Farroupilha. Atualmente, cursa Administra\u00e7\u00e3o P\u00fablica pela Universidade Estadual do Tocantins (Unitins).<\/p>\n\n\n\n<p>Servidora p\u00fablica municipal concursada pela UnirG desde 2008, acumula s\u00f3lida experi\u00eancia em Direito Administrativo, com \u00eanfase em compras p\u00fablicas e controle interno. Desde 2009, atua na gest\u00e3o de processos de compras p\u00fablicas e, a partir de 2015, especializou-se em controle interno. Exerceu fun\u00e7\u00f5es de destaque como presidente e membro de Comiss\u00e3o de Licita\u00e7\u00e3o, pregoeira, diretora de Controle Interno e Controladora-Geral do munic\u00edpio de Gurupi.<\/p>\n\n\n\n<p>Na esfera estadual, foi coordenadora na Diretoria de Controle Interno do Tribunal de Contas do Tocantins; e superintendente das Cidades e Habita\u00e7\u00e3o, al\u00e9m de superintendente de Planejamento, Administra\u00e7\u00e3o e Finan\u00e7as da Secretaria de Estado das Cidades, Habita\u00e7\u00e3o e Desenvolvimento Regional (Secihd). Tamb\u00e9m integrou a Ger\u00eancia de Orienta\u00e7\u00f5es e Normas da Controladoria-Geral do Estado do Tocantins (CGE), contribuindo para o fortalecimento das pr\u00e1ticas de governan\u00e7a, gest\u00e3o de riscos e conformidade na Administra\u00e7\u00e3o P\u00fablica.<\/p>\n\n\n\n<p><strong>Nomea\u00e7\u00f5es j\u00e1 publicadas<\/strong><\/p>\n\n\n\n<p>O governador em exerc\u00edcio do Tocantins, Laurez Moreira, j\u00e1 nomeou Luiza Rocha Pinheiro para exercer o cargo de secret\u00e1ria de Estado da Comunica\u00e7\u00e3o (Secom); Ailton Parente Ara\u00fajo como chefe de Gabinete do Governador; coronel Vitor Teles para exercer o cargo de secret\u00e1rio-chefe da Casa Militar; C\u00e9sar Hanna Halum como secret\u00e1rio de Estado da Agricultura e Pecu\u00e1ria (Seagro); Josu\u00e9 Pereira de Amorim como procurador-geral do Estado; V\u00e2nio Rodrigues de Souza como secret\u00e1rio de Estado da Sa\u00fade (SES\/TO); Ant\u00f4nio Trabulsi Sobrinho como presidente da Ag\u00eancia de Transportes, Obras e Infraestrutura (Ageto); Herbert Brito Barros como presidente do Instituto de Terras do Tocantins (Itertins); e Romildo Santos Barbosa como presidente do Departamento Estadual de Tr\u00e2nsito (Detran\/TO).<\/p>\n","protected":false},"excerpt":{"rendered":"<p>O governador em exerc\u00edcio do Tocantins, Laurez Moreira, nomeou Jairo Soares Mariano como secret\u00e1rio de Estado da Fazenda; H\u00e9rcules Jackson Moreira Santos como secret\u00e1rio de Estado da Educa\u00e7\u00e3o; e Bruno Sousa Azevedo como secret\u00e1rio de Estado da Seguran\u00e7a P\u00fablica. Tamb\u00e9m foram nomeados B\u00e1rbara Jesu\u00edna Mendes Gomes como presidente do Instituto de Gest\u00e3o Previdenci\u00e1ria do Estado [&hellip;]<\/p>\n","protected":false},"author":13,"featured_media":86680,"comment_status":"open","ping_status":"open","sticky":false,"template":"","format":"standard","meta":{"_acf_changed":false,"footnotes":""},"categories":[20,23,21],"tags":[],"class_list":["post-86855","post","type-post","status-publish","format-standard","has-post-thumbnail","hentry","category-noticias-em-destaque","category-politica","category-todas-noticias"],"acf":[],"yoast_head":"<!-- This site is optimized with the Yoast SEO plugin v24.4 - https:\/\/yoast.com\/wordpress\/plugins\/seo\/ -->\n<title>Governador em exerc\u00edcio Laurez Moreira nomeia novos gestores para Fazenda, Educa\u00e7\u00e3o, Seguran\u00e7a P\u00fablica, Igeprev-TO e Naturatins - PORTAL DE NOT\u00cdCIAS CLEITON PINHEIRO<\/title>\n<meta name=\"robots\" content=\"index, follow, max-snippet:-1, max-image-preview:large, max-video-preview:-1\" \/>\n<link rel=\"canonical\" href=\"https:\/\/cleitonpinheiro.com.br\/site\/governador-em-exercicio-laurez-moreira-nomeia-novos-gestores-para-fazenda-educacao-seguranca-publica-igeprev-to-e-naturatins\/\" \/>\n<meta property=\"og:locale\" content=\"pt_BR\" \/>\n<meta property=\"og:type\" content=\"article\" \/>\n<meta property=\"og:title\" content=\"Governador em exerc\u00edcio Laurez Moreira nomeia novos gestores para Fazenda, Educa\u00e7\u00e3o, Seguran\u00e7a P\u00fablica, Igeprev-TO e Naturatins - PORTAL DE NOT\u00cdCIAS CLEITON PINHEIRO\" \/>\n<meta property=\"og:description\" content=\"O governador em exerc\u00edcio do Tocantins, Laurez Moreira, nomeou Jairo Soares Mariano como secret\u00e1rio de Estado da Fazenda; H\u00e9rcules Jackson Moreira Santos como secret\u00e1rio de Estado da Educa\u00e7\u00e3o; e Bruno Sousa Azevedo como secret\u00e1rio de Estado da Seguran\u00e7a P\u00fablica. Tamb\u00e9m foram nomeados B\u00e1rbara Jesu\u00edna Mendes Gomes como presidente do Instituto de Gest\u00e3o Previdenci\u00e1ria do Estado [&hellip;]\" \/>\n<meta property=\"og:url\" content=\"https:\/\/cleitonpinheiro.com.br\/site\/governador-em-exercicio-laurez-moreira-nomeia-novos-gestores-para-fazenda-educacao-seguranca-publica-igeprev-to-e-naturatins\/\" \/>\n<meta property=\"og:site_name\" content=\"PORTAL DE NOT\u00cdCIAS CLEITON PINHEIRO\" \/>\n<meta property=\"article:publisher\" content=\"https:\/\/www.facebook.com\/portalcpnoticias\/\" \/>\n<meta property=\"article:published_time\" content=\"2025-09-09T19:02:15+00:00\" \/>\n<meta property=\"article:modified_time\" content=\"2025-09-11T19:05:48+00:00\" \/>\n<meta property=\"og:image\" content=\"https:\/\/cleitonpinheiro.com.br\/site\/wp-content\/uploads\/2025\/08\/laurez-moreira01-1140x570-1.webp\" \/>\n\t<meta property=\"og:image:width\" content=\"1140\" \/>\n\t<meta property=\"og:image:height\" content=\"570\" \/>\n\t<meta property=\"og:image:type\" content=\"image\/webp\" \/>\n<meta name=\"author\" content=\"Reda\u00e7\u00e3o CP\" \/>\n<meta name=\"twitter:card\" content=\"summary_large_image\" \/>\n<meta name=\"twitter:label1\" content=\"Escrito por\" \/>\n\t<meta name=\"twitter:data1\" content=\"Reda\u00e7\u00e3o CP\" \/>\n\t<meta name=\"twitter:label2\" content=\"Est. tempo de leitura\" \/>\n\t<meta name=\"twitter:data2\" content=\"7 minutos\" \/>\n<script type=\"application\/ld+json\" class=\"yoast-schema-graph\">{\"@context\":\"https:\/\/schema.org\",\"@graph\":[{\"@type\":\"Article\",\"@id\":\"https:\/\/cleitonpinheiro.com.br\/site\/governador-em-exercicio-laurez-moreira-nomeia-novos-gestores-para-fazenda-educacao-seguranca-publica-igeprev-to-e-naturatins\/#article\",\"isPartOf\":{\"@id\":\"https:\/\/cleitonpinheiro.com.br\/site\/governador-em-exercicio-laurez-moreira-nomeia-novos-gestores-para-fazenda-educacao-seguranca-publica-igeprev-to-e-naturatins\/\"},\"author\":{\"name\":\"Reda\u00e7\u00e3o CP\",\"@id\":\"https:\/\/cleitonpinheiro.com.br\/site\/#\/schema\/person\/8f04544e0bc40a1b68775b08360f87db\"},\"headline\":\"Governador em exerc\u00edcio Laurez Moreira nomeia novos gestores para Fazenda, Educa\u00e7\u00e3o, Seguran\u00e7a P\u00fablica, Igeprev-TO e Naturatins\",\"datePublished\":\"2025-09-09T19:02:15+00:00\",\"dateModified\":\"2025-09-11T19:05:48+00:00\",\"mainEntityOfPage\":{\"@id\":\"https:\/\/cleitonpinheiro.com.br\/site\/governador-em-exercicio-laurez-moreira-nomeia-novos-gestores-para-fazenda-educacao-seguranca-publica-igeprev-to-e-naturatins\/\"},\"wordCount\":1330,\"commentCount\":0,\"publisher\":{\"@id\":\"https:\/\/cleitonpinheiro.com.br\/site\/#organization\"},\"image\":{\"@id\":\"https:\/\/cleitonpinheiro.com.br\/site\/governador-em-exercicio-laurez-moreira-nomeia-novos-gestores-para-fazenda-educacao-seguranca-publica-igeprev-to-e-naturatins\/#primaryimage\"},\"thumbnailUrl\":\"https:\/\/cleitonpinheiro.com.br\/site\/wp-content\/uploads\/2025\/08\/laurez-moreira01-1140x570-1.webp\",\"articleSection\":[\"NOT\u00cdCIAS EM DESTAQUE\",\"POL\u00cdTICA\",\"TODAS NOTICIAS\"],\"inLanguage\":\"pt-BR\",\"potentialAction\":[{\"@type\":\"CommentAction\",\"name\":\"Comment\",\"target\":[\"https:\/\/cleitonpinheiro.com.br\/site\/governador-em-exercicio-laurez-moreira-nomeia-novos-gestores-para-fazenda-educacao-seguranca-publica-igeprev-to-e-naturatins\/#respond\"]}]},{\"@type\":\"WebPage\",\"@id\":\"https:\/\/cleitonpinheiro.com.br\/site\/governador-em-exercicio-laurez-moreira-nomeia-novos-gestores-para-fazenda-educacao-seguranca-publica-igeprev-to-e-naturatins\/\",\"url\":\"https:\/\/cleitonpinheiro.com.br\/site\/governador-em-exercicio-laurez-moreira-nomeia-novos-gestores-para-fazenda-educacao-seguranca-publica-igeprev-to-e-naturatins\/\",\"name\":\"Governador em exerc\u00edcio Laurez Moreira nomeia novos gestores para Fazenda, Educa\u00e7\u00e3o, Seguran\u00e7a P\u00fablica, Igeprev-TO e Naturatins - PORTAL DE NOT\u00cdCIAS CLEITON PINHEIRO\",\"isPartOf\":{\"@id\":\"https:\/\/cleitonpinheiro.com.br\/site\/#website\"},\"primaryImageOfPage\":{\"@id\":\"https:\/\/cleitonpinheiro.com.br\/site\/governador-em-exercicio-laurez-moreira-nomeia-novos-gestores-para-fazenda-educacao-seguranca-publica-igeprev-to-e-naturatins\/#primaryimage\"},\"image\":{\"@id\":\"https:\/\/cleitonpinheiro.com.br\/site\/governador-em-exercicio-laurez-moreira-nomeia-novos-gestores-para-fazenda-educacao-seguranca-publica-igeprev-to-e-naturatins\/#primaryimage\"},\"thumbnailUrl\":\"https:\/\/cleitonpinheiro.com.br\/site\/wp-content\/uploads\/2025\/08\/laurez-moreira01-1140x570-1.webp\",\"datePublished\":\"2025-09-09T19:02:15+00:00\",\"dateModified\":\"2025-09-11T19:05:48+00:00\",\"breadcrumb\":{\"@id\":\"https:\/\/cleitonpinheiro.com.br\/site\/governador-em-exercicio-laurez-moreira-nomeia-novos-gestores-para-fazenda-educacao-seguranca-publica-igeprev-to-e-naturatins\/#breadcrumb\"},\"inLanguage\":\"pt-BR\",\"potentialAction\":[{\"@type\":\"ReadAction\",\"target\":[\"https:\/\/cleitonpinheiro.com.br\/site\/governador-em-exercicio-laurez-moreira-nomeia-novos-gestores-para-fazenda-educacao-seguranca-publica-igeprev-to-e-naturatins\/\"]}]},{\"@type\":\"ImageObject\",\"inLanguage\":\"pt-BR\",\"@id\":\"https:\/\/cleitonpinheiro.com.br\/site\/governador-em-exercicio-laurez-moreira-nomeia-novos-gestores-para-fazenda-educacao-seguranca-publica-igeprev-to-e-naturatins\/#primaryimage\",\"url\":\"https:\/\/cleitonpinheiro.com.br\/site\/wp-content\/uploads\/2025\/08\/laurez-moreira01-1140x570-1.webp\",\"contentUrl\":\"https:\/\/cleitonpinheiro.com.br\/site\/wp-content\/uploads\/2025\/08\/laurez-moreira01-1140x570-1.webp\",\"width\":1140,\"height\":570},{\"@type\":\"BreadcrumbList\",\"@id\":\"https:\/\/cleitonpinheiro.com.br\/site\/governador-em-exercicio-laurez-moreira-nomeia-novos-gestores-para-fazenda-educacao-seguranca-publica-igeprev-to-e-naturatins\/#breadcrumb\",\"itemListElement\":[{\"@type\":\"ListItem\",\"position\":1,\"name\":\"In\u00edcio\",\"item\":\"https:\/\/cleitonpinheiro.com.br\/site\/\"},{\"@type\":\"ListItem\",\"position\":2,\"name\":\"Governador em exerc\u00edcio Laurez Moreira nomeia novos gestores para Fazenda, Educa\u00e7\u00e3o, Seguran\u00e7a P\u00fablica, Igeprev-TO e Naturatins\"}]},{\"@type\":\"WebSite\",\"@id\":\"https:\/\/cleitonpinheiro.com.br\/site\/#website\",\"url\":\"https:\/\/cleitonpinheiro.com.br\/site\/\",\"name\":\"PORTAL DE NOT\u00cdCIAS CLEITON PINHEIRO\",\"description\":\"FALANDO A VERDADE\",\"publisher\":{\"@id\":\"https:\/\/cleitonpinheiro.com.br\/site\/#organization\"},\"potentialAction\":[{\"@type\":\"SearchAction\",\"target\":{\"@type\":\"EntryPoint\",\"urlTemplate\":\"https:\/\/cleitonpinheiro.com.br\/site\/?s={search_term_string}\"},\"query-input\":{\"@type\":\"PropertyValueSpecification\",\"valueRequired\":true,\"valueName\":\"search_term_string\"}}],\"inLanguage\":\"pt-BR\"},{\"@type\":\"Organization\",\"@id\":\"https:\/\/cleitonpinheiro.com.br\/site\/#organization\",\"name\":\"CPNOT\u00cdCIAS\",\"url\":\"https:\/\/cleitonpinheiro.com.br\/site\/\",\"logo\":{\"@type\":\"ImageObject\",\"inLanguage\":\"pt-BR\",\"@id\":\"https:\/\/cleitonpinheiro.com.br\/site\/#\/schema\/logo\/image\/\",\"url\":\"https:\/\/cleitonpinheiro.com.br\/site\/wp-content\/uploads\/2022\/08\/Logo-pequena-2.png\",\"contentUrl\":\"https:\/\/cleitonpinheiro.com.br\/site\/wp-content\/uploads\/2022\/08\/Logo-pequena-2.png\",\"width\":500,\"height\":500,\"caption\":\"CPNOT\u00cdCIAS\"},\"image\":{\"@id\":\"https:\/\/cleitonpinheiro.com.br\/site\/#\/schema\/logo\/image\/\"},\"sameAs\":[\"https:\/\/www.facebook.com\/portalcpnoticias\/\"]},{\"@type\":\"Person\",\"@id\":\"https:\/\/cleitonpinheiro.com.br\/site\/#\/schema\/person\/8f04544e0bc40a1b68775b08360f87db\",\"name\":\"Reda\u00e7\u00e3o CP\",\"image\":{\"@type\":\"ImageObject\",\"inLanguage\":\"pt-BR\",\"@id\":\"https:\/\/cleitonpinheiro.com.br\/site\/#\/schema\/person\/image\/\",\"url\":\"https:\/\/secure.gravatar.com\/avatar\/0bcf19cb29fdc8fc588c490c7ae1b3e174dac268586a63fbe1d1893a0f9020cd?s=96&r=g\",\"contentUrl\":\"https:\/\/secure.gravatar.com\/avatar\/0bcf19cb29fdc8fc588c490c7ae1b3e174dac268586a63fbe1d1893a0f9020cd?s=96&r=g\",\"caption\":\"Reda\u00e7\u00e3o CP\"},\"url\":\"https:\/\/cleitonpinheiro.com.br\/site\/author\/redacao\/\"}]}<\/script>\n<!-- \/ Yoast SEO plugin. -->","yoast_head_json":{"title":"Governador em exerc\u00edcio Laurez Moreira nomeia novos gestores para Fazenda, Educa\u00e7\u00e3o, Seguran\u00e7a P\u00fablica, Igeprev-TO e Naturatins - PORTAL DE NOT\u00cdCIAS CLEITON PINHEIRO","robots":{"index":"index","follow":"follow","max-snippet":"max-snippet:-1","max-image-preview":"max-image-preview:large","max-video-preview":"max-video-preview:-1"},"canonical":"https:\/\/cleitonpinheiro.com.br\/site\/governador-em-exercicio-laurez-moreira-nomeia-novos-gestores-para-fazenda-educacao-seguranca-publica-igeprev-to-e-naturatins\/","og_locale":"pt_BR","og_type":"article","og_title":"Governador em exerc\u00edcio Laurez Moreira nomeia novos gestores para Fazenda, Educa\u00e7\u00e3o, Seguran\u00e7a P\u00fablica, Igeprev-TO e Naturatins - PORTAL DE NOT\u00cdCIAS CLEITON PINHEIRO","og_description":"O governador em exerc\u00edcio do Tocantins, Laurez Moreira, nomeou Jairo Soares Mariano como secret\u00e1rio de Estado da Fazenda; H\u00e9rcules Jackson Moreira Santos como secret\u00e1rio de Estado da Educa\u00e7\u00e3o; e Bruno Sousa Azevedo como secret\u00e1rio de Estado da Seguran\u00e7a P\u00fablica. Tamb\u00e9m foram nomeados B\u00e1rbara Jesu\u00edna Mendes Gomes como presidente do Instituto de Gest\u00e3o Previdenci\u00e1ria do Estado [&hellip;]","og_url":"https:\/\/cleitonpinheiro.com.br\/site\/governador-em-exercicio-laurez-moreira-nomeia-novos-gestores-para-fazenda-educacao-seguranca-publica-igeprev-to-e-naturatins\/","og_site_name":"PORTAL DE NOT\u00cdCIAS CLEITON PINHEIRO","article_publisher":"https:\/\/www.facebook.com\/portalcpnoticias\/","article_published_time":"2025-09-09T19:02:15+00:00","article_modified_time":"2025-09-11T19:05:48+00:00","og_image":[{"width":1140,"height":570,"url":"https:\/\/cleitonpinheiro.com.br\/site\/wp-content\/uploads\/2025\/08\/laurez-moreira01-1140x570-1.webp","type":"image\/webp"}],"author":"Reda\u00e7\u00e3o CP","twitter_card":"summary_large_image","twitter_misc":{"Escrito por":"Reda\u00e7\u00e3o CP","Est. tempo de leitura":"7 minutos"},"schema":{"@context":"https:\/\/schema.org","@graph":[{"@type":"Article","@id":"https:\/\/cleitonpinheiro.com.br\/site\/governador-em-exercicio-laurez-moreira-nomeia-novos-gestores-para-fazenda-educacao-seguranca-publica-igeprev-to-e-naturatins\/#article","isPartOf":{"@id":"https:\/\/cleitonpinheiro.com.br\/site\/governador-em-exercicio-laurez-moreira-nomeia-novos-gestores-para-fazenda-educacao-seguranca-publica-igeprev-to-e-naturatins\/"},"author":{"name":"Reda\u00e7\u00e3o CP","@id":"https:\/\/cleitonpinheiro.com.br\/site\/#\/schema\/person\/8f04544e0bc40a1b68775b08360f87db"},"headline":"Governador em exerc\u00edcio Laurez Moreira nomeia novos gestores para Fazenda, Educa\u00e7\u00e3o, Seguran\u00e7a P\u00fablica, Igeprev-TO e Naturatins","datePublished":"2025-09-09T19:02:15+00:00","dateModified":"2025-09-11T19:05:48+00:00","mainEntityOfPage":{"@id":"https:\/\/cleitonpinheiro.com.br\/site\/governador-em-exercicio-laurez-moreira-nomeia-novos-gestores-para-fazenda-educacao-seguranca-publica-igeprev-to-e-naturatins\/"},"wordCount":1330,"commentCount":0,"publisher":{"@id":"https:\/\/cleitonpinheiro.com.br\/site\/#organization"},"image":{"@id":"https:\/\/cleitonpinheiro.com.br\/site\/governador-em-exercicio-laurez-moreira-nomeia-novos-gestores-para-fazenda-educacao-seguranca-publica-igeprev-to-e-naturatins\/#primaryimage"},"thumbnailUrl":"https:\/\/cleitonpinheiro.com.br\/site\/wp-content\/uploads\/2025\/08\/laurez-moreira01-1140x570-1.webp","articleSection":["NOT\u00cdCIAS EM DESTAQUE","POL\u00cdTICA","TODAS NOTICIAS"],"inLanguage":"pt-BR","potentialAction":[{"@type":"CommentAction","name":"Comment","target":["https:\/\/cleitonpinheiro.com.br\/site\/governador-em-exercicio-laurez-moreira-nomeia-novos-gestores-para-fazenda-educacao-seguranca-publica-igeprev-to-e-naturatins\/#respond"]}]},{"@type":"WebPage","@id":"https:\/\/cleitonpinheiro.com.br\/site\/governador-em-exercicio-laurez-moreira-nomeia-novos-gestores-para-fazenda-educacao-seguranca-publica-igeprev-to-e-naturatins\/","url":"https:\/\/cleitonpinheiro.com.br\/site\/governador-em-exercicio-laurez-moreira-nomeia-novos-gestores-para-fazenda-educacao-seguranca-publica-igeprev-to-e-naturatins\/","name":"Governador em exerc\u00edcio Laurez Moreira nomeia novos gestores para Fazenda, Educa\u00e7\u00e3o, Seguran\u00e7a P\u00fablica, Igeprev-TO e Naturatins - PORTAL DE NOT\u00cdCIAS CLEITON PINHEIRO","isPartOf":{"@id":"https:\/\/cleitonpinheiro.com.br\/site\/#website"},"primaryImageOfPage":{"@id":"https:\/\/cleitonpinheiro.com.br\/site\/governador-em-exercicio-laurez-moreira-nomeia-novos-gestores-para-fazenda-educacao-seguranca-publica-igeprev-to-e-naturatins\/#primaryimage"},"image":{"@id":"https:\/\/cleitonpinheiro.com.br\/site\/governador-em-exercicio-laurez-moreira-nomeia-novos-gestores-para-fazenda-educacao-seguranca-publica-igeprev-to-e-naturatins\/#primaryimage"},"thumbnailUrl":"https:\/\/cleitonpinheiro.com.br\/site\/wp-content\/uploads\/2025\/08\/laurez-moreira01-1140x570-1.webp","datePublished":"2025-09-09T19:02:15+00:00","dateModified":"2025-09-11T19:05:48+00:00","breadcrumb":{"@id":"https:\/\/cleitonpinheiro.com.br\/site\/governador-em-exercicio-laurez-moreira-nomeia-novos-gestores-para-fazenda-educacao-seguranca-publica-igeprev-to-e-naturatins\/#breadcrumb"},"inLanguage":"pt-BR","potentialAction":[{"@type":"ReadAction","target":["https:\/\/cleitonpinheiro.com.br\/site\/governador-em-exercicio-laurez-moreira-nomeia-novos-gestores-para-fazenda-educacao-seguranca-publica-igeprev-to-e-naturatins\/"]}]},{"@type":"ImageObject","inLanguage":"pt-BR","@id":"https:\/\/cleitonpinheiro.com.br\/site\/governador-em-exercicio-laurez-moreira-nomeia-novos-gestores-para-fazenda-educacao-seguranca-publica-igeprev-to-e-naturatins\/#primaryimage","url":"https:\/\/cleitonpinheiro.com.br\/site\/wp-content\/uploads\/2025\/08\/laurez-moreira01-1140x570-1.webp","contentUrl":"https:\/\/cleitonpinheiro.com.br\/site\/wp-content\/uploads\/2025\/08\/laurez-moreira01-1140x570-1.webp","width":1140,"height":570},{"@type":"BreadcrumbList","@id":"https:\/\/cleitonpinheiro.com.br\/site\/governador-em-exercicio-laurez-moreira-nomeia-novos-gestores-para-fazenda-educacao-seguranca-publica-igeprev-to-e-naturatins\/#breadcrumb","itemListElement":[{"@type":"ListItem","position":1,"name":"In\u00edcio","item":"https:\/\/cleitonpinheiro.com.br\/site\/"},{"@type":"ListItem","position":2,"name":"Governador em exerc\u00edcio Laurez Moreira nomeia novos gestores para Fazenda, Educa\u00e7\u00e3o, Seguran\u00e7a P\u00fablica, Igeprev-TO e Naturatins"}]},{"@type":"WebSite","@id":"https:\/\/cleitonpinheiro.com.br\/site\/#website","url":"https:\/\/cleitonpinheiro.com.br\/site\/","name":"PORTAL DE NOT\u00cdCIAS CLEITON PINHEIRO","description":"FALANDO A VERDADE","publisher":{"@id":"https:\/\/cleitonpinheiro.com.br\/site\/#organization"},"potentialAction":[{"@type":"SearchAction","target":{"@type":"EntryPoint","urlTemplate":"https:\/\/cleitonpinheiro.com.br\/site\/?s={search_term_string}"},"query-input":{"@type":"PropertyValueSpecification","valueRequired":true,"valueName":"search_term_string"}}],"inLanguage":"pt-BR"},{"@type":"Organization","@id":"https:\/\/cleitonpinheiro.com.br\/site\/#organization","name":"CPNOT\u00cdCIAS","url":"https:\/\/cleitonpinheiro.com.br\/site\/","logo":{"@type":"ImageObject","inLanguage":"pt-BR","@id":"https:\/\/cleitonpinheiro.com.br\/site\/#\/schema\/logo\/image\/","url":"https:\/\/cleitonpinheiro.com.br\/site\/wp-content\/uploads\/2022\/08\/Logo-pequena-2.png","contentUrl":"https:\/\/cleitonpinheiro.com.br\/site\/wp-content\/uploads\/2022\/08\/Logo-pequena-2.png","width":500,"height":500,"caption":"CPNOT\u00cdCIAS"},"image":{"@id":"https:\/\/cleitonpinheiro.com.br\/site\/#\/schema\/logo\/image\/"},"sameAs":["https:\/\/www.facebook.com\/portalcpnoticias\/"]},{"@type":"Person","@id":"https:\/\/cleitonpinheiro.com.br\/site\/#\/schema\/person\/8f04544e0bc40a1b68775b08360f87db","name":"Reda\u00e7\u00e3o CP","image":{"@type":"ImageObject","inLanguage":"pt-BR","@id":"https:\/\/cleitonpinheiro.com.br\/site\/#\/schema\/person\/image\/","url":"https:\/\/secure.gravatar.com\/avatar\/0bcf19cb29fdc8fc588c490c7ae1b3e174dac268586a63fbe1d1893a0f9020cd?s=96&r=g","contentUrl":"https:\/\/secure.gravatar.com\/avatar\/0bcf19cb29fdc8fc588c490c7ae1b3e174dac268586a63fbe1d1893a0f9020cd?s=96&r=g","caption":"Reda\u00e7\u00e3o CP"},"url":"https:\/\/cleitonpinheiro.com.br\/site\/author\/redacao\/"}]}},"views":144,"_links":{"self":[{"href":"https:\/\/cleitonpinheiro.com.br\/site\/wp-json\/wp\/v2\/posts\/86855","targetHints":{"allow":["GET"]}}],"collection":[{"href":"https:\/\/cleitonpinheiro.com.br\/site\/wp-json\/wp\/v2\/posts"}],"about":[{"href":"https:\/\/cleitonpinheiro.com.br\/site\/wp-json\/wp\/v2\/types\/post"}],"author":[{"embeddable":true,"href":"https:\/\/cleitonpinheiro.com.br\/site\/wp-json\/wp\/v2\/users\/13"}],"replies":[{"embeddable":true,"href":"https:\/\/cleitonpinheiro.com.br\/site\/wp-json\/wp\/v2\/comments?post=86855"}],"version-history":[{"count":1,"href":"https:\/\/cleitonpinheiro.com.br\/site\/wp-json\/wp\/v2\/posts\/86855\/revisions"}],"predecessor-version":[{"id":86856,"href":"https:\/\/cleitonpinheiro.com.br\/site\/wp-json\/wp\/v2\/posts\/86855\/revisions\/86856"}],"wp:featuredmedia":[{"embeddable":true,"href":"https:\/\/cleitonpinheiro.com.br\/site\/wp-json\/wp\/v2\/media\/86680"}],"wp:attachment":[{"href":"https:\/\/cleitonpinheiro.com.br\/site\/wp-json\/wp\/v2\/media?parent=86855"}],"wp:term":[{"taxonomy":"category","embeddable":true,"href":"https:\/\/cleitonpinheiro.com.br\/site\/wp-json\/wp\/v2\/categories?post=86855"},{"taxonomy":"post_tag","embeddable":true,"href":"https:\/\/cleitonpinheiro.com.br\/site\/wp-json\/wp\/v2\/tags?post=86855"}],"curies":[{"name":"wp","href":"https:\/\/api.w.org\/{rel}","templated":true}]}}