{"id":86857,"date":"2025-09-12T07:54:00","date_gmt":"2025-09-12T10:54:00","guid":{"rendered":"https:\/\/cleitonpinheiro.com.br\/site\/?p=86857"},"modified":"2025-09-15T10:23:31","modified_gmt":"2025-09-15T13:23:31","slug":"stf-condena-bolsonaro-a-27-anos-e-tres-meses-de-prisao","status":"publish","type":"post","link":"https:\/\/cleitonpinheiro.com.br\/site\/stf-condena-bolsonaro-a-27-anos-e-tres-meses-de-prisao\/","title":{"rendered":"STF condena Bolsonaro a 27 anos e tr\u00eas meses de pris\u00e3o"},"content":{"rendered":"\n<p>A Primeira Turma do Supremo Tribunal Federal (STF) condenou nesta quinta-feira (11) o ex-presidente Jair Bolsonaro a 27 anos e tr\u00eas meses de pris\u00e3o em regime fechado.<img decoding=\"async\" src=\"https:\/\/agenciabrasil.ebc.com.br\/ebc.png?id=1658356&amp;o=node\"><img decoding=\"async\" src=\"https:\/\/agenciabrasil.ebc.com.br\/ebc.gif?id=1658356&amp;o=node\"><\/p>\n\n\n\n<p>A pena foi definida ap\u00f3s o colegiado entrar na fase de fase da dosimetria das penas depois da&nbsp;condena\u00e7\u00e3o dos oito r\u00e9us da trama golpista.<\/p>\n\n\n\n<p>Mais cedo,&nbsp;<a href=\"https:\/\/agenciabrasil.ebc.com.br\/justica\/noticia\/2025-09\/por-4-1-stf-condena-bolsonaro-e-mais-sete-pela-trama-golpista\" target=\"_blank\" rel=\"noreferrer noopener\">por 4 votos a 1<\/a>, o colegiado condenou os acusados pelos crimes de crimes de organiza\u00e7\u00e3o criminosa armada, tentativa de aboli\u00e7\u00e3o violenta do Estado Democr\u00e1tico de Direito, golpe de Estado, dano qualificado pela viol\u00eancia e grave amea\u00e7a e deteriora\u00e7\u00e3o de patrim\u00f4nio tombado.<\/p>\n\n\n\n<p>Apesar da defini\u00e7\u00e3o do tempo da condena\u00e7\u00e3o, Bolsonaro e os demais r\u00e9us n\u00e3o v\u00e3o ser presos imediatamente.\u00a0Eles ainda\u00a0<a href=\"https:\/\/agenciabrasil.ebc.com.br\/justica\/noticia\/2025-09\/bolsonaro-e-aliados-podem-recorrer-e-ainda-nao-serao-presos-entenda\" target=\"_blank\" rel=\"noreferrer noopener\">podem recorrer da decis\u00e3o<\/a>\u00a0e tentar reverter as condena\u00e7\u00f5es.<\/p>\n\n\n\n<p>Somente se os eventuais recursos forem rejeitados, a pris\u00e3o poder\u00e1 ser efetivada.<\/p>\n\n\n\n<p>Bolsonaro&nbsp;<a href=\"http:\/\/agenciabrasil.ebc.com.br\/justica\/noticia\/2023-06\/por-5-votos-2-tse-torna-bolsonaro-inelegivel-por-oito-anos\" target=\"_blank\" rel=\"noreferrer noopener\">est\u00e1 ineleg\u00edvel<\/a>&nbsp;desde junho de 2023.&nbsp;Atualmente, ele cumpre&nbsp;<a href=\"http:\/\/agenciabrasil.ebc.com.br\/justica\/noticia\/2025-08\/moraes-decreta-prisao-domiciliar-de-bolsonaro\" target=\"_blank\" rel=\"noreferrer noopener\">pris\u00e3o domiciliar<\/a>, com uso de tornozeleira eletr\u00f4nica,&nbsp;por ordem de Moraes.&nbsp;<\/p>\n\n\n\n<p>Os condenados n\u00e3o devem ficar em pres\u00eddios comuns.\u00a0Oficiais do Ex\u00e9rcito t\u00eam direito \u00e0 pris\u00e3o especial, de acordo com o C\u00f3digo de Processo Penal (CPP). O n\u00facleo crucial da den\u00fancia tem quatro militares do Ex\u00e9rcito, um da Marinha e dois delegados da Pol\u00edcia Federal, que tamb\u00e9m podem ser beneficiados pela restri\u00e7\u00e3o.<\/p>\n\n\n\n<h2 class=\"wp-block-heading\">Saiba quem s\u00e3o os condenados<\/h2>\n\n\n\n<figure class=\"wp-block-image\"><img decoding=\"async\" src=\"https:\/\/imagens.ebc.com.br\/6zohOup_Z-WEkzLpdK-zzcWIINs=\/754x0\/smart\/https:\/\/agenciabrasil.ebc.com.br\/sites\/default\/files\/thumbnails\/image\/2025\/09\/11\/condenacao_de_bolsonaro_e_aliados.jpg?itok=QlbqwdR1\" alt=\"Bras\u00edlia (DF), 11\/09\/2025 - A Primeira Turma do Supremo Tribunal Federal (STF) formou nesta quinta-feira (11) maioria de votos para condenar o ex-presidente Jair Bolsonaro e mais sete aliados na a\u00e7\u00e3o penal da trama golpista.\nDa esquerda para direita: Ex.presidente, Jair Bolsonaro, General, Braga Neto, General, Augusto Heleno, Almirante, Almir Garnier, Tenete-Coronel, Mauro Cid, Deputado Federal, Alexandre Ramagem, Ex.ministro da justi\u00e7a, Anderson Torres, General Paulo S\u00e9rgio Nogueira.\nFotos: Ag\u00eancia Brasil\" title=\"Ag\u00eancia Brasil\"\/><\/figure>\n\n\n\n<p>A Primeira Turma do Supremo Tribunal Federal (STF) condenou o ex-presidente Jair Bolsonaro e mais sete aliados na a\u00e7\u00e3o penal da trama golpista. Da esquerda para direita: ex-presidente&nbsp;Jair Bolsonaro;&nbsp;general&nbsp;Braga Netto;&nbsp;general&nbsp;Augusto Heleno;&nbsp;almirante&nbsp;Almir Garnier,&nbsp;tenente-coronel&nbsp;Mauro Cid;&nbsp;deputado federal&nbsp;Alexandre Ramagem;&nbsp;ex-ministro da Justi\u00e7a&nbsp;Anderson Torres;&nbsp;general Paulo S\u00e9rgio Nogueira.&nbsp;<strong>Fotos:<\/strong><strong>Ag\u00eancia Brasil<\/strong><\/p>\n\n\n\n<ul class=\"wp-block-list\">\n<li>Alexandre Ramagem (delegado da PF e deputado federal), ex-diretor da Ag\u00eancia Brasileira de Intelig\u00eancia (Abin);<\/li>\n\n\n\n<li>Almir Garnier (almirante), ex-comandante da Marinha;<\/li>\n\n\n\n<li>Anderson Torres (delegado da PF), ex-ministro da Justi\u00e7a e ex-secret\u00e1rio de Seguran\u00e7a do Distrito Federal;<\/li>\n\n\n\n<li>Augusto Heleno (general), \u00a0ex-ministro do Gabinete de Seguran\u00e7a Institucional;<\/li>\n\n\n\n<li>Jair Bolsonaro (capit\u00e3o);<\/li>\n\n\n\n<li>Paulo S\u00e9rgio Nogueira (general), ex-ministro da Defesa;<\/li>\n\n\n\n<li>Walter Braga Netto (general), ex-ministro de Bolsonaro e candidato a\u00a0vice na chapa de 2022<\/li>\n<\/ul>\n\n\n\n<p>Alexandre Ramagem&nbsp;foi condenado somente pelos crimes de organiza\u00e7\u00e3o criminosa armada, tentativa de aboli\u00e7\u00e3o violenta do Estado Democr\u00e1tico de Direito e golpe de Estado. Deputado federal em exerc\u00edcio, ele foi beneficiado com a suspens\u00e3o de parte das acusa\u00e7\u00f5es e respondia somente a tr\u00eas dos cinco crimes imputados pela PGR.<\/p>\n","protected":false},"excerpt":{"rendered":"<p>A Primeira Turma do Supremo Tribunal Federal (STF) condenou nesta quinta-feira (11) o ex-presidente Jair Bolsonaro a 27 anos e tr\u00eas meses de pris\u00e3o em regime fechado. A pena foi definida ap\u00f3s o colegiado entrar na fase de fase da dosimetria das penas depois da&nbsp;condena\u00e7\u00e3o dos oito r\u00e9us da trama golpista. Mais cedo,&nbsp;por 4 votos [&hellip;]<\/p>\n","protected":false},"author":13,"featured_media":0,"comment_status":"open","ping_status":"open","sticky":false,"template":"","format":"standard","meta":{"_acf_changed":false,"footnotes":""},"categories":[898,23,21],"tags":[],"class_list":["post-86857","post","type-post","status-publish","format-standard","hentry","category-manchete-segundaria","category-politica","category-todas-noticias"],"acf":[],"yoast_head":"<!-- This site is optimized with the Yoast SEO plugin v24.4 - https:\/\/yoast.com\/wordpress\/plugins\/seo\/ -->\n<title>STF condena Bolsonaro a 27 anos e tr\u00eas meses de pris\u00e3o - PORTAL DE NOT\u00cdCIAS CLEITON PINHEIRO<\/title>\n<meta name=\"robots\" content=\"index, follow, max-snippet:-1, max-image-preview:large, max-video-preview:-1\" \/>\n<link rel=\"canonical\" href=\"https:\/\/cleitonpinheiro.com.br\/site\/stf-condena-bolsonaro-a-27-anos-e-tres-meses-de-prisao\/\" \/>\n<meta property=\"og:locale\" content=\"pt_BR\" \/>\n<meta property=\"og:type\" content=\"article\" \/>\n<meta property=\"og:title\" content=\"STF condena Bolsonaro a 27 anos e tr\u00eas meses de pris\u00e3o - PORTAL DE NOT\u00cdCIAS CLEITON PINHEIRO\" \/>\n<meta property=\"og:description\" content=\"A Primeira Turma do Supremo Tribunal Federal (STF) condenou nesta quinta-feira (11) o ex-presidente Jair Bolsonaro a 27 anos e tr\u00eas meses de pris\u00e3o em regime fechado. A pena foi definida ap\u00f3s o colegiado entrar na fase de fase da dosimetria das penas depois da&nbsp;condena\u00e7\u00e3o dos oito r\u00e9us da trama golpista. Mais cedo,&nbsp;por 4 votos [&hellip;]\" \/>\n<meta property=\"og:url\" content=\"https:\/\/cleitonpinheiro.com.br\/site\/stf-condena-bolsonaro-a-27-anos-e-tres-meses-de-prisao\/\" \/>\n<meta property=\"og:site_name\" content=\"PORTAL DE NOT\u00cdCIAS CLEITON PINHEIRO\" \/>\n<meta property=\"article:publisher\" content=\"https:\/\/www.facebook.com\/portalcpnoticias\/\" \/>\n<meta property=\"article:published_time\" content=\"2025-09-12T10:54:00+00:00\" \/>\n<meta property=\"article:modified_time\" content=\"2025-09-15T13:23:31+00:00\" \/>\n<meta property=\"og:image\" content=\"https:\/\/cleitonpinheiro.com.br\/site\/wp-content\/uploads\/2023\/07\/trbr3326.jpg\" \/>\n\t<meta property=\"og:image:width\" content=\"1170\" \/>\n\t<meta property=\"og:image:height\" content=\"700\" \/>\n\t<meta property=\"og:image:type\" content=\"image\/jpeg\" \/>\n<meta name=\"author\" content=\"Reda\u00e7\u00e3o CP\" \/>\n<meta name=\"twitter:card\" content=\"summary_large_image\" \/>\n<meta name=\"twitter:label1\" content=\"Escrito por\" \/>\n\t<meta name=\"twitter:data1\" content=\"Reda\u00e7\u00e3o CP\" \/>\n\t<meta name=\"twitter:label2\" content=\"Est. tempo de leitura\" \/>\n\t<meta name=\"twitter:data2\" content=\"3 minutos\" \/>\n<script type=\"application\/ld+json\" class=\"yoast-schema-graph\">{\"@context\":\"https:\/\/schema.org\",\"@graph\":[{\"@type\":\"Article\",\"@id\":\"https:\/\/cleitonpinheiro.com.br\/site\/stf-condena-bolsonaro-a-27-anos-e-tres-meses-de-prisao\/#article\",\"isPartOf\":{\"@id\":\"https:\/\/cleitonpinheiro.com.br\/site\/stf-condena-bolsonaro-a-27-anos-e-tres-meses-de-prisao\/\"},\"author\":{\"name\":\"Reda\u00e7\u00e3o CP\",\"@id\":\"https:\/\/cleitonpinheiro.com.br\/site\/#\/schema\/person\/8f04544e0bc40a1b68775b08360f87db\"},\"headline\":\"STF condena Bolsonaro a 27 anos e tr\u00eas meses de pris\u00e3o\",\"datePublished\":\"2025-09-12T10:54:00+00:00\",\"dateModified\":\"2025-09-15T13:23:31+00:00\",\"mainEntityOfPage\":{\"@id\":\"https:\/\/cleitonpinheiro.com.br\/site\/stf-condena-bolsonaro-a-27-anos-e-tres-meses-de-prisao\/\"},\"wordCount\":474,\"commentCount\":0,\"publisher\":{\"@id\":\"https:\/\/cleitonpinheiro.com.br\/site\/#organization\"},\"image\":{\"@id\":\"https:\/\/cleitonpinheiro.com.br\/site\/stf-condena-bolsonaro-a-27-anos-e-tres-meses-de-prisao\/#primaryimage\"},\"thumbnailUrl\":\"https:\/\/agenciabrasil.ebc.com.br\/ebc.png?id=1658356&amp;o=node\",\"articleSection\":[\"MANCHETE SEGUND\u00c1RIA\",\"POL\u00cdTICA\",\"TODAS NOTICIAS\"],\"inLanguage\":\"pt-BR\",\"potentialAction\":[{\"@type\":\"CommentAction\",\"name\":\"Comment\",\"target\":[\"https:\/\/cleitonpinheiro.com.br\/site\/stf-condena-bolsonaro-a-27-anos-e-tres-meses-de-prisao\/#respond\"]}]},{\"@type\":\"WebPage\",\"@id\":\"https:\/\/cleitonpinheiro.com.br\/site\/stf-condena-bolsonaro-a-27-anos-e-tres-meses-de-prisao\/\",\"url\":\"https:\/\/cleitonpinheiro.com.br\/site\/stf-condena-bolsonaro-a-27-anos-e-tres-meses-de-prisao\/\",\"name\":\"STF condena Bolsonaro a 27 anos e tr\u00eas meses de pris\u00e3o - PORTAL DE NOT\u00cdCIAS CLEITON PINHEIRO\",\"isPartOf\":{\"@id\":\"https:\/\/cleitonpinheiro.com.br\/site\/#website\"},\"primaryImageOfPage\":{\"@id\":\"https:\/\/cleitonpinheiro.com.br\/site\/stf-condena-bolsonaro-a-27-anos-e-tres-meses-de-prisao\/#primaryimage\"},\"image\":{\"@id\":\"https:\/\/cleitonpinheiro.com.br\/site\/stf-condena-bolsonaro-a-27-anos-e-tres-meses-de-prisao\/#primaryimage\"},\"thumbnailUrl\":\"https:\/\/agenciabrasil.ebc.com.br\/ebc.png?id=1658356&amp;o=node\",\"datePublished\":\"2025-09-12T10:54:00+00:00\",\"dateModified\":\"2025-09-15T13:23:31+00:00\",\"breadcrumb\":{\"@id\":\"https:\/\/cleitonpinheiro.com.br\/site\/stf-condena-bolsonaro-a-27-anos-e-tres-meses-de-prisao\/#breadcrumb\"},\"inLanguage\":\"pt-BR\",\"potentialAction\":[{\"@type\":\"ReadAction\",\"target\":[\"https:\/\/cleitonpinheiro.com.br\/site\/stf-condena-bolsonaro-a-27-anos-e-tres-meses-de-prisao\/\"]}]},{\"@type\":\"ImageObject\",\"inLanguage\":\"pt-BR\",\"@id\":\"https:\/\/cleitonpinheiro.com.br\/site\/stf-condena-bolsonaro-a-27-anos-e-tres-meses-de-prisao\/#primaryimage\",\"url\":\"https:\/\/agenciabrasil.ebc.com.br\/ebc.png?id=1658356&amp;o=node\",\"contentUrl\":\"https:\/\/agenciabrasil.ebc.com.br\/ebc.png?id=1658356&amp;o=node\"},{\"@type\":\"BreadcrumbList\",\"@id\":\"https:\/\/cleitonpinheiro.com.br\/site\/stf-condena-bolsonaro-a-27-anos-e-tres-meses-de-prisao\/#breadcrumb\",\"itemListElement\":[{\"@type\":\"ListItem\",\"position\":1,\"name\":\"In\u00edcio\",\"item\":\"https:\/\/cleitonpinheiro.com.br\/site\/\"},{\"@type\":\"ListItem\",\"position\":2,\"name\":\"STF condena Bolsonaro a 27 anos e tr\u00eas meses de pris\u00e3o\"}]},{\"@type\":\"WebSite\",\"@id\":\"https:\/\/cleitonpinheiro.com.br\/site\/#website\",\"url\":\"https:\/\/cleitonpinheiro.com.br\/site\/\",\"name\":\"PORTAL DE NOT\u00cdCIAS CLEITON PINHEIRO\",\"description\":\"FALANDO A VERDADE\",\"publisher\":{\"@id\":\"https:\/\/cleitonpinheiro.com.br\/site\/#organization\"},\"potentialAction\":[{\"@type\":\"SearchAction\",\"target\":{\"@type\":\"EntryPoint\",\"urlTemplate\":\"https:\/\/cleitonpinheiro.com.br\/site\/?s={search_term_string}\"},\"query-input\":{\"@type\":\"PropertyValueSpecification\",\"valueRequired\":true,\"valueName\":\"search_term_string\"}}],\"inLanguage\":\"pt-BR\"},{\"@type\":\"Organization\",\"@id\":\"https:\/\/cleitonpinheiro.com.br\/site\/#organization\",\"name\":\"CPNOT\u00cdCIAS\",\"url\":\"https:\/\/cleitonpinheiro.com.br\/site\/\",\"logo\":{\"@type\":\"ImageObject\",\"inLanguage\":\"pt-BR\",\"@id\":\"https:\/\/cleitonpinheiro.com.br\/site\/#\/schema\/logo\/image\/\",\"url\":\"https:\/\/cleitonpinheiro.com.br\/site\/wp-content\/uploads\/2022\/08\/Logo-pequena-2.png\",\"contentUrl\":\"https:\/\/cleitonpinheiro.com.br\/site\/wp-content\/uploads\/2022\/08\/Logo-pequena-2.png\",\"width\":500,\"height\":500,\"caption\":\"CPNOT\u00cdCIAS\"},\"image\":{\"@id\":\"https:\/\/cleitonpinheiro.com.br\/site\/#\/schema\/logo\/image\/\"},\"sameAs\":[\"https:\/\/www.facebook.com\/portalcpnoticias\/\"]},{\"@type\":\"Person\",\"@id\":\"https:\/\/cleitonpinheiro.com.br\/site\/#\/schema\/person\/8f04544e0bc40a1b68775b08360f87db\",\"name\":\"Reda\u00e7\u00e3o CP\",\"image\":{\"@type\":\"ImageObject\",\"inLanguage\":\"pt-BR\",\"@id\":\"https:\/\/cleitonpinheiro.com.br\/site\/#\/schema\/person\/image\/\",\"url\":\"https:\/\/secure.gravatar.com\/avatar\/0bcf19cb29fdc8fc588c490c7ae1b3e174dac268586a63fbe1d1893a0f9020cd?s=96&r=g\",\"contentUrl\":\"https:\/\/secure.gravatar.com\/avatar\/0bcf19cb29fdc8fc588c490c7ae1b3e174dac268586a63fbe1d1893a0f9020cd?s=96&r=g\",\"caption\":\"Reda\u00e7\u00e3o CP\"},\"url\":\"https:\/\/cleitonpinheiro.com.br\/site\/author\/redacao\/\"}]}<\/script>\n<!-- \/ Yoast SEO plugin. -->","yoast_head_json":{"title":"STF condena Bolsonaro a 27 anos e tr\u00eas meses de pris\u00e3o - PORTAL DE NOT\u00cdCIAS CLEITON PINHEIRO","robots":{"index":"index","follow":"follow","max-snippet":"max-snippet:-1","max-image-preview":"max-image-preview:large","max-video-preview":"max-video-preview:-1"},"canonical":"https:\/\/cleitonpinheiro.com.br\/site\/stf-condena-bolsonaro-a-27-anos-e-tres-meses-de-prisao\/","og_locale":"pt_BR","og_type":"article","og_title":"STF condena Bolsonaro a 27 anos e tr\u00eas meses de pris\u00e3o - PORTAL DE NOT\u00cdCIAS CLEITON PINHEIRO","og_description":"A Primeira Turma do Supremo Tribunal Federal (STF) condenou nesta quinta-feira (11) o ex-presidente Jair Bolsonaro a 27 anos e tr\u00eas meses de pris\u00e3o em regime fechado. A pena foi definida ap\u00f3s o colegiado entrar na fase de fase da dosimetria das penas depois da&nbsp;condena\u00e7\u00e3o dos oito r\u00e9us da trama golpista. Mais cedo,&nbsp;por 4 votos [&hellip;]","og_url":"https:\/\/cleitonpinheiro.com.br\/site\/stf-condena-bolsonaro-a-27-anos-e-tres-meses-de-prisao\/","og_site_name":"PORTAL DE NOT\u00cdCIAS CLEITON PINHEIRO","article_publisher":"https:\/\/www.facebook.com\/portalcpnoticias\/","article_published_time":"2025-09-12T10:54:00+00:00","article_modified_time":"2025-09-15T13:23:31+00:00","og_image":[{"width":1170,"height":700,"url":"https:\/\/cleitonpinheiro.com.br\/site\/wp-content\/uploads\/2023\/07\/trbr3326.jpg","type":"image\/jpeg"}],"author":"Reda\u00e7\u00e3o CP","twitter_card":"summary_large_image","twitter_misc":{"Escrito por":"Reda\u00e7\u00e3o CP","Est. tempo de leitura":"3 minutos"},"schema":{"@context":"https:\/\/schema.org","@graph":[{"@type":"Article","@id":"https:\/\/cleitonpinheiro.com.br\/site\/stf-condena-bolsonaro-a-27-anos-e-tres-meses-de-prisao\/#article","isPartOf":{"@id":"https:\/\/cleitonpinheiro.com.br\/site\/stf-condena-bolsonaro-a-27-anos-e-tres-meses-de-prisao\/"},"author":{"name":"Reda\u00e7\u00e3o CP","@id":"https:\/\/cleitonpinheiro.com.br\/site\/#\/schema\/person\/8f04544e0bc40a1b68775b08360f87db"},"headline":"STF condena Bolsonaro a 27 anos e tr\u00eas meses de pris\u00e3o","datePublished":"2025-09-12T10:54:00+00:00","dateModified":"2025-09-15T13:23:31+00:00","mainEntityOfPage":{"@id":"https:\/\/cleitonpinheiro.com.br\/site\/stf-condena-bolsonaro-a-27-anos-e-tres-meses-de-prisao\/"},"wordCount":474,"commentCount":0,"publisher":{"@id":"https:\/\/cleitonpinheiro.com.br\/site\/#organization"},"image":{"@id":"https:\/\/cleitonpinheiro.com.br\/site\/stf-condena-bolsonaro-a-27-anos-e-tres-meses-de-prisao\/#primaryimage"},"thumbnailUrl":"https:\/\/agenciabrasil.ebc.com.br\/ebc.png?id=1658356&amp;o=node","articleSection":["MANCHETE SEGUND\u00c1RIA","POL\u00cdTICA","TODAS NOTICIAS"],"inLanguage":"pt-BR","potentialAction":[{"@type":"CommentAction","name":"Comment","target":["https:\/\/cleitonpinheiro.com.br\/site\/stf-condena-bolsonaro-a-27-anos-e-tres-meses-de-prisao\/#respond"]}]},{"@type":"WebPage","@id":"https:\/\/cleitonpinheiro.com.br\/site\/stf-condena-bolsonaro-a-27-anos-e-tres-meses-de-prisao\/","url":"https:\/\/cleitonpinheiro.com.br\/site\/stf-condena-bolsonaro-a-27-anos-e-tres-meses-de-prisao\/","name":"STF condena Bolsonaro a 27 anos e tr\u00eas meses de pris\u00e3o - PORTAL DE NOT\u00cdCIAS CLEITON PINHEIRO","isPartOf":{"@id":"https:\/\/cleitonpinheiro.com.br\/site\/#website"},"primaryImageOfPage":{"@id":"https:\/\/cleitonpinheiro.com.br\/site\/stf-condena-bolsonaro-a-27-anos-e-tres-meses-de-prisao\/#primaryimage"},"image":{"@id":"https:\/\/cleitonpinheiro.com.br\/site\/stf-condena-bolsonaro-a-27-anos-e-tres-meses-de-prisao\/#primaryimage"},"thumbnailUrl":"https:\/\/agenciabrasil.ebc.com.br\/ebc.png?id=1658356&amp;o=node","datePublished":"2025-09-12T10:54:00+00:00","dateModified":"2025-09-15T13:23:31+00:00","breadcrumb":{"@id":"https:\/\/cleitonpinheiro.com.br\/site\/stf-condena-bolsonaro-a-27-anos-e-tres-meses-de-prisao\/#breadcrumb"},"inLanguage":"pt-BR","potentialAction":[{"@type":"ReadAction","target":["https:\/\/cleitonpinheiro.com.br\/site\/stf-condena-bolsonaro-a-27-anos-e-tres-meses-de-prisao\/"]}]},{"@type":"ImageObject","inLanguage":"pt-BR","@id":"https:\/\/cleitonpinheiro.com.br\/site\/stf-condena-bolsonaro-a-27-anos-e-tres-meses-de-prisao\/#primaryimage","url":"https:\/\/agenciabrasil.ebc.com.br\/ebc.png?id=1658356&amp;o=node","contentUrl":"https:\/\/agenciabrasil.ebc.com.br\/ebc.png?id=1658356&amp;o=node"},{"@type":"BreadcrumbList","@id":"https:\/\/cleitonpinheiro.com.br\/site\/stf-condena-bolsonaro-a-27-anos-e-tres-meses-de-prisao\/#breadcrumb","itemListElement":[{"@type":"ListItem","position":1,"name":"In\u00edcio","item":"https:\/\/cleitonpinheiro.com.br\/site\/"},{"@type":"ListItem","position":2,"name":"STF condena Bolsonaro a 27 anos e tr\u00eas meses de pris\u00e3o"}]},{"@type":"WebSite","@id":"https:\/\/cleitonpinheiro.com.br\/site\/#website","url":"https:\/\/cleitonpinheiro.com.br\/site\/","name":"PORTAL DE NOT\u00cdCIAS CLEITON PINHEIRO","description":"FALANDO A VERDADE","publisher":{"@id":"https:\/\/cleitonpinheiro.com.br\/site\/#organization"},"potentialAction":[{"@type":"SearchAction","target":{"@type":"EntryPoint","urlTemplate":"https:\/\/cleitonpinheiro.com.br\/site\/?s={search_term_string}"},"query-input":{"@type":"PropertyValueSpecification","valueRequired":true,"valueName":"search_term_string"}}],"inLanguage":"pt-BR"},{"@type":"Organization","@id":"https:\/\/cleitonpinheiro.com.br\/site\/#organization","name":"CPNOT\u00cdCIAS","url":"https:\/\/cleitonpinheiro.com.br\/site\/","logo":{"@type":"ImageObject","inLanguage":"pt-BR","@id":"https:\/\/cleitonpinheiro.com.br\/site\/#\/schema\/logo\/image\/","url":"https:\/\/cleitonpinheiro.com.br\/site\/wp-content\/uploads\/2022\/08\/Logo-pequena-2.png","contentUrl":"https:\/\/cleitonpinheiro.com.br\/site\/wp-content\/uploads\/2022\/08\/Logo-pequena-2.png","width":500,"height":500,"caption":"CPNOT\u00cdCIAS"},"image":{"@id":"https:\/\/cleitonpinheiro.com.br\/site\/#\/schema\/logo\/image\/"},"sameAs":["https:\/\/www.facebook.com\/portalcpnoticias\/"]},{"@type":"Person","@id":"https:\/\/cleitonpinheiro.com.br\/site\/#\/schema\/person\/8f04544e0bc40a1b68775b08360f87db","name":"Reda\u00e7\u00e3o CP","image":{"@type":"ImageObject","inLanguage":"pt-BR","@id":"https:\/\/cleitonpinheiro.com.br\/site\/#\/schema\/person\/image\/","url":"https:\/\/secure.gravatar.com\/avatar\/0bcf19cb29fdc8fc588c490c7ae1b3e174dac268586a63fbe1d1893a0f9020cd?s=96&r=g","contentUrl":"https:\/\/secure.gravatar.com\/avatar\/0bcf19cb29fdc8fc588c490c7ae1b3e174dac268586a63fbe1d1893a0f9020cd?s=96&r=g","caption":"Reda\u00e7\u00e3o CP"},"url":"https:\/\/cleitonpinheiro.com.br\/site\/author\/redacao\/"}]}},"views":114,"_links":{"self":[{"href":"https:\/\/cleitonpinheiro.com.br\/site\/wp-json\/wp\/v2\/posts\/86857","targetHints":{"allow":["GET"]}}],"collection":[{"href":"https:\/\/cleitonpinheiro.com.br\/site\/wp-json\/wp\/v2\/posts"}],"about":[{"href":"https:\/\/cleitonpinheiro.com.br\/site\/wp-json\/wp\/v2\/types\/post"}],"author":[{"embeddable":true,"href":"https:\/\/cleitonpinheiro.com.br\/site\/wp-json\/wp\/v2\/users\/13"}],"replies":[{"embeddable":true,"href":"https:\/\/cleitonpinheiro.com.br\/site\/wp-json\/wp\/v2\/comments?post=86857"}],"version-history":[{"count":1,"href":"https:\/\/cleitonpinheiro.com.br\/site\/wp-json\/wp\/v2\/posts\/86857\/revisions"}],"predecessor-version":[{"id":86858,"href":"https:\/\/cleitonpinheiro.com.br\/site\/wp-json\/wp\/v2\/posts\/86857\/revisions\/86858"}],"wp:attachment":[{"href":"https:\/\/cleitonpinheiro.com.br\/site\/wp-json\/wp\/v2\/media?parent=86857"}],"wp:term":[{"taxonomy":"category","embeddable":true,"href":"https:\/\/cleitonpinheiro.com.br\/site\/wp-json\/wp\/v2\/categories?post=86857"},{"taxonomy":"post_tag","embeddable":true,"href":"https:\/\/cleitonpinheiro.com.br\/site\/wp-json\/wp\/v2\/tags?post=86857"}],"curies":[{"name":"wp","href":"https:\/\/api.w.org\/{rel}","templated":true}]}}