{"id":86861,"date":"2025-09-12T10:58:00","date_gmt":"2025-09-12T13:58:00","guid":{"rendered":"https:\/\/cleitonpinheiro.com.br\/site\/?p=86861"},"modified":"2025-09-12T15:00:11","modified_gmt":"2025-09-12T18:00:11","slug":"bolsonaro-e-aliados-deverao-pagar-r-30-milhoes-pela-depredacao-no-8-1","status":"publish","type":"post","link":"https:\/\/cleitonpinheiro.com.br\/site\/bolsonaro-e-aliados-deverao-pagar-r-30-milhoes-pela-depredacao-no-8-1\/","title":{"rendered":"Bolsonaro e aliados dever\u00e3o pagar R$ 30 milh\u00f5es pela depreda\u00e7\u00e3o no 8\/1"},"content":{"rendered":"\n<figure class=\"wp-block-image size-large\"><img fetchpriority=\"high\" decoding=\"async\" width=\"1024\" height=\"613\" src=\"https:\/\/cleitonpinheiro.com.br\/site\/wp-content\/uploads\/2025\/09\/ja_9173-1024x613.webp\" alt=\"\" class=\"wp-image-86862\" srcset=\"https:\/\/cleitonpinheiro.com.br\/site\/wp-content\/uploads\/2025\/09\/ja_9173-1024x613.webp 1024w, https:\/\/cleitonpinheiro.com.br\/site\/wp-content\/uploads\/2025\/09\/ja_9173-300x179.webp 300w, https:\/\/cleitonpinheiro.com.br\/site\/wp-content\/uploads\/2025\/09\/ja_9173-768x459.webp 768w, https:\/\/cleitonpinheiro.com.br\/site\/wp-content\/uploads\/2025\/09\/ja_9173.webp 1170w\" sizes=\"(max-width: 1024px) 100vw, 1024px\" \/><figcaption class=\"wp-element-caption\">\u00a9 Jo\u00e9dson Alves\/Agencia Brasil\n<\/figcaption><\/figure>\n\n\n\n<p>A Primeira Turma do Supremo Tribunal Federal (STF) decidiu nesta quinta-feira (11) condenar o ex-presidente Jair Bolsonaro e mais sete r\u00e9us pela trama golpista ao<strong>&nbsp;pagamento solid\u00e1rio de R$ 30 milh\u00f5es<\/strong>&nbsp;pelos danos causados pela depreda\u00e7\u00e3o das sedes dos Tr\u00eas Poderes durante os atos golpistas de 8 de janeiro.<img decoding=\"async\" src=\"https:\/\/agenciabrasil.ebc.com.br\/ebc.png?id=1658386&amp;o=node\"><img decoding=\"async\" src=\"https:\/\/agenciabrasil.ebc.com.br\/ebc.gif?id=1658386&amp;o=node\"><\/p>\n\n\n\n<p>Com a decis\u00e3o,&nbsp;<strong>Bolsonaro e os demais condenados dever\u00e3o ajudar a pagar os preju\u00edzos provocados com o vandalismo ocorrido no edif\u00edcio-sede do Supremo, Congresso e o Pal\u00e1cio do Planalto.<\/strong><\/p>\n\n\n\n<p>O pagamento dever\u00e1 ser efetivado ap\u00f3s o fim de todos os recursos contra a condena\u00e7\u00e3o.<\/p>\n\n\n\n<p>A indeniza\u00e7\u00e3o \u00e9 uma das consequ\u00eancias da condena\u00e7\u00e3o dos acusados pelos crimes de organiza\u00e7\u00e3o criminosa armada, tentativa de aboli\u00e7\u00e3o violenta do Estado Democr\u00e1tico de Direito, golpe de Estado, dano qualificado pela viol\u00eancia e grave amea\u00e7a e deteriora\u00e7\u00e3o de patrim\u00f4nio tombado.&nbsp;<\/p>\n\n\n\n<p>Por 4 votos a 1, a&nbsp;<a href=\"https:\/\/agenciabrasil.ebc.com.br\/justica\/noticia\/2025-09\/por-4-1-stf-condena-bolsonaro-e-mais-sete-pela-trama-golpista\" target=\"_blank\" rel=\"noreferrer noopener\">Primeira Turma condenou o ex-presidente Jair Bolsonaro<\/a>&nbsp;por tentativa de golpe de Estado e outros quatro crimes, sob acusa\u00e7\u00e3o de&nbsp;liderar uma trama para permanecer no poder ap\u00f3s as elei\u00e7\u00f5es de 2022.&nbsp;\u00c9 a primeira vez na hist\u00f3ria do pa\u00eds que um ex-presidente \u00e9&nbsp;punido por esse crime.<\/p>\n","protected":false},"excerpt":{"rendered":"<p>A Primeira Turma do Supremo Tribunal Federal (STF) decidiu nesta quinta-feira (11) condenar o ex-presidente Jair Bolsonaro e mais sete r\u00e9us pela trama golpista ao&nbsp;pagamento solid\u00e1rio de R$ 30 milh\u00f5es&nbsp;pelos danos causados pela depreda\u00e7\u00e3o das sedes dos Tr\u00eas Poderes durante os atos golpistas de 8 de janeiro. Com a decis\u00e3o,&nbsp;Bolsonaro e os demais condenados dever\u00e3o [&hellip;]<\/p>\n","protected":false},"author":13,"featured_media":86862,"comment_status":"open","ping_status":"open","sticky":false,"template":"","format":"standard","meta":{"_acf_changed":false,"footnotes":""},"categories":[19,898,21],"tags":[],"class_list":["post-86861","post","type-post","status-publish","format-standard","has-post-thumbnail","hentry","category-brasil-mundo","category-manchete-segundaria","category-todas-noticias"],"acf":[],"yoast_head":"<!-- This site is optimized with the Yoast SEO plugin v24.4 - https:\/\/yoast.com\/wordpress\/plugins\/seo\/ -->\n<title>Bolsonaro e aliados dever\u00e3o pagar R$ 30 milh\u00f5es pela depreda\u00e7\u00e3o no 8\/1 - PORTAL DE NOT\u00cdCIAS CLEITON PINHEIRO<\/title>\n<meta name=\"robots\" content=\"index, follow, max-snippet:-1, max-image-preview:large, max-video-preview:-1\" \/>\n<link rel=\"canonical\" href=\"https:\/\/cleitonpinheiro.com.br\/site\/bolsonaro-e-aliados-deverao-pagar-r-30-milhoes-pela-depredacao-no-8-1\/\" \/>\n<meta property=\"og:locale\" content=\"pt_BR\" \/>\n<meta property=\"og:type\" content=\"article\" \/>\n<meta property=\"og:title\" content=\"Bolsonaro e aliados dever\u00e3o pagar R$ 30 milh\u00f5es pela depreda\u00e7\u00e3o no 8\/1 - PORTAL DE NOT\u00cdCIAS CLEITON PINHEIRO\" \/>\n<meta property=\"og:description\" content=\"A Primeira Turma do Supremo Tribunal Federal (STF) decidiu nesta quinta-feira (11) condenar o ex-presidente Jair Bolsonaro e mais sete r\u00e9us pela trama golpista ao&nbsp;pagamento solid\u00e1rio de R$ 30 milh\u00f5es&nbsp;pelos danos causados pela depreda\u00e7\u00e3o das sedes dos Tr\u00eas Poderes durante os atos golpistas de 8 de janeiro. Com a decis\u00e3o,&nbsp;Bolsonaro e os demais condenados dever\u00e3o [&hellip;]\" \/>\n<meta property=\"og:url\" content=\"https:\/\/cleitonpinheiro.com.br\/site\/bolsonaro-e-aliados-deverao-pagar-r-30-milhoes-pela-depredacao-no-8-1\/\" \/>\n<meta property=\"og:site_name\" content=\"PORTAL DE NOT\u00cdCIAS CLEITON PINHEIRO\" \/>\n<meta property=\"article:publisher\" content=\"https:\/\/www.facebook.com\/portalcpnoticias\/\" \/>\n<meta property=\"article:published_time\" content=\"2025-09-12T13:58:00+00:00\" \/>\n<meta property=\"article:modified_time\" content=\"2025-09-12T18:00:11+00:00\" \/>\n<meta property=\"og:image\" content=\"https:\/\/cleitonpinheiro.com.br\/site\/wp-content\/uploads\/2025\/09\/ja_9173.webp\" \/>\n\t<meta property=\"og:image:width\" content=\"1170\" \/>\n\t<meta property=\"og:image:height\" content=\"700\" \/>\n\t<meta property=\"og:image:type\" content=\"image\/webp\" \/>\n<meta name=\"author\" content=\"Reda\u00e7\u00e3o CP\" \/>\n<meta name=\"twitter:card\" content=\"summary_large_image\" \/>\n<meta name=\"twitter:label1\" content=\"Escrito por\" \/>\n\t<meta name=\"twitter:data1\" content=\"Reda\u00e7\u00e3o CP\" \/>\n\t<meta name=\"twitter:label2\" content=\"Est. tempo de leitura\" \/>\n\t<meta name=\"twitter:data2\" content=\"2 minutos\" \/>\n<script type=\"application\/ld+json\" class=\"yoast-schema-graph\">{\"@context\":\"https:\/\/schema.org\",\"@graph\":[{\"@type\":\"Article\",\"@id\":\"https:\/\/cleitonpinheiro.com.br\/site\/bolsonaro-e-aliados-deverao-pagar-r-30-milhoes-pela-depredacao-no-8-1\/#article\",\"isPartOf\":{\"@id\":\"https:\/\/cleitonpinheiro.com.br\/site\/bolsonaro-e-aliados-deverao-pagar-r-30-milhoes-pela-depredacao-no-8-1\/\"},\"author\":{\"name\":\"Reda\u00e7\u00e3o CP\",\"@id\":\"https:\/\/cleitonpinheiro.com.br\/site\/#\/schema\/person\/8f04544e0bc40a1b68775b08360f87db\"},\"headline\":\"Bolsonaro e aliados dever\u00e3o pagar R$ 30 milh\u00f5es pela depreda\u00e7\u00e3o no 8\/1\",\"datePublished\":\"2025-09-12T13:58:00+00:00\",\"dateModified\":\"2025-09-12T18:00:11+00:00\",\"mainEntityOfPage\":{\"@id\":\"https:\/\/cleitonpinheiro.com.br\/site\/bolsonaro-e-aliados-deverao-pagar-r-30-milhoes-pela-depredacao-no-8-1\/\"},\"wordCount\":232,\"commentCount\":0,\"publisher\":{\"@id\":\"https:\/\/cleitonpinheiro.com.br\/site\/#organization\"},\"image\":{\"@id\":\"https:\/\/cleitonpinheiro.com.br\/site\/bolsonaro-e-aliados-deverao-pagar-r-30-milhoes-pela-depredacao-no-8-1\/#primaryimage\"},\"thumbnailUrl\":\"https:\/\/cleitonpinheiro.com.br\/site\/wp-content\/uploads\/2025\/09\/ja_9173.webp\",\"articleSection\":[\"BRASIL \/ MUNDO\",\"MANCHETE SEGUND\u00c1RIA\",\"TODAS NOTICIAS\"],\"inLanguage\":\"pt-BR\",\"potentialAction\":[{\"@type\":\"CommentAction\",\"name\":\"Comment\",\"target\":[\"https:\/\/cleitonpinheiro.com.br\/site\/bolsonaro-e-aliados-deverao-pagar-r-30-milhoes-pela-depredacao-no-8-1\/#respond\"]}]},{\"@type\":\"WebPage\",\"@id\":\"https:\/\/cleitonpinheiro.com.br\/site\/bolsonaro-e-aliados-deverao-pagar-r-30-milhoes-pela-depredacao-no-8-1\/\",\"url\":\"https:\/\/cleitonpinheiro.com.br\/site\/bolsonaro-e-aliados-deverao-pagar-r-30-milhoes-pela-depredacao-no-8-1\/\",\"name\":\"Bolsonaro e aliados dever\u00e3o pagar R$ 30 milh\u00f5es pela depreda\u00e7\u00e3o no 8\/1 - PORTAL DE NOT\u00cdCIAS CLEITON PINHEIRO\",\"isPartOf\":{\"@id\":\"https:\/\/cleitonpinheiro.com.br\/site\/#website\"},\"primaryImageOfPage\":{\"@id\":\"https:\/\/cleitonpinheiro.com.br\/site\/bolsonaro-e-aliados-deverao-pagar-r-30-milhoes-pela-depredacao-no-8-1\/#primaryimage\"},\"image\":{\"@id\":\"https:\/\/cleitonpinheiro.com.br\/site\/bolsonaro-e-aliados-deverao-pagar-r-30-milhoes-pela-depredacao-no-8-1\/#primaryimage\"},\"thumbnailUrl\":\"https:\/\/cleitonpinheiro.com.br\/site\/wp-content\/uploads\/2025\/09\/ja_9173.webp\",\"datePublished\":\"2025-09-12T13:58:00+00:00\",\"dateModified\":\"2025-09-12T18:00:11+00:00\",\"breadcrumb\":{\"@id\":\"https:\/\/cleitonpinheiro.com.br\/site\/bolsonaro-e-aliados-deverao-pagar-r-30-milhoes-pela-depredacao-no-8-1\/#breadcrumb\"},\"inLanguage\":\"pt-BR\",\"potentialAction\":[{\"@type\":\"ReadAction\",\"target\":[\"https:\/\/cleitonpinheiro.com.br\/site\/bolsonaro-e-aliados-deverao-pagar-r-30-milhoes-pela-depredacao-no-8-1\/\"]}]},{\"@type\":\"ImageObject\",\"inLanguage\":\"pt-BR\",\"@id\":\"https:\/\/cleitonpinheiro.com.br\/site\/bolsonaro-e-aliados-deverao-pagar-r-30-milhoes-pela-depredacao-no-8-1\/#primaryimage\",\"url\":\"https:\/\/cleitonpinheiro.com.br\/site\/wp-content\/uploads\/2025\/09\/ja_9173.webp\",\"contentUrl\":\"https:\/\/cleitonpinheiro.com.br\/site\/wp-content\/uploads\/2025\/09\/ja_9173.webp\",\"width\":1170,\"height\":700,\"caption\":\"\u00a9 Jo\u00e9dson Alves\/Agencia Brasil\"},{\"@type\":\"BreadcrumbList\",\"@id\":\"https:\/\/cleitonpinheiro.com.br\/site\/bolsonaro-e-aliados-deverao-pagar-r-30-milhoes-pela-depredacao-no-8-1\/#breadcrumb\",\"itemListElement\":[{\"@type\":\"ListItem\",\"position\":1,\"name\":\"In\u00edcio\",\"item\":\"https:\/\/cleitonpinheiro.com.br\/site\/\"},{\"@type\":\"ListItem\",\"position\":2,\"name\":\"Bolsonaro e aliados dever\u00e3o pagar R$ 30 milh\u00f5es pela depreda\u00e7\u00e3o no 8\/1\"}]},{\"@type\":\"WebSite\",\"@id\":\"https:\/\/cleitonpinheiro.com.br\/site\/#website\",\"url\":\"https:\/\/cleitonpinheiro.com.br\/site\/\",\"name\":\"PORTAL DE NOT\u00cdCIAS CLEITON PINHEIRO\",\"description\":\"FALANDO A VERDADE\",\"publisher\":{\"@id\":\"https:\/\/cleitonpinheiro.com.br\/site\/#organization\"},\"potentialAction\":[{\"@type\":\"SearchAction\",\"target\":{\"@type\":\"EntryPoint\",\"urlTemplate\":\"https:\/\/cleitonpinheiro.com.br\/site\/?s={search_term_string}\"},\"query-input\":{\"@type\":\"PropertyValueSpecification\",\"valueRequired\":true,\"valueName\":\"search_term_string\"}}],\"inLanguage\":\"pt-BR\"},{\"@type\":\"Organization\",\"@id\":\"https:\/\/cleitonpinheiro.com.br\/site\/#organization\",\"name\":\"CPNOT\u00cdCIAS\",\"url\":\"https:\/\/cleitonpinheiro.com.br\/site\/\",\"logo\":{\"@type\":\"ImageObject\",\"inLanguage\":\"pt-BR\",\"@id\":\"https:\/\/cleitonpinheiro.com.br\/site\/#\/schema\/logo\/image\/\",\"url\":\"https:\/\/cleitonpinheiro.com.br\/site\/wp-content\/uploads\/2022\/08\/Logo-pequena-2.png\",\"contentUrl\":\"https:\/\/cleitonpinheiro.com.br\/site\/wp-content\/uploads\/2022\/08\/Logo-pequena-2.png\",\"width\":500,\"height\":500,\"caption\":\"CPNOT\u00cdCIAS\"},\"image\":{\"@id\":\"https:\/\/cleitonpinheiro.com.br\/site\/#\/schema\/logo\/image\/\"},\"sameAs\":[\"https:\/\/www.facebook.com\/portalcpnoticias\/\"]},{\"@type\":\"Person\",\"@id\":\"https:\/\/cleitonpinheiro.com.br\/site\/#\/schema\/person\/8f04544e0bc40a1b68775b08360f87db\",\"name\":\"Reda\u00e7\u00e3o CP\",\"image\":{\"@type\":\"ImageObject\",\"inLanguage\":\"pt-BR\",\"@id\":\"https:\/\/cleitonpinheiro.com.br\/site\/#\/schema\/person\/image\/\",\"url\":\"https:\/\/secure.gravatar.com\/avatar\/0bcf19cb29fdc8fc588c490c7ae1b3e174dac268586a63fbe1d1893a0f9020cd?s=96&r=g\",\"contentUrl\":\"https:\/\/secure.gravatar.com\/avatar\/0bcf19cb29fdc8fc588c490c7ae1b3e174dac268586a63fbe1d1893a0f9020cd?s=96&r=g\",\"caption\":\"Reda\u00e7\u00e3o CP\"},\"url\":\"https:\/\/cleitonpinheiro.com.br\/site\/author\/redacao\/\"}]}<\/script>\n<!-- \/ Yoast SEO plugin. -->","yoast_head_json":{"title":"Bolsonaro e aliados dever\u00e3o pagar R$ 30 milh\u00f5es pela depreda\u00e7\u00e3o no 8\/1 - PORTAL DE NOT\u00cdCIAS CLEITON PINHEIRO","robots":{"index":"index","follow":"follow","max-snippet":"max-snippet:-1","max-image-preview":"max-image-preview:large","max-video-preview":"max-video-preview:-1"},"canonical":"https:\/\/cleitonpinheiro.com.br\/site\/bolsonaro-e-aliados-deverao-pagar-r-30-milhoes-pela-depredacao-no-8-1\/","og_locale":"pt_BR","og_type":"article","og_title":"Bolsonaro e aliados dever\u00e3o pagar R$ 30 milh\u00f5es pela depreda\u00e7\u00e3o no 8\/1 - PORTAL DE NOT\u00cdCIAS CLEITON PINHEIRO","og_description":"A Primeira Turma do Supremo Tribunal Federal (STF) decidiu nesta quinta-feira (11) condenar o ex-presidente Jair Bolsonaro e mais sete r\u00e9us pela trama golpista ao&nbsp;pagamento solid\u00e1rio de R$ 30 milh\u00f5es&nbsp;pelos danos causados pela depreda\u00e7\u00e3o das sedes dos Tr\u00eas Poderes durante os atos golpistas de 8 de janeiro. Com a decis\u00e3o,&nbsp;Bolsonaro e os demais condenados dever\u00e3o [&hellip;]","og_url":"https:\/\/cleitonpinheiro.com.br\/site\/bolsonaro-e-aliados-deverao-pagar-r-30-milhoes-pela-depredacao-no-8-1\/","og_site_name":"PORTAL DE NOT\u00cdCIAS CLEITON PINHEIRO","article_publisher":"https:\/\/www.facebook.com\/portalcpnoticias\/","article_published_time":"2025-09-12T13:58:00+00:00","article_modified_time":"2025-09-12T18:00:11+00:00","og_image":[{"width":1170,"height":700,"url":"https:\/\/cleitonpinheiro.com.br\/site\/wp-content\/uploads\/2025\/09\/ja_9173.webp","type":"image\/webp"}],"author":"Reda\u00e7\u00e3o CP","twitter_card":"summary_large_image","twitter_misc":{"Escrito por":"Reda\u00e7\u00e3o CP","Est. tempo de leitura":"2 minutos"},"schema":{"@context":"https:\/\/schema.org","@graph":[{"@type":"Article","@id":"https:\/\/cleitonpinheiro.com.br\/site\/bolsonaro-e-aliados-deverao-pagar-r-30-milhoes-pela-depredacao-no-8-1\/#article","isPartOf":{"@id":"https:\/\/cleitonpinheiro.com.br\/site\/bolsonaro-e-aliados-deverao-pagar-r-30-milhoes-pela-depredacao-no-8-1\/"},"author":{"name":"Reda\u00e7\u00e3o CP","@id":"https:\/\/cleitonpinheiro.com.br\/site\/#\/schema\/person\/8f04544e0bc40a1b68775b08360f87db"},"headline":"Bolsonaro e aliados dever\u00e3o pagar R$ 30 milh\u00f5es pela depreda\u00e7\u00e3o no 8\/1","datePublished":"2025-09-12T13:58:00+00:00","dateModified":"2025-09-12T18:00:11+00:00","mainEntityOfPage":{"@id":"https:\/\/cleitonpinheiro.com.br\/site\/bolsonaro-e-aliados-deverao-pagar-r-30-milhoes-pela-depredacao-no-8-1\/"},"wordCount":232,"commentCount":0,"publisher":{"@id":"https:\/\/cleitonpinheiro.com.br\/site\/#organization"},"image":{"@id":"https:\/\/cleitonpinheiro.com.br\/site\/bolsonaro-e-aliados-deverao-pagar-r-30-milhoes-pela-depredacao-no-8-1\/#primaryimage"},"thumbnailUrl":"https:\/\/cleitonpinheiro.com.br\/site\/wp-content\/uploads\/2025\/09\/ja_9173.webp","articleSection":["BRASIL \/ MUNDO","MANCHETE SEGUND\u00c1RIA","TODAS NOTICIAS"],"inLanguage":"pt-BR","potentialAction":[{"@type":"CommentAction","name":"Comment","target":["https:\/\/cleitonpinheiro.com.br\/site\/bolsonaro-e-aliados-deverao-pagar-r-30-milhoes-pela-depredacao-no-8-1\/#respond"]}]},{"@type":"WebPage","@id":"https:\/\/cleitonpinheiro.com.br\/site\/bolsonaro-e-aliados-deverao-pagar-r-30-milhoes-pela-depredacao-no-8-1\/","url":"https:\/\/cleitonpinheiro.com.br\/site\/bolsonaro-e-aliados-deverao-pagar-r-30-milhoes-pela-depredacao-no-8-1\/","name":"Bolsonaro e aliados dever\u00e3o pagar R$ 30 milh\u00f5es pela depreda\u00e7\u00e3o no 8\/1 - PORTAL DE NOT\u00cdCIAS CLEITON PINHEIRO","isPartOf":{"@id":"https:\/\/cleitonpinheiro.com.br\/site\/#website"},"primaryImageOfPage":{"@id":"https:\/\/cleitonpinheiro.com.br\/site\/bolsonaro-e-aliados-deverao-pagar-r-30-milhoes-pela-depredacao-no-8-1\/#primaryimage"},"image":{"@id":"https:\/\/cleitonpinheiro.com.br\/site\/bolsonaro-e-aliados-deverao-pagar-r-30-milhoes-pela-depredacao-no-8-1\/#primaryimage"},"thumbnailUrl":"https:\/\/cleitonpinheiro.com.br\/site\/wp-content\/uploads\/2025\/09\/ja_9173.webp","datePublished":"2025-09-12T13:58:00+00:00","dateModified":"2025-09-12T18:00:11+00:00","breadcrumb":{"@id":"https:\/\/cleitonpinheiro.com.br\/site\/bolsonaro-e-aliados-deverao-pagar-r-30-milhoes-pela-depredacao-no-8-1\/#breadcrumb"},"inLanguage":"pt-BR","potentialAction":[{"@type":"ReadAction","target":["https:\/\/cleitonpinheiro.com.br\/site\/bolsonaro-e-aliados-deverao-pagar-r-30-milhoes-pela-depredacao-no-8-1\/"]}]},{"@type":"ImageObject","inLanguage":"pt-BR","@id":"https:\/\/cleitonpinheiro.com.br\/site\/bolsonaro-e-aliados-deverao-pagar-r-30-milhoes-pela-depredacao-no-8-1\/#primaryimage","url":"https:\/\/cleitonpinheiro.com.br\/site\/wp-content\/uploads\/2025\/09\/ja_9173.webp","contentUrl":"https:\/\/cleitonpinheiro.com.br\/site\/wp-content\/uploads\/2025\/09\/ja_9173.webp","width":1170,"height":700,"caption":"\u00a9 Jo\u00e9dson Alves\/Agencia Brasil"},{"@type":"BreadcrumbList","@id":"https:\/\/cleitonpinheiro.com.br\/site\/bolsonaro-e-aliados-deverao-pagar-r-30-milhoes-pela-depredacao-no-8-1\/#breadcrumb","itemListElement":[{"@type":"ListItem","position":1,"name":"In\u00edcio","item":"https:\/\/cleitonpinheiro.com.br\/site\/"},{"@type":"ListItem","position":2,"name":"Bolsonaro e aliados dever\u00e3o pagar R$ 30 milh\u00f5es pela depreda\u00e7\u00e3o no 8\/1"}]},{"@type":"WebSite","@id":"https:\/\/cleitonpinheiro.com.br\/site\/#website","url":"https:\/\/cleitonpinheiro.com.br\/site\/","name":"PORTAL DE NOT\u00cdCIAS CLEITON PINHEIRO","description":"FALANDO A VERDADE","publisher":{"@id":"https:\/\/cleitonpinheiro.com.br\/site\/#organization"},"potentialAction":[{"@type":"SearchAction","target":{"@type":"EntryPoint","urlTemplate":"https:\/\/cleitonpinheiro.com.br\/site\/?s={search_term_string}"},"query-input":{"@type":"PropertyValueSpecification","valueRequired":true,"valueName":"search_term_string"}}],"inLanguage":"pt-BR"},{"@type":"Organization","@id":"https:\/\/cleitonpinheiro.com.br\/site\/#organization","name":"CPNOT\u00cdCIAS","url":"https:\/\/cleitonpinheiro.com.br\/site\/","logo":{"@type":"ImageObject","inLanguage":"pt-BR","@id":"https:\/\/cleitonpinheiro.com.br\/site\/#\/schema\/logo\/image\/","url":"https:\/\/cleitonpinheiro.com.br\/site\/wp-content\/uploads\/2022\/08\/Logo-pequena-2.png","contentUrl":"https:\/\/cleitonpinheiro.com.br\/site\/wp-content\/uploads\/2022\/08\/Logo-pequena-2.png","width":500,"height":500,"caption":"CPNOT\u00cdCIAS"},"image":{"@id":"https:\/\/cleitonpinheiro.com.br\/site\/#\/schema\/logo\/image\/"},"sameAs":["https:\/\/www.facebook.com\/portalcpnoticias\/"]},{"@type":"Person","@id":"https:\/\/cleitonpinheiro.com.br\/site\/#\/schema\/person\/8f04544e0bc40a1b68775b08360f87db","name":"Reda\u00e7\u00e3o CP","image":{"@type":"ImageObject","inLanguage":"pt-BR","@id":"https:\/\/cleitonpinheiro.com.br\/site\/#\/schema\/person\/image\/","url":"https:\/\/secure.gravatar.com\/avatar\/0bcf19cb29fdc8fc588c490c7ae1b3e174dac268586a63fbe1d1893a0f9020cd?s=96&r=g","contentUrl":"https:\/\/secure.gravatar.com\/avatar\/0bcf19cb29fdc8fc588c490c7ae1b3e174dac268586a63fbe1d1893a0f9020cd?s=96&r=g","caption":"Reda\u00e7\u00e3o CP"},"url":"https:\/\/cleitonpinheiro.com.br\/site\/author\/redacao\/"}]}},"views":113,"_links":{"self":[{"href":"https:\/\/cleitonpinheiro.com.br\/site\/wp-json\/wp\/v2\/posts\/86861","targetHints":{"allow":["GET"]}}],"collection":[{"href":"https:\/\/cleitonpinheiro.com.br\/site\/wp-json\/wp\/v2\/posts"}],"about":[{"href":"https:\/\/cleitonpinheiro.com.br\/site\/wp-json\/wp\/v2\/types\/post"}],"author":[{"embeddable":true,"href":"https:\/\/cleitonpinheiro.com.br\/site\/wp-json\/wp\/v2\/users\/13"}],"replies":[{"embeddable":true,"href":"https:\/\/cleitonpinheiro.com.br\/site\/wp-json\/wp\/v2\/comments?post=86861"}],"version-history":[{"count":1,"href":"https:\/\/cleitonpinheiro.com.br\/site\/wp-json\/wp\/v2\/posts\/86861\/revisions"}],"predecessor-version":[{"id":86863,"href":"https:\/\/cleitonpinheiro.com.br\/site\/wp-json\/wp\/v2\/posts\/86861\/revisions\/86863"}],"wp:featuredmedia":[{"embeddable":true,"href":"https:\/\/cleitonpinheiro.com.br\/site\/wp-json\/wp\/v2\/media\/86862"}],"wp:attachment":[{"href":"https:\/\/cleitonpinheiro.com.br\/site\/wp-json\/wp\/v2\/media?parent=86861"}],"wp:term":[{"taxonomy":"category","embeddable":true,"href":"https:\/\/cleitonpinheiro.com.br\/site\/wp-json\/wp\/v2\/categories?post=86861"},{"taxonomy":"post_tag","embeddable":true,"href":"https:\/\/cleitonpinheiro.com.br\/site\/wp-json\/wp\/v2\/tags?post=86861"}],"curies":[{"name":"wp","href":"https:\/\/api.w.org\/{rel}","templated":true}]}}