{"id":87049,"date":"2025-10-02T10:08:11","date_gmt":"2025-10-02T13:08:11","guid":{"rendered":"https:\/\/cleitonpinheiro.com.br\/site\/?p=87049"},"modified":"2025-10-02T10:08:15","modified_gmt":"2025-10-02T13:08:15","slug":"dez-brasileiros-estao-entre-capturados-na-flotilha-de-ajuda-a-gaza","status":"publish","type":"post","link":"https:\/\/cleitonpinheiro.com.br\/site\/dez-brasileiros-estao-entre-capturados-na-flotilha-de-ajuda-a-gaza\/","title":{"rendered":"Dez brasileiros est\u00e3o entre capturados na flotilha de ajuda a Gaza"},"content":{"rendered":"\n<figure class=\"wp-block-image size-large\"><img fetchpriority=\"high\" decoding=\"async\" width=\"1024\" height=\"613\" src=\"https:\/\/cleitonpinheiro.com.br\/site\/wp-content\/uploads\/2025\/10\/ataque_a_flotilha_de_gaza-1024x613.webp\" alt=\"\" class=\"wp-image-87050\" srcset=\"https:\/\/cleitonpinheiro.com.br\/site\/wp-content\/uploads\/2025\/10\/ataque_a_flotilha_de_gaza-1024x613.webp 1024w, https:\/\/cleitonpinheiro.com.br\/site\/wp-content\/uploads\/2025\/10\/ataque_a_flotilha_de_gaza-300x179.webp 300w, https:\/\/cleitonpinheiro.com.br\/site\/wp-content\/uploads\/2025\/10\/ataque_a_flotilha_de_gaza-768x459.webp 768w, https:\/\/cleitonpinheiro.com.br\/site\/wp-content\/uploads\/2025\/10\/ataque_a_flotilha_de_gaza.webp 1170w\" sizes=\"(max-width: 1024px) 100vw, 1024px\" \/><\/figure>\n\n\n\n<p>Pelo menos 10 brasileiros e um argentino residente no Brasil est\u00e3o entre as pessoas capturadas nesta quarta-feira (1) por Israel, informa a Global Sumud Flotilla.\u00a0O grupo,\u00a0que integra a flotilha,\u00a0re\u00fane cerca de 50 embarca\u00e7\u00f5es que tentam furar o bloqueio a Gaza levando ajuda humanit\u00e1ria: alimentos, \u00e1gua pot\u00e1vel, medicamentos e brinquedos.\u00a0<img decoding=\"async\" src=\"https:\/\/agenciabrasil.ebc.com.br\/ebc.png?id=1661063&amp;o=node\"><img decoding=\"async\" src=\"https:\/\/agenciabrasil.ebc.com.br\/ebc.gif?id=1661063&amp;o=node\"><\/p>\n\n\n\n<p>O ativista brasileiro\u00a0Thiago \u00c1vila, e a deputada federal\u00a0Luizianne Lins\u00a0(PT-CE) estavam a bordo da flotilha humanit\u00e1ria interceptada\u00a0por Israel\u00a0a caminho de Gaza nesta quarta-feira (1\u00ba).<\/p>\n\n\n\n<p><strong>Na lista dos brasileiros est\u00e3o:<\/strong><\/p>\n\n\n\n<ul class=\"wp-block-list\">\n<li><strong>Ariadne Catarina Cardoso Teles<\/strong><\/li>\n\n\n\n<li><strong>Magno De Carvalho Costa\u00a0<\/strong><\/li>\n\n\n\n<li><strong>Luizianne De Oliveira Lins<\/strong><\/li>\n\n\n\n<li><strong>Gabrielle Da Silva Tolotti<\/strong><\/li>\n\n\n\n<li><strong>Bruno Sperb Rocha<\/strong><\/li>\n\n\n\n<li><strong>Mariana Conti Takahashi<\/strong><\/li>\n\n\n\n<li><strong>Thiago de \u00c1vila e Silva Oliveira<\/strong><\/li>\n\n\n\n<li><strong>Lucas Farias Gusm\u00e3o<\/strong><\/li>\n\n\n\n<li><strong>Mohamad Sami El Kadri<\/strong><\/li>\n\n\n\n<li><strong>Lisiane Proen\u00e7a Severo<\/strong><\/li>\n\n\n\n<li><strong>Nicolas Calabrese (argentino, com cidadania italiana,\u00a0 residente no Brasil)<\/strong><\/li>\n<\/ul>\n\n\n\n<figure class=\"wp-block-image alignleft\"><img decoding=\"async\" src=\"https:\/\/imagens.ebc.com.br\/uuOQt1_cRnEFpes_tItjdleglTs=\/365x0\/smart\/https:\/\/agenciabrasil.ebc.com.br\/sites\/default\/files\/thumbnails\/image\/2025\/10\/01\/thiago_avila.png?itok=3BZHk4Br\" alt=\"Ativista brasileiro Thiago \u00c1vila \u00e9 capturado por Israel em Flotilha a caminho de Gaza\" title=\"Divulga\u00e7\u00e3o\/Global Sumud Flotilla\"\/><\/figure>\n\n\n\n<p>A delega\u00e7\u00e3o brasileira que participa\u00a0da\u00a0Flotilha \u00e9 formada por 17 integrantes. Ao todo, mais de 500 pessoas, de diferentes nacionalidades, se\u00a0uniram ao protesto que se identifica como uma a\u00e7\u00e3o pac\u00edfica e n\u00e3o violenta contra o genoc\u00eddio em Gaza.<\/p>\n\n\n\n<p>At\u00e9 as 20h30 dessa quarta-feira, pelo menos 178 integrantes tinham sido capturados pelas for\u00e7as israelenses. Entre elas, a ambientalista&nbsp;Greta Thunberg, segundo a flotilha.<\/p>\n\n\n\n<p>Em nota,\u00a0a Anistia Internacional no Brasil diz que a captura das embarca\u00e7\u00f5es \u00e9 ilegal.<\/p>\n\n\n\n<p>&#8220;Nenhuma regra do direito internacional autoriza ataques a embarca\u00e7\u00f5es em livre navega\u00e7\u00e3o em \u00e1guas internacionais. A miss\u00e3o da flotilha \u00e9 pac\u00edfica, humanit\u00e1ria e legal.&#8221;\u00a0 A nota tamb\u00e9m cobra dos pa\u00edses que seja garantida a passagem segura da flotilha at\u00e9 a chegada a Gaza para a entrega dos itens de ajuda humanit\u00e1ria.<\/p>\n\n\n\n<p>Em S\u00e3o Paulo, ativistas, amigos, familiares dos brasileiros detidos come\u00e7aram nesta noite uma vig\u00edlia no Al Janiah, famosa casa de shows da cidade, fundada&nbsp;por refugiados palestinos.&nbsp; Eles tamb\u00e9m cobram apoio do governo para que os brasileiros sejam mantidos em seguran\u00e7a e pedem o rompimento das rela\u00e7\u00f5es comerciais com Israel.<\/p>\n\n\n\n<h2 class=\"wp-block-heading\">Intercepta\u00e7\u00e3o<\/h2>\n\n\n\n<p>Mais cedo, a&nbsp;flotilha internacional informou, em postagens nas redes sociais, que&nbsp;<a href=\"https:\/\/agenciabrasil.ebc.com.br\/internacional\/noticia\/2025-10\/flotilha-de-ajuda-gaza-diz-que-foi-interceptada-por-militares\" target=\"_blank\" rel=\"noreferrer noopener\">estava sofrendo agress\u00f5es das for\u00e7as israelenses<\/a>.&nbsp;Uma transmiss\u00e3o de v\u00eddeo ao vivo de um dos barcos da flotilha mostrou passageiros com coletes salva-vidas sentados no conv\u00e9s, segundo informa\u00e7\u00f5es da ag\u00eancia Reuters.<\/p>\n\n\n\n<p>O Minist\u00e9rio das Rela\u00e7\u00f5es Exteriores de Israel afirmou que sua Marinha entrou em contato com a flotilha para avisar que ela estava se aproximando de uma zona de combate ativa e violando um bloqueio legal, pedindo que eles mudassem o curso.<\/p>\n\n\n\n<p>A&nbsp;flotilha diz, em mensagens nas redes sociais,&nbsp;que as embarca\u00e7\u00f5es foram interceptadas&nbsp;&#8220;ilegalmente em \u00e1guas internacionais&#8221;.&nbsp;<\/p>\n\n\n\n<p>&#8220;Transmiss\u00f5es ao vivo e comunica\u00e7\u00f5es foram cortadas. A situa\u00e7\u00e3o dos integrantes e da tripula\u00e7\u00e3o continua sem informa\u00e7\u00e3o. Isto \u00e9 um ataque ilegal a uma a\u00e7\u00e3o humanit\u00e1ria e n\u00e3o armada. Estamos em contato com autoridades e institui\u00e7\u00f5es internacionais para solicitar a seguran\u00e7a e libera\u00e7\u00e3o dos membros&#8221;, diz.&nbsp;<\/p>\n\n\n\n<p>Na rede X, o minist\u00e9rio israelense afirmou que os barcos da flotilha foram &#8220;abordados com seguran\u00e7a&#8221; e que os passageiros &#8220;est\u00e3o sendo transferidos para um porto israelense&#8221;, conforme a Reuters.&nbsp;<\/p>\n\n\n\n<p>Essa \u00e9 a mais recente tentativa mar\u00edtima de romper o bloqueio israelense a Gaza, onde maior parte do territ\u00f3rio foi reduzida a um terreno baldio ap\u00f3s quase dois anos de guerra.<\/p>\n\n\n\n<p>A flotilha esperava chegar a Gaza na manh\u00e3 da quinta-feira, se n\u00e3o fosse interceptada.<\/p>\n\n\n\n<p>Eliane Gon\u00e7alves &#8211; Rep\u00f3rter da Radiog\u00eancia Nacional<br><\/p>\n\n\n\n<p><\/p>\n","protected":false},"excerpt":{"rendered":"<p>Pelo menos 10 brasileiros e um argentino residente no Brasil est\u00e3o entre as pessoas capturadas nesta quarta-feira (1) por Israel, informa a Global Sumud Flotilla.\u00a0O grupo,\u00a0que integra a flotilha,\u00a0re\u00fane cerca de 50 embarca\u00e7\u00f5es que tentam furar o bloqueio a Gaza levando ajuda humanit\u00e1ria: alimentos, \u00e1gua pot\u00e1vel, medicamentos e brinquedos.\u00a0 O ativista brasileiro\u00a0Thiago \u00c1vila, e a [&hellip;]<\/p>\n","protected":false},"author":13,"featured_media":87050,"comment_status":"open","ping_status":"open","sticky":false,"template":"","format":"standard","meta":{"_acf_changed":false,"footnotes":""},"categories":[19,898,21],"tags":[],"class_list":["post-87049","post","type-post","status-publish","format-standard","has-post-thumbnail","hentry","category-brasil-mundo","category-manchete-segundaria","category-todas-noticias"],"acf":[],"yoast_head":"<!-- This site is optimized with the Yoast SEO plugin v24.4 - https:\/\/yoast.com\/wordpress\/plugins\/seo\/ -->\n<title>Dez brasileiros est\u00e3o entre capturados na flotilha de ajuda a Gaza - PORTAL DE NOT\u00cdCIAS CLEITON PINHEIRO<\/title>\n<meta name=\"robots\" content=\"index, follow, max-snippet:-1, max-image-preview:large, max-video-preview:-1\" \/>\n<link rel=\"canonical\" href=\"https:\/\/cleitonpinheiro.com.br\/site\/dez-brasileiros-estao-entre-capturados-na-flotilha-de-ajuda-a-gaza\/\" \/>\n<meta property=\"og:locale\" content=\"pt_BR\" \/>\n<meta property=\"og:type\" content=\"article\" \/>\n<meta property=\"og:title\" content=\"Dez brasileiros est\u00e3o entre capturados na flotilha de ajuda a Gaza - PORTAL DE NOT\u00cdCIAS CLEITON PINHEIRO\" \/>\n<meta property=\"og:description\" content=\"Pelo menos 10 brasileiros e um argentino residente no Brasil est\u00e3o entre as pessoas capturadas nesta quarta-feira (1) por Israel, informa a Global Sumud Flotilla.\u00a0O grupo,\u00a0que integra a flotilha,\u00a0re\u00fane cerca de 50 embarca\u00e7\u00f5es que tentam furar o bloqueio a Gaza levando ajuda humanit\u00e1ria: alimentos, \u00e1gua pot\u00e1vel, medicamentos e brinquedos.\u00a0 O ativista brasileiro\u00a0Thiago \u00c1vila, e a [&hellip;]\" \/>\n<meta property=\"og:url\" content=\"https:\/\/cleitonpinheiro.com.br\/site\/dez-brasileiros-estao-entre-capturados-na-flotilha-de-ajuda-a-gaza\/\" \/>\n<meta property=\"og:site_name\" content=\"PORTAL DE NOT\u00cdCIAS CLEITON PINHEIRO\" \/>\n<meta property=\"article:publisher\" content=\"https:\/\/www.facebook.com\/portalcpnoticias\/\" \/>\n<meta property=\"article:published_time\" content=\"2025-10-02T13:08:11+00:00\" \/>\n<meta property=\"article:modified_time\" content=\"2025-10-02T13:08:15+00:00\" \/>\n<meta property=\"og:image\" content=\"https:\/\/cleitonpinheiro.com.br\/site\/wp-content\/uploads\/2025\/10\/ataque_a_flotilha_de_gaza.webp\" \/>\n\t<meta property=\"og:image:width\" content=\"1170\" \/>\n\t<meta property=\"og:image:height\" content=\"700\" \/>\n\t<meta property=\"og:image:type\" content=\"image\/webp\" \/>\n<meta name=\"author\" content=\"Reda\u00e7\u00e3o CP\" \/>\n<meta name=\"twitter:card\" content=\"summary_large_image\" \/>\n<meta name=\"twitter:label1\" content=\"Escrito por\" \/>\n\t<meta name=\"twitter:data1\" content=\"Reda\u00e7\u00e3o CP\" \/>\n\t<meta name=\"twitter:label2\" content=\"Est. tempo de leitura\" \/>\n\t<meta name=\"twitter:data2\" content=\"4 minutos\" \/>\n<script type=\"application\/ld+json\" class=\"yoast-schema-graph\">{\"@context\":\"https:\/\/schema.org\",\"@graph\":[{\"@type\":\"Article\",\"@id\":\"https:\/\/cleitonpinheiro.com.br\/site\/dez-brasileiros-estao-entre-capturados-na-flotilha-de-ajuda-a-gaza\/#article\",\"isPartOf\":{\"@id\":\"https:\/\/cleitonpinheiro.com.br\/site\/dez-brasileiros-estao-entre-capturados-na-flotilha-de-ajuda-a-gaza\/\"},\"author\":{\"name\":\"Reda\u00e7\u00e3o CP\",\"@id\":\"https:\/\/cleitonpinheiro.com.br\/site\/#\/schema\/person\/8f04544e0bc40a1b68775b08360f87db\"},\"headline\":\"Dez brasileiros est\u00e3o entre capturados na flotilha de ajuda a Gaza\",\"datePublished\":\"2025-10-02T13:08:11+00:00\",\"dateModified\":\"2025-10-02T13:08:15+00:00\",\"mainEntityOfPage\":{\"@id\":\"https:\/\/cleitonpinheiro.com.br\/site\/dez-brasileiros-estao-entre-capturados-na-flotilha-de-ajuda-a-gaza\/\"},\"wordCount\":616,\"commentCount\":0,\"publisher\":{\"@id\":\"https:\/\/cleitonpinheiro.com.br\/site\/#organization\"},\"image\":{\"@id\":\"https:\/\/cleitonpinheiro.com.br\/site\/dez-brasileiros-estao-entre-capturados-na-flotilha-de-ajuda-a-gaza\/#primaryimage\"},\"thumbnailUrl\":\"https:\/\/cleitonpinheiro.com.br\/site\/wp-content\/uploads\/2025\/10\/ataque_a_flotilha_de_gaza.webp\",\"articleSection\":[\"BRASIL \/ MUNDO\",\"MANCHETE SEGUND\u00c1RIA\",\"TODAS NOTICIAS\"],\"inLanguage\":\"pt-BR\",\"potentialAction\":[{\"@type\":\"CommentAction\",\"name\":\"Comment\",\"target\":[\"https:\/\/cleitonpinheiro.com.br\/site\/dez-brasileiros-estao-entre-capturados-na-flotilha-de-ajuda-a-gaza\/#respond\"]}]},{\"@type\":\"WebPage\",\"@id\":\"https:\/\/cleitonpinheiro.com.br\/site\/dez-brasileiros-estao-entre-capturados-na-flotilha-de-ajuda-a-gaza\/\",\"url\":\"https:\/\/cleitonpinheiro.com.br\/site\/dez-brasileiros-estao-entre-capturados-na-flotilha-de-ajuda-a-gaza\/\",\"name\":\"Dez brasileiros est\u00e3o entre capturados na flotilha de ajuda a Gaza - PORTAL DE NOT\u00cdCIAS CLEITON PINHEIRO\",\"isPartOf\":{\"@id\":\"https:\/\/cleitonpinheiro.com.br\/site\/#website\"},\"primaryImageOfPage\":{\"@id\":\"https:\/\/cleitonpinheiro.com.br\/site\/dez-brasileiros-estao-entre-capturados-na-flotilha-de-ajuda-a-gaza\/#primaryimage\"},\"image\":{\"@id\":\"https:\/\/cleitonpinheiro.com.br\/site\/dez-brasileiros-estao-entre-capturados-na-flotilha-de-ajuda-a-gaza\/#primaryimage\"},\"thumbnailUrl\":\"https:\/\/cleitonpinheiro.com.br\/site\/wp-content\/uploads\/2025\/10\/ataque_a_flotilha_de_gaza.webp\",\"datePublished\":\"2025-10-02T13:08:11+00:00\",\"dateModified\":\"2025-10-02T13:08:15+00:00\",\"breadcrumb\":{\"@id\":\"https:\/\/cleitonpinheiro.com.br\/site\/dez-brasileiros-estao-entre-capturados-na-flotilha-de-ajuda-a-gaza\/#breadcrumb\"},\"inLanguage\":\"pt-BR\",\"potentialAction\":[{\"@type\":\"ReadAction\",\"target\":[\"https:\/\/cleitonpinheiro.com.br\/site\/dez-brasileiros-estao-entre-capturados-na-flotilha-de-ajuda-a-gaza\/\"]}]},{\"@type\":\"ImageObject\",\"inLanguage\":\"pt-BR\",\"@id\":\"https:\/\/cleitonpinheiro.com.br\/site\/dez-brasileiros-estao-entre-capturados-na-flotilha-de-ajuda-a-gaza\/#primaryimage\",\"url\":\"https:\/\/cleitonpinheiro.com.br\/site\/wp-content\/uploads\/2025\/10\/ataque_a_flotilha_de_gaza.webp\",\"contentUrl\":\"https:\/\/cleitonpinheiro.com.br\/site\/wp-content\/uploads\/2025\/10\/ataque_a_flotilha_de_gaza.webp\",\"width\":1170,\"height\":700},{\"@type\":\"BreadcrumbList\",\"@id\":\"https:\/\/cleitonpinheiro.com.br\/site\/dez-brasileiros-estao-entre-capturados-na-flotilha-de-ajuda-a-gaza\/#breadcrumb\",\"itemListElement\":[{\"@type\":\"ListItem\",\"position\":1,\"name\":\"In\u00edcio\",\"item\":\"https:\/\/cleitonpinheiro.com.br\/site\/\"},{\"@type\":\"ListItem\",\"position\":2,\"name\":\"Dez brasileiros est\u00e3o entre capturados na flotilha de ajuda a Gaza\"}]},{\"@type\":\"WebSite\",\"@id\":\"https:\/\/cleitonpinheiro.com.br\/site\/#website\",\"url\":\"https:\/\/cleitonpinheiro.com.br\/site\/\",\"name\":\"PORTAL DE NOT\u00cdCIAS CLEITON PINHEIRO\",\"description\":\"FALANDO A VERDADE\",\"publisher\":{\"@id\":\"https:\/\/cleitonpinheiro.com.br\/site\/#organization\"},\"potentialAction\":[{\"@type\":\"SearchAction\",\"target\":{\"@type\":\"EntryPoint\",\"urlTemplate\":\"https:\/\/cleitonpinheiro.com.br\/site\/?s={search_term_string}\"},\"query-input\":{\"@type\":\"PropertyValueSpecification\",\"valueRequired\":true,\"valueName\":\"search_term_string\"}}],\"inLanguage\":\"pt-BR\"},{\"@type\":\"Organization\",\"@id\":\"https:\/\/cleitonpinheiro.com.br\/site\/#organization\",\"name\":\"CPNOT\u00cdCIAS\",\"url\":\"https:\/\/cleitonpinheiro.com.br\/site\/\",\"logo\":{\"@type\":\"ImageObject\",\"inLanguage\":\"pt-BR\",\"@id\":\"https:\/\/cleitonpinheiro.com.br\/site\/#\/schema\/logo\/image\/\",\"url\":\"https:\/\/cleitonpinheiro.com.br\/site\/wp-content\/uploads\/2022\/08\/Logo-pequena-2.png\",\"contentUrl\":\"https:\/\/cleitonpinheiro.com.br\/site\/wp-content\/uploads\/2022\/08\/Logo-pequena-2.png\",\"width\":500,\"height\":500,\"caption\":\"CPNOT\u00cdCIAS\"},\"image\":{\"@id\":\"https:\/\/cleitonpinheiro.com.br\/site\/#\/schema\/logo\/image\/\"},\"sameAs\":[\"https:\/\/www.facebook.com\/portalcpnoticias\/\"]},{\"@type\":\"Person\",\"@id\":\"https:\/\/cleitonpinheiro.com.br\/site\/#\/schema\/person\/8f04544e0bc40a1b68775b08360f87db\",\"name\":\"Reda\u00e7\u00e3o CP\",\"image\":{\"@type\":\"ImageObject\",\"inLanguage\":\"pt-BR\",\"@id\":\"https:\/\/cleitonpinheiro.com.br\/site\/#\/schema\/person\/image\/\",\"url\":\"https:\/\/secure.gravatar.com\/avatar\/0bcf19cb29fdc8fc588c490c7ae1b3e174dac268586a63fbe1d1893a0f9020cd?s=96&r=g\",\"contentUrl\":\"https:\/\/secure.gravatar.com\/avatar\/0bcf19cb29fdc8fc588c490c7ae1b3e174dac268586a63fbe1d1893a0f9020cd?s=96&r=g\",\"caption\":\"Reda\u00e7\u00e3o CP\"},\"url\":\"https:\/\/cleitonpinheiro.com.br\/site\/author\/redacao\/\"}]}<\/script>\n<!-- \/ Yoast SEO plugin. -->","yoast_head_json":{"title":"Dez brasileiros est\u00e3o entre capturados na flotilha de ajuda a Gaza - PORTAL DE NOT\u00cdCIAS CLEITON PINHEIRO","robots":{"index":"index","follow":"follow","max-snippet":"max-snippet:-1","max-image-preview":"max-image-preview:large","max-video-preview":"max-video-preview:-1"},"canonical":"https:\/\/cleitonpinheiro.com.br\/site\/dez-brasileiros-estao-entre-capturados-na-flotilha-de-ajuda-a-gaza\/","og_locale":"pt_BR","og_type":"article","og_title":"Dez brasileiros est\u00e3o entre capturados na flotilha de ajuda a Gaza - PORTAL DE NOT\u00cdCIAS CLEITON PINHEIRO","og_description":"Pelo menos 10 brasileiros e um argentino residente no Brasil est\u00e3o entre as pessoas capturadas nesta quarta-feira (1) por Israel, informa a Global Sumud Flotilla.\u00a0O grupo,\u00a0que integra a flotilha,\u00a0re\u00fane cerca de 50 embarca\u00e7\u00f5es que tentam furar o bloqueio a Gaza levando ajuda humanit\u00e1ria: alimentos, \u00e1gua pot\u00e1vel, medicamentos e brinquedos.\u00a0 O ativista brasileiro\u00a0Thiago \u00c1vila, e a [&hellip;]","og_url":"https:\/\/cleitonpinheiro.com.br\/site\/dez-brasileiros-estao-entre-capturados-na-flotilha-de-ajuda-a-gaza\/","og_site_name":"PORTAL DE NOT\u00cdCIAS CLEITON PINHEIRO","article_publisher":"https:\/\/www.facebook.com\/portalcpnoticias\/","article_published_time":"2025-10-02T13:08:11+00:00","article_modified_time":"2025-10-02T13:08:15+00:00","og_image":[{"width":1170,"height":700,"url":"https:\/\/cleitonpinheiro.com.br\/site\/wp-content\/uploads\/2025\/10\/ataque_a_flotilha_de_gaza.webp","type":"image\/webp"}],"author":"Reda\u00e7\u00e3o CP","twitter_card":"summary_large_image","twitter_misc":{"Escrito por":"Reda\u00e7\u00e3o CP","Est. tempo de leitura":"4 minutos"},"schema":{"@context":"https:\/\/schema.org","@graph":[{"@type":"Article","@id":"https:\/\/cleitonpinheiro.com.br\/site\/dez-brasileiros-estao-entre-capturados-na-flotilha-de-ajuda-a-gaza\/#article","isPartOf":{"@id":"https:\/\/cleitonpinheiro.com.br\/site\/dez-brasileiros-estao-entre-capturados-na-flotilha-de-ajuda-a-gaza\/"},"author":{"name":"Reda\u00e7\u00e3o CP","@id":"https:\/\/cleitonpinheiro.com.br\/site\/#\/schema\/person\/8f04544e0bc40a1b68775b08360f87db"},"headline":"Dez brasileiros est\u00e3o entre capturados na flotilha de ajuda a Gaza","datePublished":"2025-10-02T13:08:11+00:00","dateModified":"2025-10-02T13:08:15+00:00","mainEntityOfPage":{"@id":"https:\/\/cleitonpinheiro.com.br\/site\/dez-brasileiros-estao-entre-capturados-na-flotilha-de-ajuda-a-gaza\/"},"wordCount":616,"commentCount":0,"publisher":{"@id":"https:\/\/cleitonpinheiro.com.br\/site\/#organization"},"image":{"@id":"https:\/\/cleitonpinheiro.com.br\/site\/dez-brasileiros-estao-entre-capturados-na-flotilha-de-ajuda-a-gaza\/#primaryimage"},"thumbnailUrl":"https:\/\/cleitonpinheiro.com.br\/site\/wp-content\/uploads\/2025\/10\/ataque_a_flotilha_de_gaza.webp","articleSection":["BRASIL \/ MUNDO","MANCHETE SEGUND\u00c1RIA","TODAS NOTICIAS"],"inLanguage":"pt-BR","potentialAction":[{"@type":"CommentAction","name":"Comment","target":["https:\/\/cleitonpinheiro.com.br\/site\/dez-brasileiros-estao-entre-capturados-na-flotilha-de-ajuda-a-gaza\/#respond"]}]},{"@type":"WebPage","@id":"https:\/\/cleitonpinheiro.com.br\/site\/dez-brasileiros-estao-entre-capturados-na-flotilha-de-ajuda-a-gaza\/","url":"https:\/\/cleitonpinheiro.com.br\/site\/dez-brasileiros-estao-entre-capturados-na-flotilha-de-ajuda-a-gaza\/","name":"Dez brasileiros est\u00e3o entre capturados na flotilha de ajuda a Gaza - PORTAL DE NOT\u00cdCIAS CLEITON PINHEIRO","isPartOf":{"@id":"https:\/\/cleitonpinheiro.com.br\/site\/#website"},"primaryImageOfPage":{"@id":"https:\/\/cleitonpinheiro.com.br\/site\/dez-brasileiros-estao-entre-capturados-na-flotilha-de-ajuda-a-gaza\/#primaryimage"},"image":{"@id":"https:\/\/cleitonpinheiro.com.br\/site\/dez-brasileiros-estao-entre-capturados-na-flotilha-de-ajuda-a-gaza\/#primaryimage"},"thumbnailUrl":"https:\/\/cleitonpinheiro.com.br\/site\/wp-content\/uploads\/2025\/10\/ataque_a_flotilha_de_gaza.webp","datePublished":"2025-10-02T13:08:11+00:00","dateModified":"2025-10-02T13:08:15+00:00","breadcrumb":{"@id":"https:\/\/cleitonpinheiro.com.br\/site\/dez-brasileiros-estao-entre-capturados-na-flotilha-de-ajuda-a-gaza\/#breadcrumb"},"inLanguage":"pt-BR","potentialAction":[{"@type":"ReadAction","target":["https:\/\/cleitonpinheiro.com.br\/site\/dez-brasileiros-estao-entre-capturados-na-flotilha-de-ajuda-a-gaza\/"]}]},{"@type":"ImageObject","inLanguage":"pt-BR","@id":"https:\/\/cleitonpinheiro.com.br\/site\/dez-brasileiros-estao-entre-capturados-na-flotilha-de-ajuda-a-gaza\/#primaryimage","url":"https:\/\/cleitonpinheiro.com.br\/site\/wp-content\/uploads\/2025\/10\/ataque_a_flotilha_de_gaza.webp","contentUrl":"https:\/\/cleitonpinheiro.com.br\/site\/wp-content\/uploads\/2025\/10\/ataque_a_flotilha_de_gaza.webp","width":1170,"height":700},{"@type":"BreadcrumbList","@id":"https:\/\/cleitonpinheiro.com.br\/site\/dez-brasileiros-estao-entre-capturados-na-flotilha-de-ajuda-a-gaza\/#breadcrumb","itemListElement":[{"@type":"ListItem","position":1,"name":"In\u00edcio","item":"https:\/\/cleitonpinheiro.com.br\/site\/"},{"@type":"ListItem","position":2,"name":"Dez brasileiros est\u00e3o entre capturados na flotilha de ajuda a Gaza"}]},{"@type":"WebSite","@id":"https:\/\/cleitonpinheiro.com.br\/site\/#website","url":"https:\/\/cleitonpinheiro.com.br\/site\/","name":"PORTAL DE NOT\u00cdCIAS CLEITON PINHEIRO","description":"FALANDO A VERDADE","publisher":{"@id":"https:\/\/cleitonpinheiro.com.br\/site\/#organization"},"potentialAction":[{"@type":"SearchAction","target":{"@type":"EntryPoint","urlTemplate":"https:\/\/cleitonpinheiro.com.br\/site\/?s={search_term_string}"},"query-input":{"@type":"PropertyValueSpecification","valueRequired":true,"valueName":"search_term_string"}}],"inLanguage":"pt-BR"},{"@type":"Organization","@id":"https:\/\/cleitonpinheiro.com.br\/site\/#organization","name":"CPNOT\u00cdCIAS","url":"https:\/\/cleitonpinheiro.com.br\/site\/","logo":{"@type":"ImageObject","inLanguage":"pt-BR","@id":"https:\/\/cleitonpinheiro.com.br\/site\/#\/schema\/logo\/image\/","url":"https:\/\/cleitonpinheiro.com.br\/site\/wp-content\/uploads\/2022\/08\/Logo-pequena-2.png","contentUrl":"https:\/\/cleitonpinheiro.com.br\/site\/wp-content\/uploads\/2022\/08\/Logo-pequena-2.png","width":500,"height":500,"caption":"CPNOT\u00cdCIAS"},"image":{"@id":"https:\/\/cleitonpinheiro.com.br\/site\/#\/schema\/logo\/image\/"},"sameAs":["https:\/\/www.facebook.com\/portalcpnoticias\/"]},{"@type":"Person","@id":"https:\/\/cleitonpinheiro.com.br\/site\/#\/schema\/person\/8f04544e0bc40a1b68775b08360f87db","name":"Reda\u00e7\u00e3o CP","image":{"@type":"ImageObject","inLanguage":"pt-BR","@id":"https:\/\/cleitonpinheiro.com.br\/site\/#\/schema\/person\/image\/","url":"https:\/\/secure.gravatar.com\/avatar\/0bcf19cb29fdc8fc588c490c7ae1b3e174dac268586a63fbe1d1893a0f9020cd?s=96&r=g","contentUrl":"https:\/\/secure.gravatar.com\/avatar\/0bcf19cb29fdc8fc588c490c7ae1b3e174dac268586a63fbe1d1893a0f9020cd?s=96&r=g","caption":"Reda\u00e7\u00e3o CP"},"url":"https:\/\/cleitonpinheiro.com.br\/site\/author\/redacao\/"}]}},"views":119,"_links":{"self":[{"href":"https:\/\/cleitonpinheiro.com.br\/site\/wp-json\/wp\/v2\/posts\/87049","targetHints":{"allow":["GET"]}}],"collection":[{"href":"https:\/\/cleitonpinheiro.com.br\/site\/wp-json\/wp\/v2\/posts"}],"about":[{"href":"https:\/\/cleitonpinheiro.com.br\/site\/wp-json\/wp\/v2\/types\/post"}],"author":[{"embeddable":true,"href":"https:\/\/cleitonpinheiro.com.br\/site\/wp-json\/wp\/v2\/users\/13"}],"replies":[{"embeddable":true,"href":"https:\/\/cleitonpinheiro.com.br\/site\/wp-json\/wp\/v2\/comments?post=87049"}],"version-history":[{"count":1,"href":"https:\/\/cleitonpinheiro.com.br\/site\/wp-json\/wp\/v2\/posts\/87049\/revisions"}],"predecessor-version":[{"id":87051,"href":"https:\/\/cleitonpinheiro.com.br\/site\/wp-json\/wp\/v2\/posts\/87049\/revisions\/87051"}],"wp:featuredmedia":[{"embeddable":true,"href":"https:\/\/cleitonpinheiro.com.br\/site\/wp-json\/wp\/v2\/media\/87050"}],"wp:attachment":[{"href":"https:\/\/cleitonpinheiro.com.br\/site\/wp-json\/wp\/v2\/media?parent=87049"}],"wp:term":[{"taxonomy":"category","embeddable":true,"href":"https:\/\/cleitonpinheiro.com.br\/site\/wp-json\/wp\/v2\/categories?post=87049"},{"taxonomy":"post_tag","embeddable":true,"href":"https:\/\/cleitonpinheiro.com.br\/site\/wp-json\/wp\/v2\/tags?post=87049"}],"curies":[{"name":"wp","href":"https:\/\/api.w.org\/{rel}","templated":true}]}}