{"id":87052,"date":"2025-10-02T13:51:03","date_gmt":"2025-10-02T16:51:03","guid":{"rendered":"https:\/\/cleitonpinheiro.com.br\/site\/?p=87052"},"modified":"2025-10-02T13:51:08","modified_gmt":"2025-10-02T16:51:08","slug":"movimentos-sociais-tornam-publica-carta-de-denuncia-do-desmatamento-e-do-programa-redd-no-tocantins","status":"publish","type":"post","link":"https:\/\/cleitonpinheiro.com.br\/site\/movimentos-sociais-tornam-publica-carta-de-denuncia-do-desmatamento-e-do-programa-redd-no-tocantins\/","title":{"rendered":"Movimentos sociais tornam p\u00fablica carta de den\u00fancia do desmatamento e do programa REDD+ no Tocantins"},"content":{"rendered":"\n<figure class=\"wp-block-image size-large\"><img fetchpriority=\"high\" decoding=\"async\" width=\"1024\" height=\"768\" src=\"https:\/\/cleitonpinheiro.com.br\/site\/wp-content\/uploads\/2025\/10\/Foto-Isabela-Enumo-Vozes-do-Tocantins-1-1024x768.jpeg\" alt=\"\" class=\"wp-image-87053\" srcset=\"https:\/\/cleitonpinheiro.com.br\/site\/wp-content\/uploads\/2025\/10\/Foto-Isabela-Enumo-Vozes-do-Tocantins-1-1024x768.jpeg 1024w, https:\/\/cleitonpinheiro.com.br\/site\/wp-content\/uploads\/2025\/10\/Foto-Isabela-Enumo-Vozes-do-Tocantins-1-300x225.jpeg 300w, https:\/\/cleitonpinheiro.com.br\/site\/wp-content\/uploads\/2025\/10\/Foto-Isabela-Enumo-Vozes-do-Tocantins-1-768x576.jpeg 768w, https:\/\/cleitonpinheiro.com.br\/site\/wp-content\/uploads\/2025\/10\/Foto-Isabela-Enumo-Vozes-do-Tocantins-1.jpeg 1280w\" sizes=\"(max-width: 1024px) 100vw, 1024px\" \/><\/figure>\n\n\n\n<p>Movimentos sociais, organiza\u00e7\u00f5es da sociedade civil e pesquisadores divulgaram carta-manifesto que denuncia o avan\u00e7o do desmatamento no Tocantins e pede a suspens\u00e3o imediata do Programa de REDD+ Jurisdicional no estado. O documento \u00e9 resultado do semin\u00e1rio Tocantins na Encruzilhada: Combate ao Desmatamento e An\u00e1lise Cr\u00edtica ao REDD+ Jurisdicional, realizado nos dias 25 e 26 de setembro na Universidade Federal do Tocantins (UFT), em Palmas.<\/p>\n\n\n\n<p>O encontro reuniu ind\u00edgenas, quilombolas, camponeses e organiza\u00e7\u00f5es socioambientais para debater os impactos do agroneg\u00f3cio, os conflitos fundi\u00e1rios e as contradi\u00e7\u00f5es do programa de REDD+. Durante a programa\u00e7\u00e3o, foram apresentados dados recentes sobre desmatamento, experi\u00eancias de REDD+ em outros estados e den\u00fancias sobre falhas no processo de consulta \u00e0s comunidades tocantinenses.<\/p>\n\n\n\n<p><strong>Carta denuncia avan\u00e7o do desmatamento e da viol\u00eancia<\/strong><\/p>\n\n\n\n<p>Na carta, os movimentos apontam o Estado brasileiro como respons\u00e1vel por transformar o Cerrado em um \u201cbioma de sacrif\u00edcio\u201d, destinado \u00e0 expans\u00e3o do agroneg\u00f3cio, da pecu\u00e1ria extensiva e da minera\u00e7\u00e3o. O texto tamb\u00e9m critica o REDD+ Jurisdicional, apontado como mecanismo de mercantiliza\u00e7\u00e3o da natureza que n\u00e3o enfrenta as causas estruturais do desmatamento e exclui povos e comunidades respons\u00e1veis pela preserva\u00e7\u00e3o dos territ\u00f3rios.<\/p>\n\n\n\n<p>Entre as propostas est\u00e3o: suspens\u00e3o do programa REDD+ jurisdicional at\u00e9 que haja consulta livre, pr\u00e9via e informada e revis\u00e3o cr\u00edtica das salvaguardas; a revoga\u00e7\u00e3o de leis estaduais que favorecem a grilagem; regulariza\u00e7\u00e3o fundi\u00e1ria de terras ind\u00edgenas, quilombolas e camponesas; cria\u00e7\u00e3o de uma plataforma p\u00fablica de transpar\u00eancia fundi\u00e1ria; e o fortalecimento da agroecologia e da agricultura familiar.<\/p>\n\n\n\n<p><strong>Panorama do desmatamento<\/strong><\/p>\n\n\n\n<p>Segundo dados do MapBiomas, a regi\u00e3o conhecida como Matopiba \u2014 que abrange Maranh\u00e3o, Tocantins, Piau\u00ed e Bahia \u2014 concentrou mais de 80% do desmatamento do Cerrado em 2024. S\u00f3 no Tocantins, foram perdidos 230,2 mil hectares de vegeta\u00e7\u00e3o nativa em 2023, um aumento de 177,9% em rela\u00e7\u00e3o a 2022. Vanessa Lopes, professora da Universidade Federal do Tocantins e membro da Coaliz\u00e3o Vozes do Tocantins por Justi\u00e7a Clim\u00e1tica, comenta dados preliminares da pesquisa desenvolvida pelo N\u00facleo de Pr\u00e1ticas Jur\u00eddicas de Arraias sobre o desmatamento no Tocantins.<\/p>\n\n\n\n<p>\u201cO que essa avalia\u00e7\u00e3o tem indicado \u00e9 que houve de 1985 a 2024 uma supress\u00e3o da cobertura vegetal natural, proporcionalmente maior dentro da APA Ilha do Bananal\/Cant\u00e3o em rela\u00e7\u00e3o ao restante do Estado. Ou seja, a APA, cuja raz\u00e3o \u00e9 uma maior prote\u00e7\u00e3o ambiental naquele territ\u00f3rio, n\u00e3o tem alcan\u00e7ado esse objetivo. O \u00f3rg\u00e3o ambiental deveria exigir um maior rigor na hora de emitir essas licen\u00e7as porque s\u00e3o \u00e1reas sens\u00edveis, em que h\u00e1 uma biodiversidade muito grande, mas n\u00e3o est\u00e1 sendo dessa maneira. A pesquisa tem indicado ent\u00e3o uma zona de sacrif\u00edcio na pr\u00f3pria \u00c1rea de Prote\u00e7\u00e3o Ambiental (APA), inclusive, dentro do contexto do MATOPIBA, ela \u00e9 recorde de perda de cobertura natural, em termos de APAs\u201d, relata a pesquisadora.<\/p>\n\n\n\n<p><strong>Cr\u00edticas ao REDD+<\/strong><\/p>\n\n\n\n<p>As cr\u00edticas ao programa de REDD+ Jurisdicional, defendido pelo governo como estrat\u00e9gia de conten\u00e7\u00e3o do desmatamento por meio da venda de cr\u00e9ditos de carbono, foram centrais nas discuss\u00f5es. Movimentos sociais denunciam falta de di\u00e1logo com povos ind\u00edgenas, quilombolas e comunidades tradicionais, al\u00e9m de problemas de transpar\u00eancia semelhantes aos observados no Acre e no Par\u00e1.<\/p>\n\n\n\n<p>Maria Aparecida de Sousa, coordenadora da Coordena\u00e7\u00e3o Estadual das Comunidades Quilombolas do Tocantins (COEQTO), destacou irregularidades no processo de consulta promovido pelo governo estadual junto a comunidades quilombolas e refor\u00e7ou a necessidade de respeito aos protocolos pr\u00f3prios de consulta elaborados pela COEQTO e pelas associa\u00e7\u00f5es locais. \u201cA COEQTO, junto com as lideran\u00e7as quilombolas, fez o documento de como gostar\u00edamos que fosse feita a consulta nas comunidades, protocolamos na defensoria e no minist\u00e9rio p\u00fablico, al\u00e9m de reuni\u00f5es com a Semarh. O processo seguiu e percebemos que n\u00e3o \u00e9 seguido nada do que foi pedido\u201d, pontuou.<\/p>\n\n\n\n<p>A lideran\u00e7a ind\u00edgena Apinaj\u00e9 Ant\u00f4nio Ver\u00edssimo, da Aldeia Cocalinho, tamb\u00e9m ressaltou a falta de informa\u00e7\u00f5es no processo de di\u00e1logo. \u201cN\u00f3s n\u00e3o sabemos quem ir\u00e1 ser beneficiado, de que forma ir\u00e1 ser beneficiado, n\u00f3s n\u00e3o temos seguran\u00e7a nenhuma\u201d, disse.<\/p>\n","protected":false},"excerpt":{"rendered":"<p>Movimentos sociais, organiza\u00e7\u00f5es da sociedade civil e pesquisadores divulgaram carta-manifesto que denuncia o avan\u00e7o do desmatamento no Tocantins e pede a suspens\u00e3o imediata do Programa de REDD+ Jurisdicional no estado. O documento \u00e9 resultado do semin\u00e1rio Tocantins na Encruzilhada: Combate ao Desmatamento e An\u00e1lise Cr\u00edtica ao REDD+ Jurisdicional, realizado nos dias 25 e 26 de [&hellip;]<\/p>\n","protected":false},"author":13,"featured_media":87053,"comment_status":"open","ping_status":"open","sticky":false,"template":"","format":"standard","meta":{"_acf_changed":false,"footnotes":""},"categories":[8,898,21],"tags":[],"class_list":["post-87052","post","type-post","status-publish","format-standard","has-post-thumbnail","hentry","category-estado","category-manchete-segundaria","category-todas-noticias"],"acf":[],"yoast_head":"<!-- This site is optimized with the Yoast SEO plugin v24.4 - https:\/\/yoast.com\/wordpress\/plugins\/seo\/ -->\n<title>Movimentos sociais tornam p\u00fablica carta de den\u00fancia do desmatamento e do programa REDD+ no Tocantins - PORTAL DE NOT\u00cdCIAS CLEITON PINHEIRO<\/title>\n<meta name=\"robots\" content=\"index, follow, max-snippet:-1, max-image-preview:large, max-video-preview:-1\" \/>\n<link rel=\"canonical\" href=\"https:\/\/cleitonpinheiro.com.br\/site\/movimentos-sociais-tornam-publica-carta-de-denuncia-do-desmatamento-e-do-programa-redd-no-tocantins\/\" \/>\n<meta property=\"og:locale\" content=\"pt_BR\" \/>\n<meta property=\"og:type\" content=\"article\" \/>\n<meta property=\"og:title\" content=\"Movimentos sociais tornam p\u00fablica carta de den\u00fancia do desmatamento e do programa REDD+ no Tocantins - PORTAL DE NOT\u00cdCIAS CLEITON PINHEIRO\" \/>\n<meta property=\"og:description\" content=\"Movimentos sociais, organiza\u00e7\u00f5es da sociedade civil e pesquisadores divulgaram carta-manifesto que denuncia o avan\u00e7o do desmatamento no Tocantins e pede a suspens\u00e3o imediata do Programa de REDD+ Jurisdicional no estado. O documento \u00e9 resultado do semin\u00e1rio Tocantins na Encruzilhada: Combate ao Desmatamento e An\u00e1lise Cr\u00edtica ao REDD+ Jurisdicional, realizado nos dias 25 e 26 de [&hellip;]\" \/>\n<meta property=\"og:url\" content=\"https:\/\/cleitonpinheiro.com.br\/site\/movimentos-sociais-tornam-publica-carta-de-denuncia-do-desmatamento-e-do-programa-redd-no-tocantins\/\" \/>\n<meta property=\"og:site_name\" content=\"PORTAL DE NOT\u00cdCIAS CLEITON PINHEIRO\" \/>\n<meta property=\"article:publisher\" content=\"https:\/\/www.facebook.com\/portalcpnoticias\/\" \/>\n<meta property=\"article:published_time\" content=\"2025-10-02T16:51:03+00:00\" \/>\n<meta property=\"article:modified_time\" content=\"2025-10-02T16:51:08+00:00\" \/>\n<meta property=\"og:image\" content=\"https:\/\/cleitonpinheiro.com.br\/site\/wp-content\/uploads\/2025\/10\/Foto-Isabela-Enumo-Vozes-do-Tocantins-1.jpeg\" \/>\n\t<meta property=\"og:image:width\" content=\"1280\" \/>\n\t<meta property=\"og:image:height\" content=\"960\" \/>\n\t<meta property=\"og:image:type\" content=\"image\/jpeg\" \/>\n<meta name=\"author\" content=\"Reda\u00e7\u00e3o CP\" \/>\n<meta name=\"twitter:card\" content=\"summary_large_image\" \/>\n<meta name=\"twitter:label1\" content=\"Escrito por\" \/>\n\t<meta name=\"twitter:data1\" content=\"Reda\u00e7\u00e3o CP\" \/>\n\t<meta name=\"twitter:label2\" content=\"Est. tempo de leitura\" \/>\n\t<meta name=\"twitter:data2\" content=\"4 minutos\" \/>\n<script type=\"application\/ld+json\" class=\"yoast-schema-graph\">{\"@context\":\"https:\/\/schema.org\",\"@graph\":[{\"@type\":\"Article\",\"@id\":\"https:\/\/cleitonpinheiro.com.br\/site\/movimentos-sociais-tornam-publica-carta-de-denuncia-do-desmatamento-e-do-programa-redd-no-tocantins\/#article\",\"isPartOf\":{\"@id\":\"https:\/\/cleitonpinheiro.com.br\/site\/movimentos-sociais-tornam-publica-carta-de-denuncia-do-desmatamento-e-do-programa-redd-no-tocantins\/\"},\"author\":{\"name\":\"Reda\u00e7\u00e3o CP\",\"@id\":\"https:\/\/cleitonpinheiro.com.br\/site\/#\/schema\/person\/8f04544e0bc40a1b68775b08360f87db\"},\"headline\":\"Movimentos sociais tornam p\u00fablica carta de den\u00fancia do desmatamento e do programa REDD+ no Tocantins\",\"datePublished\":\"2025-10-02T16:51:03+00:00\",\"dateModified\":\"2025-10-02T16:51:08+00:00\",\"mainEntityOfPage\":{\"@id\":\"https:\/\/cleitonpinheiro.com.br\/site\/movimentos-sociais-tornam-publica-carta-de-denuncia-do-desmatamento-e-do-programa-redd-no-tocantins\/\"},\"wordCount\":739,\"commentCount\":0,\"publisher\":{\"@id\":\"https:\/\/cleitonpinheiro.com.br\/site\/#organization\"},\"image\":{\"@id\":\"https:\/\/cleitonpinheiro.com.br\/site\/movimentos-sociais-tornam-publica-carta-de-denuncia-do-desmatamento-e-do-programa-redd-no-tocantins\/#primaryimage\"},\"thumbnailUrl\":\"https:\/\/cleitonpinheiro.com.br\/site\/wp-content\/uploads\/2025\/10\/Foto-Isabela-Enumo-Vozes-do-Tocantins-1.jpeg\",\"articleSection\":[\"ESTADO\",\"MANCHETE SEGUND\u00c1RIA\",\"TODAS NOTICIAS\"],\"inLanguage\":\"pt-BR\",\"potentialAction\":[{\"@type\":\"CommentAction\",\"name\":\"Comment\",\"target\":[\"https:\/\/cleitonpinheiro.com.br\/site\/movimentos-sociais-tornam-publica-carta-de-denuncia-do-desmatamento-e-do-programa-redd-no-tocantins\/#respond\"]}]},{\"@type\":\"WebPage\",\"@id\":\"https:\/\/cleitonpinheiro.com.br\/site\/movimentos-sociais-tornam-publica-carta-de-denuncia-do-desmatamento-e-do-programa-redd-no-tocantins\/\",\"url\":\"https:\/\/cleitonpinheiro.com.br\/site\/movimentos-sociais-tornam-publica-carta-de-denuncia-do-desmatamento-e-do-programa-redd-no-tocantins\/\",\"name\":\"Movimentos sociais tornam p\u00fablica carta de den\u00fancia do desmatamento e do programa REDD+ no Tocantins - PORTAL DE NOT\u00cdCIAS CLEITON PINHEIRO\",\"isPartOf\":{\"@id\":\"https:\/\/cleitonpinheiro.com.br\/site\/#website\"},\"primaryImageOfPage\":{\"@id\":\"https:\/\/cleitonpinheiro.com.br\/site\/movimentos-sociais-tornam-publica-carta-de-denuncia-do-desmatamento-e-do-programa-redd-no-tocantins\/#primaryimage\"},\"image\":{\"@id\":\"https:\/\/cleitonpinheiro.com.br\/site\/movimentos-sociais-tornam-publica-carta-de-denuncia-do-desmatamento-e-do-programa-redd-no-tocantins\/#primaryimage\"},\"thumbnailUrl\":\"https:\/\/cleitonpinheiro.com.br\/site\/wp-content\/uploads\/2025\/10\/Foto-Isabela-Enumo-Vozes-do-Tocantins-1.jpeg\",\"datePublished\":\"2025-10-02T16:51:03+00:00\",\"dateModified\":\"2025-10-02T16:51:08+00:00\",\"breadcrumb\":{\"@id\":\"https:\/\/cleitonpinheiro.com.br\/site\/movimentos-sociais-tornam-publica-carta-de-denuncia-do-desmatamento-e-do-programa-redd-no-tocantins\/#breadcrumb\"},\"inLanguage\":\"pt-BR\",\"potentialAction\":[{\"@type\":\"ReadAction\",\"target\":[\"https:\/\/cleitonpinheiro.com.br\/site\/movimentos-sociais-tornam-publica-carta-de-denuncia-do-desmatamento-e-do-programa-redd-no-tocantins\/\"]}]},{\"@type\":\"ImageObject\",\"inLanguage\":\"pt-BR\",\"@id\":\"https:\/\/cleitonpinheiro.com.br\/site\/movimentos-sociais-tornam-publica-carta-de-denuncia-do-desmatamento-e-do-programa-redd-no-tocantins\/#primaryimage\",\"url\":\"https:\/\/cleitonpinheiro.com.br\/site\/wp-content\/uploads\/2025\/10\/Foto-Isabela-Enumo-Vozes-do-Tocantins-1.jpeg\",\"contentUrl\":\"https:\/\/cleitonpinheiro.com.br\/site\/wp-content\/uploads\/2025\/10\/Foto-Isabela-Enumo-Vozes-do-Tocantins-1.jpeg\",\"width\":1280,\"height\":960},{\"@type\":\"BreadcrumbList\",\"@id\":\"https:\/\/cleitonpinheiro.com.br\/site\/movimentos-sociais-tornam-publica-carta-de-denuncia-do-desmatamento-e-do-programa-redd-no-tocantins\/#breadcrumb\",\"itemListElement\":[{\"@type\":\"ListItem\",\"position\":1,\"name\":\"In\u00edcio\",\"item\":\"https:\/\/cleitonpinheiro.com.br\/site\/\"},{\"@type\":\"ListItem\",\"position\":2,\"name\":\"Movimentos sociais tornam p\u00fablica carta de den\u00fancia do desmatamento e do programa REDD+ no Tocantins\"}]},{\"@type\":\"WebSite\",\"@id\":\"https:\/\/cleitonpinheiro.com.br\/site\/#website\",\"url\":\"https:\/\/cleitonpinheiro.com.br\/site\/\",\"name\":\"PORTAL DE NOT\u00cdCIAS CLEITON PINHEIRO\",\"description\":\"FALANDO A VERDADE\",\"publisher\":{\"@id\":\"https:\/\/cleitonpinheiro.com.br\/site\/#organization\"},\"potentialAction\":[{\"@type\":\"SearchAction\",\"target\":{\"@type\":\"EntryPoint\",\"urlTemplate\":\"https:\/\/cleitonpinheiro.com.br\/site\/?s={search_term_string}\"},\"query-input\":{\"@type\":\"PropertyValueSpecification\",\"valueRequired\":true,\"valueName\":\"search_term_string\"}}],\"inLanguage\":\"pt-BR\"},{\"@type\":\"Organization\",\"@id\":\"https:\/\/cleitonpinheiro.com.br\/site\/#organization\",\"name\":\"CPNOT\u00cdCIAS\",\"url\":\"https:\/\/cleitonpinheiro.com.br\/site\/\",\"logo\":{\"@type\":\"ImageObject\",\"inLanguage\":\"pt-BR\",\"@id\":\"https:\/\/cleitonpinheiro.com.br\/site\/#\/schema\/logo\/image\/\",\"url\":\"https:\/\/cleitonpinheiro.com.br\/site\/wp-content\/uploads\/2022\/08\/Logo-pequena-2.png\",\"contentUrl\":\"https:\/\/cleitonpinheiro.com.br\/site\/wp-content\/uploads\/2022\/08\/Logo-pequena-2.png\",\"width\":500,\"height\":500,\"caption\":\"CPNOT\u00cdCIAS\"},\"image\":{\"@id\":\"https:\/\/cleitonpinheiro.com.br\/site\/#\/schema\/logo\/image\/\"},\"sameAs\":[\"https:\/\/www.facebook.com\/portalcpnoticias\/\"]},{\"@type\":\"Person\",\"@id\":\"https:\/\/cleitonpinheiro.com.br\/site\/#\/schema\/person\/8f04544e0bc40a1b68775b08360f87db\",\"name\":\"Reda\u00e7\u00e3o CP\",\"image\":{\"@type\":\"ImageObject\",\"inLanguage\":\"pt-BR\",\"@id\":\"https:\/\/cleitonpinheiro.com.br\/site\/#\/schema\/person\/image\/\",\"url\":\"https:\/\/secure.gravatar.com\/avatar\/0bcf19cb29fdc8fc588c490c7ae1b3e174dac268586a63fbe1d1893a0f9020cd?s=96&r=g\",\"contentUrl\":\"https:\/\/secure.gravatar.com\/avatar\/0bcf19cb29fdc8fc588c490c7ae1b3e174dac268586a63fbe1d1893a0f9020cd?s=96&r=g\",\"caption\":\"Reda\u00e7\u00e3o CP\"},\"url\":\"https:\/\/cleitonpinheiro.com.br\/site\/author\/redacao\/\"}]}<\/script>\n<!-- \/ Yoast SEO plugin. -->","yoast_head_json":{"title":"Movimentos sociais tornam p\u00fablica carta de den\u00fancia do desmatamento e do programa REDD+ no Tocantins - PORTAL DE NOT\u00cdCIAS CLEITON PINHEIRO","robots":{"index":"index","follow":"follow","max-snippet":"max-snippet:-1","max-image-preview":"max-image-preview:large","max-video-preview":"max-video-preview:-1"},"canonical":"https:\/\/cleitonpinheiro.com.br\/site\/movimentos-sociais-tornam-publica-carta-de-denuncia-do-desmatamento-e-do-programa-redd-no-tocantins\/","og_locale":"pt_BR","og_type":"article","og_title":"Movimentos sociais tornam p\u00fablica carta de den\u00fancia do desmatamento e do programa REDD+ no Tocantins - PORTAL DE NOT\u00cdCIAS CLEITON PINHEIRO","og_description":"Movimentos sociais, organiza\u00e7\u00f5es da sociedade civil e pesquisadores divulgaram carta-manifesto que denuncia o avan\u00e7o do desmatamento no Tocantins e pede a suspens\u00e3o imediata do Programa de REDD+ Jurisdicional no estado. O documento \u00e9 resultado do semin\u00e1rio Tocantins na Encruzilhada: Combate ao Desmatamento e An\u00e1lise Cr\u00edtica ao REDD+ Jurisdicional, realizado nos dias 25 e 26 de [&hellip;]","og_url":"https:\/\/cleitonpinheiro.com.br\/site\/movimentos-sociais-tornam-publica-carta-de-denuncia-do-desmatamento-e-do-programa-redd-no-tocantins\/","og_site_name":"PORTAL DE NOT\u00cdCIAS CLEITON PINHEIRO","article_publisher":"https:\/\/www.facebook.com\/portalcpnoticias\/","article_published_time":"2025-10-02T16:51:03+00:00","article_modified_time":"2025-10-02T16:51:08+00:00","og_image":[{"width":1280,"height":960,"url":"https:\/\/cleitonpinheiro.com.br\/site\/wp-content\/uploads\/2025\/10\/Foto-Isabela-Enumo-Vozes-do-Tocantins-1.jpeg","type":"image\/jpeg"}],"author":"Reda\u00e7\u00e3o CP","twitter_card":"summary_large_image","twitter_misc":{"Escrito por":"Reda\u00e7\u00e3o CP","Est. tempo de leitura":"4 minutos"},"schema":{"@context":"https:\/\/schema.org","@graph":[{"@type":"Article","@id":"https:\/\/cleitonpinheiro.com.br\/site\/movimentos-sociais-tornam-publica-carta-de-denuncia-do-desmatamento-e-do-programa-redd-no-tocantins\/#article","isPartOf":{"@id":"https:\/\/cleitonpinheiro.com.br\/site\/movimentos-sociais-tornam-publica-carta-de-denuncia-do-desmatamento-e-do-programa-redd-no-tocantins\/"},"author":{"name":"Reda\u00e7\u00e3o CP","@id":"https:\/\/cleitonpinheiro.com.br\/site\/#\/schema\/person\/8f04544e0bc40a1b68775b08360f87db"},"headline":"Movimentos sociais tornam p\u00fablica carta de den\u00fancia do desmatamento e do programa REDD+ no Tocantins","datePublished":"2025-10-02T16:51:03+00:00","dateModified":"2025-10-02T16:51:08+00:00","mainEntityOfPage":{"@id":"https:\/\/cleitonpinheiro.com.br\/site\/movimentos-sociais-tornam-publica-carta-de-denuncia-do-desmatamento-e-do-programa-redd-no-tocantins\/"},"wordCount":739,"commentCount":0,"publisher":{"@id":"https:\/\/cleitonpinheiro.com.br\/site\/#organization"},"image":{"@id":"https:\/\/cleitonpinheiro.com.br\/site\/movimentos-sociais-tornam-publica-carta-de-denuncia-do-desmatamento-e-do-programa-redd-no-tocantins\/#primaryimage"},"thumbnailUrl":"https:\/\/cleitonpinheiro.com.br\/site\/wp-content\/uploads\/2025\/10\/Foto-Isabela-Enumo-Vozes-do-Tocantins-1.jpeg","articleSection":["ESTADO","MANCHETE SEGUND\u00c1RIA","TODAS NOTICIAS"],"inLanguage":"pt-BR","potentialAction":[{"@type":"CommentAction","name":"Comment","target":["https:\/\/cleitonpinheiro.com.br\/site\/movimentos-sociais-tornam-publica-carta-de-denuncia-do-desmatamento-e-do-programa-redd-no-tocantins\/#respond"]}]},{"@type":"WebPage","@id":"https:\/\/cleitonpinheiro.com.br\/site\/movimentos-sociais-tornam-publica-carta-de-denuncia-do-desmatamento-e-do-programa-redd-no-tocantins\/","url":"https:\/\/cleitonpinheiro.com.br\/site\/movimentos-sociais-tornam-publica-carta-de-denuncia-do-desmatamento-e-do-programa-redd-no-tocantins\/","name":"Movimentos sociais tornam p\u00fablica carta de den\u00fancia do desmatamento e do programa REDD+ no Tocantins - PORTAL DE NOT\u00cdCIAS CLEITON PINHEIRO","isPartOf":{"@id":"https:\/\/cleitonpinheiro.com.br\/site\/#website"},"primaryImageOfPage":{"@id":"https:\/\/cleitonpinheiro.com.br\/site\/movimentos-sociais-tornam-publica-carta-de-denuncia-do-desmatamento-e-do-programa-redd-no-tocantins\/#primaryimage"},"image":{"@id":"https:\/\/cleitonpinheiro.com.br\/site\/movimentos-sociais-tornam-publica-carta-de-denuncia-do-desmatamento-e-do-programa-redd-no-tocantins\/#primaryimage"},"thumbnailUrl":"https:\/\/cleitonpinheiro.com.br\/site\/wp-content\/uploads\/2025\/10\/Foto-Isabela-Enumo-Vozes-do-Tocantins-1.jpeg","datePublished":"2025-10-02T16:51:03+00:00","dateModified":"2025-10-02T16:51:08+00:00","breadcrumb":{"@id":"https:\/\/cleitonpinheiro.com.br\/site\/movimentos-sociais-tornam-publica-carta-de-denuncia-do-desmatamento-e-do-programa-redd-no-tocantins\/#breadcrumb"},"inLanguage":"pt-BR","potentialAction":[{"@type":"ReadAction","target":["https:\/\/cleitonpinheiro.com.br\/site\/movimentos-sociais-tornam-publica-carta-de-denuncia-do-desmatamento-e-do-programa-redd-no-tocantins\/"]}]},{"@type":"ImageObject","inLanguage":"pt-BR","@id":"https:\/\/cleitonpinheiro.com.br\/site\/movimentos-sociais-tornam-publica-carta-de-denuncia-do-desmatamento-e-do-programa-redd-no-tocantins\/#primaryimage","url":"https:\/\/cleitonpinheiro.com.br\/site\/wp-content\/uploads\/2025\/10\/Foto-Isabela-Enumo-Vozes-do-Tocantins-1.jpeg","contentUrl":"https:\/\/cleitonpinheiro.com.br\/site\/wp-content\/uploads\/2025\/10\/Foto-Isabela-Enumo-Vozes-do-Tocantins-1.jpeg","width":1280,"height":960},{"@type":"BreadcrumbList","@id":"https:\/\/cleitonpinheiro.com.br\/site\/movimentos-sociais-tornam-publica-carta-de-denuncia-do-desmatamento-e-do-programa-redd-no-tocantins\/#breadcrumb","itemListElement":[{"@type":"ListItem","position":1,"name":"In\u00edcio","item":"https:\/\/cleitonpinheiro.com.br\/site\/"},{"@type":"ListItem","position":2,"name":"Movimentos sociais tornam p\u00fablica carta de den\u00fancia do desmatamento e do programa REDD+ no Tocantins"}]},{"@type":"WebSite","@id":"https:\/\/cleitonpinheiro.com.br\/site\/#website","url":"https:\/\/cleitonpinheiro.com.br\/site\/","name":"PORTAL DE NOT\u00cdCIAS CLEITON PINHEIRO","description":"FALANDO A VERDADE","publisher":{"@id":"https:\/\/cleitonpinheiro.com.br\/site\/#organization"},"potentialAction":[{"@type":"SearchAction","target":{"@type":"EntryPoint","urlTemplate":"https:\/\/cleitonpinheiro.com.br\/site\/?s={search_term_string}"},"query-input":{"@type":"PropertyValueSpecification","valueRequired":true,"valueName":"search_term_string"}}],"inLanguage":"pt-BR"},{"@type":"Organization","@id":"https:\/\/cleitonpinheiro.com.br\/site\/#organization","name":"CPNOT\u00cdCIAS","url":"https:\/\/cleitonpinheiro.com.br\/site\/","logo":{"@type":"ImageObject","inLanguage":"pt-BR","@id":"https:\/\/cleitonpinheiro.com.br\/site\/#\/schema\/logo\/image\/","url":"https:\/\/cleitonpinheiro.com.br\/site\/wp-content\/uploads\/2022\/08\/Logo-pequena-2.png","contentUrl":"https:\/\/cleitonpinheiro.com.br\/site\/wp-content\/uploads\/2022\/08\/Logo-pequena-2.png","width":500,"height":500,"caption":"CPNOT\u00cdCIAS"},"image":{"@id":"https:\/\/cleitonpinheiro.com.br\/site\/#\/schema\/logo\/image\/"},"sameAs":["https:\/\/www.facebook.com\/portalcpnoticias\/"]},{"@type":"Person","@id":"https:\/\/cleitonpinheiro.com.br\/site\/#\/schema\/person\/8f04544e0bc40a1b68775b08360f87db","name":"Reda\u00e7\u00e3o CP","image":{"@type":"ImageObject","inLanguage":"pt-BR","@id":"https:\/\/cleitonpinheiro.com.br\/site\/#\/schema\/person\/image\/","url":"https:\/\/secure.gravatar.com\/avatar\/0bcf19cb29fdc8fc588c490c7ae1b3e174dac268586a63fbe1d1893a0f9020cd?s=96&r=g","contentUrl":"https:\/\/secure.gravatar.com\/avatar\/0bcf19cb29fdc8fc588c490c7ae1b3e174dac268586a63fbe1d1893a0f9020cd?s=96&r=g","caption":"Reda\u00e7\u00e3o CP"},"url":"https:\/\/cleitonpinheiro.com.br\/site\/author\/redacao\/"}]}},"views":116,"_links":{"self":[{"href":"https:\/\/cleitonpinheiro.com.br\/site\/wp-json\/wp\/v2\/posts\/87052","targetHints":{"allow":["GET"]}}],"collection":[{"href":"https:\/\/cleitonpinheiro.com.br\/site\/wp-json\/wp\/v2\/posts"}],"about":[{"href":"https:\/\/cleitonpinheiro.com.br\/site\/wp-json\/wp\/v2\/types\/post"}],"author":[{"embeddable":true,"href":"https:\/\/cleitonpinheiro.com.br\/site\/wp-json\/wp\/v2\/users\/13"}],"replies":[{"embeddable":true,"href":"https:\/\/cleitonpinheiro.com.br\/site\/wp-json\/wp\/v2\/comments?post=87052"}],"version-history":[{"count":1,"href":"https:\/\/cleitonpinheiro.com.br\/site\/wp-json\/wp\/v2\/posts\/87052\/revisions"}],"predecessor-version":[{"id":87054,"href":"https:\/\/cleitonpinheiro.com.br\/site\/wp-json\/wp\/v2\/posts\/87052\/revisions\/87054"}],"wp:featuredmedia":[{"embeddable":true,"href":"https:\/\/cleitonpinheiro.com.br\/site\/wp-json\/wp\/v2\/media\/87053"}],"wp:attachment":[{"href":"https:\/\/cleitonpinheiro.com.br\/site\/wp-json\/wp\/v2\/media?parent=87052"}],"wp:term":[{"taxonomy":"category","embeddable":true,"href":"https:\/\/cleitonpinheiro.com.br\/site\/wp-json\/wp\/v2\/categories?post=87052"},{"taxonomy":"post_tag","embeddable":true,"href":"https:\/\/cleitonpinheiro.com.br\/site\/wp-json\/wp\/v2\/tags?post=87052"}],"curies":[{"name":"wp","href":"https:\/\/api.w.org\/{rel}","templated":true}]}}