{"id":87055,"date":"2025-10-03T09:52:33","date_gmt":"2025-10-03T12:52:33","guid":{"rendered":"https:\/\/cleitonpinheiro.com.br\/site\/?p=87055"},"modified":"2025-10-03T09:52:39","modified_gmt":"2025-10-03T12:52:39","slug":"prefeitura-de-palmas-cria-servico-de-transporte-especial-para-pessoas-com-deficiencia","status":"publish","type":"post","link":"https:\/\/cleitonpinheiro.com.br\/site\/prefeitura-de-palmas-cria-servico-de-transporte-especial-para-pessoas-com-deficiencia\/","title":{"rendered":"Prefeitura de Palmas cria servi\u00e7o de transporte especial para pessoas com defici\u00eancia"},"content":{"rendered":"\n<p>A Prefeitura de Palmas instituiu, dentro do Sistema de Transporte Coletivo, o Servi\u00e7o de Transporte Especial (STE), voltado ao atendimento de pessoas com defici\u00eancia e mobilidade reduzida \u2013 preferencialmente em situa\u00e7\u00e3o de vulnerabilidade socioecon\u00f4mica e com alto grau de depend\u00eancia \u2013 que estejam impossibilitadas de utilizar o servi\u00e7o convencional dispon\u00edvel \u00e0 popula\u00e7\u00e3o.\u00a0<\/p>\n\n\n\n<figure class=\"wp-block-image size-large\"><img fetchpriority=\"high\" decoding=\"async\" width=\"1024\" height=\"682\" src=\"https:\/\/cleitonpinheiro.com.br\/site\/wp-content\/uploads\/2025\/10\/Van-1024x682.jpeg\" alt=\"\" class=\"wp-image-87056\" srcset=\"https:\/\/cleitonpinheiro.com.br\/site\/wp-content\/uploads\/2025\/10\/Van-1024x682.jpeg 1024w, https:\/\/cleitonpinheiro.com.br\/site\/wp-content\/uploads\/2025\/10\/Van-300x200.jpeg 300w, https:\/\/cleitonpinheiro.com.br\/site\/wp-content\/uploads\/2025\/10\/Van-768x512.jpeg 768w, https:\/\/cleitonpinheiro.com.br\/site\/wp-content\/uploads\/2025\/10\/Van.jpeg 1536w\" sizes=\"(max-width: 1024px) 100vw, 1024px\" \/><figcaption class=\"wp-element-caption\">@Lia Mara<\/figcaption><\/figure>\n\n\n\n<p>A opera\u00e7\u00e3o do Servi\u00e7o de Transporte Especial ser\u00e1 realizada com as vans, que fazem parte da frota do transporte coletivo de Palmas e s\u00e3o adaptadas para essa finalidade.<\/p>\n\n\n\n<p>O <a href=\"http:\/\/diariooficial.palmas.to.gov.br\/media\/diario\/3808-2-10-2025-22-3-16.pdf\" target=\"_blank\" rel=\"noreferrer noopener\">Decreto que implementa o STE foi publicado no Di\u00e1rio Oficial do Munic\u00edpio desta quinta-feira, 2<\/a>, e, entre os objetivos, visa atender em igualdade de condi\u00e7\u00f5es todos os usu\u00e1rios, aperfei\u00e7oar os servi\u00e7os que promovem acessibilidade \u00e0s pessoas com severas dificuldades de mobilidade e em condi\u00e7\u00e3o de vulnerabilidade socioecon\u00f4mica.<\/p>\n\n\n\n<p>O servi\u00e7o ser\u00e1 destinado \u00e0s pessoas que atenderem os crit\u00e9rios estabelecidos no decreto, com direito a um acompanhante, quando necess\u00e1rio, por determina\u00e7\u00e3o m\u00e9dica. O credenciamento do benefici\u00e1rio vai ser realizado pela Secretaria Municipal de A\u00e7\u00e3o Social (Semas), mediante cadastro no Sistema Municipal de Assist\u00eancia Social e no Cadastro \u00danico.<\/p>\n\n\n\n<p>O STE funcionar\u00e1 de segunda \u00e0 sexta-feira das 6 \u00e0s zero horas e, excepcionalmente aos finais de semana e feriados, desde que a solicita\u00e7\u00e3o seja feita \u00e0 Ag\u00eancia de Transportes Coletivo de Palmas (ATCP) com pelo menos tr\u00eas dias de anteced\u00eancia<strong>,<\/strong> em rela\u00e7\u00e3o \u00e0 data de uso e que tenha sido devidamente aprovada. Os agendamentos devem ser solicitados \u00e0 ATCP em dias \u00fateis, das 13 \u00e0s 19 horas.<\/p>\n\n\n\n<p><\/p>\n","protected":false},"excerpt":{"rendered":"<p>A Prefeitura de Palmas instituiu, dentro do Sistema de Transporte Coletivo, o Servi\u00e7o de Transporte Especial (STE), voltado ao atendimento de pessoas com defici\u00eancia e mobilidade reduzida \u2013 preferencialmente em situa\u00e7\u00e3o de vulnerabilidade socioecon\u00f4mica e com alto grau de depend\u00eancia \u2013 que estejam impossibilitadas de utilizar o servi\u00e7o convencional dispon\u00edvel \u00e0 popula\u00e7\u00e3o.\u00a0 A opera\u00e7\u00e3o do [&hellip;]<\/p>\n","protected":false},"author":13,"featured_media":87056,"comment_status":"open","ping_status":"open","sticky":false,"template":"","format":"standard","meta":{"_acf_changed":false,"footnotes":""},"categories":[22,898,21],"tags":[],"class_list":["post-87055","post","type-post","status-publish","format-standard","has-post-thumbnail","hentry","category-cidades","category-manchete-segundaria","category-todas-noticias"],"acf":[],"yoast_head":"<!-- This site is optimized with the Yoast SEO plugin v24.4 - https:\/\/yoast.com\/wordpress\/plugins\/seo\/ -->\n<title>Prefeitura de Palmas cria servi\u00e7o de transporte especial para pessoas com defici\u00eancia - PORTAL DE NOT\u00cdCIAS CLEITON PINHEIRO<\/title>\n<meta name=\"robots\" content=\"index, follow, max-snippet:-1, max-image-preview:large, max-video-preview:-1\" \/>\n<link rel=\"canonical\" href=\"https:\/\/cleitonpinheiro.com.br\/site\/prefeitura-de-palmas-cria-servico-de-transporte-especial-para-pessoas-com-deficiencia\/\" \/>\n<meta property=\"og:locale\" content=\"pt_BR\" \/>\n<meta property=\"og:type\" content=\"article\" \/>\n<meta property=\"og:title\" content=\"Prefeitura de Palmas cria servi\u00e7o de transporte especial para pessoas com defici\u00eancia - PORTAL DE NOT\u00cdCIAS CLEITON PINHEIRO\" \/>\n<meta property=\"og:description\" content=\"A Prefeitura de Palmas instituiu, dentro do Sistema de Transporte Coletivo, o Servi\u00e7o de Transporte Especial (STE), voltado ao atendimento de pessoas com defici\u00eancia e mobilidade reduzida \u2013 preferencialmente em situa\u00e7\u00e3o de vulnerabilidade socioecon\u00f4mica e com alto grau de depend\u00eancia \u2013 que estejam impossibilitadas de utilizar o servi\u00e7o convencional dispon\u00edvel \u00e0 popula\u00e7\u00e3o.\u00a0 A opera\u00e7\u00e3o do [&hellip;]\" \/>\n<meta property=\"og:url\" content=\"https:\/\/cleitonpinheiro.com.br\/site\/prefeitura-de-palmas-cria-servico-de-transporte-especial-para-pessoas-com-deficiencia\/\" \/>\n<meta property=\"og:site_name\" content=\"PORTAL DE NOT\u00cdCIAS CLEITON PINHEIRO\" \/>\n<meta property=\"article:publisher\" content=\"https:\/\/www.facebook.com\/portalcpnoticias\/\" \/>\n<meta property=\"article:published_time\" content=\"2025-10-03T12:52:33+00:00\" \/>\n<meta property=\"article:modified_time\" content=\"2025-10-03T12:52:39+00:00\" \/>\n<meta property=\"og:image\" content=\"https:\/\/cleitonpinheiro.com.br\/site\/wp-content\/uploads\/2025\/10\/Van.jpeg\" \/>\n\t<meta property=\"og:image:width\" content=\"1536\" \/>\n\t<meta property=\"og:image:height\" content=\"1023\" \/>\n\t<meta property=\"og:image:type\" content=\"image\/jpeg\" \/>\n<meta name=\"author\" content=\"Reda\u00e7\u00e3o CP\" \/>\n<meta name=\"twitter:card\" content=\"summary_large_image\" \/>\n<meta name=\"twitter:label1\" content=\"Escrito por\" \/>\n\t<meta name=\"twitter:data1\" content=\"Reda\u00e7\u00e3o CP\" \/>\n\t<meta name=\"twitter:label2\" content=\"Est. tempo de leitura\" \/>\n\t<meta name=\"twitter:data2\" content=\"2 minutos\" \/>\n<script type=\"application\/ld+json\" class=\"yoast-schema-graph\">{\"@context\":\"https:\/\/schema.org\",\"@graph\":[{\"@type\":\"Article\",\"@id\":\"https:\/\/cleitonpinheiro.com.br\/site\/prefeitura-de-palmas-cria-servico-de-transporte-especial-para-pessoas-com-deficiencia\/#article\",\"isPartOf\":{\"@id\":\"https:\/\/cleitonpinheiro.com.br\/site\/prefeitura-de-palmas-cria-servico-de-transporte-especial-para-pessoas-com-deficiencia\/\"},\"author\":{\"name\":\"Reda\u00e7\u00e3o CP\",\"@id\":\"https:\/\/cleitonpinheiro.com.br\/site\/#\/schema\/person\/8f04544e0bc40a1b68775b08360f87db\"},\"headline\":\"Prefeitura de Palmas cria servi\u00e7o de transporte especial para pessoas com defici\u00eancia\",\"datePublished\":\"2025-10-03T12:52:33+00:00\",\"dateModified\":\"2025-10-03T12:52:39+00:00\",\"mainEntityOfPage\":{\"@id\":\"https:\/\/cleitonpinheiro.com.br\/site\/prefeitura-de-palmas-cria-servico-de-transporte-especial-para-pessoas-com-deficiencia\/\"},\"wordCount\":282,\"commentCount\":0,\"publisher\":{\"@id\":\"https:\/\/cleitonpinheiro.com.br\/site\/#organization\"},\"image\":{\"@id\":\"https:\/\/cleitonpinheiro.com.br\/site\/prefeitura-de-palmas-cria-servico-de-transporte-especial-para-pessoas-com-deficiencia\/#primaryimage\"},\"thumbnailUrl\":\"https:\/\/cleitonpinheiro.com.br\/site\/wp-content\/uploads\/2025\/10\/Van.jpeg\",\"articleSection\":[\"CIDADES\",\"MANCHETE SEGUND\u00c1RIA\",\"TODAS NOTICIAS\"],\"inLanguage\":\"pt-BR\",\"potentialAction\":[{\"@type\":\"CommentAction\",\"name\":\"Comment\",\"target\":[\"https:\/\/cleitonpinheiro.com.br\/site\/prefeitura-de-palmas-cria-servico-de-transporte-especial-para-pessoas-com-deficiencia\/#respond\"]}]},{\"@type\":\"WebPage\",\"@id\":\"https:\/\/cleitonpinheiro.com.br\/site\/prefeitura-de-palmas-cria-servico-de-transporte-especial-para-pessoas-com-deficiencia\/\",\"url\":\"https:\/\/cleitonpinheiro.com.br\/site\/prefeitura-de-palmas-cria-servico-de-transporte-especial-para-pessoas-com-deficiencia\/\",\"name\":\"Prefeitura de Palmas cria servi\u00e7o de transporte especial para pessoas com defici\u00eancia - PORTAL DE NOT\u00cdCIAS CLEITON PINHEIRO\",\"isPartOf\":{\"@id\":\"https:\/\/cleitonpinheiro.com.br\/site\/#website\"},\"primaryImageOfPage\":{\"@id\":\"https:\/\/cleitonpinheiro.com.br\/site\/prefeitura-de-palmas-cria-servico-de-transporte-especial-para-pessoas-com-deficiencia\/#primaryimage\"},\"image\":{\"@id\":\"https:\/\/cleitonpinheiro.com.br\/site\/prefeitura-de-palmas-cria-servico-de-transporte-especial-para-pessoas-com-deficiencia\/#primaryimage\"},\"thumbnailUrl\":\"https:\/\/cleitonpinheiro.com.br\/site\/wp-content\/uploads\/2025\/10\/Van.jpeg\",\"datePublished\":\"2025-10-03T12:52:33+00:00\",\"dateModified\":\"2025-10-03T12:52:39+00:00\",\"breadcrumb\":{\"@id\":\"https:\/\/cleitonpinheiro.com.br\/site\/prefeitura-de-palmas-cria-servico-de-transporte-especial-para-pessoas-com-deficiencia\/#breadcrumb\"},\"inLanguage\":\"pt-BR\",\"potentialAction\":[{\"@type\":\"ReadAction\",\"target\":[\"https:\/\/cleitonpinheiro.com.br\/site\/prefeitura-de-palmas-cria-servico-de-transporte-especial-para-pessoas-com-deficiencia\/\"]}]},{\"@type\":\"ImageObject\",\"inLanguage\":\"pt-BR\",\"@id\":\"https:\/\/cleitonpinheiro.com.br\/site\/prefeitura-de-palmas-cria-servico-de-transporte-especial-para-pessoas-com-deficiencia\/#primaryimage\",\"url\":\"https:\/\/cleitonpinheiro.com.br\/site\/wp-content\/uploads\/2025\/10\/Van.jpeg\",\"contentUrl\":\"https:\/\/cleitonpinheiro.com.br\/site\/wp-content\/uploads\/2025\/10\/Van.jpeg\",\"width\":1536,\"height\":1023,\"caption\":\"@Lia Mara\"},{\"@type\":\"BreadcrumbList\",\"@id\":\"https:\/\/cleitonpinheiro.com.br\/site\/prefeitura-de-palmas-cria-servico-de-transporte-especial-para-pessoas-com-deficiencia\/#breadcrumb\",\"itemListElement\":[{\"@type\":\"ListItem\",\"position\":1,\"name\":\"In\u00edcio\",\"item\":\"https:\/\/cleitonpinheiro.com.br\/site\/\"},{\"@type\":\"ListItem\",\"position\":2,\"name\":\"Prefeitura de Palmas cria servi\u00e7o de transporte especial para pessoas com defici\u00eancia\"}]},{\"@type\":\"WebSite\",\"@id\":\"https:\/\/cleitonpinheiro.com.br\/site\/#website\",\"url\":\"https:\/\/cleitonpinheiro.com.br\/site\/\",\"name\":\"PORTAL DE NOT\u00cdCIAS CLEITON PINHEIRO\",\"description\":\"FALANDO A VERDADE\",\"publisher\":{\"@id\":\"https:\/\/cleitonpinheiro.com.br\/site\/#organization\"},\"potentialAction\":[{\"@type\":\"SearchAction\",\"target\":{\"@type\":\"EntryPoint\",\"urlTemplate\":\"https:\/\/cleitonpinheiro.com.br\/site\/?s={search_term_string}\"},\"query-input\":{\"@type\":\"PropertyValueSpecification\",\"valueRequired\":true,\"valueName\":\"search_term_string\"}}],\"inLanguage\":\"pt-BR\"},{\"@type\":\"Organization\",\"@id\":\"https:\/\/cleitonpinheiro.com.br\/site\/#organization\",\"name\":\"CPNOT\u00cdCIAS\",\"url\":\"https:\/\/cleitonpinheiro.com.br\/site\/\",\"logo\":{\"@type\":\"ImageObject\",\"inLanguage\":\"pt-BR\",\"@id\":\"https:\/\/cleitonpinheiro.com.br\/site\/#\/schema\/logo\/image\/\",\"url\":\"https:\/\/cleitonpinheiro.com.br\/site\/wp-content\/uploads\/2022\/08\/Logo-pequena-2.png\",\"contentUrl\":\"https:\/\/cleitonpinheiro.com.br\/site\/wp-content\/uploads\/2022\/08\/Logo-pequena-2.png\",\"width\":500,\"height\":500,\"caption\":\"CPNOT\u00cdCIAS\"},\"image\":{\"@id\":\"https:\/\/cleitonpinheiro.com.br\/site\/#\/schema\/logo\/image\/\"},\"sameAs\":[\"https:\/\/www.facebook.com\/portalcpnoticias\/\"]},{\"@type\":\"Person\",\"@id\":\"https:\/\/cleitonpinheiro.com.br\/site\/#\/schema\/person\/8f04544e0bc40a1b68775b08360f87db\",\"name\":\"Reda\u00e7\u00e3o CP\",\"image\":{\"@type\":\"ImageObject\",\"inLanguage\":\"pt-BR\",\"@id\":\"https:\/\/cleitonpinheiro.com.br\/site\/#\/schema\/person\/image\/\",\"url\":\"https:\/\/secure.gravatar.com\/avatar\/0bcf19cb29fdc8fc588c490c7ae1b3e174dac268586a63fbe1d1893a0f9020cd?s=96&r=g\",\"contentUrl\":\"https:\/\/secure.gravatar.com\/avatar\/0bcf19cb29fdc8fc588c490c7ae1b3e174dac268586a63fbe1d1893a0f9020cd?s=96&r=g\",\"caption\":\"Reda\u00e7\u00e3o CP\"},\"url\":\"https:\/\/cleitonpinheiro.com.br\/site\/author\/redacao\/\"}]}<\/script>\n<!-- \/ Yoast SEO plugin. -->","yoast_head_json":{"title":"Prefeitura de Palmas cria servi\u00e7o de transporte especial para pessoas com defici\u00eancia - PORTAL DE NOT\u00cdCIAS CLEITON PINHEIRO","robots":{"index":"index","follow":"follow","max-snippet":"max-snippet:-1","max-image-preview":"max-image-preview:large","max-video-preview":"max-video-preview:-1"},"canonical":"https:\/\/cleitonpinheiro.com.br\/site\/prefeitura-de-palmas-cria-servico-de-transporte-especial-para-pessoas-com-deficiencia\/","og_locale":"pt_BR","og_type":"article","og_title":"Prefeitura de Palmas cria servi\u00e7o de transporte especial para pessoas com defici\u00eancia - PORTAL DE NOT\u00cdCIAS CLEITON PINHEIRO","og_description":"A Prefeitura de Palmas instituiu, dentro do Sistema de Transporte Coletivo, o Servi\u00e7o de Transporte Especial (STE), voltado ao atendimento de pessoas com defici\u00eancia e mobilidade reduzida \u2013 preferencialmente em situa\u00e7\u00e3o de vulnerabilidade socioecon\u00f4mica e com alto grau de depend\u00eancia \u2013 que estejam impossibilitadas de utilizar o servi\u00e7o convencional dispon\u00edvel \u00e0 popula\u00e7\u00e3o.\u00a0 A opera\u00e7\u00e3o do [&hellip;]","og_url":"https:\/\/cleitonpinheiro.com.br\/site\/prefeitura-de-palmas-cria-servico-de-transporte-especial-para-pessoas-com-deficiencia\/","og_site_name":"PORTAL DE NOT\u00cdCIAS CLEITON PINHEIRO","article_publisher":"https:\/\/www.facebook.com\/portalcpnoticias\/","article_published_time":"2025-10-03T12:52:33+00:00","article_modified_time":"2025-10-03T12:52:39+00:00","og_image":[{"width":1536,"height":1023,"url":"https:\/\/cleitonpinheiro.com.br\/site\/wp-content\/uploads\/2025\/10\/Van.jpeg","type":"image\/jpeg"}],"author":"Reda\u00e7\u00e3o CP","twitter_card":"summary_large_image","twitter_misc":{"Escrito por":"Reda\u00e7\u00e3o CP","Est. tempo de leitura":"2 minutos"},"schema":{"@context":"https:\/\/schema.org","@graph":[{"@type":"Article","@id":"https:\/\/cleitonpinheiro.com.br\/site\/prefeitura-de-palmas-cria-servico-de-transporte-especial-para-pessoas-com-deficiencia\/#article","isPartOf":{"@id":"https:\/\/cleitonpinheiro.com.br\/site\/prefeitura-de-palmas-cria-servico-de-transporte-especial-para-pessoas-com-deficiencia\/"},"author":{"name":"Reda\u00e7\u00e3o CP","@id":"https:\/\/cleitonpinheiro.com.br\/site\/#\/schema\/person\/8f04544e0bc40a1b68775b08360f87db"},"headline":"Prefeitura de Palmas cria servi\u00e7o de transporte especial para pessoas com defici\u00eancia","datePublished":"2025-10-03T12:52:33+00:00","dateModified":"2025-10-03T12:52:39+00:00","mainEntityOfPage":{"@id":"https:\/\/cleitonpinheiro.com.br\/site\/prefeitura-de-palmas-cria-servico-de-transporte-especial-para-pessoas-com-deficiencia\/"},"wordCount":282,"commentCount":0,"publisher":{"@id":"https:\/\/cleitonpinheiro.com.br\/site\/#organization"},"image":{"@id":"https:\/\/cleitonpinheiro.com.br\/site\/prefeitura-de-palmas-cria-servico-de-transporte-especial-para-pessoas-com-deficiencia\/#primaryimage"},"thumbnailUrl":"https:\/\/cleitonpinheiro.com.br\/site\/wp-content\/uploads\/2025\/10\/Van.jpeg","articleSection":["CIDADES","MANCHETE SEGUND\u00c1RIA","TODAS NOTICIAS"],"inLanguage":"pt-BR","potentialAction":[{"@type":"CommentAction","name":"Comment","target":["https:\/\/cleitonpinheiro.com.br\/site\/prefeitura-de-palmas-cria-servico-de-transporte-especial-para-pessoas-com-deficiencia\/#respond"]}]},{"@type":"WebPage","@id":"https:\/\/cleitonpinheiro.com.br\/site\/prefeitura-de-palmas-cria-servico-de-transporte-especial-para-pessoas-com-deficiencia\/","url":"https:\/\/cleitonpinheiro.com.br\/site\/prefeitura-de-palmas-cria-servico-de-transporte-especial-para-pessoas-com-deficiencia\/","name":"Prefeitura de Palmas cria servi\u00e7o de transporte especial para pessoas com defici\u00eancia - PORTAL DE NOT\u00cdCIAS CLEITON PINHEIRO","isPartOf":{"@id":"https:\/\/cleitonpinheiro.com.br\/site\/#website"},"primaryImageOfPage":{"@id":"https:\/\/cleitonpinheiro.com.br\/site\/prefeitura-de-palmas-cria-servico-de-transporte-especial-para-pessoas-com-deficiencia\/#primaryimage"},"image":{"@id":"https:\/\/cleitonpinheiro.com.br\/site\/prefeitura-de-palmas-cria-servico-de-transporte-especial-para-pessoas-com-deficiencia\/#primaryimage"},"thumbnailUrl":"https:\/\/cleitonpinheiro.com.br\/site\/wp-content\/uploads\/2025\/10\/Van.jpeg","datePublished":"2025-10-03T12:52:33+00:00","dateModified":"2025-10-03T12:52:39+00:00","breadcrumb":{"@id":"https:\/\/cleitonpinheiro.com.br\/site\/prefeitura-de-palmas-cria-servico-de-transporte-especial-para-pessoas-com-deficiencia\/#breadcrumb"},"inLanguage":"pt-BR","potentialAction":[{"@type":"ReadAction","target":["https:\/\/cleitonpinheiro.com.br\/site\/prefeitura-de-palmas-cria-servico-de-transporte-especial-para-pessoas-com-deficiencia\/"]}]},{"@type":"ImageObject","inLanguage":"pt-BR","@id":"https:\/\/cleitonpinheiro.com.br\/site\/prefeitura-de-palmas-cria-servico-de-transporte-especial-para-pessoas-com-deficiencia\/#primaryimage","url":"https:\/\/cleitonpinheiro.com.br\/site\/wp-content\/uploads\/2025\/10\/Van.jpeg","contentUrl":"https:\/\/cleitonpinheiro.com.br\/site\/wp-content\/uploads\/2025\/10\/Van.jpeg","width":1536,"height":1023,"caption":"@Lia Mara"},{"@type":"BreadcrumbList","@id":"https:\/\/cleitonpinheiro.com.br\/site\/prefeitura-de-palmas-cria-servico-de-transporte-especial-para-pessoas-com-deficiencia\/#breadcrumb","itemListElement":[{"@type":"ListItem","position":1,"name":"In\u00edcio","item":"https:\/\/cleitonpinheiro.com.br\/site\/"},{"@type":"ListItem","position":2,"name":"Prefeitura de Palmas cria servi\u00e7o de transporte especial para pessoas com defici\u00eancia"}]},{"@type":"WebSite","@id":"https:\/\/cleitonpinheiro.com.br\/site\/#website","url":"https:\/\/cleitonpinheiro.com.br\/site\/","name":"PORTAL DE NOT\u00cdCIAS CLEITON PINHEIRO","description":"FALANDO A VERDADE","publisher":{"@id":"https:\/\/cleitonpinheiro.com.br\/site\/#organization"},"potentialAction":[{"@type":"SearchAction","target":{"@type":"EntryPoint","urlTemplate":"https:\/\/cleitonpinheiro.com.br\/site\/?s={search_term_string}"},"query-input":{"@type":"PropertyValueSpecification","valueRequired":true,"valueName":"search_term_string"}}],"inLanguage":"pt-BR"},{"@type":"Organization","@id":"https:\/\/cleitonpinheiro.com.br\/site\/#organization","name":"CPNOT\u00cdCIAS","url":"https:\/\/cleitonpinheiro.com.br\/site\/","logo":{"@type":"ImageObject","inLanguage":"pt-BR","@id":"https:\/\/cleitonpinheiro.com.br\/site\/#\/schema\/logo\/image\/","url":"https:\/\/cleitonpinheiro.com.br\/site\/wp-content\/uploads\/2022\/08\/Logo-pequena-2.png","contentUrl":"https:\/\/cleitonpinheiro.com.br\/site\/wp-content\/uploads\/2022\/08\/Logo-pequena-2.png","width":500,"height":500,"caption":"CPNOT\u00cdCIAS"},"image":{"@id":"https:\/\/cleitonpinheiro.com.br\/site\/#\/schema\/logo\/image\/"},"sameAs":["https:\/\/www.facebook.com\/portalcpnoticias\/"]},{"@type":"Person","@id":"https:\/\/cleitonpinheiro.com.br\/site\/#\/schema\/person\/8f04544e0bc40a1b68775b08360f87db","name":"Reda\u00e7\u00e3o CP","image":{"@type":"ImageObject","inLanguage":"pt-BR","@id":"https:\/\/cleitonpinheiro.com.br\/site\/#\/schema\/person\/image\/","url":"https:\/\/secure.gravatar.com\/avatar\/0bcf19cb29fdc8fc588c490c7ae1b3e174dac268586a63fbe1d1893a0f9020cd?s=96&r=g","contentUrl":"https:\/\/secure.gravatar.com\/avatar\/0bcf19cb29fdc8fc588c490c7ae1b3e174dac268586a63fbe1d1893a0f9020cd?s=96&r=g","caption":"Reda\u00e7\u00e3o CP"},"url":"https:\/\/cleitonpinheiro.com.br\/site\/author\/redacao\/"}]}},"views":121,"_links":{"self":[{"href":"https:\/\/cleitonpinheiro.com.br\/site\/wp-json\/wp\/v2\/posts\/87055","targetHints":{"allow":["GET"]}}],"collection":[{"href":"https:\/\/cleitonpinheiro.com.br\/site\/wp-json\/wp\/v2\/posts"}],"about":[{"href":"https:\/\/cleitonpinheiro.com.br\/site\/wp-json\/wp\/v2\/types\/post"}],"author":[{"embeddable":true,"href":"https:\/\/cleitonpinheiro.com.br\/site\/wp-json\/wp\/v2\/users\/13"}],"replies":[{"embeddable":true,"href":"https:\/\/cleitonpinheiro.com.br\/site\/wp-json\/wp\/v2\/comments?post=87055"}],"version-history":[{"count":1,"href":"https:\/\/cleitonpinheiro.com.br\/site\/wp-json\/wp\/v2\/posts\/87055\/revisions"}],"predecessor-version":[{"id":87057,"href":"https:\/\/cleitonpinheiro.com.br\/site\/wp-json\/wp\/v2\/posts\/87055\/revisions\/87057"}],"wp:featuredmedia":[{"embeddable":true,"href":"https:\/\/cleitonpinheiro.com.br\/site\/wp-json\/wp\/v2\/media\/87056"}],"wp:attachment":[{"href":"https:\/\/cleitonpinheiro.com.br\/site\/wp-json\/wp\/v2\/media?parent=87055"}],"wp:term":[{"taxonomy":"category","embeddable":true,"href":"https:\/\/cleitonpinheiro.com.br\/site\/wp-json\/wp\/v2\/categories?post=87055"},{"taxonomy":"post_tag","embeddable":true,"href":"https:\/\/cleitonpinheiro.com.br\/site\/wp-json\/wp\/v2\/tags?post=87055"}],"curies":[{"name":"wp","href":"https:\/\/api.w.org\/{rel}","templated":true}]}}