{"id":87059,"date":"2025-10-03T09:58:08","date_gmt":"2025-10-03T12:58:08","guid":{"rendered":"https:\/\/cleitonpinheiro.com.br\/site\/?p=87059"},"modified":"2025-10-03T09:58:15","modified_gmt":"2025-10-03T12:58:15","slug":"isencao-do-ir-deputado-dimas-comemora-aprovacao-de-proposta-mais-de-100-mil-tocantinenses-serao-beneficiados","status":"publish","type":"post","link":"https:\/\/cleitonpinheiro.com.br\/site\/isencao-do-ir-deputado-dimas-comemora-aprovacao-de-proposta-mais-de-100-mil-tocantinenses-serao-beneficiados\/","title":{"rendered":"Isen\u00e7\u00e3o do IR: deputado Dimas comemora aprova\u00e7\u00e3o de proposta; mais de 100 mil tocantinenses ser\u00e3o beneficiados"},"content":{"rendered":"\n<figure class=\"wp-block-image size-large\"><img fetchpriority=\"high\" decoding=\"async\" width=\"768\" height=\"1024\" src=\"https:\/\/cleitonpinheiro.com.br\/site\/wp-content\/uploads\/2025\/10\/Tiago-votacao-4-768x1024.jpg\" alt=\"\" class=\"wp-image-87060\" srcset=\"https:\/\/cleitonpinheiro.com.br\/site\/wp-content\/uploads\/2025\/10\/Tiago-votacao-4-768x1024.jpg 768w, https:\/\/cleitonpinheiro.com.br\/site\/wp-content\/uploads\/2025\/10\/Tiago-votacao-4-225x300.jpg 225w, https:\/\/cleitonpinheiro.com.br\/site\/wp-content\/uploads\/2025\/10\/Tiago-votacao-4.jpg 960w\" sizes=\"(max-width: 768px) 100vw, 768px\" \/><\/figure>\n\n\n\n<p>O projeto de isen\u00e7\u00e3o do IR (Imposto de Renda) para quem ganha at\u00e9 R$ 5 mil e redu\u00e7\u00e3o das al\u00edquotas para as pessoas com renda mensal entre R$ 5 mil e R$ 7.350, aprovado na noite desta quarta-feira, 1\u00ba de outubro, pela C\u00e2mara dos Deputados, tem potencial para beneficiar at\u00e9 115 mil pessoas no Tocantins. A estimativa foi calculada pelo deputado federal Tiago Dimas (Podemos-TO), com apoio de sua equipe de gabinete. O parlamentar defendeu a import\u00e2ncia da proposta e ressaltou a necessidade de o Brasil baixar a carga tribut\u00e1ria para a maior parte da popula\u00e7\u00e3o.<\/p>\n\n\n\n<p>\u201cProjetos como esse s\u00e3o o que realmente interessa ao Brasil. Ontem, aprovamos um benef\u00edcio para mais de 15 milh\u00f5es de pessoas no Brasil, das quais, com certeza, mais de 100 mil s\u00e3o do nosso Tocantins. Estou sempre pronto para seguir contribuindo em pautas como essa\u201d, destacou o deputado.<\/p>\n\n\n\n<p>Com n\u00famero 1087\/25, o projeto de isen\u00e7\u00e3o e redu\u00e7\u00e3o de al\u00edquota foi apresentado pelo governo federal e relatado pelo deputado federal Arthur Lira (Progressistas-AL), ex-presidente da C\u00e2mara. Agora, a proposta vai para o Senado e, caso aprovada, seguir\u00e1 para san\u00e7\u00e3o presidencial.<\/p>\n\n\n\n<p>Para fazer o levantamento da quantidade de beneficiados do Tocantins, foram cruzados dados do Novo Caged (Cadastro Geral de Empregados e Desempregados), PNAD (Pesquisa Nacional por Amostra de Domic\u00edlios) do IBGE, a estimativa nacional do relator do projeto e c\u00e1lculos com apoio de intelig\u00eancia artificial avan\u00e7ada.<\/p>\n\n\n\n<p>\u201cO Tocantins tem, atualmente, 269 mil trabalhadores formais. N\u00f3s aprovamos uma proposta ontem que beneficia cerca de 42% dessas pessoas. Isso \u00e9 pol\u00edtica que muda a vida das pessoas\u201d, salientou o parlamentar.<\/p>\n\n\n\n<p><strong>Como ser\u00e3o os benef\u00edcios<\/strong><\/p>\n\n\n\n<p>&#8211; Atualmente, quem ganha entre R$ 2.650 e R$ 5 mil paga at\u00e9 R$ 312,89 de IR. Com a proposta virando lei, n\u00e3o pagar\u00e1 mais nada desse imposto.<\/p>\n\n\n\n<p>&#8211; J\u00e1 quem ganha entre R$ 5.000,01 e R$ 7.350 paga entre R$ 270,98 e R$ 784,70. Com a aprova\u00e7\u00e3o da proposta, os valores caem para 0 a R$ 708,25.<\/p>\n\n\n\n<p><strong>Mais detalhes do projeto aprovado<\/strong><\/p>\n\n\n\n<p>Arthur Lira afirmou que a proposta vai beneficiar diretamente 15,5 milh\u00f5es de pessoas, enquanto cerca de 140 mil pessoas ser\u00e3o afetadas pela compensa\u00e7\u00e3o da isen\u00e7\u00e3o (estimativa preliminar \u00e9 que no Tocantins o n\u00famero&nbsp;n\u00e3o chegue a 1 mil). \u201cO projeto \u00e9 neutro quanto \u00e0 arrecada\u00e7\u00e3o, ele \u00e9 neutro quanto \u00e0 ren\u00fancia fiscal\u201d, disse.<\/p>\n\n\n\n<p>Em entrevista coletiva antes da vota\u00e7\u00e3o, Lira disse que a proposta n\u00e3o resolver\u00e1 de forma definitiva a regressividade da tributa\u00e7\u00e3o da renda no Brasil. \u201cMas \u00e9 um primeiro passo para corrigir uma distor\u00e7\u00e3o tribut\u00e1ria e social das pessoas que menos recebem\u201d, explicou.<\/p>\n\n\n\n<p>Segundo ele, \u00e9 necess\u00e1rio ainda se debru\u00e7ar sobre outros projetos para fazer com que a justi\u00e7a tribut\u00e1ria da reforma do consumo tamb\u00e9m aconte\u00e7a na reforma da renda. (Com informa\u00e7\u00f5es da C\u00e2mara dos Deputados)<\/p>\n","protected":false},"excerpt":{"rendered":"<p>O projeto de isen\u00e7\u00e3o do IR (Imposto de Renda) para quem ganha at\u00e9 R$ 5 mil e redu\u00e7\u00e3o das al\u00edquotas para as pessoas com renda mensal entre R$ 5 mil e R$ 7.350, aprovado na noite desta quarta-feira, 1\u00ba de outubro, pela C\u00e2mara dos Deputados, tem potencial para beneficiar at\u00e9 115 mil pessoas no Tocantins. [&hellip;]<\/p>\n","protected":false},"author":13,"featured_media":87060,"comment_status":"open","ping_status":"open","sticky":false,"template":"","format":"standard","meta":{"_acf_changed":false,"footnotes":""},"categories":[898,23,21],"tags":[],"class_list":["post-87059","post","type-post","status-publish","format-standard","has-post-thumbnail","hentry","category-manchete-segundaria","category-politica","category-todas-noticias"],"acf":[],"yoast_head":"<!-- This site is optimized with the Yoast SEO plugin v24.4 - https:\/\/yoast.com\/wordpress\/plugins\/seo\/ -->\n<title>Isen\u00e7\u00e3o do IR: deputado Dimas comemora aprova\u00e7\u00e3o de proposta; mais de 100 mil tocantinenses ser\u00e3o beneficiados - PORTAL DE NOT\u00cdCIAS CLEITON PINHEIRO<\/title>\n<meta name=\"robots\" content=\"index, follow, max-snippet:-1, max-image-preview:large, max-video-preview:-1\" \/>\n<link rel=\"canonical\" href=\"https:\/\/cleitonpinheiro.com.br\/site\/isencao-do-ir-deputado-dimas-comemora-aprovacao-de-proposta-mais-de-100-mil-tocantinenses-serao-beneficiados\/\" \/>\n<meta property=\"og:locale\" content=\"pt_BR\" \/>\n<meta property=\"og:type\" content=\"article\" \/>\n<meta property=\"og:title\" content=\"Isen\u00e7\u00e3o do IR: deputado Dimas comemora aprova\u00e7\u00e3o de proposta; mais de 100 mil tocantinenses ser\u00e3o beneficiados - PORTAL DE NOT\u00cdCIAS CLEITON PINHEIRO\" \/>\n<meta property=\"og:description\" content=\"O projeto de isen\u00e7\u00e3o do IR (Imposto de Renda) para quem ganha at\u00e9 R$ 5 mil e redu\u00e7\u00e3o das al\u00edquotas para as pessoas com renda mensal entre R$ 5 mil e R$ 7.350, aprovado na noite desta quarta-feira, 1\u00ba de outubro, pela C\u00e2mara dos Deputados, tem potencial para beneficiar at\u00e9 115 mil pessoas no Tocantins. [&hellip;]\" \/>\n<meta property=\"og:url\" content=\"https:\/\/cleitonpinheiro.com.br\/site\/isencao-do-ir-deputado-dimas-comemora-aprovacao-de-proposta-mais-de-100-mil-tocantinenses-serao-beneficiados\/\" \/>\n<meta property=\"og:site_name\" content=\"PORTAL DE NOT\u00cdCIAS CLEITON PINHEIRO\" \/>\n<meta property=\"article:publisher\" content=\"https:\/\/www.facebook.com\/portalcpnoticias\/\" \/>\n<meta property=\"article:published_time\" content=\"2025-10-03T12:58:08+00:00\" \/>\n<meta property=\"article:modified_time\" content=\"2025-10-03T12:58:15+00:00\" \/>\n<meta property=\"og:image\" content=\"https:\/\/cleitonpinheiro.com.br\/site\/wp-content\/uploads\/2025\/10\/Tiago-votacao-4.jpg\" \/>\n\t<meta property=\"og:image:width\" content=\"960\" \/>\n\t<meta property=\"og:image:height\" content=\"1280\" \/>\n\t<meta property=\"og:image:type\" content=\"image\/jpeg\" \/>\n<meta name=\"author\" content=\"Reda\u00e7\u00e3o CP\" \/>\n<meta name=\"twitter:card\" content=\"summary_large_image\" \/>\n<meta name=\"twitter:label1\" content=\"Escrito por\" \/>\n\t<meta name=\"twitter:data1\" content=\"Reda\u00e7\u00e3o CP\" \/>\n\t<meta name=\"twitter:label2\" content=\"Est. tempo de leitura\" \/>\n\t<meta name=\"twitter:data2\" content=\"3 minutos\" \/>\n<script type=\"application\/ld+json\" class=\"yoast-schema-graph\">{\"@context\":\"https:\/\/schema.org\",\"@graph\":[{\"@type\":\"Article\",\"@id\":\"https:\/\/cleitonpinheiro.com.br\/site\/isencao-do-ir-deputado-dimas-comemora-aprovacao-de-proposta-mais-de-100-mil-tocantinenses-serao-beneficiados\/#article\",\"isPartOf\":{\"@id\":\"https:\/\/cleitonpinheiro.com.br\/site\/isencao-do-ir-deputado-dimas-comemora-aprovacao-de-proposta-mais-de-100-mil-tocantinenses-serao-beneficiados\/\"},\"author\":{\"name\":\"Reda\u00e7\u00e3o CP\",\"@id\":\"https:\/\/cleitonpinheiro.com.br\/site\/#\/schema\/person\/8f04544e0bc40a1b68775b08360f87db\"},\"headline\":\"Isen\u00e7\u00e3o do IR: deputado Dimas comemora aprova\u00e7\u00e3o de proposta; mais de 100 mil tocantinenses ser\u00e3o beneficiados\",\"datePublished\":\"2025-10-03T12:58:08+00:00\",\"dateModified\":\"2025-10-03T12:58:15+00:00\",\"mainEntityOfPage\":{\"@id\":\"https:\/\/cleitonpinheiro.com.br\/site\/isencao-do-ir-deputado-dimas-comemora-aprovacao-de-proposta-mais-de-100-mil-tocantinenses-serao-beneficiados\/\"},\"wordCount\":495,\"commentCount\":0,\"publisher\":{\"@id\":\"https:\/\/cleitonpinheiro.com.br\/site\/#organization\"},\"image\":{\"@id\":\"https:\/\/cleitonpinheiro.com.br\/site\/isencao-do-ir-deputado-dimas-comemora-aprovacao-de-proposta-mais-de-100-mil-tocantinenses-serao-beneficiados\/#primaryimage\"},\"thumbnailUrl\":\"https:\/\/cleitonpinheiro.com.br\/site\/wp-content\/uploads\/2025\/10\/Tiago-votacao-4.jpg\",\"articleSection\":[\"MANCHETE SEGUND\u00c1RIA\",\"POL\u00cdTICA\",\"TODAS NOTICIAS\"],\"inLanguage\":\"pt-BR\",\"potentialAction\":[{\"@type\":\"CommentAction\",\"name\":\"Comment\",\"target\":[\"https:\/\/cleitonpinheiro.com.br\/site\/isencao-do-ir-deputado-dimas-comemora-aprovacao-de-proposta-mais-de-100-mil-tocantinenses-serao-beneficiados\/#respond\"]}]},{\"@type\":\"WebPage\",\"@id\":\"https:\/\/cleitonpinheiro.com.br\/site\/isencao-do-ir-deputado-dimas-comemora-aprovacao-de-proposta-mais-de-100-mil-tocantinenses-serao-beneficiados\/\",\"url\":\"https:\/\/cleitonpinheiro.com.br\/site\/isencao-do-ir-deputado-dimas-comemora-aprovacao-de-proposta-mais-de-100-mil-tocantinenses-serao-beneficiados\/\",\"name\":\"Isen\u00e7\u00e3o do IR: deputado Dimas comemora aprova\u00e7\u00e3o de proposta; mais de 100 mil tocantinenses ser\u00e3o beneficiados - PORTAL DE NOT\u00cdCIAS CLEITON PINHEIRO\",\"isPartOf\":{\"@id\":\"https:\/\/cleitonpinheiro.com.br\/site\/#website\"},\"primaryImageOfPage\":{\"@id\":\"https:\/\/cleitonpinheiro.com.br\/site\/isencao-do-ir-deputado-dimas-comemora-aprovacao-de-proposta-mais-de-100-mil-tocantinenses-serao-beneficiados\/#primaryimage\"},\"image\":{\"@id\":\"https:\/\/cleitonpinheiro.com.br\/site\/isencao-do-ir-deputado-dimas-comemora-aprovacao-de-proposta-mais-de-100-mil-tocantinenses-serao-beneficiados\/#primaryimage\"},\"thumbnailUrl\":\"https:\/\/cleitonpinheiro.com.br\/site\/wp-content\/uploads\/2025\/10\/Tiago-votacao-4.jpg\",\"datePublished\":\"2025-10-03T12:58:08+00:00\",\"dateModified\":\"2025-10-03T12:58:15+00:00\",\"breadcrumb\":{\"@id\":\"https:\/\/cleitonpinheiro.com.br\/site\/isencao-do-ir-deputado-dimas-comemora-aprovacao-de-proposta-mais-de-100-mil-tocantinenses-serao-beneficiados\/#breadcrumb\"},\"inLanguage\":\"pt-BR\",\"potentialAction\":[{\"@type\":\"ReadAction\",\"target\":[\"https:\/\/cleitonpinheiro.com.br\/site\/isencao-do-ir-deputado-dimas-comemora-aprovacao-de-proposta-mais-de-100-mil-tocantinenses-serao-beneficiados\/\"]}]},{\"@type\":\"ImageObject\",\"inLanguage\":\"pt-BR\",\"@id\":\"https:\/\/cleitonpinheiro.com.br\/site\/isencao-do-ir-deputado-dimas-comemora-aprovacao-de-proposta-mais-de-100-mil-tocantinenses-serao-beneficiados\/#primaryimage\",\"url\":\"https:\/\/cleitonpinheiro.com.br\/site\/wp-content\/uploads\/2025\/10\/Tiago-votacao-4.jpg\",\"contentUrl\":\"https:\/\/cleitonpinheiro.com.br\/site\/wp-content\/uploads\/2025\/10\/Tiago-votacao-4.jpg\",\"width\":960,\"height\":1280},{\"@type\":\"BreadcrumbList\",\"@id\":\"https:\/\/cleitonpinheiro.com.br\/site\/isencao-do-ir-deputado-dimas-comemora-aprovacao-de-proposta-mais-de-100-mil-tocantinenses-serao-beneficiados\/#breadcrumb\",\"itemListElement\":[{\"@type\":\"ListItem\",\"position\":1,\"name\":\"In\u00edcio\",\"item\":\"https:\/\/cleitonpinheiro.com.br\/site\/\"},{\"@type\":\"ListItem\",\"position\":2,\"name\":\"Isen\u00e7\u00e3o do IR: deputado Dimas comemora aprova\u00e7\u00e3o de proposta; mais de 100 mil tocantinenses ser\u00e3o beneficiados\"}]},{\"@type\":\"WebSite\",\"@id\":\"https:\/\/cleitonpinheiro.com.br\/site\/#website\",\"url\":\"https:\/\/cleitonpinheiro.com.br\/site\/\",\"name\":\"PORTAL DE NOT\u00cdCIAS CLEITON PINHEIRO\",\"description\":\"FALANDO A VERDADE\",\"publisher\":{\"@id\":\"https:\/\/cleitonpinheiro.com.br\/site\/#organization\"},\"potentialAction\":[{\"@type\":\"SearchAction\",\"target\":{\"@type\":\"EntryPoint\",\"urlTemplate\":\"https:\/\/cleitonpinheiro.com.br\/site\/?s={search_term_string}\"},\"query-input\":{\"@type\":\"PropertyValueSpecification\",\"valueRequired\":true,\"valueName\":\"search_term_string\"}}],\"inLanguage\":\"pt-BR\"},{\"@type\":\"Organization\",\"@id\":\"https:\/\/cleitonpinheiro.com.br\/site\/#organization\",\"name\":\"CPNOT\u00cdCIAS\",\"url\":\"https:\/\/cleitonpinheiro.com.br\/site\/\",\"logo\":{\"@type\":\"ImageObject\",\"inLanguage\":\"pt-BR\",\"@id\":\"https:\/\/cleitonpinheiro.com.br\/site\/#\/schema\/logo\/image\/\",\"url\":\"https:\/\/cleitonpinheiro.com.br\/site\/wp-content\/uploads\/2022\/08\/Logo-pequena-2.png\",\"contentUrl\":\"https:\/\/cleitonpinheiro.com.br\/site\/wp-content\/uploads\/2022\/08\/Logo-pequena-2.png\",\"width\":500,\"height\":500,\"caption\":\"CPNOT\u00cdCIAS\"},\"image\":{\"@id\":\"https:\/\/cleitonpinheiro.com.br\/site\/#\/schema\/logo\/image\/\"},\"sameAs\":[\"https:\/\/www.facebook.com\/portalcpnoticias\/\"]},{\"@type\":\"Person\",\"@id\":\"https:\/\/cleitonpinheiro.com.br\/site\/#\/schema\/person\/8f04544e0bc40a1b68775b08360f87db\",\"name\":\"Reda\u00e7\u00e3o CP\",\"image\":{\"@type\":\"ImageObject\",\"inLanguage\":\"pt-BR\",\"@id\":\"https:\/\/cleitonpinheiro.com.br\/site\/#\/schema\/person\/image\/\",\"url\":\"https:\/\/secure.gravatar.com\/avatar\/0bcf19cb29fdc8fc588c490c7ae1b3e174dac268586a63fbe1d1893a0f9020cd?s=96&r=g\",\"contentUrl\":\"https:\/\/secure.gravatar.com\/avatar\/0bcf19cb29fdc8fc588c490c7ae1b3e174dac268586a63fbe1d1893a0f9020cd?s=96&r=g\",\"caption\":\"Reda\u00e7\u00e3o CP\"},\"url\":\"https:\/\/cleitonpinheiro.com.br\/site\/author\/redacao\/\"}]}<\/script>\n<!-- \/ Yoast SEO plugin. -->","yoast_head_json":{"title":"Isen\u00e7\u00e3o do IR: deputado Dimas comemora aprova\u00e7\u00e3o de proposta; mais de 100 mil tocantinenses ser\u00e3o beneficiados - PORTAL DE NOT\u00cdCIAS CLEITON PINHEIRO","robots":{"index":"index","follow":"follow","max-snippet":"max-snippet:-1","max-image-preview":"max-image-preview:large","max-video-preview":"max-video-preview:-1"},"canonical":"https:\/\/cleitonpinheiro.com.br\/site\/isencao-do-ir-deputado-dimas-comemora-aprovacao-de-proposta-mais-de-100-mil-tocantinenses-serao-beneficiados\/","og_locale":"pt_BR","og_type":"article","og_title":"Isen\u00e7\u00e3o do IR: deputado Dimas comemora aprova\u00e7\u00e3o de proposta; mais de 100 mil tocantinenses ser\u00e3o beneficiados - PORTAL DE NOT\u00cdCIAS CLEITON PINHEIRO","og_description":"O projeto de isen\u00e7\u00e3o do IR (Imposto de Renda) para quem ganha at\u00e9 R$ 5 mil e redu\u00e7\u00e3o das al\u00edquotas para as pessoas com renda mensal entre R$ 5 mil e R$ 7.350, aprovado na noite desta quarta-feira, 1\u00ba de outubro, pela C\u00e2mara dos Deputados, tem potencial para beneficiar at\u00e9 115 mil pessoas no Tocantins. [&hellip;]","og_url":"https:\/\/cleitonpinheiro.com.br\/site\/isencao-do-ir-deputado-dimas-comemora-aprovacao-de-proposta-mais-de-100-mil-tocantinenses-serao-beneficiados\/","og_site_name":"PORTAL DE NOT\u00cdCIAS CLEITON PINHEIRO","article_publisher":"https:\/\/www.facebook.com\/portalcpnoticias\/","article_published_time":"2025-10-03T12:58:08+00:00","article_modified_time":"2025-10-03T12:58:15+00:00","og_image":[{"width":960,"height":1280,"url":"https:\/\/cleitonpinheiro.com.br\/site\/wp-content\/uploads\/2025\/10\/Tiago-votacao-4.jpg","type":"image\/jpeg"}],"author":"Reda\u00e7\u00e3o CP","twitter_card":"summary_large_image","twitter_misc":{"Escrito por":"Reda\u00e7\u00e3o CP","Est. tempo de leitura":"3 minutos"},"schema":{"@context":"https:\/\/schema.org","@graph":[{"@type":"Article","@id":"https:\/\/cleitonpinheiro.com.br\/site\/isencao-do-ir-deputado-dimas-comemora-aprovacao-de-proposta-mais-de-100-mil-tocantinenses-serao-beneficiados\/#article","isPartOf":{"@id":"https:\/\/cleitonpinheiro.com.br\/site\/isencao-do-ir-deputado-dimas-comemora-aprovacao-de-proposta-mais-de-100-mil-tocantinenses-serao-beneficiados\/"},"author":{"name":"Reda\u00e7\u00e3o CP","@id":"https:\/\/cleitonpinheiro.com.br\/site\/#\/schema\/person\/8f04544e0bc40a1b68775b08360f87db"},"headline":"Isen\u00e7\u00e3o do IR: deputado Dimas comemora aprova\u00e7\u00e3o de proposta; mais de 100 mil tocantinenses ser\u00e3o beneficiados","datePublished":"2025-10-03T12:58:08+00:00","dateModified":"2025-10-03T12:58:15+00:00","mainEntityOfPage":{"@id":"https:\/\/cleitonpinheiro.com.br\/site\/isencao-do-ir-deputado-dimas-comemora-aprovacao-de-proposta-mais-de-100-mil-tocantinenses-serao-beneficiados\/"},"wordCount":495,"commentCount":0,"publisher":{"@id":"https:\/\/cleitonpinheiro.com.br\/site\/#organization"},"image":{"@id":"https:\/\/cleitonpinheiro.com.br\/site\/isencao-do-ir-deputado-dimas-comemora-aprovacao-de-proposta-mais-de-100-mil-tocantinenses-serao-beneficiados\/#primaryimage"},"thumbnailUrl":"https:\/\/cleitonpinheiro.com.br\/site\/wp-content\/uploads\/2025\/10\/Tiago-votacao-4.jpg","articleSection":["MANCHETE SEGUND\u00c1RIA","POL\u00cdTICA","TODAS NOTICIAS"],"inLanguage":"pt-BR","potentialAction":[{"@type":"CommentAction","name":"Comment","target":["https:\/\/cleitonpinheiro.com.br\/site\/isencao-do-ir-deputado-dimas-comemora-aprovacao-de-proposta-mais-de-100-mil-tocantinenses-serao-beneficiados\/#respond"]}]},{"@type":"WebPage","@id":"https:\/\/cleitonpinheiro.com.br\/site\/isencao-do-ir-deputado-dimas-comemora-aprovacao-de-proposta-mais-de-100-mil-tocantinenses-serao-beneficiados\/","url":"https:\/\/cleitonpinheiro.com.br\/site\/isencao-do-ir-deputado-dimas-comemora-aprovacao-de-proposta-mais-de-100-mil-tocantinenses-serao-beneficiados\/","name":"Isen\u00e7\u00e3o do IR: deputado Dimas comemora aprova\u00e7\u00e3o de proposta; mais de 100 mil tocantinenses ser\u00e3o beneficiados - PORTAL DE NOT\u00cdCIAS CLEITON PINHEIRO","isPartOf":{"@id":"https:\/\/cleitonpinheiro.com.br\/site\/#website"},"primaryImageOfPage":{"@id":"https:\/\/cleitonpinheiro.com.br\/site\/isencao-do-ir-deputado-dimas-comemora-aprovacao-de-proposta-mais-de-100-mil-tocantinenses-serao-beneficiados\/#primaryimage"},"image":{"@id":"https:\/\/cleitonpinheiro.com.br\/site\/isencao-do-ir-deputado-dimas-comemora-aprovacao-de-proposta-mais-de-100-mil-tocantinenses-serao-beneficiados\/#primaryimage"},"thumbnailUrl":"https:\/\/cleitonpinheiro.com.br\/site\/wp-content\/uploads\/2025\/10\/Tiago-votacao-4.jpg","datePublished":"2025-10-03T12:58:08+00:00","dateModified":"2025-10-03T12:58:15+00:00","breadcrumb":{"@id":"https:\/\/cleitonpinheiro.com.br\/site\/isencao-do-ir-deputado-dimas-comemora-aprovacao-de-proposta-mais-de-100-mil-tocantinenses-serao-beneficiados\/#breadcrumb"},"inLanguage":"pt-BR","potentialAction":[{"@type":"ReadAction","target":["https:\/\/cleitonpinheiro.com.br\/site\/isencao-do-ir-deputado-dimas-comemora-aprovacao-de-proposta-mais-de-100-mil-tocantinenses-serao-beneficiados\/"]}]},{"@type":"ImageObject","inLanguage":"pt-BR","@id":"https:\/\/cleitonpinheiro.com.br\/site\/isencao-do-ir-deputado-dimas-comemora-aprovacao-de-proposta-mais-de-100-mil-tocantinenses-serao-beneficiados\/#primaryimage","url":"https:\/\/cleitonpinheiro.com.br\/site\/wp-content\/uploads\/2025\/10\/Tiago-votacao-4.jpg","contentUrl":"https:\/\/cleitonpinheiro.com.br\/site\/wp-content\/uploads\/2025\/10\/Tiago-votacao-4.jpg","width":960,"height":1280},{"@type":"BreadcrumbList","@id":"https:\/\/cleitonpinheiro.com.br\/site\/isencao-do-ir-deputado-dimas-comemora-aprovacao-de-proposta-mais-de-100-mil-tocantinenses-serao-beneficiados\/#breadcrumb","itemListElement":[{"@type":"ListItem","position":1,"name":"In\u00edcio","item":"https:\/\/cleitonpinheiro.com.br\/site\/"},{"@type":"ListItem","position":2,"name":"Isen\u00e7\u00e3o do IR: deputado Dimas comemora aprova\u00e7\u00e3o de proposta; mais de 100 mil tocantinenses ser\u00e3o beneficiados"}]},{"@type":"WebSite","@id":"https:\/\/cleitonpinheiro.com.br\/site\/#website","url":"https:\/\/cleitonpinheiro.com.br\/site\/","name":"PORTAL DE NOT\u00cdCIAS CLEITON PINHEIRO","description":"FALANDO A VERDADE","publisher":{"@id":"https:\/\/cleitonpinheiro.com.br\/site\/#organization"},"potentialAction":[{"@type":"SearchAction","target":{"@type":"EntryPoint","urlTemplate":"https:\/\/cleitonpinheiro.com.br\/site\/?s={search_term_string}"},"query-input":{"@type":"PropertyValueSpecification","valueRequired":true,"valueName":"search_term_string"}}],"inLanguage":"pt-BR"},{"@type":"Organization","@id":"https:\/\/cleitonpinheiro.com.br\/site\/#organization","name":"CPNOT\u00cdCIAS","url":"https:\/\/cleitonpinheiro.com.br\/site\/","logo":{"@type":"ImageObject","inLanguage":"pt-BR","@id":"https:\/\/cleitonpinheiro.com.br\/site\/#\/schema\/logo\/image\/","url":"https:\/\/cleitonpinheiro.com.br\/site\/wp-content\/uploads\/2022\/08\/Logo-pequena-2.png","contentUrl":"https:\/\/cleitonpinheiro.com.br\/site\/wp-content\/uploads\/2022\/08\/Logo-pequena-2.png","width":500,"height":500,"caption":"CPNOT\u00cdCIAS"},"image":{"@id":"https:\/\/cleitonpinheiro.com.br\/site\/#\/schema\/logo\/image\/"},"sameAs":["https:\/\/www.facebook.com\/portalcpnoticias\/"]},{"@type":"Person","@id":"https:\/\/cleitonpinheiro.com.br\/site\/#\/schema\/person\/8f04544e0bc40a1b68775b08360f87db","name":"Reda\u00e7\u00e3o CP","image":{"@type":"ImageObject","inLanguage":"pt-BR","@id":"https:\/\/cleitonpinheiro.com.br\/site\/#\/schema\/person\/image\/","url":"https:\/\/secure.gravatar.com\/avatar\/0bcf19cb29fdc8fc588c490c7ae1b3e174dac268586a63fbe1d1893a0f9020cd?s=96&r=g","contentUrl":"https:\/\/secure.gravatar.com\/avatar\/0bcf19cb29fdc8fc588c490c7ae1b3e174dac268586a63fbe1d1893a0f9020cd?s=96&r=g","caption":"Reda\u00e7\u00e3o CP"},"url":"https:\/\/cleitonpinheiro.com.br\/site\/author\/redacao\/"}]}},"views":121,"_links":{"self":[{"href":"https:\/\/cleitonpinheiro.com.br\/site\/wp-json\/wp\/v2\/posts\/87059","targetHints":{"allow":["GET"]}}],"collection":[{"href":"https:\/\/cleitonpinheiro.com.br\/site\/wp-json\/wp\/v2\/posts"}],"about":[{"href":"https:\/\/cleitonpinheiro.com.br\/site\/wp-json\/wp\/v2\/types\/post"}],"author":[{"embeddable":true,"href":"https:\/\/cleitonpinheiro.com.br\/site\/wp-json\/wp\/v2\/users\/13"}],"replies":[{"embeddable":true,"href":"https:\/\/cleitonpinheiro.com.br\/site\/wp-json\/wp\/v2\/comments?post=87059"}],"version-history":[{"count":1,"href":"https:\/\/cleitonpinheiro.com.br\/site\/wp-json\/wp\/v2\/posts\/87059\/revisions"}],"predecessor-version":[{"id":87061,"href":"https:\/\/cleitonpinheiro.com.br\/site\/wp-json\/wp\/v2\/posts\/87059\/revisions\/87061"}],"wp:featuredmedia":[{"embeddable":true,"href":"https:\/\/cleitonpinheiro.com.br\/site\/wp-json\/wp\/v2\/media\/87060"}],"wp:attachment":[{"href":"https:\/\/cleitonpinheiro.com.br\/site\/wp-json\/wp\/v2\/media?parent=87059"}],"wp:term":[{"taxonomy":"category","embeddable":true,"href":"https:\/\/cleitonpinheiro.com.br\/site\/wp-json\/wp\/v2\/categories?post=87059"},{"taxonomy":"post_tag","embeddable":true,"href":"https:\/\/cleitonpinheiro.com.br\/site\/wp-json\/wp\/v2\/tags?post=87059"}],"curies":[{"name":"wp","href":"https:\/\/api.w.org\/{rel}","templated":true}]}}