{"id":87062,"date":"2025-10-03T10:06:31","date_gmt":"2025-10-03T13:06:31","guid":{"rendered":"https:\/\/cleitonpinheiro.com.br\/site\/?p=87062"},"modified":"2025-10-03T10:06:36","modified_gmt":"2025-10-03T13:06:36","slug":"usfs-de-palmas-irao-funcionar-em-regime-de-livre-demanda-para-atendimentos-do-outubro-rosa","status":"publish","type":"post","link":"https:\/\/cleitonpinheiro.com.br\/site\/usfs-de-palmas-irao-funcionar-em-regime-de-livre-demanda-para-atendimentos-do-outubro-rosa\/","title":{"rendered":"USFs de Palmas ir\u00e3o funcionar em regime de livre demanda para atendimentos do Outubro Rosa"},"content":{"rendered":"\n<figure class=\"wp-block-image size-full\"><img fetchpriority=\"high\" decoding=\"async\" width=\"544\" height=\"359\" src=\"https:\/\/cleitonpinheiro.com.br\/site\/wp-content\/uploads\/2025\/10\/Iniciativa-faz-parte-do-conjunto-de-acoes-do-Outubro-Rosa-\u2013-Foto-Divulgacao-Semus.jpg\" alt=\"\" class=\"wp-image-87063\" srcset=\"https:\/\/cleitonpinheiro.com.br\/site\/wp-content\/uploads\/2025\/10\/Iniciativa-faz-parte-do-conjunto-de-acoes-do-Outubro-Rosa-\u2013-Foto-Divulgacao-Semus.jpg 544w, https:\/\/cleitonpinheiro.com.br\/site\/wp-content\/uploads\/2025\/10\/Iniciativa-faz-parte-do-conjunto-de-acoes-do-Outubro-Rosa-\u2013-Foto-Divulgacao-Semus-300x198.jpg 300w\" sizes=\"(max-width: 544px) 100vw, 544px\" \/><\/figure>\n\n\n\n<p>Durante todo este m\u00eas, em alus\u00e3o ao Outubro Rosa, as Unidades de Sa\u00fade da Fam\u00edlia (USFs) de Palmas v\u00e3o intensificar os atendimentos voltados \u00e0 preven\u00e7\u00e3o e ao cuidado com a sa\u00fade da mulher. Todas as quartas-feiras, as unidades funcionar\u00e3o em regime de livre demanda para a realiza\u00e7\u00e3o de exames preventivos e solicita\u00e7\u00f5es de exames de imagem.<\/p>\n\n\n\n<p>De acordo com a diretora de Aten\u00e7\u00e3o Prim\u00e1ria em Sa\u00fade, Luma Melo, mulheres de 25 a 64 anos poder\u00e3o realizar o exame preventivo do c\u00e2ncer do colo do \u00fatero (PCCU). \u201cJ\u00e1 as mulheres de 50 a 69 anos ter\u00e3o acesso \u00e0 solicita\u00e7\u00e3o de mamografia. A \u00fanica exce\u00e7\u00e3o \u00e9 a USF Mariazinha (localizada em Buritirana), que ofertar\u00e1 os atendimentos sempre \u00e0s quintas-feiras\u201d, explicou.<\/p>\n\n\n\n<p><strong>Outras atividades<br><\/strong><br>Al\u00e9m das a\u00e7\u00f5es espec\u00edficas, a Secretaria Municipal da Sa\u00fade (Semus) refor\u00e7ar\u00e1 a import\u00e2ncia dos cuidados relacionados \u00e0 sa\u00fade sexual e reprodutiva voltados para adolescentes e mulheres de 14 a 69 anos. \u201cO objetivo da mobiliza\u00e7\u00e3o \u00e9 ampliar o acesso das mulheres aos cuidados preventivos e destacar a relev\u00e2ncia do diagn\u00f3stico precoce na luta contra o c\u00e2ncer de mama e do colo do \u00fatero\u201d, acrescentou Luma.<\/p>\n\n\n\n<p><strong>Lista de Unidades<br><\/strong><br>Confira os endere\u00e7os e contatos das unidades que ofertam o servi\u00e7o do Outubro Rosa:<\/p>\n\n\n\n<p>Confira os endere\u00e7os e contatos das unidades que ofertam o servi\u00e7o do Outubro Rosa:<\/p>\n\n\n\n<figure class=\"wp-block-table\"><table class=\"has-fixed-layout\"><tbody><tr><td>USF Jos\u00e9 Luiz Otaviani&nbsp;<\/td><td>7 \u00e0s 19 horas<\/td><td>Arno 33 (307 Norte), Alameda 09, APM 12, CEP: 77.001-440<\/td><td>3212-7957 \/ 7956<\/td><\/tr><tr><td>USF Arno 44&nbsp;<\/td><td>7 \u00e0s 19 horas<\/td><td>Arno 44 (409 Norte), Alameda 14, APM 08, CEP: 77.002-021<\/td><td>3212-7958 \/ 7955<\/td><\/tr><tr><td>USF Arno 42<\/td><td>7 \u00e0s 19 horas<\/td><td>Arno 42 (405 Norte), Alameda 01, APM 10, CEP: 77.002-021<\/td><td>3212-7984 \/ 7985<\/td><\/tr><tr><td>USF Sarah Leyl\u00e2ne da Silva Sousa<\/td><td>7 \u00e0s 19 horas<\/td><td>Arno 61 (503 Norte), Alameda NS-05, APM 19, CEP: 77.001-826<\/td><td>3212-7978 \/ 7979<\/td><\/tr><tr><td>USF Giancarlo de Montemor Quagliarello<\/td><td>7 \u00e0s 19 horas<\/td><td>Arno 71 (603 Norte), Alameda 14, APM 11, CEP: 77.018-868<\/td><td>3212-7974 \/ 7975<\/td><\/tr><tr><td>USF Arno 41<\/td><td>7 \u00e0s 19 horas<\/td><td>Arno 41 (403 Norte), Alameda 01, APM 40, CEP: 77.001-488<\/td><td>3212-7959 \/ 7960<\/td><\/tr><tr><td>USF Arne 53<\/td><td>7 \u00e0s 19 horas<\/td><td>Arne 53 (406 Norte), Alameda 03, APM 09, CEP: 77.006-470<\/td><td>3212-7981 \/ 7980<\/td><\/tr><tr><td>USF Arne 64<\/td><td>7 \u00e0s 19 horas<\/td><td>Arne 64 (508 Norte), Alameda 11, APM 49, CEP: 77.006-652<\/td><td>3212-7976 \/ 7977<\/td><\/tr><tr><td>USF Deise de F\u00e1tima Ara\u00fajo de Paula&nbsp;<\/td><td>7 \u00e0s 19 horas<\/td><td>Arse 13 (108 Sul), Alameda 02, Lote 05 e 07<\/td><td>3212-7845 \/ 7862<\/td><\/tr><tr><td>USF Loiane Moreno Vieira&nbsp;<\/td><td>7 \u00e0s 19 horas<\/td><td>Arse 24 (210 Sul), Alameda 07, APM 07, CEP: 77.020-592<\/td><td>3212-7963 \/ 7962<\/td><\/tr><tr><td>USF Prof Isabel Auler&nbsp;<\/td><td>7 \u00e0s 19 horas<\/td><td>Arso 23 (207 Sul), Alameda 04, APM 01, CEP:77.015- 314<\/td><td>3212-7988 \/ 7989<\/td><\/tr><tr><td>USF Francisco J\u00fanior<\/td><td>7 \u00e0s 19 horas<\/td><td>Arso 41 (403 Sul), Alameda 01, APM 02, CEP: 77.015-568<\/td><td>3212-7970 \/ 7971<\/td><\/tr><tr><td>USF Rita Aparecida Abade&nbsp;<\/td><td>7 \u00e0s 19 horas<\/td><td>ASR-SE 75 (712 Sul), Alameda 02, APM 11A, CEP: 77.022-100<\/td><td>3212-7973 \/ 7972<\/td><\/tr><tr><td>USF Arse 82<\/td><td>7 \u00e0s 19 horas<\/td><td>Arse 82 (806 Sul), Alameda 03, APM 19, CEP: 77023-076<\/td><td>3212-7968 \/ 7969<\/td><\/tr><tr><td>USF Albertino Santos<\/td><td>7 \u00e0s 21 horas (Sa\u00fade na Hora)<\/td><td>Arse 101 (1004 Sul),<br>Alameda 11, Lote 09 D, CEP: 77023-512<\/td><td>3212-7953 \/ 7954<\/td><\/tr><tr><td>USF Satilo Alves de Sousa<\/td><td>7 \u00e0s 19 horas<\/td><td>Arso 111 (1103 Sul), Alameda 17, APM 13 CEP: 77.019-010<\/td><td>3212-7994 \/ 7991<\/td><\/tr><tr><td>USF Val\u00e9ria Martins Pereira&nbsp;<\/td><td>7 \u00e0s 19 horas<\/td><td>Arse 122 (1206 Sul), Alameda 09, APM 03, CEP: 77.019-436<\/td><td>3212-7852 \/ 7879<\/td><\/tr><tr><td>USF H\u00e9der de Oliveira Silva<\/td><td>7 \u00e0s 19 horas<\/td><td>Arse 131 \u2013 1304 Sul), Rua 11, APM 23F e 23G, CEP:77.024-700<\/td><td>3212-7964 \/ 7965<\/td><\/tr><tr><td>USF Alto Bonito<\/td><td>7 \u00e0s 19 horas<\/td><td>Jardim Aureny IV, Rua 20, APM 09, N\u00b0 20, CEP: 77060-024<\/td><td>3212-7897 \/ 7896<\/td><\/tr><tr><td>USF Novo Horizonte<\/td><td>7 \u00e0s 19 horas<\/td><td>Jardim Aureny IV, Rua 2, APM 07, CEP: 77060-042<\/td><td>3212-7894 \/ 7895<\/td><\/tr><tr><td>USF Laurides Lima Milhomem<\/td><td>7 \u00e0s 19 horas<\/td><td>Jardim Aureny III, Rua 39, APM 21, CEP: 77.062-030<\/td><td>3212-7993 \/ 7983<\/td><\/tr><tr><td>USF Liberdade<\/td><td>7 \u00e0s 19 horas<\/td><td>Jardim Aureny III, Rua 32, APM 10, CEP: 77.270-000<\/td><td>3212-7878 \/ 7877<\/td><\/tr><tr><td>USF Jardim Aureny II<\/td><td>7 \u00e0s 19 horas<\/td><td>Jardim Aureny II, Quadra 33, Lotes 01 e 02, CEP: 77060-190<\/td><td>3212-7876 \/ 7875<\/td><\/tr><tr><td>USF Eug\u00eanio Pinheiro da Silva<\/td><td>7 \u00e0s 19 horas<\/td><td>Aureny I, Rua Natal, APM NW 01G, CEP: 77.060-128<\/td><td>3212-7986 \/ 7987<\/td><\/tr><tr><td>USF Santa B\u00e1rbara&nbsp;<\/td><td>7 \u00e0s 19 horas<\/td><td>Santa B\u00e1rbara, APM E, Entre a Avenida Contorno e a Rua 10, CEP: 77060-188<\/td><td>3212-7992 \/ 7982<\/td><\/tr><tr><td>USF Jos\u00e9 L\u00facio Carvalho<\/td><td>7 \u00e0s 19 horas<\/td><td>Lago Sul: Rua RN 07, APM 11, Lote 03, CEP:77.270-000<\/td><td>3212-7881 \/ 7882<\/td><\/tr><tr><td>USF Jardim Taquari<\/td><td>7 \u00e0s 19 horas<\/td><td>Jardim Taquari, Avenida TLO 05, Quadra T 31, APM 23 e 24, CEP:77.063-394<\/td><td>3031-1184<\/td><\/tr><tr><td>USF Santa F\u00e9<\/td><td>7 \u00e0s 19 horas<\/td><td>Santa F\u00e9 II, Avenida Raimundo Galv\u00e3o da Cruz, APM 01 CEP: 77.066-128<\/td><td>3212-7848 \/ 7949<\/td><\/tr><tr><td>USF Morada do Sol<\/td><td>7 \u00e0s 19 horas<\/td><td>Morada do Sol II, Rua 54A CEP:77.066-080<\/td><td>3212-7873\/ 7874<\/td><\/tr><tr><td>USF Bela Vista&nbsp;&nbsp;<\/td><td>7 \u00e0s 19 horas<\/td><td>Jardim Bela Vista, APM H, Rua NC 11, Qd 33, CEP: 77.064-692<\/td><td>3212-7966 \/ 7967<\/td><\/tr><tr><td>USF Jos\u00e9 Hermes Rodrigues Damaso&nbsp;<\/td><td>7 \u00e0s 19 horas<\/td><td>Setor Sul, Rua SO 3, APM 1, Setor Sul (Taquaralto 1\u00aa Etapa, folha 2), CEP: 77.064-632<\/td><td>3212-7945 \/ 7944<\/td><\/tr><tr><td>USF Walterly Wagner Jos\u00e9 Ribeiro<\/td><td>7 \u00e0s 18 horas<\/td><td>Taquaru\u00e7u Grande, TO-020, km 08<\/td><td>3212-7908<\/td><\/tr><tr><td>USF Walter Pereira Morato (Taquaru\u00e7u)<\/td><td>7 \u00e0s 18 horas como USF e das 18 \u00e0s 7h para servi\u00e7os de emerg\u00eancia<\/td><td>Taquaru\u00e7u, Qd 26, lote 01, CEP: 77.260-000<\/td><td>3212 7884 \/ 7883\/7854<\/td><\/tr><tr><td>USF Mariazinha Rodrigues da Silva<\/td><td>7 \u00e0s 18 horas<\/td><td>Buritirana, Rua Donato Pereira da Silva, Qd 1, AI 32, CEP: 77.050-026<\/td><td>3212-7990<\/td><\/tr><\/tbody><\/table><\/figure>\n\n\n\n<p><\/p>\n","protected":false},"excerpt":{"rendered":"<p>Durante todo este m\u00eas, em alus\u00e3o ao Outubro Rosa, as Unidades de Sa\u00fade da Fam\u00edlia (USFs) de Palmas v\u00e3o intensificar os atendimentos voltados \u00e0 preven\u00e7\u00e3o e ao cuidado com a sa\u00fade da mulher. Todas as quartas-feiras, as unidades funcionar\u00e3o em regime de livre demanda para a realiza\u00e7\u00e3o de exames preventivos e solicita\u00e7\u00f5es de exames de [&hellip;]<\/p>\n","protected":false},"author":13,"featured_media":87063,"comment_status":"open","ping_status":"open","sticky":false,"template":"","format":"standard","meta":{"_acf_changed":false,"footnotes":""},"categories":[22,898,21],"tags":[],"class_list":["post-87062","post","type-post","status-publish","format-standard","has-post-thumbnail","hentry","category-cidades","category-manchete-segundaria","category-todas-noticias"],"acf":[],"yoast_head":"<!-- This site is optimized with the Yoast SEO plugin v24.4 - https:\/\/yoast.com\/wordpress\/plugins\/seo\/ -->\n<title>USFs de Palmas ir\u00e3o funcionar em regime de livre demanda para atendimentos do Outubro Rosa - PORTAL DE NOT\u00cdCIAS CLEITON PINHEIRO<\/title>\n<meta name=\"robots\" content=\"index, follow, max-snippet:-1, max-image-preview:large, max-video-preview:-1\" \/>\n<link rel=\"canonical\" href=\"https:\/\/cleitonpinheiro.com.br\/site\/usfs-de-palmas-irao-funcionar-em-regime-de-livre-demanda-para-atendimentos-do-outubro-rosa\/\" \/>\n<meta property=\"og:locale\" content=\"pt_BR\" \/>\n<meta property=\"og:type\" content=\"article\" \/>\n<meta property=\"og:title\" content=\"USFs de Palmas ir\u00e3o funcionar em regime de livre demanda para atendimentos do Outubro Rosa - PORTAL DE NOT\u00cdCIAS CLEITON PINHEIRO\" \/>\n<meta property=\"og:description\" content=\"Durante todo este m\u00eas, em alus\u00e3o ao Outubro Rosa, as Unidades de Sa\u00fade da Fam\u00edlia (USFs) de Palmas v\u00e3o intensificar os atendimentos voltados \u00e0 preven\u00e7\u00e3o e ao cuidado com a sa\u00fade da mulher. Todas as quartas-feiras, as unidades funcionar\u00e3o em regime de livre demanda para a realiza\u00e7\u00e3o de exames preventivos e solicita\u00e7\u00f5es de exames de [&hellip;]\" \/>\n<meta property=\"og:url\" content=\"https:\/\/cleitonpinheiro.com.br\/site\/usfs-de-palmas-irao-funcionar-em-regime-de-livre-demanda-para-atendimentos-do-outubro-rosa\/\" \/>\n<meta property=\"og:site_name\" content=\"PORTAL DE NOT\u00cdCIAS CLEITON PINHEIRO\" \/>\n<meta property=\"article:publisher\" content=\"https:\/\/www.facebook.com\/portalcpnoticias\/\" \/>\n<meta property=\"article:published_time\" content=\"2025-10-03T13:06:31+00:00\" \/>\n<meta property=\"article:modified_time\" content=\"2025-10-03T13:06:36+00:00\" \/>\n<meta property=\"og:image\" content=\"https:\/\/cleitonpinheiro.com.br\/site\/wp-content\/uploads\/2025\/10\/Iniciativa-faz-parte-do-conjunto-de-acoes-do-Outubro-Rosa-\u2013-Foto-Divulgacao-Semus.jpg\" \/>\n\t<meta property=\"og:image:width\" content=\"544\" \/>\n\t<meta property=\"og:image:height\" content=\"359\" \/>\n\t<meta property=\"og:image:type\" content=\"image\/jpeg\" \/>\n<meta name=\"author\" content=\"Reda\u00e7\u00e3o CP\" \/>\n<meta name=\"twitter:card\" content=\"summary_large_image\" \/>\n<meta name=\"twitter:label1\" content=\"Escrito por\" \/>\n\t<meta name=\"twitter:data1\" content=\"Reda\u00e7\u00e3o CP\" \/>\n\t<meta name=\"twitter:label2\" content=\"Est. tempo de leitura\" \/>\n\t<meta name=\"twitter:data2\" content=\"6 minutos\" \/>\n<script type=\"application\/ld+json\" class=\"yoast-schema-graph\">{\"@context\":\"https:\/\/schema.org\",\"@graph\":[{\"@type\":\"Article\",\"@id\":\"https:\/\/cleitonpinheiro.com.br\/site\/usfs-de-palmas-irao-funcionar-em-regime-de-livre-demanda-para-atendimentos-do-outubro-rosa\/#article\",\"isPartOf\":{\"@id\":\"https:\/\/cleitonpinheiro.com.br\/site\/usfs-de-palmas-irao-funcionar-em-regime-de-livre-demanda-para-atendimentos-do-outubro-rosa\/\"},\"author\":{\"name\":\"Reda\u00e7\u00e3o CP\",\"@id\":\"https:\/\/cleitonpinheiro.com.br\/site\/#\/schema\/person\/8f04544e0bc40a1b68775b08360f87db\"},\"headline\":\"USFs de Palmas ir\u00e3o funcionar em regime de livre demanda para atendimentos do Outubro Rosa\",\"datePublished\":\"2025-10-03T13:06:31+00:00\",\"dateModified\":\"2025-10-03T13:06:36+00:00\",\"mainEntityOfPage\":{\"@id\":\"https:\/\/cleitonpinheiro.com.br\/site\/usfs-de-palmas-irao-funcionar-em-regime-de-livre-demanda-para-atendimentos-do-outubro-rosa\/\"},\"wordCount\":773,\"commentCount\":0,\"publisher\":{\"@id\":\"https:\/\/cleitonpinheiro.com.br\/site\/#organization\"},\"image\":{\"@id\":\"https:\/\/cleitonpinheiro.com.br\/site\/usfs-de-palmas-irao-funcionar-em-regime-de-livre-demanda-para-atendimentos-do-outubro-rosa\/#primaryimage\"},\"thumbnailUrl\":\"https:\/\/cleitonpinheiro.com.br\/site\/wp-content\/uploads\/2025\/10\/Iniciativa-faz-parte-do-conjunto-de-acoes-do-Outubro-Rosa-\u2013-Foto-Divulgacao-Semus.jpg\",\"articleSection\":[\"CIDADES\",\"MANCHETE SEGUND\u00c1RIA\",\"TODAS NOTICIAS\"],\"inLanguage\":\"pt-BR\",\"potentialAction\":[{\"@type\":\"CommentAction\",\"name\":\"Comment\",\"target\":[\"https:\/\/cleitonpinheiro.com.br\/site\/usfs-de-palmas-irao-funcionar-em-regime-de-livre-demanda-para-atendimentos-do-outubro-rosa\/#respond\"]}]},{\"@type\":\"WebPage\",\"@id\":\"https:\/\/cleitonpinheiro.com.br\/site\/usfs-de-palmas-irao-funcionar-em-regime-de-livre-demanda-para-atendimentos-do-outubro-rosa\/\",\"url\":\"https:\/\/cleitonpinheiro.com.br\/site\/usfs-de-palmas-irao-funcionar-em-regime-de-livre-demanda-para-atendimentos-do-outubro-rosa\/\",\"name\":\"USFs de Palmas ir\u00e3o funcionar em regime de livre demanda para atendimentos do Outubro Rosa - PORTAL DE NOT\u00cdCIAS CLEITON PINHEIRO\",\"isPartOf\":{\"@id\":\"https:\/\/cleitonpinheiro.com.br\/site\/#website\"},\"primaryImageOfPage\":{\"@id\":\"https:\/\/cleitonpinheiro.com.br\/site\/usfs-de-palmas-irao-funcionar-em-regime-de-livre-demanda-para-atendimentos-do-outubro-rosa\/#primaryimage\"},\"image\":{\"@id\":\"https:\/\/cleitonpinheiro.com.br\/site\/usfs-de-palmas-irao-funcionar-em-regime-de-livre-demanda-para-atendimentos-do-outubro-rosa\/#primaryimage\"},\"thumbnailUrl\":\"https:\/\/cleitonpinheiro.com.br\/site\/wp-content\/uploads\/2025\/10\/Iniciativa-faz-parte-do-conjunto-de-acoes-do-Outubro-Rosa-\u2013-Foto-Divulgacao-Semus.jpg\",\"datePublished\":\"2025-10-03T13:06:31+00:00\",\"dateModified\":\"2025-10-03T13:06:36+00:00\",\"breadcrumb\":{\"@id\":\"https:\/\/cleitonpinheiro.com.br\/site\/usfs-de-palmas-irao-funcionar-em-regime-de-livre-demanda-para-atendimentos-do-outubro-rosa\/#breadcrumb\"},\"inLanguage\":\"pt-BR\",\"potentialAction\":[{\"@type\":\"ReadAction\",\"target\":[\"https:\/\/cleitonpinheiro.com.br\/site\/usfs-de-palmas-irao-funcionar-em-regime-de-livre-demanda-para-atendimentos-do-outubro-rosa\/\"]}]},{\"@type\":\"ImageObject\",\"inLanguage\":\"pt-BR\",\"@id\":\"https:\/\/cleitonpinheiro.com.br\/site\/usfs-de-palmas-irao-funcionar-em-regime-de-livre-demanda-para-atendimentos-do-outubro-rosa\/#primaryimage\",\"url\":\"https:\/\/cleitonpinheiro.com.br\/site\/wp-content\/uploads\/2025\/10\/Iniciativa-faz-parte-do-conjunto-de-acoes-do-Outubro-Rosa-\u2013-Foto-Divulgacao-Semus.jpg\",\"contentUrl\":\"https:\/\/cleitonpinheiro.com.br\/site\/wp-content\/uploads\/2025\/10\/Iniciativa-faz-parte-do-conjunto-de-acoes-do-Outubro-Rosa-\u2013-Foto-Divulgacao-Semus.jpg\",\"width\":544,\"height\":359},{\"@type\":\"BreadcrumbList\",\"@id\":\"https:\/\/cleitonpinheiro.com.br\/site\/usfs-de-palmas-irao-funcionar-em-regime-de-livre-demanda-para-atendimentos-do-outubro-rosa\/#breadcrumb\",\"itemListElement\":[{\"@type\":\"ListItem\",\"position\":1,\"name\":\"In\u00edcio\",\"item\":\"https:\/\/cleitonpinheiro.com.br\/site\/\"},{\"@type\":\"ListItem\",\"position\":2,\"name\":\"USFs de Palmas ir\u00e3o funcionar em regime de livre demanda para atendimentos do Outubro Rosa\"}]},{\"@type\":\"WebSite\",\"@id\":\"https:\/\/cleitonpinheiro.com.br\/site\/#website\",\"url\":\"https:\/\/cleitonpinheiro.com.br\/site\/\",\"name\":\"PORTAL DE NOT\u00cdCIAS CLEITON PINHEIRO\",\"description\":\"FALANDO A VERDADE\",\"publisher\":{\"@id\":\"https:\/\/cleitonpinheiro.com.br\/site\/#organization\"},\"potentialAction\":[{\"@type\":\"SearchAction\",\"target\":{\"@type\":\"EntryPoint\",\"urlTemplate\":\"https:\/\/cleitonpinheiro.com.br\/site\/?s={search_term_string}\"},\"query-input\":{\"@type\":\"PropertyValueSpecification\",\"valueRequired\":true,\"valueName\":\"search_term_string\"}}],\"inLanguage\":\"pt-BR\"},{\"@type\":\"Organization\",\"@id\":\"https:\/\/cleitonpinheiro.com.br\/site\/#organization\",\"name\":\"CPNOT\u00cdCIAS\",\"url\":\"https:\/\/cleitonpinheiro.com.br\/site\/\",\"logo\":{\"@type\":\"ImageObject\",\"inLanguage\":\"pt-BR\",\"@id\":\"https:\/\/cleitonpinheiro.com.br\/site\/#\/schema\/logo\/image\/\",\"url\":\"https:\/\/cleitonpinheiro.com.br\/site\/wp-content\/uploads\/2022\/08\/Logo-pequena-2.png\",\"contentUrl\":\"https:\/\/cleitonpinheiro.com.br\/site\/wp-content\/uploads\/2022\/08\/Logo-pequena-2.png\",\"width\":500,\"height\":500,\"caption\":\"CPNOT\u00cdCIAS\"},\"image\":{\"@id\":\"https:\/\/cleitonpinheiro.com.br\/site\/#\/schema\/logo\/image\/\"},\"sameAs\":[\"https:\/\/www.facebook.com\/portalcpnoticias\/\"]},{\"@type\":\"Person\",\"@id\":\"https:\/\/cleitonpinheiro.com.br\/site\/#\/schema\/person\/8f04544e0bc40a1b68775b08360f87db\",\"name\":\"Reda\u00e7\u00e3o CP\",\"image\":{\"@type\":\"ImageObject\",\"inLanguage\":\"pt-BR\",\"@id\":\"https:\/\/cleitonpinheiro.com.br\/site\/#\/schema\/person\/image\/\",\"url\":\"https:\/\/secure.gravatar.com\/avatar\/0bcf19cb29fdc8fc588c490c7ae1b3e174dac268586a63fbe1d1893a0f9020cd?s=96&r=g\",\"contentUrl\":\"https:\/\/secure.gravatar.com\/avatar\/0bcf19cb29fdc8fc588c490c7ae1b3e174dac268586a63fbe1d1893a0f9020cd?s=96&r=g\",\"caption\":\"Reda\u00e7\u00e3o CP\"},\"url\":\"https:\/\/cleitonpinheiro.com.br\/site\/author\/redacao\/\"}]}<\/script>\n<!-- \/ Yoast SEO plugin. -->","yoast_head_json":{"title":"USFs de Palmas ir\u00e3o funcionar em regime de livre demanda para atendimentos do Outubro Rosa - PORTAL DE NOT\u00cdCIAS CLEITON PINHEIRO","robots":{"index":"index","follow":"follow","max-snippet":"max-snippet:-1","max-image-preview":"max-image-preview:large","max-video-preview":"max-video-preview:-1"},"canonical":"https:\/\/cleitonpinheiro.com.br\/site\/usfs-de-palmas-irao-funcionar-em-regime-de-livre-demanda-para-atendimentos-do-outubro-rosa\/","og_locale":"pt_BR","og_type":"article","og_title":"USFs de Palmas ir\u00e3o funcionar em regime de livre demanda para atendimentos do Outubro Rosa - PORTAL DE NOT\u00cdCIAS CLEITON PINHEIRO","og_description":"Durante todo este m\u00eas, em alus\u00e3o ao Outubro Rosa, as Unidades de Sa\u00fade da Fam\u00edlia (USFs) de Palmas v\u00e3o intensificar os atendimentos voltados \u00e0 preven\u00e7\u00e3o e ao cuidado com a sa\u00fade da mulher. Todas as quartas-feiras, as unidades funcionar\u00e3o em regime de livre demanda para a realiza\u00e7\u00e3o de exames preventivos e solicita\u00e7\u00f5es de exames de [&hellip;]","og_url":"https:\/\/cleitonpinheiro.com.br\/site\/usfs-de-palmas-irao-funcionar-em-regime-de-livre-demanda-para-atendimentos-do-outubro-rosa\/","og_site_name":"PORTAL DE NOT\u00cdCIAS CLEITON PINHEIRO","article_publisher":"https:\/\/www.facebook.com\/portalcpnoticias\/","article_published_time":"2025-10-03T13:06:31+00:00","article_modified_time":"2025-10-03T13:06:36+00:00","og_image":[{"width":544,"height":359,"url":"https:\/\/cleitonpinheiro.com.br\/site\/wp-content\/uploads\/2025\/10\/Iniciativa-faz-parte-do-conjunto-de-acoes-do-Outubro-Rosa-\u2013-Foto-Divulgacao-Semus.jpg","type":"image\/jpeg"}],"author":"Reda\u00e7\u00e3o CP","twitter_card":"summary_large_image","twitter_misc":{"Escrito por":"Reda\u00e7\u00e3o CP","Est. tempo de leitura":"6 minutos"},"schema":{"@context":"https:\/\/schema.org","@graph":[{"@type":"Article","@id":"https:\/\/cleitonpinheiro.com.br\/site\/usfs-de-palmas-irao-funcionar-em-regime-de-livre-demanda-para-atendimentos-do-outubro-rosa\/#article","isPartOf":{"@id":"https:\/\/cleitonpinheiro.com.br\/site\/usfs-de-palmas-irao-funcionar-em-regime-de-livre-demanda-para-atendimentos-do-outubro-rosa\/"},"author":{"name":"Reda\u00e7\u00e3o CP","@id":"https:\/\/cleitonpinheiro.com.br\/site\/#\/schema\/person\/8f04544e0bc40a1b68775b08360f87db"},"headline":"USFs de Palmas ir\u00e3o funcionar em regime de livre demanda para atendimentos do Outubro Rosa","datePublished":"2025-10-03T13:06:31+00:00","dateModified":"2025-10-03T13:06:36+00:00","mainEntityOfPage":{"@id":"https:\/\/cleitonpinheiro.com.br\/site\/usfs-de-palmas-irao-funcionar-em-regime-de-livre-demanda-para-atendimentos-do-outubro-rosa\/"},"wordCount":773,"commentCount":0,"publisher":{"@id":"https:\/\/cleitonpinheiro.com.br\/site\/#organization"},"image":{"@id":"https:\/\/cleitonpinheiro.com.br\/site\/usfs-de-palmas-irao-funcionar-em-regime-de-livre-demanda-para-atendimentos-do-outubro-rosa\/#primaryimage"},"thumbnailUrl":"https:\/\/cleitonpinheiro.com.br\/site\/wp-content\/uploads\/2025\/10\/Iniciativa-faz-parte-do-conjunto-de-acoes-do-Outubro-Rosa-\u2013-Foto-Divulgacao-Semus.jpg","articleSection":["CIDADES","MANCHETE SEGUND\u00c1RIA","TODAS NOTICIAS"],"inLanguage":"pt-BR","potentialAction":[{"@type":"CommentAction","name":"Comment","target":["https:\/\/cleitonpinheiro.com.br\/site\/usfs-de-palmas-irao-funcionar-em-regime-de-livre-demanda-para-atendimentos-do-outubro-rosa\/#respond"]}]},{"@type":"WebPage","@id":"https:\/\/cleitonpinheiro.com.br\/site\/usfs-de-palmas-irao-funcionar-em-regime-de-livre-demanda-para-atendimentos-do-outubro-rosa\/","url":"https:\/\/cleitonpinheiro.com.br\/site\/usfs-de-palmas-irao-funcionar-em-regime-de-livre-demanda-para-atendimentos-do-outubro-rosa\/","name":"USFs de Palmas ir\u00e3o funcionar em regime de livre demanda para atendimentos do Outubro Rosa - PORTAL DE NOT\u00cdCIAS CLEITON PINHEIRO","isPartOf":{"@id":"https:\/\/cleitonpinheiro.com.br\/site\/#website"},"primaryImageOfPage":{"@id":"https:\/\/cleitonpinheiro.com.br\/site\/usfs-de-palmas-irao-funcionar-em-regime-de-livre-demanda-para-atendimentos-do-outubro-rosa\/#primaryimage"},"image":{"@id":"https:\/\/cleitonpinheiro.com.br\/site\/usfs-de-palmas-irao-funcionar-em-regime-de-livre-demanda-para-atendimentos-do-outubro-rosa\/#primaryimage"},"thumbnailUrl":"https:\/\/cleitonpinheiro.com.br\/site\/wp-content\/uploads\/2025\/10\/Iniciativa-faz-parte-do-conjunto-de-acoes-do-Outubro-Rosa-\u2013-Foto-Divulgacao-Semus.jpg","datePublished":"2025-10-03T13:06:31+00:00","dateModified":"2025-10-03T13:06:36+00:00","breadcrumb":{"@id":"https:\/\/cleitonpinheiro.com.br\/site\/usfs-de-palmas-irao-funcionar-em-regime-de-livre-demanda-para-atendimentos-do-outubro-rosa\/#breadcrumb"},"inLanguage":"pt-BR","potentialAction":[{"@type":"ReadAction","target":["https:\/\/cleitonpinheiro.com.br\/site\/usfs-de-palmas-irao-funcionar-em-regime-de-livre-demanda-para-atendimentos-do-outubro-rosa\/"]}]},{"@type":"ImageObject","inLanguage":"pt-BR","@id":"https:\/\/cleitonpinheiro.com.br\/site\/usfs-de-palmas-irao-funcionar-em-regime-de-livre-demanda-para-atendimentos-do-outubro-rosa\/#primaryimage","url":"https:\/\/cleitonpinheiro.com.br\/site\/wp-content\/uploads\/2025\/10\/Iniciativa-faz-parte-do-conjunto-de-acoes-do-Outubro-Rosa-\u2013-Foto-Divulgacao-Semus.jpg","contentUrl":"https:\/\/cleitonpinheiro.com.br\/site\/wp-content\/uploads\/2025\/10\/Iniciativa-faz-parte-do-conjunto-de-acoes-do-Outubro-Rosa-\u2013-Foto-Divulgacao-Semus.jpg","width":544,"height":359},{"@type":"BreadcrumbList","@id":"https:\/\/cleitonpinheiro.com.br\/site\/usfs-de-palmas-irao-funcionar-em-regime-de-livre-demanda-para-atendimentos-do-outubro-rosa\/#breadcrumb","itemListElement":[{"@type":"ListItem","position":1,"name":"In\u00edcio","item":"https:\/\/cleitonpinheiro.com.br\/site\/"},{"@type":"ListItem","position":2,"name":"USFs de Palmas ir\u00e3o funcionar em regime de livre demanda para atendimentos do Outubro Rosa"}]},{"@type":"WebSite","@id":"https:\/\/cleitonpinheiro.com.br\/site\/#website","url":"https:\/\/cleitonpinheiro.com.br\/site\/","name":"PORTAL DE NOT\u00cdCIAS CLEITON PINHEIRO","description":"FALANDO A VERDADE","publisher":{"@id":"https:\/\/cleitonpinheiro.com.br\/site\/#organization"},"potentialAction":[{"@type":"SearchAction","target":{"@type":"EntryPoint","urlTemplate":"https:\/\/cleitonpinheiro.com.br\/site\/?s={search_term_string}"},"query-input":{"@type":"PropertyValueSpecification","valueRequired":true,"valueName":"search_term_string"}}],"inLanguage":"pt-BR"},{"@type":"Organization","@id":"https:\/\/cleitonpinheiro.com.br\/site\/#organization","name":"CPNOT\u00cdCIAS","url":"https:\/\/cleitonpinheiro.com.br\/site\/","logo":{"@type":"ImageObject","inLanguage":"pt-BR","@id":"https:\/\/cleitonpinheiro.com.br\/site\/#\/schema\/logo\/image\/","url":"https:\/\/cleitonpinheiro.com.br\/site\/wp-content\/uploads\/2022\/08\/Logo-pequena-2.png","contentUrl":"https:\/\/cleitonpinheiro.com.br\/site\/wp-content\/uploads\/2022\/08\/Logo-pequena-2.png","width":500,"height":500,"caption":"CPNOT\u00cdCIAS"},"image":{"@id":"https:\/\/cleitonpinheiro.com.br\/site\/#\/schema\/logo\/image\/"},"sameAs":["https:\/\/www.facebook.com\/portalcpnoticias\/"]},{"@type":"Person","@id":"https:\/\/cleitonpinheiro.com.br\/site\/#\/schema\/person\/8f04544e0bc40a1b68775b08360f87db","name":"Reda\u00e7\u00e3o CP","image":{"@type":"ImageObject","inLanguage":"pt-BR","@id":"https:\/\/cleitonpinheiro.com.br\/site\/#\/schema\/person\/image\/","url":"https:\/\/secure.gravatar.com\/avatar\/0bcf19cb29fdc8fc588c490c7ae1b3e174dac268586a63fbe1d1893a0f9020cd?s=96&r=g","contentUrl":"https:\/\/secure.gravatar.com\/avatar\/0bcf19cb29fdc8fc588c490c7ae1b3e174dac268586a63fbe1d1893a0f9020cd?s=96&r=g","caption":"Reda\u00e7\u00e3o CP"},"url":"https:\/\/cleitonpinheiro.com.br\/site\/author\/redacao\/"}]}},"views":78,"_links":{"self":[{"href":"https:\/\/cleitonpinheiro.com.br\/site\/wp-json\/wp\/v2\/posts\/87062","targetHints":{"allow":["GET"]}}],"collection":[{"href":"https:\/\/cleitonpinheiro.com.br\/site\/wp-json\/wp\/v2\/posts"}],"about":[{"href":"https:\/\/cleitonpinheiro.com.br\/site\/wp-json\/wp\/v2\/types\/post"}],"author":[{"embeddable":true,"href":"https:\/\/cleitonpinheiro.com.br\/site\/wp-json\/wp\/v2\/users\/13"}],"replies":[{"embeddable":true,"href":"https:\/\/cleitonpinheiro.com.br\/site\/wp-json\/wp\/v2\/comments?post=87062"}],"version-history":[{"count":1,"href":"https:\/\/cleitonpinheiro.com.br\/site\/wp-json\/wp\/v2\/posts\/87062\/revisions"}],"predecessor-version":[{"id":87064,"href":"https:\/\/cleitonpinheiro.com.br\/site\/wp-json\/wp\/v2\/posts\/87062\/revisions\/87064"}],"wp:featuredmedia":[{"embeddable":true,"href":"https:\/\/cleitonpinheiro.com.br\/site\/wp-json\/wp\/v2\/media\/87063"}],"wp:attachment":[{"href":"https:\/\/cleitonpinheiro.com.br\/site\/wp-json\/wp\/v2\/media?parent=87062"}],"wp:term":[{"taxonomy":"category","embeddable":true,"href":"https:\/\/cleitonpinheiro.com.br\/site\/wp-json\/wp\/v2\/categories?post=87062"},{"taxonomy":"post_tag","embeddable":true,"href":"https:\/\/cleitonpinheiro.com.br\/site\/wp-json\/wp\/v2\/tags?post=87062"}],"curies":[{"name":"wp","href":"https:\/\/api.w.org\/{rel}","templated":true}]}}