{"id":87065,"date":"2025-10-03T10:08:51","date_gmt":"2025-10-03T13:08:51","guid":{"rendered":"https:\/\/cleitonpinheiro.com.br\/site\/?p=87065"},"modified":"2025-10-11T13:05:26","modified_gmt":"2025-10-11T16:05:26","slug":"prefeitura-de-gurupi-inicia-pavimentacao-asfaltica-da-avenida-parque-conhecida-como-corredor-do-decio","status":"publish","type":"post","link":"https:\/\/cleitonpinheiro.com.br\/site\/prefeitura-de-gurupi-inicia-pavimentacao-asfaltica-da-avenida-parque-conhecida-como-corredor-do-decio\/","title":{"rendered":"Prefeitura de Gurupi inicia pavimenta\u00e7\u00e3o asf\u00e1ltica da Avenida Parque, conhecida como corredor do D\u00e9cio"},"content":{"rendered":"\n<figure class=\"wp-block-image size-large\"><img fetchpriority=\"high\" decoding=\"async\" width=\"1024\" height=\"576\" src=\"https:\/\/cleitonpinheiro.com.br\/site\/wp-content\/uploads\/2025\/10\/drenagem-corredor-mutuca-aerea-1024x576.jpg\" alt=\"\" class=\"wp-image-87066\" srcset=\"https:\/\/cleitonpinheiro.com.br\/site\/wp-content\/uploads\/2025\/10\/drenagem-corredor-mutuca-aerea-1024x576.jpg 1024w, https:\/\/cleitonpinheiro.com.br\/site\/wp-content\/uploads\/2025\/10\/drenagem-corredor-mutuca-aerea-300x169.jpg 300w, https:\/\/cleitonpinheiro.com.br\/site\/wp-content\/uploads\/2025\/10\/drenagem-corredor-mutuca-aerea-768x432.jpg 768w, https:\/\/cleitonpinheiro.com.br\/site\/wp-content\/uploads\/2025\/10\/drenagem-corredor-mutuca-aerea-1536x864.jpg 1536w, https:\/\/cleitonpinheiro.com.br\/site\/wp-content\/uploads\/2025\/10\/drenagem-corredor-mutuca-aerea.jpg 1600w\" sizes=\"(max-width: 1024px) 100vw, 1024px\" \/><\/figure>\n\n\n\n<p>Ap\u00f3s a conclus\u00e3o da fase de drenagem, a Prefeitura de Gurupi, por meio da Secretaria Municipal de Infraestrutura, iniciou nesta sexta-feira, 03, a pavimenta\u00e7\u00e3o asf\u00e1ltica da Avenida Parque, popularmente conhecida como corredor do D\u00e9cio. A obra contempla um trecho de 2 km, que liga a Avenida Goi\u00e1s (nas proximidades do setor Boulevard) \u00e0 BR-153, promovendo mais mobilidade, seguran\u00e7a e qualidade de vida para a popula\u00e7\u00e3o, atendendo a uma antiga reivindica\u00e7\u00e3o de centenas de moradores e motoristas que utilizam diariamente a via.<\/p>\n\n\n\n<p>Durante a execu\u00e7\u00e3o dos servi\u00e7os, o trecho estar\u00e1 interditado para garantir a seguran\u00e7a dos trabalhadores e da popula\u00e7\u00e3o.<\/p>\n\n\n\n<p>A secret\u00e1ria de Infraestrutura, Juliana Passarin, destacou a import\u00e2ncia da obra para a cidade. \u201cEssa \u00e9 uma via de acesso muito importante, que por muitos anos ficou esquecida. Agora, com essa pavimenta\u00e7\u00e3o, vamos garantir trafegabilidade, valoriza\u00e7\u00e3o urbana e mais qualidade e seguran\u00e7a para quem utiliza o acesso. \u00c9 um investimento que transforma a realidade da regi\u00e3o\u201d, destacou.<\/p>\n\n\n\n<p>A prefeita Josi Nunes refor\u00e7ou o compromisso da gest\u00e3o com a execu\u00e7\u00e3o de obras estruturantes. \u201cEstamos realizando um sonho antigo da popula\u00e7\u00e3o. A pavimenta\u00e7\u00e3o da Avenida Parque, popularmente conhecida como corredor do D\u00e9cio, significa mais desenvolvimento, mais mobilidade e mais seguran\u00e7a para todos que circulam por aqui. Esse \u00e9 o resultado de uma gest\u00e3o que planeja e executa pensando no futuro da nossa cidade e no bem-estar da nossa gente\u201d, concluiu. &nbsp;<\/p>\n","protected":false},"excerpt":{"rendered":"<p>Ap\u00f3s a conclus\u00e3o da fase de drenagem, a Prefeitura de Gurupi, por meio da Secretaria Municipal de Infraestrutura, iniciou nesta sexta-feira, 03, a pavimenta\u00e7\u00e3o asf\u00e1ltica da Avenida Parque, popularmente conhecida como corredor do D\u00e9cio. A obra contempla um trecho de 2 km, que liga a Avenida Goi\u00e1s (nas proximidades do setor Boulevard) \u00e0 BR-153, promovendo [&hellip;]<\/p>\n","protected":false},"author":13,"featured_media":87066,"comment_status":"open","ping_status":"open","sticky":false,"template":"","format":"standard","meta":{"_acf_changed":false,"footnotes":""},"categories":[22,898,21],"tags":[],"class_list":["post-87065","post","type-post","status-publish","format-standard","has-post-thumbnail","hentry","category-cidades","category-manchete-segundaria","category-todas-noticias"],"acf":[],"yoast_head":"<!-- This site is optimized with the Yoast SEO plugin v24.4 - https:\/\/yoast.com\/wordpress\/plugins\/seo\/ -->\n<title>Prefeitura de Gurupi inicia pavimenta\u00e7\u00e3o asf\u00e1ltica da Avenida Parque, conhecida como corredor do D\u00e9cio - PORTAL DE NOT\u00cdCIAS CLEITON PINHEIRO<\/title>\n<meta name=\"robots\" content=\"index, follow, max-snippet:-1, max-image-preview:large, max-video-preview:-1\" \/>\n<link rel=\"canonical\" href=\"https:\/\/cleitonpinheiro.com.br\/site\/prefeitura-de-gurupi-inicia-pavimentacao-asfaltica-da-avenida-parque-conhecida-como-corredor-do-decio\/\" \/>\n<meta property=\"og:locale\" content=\"pt_BR\" \/>\n<meta property=\"og:type\" content=\"article\" \/>\n<meta property=\"og:title\" content=\"Prefeitura de Gurupi inicia pavimenta\u00e7\u00e3o asf\u00e1ltica da Avenida Parque, conhecida como corredor do D\u00e9cio - PORTAL DE NOT\u00cdCIAS CLEITON PINHEIRO\" \/>\n<meta property=\"og:description\" content=\"Ap\u00f3s a conclus\u00e3o da fase de drenagem, a Prefeitura de Gurupi, por meio da Secretaria Municipal de Infraestrutura, iniciou nesta sexta-feira, 03, a pavimenta\u00e7\u00e3o asf\u00e1ltica da Avenida Parque, popularmente conhecida como corredor do D\u00e9cio. A obra contempla um trecho de 2 km, que liga a Avenida Goi\u00e1s (nas proximidades do setor Boulevard) \u00e0 BR-153, promovendo [&hellip;]\" \/>\n<meta property=\"og:url\" content=\"https:\/\/cleitonpinheiro.com.br\/site\/prefeitura-de-gurupi-inicia-pavimentacao-asfaltica-da-avenida-parque-conhecida-como-corredor-do-decio\/\" \/>\n<meta property=\"og:site_name\" content=\"PORTAL DE NOT\u00cdCIAS CLEITON PINHEIRO\" \/>\n<meta property=\"article:publisher\" content=\"https:\/\/www.facebook.com\/portalcpnoticias\/\" \/>\n<meta property=\"article:published_time\" content=\"2025-10-03T13:08:51+00:00\" \/>\n<meta property=\"article:modified_time\" content=\"2025-10-11T16:05:26+00:00\" \/>\n<meta property=\"og:image\" content=\"https:\/\/cleitonpinheiro.com.br\/site\/wp-content\/uploads\/2025\/10\/drenagem-corredor-mutuca-aerea.jpg\" \/>\n\t<meta property=\"og:image:width\" content=\"1600\" \/>\n\t<meta property=\"og:image:height\" content=\"900\" \/>\n\t<meta property=\"og:image:type\" content=\"image\/jpeg\" \/>\n<meta name=\"author\" content=\"Reda\u00e7\u00e3o CP\" \/>\n<meta name=\"twitter:card\" content=\"summary_large_image\" \/>\n<meta name=\"twitter:label1\" content=\"Escrito por\" \/>\n\t<meta name=\"twitter:data1\" content=\"Reda\u00e7\u00e3o CP\" \/>\n\t<meta name=\"twitter:label2\" content=\"Est. tempo de leitura\" \/>\n\t<meta name=\"twitter:data2\" content=\"2 minutos\" \/>\n<script type=\"application\/ld+json\" class=\"yoast-schema-graph\">{\"@context\":\"https:\/\/schema.org\",\"@graph\":[{\"@type\":\"Article\",\"@id\":\"https:\/\/cleitonpinheiro.com.br\/site\/prefeitura-de-gurupi-inicia-pavimentacao-asfaltica-da-avenida-parque-conhecida-como-corredor-do-decio\/#article\",\"isPartOf\":{\"@id\":\"https:\/\/cleitonpinheiro.com.br\/site\/prefeitura-de-gurupi-inicia-pavimentacao-asfaltica-da-avenida-parque-conhecida-como-corredor-do-decio\/\"},\"author\":{\"name\":\"Reda\u00e7\u00e3o CP\",\"@id\":\"https:\/\/cleitonpinheiro.com.br\/site\/#\/schema\/person\/8f04544e0bc40a1b68775b08360f87db\"},\"headline\":\"Prefeitura de Gurupi inicia pavimenta\u00e7\u00e3o asf\u00e1ltica da Avenida Parque, conhecida como corredor do D\u00e9cio\",\"datePublished\":\"2025-10-03T13:08:51+00:00\",\"dateModified\":\"2025-10-11T16:05:26+00:00\",\"mainEntityOfPage\":{\"@id\":\"https:\/\/cleitonpinheiro.com.br\/site\/prefeitura-de-gurupi-inicia-pavimentacao-asfaltica-da-avenida-parque-conhecida-como-corredor-do-decio\/\"},\"wordCount\":266,\"commentCount\":0,\"publisher\":{\"@id\":\"https:\/\/cleitonpinheiro.com.br\/site\/#organization\"},\"image\":{\"@id\":\"https:\/\/cleitonpinheiro.com.br\/site\/prefeitura-de-gurupi-inicia-pavimentacao-asfaltica-da-avenida-parque-conhecida-como-corredor-do-decio\/#primaryimage\"},\"thumbnailUrl\":\"https:\/\/cleitonpinheiro.com.br\/site\/wp-content\/uploads\/2025\/10\/drenagem-corredor-mutuca-aerea.jpg\",\"articleSection\":[\"CIDADES\",\"MANCHETE SEGUND\u00c1RIA\",\"TODAS NOTICIAS\"],\"inLanguage\":\"pt-BR\",\"potentialAction\":[{\"@type\":\"CommentAction\",\"name\":\"Comment\",\"target\":[\"https:\/\/cleitonpinheiro.com.br\/site\/prefeitura-de-gurupi-inicia-pavimentacao-asfaltica-da-avenida-parque-conhecida-como-corredor-do-decio\/#respond\"]}]},{\"@type\":\"WebPage\",\"@id\":\"https:\/\/cleitonpinheiro.com.br\/site\/prefeitura-de-gurupi-inicia-pavimentacao-asfaltica-da-avenida-parque-conhecida-como-corredor-do-decio\/\",\"url\":\"https:\/\/cleitonpinheiro.com.br\/site\/prefeitura-de-gurupi-inicia-pavimentacao-asfaltica-da-avenida-parque-conhecida-como-corredor-do-decio\/\",\"name\":\"Prefeitura de Gurupi inicia pavimenta\u00e7\u00e3o asf\u00e1ltica da Avenida Parque, conhecida como corredor do D\u00e9cio - PORTAL DE NOT\u00cdCIAS CLEITON PINHEIRO\",\"isPartOf\":{\"@id\":\"https:\/\/cleitonpinheiro.com.br\/site\/#website\"},\"primaryImageOfPage\":{\"@id\":\"https:\/\/cleitonpinheiro.com.br\/site\/prefeitura-de-gurupi-inicia-pavimentacao-asfaltica-da-avenida-parque-conhecida-como-corredor-do-decio\/#primaryimage\"},\"image\":{\"@id\":\"https:\/\/cleitonpinheiro.com.br\/site\/prefeitura-de-gurupi-inicia-pavimentacao-asfaltica-da-avenida-parque-conhecida-como-corredor-do-decio\/#primaryimage\"},\"thumbnailUrl\":\"https:\/\/cleitonpinheiro.com.br\/site\/wp-content\/uploads\/2025\/10\/drenagem-corredor-mutuca-aerea.jpg\",\"datePublished\":\"2025-10-03T13:08:51+00:00\",\"dateModified\":\"2025-10-11T16:05:26+00:00\",\"breadcrumb\":{\"@id\":\"https:\/\/cleitonpinheiro.com.br\/site\/prefeitura-de-gurupi-inicia-pavimentacao-asfaltica-da-avenida-parque-conhecida-como-corredor-do-decio\/#breadcrumb\"},\"inLanguage\":\"pt-BR\",\"potentialAction\":[{\"@type\":\"ReadAction\",\"target\":[\"https:\/\/cleitonpinheiro.com.br\/site\/prefeitura-de-gurupi-inicia-pavimentacao-asfaltica-da-avenida-parque-conhecida-como-corredor-do-decio\/\"]}]},{\"@type\":\"ImageObject\",\"inLanguage\":\"pt-BR\",\"@id\":\"https:\/\/cleitonpinheiro.com.br\/site\/prefeitura-de-gurupi-inicia-pavimentacao-asfaltica-da-avenida-parque-conhecida-como-corredor-do-decio\/#primaryimage\",\"url\":\"https:\/\/cleitonpinheiro.com.br\/site\/wp-content\/uploads\/2025\/10\/drenagem-corredor-mutuca-aerea.jpg\",\"contentUrl\":\"https:\/\/cleitonpinheiro.com.br\/site\/wp-content\/uploads\/2025\/10\/drenagem-corredor-mutuca-aerea.jpg\",\"width\":1600,\"height\":900},{\"@type\":\"BreadcrumbList\",\"@id\":\"https:\/\/cleitonpinheiro.com.br\/site\/prefeitura-de-gurupi-inicia-pavimentacao-asfaltica-da-avenida-parque-conhecida-como-corredor-do-decio\/#breadcrumb\",\"itemListElement\":[{\"@type\":\"ListItem\",\"position\":1,\"name\":\"In\u00edcio\",\"item\":\"https:\/\/cleitonpinheiro.com.br\/site\/\"},{\"@type\":\"ListItem\",\"position\":2,\"name\":\"Prefeitura de Gurupi inicia pavimenta\u00e7\u00e3o asf\u00e1ltica da Avenida Parque, conhecida como corredor do D\u00e9cio\"}]},{\"@type\":\"WebSite\",\"@id\":\"https:\/\/cleitonpinheiro.com.br\/site\/#website\",\"url\":\"https:\/\/cleitonpinheiro.com.br\/site\/\",\"name\":\"PORTAL DE NOT\u00cdCIAS CLEITON PINHEIRO\",\"description\":\"FALANDO A VERDADE\",\"publisher\":{\"@id\":\"https:\/\/cleitonpinheiro.com.br\/site\/#organization\"},\"potentialAction\":[{\"@type\":\"SearchAction\",\"target\":{\"@type\":\"EntryPoint\",\"urlTemplate\":\"https:\/\/cleitonpinheiro.com.br\/site\/?s={search_term_string}\"},\"query-input\":{\"@type\":\"PropertyValueSpecification\",\"valueRequired\":true,\"valueName\":\"search_term_string\"}}],\"inLanguage\":\"pt-BR\"},{\"@type\":\"Organization\",\"@id\":\"https:\/\/cleitonpinheiro.com.br\/site\/#organization\",\"name\":\"CPNOT\u00cdCIAS\",\"url\":\"https:\/\/cleitonpinheiro.com.br\/site\/\",\"logo\":{\"@type\":\"ImageObject\",\"inLanguage\":\"pt-BR\",\"@id\":\"https:\/\/cleitonpinheiro.com.br\/site\/#\/schema\/logo\/image\/\",\"url\":\"https:\/\/cleitonpinheiro.com.br\/site\/wp-content\/uploads\/2022\/08\/Logo-pequena-2.png\",\"contentUrl\":\"https:\/\/cleitonpinheiro.com.br\/site\/wp-content\/uploads\/2022\/08\/Logo-pequena-2.png\",\"width\":500,\"height\":500,\"caption\":\"CPNOT\u00cdCIAS\"},\"image\":{\"@id\":\"https:\/\/cleitonpinheiro.com.br\/site\/#\/schema\/logo\/image\/\"},\"sameAs\":[\"https:\/\/www.facebook.com\/portalcpnoticias\/\"]},{\"@type\":\"Person\",\"@id\":\"https:\/\/cleitonpinheiro.com.br\/site\/#\/schema\/person\/8f04544e0bc40a1b68775b08360f87db\",\"name\":\"Reda\u00e7\u00e3o CP\",\"image\":{\"@type\":\"ImageObject\",\"inLanguage\":\"pt-BR\",\"@id\":\"https:\/\/cleitonpinheiro.com.br\/site\/#\/schema\/person\/image\/\",\"url\":\"https:\/\/secure.gravatar.com\/avatar\/0bcf19cb29fdc8fc588c490c7ae1b3e174dac268586a63fbe1d1893a0f9020cd?s=96&r=g\",\"contentUrl\":\"https:\/\/secure.gravatar.com\/avatar\/0bcf19cb29fdc8fc588c490c7ae1b3e174dac268586a63fbe1d1893a0f9020cd?s=96&r=g\",\"caption\":\"Reda\u00e7\u00e3o CP\"},\"url\":\"https:\/\/cleitonpinheiro.com.br\/site\/author\/redacao\/\"}]}<\/script>\n<!-- \/ Yoast SEO plugin. -->","yoast_head_json":{"title":"Prefeitura de Gurupi inicia pavimenta\u00e7\u00e3o asf\u00e1ltica da Avenida Parque, conhecida como corredor do D\u00e9cio - PORTAL DE NOT\u00cdCIAS CLEITON PINHEIRO","robots":{"index":"index","follow":"follow","max-snippet":"max-snippet:-1","max-image-preview":"max-image-preview:large","max-video-preview":"max-video-preview:-1"},"canonical":"https:\/\/cleitonpinheiro.com.br\/site\/prefeitura-de-gurupi-inicia-pavimentacao-asfaltica-da-avenida-parque-conhecida-como-corredor-do-decio\/","og_locale":"pt_BR","og_type":"article","og_title":"Prefeitura de Gurupi inicia pavimenta\u00e7\u00e3o asf\u00e1ltica da Avenida Parque, conhecida como corredor do D\u00e9cio - PORTAL DE NOT\u00cdCIAS CLEITON PINHEIRO","og_description":"Ap\u00f3s a conclus\u00e3o da fase de drenagem, a Prefeitura de Gurupi, por meio da Secretaria Municipal de Infraestrutura, iniciou nesta sexta-feira, 03, a pavimenta\u00e7\u00e3o asf\u00e1ltica da Avenida Parque, popularmente conhecida como corredor do D\u00e9cio. A obra contempla um trecho de 2 km, que liga a Avenida Goi\u00e1s (nas proximidades do setor Boulevard) \u00e0 BR-153, promovendo [&hellip;]","og_url":"https:\/\/cleitonpinheiro.com.br\/site\/prefeitura-de-gurupi-inicia-pavimentacao-asfaltica-da-avenida-parque-conhecida-como-corredor-do-decio\/","og_site_name":"PORTAL DE NOT\u00cdCIAS CLEITON PINHEIRO","article_publisher":"https:\/\/www.facebook.com\/portalcpnoticias\/","article_published_time":"2025-10-03T13:08:51+00:00","article_modified_time":"2025-10-11T16:05:26+00:00","og_image":[{"width":1600,"height":900,"url":"https:\/\/cleitonpinheiro.com.br\/site\/wp-content\/uploads\/2025\/10\/drenagem-corredor-mutuca-aerea.jpg","type":"image\/jpeg"}],"author":"Reda\u00e7\u00e3o CP","twitter_card":"summary_large_image","twitter_misc":{"Escrito por":"Reda\u00e7\u00e3o CP","Est. tempo de leitura":"2 minutos"},"schema":{"@context":"https:\/\/schema.org","@graph":[{"@type":"Article","@id":"https:\/\/cleitonpinheiro.com.br\/site\/prefeitura-de-gurupi-inicia-pavimentacao-asfaltica-da-avenida-parque-conhecida-como-corredor-do-decio\/#article","isPartOf":{"@id":"https:\/\/cleitonpinheiro.com.br\/site\/prefeitura-de-gurupi-inicia-pavimentacao-asfaltica-da-avenida-parque-conhecida-como-corredor-do-decio\/"},"author":{"name":"Reda\u00e7\u00e3o CP","@id":"https:\/\/cleitonpinheiro.com.br\/site\/#\/schema\/person\/8f04544e0bc40a1b68775b08360f87db"},"headline":"Prefeitura de Gurupi inicia pavimenta\u00e7\u00e3o asf\u00e1ltica da Avenida Parque, conhecida como corredor do D\u00e9cio","datePublished":"2025-10-03T13:08:51+00:00","dateModified":"2025-10-11T16:05:26+00:00","mainEntityOfPage":{"@id":"https:\/\/cleitonpinheiro.com.br\/site\/prefeitura-de-gurupi-inicia-pavimentacao-asfaltica-da-avenida-parque-conhecida-como-corredor-do-decio\/"},"wordCount":266,"commentCount":0,"publisher":{"@id":"https:\/\/cleitonpinheiro.com.br\/site\/#organization"},"image":{"@id":"https:\/\/cleitonpinheiro.com.br\/site\/prefeitura-de-gurupi-inicia-pavimentacao-asfaltica-da-avenida-parque-conhecida-como-corredor-do-decio\/#primaryimage"},"thumbnailUrl":"https:\/\/cleitonpinheiro.com.br\/site\/wp-content\/uploads\/2025\/10\/drenagem-corredor-mutuca-aerea.jpg","articleSection":["CIDADES","MANCHETE SEGUND\u00c1RIA","TODAS NOTICIAS"],"inLanguage":"pt-BR","potentialAction":[{"@type":"CommentAction","name":"Comment","target":["https:\/\/cleitonpinheiro.com.br\/site\/prefeitura-de-gurupi-inicia-pavimentacao-asfaltica-da-avenida-parque-conhecida-como-corredor-do-decio\/#respond"]}]},{"@type":"WebPage","@id":"https:\/\/cleitonpinheiro.com.br\/site\/prefeitura-de-gurupi-inicia-pavimentacao-asfaltica-da-avenida-parque-conhecida-como-corredor-do-decio\/","url":"https:\/\/cleitonpinheiro.com.br\/site\/prefeitura-de-gurupi-inicia-pavimentacao-asfaltica-da-avenida-parque-conhecida-como-corredor-do-decio\/","name":"Prefeitura de Gurupi inicia pavimenta\u00e7\u00e3o asf\u00e1ltica da Avenida Parque, conhecida como corredor do D\u00e9cio - PORTAL DE NOT\u00cdCIAS CLEITON PINHEIRO","isPartOf":{"@id":"https:\/\/cleitonpinheiro.com.br\/site\/#website"},"primaryImageOfPage":{"@id":"https:\/\/cleitonpinheiro.com.br\/site\/prefeitura-de-gurupi-inicia-pavimentacao-asfaltica-da-avenida-parque-conhecida-como-corredor-do-decio\/#primaryimage"},"image":{"@id":"https:\/\/cleitonpinheiro.com.br\/site\/prefeitura-de-gurupi-inicia-pavimentacao-asfaltica-da-avenida-parque-conhecida-como-corredor-do-decio\/#primaryimage"},"thumbnailUrl":"https:\/\/cleitonpinheiro.com.br\/site\/wp-content\/uploads\/2025\/10\/drenagem-corredor-mutuca-aerea.jpg","datePublished":"2025-10-03T13:08:51+00:00","dateModified":"2025-10-11T16:05:26+00:00","breadcrumb":{"@id":"https:\/\/cleitonpinheiro.com.br\/site\/prefeitura-de-gurupi-inicia-pavimentacao-asfaltica-da-avenida-parque-conhecida-como-corredor-do-decio\/#breadcrumb"},"inLanguage":"pt-BR","potentialAction":[{"@type":"ReadAction","target":["https:\/\/cleitonpinheiro.com.br\/site\/prefeitura-de-gurupi-inicia-pavimentacao-asfaltica-da-avenida-parque-conhecida-como-corredor-do-decio\/"]}]},{"@type":"ImageObject","inLanguage":"pt-BR","@id":"https:\/\/cleitonpinheiro.com.br\/site\/prefeitura-de-gurupi-inicia-pavimentacao-asfaltica-da-avenida-parque-conhecida-como-corredor-do-decio\/#primaryimage","url":"https:\/\/cleitonpinheiro.com.br\/site\/wp-content\/uploads\/2025\/10\/drenagem-corredor-mutuca-aerea.jpg","contentUrl":"https:\/\/cleitonpinheiro.com.br\/site\/wp-content\/uploads\/2025\/10\/drenagem-corredor-mutuca-aerea.jpg","width":1600,"height":900},{"@type":"BreadcrumbList","@id":"https:\/\/cleitonpinheiro.com.br\/site\/prefeitura-de-gurupi-inicia-pavimentacao-asfaltica-da-avenida-parque-conhecida-como-corredor-do-decio\/#breadcrumb","itemListElement":[{"@type":"ListItem","position":1,"name":"In\u00edcio","item":"https:\/\/cleitonpinheiro.com.br\/site\/"},{"@type":"ListItem","position":2,"name":"Prefeitura de Gurupi inicia pavimenta\u00e7\u00e3o asf\u00e1ltica da Avenida Parque, conhecida como corredor do D\u00e9cio"}]},{"@type":"WebSite","@id":"https:\/\/cleitonpinheiro.com.br\/site\/#website","url":"https:\/\/cleitonpinheiro.com.br\/site\/","name":"PORTAL DE NOT\u00cdCIAS CLEITON PINHEIRO","description":"FALANDO A VERDADE","publisher":{"@id":"https:\/\/cleitonpinheiro.com.br\/site\/#organization"},"potentialAction":[{"@type":"SearchAction","target":{"@type":"EntryPoint","urlTemplate":"https:\/\/cleitonpinheiro.com.br\/site\/?s={search_term_string}"},"query-input":{"@type":"PropertyValueSpecification","valueRequired":true,"valueName":"search_term_string"}}],"inLanguage":"pt-BR"},{"@type":"Organization","@id":"https:\/\/cleitonpinheiro.com.br\/site\/#organization","name":"CPNOT\u00cdCIAS","url":"https:\/\/cleitonpinheiro.com.br\/site\/","logo":{"@type":"ImageObject","inLanguage":"pt-BR","@id":"https:\/\/cleitonpinheiro.com.br\/site\/#\/schema\/logo\/image\/","url":"https:\/\/cleitonpinheiro.com.br\/site\/wp-content\/uploads\/2022\/08\/Logo-pequena-2.png","contentUrl":"https:\/\/cleitonpinheiro.com.br\/site\/wp-content\/uploads\/2022\/08\/Logo-pequena-2.png","width":500,"height":500,"caption":"CPNOT\u00cdCIAS"},"image":{"@id":"https:\/\/cleitonpinheiro.com.br\/site\/#\/schema\/logo\/image\/"},"sameAs":["https:\/\/www.facebook.com\/portalcpnoticias\/"]},{"@type":"Person","@id":"https:\/\/cleitonpinheiro.com.br\/site\/#\/schema\/person\/8f04544e0bc40a1b68775b08360f87db","name":"Reda\u00e7\u00e3o CP","image":{"@type":"ImageObject","inLanguage":"pt-BR","@id":"https:\/\/cleitonpinheiro.com.br\/site\/#\/schema\/person\/image\/","url":"https:\/\/secure.gravatar.com\/avatar\/0bcf19cb29fdc8fc588c490c7ae1b3e174dac268586a63fbe1d1893a0f9020cd?s=96&r=g","contentUrl":"https:\/\/secure.gravatar.com\/avatar\/0bcf19cb29fdc8fc588c490c7ae1b3e174dac268586a63fbe1d1893a0f9020cd?s=96&r=g","caption":"Reda\u00e7\u00e3o CP"},"url":"https:\/\/cleitonpinheiro.com.br\/site\/author\/redacao\/"}]}},"views":73,"_links":{"self":[{"href":"https:\/\/cleitonpinheiro.com.br\/site\/wp-json\/wp\/v2\/posts\/87065","targetHints":{"allow":["GET"]}}],"collection":[{"href":"https:\/\/cleitonpinheiro.com.br\/site\/wp-json\/wp\/v2\/posts"}],"about":[{"href":"https:\/\/cleitonpinheiro.com.br\/site\/wp-json\/wp\/v2\/types\/post"}],"author":[{"embeddable":true,"href":"https:\/\/cleitonpinheiro.com.br\/site\/wp-json\/wp\/v2\/users\/13"}],"replies":[{"embeddable":true,"href":"https:\/\/cleitonpinheiro.com.br\/site\/wp-json\/wp\/v2\/comments?post=87065"}],"version-history":[{"count":1,"href":"https:\/\/cleitonpinheiro.com.br\/site\/wp-json\/wp\/v2\/posts\/87065\/revisions"}],"predecessor-version":[{"id":87067,"href":"https:\/\/cleitonpinheiro.com.br\/site\/wp-json\/wp\/v2\/posts\/87065\/revisions\/87067"}],"wp:featuredmedia":[{"embeddable":true,"href":"https:\/\/cleitonpinheiro.com.br\/site\/wp-json\/wp\/v2\/media\/87066"}],"wp:attachment":[{"href":"https:\/\/cleitonpinheiro.com.br\/site\/wp-json\/wp\/v2\/media?parent=87065"}],"wp:term":[{"taxonomy":"category","embeddable":true,"href":"https:\/\/cleitonpinheiro.com.br\/site\/wp-json\/wp\/v2\/categories?post=87065"},{"taxonomy":"post_tag","embeddable":true,"href":"https:\/\/cleitonpinheiro.com.br\/site\/wp-json\/wp\/v2\/tags?post=87065"}],"curies":[{"name":"wp","href":"https:\/\/api.w.org\/{rel}","templated":true}]}}