{"id":87068,"date":"2025-10-03T10:14:12","date_gmt":"2025-10-03T13:14:12","guid":{"rendered":"https:\/\/cleitonpinheiro.com.br\/site\/?p=87068"},"modified":"2025-10-03T10:14:16","modified_gmt":"2025-10-03T13:14:16","slug":"espaco-cultural-de-palmas-recebe-ate-31-de-outubro-projeto-que-reverencia-elementos-naturais-do-tocantins-em-telas-abstratas","status":"publish","type":"post","link":"https:\/\/cleitonpinheiro.com.br\/site\/espaco-cultural-de-palmas-recebe-ate-31-de-outubro-projeto-que-reverencia-elementos-naturais-do-tocantins-em-telas-abstratas\/","title":{"rendered":"Espa\u00e7o Cultural de Palmas recebe at\u00e9 31 de outubro projeto que reverencia elementos naturais do Tocantins em telas abstratas"},"content":{"rendered":"\n<figure class=\"wp-block-image size-large\"><img fetchpriority=\"high\" decoding=\"async\" width=\"1024\" height=\"683\" src=\"https:\/\/cleitonpinheiro.com.br\/site\/wp-content\/uploads\/2025\/10\/Exposicao-pode-ser-visitada-no-Salao-de-Exposicoes-do-Espaco-Cultural-de-segunda-a-sexta-feira-das-8-as-21-horas-\u2013-Foto-Flavia-Ruth-FCP-1024x683.jpg\" alt=\"\" class=\"wp-image-87069\" srcset=\"https:\/\/cleitonpinheiro.com.br\/site\/wp-content\/uploads\/2025\/10\/Exposicao-pode-ser-visitada-no-Salao-de-Exposicoes-do-Espaco-Cultural-de-segunda-a-sexta-feira-das-8-as-21-horas-\u2013-Foto-Flavia-Ruth-FCP-1024x683.jpg 1024w, https:\/\/cleitonpinheiro.com.br\/site\/wp-content\/uploads\/2025\/10\/Exposicao-pode-ser-visitada-no-Salao-de-Exposicoes-do-Espaco-Cultural-de-segunda-a-sexta-feira-das-8-as-21-horas-\u2013-Foto-Flavia-Ruth-FCP-300x200.jpg 300w, https:\/\/cleitonpinheiro.com.br\/site\/wp-content\/uploads\/2025\/10\/Exposicao-pode-ser-visitada-no-Salao-de-Exposicoes-do-Espaco-Cultural-de-segunda-a-sexta-feira-das-8-as-21-horas-\u2013-Foto-Flavia-Ruth-FCP-768x512.jpg 768w, https:\/\/cleitonpinheiro.com.br\/site\/wp-content\/uploads\/2025\/10\/Exposicao-pode-ser-visitada-no-Salao-de-Exposicoes-do-Espaco-Cultural-de-segunda-a-sexta-feira-das-8-as-21-horas-\u2013-Foto-Flavia-Ruth-FCP-1536x1025.jpg 1536w, https:\/\/cleitonpinheiro.com.br\/site\/wp-content\/uploads\/2025\/10\/Exposicao-pode-ser-visitada-no-Salao-de-Exposicoes-do-Espaco-Cultural-de-segunda-a-sexta-feira-das-8-as-21-horas-\u2013-Foto-Flavia-Ruth-FCP.jpg 2048w\" sizes=\"(max-width: 1024px) 100vw, 1024px\" \/><\/figure>\n\n\n\n<p>P\u00e1ssaros, plantas, frutas e dan\u00e7a tipicamente tocantinenses, at\u00e9 uma ilha inteira e as cores da bandeira. Estas e tantas outras refer\u00eancias foram as fontes de inspira\u00e7\u00e3o das obras que comp\u00f5em o Projeto Trajet\u00f3ria \u2013 15 anos de Arte, que se encontra no Sal\u00e3o de Exposi\u00e7\u00f5es do Espa\u00e7o Cultural Jos\u00e9 Gomes Sobrinho, em Palmas, e permanece dispon\u00edvel para visita\u00e7\u00e3o gratuita, at\u00e9 o dia 31 de outubro, segunda a sexta-feira, das 8 \u00e0s 21 horas. A abertura oficial da exposi\u00e7\u00e3o aconteceu na noite da \u00faltima quarta-feira, 1\u00ba, o p\u00fablico p\u00f4de apreciar as 18 telas em primeira m\u00e3o.<\/p>\n\n\n\n<p>\u201cEste projeto mostra a minha caminhada desde quando comecei a pintar, ainda com tinta a \u00f3leo, passando pela t\u00e9cnica mista e me estabelecendo na tinta acr\u00edlica, focado no abstracionismo geom\u00e9trico com o uso intenso das cores para representar diversos elementos do Tocantins\u201d, ressaltou Edivan Ribeiro. Na ocasi\u00e3o solene, a cantora Carla Buena se apresentou e o int\u00e9rprete da L\u00edngua Brasileira de Sinais (Libras) Francisco da Paz de Carvalho Tavares tornou o evento acess\u00edvel ao p\u00fablico surdo presente.<\/p>\n\n\n\n<p>Durante a abertura do evento, o secret\u00e1rio-executivo da Funda\u00e7\u00e3o Cultural de Palmas (FCP), Marcelo Lopes, destacou a import\u00e2ncia das pol\u00edticas p\u00fablicas culturais na amplia\u00e7\u00e3o do acesso do grande p\u00fablico \u00e0 arte. \u201cEsta exposi\u00e7\u00e3o celebra n\u00e3o s\u00f3 uma caminhada art\u00edstica consistente e profundamente conectada com a sensibilidade, com a identidade cultural do nosso Estado, mas, tamb\u00e9m, iniciativas como a da Funda\u00e7\u00e3o Cultural de Palmas, que por meio da Pol\u00edtica Aldir Blanc p\u00f4de colaborar com a realiza\u00e7\u00e3o desta mostra que ser\u00e1 vista por milhares de pessoas, j\u00e1 que, em m\u00e9dia, cerca de 500 pessoas transitam por aqui diariamente\u201d, enfatizou.<\/p>\n\n\n\n<p><strong>Exposi\u00e7\u00e3o<\/strong><\/p>\n\n\n\n<p>Os visitantes tamb\u00e9m podem conferir cat\u00e1logo com a biografia de Edivan Ribeiro e informa\u00e7\u00f5es sobre as 18 telas que comp\u00f5em o projeto, que conta com a atua\u00e7\u00e3o do curador Vone Petson, da designer Maria Clara de Ara\u00fajo Gomes, do assessor de imprensa Ronaldo Coelho Teixeira e do tradutor de Libras Francisco da Paz de Carvalho Tavares.<\/p>\n\n\n\n<p>O material conta com pref\u00e1cio escrito pela presidente da FCP, Luara Aquino, no qual a tamb\u00e9m artista visual afirma que o estilo de Edivan, combinando a intensidade de cores e formas entre grandes e pequenos espa\u00e7os, atrai o olhar do espectador para o todo, das viv\u00eancias ao imagin\u00e1rio criativo do artista. Mais informa\u00e7\u00f5es sobre o artista podem ser obtidas em seus&nbsp;<a href=\"https:\/\/www.instagram.com\/edivan_arte?igsh=aTJvMmM2YTV2ZjU2\" target=\"_blank\" rel=\"noreferrer noopener\">Ins<\/a><a href=\"https:\/\/www.instagram.com\/edivan_arte?igsh=aTJvMmM2YTV2ZjU2\" target=\"_blank\" rel=\"noreferrer noopener\">tagram<\/a>&nbsp;e&nbsp;<a href=\"https:\/\/www.facebook.com\/share\/1CwTGkZcfN\/\" target=\"_blank\" rel=\"noreferrer noopener\">Facebook<\/a>&nbsp;oficiais, pelo e-mail&nbsp;<a href=\"mailto:pretextooficina@gmail.com\" rel=\"noreferrer noopener\" target=\"_blank\">pretextooficina@gmail.com<\/a>&nbsp;ou pelo telefone (63) 99230-3182.<\/p>\n\n\n\n<p>Texto: Marcus Mesquita &#8211; Prefeitura de Palmas<\/p>\n","protected":false},"excerpt":{"rendered":"<p>P\u00e1ssaros, plantas, frutas e dan\u00e7a tipicamente tocantinenses, at\u00e9 uma ilha inteira e as cores da bandeira. Estas e tantas outras refer\u00eancias foram as fontes de inspira\u00e7\u00e3o das obras que comp\u00f5em o Projeto Trajet\u00f3ria \u2013 15 anos de Arte, que se encontra no Sal\u00e3o de Exposi\u00e7\u00f5es do Espa\u00e7o Cultural Jos\u00e9 Gomes Sobrinho, em Palmas, e permanece [&hellip;]<\/p>\n","protected":false},"author":13,"featured_media":87069,"comment_status":"open","ping_status":"open","sticky":false,"template":"","format":"standard","meta":{"_acf_changed":false,"footnotes":""},"categories":[22,20,21],"tags":[],"class_list":["post-87068","post","type-post","status-publish","format-standard","has-post-thumbnail","hentry","category-cidades","category-noticias-em-destaque","category-todas-noticias"],"acf":[],"yoast_head":"<!-- This site is optimized with the Yoast SEO plugin v24.4 - https:\/\/yoast.com\/wordpress\/plugins\/seo\/ -->\n<title>Espa\u00e7o Cultural de Palmas recebe at\u00e9 31 de outubro projeto que reverencia elementos naturais do Tocantins em telas abstratas - PORTAL DE NOT\u00cdCIAS CLEITON PINHEIRO<\/title>\n<meta name=\"robots\" content=\"index, follow, max-snippet:-1, max-image-preview:large, max-video-preview:-1\" \/>\n<link rel=\"canonical\" href=\"https:\/\/cleitonpinheiro.com.br\/site\/espaco-cultural-de-palmas-recebe-ate-31-de-outubro-projeto-que-reverencia-elementos-naturais-do-tocantins-em-telas-abstratas\/\" \/>\n<meta property=\"og:locale\" content=\"pt_BR\" \/>\n<meta property=\"og:type\" content=\"article\" \/>\n<meta property=\"og:title\" content=\"Espa\u00e7o Cultural de Palmas recebe at\u00e9 31 de outubro projeto que reverencia elementos naturais do Tocantins em telas abstratas - PORTAL DE NOT\u00cdCIAS CLEITON PINHEIRO\" \/>\n<meta property=\"og:description\" content=\"P\u00e1ssaros, plantas, frutas e dan\u00e7a tipicamente tocantinenses, at\u00e9 uma ilha inteira e as cores da bandeira. Estas e tantas outras refer\u00eancias foram as fontes de inspira\u00e7\u00e3o das obras que comp\u00f5em o Projeto Trajet\u00f3ria \u2013 15 anos de Arte, que se encontra no Sal\u00e3o de Exposi\u00e7\u00f5es do Espa\u00e7o Cultural Jos\u00e9 Gomes Sobrinho, em Palmas, e permanece [&hellip;]\" \/>\n<meta property=\"og:url\" content=\"https:\/\/cleitonpinheiro.com.br\/site\/espaco-cultural-de-palmas-recebe-ate-31-de-outubro-projeto-que-reverencia-elementos-naturais-do-tocantins-em-telas-abstratas\/\" \/>\n<meta property=\"og:site_name\" content=\"PORTAL DE NOT\u00cdCIAS CLEITON PINHEIRO\" \/>\n<meta property=\"article:publisher\" content=\"https:\/\/www.facebook.com\/portalcpnoticias\/\" \/>\n<meta property=\"article:published_time\" content=\"2025-10-03T13:14:12+00:00\" \/>\n<meta property=\"article:modified_time\" content=\"2025-10-03T13:14:16+00:00\" \/>\n<meta property=\"og:image\" content=\"https:\/\/cleitonpinheiro.com.br\/site\/wp-content\/uploads\/2025\/10\/Exposicao-pode-ser-visitada-no-Salao-de-Exposicoes-do-Espaco-Cultural-de-segunda-a-sexta-feira-das-8-as-21-horas-\u2013-Foto-Flavia-Ruth-FCP.jpg\" \/>\n\t<meta property=\"og:image:width\" content=\"2048\" \/>\n\t<meta property=\"og:image:height\" content=\"1366\" \/>\n\t<meta property=\"og:image:type\" content=\"image\/jpeg\" \/>\n<meta name=\"author\" content=\"Reda\u00e7\u00e3o CP\" \/>\n<meta name=\"twitter:card\" content=\"summary_large_image\" \/>\n<meta name=\"twitter:label1\" content=\"Escrito por\" \/>\n\t<meta name=\"twitter:data1\" content=\"Reda\u00e7\u00e3o CP\" \/>\n\t<meta name=\"twitter:label2\" content=\"Est. tempo de leitura\" \/>\n\t<meta name=\"twitter:data2\" content=\"3 minutos\" \/>\n<script type=\"application\/ld+json\" class=\"yoast-schema-graph\">{\"@context\":\"https:\/\/schema.org\",\"@graph\":[{\"@type\":\"Article\",\"@id\":\"https:\/\/cleitonpinheiro.com.br\/site\/espaco-cultural-de-palmas-recebe-ate-31-de-outubro-projeto-que-reverencia-elementos-naturais-do-tocantins-em-telas-abstratas\/#article\",\"isPartOf\":{\"@id\":\"https:\/\/cleitonpinheiro.com.br\/site\/espaco-cultural-de-palmas-recebe-ate-31-de-outubro-projeto-que-reverencia-elementos-naturais-do-tocantins-em-telas-abstratas\/\"},\"author\":{\"name\":\"Reda\u00e7\u00e3o CP\",\"@id\":\"https:\/\/cleitonpinheiro.com.br\/site\/#\/schema\/person\/8f04544e0bc40a1b68775b08360f87db\"},\"headline\":\"Espa\u00e7o Cultural de Palmas recebe at\u00e9 31 de outubro projeto que reverencia elementos naturais do Tocantins em telas abstratas\",\"datePublished\":\"2025-10-03T13:14:12+00:00\",\"dateModified\":\"2025-10-03T13:14:16+00:00\",\"mainEntityOfPage\":{\"@id\":\"https:\/\/cleitonpinheiro.com.br\/site\/espaco-cultural-de-palmas-recebe-ate-31-de-outubro-projeto-que-reverencia-elementos-naturais-do-tocantins-em-telas-abstratas\/\"},\"wordCount\":475,\"commentCount\":0,\"publisher\":{\"@id\":\"https:\/\/cleitonpinheiro.com.br\/site\/#organization\"},\"image\":{\"@id\":\"https:\/\/cleitonpinheiro.com.br\/site\/espaco-cultural-de-palmas-recebe-ate-31-de-outubro-projeto-que-reverencia-elementos-naturais-do-tocantins-em-telas-abstratas\/#primaryimage\"},\"thumbnailUrl\":\"https:\/\/cleitonpinheiro.com.br\/site\/wp-content\/uploads\/2025\/10\/Exposicao-pode-ser-visitada-no-Salao-de-Exposicoes-do-Espaco-Cultural-de-segunda-a-sexta-feira-das-8-as-21-horas-\u2013-Foto-Flavia-Ruth-FCP.jpg\",\"articleSection\":[\"CIDADES\",\"NOT\u00cdCIAS EM DESTAQUE\",\"TODAS NOTICIAS\"],\"inLanguage\":\"pt-BR\",\"potentialAction\":[{\"@type\":\"CommentAction\",\"name\":\"Comment\",\"target\":[\"https:\/\/cleitonpinheiro.com.br\/site\/espaco-cultural-de-palmas-recebe-ate-31-de-outubro-projeto-que-reverencia-elementos-naturais-do-tocantins-em-telas-abstratas\/#respond\"]}]},{\"@type\":\"WebPage\",\"@id\":\"https:\/\/cleitonpinheiro.com.br\/site\/espaco-cultural-de-palmas-recebe-ate-31-de-outubro-projeto-que-reverencia-elementos-naturais-do-tocantins-em-telas-abstratas\/\",\"url\":\"https:\/\/cleitonpinheiro.com.br\/site\/espaco-cultural-de-palmas-recebe-ate-31-de-outubro-projeto-que-reverencia-elementos-naturais-do-tocantins-em-telas-abstratas\/\",\"name\":\"Espa\u00e7o Cultural de Palmas recebe at\u00e9 31 de outubro projeto que reverencia elementos naturais do Tocantins em telas abstratas - PORTAL DE NOT\u00cdCIAS CLEITON PINHEIRO\",\"isPartOf\":{\"@id\":\"https:\/\/cleitonpinheiro.com.br\/site\/#website\"},\"primaryImageOfPage\":{\"@id\":\"https:\/\/cleitonpinheiro.com.br\/site\/espaco-cultural-de-palmas-recebe-ate-31-de-outubro-projeto-que-reverencia-elementos-naturais-do-tocantins-em-telas-abstratas\/#primaryimage\"},\"image\":{\"@id\":\"https:\/\/cleitonpinheiro.com.br\/site\/espaco-cultural-de-palmas-recebe-ate-31-de-outubro-projeto-que-reverencia-elementos-naturais-do-tocantins-em-telas-abstratas\/#primaryimage\"},\"thumbnailUrl\":\"https:\/\/cleitonpinheiro.com.br\/site\/wp-content\/uploads\/2025\/10\/Exposicao-pode-ser-visitada-no-Salao-de-Exposicoes-do-Espaco-Cultural-de-segunda-a-sexta-feira-das-8-as-21-horas-\u2013-Foto-Flavia-Ruth-FCP.jpg\",\"datePublished\":\"2025-10-03T13:14:12+00:00\",\"dateModified\":\"2025-10-03T13:14:16+00:00\",\"breadcrumb\":{\"@id\":\"https:\/\/cleitonpinheiro.com.br\/site\/espaco-cultural-de-palmas-recebe-ate-31-de-outubro-projeto-que-reverencia-elementos-naturais-do-tocantins-em-telas-abstratas\/#breadcrumb\"},\"inLanguage\":\"pt-BR\",\"potentialAction\":[{\"@type\":\"ReadAction\",\"target\":[\"https:\/\/cleitonpinheiro.com.br\/site\/espaco-cultural-de-palmas-recebe-ate-31-de-outubro-projeto-que-reverencia-elementos-naturais-do-tocantins-em-telas-abstratas\/\"]}]},{\"@type\":\"ImageObject\",\"inLanguage\":\"pt-BR\",\"@id\":\"https:\/\/cleitonpinheiro.com.br\/site\/espaco-cultural-de-palmas-recebe-ate-31-de-outubro-projeto-que-reverencia-elementos-naturais-do-tocantins-em-telas-abstratas\/#primaryimage\",\"url\":\"https:\/\/cleitonpinheiro.com.br\/site\/wp-content\/uploads\/2025\/10\/Exposicao-pode-ser-visitada-no-Salao-de-Exposicoes-do-Espaco-Cultural-de-segunda-a-sexta-feira-das-8-as-21-horas-\u2013-Foto-Flavia-Ruth-FCP.jpg\",\"contentUrl\":\"https:\/\/cleitonpinheiro.com.br\/site\/wp-content\/uploads\/2025\/10\/Exposicao-pode-ser-visitada-no-Salao-de-Exposicoes-do-Espaco-Cultural-de-segunda-a-sexta-feira-das-8-as-21-horas-\u2013-Foto-Flavia-Ruth-FCP.jpg\",\"width\":2048,\"height\":1366},{\"@type\":\"BreadcrumbList\",\"@id\":\"https:\/\/cleitonpinheiro.com.br\/site\/espaco-cultural-de-palmas-recebe-ate-31-de-outubro-projeto-que-reverencia-elementos-naturais-do-tocantins-em-telas-abstratas\/#breadcrumb\",\"itemListElement\":[{\"@type\":\"ListItem\",\"position\":1,\"name\":\"In\u00edcio\",\"item\":\"https:\/\/cleitonpinheiro.com.br\/site\/\"},{\"@type\":\"ListItem\",\"position\":2,\"name\":\"Espa\u00e7o Cultural de Palmas recebe at\u00e9 31 de outubro projeto que reverencia elementos naturais do Tocantins em telas abstratas\"}]},{\"@type\":\"WebSite\",\"@id\":\"https:\/\/cleitonpinheiro.com.br\/site\/#website\",\"url\":\"https:\/\/cleitonpinheiro.com.br\/site\/\",\"name\":\"PORTAL DE NOT\u00cdCIAS CLEITON PINHEIRO\",\"description\":\"FALANDO A VERDADE\",\"publisher\":{\"@id\":\"https:\/\/cleitonpinheiro.com.br\/site\/#organization\"},\"potentialAction\":[{\"@type\":\"SearchAction\",\"target\":{\"@type\":\"EntryPoint\",\"urlTemplate\":\"https:\/\/cleitonpinheiro.com.br\/site\/?s={search_term_string}\"},\"query-input\":{\"@type\":\"PropertyValueSpecification\",\"valueRequired\":true,\"valueName\":\"search_term_string\"}}],\"inLanguage\":\"pt-BR\"},{\"@type\":\"Organization\",\"@id\":\"https:\/\/cleitonpinheiro.com.br\/site\/#organization\",\"name\":\"CPNOT\u00cdCIAS\",\"url\":\"https:\/\/cleitonpinheiro.com.br\/site\/\",\"logo\":{\"@type\":\"ImageObject\",\"inLanguage\":\"pt-BR\",\"@id\":\"https:\/\/cleitonpinheiro.com.br\/site\/#\/schema\/logo\/image\/\",\"url\":\"https:\/\/cleitonpinheiro.com.br\/site\/wp-content\/uploads\/2022\/08\/Logo-pequena-2.png\",\"contentUrl\":\"https:\/\/cleitonpinheiro.com.br\/site\/wp-content\/uploads\/2022\/08\/Logo-pequena-2.png\",\"width\":500,\"height\":500,\"caption\":\"CPNOT\u00cdCIAS\"},\"image\":{\"@id\":\"https:\/\/cleitonpinheiro.com.br\/site\/#\/schema\/logo\/image\/\"},\"sameAs\":[\"https:\/\/www.facebook.com\/portalcpnoticias\/\"]},{\"@type\":\"Person\",\"@id\":\"https:\/\/cleitonpinheiro.com.br\/site\/#\/schema\/person\/8f04544e0bc40a1b68775b08360f87db\",\"name\":\"Reda\u00e7\u00e3o CP\",\"image\":{\"@type\":\"ImageObject\",\"inLanguage\":\"pt-BR\",\"@id\":\"https:\/\/cleitonpinheiro.com.br\/site\/#\/schema\/person\/image\/\",\"url\":\"https:\/\/secure.gravatar.com\/avatar\/0bcf19cb29fdc8fc588c490c7ae1b3e174dac268586a63fbe1d1893a0f9020cd?s=96&r=g\",\"contentUrl\":\"https:\/\/secure.gravatar.com\/avatar\/0bcf19cb29fdc8fc588c490c7ae1b3e174dac268586a63fbe1d1893a0f9020cd?s=96&r=g\",\"caption\":\"Reda\u00e7\u00e3o CP\"},\"url\":\"https:\/\/cleitonpinheiro.com.br\/site\/author\/redacao\/\"}]}<\/script>\n<!-- \/ Yoast SEO plugin. -->","yoast_head_json":{"title":"Espa\u00e7o Cultural de Palmas recebe at\u00e9 31 de outubro projeto que reverencia elementos naturais do Tocantins em telas abstratas - PORTAL DE NOT\u00cdCIAS CLEITON PINHEIRO","robots":{"index":"index","follow":"follow","max-snippet":"max-snippet:-1","max-image-preview":"max-image-preview:large","max-video-preview":"max-video-preview:-1"},"canonical":"https:\/\/cleitonpinheiro.com.br\/site\/espaco-cultural-de-palmas-recebe-ate-31-de-outubro-projeto-que-reverencia-elementos-naturais-do-tocantins-em-telas-abstratas\/","og_locale":"pt_BR","og_type":"article","og_title":"Espa\u00e7o Cultural de Palmas recebe at\u00e9 31 de outubro projeto que reverencia elementos naturais do Tocantins em telas abstratas - PORTAL DE NOT\u00cdCIAS CLEITON PINHEIRO","og_description":"P\u00e1ssaros, plantas, frutas e dan\u00e7a tipicamente tocantinenses, at\u00e9 uma ilha inteira e as cores da bandeira. Estas e tantas outras refer\u00eancias foram as fontes de inspira\u00e7\u00e3o das obras que comp\u00f5em o Projeto Trajet\u00f3ria \u2013 15 anos de Arte, que se encontra no Sal\u00e3o de Exposi\u00e7\u00f5es do Espa\u00e7o Cultural Jos\u00e9 Gomes Sobrinho, em Palmas, e permanece [&hellip;]","og_url":"https:\/\/cleitonpinheiro.com.br\/site\/espaco-cultural-de-palmas-recebe-ate-31-de-outubro-projeto-que-reverencia-elementos-naturais-do-tocantins-em-telas-abstratas\/","og_site_name":"PORTAL DE NOT\u00cdCIAS CLEITON PINHEIRO","article_publisher":"https:\/\/www.facebook.com\/portalcpnoticias\/","article_published_time":"2025-10-03T13:14:12+00:00","article_modified_time":"2025-10-03T13:14:16+00:00","og_image":[{"width":2048,"height":1366,"url":"https:\/\/cleitonpinheiro.com.br\/site\/wp-content\/uploads\/2025\/10\/Exposicao-pode-ser-visitada-no-Salao-de-Exposicoes-do-Espaco-Cultural-de-segunda-a-sexta-feira-das-8-as-21-horas-\u2013-Foto-Flavia-Ruth-FCP.jpg","type":"image\/jpeg"}],"author":"Reda\u00e7\u00e3o CP","twitter_card":"summary_large_image","twitter_misc":{"Escrito por":"Reda\u00e7\u00e3o CP","Est. tempo de leitura":"3 minutos"},"schema":{"@context":"https:\/\/schema.org","@graph":[{"@type":"Article","@id":"https:\/\/cleitonpinheiro.com.br\/site\/espaco-cultural-de-palmas-recebe-ate-31-de-outubro-projeto-que-reverencia-elementos-naturais-do-tocantins-em-telas-abstratas\/#article","isPartOf":{"@id":"https:\/\/cleitonpinheiro.com.br\/site\/espaco-cultural-de-palmas-recebe-ate-31-de-outubro-projeto-que-reverencia-elementos-naturais-do-tocantins-em-telas-abstratas\/"},"author":{"name":"Reda\u00e7\u00e3o CP","@id":"https:\/\/cleitonpinheiro.com.br\/site\/#\/schema\/person\/8f04544e0bc40a1b68775b08360f87db"},"headline":"Espa\u00e7o Cultural de Palmas recebe at\u00e9 31 de outubro projeto que reverencia elementos naturais do Tocantins em telas abstratas","datePublished":"2025-10-03T13:14:12+00:00","dateModified":"2025-10-03T13:14:16+00:00","mainEntityOfPage":{"@id":"https:\/\/cleitonpinheiro.com.br\/site\/espaco-cultural-de-palmas-recebe-ate-31-de-outubro-projeto-que-reverencia-elementos-naturais-do-tocantins-em-telas-abstratas\/"},"wordCount":475,"commentCount":0,"publisher":{"@id":"https:\/\/cleitonpinheiro.com.br\/site\/#organization"},"image":{"@id":"https:\/\/cleitonpinheiro.com.br\/site\/espaco-cultural-de-palmas-recebe-ate-31-de-outubro-projeto-que-reverencia-elementos-naturais-do-tocantins-em-telas-abstratas\/#primaryimage"},"thumbnailUrl":"https:\/\/cleitonpinheiro.com.br\/site\/wp-content\/uploads\/2025\/10\/Exposicao-pode-ser-visitada-no-Salao-de-Exposicoes-do-Espaco-Cultural-de-segunda-a-sexta-feira-das-8-as-21-horas-\u2013-Foto-Flavia-Ruth-FCP.jpg","articleSection":["CIDADES","NOT\u00cdCIAS EM DESTAQUE","TODAS NOTICIAS"],"inLanguage":"pt-BR","potentialAction":[{"@type":"CommentAction","name":"Comment","target":["https:\/\/cleitonpinheiro.com.br\/site\/espaco-cultural-de-palmas-recebe-ate-31-de-outubro-projeto-que-reverencia-elementos-naturais-do-tocantins-em-telas-abstratas\/#respond"]}]},{"@type":"WebPage","@id":"https:\/\/cleitonpinheiro.com.br\/site\/espaco-cultural-de-palmas-recebe-ate-31-de-outubro-projeto-que-reverencia-elementos-naturais-do-tocantins-em-telas-abstratas\/","url":"https:\/\/cleitonpinheiro.com.br\/site\/espaco-cultural-de-palmas-recebe-ate-31-de-outubro-projeto-que-reverencia-elementos-naturais-do-tocantins-em-telas-abstratas\/","name":"Espa\u00e7o Cultural de Palmas recebe at\u00e9 31 de outubro projeto que reverencia elementos naturais do Tocantins em telas abstratas - PORTAL DE NOT\u00cdCIAS CLEITON PINHEIRO","isPartOf":{"@id":"https:\/\/cleitonpinheiro.com.br\/site\/#website"},"primaryImageOfPage":{"@id":"https:\/\/cleitonpinheiro.com.br\/site\/espaco-cultural-de-palmas-recebe-ate-31-de-outubro-projeto-que-reverencia-elementos-naturais-do-tocantins-em-telas-abstratas\/#primaryimage"},"image":{"@id":"https:\/\/cleitonpinheiro.com.br\/site\/espaco-cultural-de-palmas-recebe-ate-31-de-outubro-projeto-que-reverencia-elementos-naturais-do-tocantins-em-telas-abstratas\/#primaryimage"},"thumbnailUrl":"https:\/\/cleitonpinheiro.com.br\/site\/wp-content\/uploads\/2025\/10\/Exposicao-pode-ser-visitada-no-Salao-de-Exposicoes-do-Espaco-Cultural-de-segunda-a-sexta-feira-das-8-as-21-horas-\u2013-Foto-Flavia-Ruth-FCP.jpg","datePublished":"2025-10-03T13:14:12+00:00","dateModified":"2025-10-03T13:14:16+00:00","breadcrumb":{"@id":"https:\/\/cleitonpinheiro.com.br\/site\/espaco-cultural-de-palmas-recebe-ate-31-de-outubro-projeto-que-reverencia-elementos-naturais-do-tocantins-em-telas-abstratas\/#breadcrumb"},"inLanguage":"pt-BR","potentialAction":[{"@type":"ReadAction","target":["https:\/\/cleitonpinheiro.com.br\/site\/espaco-cultural-de-palmas-recebe-ate-31-de-outubro-projeto-que-reverencia-elementos-naturais-do-tocantins-em-telas-abstratas\/"]}]},{"@type":"ImageObject","inLanguage":"pt-BR","@id":"https:\/\/cleitonpinheiro.com.br\/site\/espaco-cultural-de-palmas-recebe-ate-31-de-outubro-projeto-que-reverencia-elementos-naturais-do-tocantins-em-telas-abstratas\/#primaryimage","url":"https:\/\/cleitonpinheiro.com.br\/site\/wp-content\/uploads\/2025\/10\/Exposicao-pode-ser-visitada-no-Salao-de-Exposicoes-do-Espaco-Cultural-de-segunda-a-sexta-feira-das-8-as-21-horas-\u2013-Foto-Flavia-Ruth-FCP.jpg","contentUrl":"https:\/\/cleitonpinheiro.com.br\/site\/wp-content\/uploads\/2025\/10\/Exposicao-pode-ser-visitada-no-Salao-de-Exposicoes-do-Espaco-Cultural-de-segunda-a-sexta-feira-das-8-as-21-horas-\u2013-Foto-Flavia-Ruth-FCP.jpg","width":2048,"height":1366},{"@type":"BreadcrumbList","@id":"https:\/\/cleitonpinheiro.com.br\/site\/espaco-cultural-de-palmas-recebe-ate-31-de-outubro-projeto-que-reverencia-elementos-naturais-do-tocantins-em-telas-abstratas\/#breadcrumb","itemListElement":[{"@type":"ListItem","position":1,"name":"In\u00edcio","item":"https:\/\/cleitonpinheiro.com.br\/site\/"},{"@type":"ListItem","position":2,"name":"Espa\u00e7o Cultural de Palmas recebe at\u00e9 31 de outubro projeto que reverencia elementos naturais do Tocantins em telas abstratas"}]},{"@type":"WebSite","@id":"https:\/\/cleitonpinheiro.com.br\/site\/#website","url":"https:\/\/cleitonpinheiro.com.br\/site\/","name":"PORTAL DE NOT\u00cdCIAS CLEITON PINHEIRO","description":"FALANDO A VERDADE","publisher":{"@id":"https:\/\/cleitonpinheiro.com.br\/site\/#organization"},"potentialAction":[{"@type":"SearchAction","target":{"@type":"EntryPoint","urlTemplate":"https:\/\/cleitonpinheiro.com.br\/site\/?s={search_term_string}"},"query-input":{"@type":"PropertyValueSpecification","valueRequired":true,"valueName":"search_term_string"}}],"inLanguage":"pt-BR"},{"@type":"Organization","@id":"https:\/\/cleitonpinheiro.com.br\/site\/#organization","name":"CPNOT\u00cdCIAS","url":"https:\/\/cleitonpinheiro.com.br\/site\/","logo":{"@type":"ImageObject","inLanguage":"pt-BR","@id":"https:\/\/cleitonpinheiro.com.br\/site\/#\/schema\/logo\/image\/","url":"https:\/\/cleitonpinheiro.com.br\/site\/wp-content\/uploads\/2022\/08\/Logo-pequena-2.png","contentUrl":"https:\/\/cleitonpinheiro.com.br\/site\/wp-content\/uploads\/2022\/08\/Logo-pequena-2.png","width":500,"height":500,"caption":"CPNOT\u00cdCIAS"},"image":{"@id":"https:\/\/cleitonpinheiro.com.br\/site\/#\/schema\/logo\/image\/"},"sameAs":["https:\/\/www.facebook.com\/portalcpnoticias\/"]},{"@type":"Person","@id":"https:\/\/cleitonpinheiro.com.br\/site\/#\/schema\/person\/8f04544e0bc40a1b68775b08360f87db","name":"Reda\u00e7\u00e3o CP","image":{"@type":"ImageObject","inLanguage":"pt-BR","@id":"https:\/\/cleitonpinheiro.com.br\/site\/#\/schema\/person\/image\/","url":"https:\/\/secure.gravatar.com\/avatar\/0bcf19cb29fdc8fc588c490c7ae1b3e174dac268586a63fbe1d1893a0f9020cd?s=96&r=g","contentUrl":"https:\/\/secure.gravatar.com\/avatar\/0bcf19cb29fdc8fc588c490c7ae1b3e174dac268586a63fbe1d1893a0f9020cd?s=96&r=g","caption":"Reda\u00e7\u00e3o CP"},"url":"https:\/\/cleitonpinheiro.com.br\/site\/author\/redacao\/"}]}},"views":144,"_links":{"self":[{"href":"https:\/\/cleitonpinheiro.com.br\/site\/wp-json\/wp\/v2\/posts\/87068","targetHints":{"allow":["GET"]}}],"collection":[{"href":"https:\/\/cleitonpinheiro.com.br\/site\/wp-json\/wp\/v2\/posts"}],"about":[{"href":"https:\/\/cleitonpinheiro.com.br\/site\/wp-json\/wp\/v2\/types\/post"}],"author":[{"embeddable":true,"href":"https:\/\/cleitonpinheiro.com.br\/site\/wp-json\/wp\/v2\/users\/13"}],"replies":[{"embeddable":true,"href":"https:\/\/cleitonpinheiro.com.br\/site\/wp-json\/wp\/v2\/comments?post=87068"}],"version-history":[{"count":1,"href":"https:\/\/cleitonpinheiro.com.br\/site\/wp-json\/wp\/v2\/posts\/87068\/revisions"}],"predecessor-version":[{"id":87070,"href":"https:\/\/cleitonpinheiro.com.br\/site\/wp-json\/wp\/v2\/posts\/87068\/revisions\/87070"}],"wp:featuredmedia":[{"embeddable":true,"href":"https:\/\/cleitonpinheiro.com.br\/site\/wp-json\/wp\/v2\/media\/87069"}],"wp:attachment":[{"href":"https:\/\/cleitonpinheiro.com.br\/site\/wp-json\/wp\/v2\/media?parent=87068"}],"wp:term":[{"taxonomy":"category","embeddable":true,"href":"https:\/\/cleitonpinheiro.com.br\/site\/wp-json\/wp\/v2\/categories?post=87068"},{"taxonomy":"post_tag","embeddable":true,"href":"https:\/\/cleitonpinheiro.com.br\/site\/wp-json\/wp\/v2\/tags?post=87068"}],"curies":[{"name":"wp","href":"https:\/\/api.w.org\/{rel}","templated":true}]}}