{"id":87071,"date":"2025-10-04T10:17:52","date_gmt":"2025-10-04T13:17:52","guid":{"rendered":"https:\/\/cleitonpinheiro.com.br\/site\/?p=87071"},"modified":"2025-10-04T10:17:57","modified_gmt":"2025-10-04T13:17:57","slug":"programa-estacao-juventude-seleciona-palmas-e-capacitara-480-jovens-em-tecnologias-e-inclusao-social","status":"publish","type":"post","link":"https:\/\/cleitonpinheiro.com.br\/site\/programa-estacao-juventude-seleciona-palmas-e-capacitara-480-jovens-em-tecnologias-e-inclusao-social\/","title":{"rendered":"Programa Esta\u00e7\u00e3o Juventude seleciona Palmas e capacitar\u00e1 480 jovens em tecnologias e inclus\u00e3o social"},"content":{"rendered":"\n<p>A Prefeitura de Palmas, por meio da Funda\u00e7\u00e3o Municipal da Juventude de Palmas (FJP), foi selecionada para integrar o Programa Esta\u00e7\u00e3o Juventude, do governo federal. O resultado foi publicado no\u00a0<a href=\"https:\/\/www.in.gov.br\/en\/web\/dou\/-\/edital-660210081\">Di\u00e1rio Oficial da Uni\u00e3o, edi\u00e7\u00e3o n\u00ba 189, de 3 de outubro de 2025.<\/a><\/p>\n\n\n\n<figure class=\"wp-block-image size-large\"><img fetchpriority=\"high\" decoding=\"async\" width=\"1024\" height=\"683\" src=\"https:\/\/cleitonpinheiro.com.br\/site\/wp-content\/uploads\/2025\/10\/Fachada-Secretaria-da-Juventude-Foto-Regiane-Rocha-3-1-1536x1024-1-1024x683.jpg\" alt=\"\" class=\"wp-image-87072\" srcset=\"https:\/\/cleitonpinheiro.com.br\/site\/wp-content\/uploads\/2025\/10\/Fachada-Secretaria-da-Juventude-Foto-Regiane-Rocha-3-1-1536x1024-1-1024x683.jpg 1024w, https:\/\/cleitonpinheiro.com.br\/site\/wp-content\/uploads\/2025\/10\/Fachada-Secretaria-da-Juventude-Foto-Regiane-Rocha-3-1-1536x1024-1-300x200.jpg 300w, https:\/\/cleitonpinheiro.com.br\/site\/wp-content\/uploads\/2025\/10\/Fachada-Secretaria-da-Juventude-Foto-Regiane-Rocha-3-1-1536x1024-1-768x512.jpg 768w, https:\/\/cleitonpinheiro.com.br\/site\/wp-content\/uploads\/2025\/10\/Fachada-Secretaria-da-Juventude-Foto-Regiane-Rocha-3-1-1536x1024-1.jpg 1536w\" sizes=\"(max-width: 1024px) 100vw, 1024px\" \/><figcaption class=\"wp-element-caption\">Foto: Regiane Rocha<\/figcaption><\/figure>\n\n\n\n<p>A Capital do Tocantins est\u00e1 entre as 20 cidades de todo o Brasil contempladas com o programa, que visa ampliar o acesso de jovens a a\u00e7\u00f5es estrat\u00e9gicas de qualifica\u00e7\u00e3o profissional, empreendedorismo, cultura digital e cidadania.<\/p>\n\n\n\n<p><strong>Centro de refer\u00eancia para a juventude<\/strong><br>Com investimento total de R$ 550 mil, sendo R$ 500 mil provenientes da Secretaria Nacional da Juventude e R$ 50 mil de contrapartida do Munic\u00edpio, a iniciativa ser\u00e1 implantada na Pracinha da Cultura (antigo CEU), em Taquaralto. O espa\u00e7o ser\u00e1 totalmente revitalizado e transformado em um centro de refer\u00eancia para a juventude palmense.<\/p>\n\n\n\n<p>O Esta\u00e7\u00e3o Juventude contar\u00e1 com equipamentos tecnol\u00f3gicos de ponta, como notebooks, celulares, videogames, televisores e multim\u00eddia, al\u00e9m de mobili\u00e1rio e materiais pedag\u00f3gicos adequados, oferecendo um espa\u00e7o permanente de forma\u00e7\u00e3o, acolhimento e participa\u00e7\u00e3o social da juventude palmense.<\/p>\n\n\n\n<p>As atividades est\u00e3o previstas para come\u00e7ar em fevereiro de 2026, com funcionamento at\u00e9 setembro de 2027. O centro oferecer\u00e1 uma estrutura moderna e inclusiva, com salas para cursos de economia criativa e jogos m\u00faltiplos, al\u00e9m de ambientes de conviv\u00eancia e lazer.<\/p>\n\n\n\n<p><strong>Capacita\u00e7\u00e3o gratuita em \u00e1reas estrat\u00e9gicas<\/strong><br>A meta \u00e9 atender 480 jovens entre 18 e 29 anos, com cursos gratuitos e certifica\u00e7\u00e3o ao final das forma\u00e7\u00f5es. Cada curso ter\u00e1 carga hor\u00e1ria de 40 horas, e funcionar\u00e1 de segunda a sexta-feira, das 8 \u00e0s 20 horas, com turmas de at\u00e9 15 participantes. Ser\u00e3o ofertadas capacita\u00e7\u00f5es nas seguintes \u00e1reas: Introdu\u00e7\u00e3o \u00e0 Programa\u00e7\u00e3o, Inform\u00e1tica para Neg\u00f3cios, Introdu\u00e7\u00e3o \u00e0 Intelig\u00eancia Artificial, Social Media, Designer Gr\u00e1fico, Marketing Digital, Inclus\u00e3o e diversidade como pilares.<\/p>\n\n\n\n<p>Al\u00e9m da forma\u00e7\u00e3o t\u00e9cnica, o programa incorpora pol\u00edticas p\u00fablicas transversais voltadas \u00e0 igualdade racial, equidade de g\u00eanero, inclus\u00e3o da popula\u00e7\u00e3o LGBT+, pessoas com defici\u00eancia e comunidades tradicionais, refor\u00e7ando o compromisso da gest\u00e3o municipal com a diversidade e a justi\u00e7a social.<\/p>\n\n\n\n<p>Segundo o presidente da Funda\u00e7\u00e3o da Juventude, Rivaldo Azevedo da Silva, a chegada do Esta\u00e7\u00e3o Juventude representa um novo cap\u00edtulo para as pol\u00edticas p\u00fablicas voltadas aos jovens da capital. \u201cEstamos falando de oportunidades reais para os jovens de Palmas, especialmente aqueles em situa\u00e7\u00e3o de vulnerabilidade social. O programa vai muito al\u00e9m da capacita\u00e7\u00e3o t\u00e9cnica: \u00e9 tamb\u00e9m um espa\u00e7o de conviv\u00eancia, protagonismo e constru\u00e7\u00e3o de projetos de vida\u201d, destacou.<\/p>\n\n\n\n<p>Texto: Renata Pessoa<\/p>\n\n\n\n<p><\/p>\n","protected":false},"excerpt":{"rendered":"<p>A Prefeitura de Palmas, por meio da Funda\u00e7\u00e3o Municipal da Juventude de Palmas (FJP), foi selecionada para integrar o Programa Esta\u00e7\u00e3o Juventude, do governo federal. O resultado foi publicado no\u00a0Di\u00e1rio Oficial da Uni\u00e3o, edi\u00e7\u00e3o n\u00ba 189, de 3 de outubro de 2025. A Capital do Tocantins est\u00e1 entre as 20 cidades de todo o Brasil [&hellip;]<\/p>\n","protected":false},"author":13,"featured_media":87072,"comment_status":"open","ping_status":"open","sticky":false,"template":"","format":"standard","meta":{"_acf_changed":false,"footnotes":""},"categories":[22,898,21],"tags":[],"class_list":["post-87071","post","type-post","status-publish","format-standard","has-post-thumbnail","hentry","category-cidades","category-manchete-segundaria","category-todas-noticias"],"acf":[],"yoast_head":"<!-- This site is optimized with the Yoast SEO plugin v24.4 - https:\/\/yoast.com\/wordpress\/plugins\/seo\/ -->\n<title>Programa Esta\u00e7\u00e3o Juventude seleciona Palmas e capacitar\u00e1 480 jovens em tecnologias e inclus\u00e3o social - PORTAL DE NOT\u00cdCIAS CLEITON PINHEIRO<\/title>\n<meta name=\"robots\" content=\"index, follow, max-snippet:-1, max-image-preview:large, max-video-preview:-1\" \/>\n<link rel=\"canonical\" href=\"https:\/\/cleitonpinheiro.com.br\/site\/programa-estacao-juventude-seleciona-palmas-e-capacitara-480-jovens-em-tecnologias-e-inclusao-social\/\" \/>\n<meta property=\"og:locale\" content=\"pt_BR\" \/>\n<meta property=\"og:type\" content=\"article\" \/>\n<meta property=\"og:title\" content=\"Programa Esta\u00e7\u00e3o Juventude seleciona Palmas e capacitar\u00e1 480 jovens em tecnologias e inclus\u00e3o social - PORTAL DE NOT\u00cdCIAS CLEITON PINHEIRO\" \/>\n<meta property=\"og:description\" content=\"A Prefeitura de Palmas, por meio da Funda\u00e7\u00e3o Municipal da Juventude de Palmas (FJP), foi selecionada para integrar o Programa Esta\u00e7\u00e3o Juventude, do governo federal. O resultado foi publicado no\u00a0Di\u00e1rio Oficial da Uni\u00e3o, edi\u00e7\u00e3o n\u00ba 189, de 3 de outubro de 2025. A Capital do Tocantins est\u00e1 entre as 20 cidades de todo o Brasil [&hellip;]\" \/>\n<meta property=\"og:url\" content=\"https:\/\/cleitonpinheiro.com.br\/site\/programa-estacao-juventude-seleciona-palmas-e-capacitara-480-jovens-em-tecnologias-e-inclusao-social\/\" \/>\n<meta property=\"og:site_name\" content=\"PORTAL DE NOT\u00cdCIAS CLEITON PINHEIRO\" \/>\n<meta property=\"article:publisher\" content=\"https:\/\/www.facebook.com\/portalcpnoticias\/\" \/>\n<meta property=\"article:published_time\" content=\"2025-10-04T13:17:52+00:00\" \/>\n<meta property=\"article:modified_time\" content=\"2025-10-04T13:17:57+00:00\" \/>\n<meta property=\"og:image\" content=\"https:\/\/cleitonpinheiro.com.br\/site\/wp-content\/uploads\/2025\/10\/Fachada-Secretaria-da-Juventude-Foto-Regiane-Rocha-3-1-1536x1024-1.jpg\" \/>\n\t<meta property=\"og:image:width\" content=\"1536\" \/>\n\t<meta property=\"og:image:height\" content=\"1024\" \/>\n\t<meta property=\"og:image:type\" content=\"image\/jpeg\" \/>\n<meta name=\"author\" content=\"Reda\u00e7\u00e3o CP\" \/>\n<meta name=\"twitter:card\" content=\"summary_large_image\" \/>\n<meta name=\"twitter:label1\" content=\"Escrito por\" \/>\n\t<meta name=\"twitter:data1\" content=\"Reda\u00e7\u00e3o CP\" \/>\n\t<meta name=\"twitter:label2\" content=\"Est. tempo de leitura\" \/>\n\t<meta name=\"twitter:data2\" content=\"3 minutos\" \/>\n<script type=\"application\/ld+json\" class=\"yoast-schema-graph\">{\"@context\":\"https:\/\/schema.org\",\"@graph\":[{\"@type\":\"Article\",\"@id\":\"https:\/\/cleitonpinheiro.com.br\/site\/programa-estacao-juventude-seleciona-palmas-e-capacitara-480-jovens-em-tecnologias-e-inclusao-social\/#article\",\"isPartOf\":{\"@id\":\"https:\/\/cleitonpinheiro.com.br\/site\/programa-estacao-juventude-seleciona-palmas-e-capacitara-480-jovens-em-tecnologias-e-inclusao-social\/\"},\"author\":{\"name\":\"Reda\u00e7\u00e3o CP\",\"@id\":\"https:\/\/cleitonpinheiro.com.br\/site\/#\/schema\/person\/8f04544e0bc40a1b68775b08360f87db\"},\"headline\":\"Programa Esta\u00e7\u00e3o Juventude seleciona Palmas e capacitar\u00e1 480 jovens em tecnologias e inclus\u00e3o social\",\"datePublished\":\"2025-10-04T13:17:52+00:00\",\"dateModified\":\"2025-10-04T13:17:57+00:00\",\"mainEntityOfPage\":{\"@id\":\"https:\/\/cleitonpinheiro.com.br\/site\/programa-estacao-juventude-seleciona-palmas-e-capacitara-480-jovens-em-tecnologias-e-inclusao-social\/\"},\"wordCount\":465,\"commentCount\":0,\"publisher\":{\"@id\":\"https:\/\/cleitonpinheiro.com.br\/site\/#organization\"},\"image\":{\"@id\":\"https:\/\/cleitonpinheiro.com.br\/site\/programa-estacao-juventude-seleciona-palmas-e-capacitara-480-jovens-em-tecnologias-e-inclusao-social\/#primaryimage\"},\"thumbnailUrl\":\"https:\/\/cleitonpinheiro.com.br\/site\/wp-content\/uploads\/2025\/10\/Fachada-Secretaria-da-Juventude-Foto-Regiane-Rocha-3-1-1536x1024-1.jpg\",\"articleSection\":[\"CIDADES\",\"MANCHETE SEGUND\u00c1RIA\",\"TODAS NOTICIAS\"],\"inLanguage\":\"pt-BR\",\"potentialAction\":[{\"@type\":\"CommentAction\",\"name\":\"Comment\",\"target\":[\"https:\/\/cleitonpinheiro.com.br\/site\/programa-estacao-juventude-seleciona-palmas-e-capacitara-480-jovens-em-tecnologias-e-inclusao-social\/#respond\"]}]},{\"@type\":\"WebPage\",\"@id\":\"https:\/\/cleitonpinheiro.com.br\/site\/programa-estacao-juventude-seleciona-palmas-e-capacitara-480-jovens-em-tecnologias-e-inclusao-social\/\",\"url\":\"https:\/\/cleitonpinheiro.com.br\/site\/programa-estacao-juventude-seleciona-palmas-e-capacitara-480-jovens-em-tecnologias-e-inclusao-social\/\",\"name\":\"Programa Esta\u00e7\u00e3o Juventude seleciona Palmas e capacitar\u00e1 480 jovens em tecnologias e inclus\u00e3o social - PORTAL DE NOT\u00cdCIAS CLEITON PINHEIRO\",\"isPartOf\":{\"@id\":\"https:\/\/cleitonpinheiro.com.br\/site\/#website\"},\"primaryImageOfPage\":{\"@id\":\"https:\/\/cleitonpinheiro.com.br\/site\/programa-estacao-juventude-seleciona-palmas-e-capacitara-480-jovens-em-tecnologias-e-inclusao-social\/#primaryimage\"},\"image\":{\"@id\":\"https:\/\/cleitonpinheiro.com.br\/site\/programa-estacao-juventude-seleciona-palmas-e-capacitara-480-jovens-em-tecnologias-e-inclusao-social\/#primaryimage\"},\"thumbnailUrl\":\"https:\/\/cleitonpinheiro.com.br\/site\/wp-content\/uploads\/2025\/10\/Fachada-Secretaria-da-Juventude-Foto-Regiane-Rocha-3-1-1536x1024-1.jpg\",\"datePublished\":\"2025-10-04T13:17:52+00:00\",\"dateModified\":\"2025-10-04T13:17:57+00:00\",\"breadcrumb\":{\"@id\":\"https:\/\/cleitonpinheiro.com.br\/site\/programa-estacao-juventude-seleciona-palmas-e-capacitara-480-jovens-em-tecnologias-e-inclusao-social\/#breadcrumb\"},\"inLanguage\":\"pt-BR\",\"potentialAction\":[{\"@type\":\"ReadAction\",\"target\":[\"https:\/\/cleitonpinheiro.com.br\/site\/programa-estacao-juventude-seleciona-palmas-e-capacitara-480-jovens-em-tecnologias-e-inclusao-social\/\"]}]},{\"@type\":\"ImageObject\",\"inLanguage\":\"pt-BR\",\"@id\":\"https:\/\/cleitonpinheiro.com.br\/site\/programa-estacao-juventude-seleciona-palmas-e-capacitara-480-jovens-em-tecnologias-e-inclusao-social\/#primaryimage\",\"url\":\"https:\/\/cleitonpinheiro.com.br\/site\/wp-content\/uploads\/2025\/10\/Fachada-Secretaria-da-Juventude-Foto-Regiane-Rocha-3-1-1536x1024-1.jpg\",\"contentUrl\":\"https:\/\/cleitonpinheiro.com.br\/site\/wp-content\/uploads\/2025\/10\/Fachada-Secretaria-da-Juventude-Foto-Regiane-Rocha-3-1-1536x1024-1.jpg\",\"width\":1536,\"height\":1024,\"caption\":\"Foto: Regiane Rocha\"},{\"@type\":\"BreadcrumbList\",\"@id\":\"https:\/\/cleitonpinheiro.com.br\/site\/programa-estacao-juventude-seleciona-palmas-e-capacitara-480-jovens-em-tecnologias-e-inclusao-social\/#breadcrumb\",\"itemListElement\":[{\"@type\":\"ListItem\",\"position\":1,\"name\":\"In\u00edcio\",\"item\":\"https:\/\/cleitonpinheiro.com.br\/site\/\"},{\"@type\":\"ListItem\",\"position\":2,\"name\":\"Programa Esta\u00e7\u00e3o Juventude seleciona Palmas e capacitar\u00e1 480 jovens em tecnologias e inclus\u00e3o social\"}]},{\"@type\":\"WebSite\",\"@id\":\"https:\/\/cleitonpinheiro.com.br\/site\/#website\",\"url\":\"https:\/\/cleitonpinheiro.com.br\/site\/\",\"name\":\"PORTAL DE NOT\u00cdCIAS CLEITON PINHEIRO\",\"description\":\"FALANDO A VERDADE\",\"publisher\":{\"@id\":\"https:\/\/cleitonpinheiro.com.br\/site\/#organization\"},\"potentialAction\":[{\"@type\":\"SearchAction\",\"target\":{\"@type\":\"EntryPoint\",\"urlTemplate\":\"https:\/\/cleitonpinheiro.com.br\/site\/?s={search_term_string}\"},\"query-input\":{\"@type\":\"PropertyValueSpecification\",\"valueRequired\":true,\"valueName\":\"search_term_string\"}}],\"inLanguage\":\"pt-BR\"},{\"@type\":\"Organization\",\"@id\":\"https:\/\/cleitonpinheiro.com.br\/site\/#organization\",\"name\":\"CPNOT\u00cdCIAS\",\"url\":\"https:\/\/cleitonpinheiro.com.br\/site\/\",\"logo\":{\"@type\":\"ImageObject\",\"inLanguage\":\"pt-BR\",\"@id\":\"https:\/\/cleitonpinheiro.com.br\/site\/#\/schema\/logo\/image\/\",\"url\":\"https:\/\/cleitonpinheiro.com.br\/site\/wp-content\/uploads\/2022\/08\/Logo-pequena-2.png\",\"contentUrl\":\"https:\/\/cleitonpinheiro.com.br\/site\/wp-content\/uploads\/2022\/08\/Logo-pequena-2.png\",\"width\":500,\"height\":500,\"caption\":\"CPNOT\u00cdCIAS\"},\"image\":{\"@id\":\"https:\/\/cleitonpinheiro.com.br\/site\/#\/schema\/logo\/image\/\"},\"sameAs\":[\"https:\/\/www.facebook.com\/portalcpnoticias\/\"]},{\"@type\":\"Person\",\"@id\":\"https:\/\/cleitonpinheiro.com.br\/site\/#\/schema\/person\/8f04544e0bc40a1b68775b08360f87db\",\"name\":\"Reda\u00e7\u00e3o CP\",\"image\":{\"@type\":\"ImageObject\",\"inLanguage\":\"pt-BR\",\"@id\":\"https:\/\/cleitonpinheiro.com.br\/site\/#\/schema\/person\/image\/\",\"url\":\"https:\/\/secure.gravatar.com\/avatar\/0bcf19cb29fdc8fc588c490c7ae1b3e174dac268586a63fbe1d1893a0f9020cd?s=96&r=g\",\"contentUrl\":\"https:\/\/secure.gravatar.com\/avatar\/0bcf19cb29fdc8fc588c490c7ae1b3e174dac268586a63fbe1d1893a0f9020cd?s=96&r=g\",\"caption\":\"Reda\u00e7\u00e3o CP\"},\"url\":\"https:\/\/cleitonpinheiro.com.br\/site\/author\/redacao\/\"}]}<\/script>\n<!-- \/ Yoast SEO plugin. -->","yoast_head_json":{"title":"Programa Esta\u00e7\u00e3o Juventude seleciona Palmas e capacitar\u00e1 480 jovens em tecnologias e inclus\u00e3o social - PORTAL DE NOT\u00cdCIAS CLEITON PINHEIRO","robots":{"index":"index","follow":"follow","max-snippet":"max-snippet:-1","max-image-preview":"max-image-preview:large","max-video-preview":"max-video-preview:-1"},"canonical":"https:\/\/cleitonpinheiro.com.br\/site\/programa-estacao-juventude-seleciona-palmas-e-capacitara-480-jovens-em-tecnologias-e-inclusao-social\/","og_locale":"pt_BR","og_type":"article","og_title":"Programa Esta\u00e7\u00e3o Juventude seleciona Palmas e capacitar\u00e1 480 jovens em tecnologias e inclus\u00e3o social - PORTAL DE NOT\u00cdCIAS CLEITON PINHEIRO","og_description":"A Prefeitura de Palmas, por meio da Funda\u00e7\u00e3o Municipal da Juventude de Palmas (FJP), foi selecionada para integrar o Programa Esta\u00e7\u00e3o Juventude, do governo federal. O resultado foi publicado no\u00a0Di\u00e1rio Oficial da Uni\u00e3o, edi\u00e7\u00e3o n\u00ba 189, de 3 de outubro de 2025. A Capital do Tocantins est\u00e1 entre as 20 cidades de todo o Brasil [&hellip;]","og_url":"https:\/\/cleitonpinheiro.com.br\/site\/programa-estacao-juventude-seleciona-palmas-e-capacitara-480-jovens-em-tecnologias-e-inclusao-social\/","og_site_name":"PORTAL DE NOT\u00cdCIAS CLEITON PINHEIRO","article_publisher":"https:\/\/www.facebook.com\/portalcpnoticias\/","article_published_time":"2025-10-04T13:17:52+00:00","article_modified_time":"2025-10-04T13:17:57+00:00","og_image":[{"width":1536,"height":1024,"url":"https:\/\/cleitonpinheiro.com.br\/site\/wp-content\/uploads\/2025\/10\/Fachada-Secretaria-da-Juventude-Foto-Regiane-Rocha-3-1-1536x1024-1.jpg","type":"image\/jpeg"}],"author":"Reda\u00e7\u00e3o CP","twitter_card":"summary_large_image","twitter_misc":{"Escrito por":"Reda\u00e7\u00e3o CP","Est. tempo de leitura":"3 minutos"},"schema":{"@context":"https:\/\/schema.org","@graph":[{"@type":"Article","@id":"https:\/\/cleitonpinheiro.com.br\/site\/programa-estacao-juventude-seleciona-palmas-e-capacitara-480-jovens-em-tecnologias-e-inclusao-social\/#article","isPartOf":{"@id":"https:\/\/cleitonpinheiro.com.br\/site\/programa-estacao-juventude-seleciona-palmas-e-capacitara-480-jovens-em-tecnologias-e-inclusao-social\/"},"author":{"name":"Reda\u00e7\u00e3o CP","@id":"https:\/\/cleitonpinheiro.com.br\/site\/#\/schema\/person\/8f04544e0bc40a1b68775b08360f87db"},"headline":"Programa Esta\u00e7\u00e3o Juventude seleciona Palmas e capacitar\u00e1 480 jovens em tecnologias e inclus\u00e3o social","datePublished":"2025-10-04T13:17:52+00:00","dateModified":"2025-10-04T13:17:57+00:00","mainEntityOfPage":{"@id":"https:\/\/cleitonpinheiro.com.br\/site\/programa-estacao-juventude-seleciona-palmas-e-capacitara-480-jovens-em-tecnologias-e-inclusao-social\/"},"wordCount":465,"commentCount":0,"publisher":{"@id":"https:\/\/cleitonpinheiro.com.br\/site\/#organization"},"image":{"@id":"https:\/\/cleitonpinheiro.com.br\/site\/programa-estacao-juventude-seleciona-palmas-e-capacitara-480-jovens-em-tecnologias-e-inclusao-social\/#primaryimage"},"thumbnailUrl":"https:\/\/cleitonpinheiro.com.br\/site\/wp-content\/uploads\/2025\/10\/Fachada-Secretaria-da-Juventude-Foto-Regiane-Rocha-3-1-1536x1024-1.jpg","articleSection":["CIDADES","MANCHETE SEGUND\u00c1RIA","TODAS NOTICIAS"],"inLanguage":"pt-BR","potentialAction":[{"@type":"CommentAction","name":"Comment","target":["https:\/\/cleitonpinheiro.com.br\/site\/programa-estacao-juventude-seleciona-palmas-e-capacitara-480-jovens-em-tecnologias-e-inclusao-social\/#respond"]}]},{"@type":"WebPage","@id":"https:\/\/cleitonpinheiro.com.br\/site\/programa-estacao-juventude-seleciona-palmas-e-capacitara-480-jovens-em-tecnologias-e-inclusao-social\/","url":"https:\/\/cleitonpinheiro.com.br\/site\/programa-estacao-juventude-seleciona-palmas-e-capacitara-480-jovens-em-tecnologias-e-inclusao-social\/","name":"Programa Esta\u00e7\u00e3o Juventude seleciona Palmas e capacitar\u00e1 480 jovens em tecnologias e inclus\u00e3o social - PORTAL DE NOT\u00cdCIAS CLEITON PINHEIRO","isPartOf":{"@id":"https:\/\/cleitonpinheiro.com.br\/site\/#website"},"primaryImageOfPage":{"@id":"https:\/\/cleitonpinheiro.com.br\/site\/programa-estacao-juventude-seleciona-palmas-e-capacitara-480-jovens-em-tecnologias-e-inclusao-social\/#primaryimage"},"image":{"@id":"https:\/\/cleitonpinheiro.com.br\/site\/programa-estacao-juventude-seleciona-palmas-e-capacitara-480-jovens-em-tecnologias-e-inclusao-social\/#primaryimage"},"thumbnailUrl":"https:\/\/cleitonpinheiro.com.br\/site\/wp-content\/uploads\/2025\/10\/Fachada-Secretaria-da-Juventude-Foto-Regiane-Rocha-3-1-1536x1024-1.jpg","datePublished":"2025-10-04T13:17:52+00:00","dateModified":"2025-10-04T13:17:57+00:00","breadcrumb":{"@id":"https:\/\/cleitonpinheiro.com.br\/site\/programa-estacao-juventude-seleciona-palmas-e-capacitara-480-jovens-em-tecnologias-e-inclusao-social\/#breadcrumb"},"inLanguage":"pt-BR","potentialAction":[{"@type":"ReadAction","target":["https:\/\/cleitonpinheiro.com.br\/site\/programa-estacao-juventude-seleciona-palmas-e-capacitara-480-jovens-em-tecnologias-e-inclusao-social\/"]}]},{"@type":"ImageObject","inLanguage":"pt-BR","@id":"https:\/\/cleitonpinheiro.com.br\/site\/programa-estacao-juventude-seleciona-palmas-e-capacitara-480-jovens-em-tecnologias-e-inclusao-social\/#primaryimage","url":"https:\/\/cleitonpinheiro.com.br\/site\/wp-content\/uploads\/2025\/10\/Fachada-Secretaria-da-Juventude-Foto-Regiane-Rocha-3-1-1536x1024-1.jpg","contentUrl":"https:\/\/cleitonpinheiro.com.br\/site\/wp-content\/uploads\/2025\/10\/Fachada-Secretaria-da-Juventude-Foto-Regiane-Rocha-3-1-1536x1024-1.jpg","width":1536,"height":1024,"caption":"Foto: Regiane Rocha"},{"@type":"BreadcrumbList","@id":"https:\/\/cleitonpinheiro.com.br\/site\/programa-estacao-juventude-seleciona-palmas-e-capacitara-480-jovens-em-tecnologias-e-inclusao-social\/#breadcrumb","itemListElement":[{"@type":"ListItem","position":1,"name":"In\u00edcio","item":"https:\/\/cleitonpinheiro.com.br\/site\/"},{"@type":"ListItem","position":2,"name":"Programa Esta\u00e7\u00e3o Juventude seleciona Palmas e capacitar\u00e1 480 jovens em tecnologias e inclus\u00e3o social"}]},{"@type":"WebSite","@id":"https:\/\/cleitonpinheiro.com.br\/site\/#website","url":"https:\/\/cleitonpinheiro.com.br\/site\/","name":"PORTAL DE NOT\u00cdCIAS CLEITON PINHEIRO","description":"FALANDO A VERDADE","publisher":{"@id":"https:\/\/cleitonpinheiro.com.br\/site\/#organization"},"potentialAction":[{"@type":"SearchAction","target":{"@type":"EntryPoint","urlTemplate":"https:\/\/cleitonpinheiro.com.br\/site\/?s={search_term_string}"},"query-input":{"@type":"PropertyValueSpecification","valueRequired":true,"valueName":"search_term_string"}}],"inLanguage":"pt-BR"},{"@type":"Organization","@id":"https:\/\/cleitonpinheiro.com.br\/site\/#organization","name":"CPNOT\u00cdCIAS","url":"https:\/\/cleitonpinheiro.com.br\/site\/","logo":{"@type":"ImageObject","inLanguage":"pt-BR","@id":"https:\/\/cleitonpinheiro.com.br\/site\/#\/schema\/logo\/image\/","url":"https:\/\/cleitonpinheiro.com.br\/site\/wp-content\/uploads\/2022\/08\/Logo-pequena-2.png","contentUrl":"https:\/\/cleitonpinheiro.com.br\/site\/wp-content\/uploads\/2022\/08\/Logo-pequena-2.png","width":500,"height":500,"caption":"CPNOT\u00cdCIAS"},"image":{"@id":"https:\/\/cleitonpinheiro.com.br\/site\/#\/schema\/logo\/image\/"},"sameAs":["https:\/\/www.facebook.com\/portalcpnoticias\/"]},{"@type":"Person","@id":"https:\/\/cleitonpinheiro.com.br\/site\/#\/schema\/person\/8f04544e0bc40a1b68775b08360f87db","name":"Reda\u00e7\u00e3o CP","image":{"@type":"ImageObject","inLanguage":"pt-BR","@id":"https:\/\/cleitonpinheiro.com.br\/site\/#\/schema\/person\/image\/","url":"https:\/\/secure.gravatar.com\/avatar\/0bcf19cb29fdc8fc588c490c7ae1b3e174dac268586a63fbe1d1893a0f9020cd?s=96&r=g","contentUrl":"https:\/\/secure.gravatar.com\/avatar\/0bcf19cb29fdc8fc588c490c7ae1b3e174dac268586a63fbe1d1893a0f9020cd?s=96&r=g","caption":"Reda\u00e7\u00e3o CP"},"url":"https:\/\/cleitonpinheiro.com.br\/site\/author\/redacao\/"}]}},"views":70,"_links":{"self":[{"href":"https:\/\/cleitonpinheiro.com.br\/site\/wp-json\/wp\/v2\/posts\/87071","targetHints":{"allow":["GET"]}}],"collection":[{"href":"https:\/\/cleitonpinheiro.com.br\/site\/wp-json\/wp\/v2\/posts"}],"about":[{"href":"https:\/\/cleitonpinheiro.com.br\/site\/wp-json\/wp\/v2\/types\/post"}],"author":[{"embeddable":true,"href":"https:\/\/cleitonpinheiro.com.br\/site\/wp-json\/wp\/v2\/users\/13"}],"replies":[{"embeddable":true,"href":"https:\/\/cleitonpinheiro.com.br\/site\/wp-json\/wp\/v2\/comments?post=87071"}],"version-history":[{"count":1,"href":"https:\/\/cleitonpinheiro.com.br\/site\/wp-json\/wp\/v2\/posts\/87071\/revisions"}],"predecessor-version":[{"id":87073,"href":"https:\/\/cleitonpinheiro.com.br\/site\/wp-json\/wp\/v2\/posts\/87071\/revisions\/87073"}],"wp:featuredmedia":[{"embeddable":true,"href":"https:\/\/cleitonpinheiro.com.br\/site\/wp-json\/wp\/v2\/media\/87072"}],"wp:attachment":[{"href":"https:\/\/cleitonpinheiro.com.br\/site\/wp-json\/wp\/v2\/media?parent=87071"}],"wp:term":[{"taxonomy":"category","embeddable":true,"href":"https:\/\/cleitonpinheiro.com.br\/site\/wp-json\/wp\/v2\/categories?post=87071"},{"taxonomy":"post_tag","embeddable":true,"href":"https:\/\/cleitonpinheiro.com.br\/site\/wp-json\/wp\/v2\/tags?post=87071"}],"curies":[{"name":"wp","href":"https:\/\/api.w.org\/{rel}","templated":true}]}}