{"id":87074,"date":"2025-10-04T10:27:21","date_gmt":"2025-10-04T13:27:21","guid":{"rendered":"https:\/\/cleitonpinheiro.com.br\/site\/?p=87074"},"modified":"2025-10-04T10:27:27","modified_gmt":"2025-10-04T13:27:27","slug":"ministerio-da-saude-confirma-113-registros-de-intoxicacao-por-metanol","status":"publish","type":"post","link":"https:\/\/cleitonpinheiro.com.br\/site\/ministerio-da-saude-confirma-113-registros-de-intoxicacao-por-metanol\/","title":{"rendered":"Minist\u00e9rio da Sa\u00fade confirma 113 registros de intoxica\u00e7\u00e3o por metanol"},"content":{"rendered":"\n<figure class=\"wp-block-image size-large\"><img fetchpriority=\"high\" decoding=\"async\" width=\"1024\" height=\"613\" src=\"https:\/\/cleitonpinheiro.com.br\/site\/wp-content\/uploads\/2025\/10\/fiscalizacao_em_distribuidoras_de_bebidas_03_0-1024x613.webp\" alt=\"\" class=\"wp-image-87075\" srcset=\"https:\/\/cleitonpinheiro.com.br\/site\/wp-content\/uploads\/2025\/10\/fiscalizacao_em_distribuidoras_de_bebidas_03_0-1024x613.webp 1024w, https:\/\/cleitonpinheiro.com.br\/site\/wp-content\/uploads\/2025\/10\/fiscalizacao_em_distribuidoras_de_bebidas_03_0-300x179.webp 300w, https:\/\/cleitonpinheiro.com.br\/site\/wp-content\/uploads\/2025\/10\/fiscalizacao_em_distribuidoras_de_bebidas_03_0-768x459.webp 768w, https:\/\/cleitonpinheiro.com.br\/site\/wp-content\/uploads\/2025\/10\/fiscalizacao_em_distribuidoras_de_bebidas_03_0.webp 1170w\" sizes=\"(max-width: 1024px) 100vw, 1024px\" \/><\/figure>\n\n\n\n<p><strong>At\u00e9 as 16h desta sexta-feira (3), 113 casos de intoxica\u00e7\u00e3o por metanol ap\u00f3s a ingest\u00e3o de bebida alco\u00f3lica haviam sido registrados em todo o pa\u00eds, informou o Minist\u00e9rio da Sa\u00fade.&nbsp;<\/strong>A pasta come\u00e7ou a divulgar um boletim di\u00e1rio dos casos, com base nos dados enviados pelos estados.<img decoding=\"async\" src=\"https:\/\/agenciabrasil.ebc.com.br\/ebc.png?id=1661341&amp;o=node\"><img decoding=\"async\" src=\"https:\/\/agenciabrasil.ebc.com.br\/ebc.gif?id=1661341&amp;o=node\"><\/p>\n\n\n\n<p>Ao todo, s\u00e3o 11 casos confirmados e 102 em investiga\u00e7\u00e3o. Na divis\u00e3o por estados, S\u00e3o Paulo lidera com 101 registros (11 confirmados e 90 em investiga\u00e7\u00e3o).<\/p>\n\n\n\n<p><strong>Tamb\u00e9m h\u00e1 casos suspeitos nos seguintes estados:<\/strong><\/p>\n\n\n\n<ul class=\"wp-block-list\">\n<li>6 em Pernambuco;<\/li>\n\n\n\n<li>2 na Bahia;<\/li>\n\n\n\n<li>2 no Distrito Federal;<\/li>\n\n\n\n<li>1 no Paran\u00e1;<\/li>\n\n\n\n<li>1 no Mato Grosso do Sul.<\/li>\n<\/ul>\n\n\n\n<p>Do total de casos notificados, 12 resultaram em morte, das quais uma est\u00e1 confirmada no estado de S\u00e3o Paulo e 11 est\u00e3o sendo investigadas.<\/p>\n\n\n\n<p><strong>Os \u00f3bitos investigados est\u00e3o divididos pelos seguintes estados:<\/strong><\/p>\n\n\n\n<ul class=\"wp-block-list\">\n<li>8 em S\u00e3o Paulo;<\/li>\n\n\n\n<li>1 em Pernambuco;<\/li>\n\n\n\n<li>1 na Bahia;<\/li>\n\n\n\n<li>1 no Mato Grosso do Sul.<\/li>\n<\/ul>\n\n\n\n<p>Informadas pelos Centros de Informa\u00e7\u00f5es Estrat\u00e9gicas e Resposta em Vigil\u00e2ncia em Sa\u00fade Nacional (Cievs) estaduais, as notifica\u00e7\u00f5es de intoxica\u00e7\u00e3o por metanol foram repassadas ao Cievs nacional, que consolida os dados.<\/p>\n\n\n\n<h2 class=\"wp-block-heading\">Ant\u00eddoto<\/h2>\n\n\n\n<p><strong>Para reduzir o impacto das intoxica\u00e7\u00f5es provocadas pelo metanol em bebidas alco\u00f3licas adulteradas, o Minist\u00e9rio da Sa\u00fade em parceria com a Empresa Brasileira de Servi\u00e7os Hospitalares (Ebserh) comprou 4,3 mil ampolas de etanol farmac\u00eautico, antidoto para esse tipo de intoxica\u00e7\u00e3o.<\/strong>&nbsp;A pasta est\u00e1 comprando mais 150 mil ampolas (5 mil tratamentos),&nbsp;<a href=\"https:\/\/agenciabrasil.ebc.com.br\/saude\/noticia\/2025-10\/governo-vai-comprar-150-mil-antidotos-contra-intoxicacao-por-metanol\">para garantir o estoque do Sistema \u00danico de Sa\u00fade<\/a>.<\/p>\n\n\n\n<p>O Minist\u00e9rio da Sa\u00fade tamb\u00e9m pediu que a Ag\u00eancia Nacional de Vigil\u00e2ncia Sanit\u00e1ria (Anvisa) fa\u00e7a um chamamento internacional das 10 maiores ag\u00eancias reguladoras nos seguintes pa\u00edses: Argentina, M\u00e9xico, Comunidade Europeia, Estados Unidos, Canad\u00e1, Jap\u00e3o, Reino Unido, China, Su\u00ed\u00e7a e Austr\u00e1lia.<\/p>\n\n\n\n<p>A pasta tamb\u00e9m enviou of\u00edcio para empresas e institui\u00e7\u00f5es da \u00cdndia, Estados Unidos e Portugal em que pede doa\u00e7\u00e3o e cota\u00e7\u00e3o de compra para outro ant\u00eddoto, o fomepizol. Atualmente, poucos pa\u00edses t\u00eam o produto em estoque.<\/p>\n\n\n\n<p>O minist\u00e9rio tamb\u00e9m oficializou pedido a Organiza\u00e7\u00e3o Pan-Americana da Sa\u00fade (Opas) para a doa\u00e7\u00e3o imediata de 100 tratamentos de fomepizol e manifestou inten\u00e7\u00e3o de adquirir outras 1 mil do medicamento por meio da linha de cr\u00e9dito do Fundo Estrat\u00e9gico da Opas, ampliando o estoque nacional.<\/p>\n\n\n\n<h2 class=\"wp-block-heading\">Orienta\u00e7\u00f5es<\/h2>\n\n\n\n<p><strong>Na quarta (1\u00ba), o Minist\u00e9rio da Sa\u00fade orientou que os estados e os munic\u00edpios notifiquem imediatamente todas as suspeitas de intoxica\u00e7\u00e3o por metanol.&nbsp;<\/strong>A medida pretende fortalecer a vigil\u00e2ncia epidemiol\u00f3gica e garantir uma resposta r\u00e1pida e eficaz aos casos suspeitos.<\/p>\n\n\n\n<p>No mesmo dia, foi instalada uma sala de situa\u00e7\u00e3o para monitorar os casos. De car\u00e1ter extraordin\u00e1rio, essa estrutura permanecer\u00e1 ativa enquanto houver risco sanit\u00e1rio e necessidade de monitoramento e resposta nacional.<\/p>\n\n\n\n<figure class=\"wp-block-image\"><img decoding=\"async\" src=\"https:\/\/imagens.ebc.com.br\/0GodRFO6xcDLxEa__bCgo6ji6J4=\/463x0\/smart\/https:\/\/agenciabrasil.ebc.com.br\/sites\/default\/files\/thumbnails\/image\/2025\/10\/01\/intoxicacao-por-metanol_3.png?itok=qVv5a4J4\" alt=\"arte-metanol \" title=\"Arte\/Ag\u00eancia Brasil\"\/><\/figure>\n","protected":false},"excerpt":{"rendered":"<p>At\u00e9 as 16h desta sexta-feira (3), 113 casos de intoxica\u00e7\u00e3o por metanol ap\u00f3s a ingest\u00e3o de bebida alco\u00f3lica haviam sido registrados em todo o pa\u00eds, informou o Minist\u00e9rio da Sa\u00fade.&nbsp;A pasta come\u00e7ou a divulgar um boletim di\u00e1rio dos casos, com base nos dados enviados pelos estados. Ao todo, s\u00e3o 11 casos confirmados e 102 em [&hellip;]<\/p>\n","protected":false},"author":13,"featured_media":87075,"comment_status":"open","ping_status":"open","sticky":false,"template":"","format":"standard","meta":{"_acf_changed":false,"footnotes":""},"categories":[19,898,21],"tags":[],"class_list":["post-87074","post","type-post","status-publish","format-standard","has-post-thumbnail","hentry","category-brasil-mundo","category-manchete-segundaria","category-todas-noticias"],"acf":[],"yoast_head":"<!-- This site is optimized with the Yoast SEO plugin v24.4 - https:\/\/yoast.com\/wordpress\/plugins\/seo\/ -->\n<title>Minist\u00e9rio da Sa\u00fade confirma 113 registros de intoxica\u00e7\u00e3o por metanol - PORTAL DE NOT\u00cdCIAS CLEITON PINHEIRO<\/title>\n<meta name=\"robots\" content=\"index, follow, max-snippet:-1, max-image-preview:large, max-video-preview:-1\" \/>\n<link rel=\"canonical\" href=\"https:\/\/cleitonpinheiro.com.br\/site\/ministerio-da-saude-confirma-113-registros-de-intoxicacao-por-metanol\/\" \/>\n<meta property=\"og:locale\" content=\"pt_BR\" \/>\n<meta property=\"og:type\" content=\"article\" \/>\n<meta property=\"og:title\" content=\"Minist\u00e9rio da Sa\u00fade confirma 113 registros de intoxica\u00e7\u00e3o por metanol - PORTAL DE NOT\u00cdCIAS CLEITON PINHEIRO\" \/>\n<meta property=\"og:description\" content=\"At\u00e9 as 16h desta sexta-feira (3), 113 casos de intoxica\u00e7\u00e3o por metanol ap\u00f3s a ingest\u00e3o de bebida alco\u00f3lica haviam sido registrados em todo o pa\u00eds, informou o Minist\u00e9rio da Sa\u00fade.&nbsp;A pasta come\u00e7ou a divulgar um boletim di\u00e1rio dos casos, com base nos dados enviados pelos estados. Ao todo, s\u00e3o 11 casos confirmados e 102 em [&hellip;]\" \/>\n<meta property=\"og:url\" content=\"https:\/\/cleitonpinheiro.com.br\/site\/ministerio-da-saude-confirma-113-registros-de-intoxicacao-por-metanol\/\" \/>\n<meta property=\"og:site_name\" content=\"PORTAL DE NOT\u00cdCIAS CLEITON PINHEIRO\" \/>\n<meta property=\"article:publisher\" content=\"https:\/\/www.facebook.com\/portalcpnoticias\/\" \/>\n<meta property=\"article:published_time\" content=\"2025-10-04T13:27:21+00:00\" \/>\n<meta property=\"article:modified_time\" content=\"2025-10-04T13:27:27+00:00\" \/>\n<meta property=\"og:image\" content=\"https:\/\/cleitonpinheiro.com.br\/site\/wp-content\/uploads\/2025\/10\/fiscalizacao_em_distribuidoras_de_bebidas_03_0.webp\" \/>\n\t<meta property=\"og:image:width\" content=\"1170\" \/>\n\t<meta property=\"og:image:height\" content=\"700\" \/>\n\t<meta property=\"og:image:type\" content=\"image\/webp\" \/>\n<meta name=\"author\" content=\"Reda\u00e7\u00e3o CP\" \/>\n<meta name=\"twitter:card\" content=\"summary_large_image\" \/>\n<meta name=\"twitter:label1\" content=\"Escrito por\" \/>\n\t<meta name=\"twitter:data1\" content=\"Reda\u00e7\u00e3o CP\" \/>\n\t<meta name=\"twitter:label2\" content=\"Est. tempo de leitura\" \/>\n\t<meta name=\"twitter:data2\" content=\"4 minutos\" \/>\n<script type=\"application\/ld+json\" class=\"yoast-schema-graph\">{\"@context\":\"https:\/\/schema.org\",\"@graph\":[{\"@type\":\"Article\",\"@id\":\"https:\/\/cleitonpinheiro.com.br\/site\/ministerio-da-saude-confirma-113-registros-de-intoxicacao-por-metanol\/#article\",\"isPartOf\":{\"@id\":\"https:\/\/cleitonpinheiro.com.br\/site\/ministerio-da-saude-confirma-113-registros-de-intoxicacao-por-metanol\/\"},\"author\":{\"name\":\"Reda\u00e7\u00e3o CP\",\"@id\":\"https:\/\/cleitonpinheiro.com.br\/site\/#\/schema\/person\/8f04544e0bc40a1b68775b08360f87db\"},\"headline\":\"Minist\u00e9rio da Sa\u00fade confirma 113 registros de intoxica\u00e7\u00e3o por metanol\",\"datePublished\":\"2025-10-04T13:27:21+00:00\",\"dateModified\":\"2025-10-04T13:27:27+00:00\",\"mainEntityOfPage\":{\"@id\":\"https:\/\/cleitonpinheiro.com.br\/site\/ministerio-da-saude-confirma-113-registros-de-intoxicacao-por-metanol\/\"},\"wordCount\":497,\"commentCount\":0,\"publisher\":{\"@id\":\"https:\/\/cleitonpinheiro.com.br\/site\/#organization\"},\"image\":{\"@id\":\"https:\/\/cleitonpinheiro.com.br\/site\/ministerio-da-saude-confirma-113-registros-de-intoxicacao-por-metanol\/#primaryimage\"},\"thumbnailUrl\":\"https:\/\/cleitonpinheiro.com.br\/site\/wp-content\/uploads\/2025\/10\/fiscalizacao_em_distribuidoras_de_bebidas_03_0.webp\",\"articleSection\":[\"BRASIL \/ MUNDO\",\"MANCHETE SEGUND\u00c1RIA\",\"TODAS NOTICIAS\"],\"inLanguage\":\"pt-BR\",\"potentialAction\":[{\"@type\":\"CommentAction\",\"name\":\"Comment\",\"target\":[\"https:\/\/cleitonpinheiro.com.br\/site\/ministerio-da-saude-confirma-113-registros-de-intoxicacao-por-metanol\/#respond\"]}]},{\"@type\":\"WebPage\",\"@id\":\"https:\/\/cleitonpinheiro.com.br\/site\/ministerio-da-saude-confirma-113-registros-de-intoxicacao-por-metanol\/\",\"url\":\"https:\/\/cleitonpinheiro.com.br\/site\/ministerio-da-saude-confirma-113-registros-de-intoxicacao-por-metanol\/\",\"name\":\"Minist\u00e9rio da Sa\u00fade confirma 113 registros de intoxica\u00e7\u00e3o por metanol - PORTAL DE NOT\u00cdCIAS CLEITON PINHEIRO\",\"isPartOf\":{\"@id\":\"https:\/\/cleitonpinheiro.com.br\/site\/#website\"},\"primaryImageOfPage\":{\"@id\":\"https:\/\/cleitonpinheiro.com.br\/site\/ministerio-da-saude-confirma-113-registros-de-intoxicacao-por-metanol\/#primaryimage\"},\"image\":{\"@id\":\"https:\/\/cleitonpinheiro.com.br\/site\/ministerio-da-saude-confirma-113-registros-de-intoxicacao-por-metanol\/#primaryimage\"},\"thumbnailUrl\":\"https:\/\/cleitonpinheiro.com.br\/site\/wp-content\/uploads\/2025\/10\/fiscalizacao_em_distribuidoras_de_bebidas_03_0.webp\",\"datePublished\":\"2025-10-04T13:27:21+00:00\",\"dateModified\":\"2025-10-04T13:27:27+00:00\",\"breadcrumb\":{\"@id\":\"https:\/\/cleitonpinheiro.com.br\/site\/ministerio-da-saude-confirma-113-registros-de-intoxicacao-por-metanol\/#breadcrumb\"},\"inLanguage\":\"pt-BR\",\"potentialAction\":[{\"@type\":\"ReadAction\",\"target\":[\"https:\/\/cleitonpinheiro.com.br\/site\/ministerio-da-saude-confirma-113-registros-de-intoxicacao-por-metanol\/\"]}]},{\"@type\":\"ImageObject\",\"inLanguage\":\"pt-BR\",\"@id\":\"https:\/\/cleitonpinheiro.com.br\/site\/ministerio-da-saude-confirma-113-registros-de-intoxicacao-por-metanol\/#primaryimage\",\"url\":\"https:\/\/cleitonpinheiro.com.br\/site\/wp-content\/uploads\/2025\/10\/fiscalizacao_em_distribuidoras_de_bebidas_03_0.webp\",\"contentUrl\":\"https:\/\/cleitonpinheiro.com.br\/site\/wp-content\/uploads\/2025\/10\/fiscalizacao_em_distribuidoras_de_bebidas_03_0.webp\",\"width\":1170,\"height\":700,\"caption\":\"\u00a9 Sandro Ara\u00fajo\/Ag\u00eancia Sa\u00fade DF\"},{\"@type\":\"BreadcrumbList\",\"@id\":\"https:\/\/cleitonpinheiro.com.br\/site\/ministerio-da-saude-confirma-113-registros-de-intoxicacao-por-metanol\/#breadcrumb\",\"itemListElement\":[{\"@type\":\"ListItem\",\"position\":1,\"name\":\"In\u00edcio\",\"item\":\"https:\/\/cleitonpinheiro.com.br\/site\/\"},{\"@type\":\"ListItem\",\"position\":2,\"name\":\"Minist\u00e9rio da Sa\u00fade confirma 113 registros de intoxica\u00e7\u00e3o por metanol\"}]},{\"@type\":\"WebSite\",\"@id\":\"https:\/\/cleitonpinheiro.com.br\/site\/#website\",\"url\":\"https:\/\/cleitonpinheiro.com.br\/site\/\",\"name\":\"PORTAL DE NOT\u00cdCIAS CLEITON PINHEIRO\",\"description\":\"FALANDO A VERDADE\",\"publisher\":{\"@id\":\"https:\/\/cleitonpinheiro.com.br\/site\/#organization\"},\"potentialAction\":[{\"@type\":\"SearchAction\",\"target\":{\"@type\":\"EntryPoint\",\"urlTemplate\":\"https:\/\/cleitonpinheiro.com.br\/site\/?s={search_term_string}\"},\"query-input\":{\"@type\":\"PropertyValueSpecification\",\"valueRequired\":true,\"valueName\":\"search_term_string\"}}],\"inLanguage\":\"pt-BR\"},{\"@type\":\"Organization\",\"@id\":\"https:\/\/cleitonpinheiro.com.br\/site\/#organization\",\"name\":\"CPNOT\u00cdCIAS\",\"url\":\"https:\/\/cleitonpinheiro.com.br\/site\/\",\"logo\":{\"@type\":\"ImageObject\",\"inLanguage\":\"pt-BR\",\"@id\":\"https:\/\/cleitonpinheiro.com.br\/site\/#\/schema\/logo\/image\/\",\"url\":\"https:\/\/cleitonpinheiro.com.br\/site\/wp-content\/uploads\/2022\/08\/Logo-pequena-2.png\",\"contentUrl\":\"https:\/\/cleitonpinheiro.com.br\/site\/wp-content\/uploads\/2022\/08\/Logo-pequena-2.png\",\"width\":500,\"height\":500,\"caption\":\"CPNOT\u00cdCIAS\"},\"image\":{\"@id\":\"https:\/\/cleitonpinheiro.com.br\/site\/#\/schema\/logo\/image\/\"},\"sameAs\":[\"https:\/\/www.facebook.com\/portalcpnoticias\/\"]},{\"@type\":\"Person\",\"@id\":\"https:\/\/cleitonpinheiro.com.br\/site\/#\/schema\/person\/8f04544e0bc40a1b68775b08360f87db\",\"name\":\"Reda\u00e7\u00e3o CP\",\"image\":{\"@type\":\"ImageObject\",\"inLanguage\":\"pt-BR\",\"@id\":\"https:\/\/cleitonpinheiro.com.br\/site\/#\/schema\/person\/image\/\",\"url\":\"https:\/\/secure.gravatar.com\/avatar\/0bcf19cb29fdc8fc588c490c7ae1b3e174dac268586a63fbe1d1893a0f9020cd?s=96&r=g\",\"contentUrl\":\"https:\/\/secure.gravatar.com\/avatar\/0bcf19cb29fdc8fc588c490c7ae1b3e174dac268586a63fbe1d1893a0f9020cd?s=96&r=g\",\"caption\":\"Reda\u00e7\u00e3o CP\"},\"url\":\"https:\/\/cleitonpinheiro.com.br\/site\/author\/redacao\/\"}]}<\/script>\n<!-- \/ Yoast SEO plugin. -->","yoast_head_json":{"title":"Minist\u00e9rio da Sa\u00fade confirma 113 registros de intoxica\u00e7\u00e3o por metanol - PORTAL DE NOT\u00cdCIAS CLEITON PINHEIRO","robots":{"index":"index","follow":"follow","max-snippet":"max-snippet:-1","max-image-preview":"max-image-preview:large","max-video-preview":"max-video-preview:-1"},"canonical":"https:\/\/cleitonpinheiro.com.br\/site\/ministerio-da-saude-confirma-113-registros-de-intoxicacao-por-metanol\/","og_locale":"pt_BR","og_type":"article","og_title":"Minist\u00e9rio da Sa\u00fade confirma 113 registros de intoxica\u00e7\u00e3o por metanol - PORTAL DE NOT\u00cdCIAS CLEITON PINHEIRO","og_description":"At\u00e9 as 16h desta sexta-feira (3), 113 casos de intoxica\u00e7\u00e3o por metanol ap\u00f3s a ingest\u00e3o de bebida alco\u00f3lica haviam sido registrados em todo o pa\u00eds, informou o Minist\u00e9rio da Sa\u00fade.&nbsp;A pasta come\u00e7ou a divulgar um boletim di\u00e1rio dos casos, com base nos dados enviados pelos estados. Ao todo, s\u00e3o 11 casos confirmados e 102 em [&hellip;]","og_url":"https:\/\/cleitonpinheiro.com.br\/site\/ministerio-da-saude-confirma-113-registros-de-intoxicacao-por-metanol\/","og_site_name":"PORTAL DE NOT\u00cdCIAS CLEITON PINHEIRO","article_publisher":"https:\/\/www.facebook.com\/portalcpnoticias\/","article_published_time":"2025-10-04T13:27:21+00:00","article_modified_time":"2025-10-04T13:27:27+00:00","og_image":[{"width":1170,"height":700,"url":"https:\/\/cleitonpinheiro.com.br\/site\/wp-content\/uploads\/2025\/10\/fiscalizacao_em_distribuidoras_de_bebidas_03_0.webp","type":"image\/webp"}],"author":"Reda\u00e7\u00e3o CP","twitter_card":"summary_large_image","twitter_misc":{"Escrito por":"Reda\u00e7\u00e3o CP","Est. tempo de leitura":"4 minutos"},"schema":{"@context":"https:\/\/schema.org","@graph":[{"@type":"Article","@id":"https:\/\/cleitonpinheiro.com.br\/site\/ministerio-da-saude-confirma-113-registros-de-intoxicacao-por-metanol\/#article","isPartOf":{"@id":"https:\/\/cleitonpinheiro.com.br\/site\/ministerio-da-saude-confirma-113-registros-de-intoxicacao-por-metanol\/"},"author":{"name":"Reda\u00e7\u00e3o CP","@id":"https:\/\/cleitonpinheiro.com.br\/site\/#\/schema\/person\/8f04544e0bc40a1b68775b08360f87db"},"headline":"Minist\u00e9rio da Sa\u00fade confirma 113 registros de intoxica\u00e7\u00e3o por metanol","datePublished":"2025-10-04T13:27:21+00:00","dateModified":"2025-10-04T13:27:27+00:00","mainEntityOfPage":{"@id":"https:\/\/cleitonpinheiro.com.br\/site\/ministerio-da-saude-confirma-113-registros-de-intoxicacao-por-metanol\/"},"wordCount":497,"commentCount":0,"publisher":{"@id":"https:\/\/cleitonpinheiro.com.br\/site\/#organization"},"image":{"@id":"https:\/\/cleitonpinheiro.com.br\/site\/ministerio-da-saude-confirma-113-registros-de-intoxicacao-por-metanol\/#primaryimage"},"thumbnailUrl":"https:\/\/cleitonpinheiro.com.br\/site\/wp-content\/uploads\/2025\/10\/fiscalizacao_em_distribuidoras_de_bebidas_03_0.webp","articleSection":["BRASIL \/ MUNDO","MANCHETE SEGUND\u00c1RIA","TODAS NOTICIAS"],"inLanguage":"pt-BR","potentialAction":[{"@type":"CommentAction","name":"Comment","target":["https:\/\/cleitonpinheiro.com.br\/site\/ministerio-da-saude-confirma-113-registros-de-intoxicacao-por-metanol\/#respond"]}]},{"@type":"WebPage","@id":"https:\/\/cleitonpinheiro.com.br\/site\/ministerio-da-saude-confirma-113-registros-de-intoxicacao-por-metanol\/","url":"https:\/\/cleitonpinheiro.com.br\/site\/ministerio-da-saude-confirma-113-registros-de-intoxicacao-por-metanol\/","name":"Minist\u00e9rio da Sa\u00fade confirma 113 registros de intoxica\u00e7\u00e3o por metanol - PORTAL DE NOT\u00cdCIAS CLEITON PINHEIRO","isPartOf":{"@id":"https:\/\/cleitonpinheiro.com.br\/site\/#website"},"primaryImageOfPage":{"@id":"https:\/\/cleitonpinheiro.com.br\/site\/ministerio-da-saude-confirma-113-registros-de-intoxicacao-por-metanol\/#primaryimage"},"image":{"@id":"https:\/\/cleitonpinheiro.com.br\/site\/ministerio-da-saude-confirma-113-registros-de-intoxicacao-por-metanol\/#primaryimage"},"thumbnailUrl":"https:\/\/cleitonpinheiro.com.br\/site\/wp-content\/uploads\/2025\/10\/fiscalizacao_em_distribuidoras_de_bebidas_03_0.webp","datePublished":"2025-10-04T13:27:21+00:00","dateModified":"2025-10-04T13:27:27+00:00","breadcrumb":{"@id":"https:\/\/cleitonpinheiro.com.br\/site\/ministerio-da-saude-confirma-113-registros-de-intoxicacao-por-metanol\/#breadcrumb"},"inLanguage":"pt-BR","potentialAction":[{"@type":"ReadAction","target":["https:\/\/cleitonpinheiro.com.br\/site\/ministerio-da-saude-confirma-113-registros-de-intoxicacao-por-metanol\/"]}]},{"@type":"ImageObject","inLanguage":"pt-BR","@id":"https:\/\/cleitonpinheiro.com.br\/site\/ministerio-da-saude-confirma-113-registros-de-intoxicacao-por-metanol\/#primaryimage","url":"https:\/\/cleitonpinheiro.com.br\/site\/wp-content\/uploads\/2025\/10\/fiscalizacao_em_distribuidoras_de_bebidas_03_0.webp","contentUrl":"https:\/\/cleitonpinheiro.com.br\/site\/wp-content\/uploads\/2025\/10\/fiscalizacao_em_distribuidoras_de_bebidas_03_0.webp","width":1170,"height":700,"caption":"\u00a9 Sandro Ara\u00fajo\/Ag\u00eancia Sa\u00fade DF"},{"@type":"BreadcrumbList","@id":"https:\/\/cleitonpinheiro.com.br\/site\/ministerio-da-saude-confirma-113-registros-de-intoxicacao-por-metanol\/#breadcrumb","itemListElement":[{"@type":"ListItem","position":1,"name":"In\u00edcio","item":"https:\/\/cleitonpinheiro.com.br\/site\/"},{"@type":"ListItem","position":2,"name":"Minist\u00e9rio da Sa\u00fade confirma 113 registros de intoxica\u00e7\u00e3o por metanol"}]},{"@type":"WebSite","@id":"https:\/\/cleitonpinheiro.com.br\/site\/#website","url":"https:\/\/cleitonpinheiro.com.br\/site\/","name":"PORTAL DE NOT\u00cdCIAS CLEITON PINHEIRO","description":"FALANDO A VERDADE","publisher":{"@id":"https:\/\/cleitonpinheiro.com.br\/site\/#organization"},"potentialAction":[{"@type":"SearchAction","target":{"@type":"EntryPoint","urlTemplate":"https:\/\/cleitonpinheiro.com.br\/site\/?s={search_term_string}"},"query-input":{"@type":"PropertyValueSpecification","valueRequired":true,"valueName":"search_term_string"}}],"inLanguage":"pt-BR"},{"@type":"Organization","@id":"https:\/\/cleitonpinheiro.com.br\/site\/#organization","name":"CPNOT\u00cdCIAS","url":"https:\/\/cleitonpinheiro.com.br\/site\/","logo":{"@type":"ImageObject","inLanguage":"pt-BR","@id":"https:\/\/cleitonpinheiro.com.br\/site\/#\/schema\/logo\/image\/","url":"https:\/\/cleitonpinheiro.com.br\/site\/wp-content\/uploads\/2022\/08\/Logo-pequena-2.png","contentUrl":"https:\/\/cleitonpinheiro.com.br\/site\/wp-content\/uploads\/2022\/08\/Logo-pequena-2.png","width":500,"height":500,"caption":"CPNOT\u00cdCIAS"},"image":{"@id":"https:\/\/cleitonpinheiro.com.br\/site\/#\/schema\/logo\/image\/"},"sameAs":["https:\/\/www.facebook.com\/portalcpnoticias\/"]},{"@type":"Person","@id":"https:\/\/cleitonpinheiro.com.br\/site\/#\/schema\/person\/8f04544e0bc40a1b68775b08360f87db","name":"Reda\u00e7\u00e3o CP","image":{"@type":"ImageObject","inLanguage":"pt-BR","@id":"https:\/\/cleitonpinheiro.com.br\/site\/#\/schema\/person\/image\/","url":"https:\/\/secure.gravatar.com\/avatar\/0bcf19cb29fdc8fc588c490c7ae1b3e174dac268586a63fbe1d1893a0f9020cd?s=96&r=g","contentUrl":"https:\/\/secure.gravatar.com\/avatar\/0bcf19cb29fdc8fc588c490c7ae1b3e174dac268586a63fbe1d1893a0f9020cd?s=96&r=g","caption":"Reda\u00e7\u00e3o CP"},"url":"https:\/\/cleitonpinheiro.com.br\/site\/author\/redacao\/"}]}},"views":71,"_links":{"self":[{"href":"https:\/\/cleitonpinheiro.com.br\/site\/wp-json\/wp\/v2\/posts\/87074","targetHints":{"allow":["GET"]}}],"collection":[{"href":"https:\/\/cleitonpinheiro.com.br\/site\/wp-json\/wp\/v2\/posts"}],"about":[{"href":"https:\/\/cleitonpinheiro.com.br\/site\/wp-json\/wp\/v2\/types\/post"}],"author":[{"embeddable":true,"href":"https:\/\/cleitonpinheiro.com.br\/site\/wp-json\/wp\/v2\/users\/13"}],"replies":[{"embeddable":true,"href":"https:\/\/cleitonpinheiro.com.br\/site\/wp-json\/wp\/v2\/comments?post=87074"}],"version-history":[{"count":1,"href":"https:\/\/cleitonpinheiro.com.br\/site\/wp-json\/wp\/v2\/posts\/87074\/revisions"}],"predecessor-version":[{"id":87076,"href":"https:\/\/cleitonpinheiro.com.br\/site\/wp-json\/wp\/v2\/posts\/87074\/revisions\/87076"}],"wp:featuredmedia":[{"embeddable":true,"href":"https:\/\/cleitonpinheiro.com.br\/site\/wp-json\/wp\/v2\/media\/87075"}],"wp:attachment":[{"href":"https:\/\/cleitonpinheiro.com.br\/site\/wp-json\/wp\/v2\/media?parent=87074"}],"wp:term":[{"taxonomy":"category","embeddable":true,"href":"https:\/\/cleitonpinheiro.com.br\/site\/wp-json\/wp\/v2\/categories?post=87074"},{"taxonomy":"post_tag","embeddable":true,"href":"https:\/\/cleitonpinheiro.com.br\/site\/wp-json\/wp\/v2\/tags?post=87074"}],"curies":[{"name":"wp","href":"https:\/\/api.w.org\/{rel}","templated":true}]}}