{"id":87077,"date":"2025-10-04T10:29:49","date_gmt":"2025-10-04T13:29:49","guid":{"rendered":"https:\/\/cleitonpinheiro.com.br\/site\/?p=87077"},"modified":"2025-10-04T10:29:54","modified_gmt":"2025-10-04T13:29:54","slug":"banco-central-publicara-regulacao-do-pix-parcelado-na-ultima-semana-do-mes","status":"publish","type":"post","link":"https:\/\/cleitonpinheiro.com.br\/site\/banco-central-publicara-regulacao-do-pix-parcelado-na-ultima-semana-do-mes\/","title":{"rendered":"Banco Central publicar\u00e1 regula\u00e7\u00e3o do Pix Parcelado na \u00faltima semana do m\u00eas"},"content":{"rendered":"\n<figure class=\"wp-block-image size-large\"><img fetchpriority=\"high\" decoding=\"async\" width=\"1024\" height=\"613\" src=\"https:\/\/cleitonpinheiro.com.br\/site\/wp-content\/uploads\/2025\/03\/pix_0411202553-1024x613.webp\" alt=\"\" class=\"wp-image-84806\" srcset=\"https:\/\/cleitonpinheiro.com.br\/site\/wp-content\/uploads\/2025\/03\/pix_0411202553-1024x613.webp 1024w, https:\/\/cleitonpinheiro.com.br\/site\/wp-content\/uploads\/2025\/03\/pix_0411202553-300x179.webp 300w, https:\/\/cleitonpinheiro.com.br\/site\/wp-content\/uploads\/2025\/03\/pix_0411202553-768x459.webp 768w, https:\/\/cleitonpinheiro.com.br\/site\/wp-content\/uploads\/2025\/03\/pix_0411202553.webp 1170w\" sizes=\"(max-width: 1024px) 100vw, 1024px\" \/><figcaption class=\"wp-element-caption\">\u00a9 Marcello Casal jr\/Ag\u00eancia Brasil\n<\/figcaption><\/figure>\n\n\n\n<p>Modalidade de cr\u00e9dito que permite ao pagador dividir um Pix em parcelas, mesmo sem limite no cart\u00e3o de cr\u00e9dito, o Pix Parcelado s\u00f3 ter\u00e1 a regula\u00e7\u00e3o publicada na \u00faltima semana de outubro, informou nesta sexta-feira (3) o Banco Central (BC).&nbsp;<a href=\"https:\/\/agenciabrasil.ebc.com.br\/economia\/noticia\/2025-04\/pix-parcelado-deve-ser-lancado-em-setembro-diz-banco-central\" target=\"_blank\" rel=\"noreferrer noopener\">Prevista para ser lan\u00e7ada em setembro<\/a>, a nova ferramenta foi adiada.<img decoding=\"async\" src=\"https:\/\/agenciabrasil.ebc.com.br\/ebc.png?id=1661354&amp;o=node\"><img decoding=\"async\" src=\"https:\/\/agenciabrasil.ebc.com.br\/ebc.gif?id=1661354&amp;o=node\"><\/p>\n\n\n\n<p>Segundo o BC, a primeira etapa da regula\u00e7\u00e3o padronizar\u00e1 a defini\u00e7\u00e3o do produto, para melhorar a experi\u00eancia dos usu\u00e1rios.&nbsp;<strong>As solu\u00e7\u00f5es privadas de oferta de cr\u00e9dito ou parcelamento de pagamento vinculadas \u00e0 realiza\u00e7\u00e3o de um Pix, amplamente ofertadas pelas institui\u00e7\u00f5es financeiras, poder\u00e3o continuar a vigorar, desde que n\u00e3o afrontem a regula\u00e7\u00e3o.<\/strong><\/p>\n\n\n\n<p><strong>No in\u00edcio de dezembro, o BC detalhar\u00e1 os procedimentos operacionais e a padroniza\u00e7\u00e3o da experi\u00eancia do usu\u00e1rio, tanto na contrata\u00e7\u00e3o da opera\u00e7\u00e3o de cr\u00e9dito associada \u00e0 transa\u00e7\u00e3o de pagamento quanto no pagamento das parcelas da opera\u00e7\u00e3o.<\/strong>&nbsp;Ap\u00f3s a publica\u00e7\u00e3o, haver\u00e1 um prazo para que as institui\u00e7\u00f5es financeiras e de pagamento adequem-se \u00e0s regras estabelecidas pelo BC.<\/p>\n\n\n\n<p>O BC oficializou o adiamento do Pix Parcelado e informou o novo cronograma das regula\u00e7\u00f5es na reuni\u00e3o do F\u00f3rum Pix. Comit\u00ea consultivo permanente com cerca de 300 participantes do sistema financeiro e da sociedade civil, o F\u00f3rum Pix tem como objetivo subsidiar o BC na defini\u00e7\u00e3o das regras e dos procedimentos que disciplinam o funcionamento do sistema de transfer\u00eancias instant\u00e2neas.<\/p>\n\n\n\n<h2 class=\"wp-block-heading\">Bloqueio de chaves<\/h2>\n\n\n\n<p><strong>O BC tamb\u00e9m informou que a partir deste s\u00e1bado (4) bloquear\u00e1 as chaves Pix marcadas pelas institui\u00e7\u00f5es participantes como utilizadas para golpes e fraudes.<\/strong>&nbsp;Segundo o BC, esse \u00e9 mais um mecanismo para fortalecer a seguran\u00e7a da ferramenta.<\/p>\n","protected":false},"excerpt":{"rendered":"<p>Modalidade de cr\u00e9dito que permite ao pagador dividir um Pix em parcelas, mesmo sem limite no cart\u00e3o de cr\u00e9dito, o Pix Parcelado s\u00f3 ter\u00e1 a regula\u00e7\u00e3o publicada na \u00faltima semana de outubro, informou nesta sexta-feira (3) o Banco Central (BC).&nbsp;Prevista para ser lan\u00e7ada em setembro, a nova ferramenta foi adiada. Segundo o BC, a primeira [&hellip;]<\/p>\n","protected":false},"author":13,"featured_media":84806,"comment_status":"open","ping_status":"open","sticky":false,"template":"","format":"standard","meta":{"_acf_changed":false,"footnotes":""},"categories":[19,898,21],"tags":[],"class_list":["post-87077","post","type-post","status-publish","format-standard","has-post-thumbnail","hentry","category-brasil-mundo","category-manchete-segundaria","category-todas-noticias"],"acf":[],"yoast_head":"<!-- This site is optimized with the Yoast SEO plugin v24.4 - https:\/\/yoast.com\/wordpress\/plugins\/seo\/ -->\n<title>Banco Central publicar\u00e1 regula\u00e7\u00e3o do Pix Parcelado na \u00faltima semana do m\u00eas - PORTAL DE NOT\u00cdCIAS CLEITON PINHEIRO<\/title>\n<meta name=\"robots\" content=\"index, follow, max-snippet:-1, max-image-preview:large, max-video-preview:-1\" \/>\n<link rel=\"canonical\" href=\"https:\/\/cleitonpinheiro.com.br\/site\/banco-central-publicara-regulacao-do-pix-parcelado-na-ultima-semana-do-mes\/\" \/>\n<meta property=\"og:locale\" content=\"pt_BR\" \/>\n<meta property=\"og:type\" content=\"article\" \/>\n<meta property=\"og:title\" content=\"Banco Central publicar\u00e1 regula\u00e7\u00e3o do Pix Parcelado na \u00faltima semana do m\u00eas - PORTAL DE NOT\u00cdCIAS CLEITON PINHEIRO\" \/>\n<meta property=\"og:description\" content=\"Modalidade de cr\u00e9dito que permite ao pagador dividir um Pix em parcelas, mesmo sem limite no cart\u00e3o de cr\u00e9dito, o Pix Parcelado s\u00f3 ter\u00e1 a regula\u00e7\u00e3o publicada na \u00faltima semana de outubro, informou nesta sexta-feira (3) o Banco Central (BC).&nbsp;Prevista para ser lan\u00e7ada em setembro, a nova ferramenta foi adiada. Segundo o BC, a primeira [&hellip;]\" \/>\n<meta property=\"og:url\" content=\"https:\/\/cleitonpinheiro.com.br\/site\/banco-central-publicara-regulacao-do-pix-parcelado-na-ultima-semana-do-mes\/\" \/>\n<meta property=\"og:site_name\" content=\"PORTAL DE NOT\u00cdCIAS CLEITON PINHEIRO\" \/>\n<meta property=\"article:publisher\" content=\"https:\/\/www.facebook.com\/portalcpnoticias\/\" \/>\n<meta property=\"article:published_time\" content=\"2025-10-04T13:29:49+00:00\" \/>\n<meta property=\"article:modified_time\" content=\"2025-10-04T13:29:54+00:00\" \/>\n<meta property=\"og:image\" content=\"https:\/\/cleitonpinheiro.com.br\/site\/wp-content\/uploads\/2025\/03\/pix_0411202553.webp\" \/>\n\t<meta property=\"og:image:width\" content=\"1170\" \/>\n\t<meta property=\"og:image:height\" content=\"700\" \/>\n\t<meta property=\"og:image:type\" content=\"image\/webp\" \/>\n<meta name=\"author\" content=\"Reda\u00e7\u00e3o CP\" \/>\n<meta name=\"twitter:card\" content=\"summary_large_image\" \/>\n<meta name=\"twitter:label1\" content=\"Escrito por\" \/>\n\t<meta name=\"twitter:data1\" content=\"Reda\u00e7\u00e3o CP\" \/>\n\t<meta name=\"twitter:label2\" content=\"Est. tempo de leitura\" \/>\n\t<meta name=\"twitter:data2\" content=\"3 minutos\" \/>\n<script type=\"application\/ld+json\" class=\"yoast-schema-graph\">{\"@context\":\"https:\/\/schema.org\",\"@graph\":[{\"@type\":\"Article\",\"@id\":\"https:\/\/cleitonpinheiro.com.br\/site\/banco-central-publicara-regulacao-do-pix-parcelado-na-ultima-semana-do-mes\/#article\",\"isPartOf\":{\"@id\":\"https:\/\/cleitonpinheiro.com.br\/site\/banco-central-publicara-regulacao-do-pix-parcelado-na-ultima-semana-do-mes\/\"},\"author\":{\"name\":\"Reda\u00e7\u00e3o CP\",\"@id\":\"https:\/\/cleitonpinheiro.com.br\/site\/#\/schema\/person\/8f04544e0bc40a1b68775b08360f87db\"},\"headline\":\"Banco Central publicar\u00e1 regula\u00e7\u00e3o do Pix Parcelado na \u00faltima semana do m\u00eas\",\"datePublished\":\"2025-10-04T13:29:49+00:00\",\"dateModified\":\"2025-10-04T13:29:54+00:00\",\"mainEntityOfPage\":{\"@id\":\"https:\/\/cleitonpinheiro.com.br\/site\/banco-central-publicara-regulacao-do-pix-parcelado-na-ultima-semana-do-mes\/\"},\"wordCount\":316,\"commentCount\":0,\"publisher\":{\"@id\":\"https:\/\/cleitonpinheiro.com.br\/site\/#organization\"},\"image\":{\"@id\":\"https:\/\/cleitonpinheiro.com.br\/site\/banco-central-publicara-regulacao-do-pix-parcelado-na-ultima-semana-do-mes\/#primaryimage\"},\"thumbnailUrl\":\"https:\/\/cleitonpinheiro.com.br\/site\/wp-content\/uploads\/2025\/03\/pix_0411202553.webp\",\"articleSection\":[\"BRASIL \/ MUNDO\",\"MANCHETE SEGUND\u00c1RIA\",\"TODAS NOTICIAS\"],\"inLanguage\":\"pt-BR\",\"potentialAction\":[{\"@type\":\"CommentAction\",\"name\":\"Comment\",\"target\":[\"https:\/\/cleitonpinheiro.com.br\/site\/banco-central-publicara-regulacao-do-pix-parcelado-na-ultima-semana-do-mes\/#respond\"]}]},{\"@type\":\"WebPage\",\"@id\":\"https:\/\/cleitonpinheiro.com.br\/site\/banco-central-publicara-regulacao-do-pix-parcelado-na-ultima-semana-do-mes\/\",\"url\":\"https:\/\/cleitonpinheiro.com.br\/site\/banco-central-publicara-regulacao-do-pix-parcelado-na-ultima-semana-do-mes\/\",\"name\":\"Banco Central publicar\u00e1 regula\u00e7\u00e3o do Pix Parcelado na \u00faltima semana do m\u00eas - PORTAL DE NOT\u00cdCIAS CLEITON PINHEIRO\",\"isPartOf\":{\"@id\":\"https:\/\/cleitonpinheiro.com.br\/site\/#website\"},\"primaryImageOfPage\":{\"@id\":\"https:\/\/cleitonpinheiro.com.br\/site\/banco-central-publicara-regulacao-do-pix-parcelado-na-ultima-semana-do-mes\/#primaryimage\"},\"image\":{\"@id\":\"https:\/\/cleitonpinheiro.com.br\/site\/banco-central-publicara-regulacao-do-pix-parcelado-na-ultima-semana-do-mes\/#primaryimage\"},\"thumbnailUrl\":\"https:\/\/cleitonpinheiro.com.br\/site\/wp-content\/uploads\/2025\/03\/pix_0411202553.webp\",\"datePublished\":\"2025-10-04T13:29:49+00:00\",\"dateModified\":\"2025-10-04T13:29:54+00:00\",\"breadcrumb\":{\"@id\":\"https:\/\/cleitonpinheiro.com.br\/site\/banco-central-publicara-regulacao-do-pix-parcelado-na-ultima-semana-do-mes\/#breadcrumb\"},\"inLanguage\":\"pt-BR\",\"potentialAction\":[{\"@type\":\"ReadAction\",\"target\":[\"https:\/\/cleitonpinheiro.com.br\/site\/banco-central-publicara-regulacao-do-pix-parcelado-na-ultima-semana-do-mes\/\"]}]},{\"@type\":\"ImageObject\",\"inLanguage\":\"pt-BR\",\"@id\":\"https:\/\/cleitonpinheiro.com.br\/site\/banco-central-publicara-regulacao-do-pix-parcelado-na-ultima-semana-do-mes\/#primaryimage\",\"url\":\"https:\/\/cleitonpinheiro.com.br\/site\/wp-content\/uploads\/2025\/03\/pix_0411202553.webp\",\"contentUrl\":\"https:\/\/cleitonpinheiro.com.br\/site\/wp-content\/uploads\/2025\/03\/pix_0411202553.webp\",\"width\":1170,\"height\":700,\"caption\":\"\u00a9 Marcello Casal jr\/Ag\u00eancia Brasil\"},{\"@type\":\"BreadcrumbList\",\"@id\":\"https:\/\/cleitonpinheiro.com.br\/site\/banco-central-publicara-regulacao-do-pix-parcelado-na-ultima-semana-do-mes\/#breadcrumb\",\"itemListElement\":[{\"@type\":\"ListItem\",\"position\":1,\"name\":\"In\u00edcio\",\"item\":\"https:\/\/cleitonpinheiro.com.br\/site\/\"},{\"@type\":\"ListItem\",\"position\":2,\"name\":\"Banco Central publicar\u00e1 regula\u00e7\u00e3o do Pix Parcelado na \u00faltima semana do m\u00eas\"}]},{\"@type\":\"WebSite\",\"@id\":\"https:\/\/cleitonpinheiro.com.br\/site\/#website\",\"url\":\"https:\/\/cleitonpinheiro.com.br\/site\/\",\"name\":\"PORTAL DE NOT\u00cdCIAS CLEITON PINHEIRO\",\"description\":\"FALANDO A VERDADE\",\"publisher\":{\"@id\":\"https:\/\/cleitonpinheiro.com.br\/site\/#organization\"},\"potentialAction\":[{\"@type\":\"SearchAction\",\"target\":{\"@type\":\"EntryPoint\",\"urlTemplate\":\"https:\/\/cleitonpinheiro.com.br\/site\/?s={search_term_string}\"},\"query-input\":{\"@type\":\"PropertyValueSpecification\",\"valueRequired\":true,\"valueName\":\"search_term_string\"}}],\"inLanguage\":\"pt-BR\"},{\"@type\":\"Organization\",\"@id\":\"https:\/\/cleitonpinheiro.com.br\/site\/#organization\",\"name\":\"CPNOT\u00cdCIAS\",\"url\":\"https:\/\/cleitonpinheiro.com.br\/site\/\",\"logo\":{\"@type\":\"ImageObject\",\"inLanguage\":\"pt-BR\",\"@id\":\"https:\/\/cleitonpinheiro.com.br\/site\/#\/schema\/logo\/image\/\",\"url\":\"https:\/\/cleitonpinheiro.com.br\/site\/wp-content\/uploads\/2022\/08\/Logo-pequena-2.png\",\"contentUrl\":\"https:\/\/cleitonpinheiro.com.br\/site\/wp-content\/uploads\/2022\/08\/Logo-pequena-2.png\",\"width\":500,\"height\":500,\"caption\":\"CPNOT\u00cdCIAS\"},\"image\":{\"@id\":\"https:\/\/cleitonpinheiro.com.br\/site\/#\/schema\/logo\/image\/\"},\"sameAs\":[\"https:\/\/www.facebook.com\/portalcpnoticias\/\"]},{\"@type\":\"Person\",\"@id\":\"https:\/\/cleitonpinheiro.com.br\/site\/#\/schema\/person\/8f04544e0bc40a1b68775b08360f87db\",\"name\":\"Reda\u00e7\u00e3o CP\",\"image\":{\"@type\":\"ImageObject\",\"inLanguage\":\"pt-BR\",\"@id\":\"https:\/\/cleitonpinheiro.com.br\/site\/#\/schema\/person\/image\/\",\"url\":\"https:\/\/secure.gravatar.com\/avatar\/0bcf19cb29fdc8fc588c490c7ae1b3e174dac268586a63fbe1d1893a0f9020cd?s=96&r=g\",\"contentUrl\":\"https:\/\/secure.gravatar.com\/avatar\/0bcf19cb29fdc8fc588c490c7ae1b3e174dac268586a63fbe1d1893a0f9020cd?s=96&r=g\",\"caption\":\"Reda\u00e7\u00e3o CP\"},\"url\":\"https:\/\/cleitonpinheiro.com.br\/site\/author\/redacao\/\"}]}<\/script>\n<!-- \/ Yoast SEO plugin. -->","yoast_head_json":{"title":"Banco Central publicar\u00e1 regula\u00e7\u00e3o do Pix Parcelado na \u00faltima semana do m\u00eas - PORTAL DE NOT\u00cdCIAS CLEITON PINHEIRO","robots":{"index":"index","follow":"follow","max-snippet":"max-snippet:-1","max-image-preview":"max-image-preview:large","max-video-preview":"max-video-preview:-1"},"canonical":"https:\/\/cleitonpinheiro.com.br\/site\/banco-central-publicara-regulacao-do-pix-parcelado-na-ultima-semana-do-mes\/","og_locale":"pt_BR","og_type":"article","og_title":"Banco Central publicar\u00e1 regula\u00e7\u00e3o do Pix Parcelado na \u00faltima semana do m\u00eas - PORTAL DE NOT\u00cdCIAS CLEITON PINHEIRO","og_description":"Modalidade de cr\u00e9dito que permite ao pagador dividir um Pix em parcelas, mesmo sem limite no cart\u00e3o de cr\u00e9dito, o Pix Parcelado s\u00f3 ter\u00e1 a regula\u00e7\u00e3o publicada na \u00faltima semana de outubro, informou nesta sexta-feira (3) o Banco Central (BC).&nbsp;Prevista para ser lan\u00e7ada em setembro, a nova ferramenta foi adiada. Segundo o BC, a primeira [&hellip;]","og_url":"https:\/\/cleitonpinheiro.com.br\/site\/banco-central-publicara-regulacao-do-pix-parcelado-na-ultima-semana-do-mes\/","og_site_name":"PORTAL DE NOT\u00cdCIAS CLEITON PINHEIRO","article_publisher":"https:\/\/www.facebook.com\/portalcpnoticias\/","article_published_time":"2025-10-04T13:29:49+00:00","article_modified_time":"2025-10-04T13:29:54+00:00","og_image":[{"width":1170,"height":700,"url":"https:\/\/cleitonpinheiro.com.br\/site\/wp-content\/uploads\/2025\/03\/pix_0411202553.webp","type":"image\/webp"}],"author":"Reda\u00e7\u00e3o CP","twitter_card":"summary_large_image","twitter_misc":{"Escrito por":"Reda\u00e7\u00e3o CP","Est. tempo de leitura":"3 minutos"},"schema":{"@context":"https:\/\/schema.org","@graph":[{"@type":"Article","@id":"https:\/\/cleitonpinheiro.com.br\/site\/banco-central-publicara-regulacao-do-pix-parcelado-na-ultima-semana-do-mes\/#article","isPartOf":{"@id":"https:\/\/cleitonpinheiro.com.br\/site\/banco-central-publicara-regulacao-do-pix-parcelado-na-ultima-semana-do-mes\/"},"author":{"name":"Reda\u00e7\u00e3o CP","@id":"https:\/\/cleitonpinheiro.com.br\/site\/#\/schema\/person\/8f04544e0bc40a1b68775b08360f87db"},"headline":"Banco Central publicar\u00e1 regula\u00e7\u00e3o do Pix Parcelado na \u00faltima semana do m\u00eas","datePublished":"2025-10-04T13:29:49+00:00","dateModified":"2025-10-04T13:29:54+00:00","mainEntityOfPage":{"@id":"https:\/\/cleitonpinheiro.com.br\/site\/banco-central-publicara-regulacao-do-pix-parcelado-na-ultima-semana-do-mes\/"},"wordCount":316,"commentCount":0,"publisher":{"@id":"https:\/\/cleitonpinheiro.com.br\/site\/#organization"},"image":{"@id":"https:\/\/cleitonpinheiro.com.br\/site\/banco-central-publicara-regulacao-do-pix-parcelado-na-ultima-semana-do-mes\/#primaryimage"},"thumbnailUrl":"https:\/\/cleitonpinheiro.com.br\/site\/wp-content\/uploads\/2025\/03\/pix_0411202553.webp","articleSection":["BRASIL \/ MUNDO","MANCHETE SEGUND\u00c1RIA","TODAS NOTICIAS"],"inLanguage":"pt-BR","potentialAction":[{"@type":"CommentAction","name":"Comment","target":["https:\/\/cleitonpinheiro.com.br\/site\/banco-central-publicara-regulacao-do-pix-parcelado-na-ultima-semana-do-mes\/#respond"]}]},{"@type":"WebPage","@id":"https:\/\/cleitonpinheiro.com.br\/site\/banco-central-publicara-regulacao-do-pix-parcelado-na-ultima-semana-do-mes\/","url":"https:\/\/cleitonpinheiro.com.br\/site\/banco-central-publicara-regulacao-do-pix-parcelado-na-ultima-semana-do-mes\/","name":"Banco Central publicar\u00e1 regula\u00e7\u00e3o do Pix Parcelado na \u00faltima semana do m\u00eas - PORTAL DE NOT\u00cdCIAS CLEITON PINHEIRO","isPartOf":{"@id":"https:\/\/cleitonpinheiro.com.br\/site\/#website"},"primaryImageOfPage":{"@id":"https:\/\/cleitonpinheiro.com.br\/site\/banco-central-publicara-regulacao-do-pix-parcelado-na-ultima-semana-do-mes\/#primaryimage"},"image":{"@id":"https:\/\/cleitonpinheiro.com.br\/site\/banco-central-publicara-regulacao-do-pix-parcelado-na-ultima-semana-do-mes\/#primaryimage"},"thumbnailUrl":"https:\/\/cleitonpinheiro.com.br\/site\/wp-content\/uploads\/2025\/03\/pix_0411202553.webp","datePublished":"2025-10-04T13:29:49+00:00","dateModified":"2025-10-04T13:29:54+00:00","breadcrumb":{"@id":"https:\/\/cleitonpinheiro.com.br\/site\/banco-central-publicara-regulacao-do-pix-parcelado-na-ultima-semana-do-mes\/#breadcrumb"},"inLanguage":"pt-BR","potentialAction":[{"@type":"ReadAction","target":["https:\/\/cleitonpinheiro.com.br\/site\/banco-central-publicara-regulacao-do-pix-parcelado-na-ultima-semana-do-mes\/"]}]},{"@type":"ImageObject","inLanguage":"pt-BR","@id":"https:\/\/cleitonpinheiro.com.br\/site\/banco-central-publicara-regulacao-do-pix-parcelado-na-ultima-semana-do-mes\/#primaryimage","url":"https:\/\/cleitonpinheiro.com.br\/site\/wp-content\/uploads\/2025\/03\/pix_0411202553.webp","contentUrl":"https:\/\/cleitonpinheiro.com.br\/site\/wp-content\/uploads\/2025\/03\/pix_0411202553.webp","width":1170,"height":700,"caption":"\u00a9 Marcello Casal jr\/Ag\u00eancia Brasil"},{"@type":"BreadcrumbList","@id":"https:\/\/cleitonpinheiro.com.br\/site\/banco-central-publicara-regulacao-do-pix-parcelado-na-ultima-semana-do-mes\/#breadcrumb","itemListElement":[{"@type":"ListItem","position":1,"name":"In\u00edcio","item":"https:\/\/cleitonpinheiro.com.br\/site\/"},{"@type":"ListItem","position":2,"name":"Banco Central publicar\u00e1 regula\u00e7\u00e3o do Pix Parcelado na \u00faltima semana do m\u00eas"}]},{"@type":"WebSite","@id":"https:\/\/cleitonpinheiro.com.br\/site\/#website","url":"https:\/\/cleitonpinheiro.com.br\/site\/","name":"PORTAL DE NOT\u00cdCIAS CLEITON PINHEIRO","description":"FALANDO A VERDADE","publisher":{"@id":"https:\/\/cleitonpinheiro.com.br\/site\/#organization"},"potentialAction":[{"@type":"SearchAction","target":{"@type":"EntryPoint","urlTemplate":"https:\/\/cleitonpinheiro.com.br\/site\/?s={search_term_string}"},"query-input":{"@type":"PropertyValueSpecification","valueRequired":true,"valueName":"search_term_string"}}],"inLanguage":"pt-BR"},{"@type":"Organization","@id":"https:\/\/cleitonpinheiro.com.br\/site\/#organization","name":"CPNOT\u00cdCIAS","url":"https:\/\/cleitonpinheiro.com.br\/site\/","logo":{"@type":"ImageObject","inLanguage":"pt-BR","@id":"https:\/\/cleitonpinheiro.com.br\/site\/#\/schema\/logo\/image\/","url":"https:\/\/cleitonpinheiro.com.br\/site\/wp-content\/uploads\/2022\/08\/Logo-pequena-2.png","contentUrl":"https:\/\/cleitonpinheiro.com.br\/site\/wp-content\/uploads\/2022\/08\/Logo-pequena-2.png","width":500,"height":500,"caption":"CPNOT\u00cdCIAS"},"image":{"@id":"https:\/\/cleitonpinheiro.com.br\/site\/#\/schema\/logo\/image\/"},"sameAs":["https:\/\/www.facebook.com\/portalcpnoticias\/"]},{"@type":"Person","@id":"https:\/\/cleitonpinheiro.com.br\/site\/#\/schema\/person\/8f04544e0bc40a1b68775b08360f87db","name":"Reda\u00e7\u00e3o CP","image":{"@type":"ImageObject","inLanguage":"pt-BR","@id":"https:\/\/cleitonpinheiro.com.br\/site\/#\/schema\/person\/image\/","url":"https:\/\/secure.gravatar.com\/avatar\/0bcf19cb29fdc8fc588c490c7ae1b3e174dac268586a63fbe1d1893a0f9020cd?s=96&r=g","contentUrl":"https:\/\/secure.gravatar.com\/avatar\/0bcf19cb29fdc8fc588c490c7ae1b3e174dac268586a63fbe1d1893a0f9020cd?s=96&r=g","caption":"Reda\u00e7\u00e3o CP"},"url":"https:\/\/cleitonpinheiro.com.br\/site\/author\/redacao\/"}]}},"views":109,"_links":{"self":[{"href":"https:\/\/cleitonpinheiro.com.br\/site\/wp-json\/wp\/v2\/posts\/87077","targetHints":{"allow":["GET"]}}],"collection":[{"href":"https:\/\/cleitonpinheiro.com.br\/site\/wp-json\/wp\/v2\/posts"}],"about":[{"href":"https:\/\/cleitonpinheiro.com.br\/site\/wp-json\/wp\/v2\/types\/post"}],"author":[{"embeddable":true,"href":"https:\/\/cleitonpinheiro.com.br\/site\/wp-json\/wp\/v2\/users\/13"}],"replies":[{"embeddable":true,"href":"https:\/\/cleitonpinheiro.com.br\/site\/wp-json\/wp\/v2\/comments?post=87077"}],"version-history":[{"count":1,"href":"https:\/\/cleitonpinheiro.com.br\/site\/wp-json\/wp\/v2\/posts\/87077\/revisions"}],"predecessor-version":[{"id":87078,"href":"https:\/\/cleitonpinheiro.com.br\/site\/wp-json\/wp\/v2\/posts\/87077\/revisions\/87078"}],"wp:featuredmedia":[{"embeddable":true,"href":"https:\/\/cleitonpinheiro.com.br\/site\/wp-json\/wp\/v2\/media\/84806"}],"wp:attachment":[{"href":"https:\/\/cleitonpinheiro.com.br\/site\/wp-json\/wp\/v2\/media?parent=87077"}],"wp:term":[{"taxonomy":"category","embeddable":true,"href":"https:\/\/cleitonpinheiro.com.br\/site\/wp-json\/wp\/v2\/categories?post=87077"},{"taxonomy":"post_tag","embeddable":true,"href":"https:\/\/cleitonpinheiro.com.br\/site\/wp-json\/wp\/v2\/tags?post=87077"}],"curies":[{"name":"wp","href":"https:\/\/api.w.org\/{rel}","templated":true}]}}