{"id":87079,"date":"2025-10-04T10:38:20","date_gmt":"2025-10-04T13:38:20","guid":{"rendered":"https:\/\/cleitonpinheiro.com.br\/site\/?p=87079"},"modified":"2025-10-04T10:38:25","modified_gmt":"2025-10-04T13:38:25","slug":"paulo-carneiro-e-reeleito-presidente-da-faet-para-o-quadrienio-2026-2029","status":"publish","type":"post","link":"https:\/\/cleitonpinheiro.com.br\/site\/paulo-carneiro-e-reeleito-presidente-da-faet-para-o-quadrienio-2026-2029\/","title":{"rendered":"Paulo Carneiro \u00e9 reeleito presidente da FAET para o quadri\u00eanio 2026\u20132029"},"content":{"rendered":"\n<figure class=\"wp-block-image size-full\"><img fetchpriority=\"high\" decoding=\"async\" width=\"1024\" height=\"768\" src=\"https:\/\/cleitonpinheiro.com.br\/site\/wp-content\/uploads\/2025\/10\/IMG_5402-1024x768-1.jpeg\" alt=\"\" class=\"wp-image-87080\" srcset=\"https:\/\/cleitonpinheiro.com.br\/site\/wp-content\/uploads\/2025\/10\/IMG_5402-1024x768-1.jpeg 1024w, https:\/\/cleitonpinheiro.com.br\/site\/wp-content\/uploads\/2025\/10\/IMG_5402-1024x768-1-300x225.jpeg 300w, https:\/\/cleitonpinheiro.com.br\/site\/wp-content\/uploads\/2025\/10\/IMG_5402-1024x768-1-768x576.jpeg 768w\" sizes=\"(max-width: 1024px) 100vw, 1024px\" \/><\/figure>\n\n\n\n<p>Por unanimidade, o presidente da Federa\u00e7\u00e3o da Agricultura e Pecu\u00e1ria do Estado do Tocantins (FAET), Paulo Carneiro, foi reconduzido ao cargo para o mandato 2026\u20132029. A elei\u00e7\u00e3o da nova diretoria e do conselho fiscal ocorreu nesta sexta-feira, 3 de outubro, na sede da entidade em Palmas.<\/p>\n\n\n\n<p>Dos 40 sindicatos rurais aptos a votar, 38 participaram e manifestaram apoio integral \u00e0 chapa <strong>\u201cAlian\u00e7a pelo Agro\u201d<\/strong>, liderada por Carneiro. \u201cEssa vit\u00f3ria \u00e9 hist\u00f3rica na federa\u00e7\u00e3o e reflete o trabalho realizado nesses quatro anos. Agrade\u00e7o aos diretores, presidentes de sindicatos, equipes da FAET e do Senar, al\u00e9m do apoio do Sistema CNA\/Senar, na pessoa do presidente Jo\u00e3o Martins e do diretor Daniel Carrara\u201d, declarou o reeleito.<\/p>\n\n\n\n<p>Carneiro reafirmou o compromisso de fortalecer a entidade e garantir sua independ\u00eancia. \u201cVamos reunir todos que querem o melhor para o agro tocantinense. Estamos de portas abertas a parceiros e institui\u00e7\u00f5es para garantir as condi\u00e7\u00f5es necess\u00e1rias ao crescimento do setor\u201d, afirmou.<\/p>\n\n\n\n<p>Com mais de tr\u00eas d\u00e9cadas de atua\u00e7\u00e3o no agro tocantinense, o pecuarista radicado em Almas j\u00e1 presidiu o sindicato local por 15 anos, foi vereador e ocupou cargos estrat\u00e9gicos no setor, como vice-presidente e presidente interino da FAET. Ele foi eleito pela primeira vez em 2021.<\/p>\n\n\n\n<h3 class=\"wp-block-heading\">Diretoria eleita para 2026\u20132029<\/h3>\n\n\n\n<ul class=\"wp-block-list\">\n<li><strong>Presidente<\/strong>: <strong>Paulo Carneiro<\/strong> \u2013 Pecuarista, radicado em Almas h\u00e1 34 anos. Ex-presidente do Sindicato Rural do munic\u00edpio (15 anos), vereador entre 1997 e 2000, tr\u00eas vezes vice-presidente da FAET e presidente interino em dois per\u00edodos. Atualmente tamb\u00e9m preside o Conselho Deliberativo do Sebrae Tocantins (2023\u20132026), \u00e9 conselheiro fiscal da CNA e membro do CDE\/TO.<\/li>\n\n\n\n<li><strong>Vice-presidente<\/strong>: <strong>Fred Sodr\u00e9<\/strong> \u2013 Produtor rural e presidente do Sindicato Rural de Miracema. J\u00e1 foi secret\u00e1rio municipal de Agricultura, assessor especial da Seagro e superintendente da FAET.<\/li>\n\n\n\n<li><strong>2\u00ba Vice-presidente<\/strong>: <strong>Jos\u00e9 Eduardo Motta<\/strong> \u2013 CEO da AGROJEM e Motta Fertilizantes, produtor rural e vice-presidente do Sindicato Rural de Miranorte. Atua na cria\u00e7\u00e3o de gado de gen\u00e9tica aprimorada, engorda e confinamento.<\/li>\n\n\n\n<li><strong>1\u00ba Secret\u00e1rio<\/strong>: <strong>Vanderlei Silva<\/strong> \u2013 Pecuarista, presidente do Sindicato Rural de Lagoa da Confus\u00e3o. Atuou 12 anos no Sindicato Rural de Can\u00e1polis (MG) e \u00e9 diretor do leil\u00e3o de Aragua\u00e7u.<\/li>\n\n\n\n<li><strong>2\u00ba Secret\u00e1rio<\/strong>: <strong>Francisco Tozzatti<\/strong> \u2013 Economista e criador de gado comercial, preside o Sindicato Rural de Dois Irm\u00e3os e integra a diretoria da ADSTO (Associa\u00e7\u00e3o de Desenvolvimento Sustent\u00e1vel do Tocantins).<\/li>\n\n\n\n<li><strong>1\u00ba Tesoureiro<\/strong>: <strong>Eur\u00edpedes Costa<\/strong> \u2013 Pecuarista e presidente do Sindicato Rural de Formoso do Araguaia. Foi o primeiro tesoureiro da FAET.<\/li>\n\n\n\n<li><strong>2\u00ba Tesoureiro<\/strong>: <strong>Darci D\u00e1rio<\/strong> \u2013 Presidente do Sindicato Rural de Marian\u00f3polis h\u00e1 12 anos, integra a diretoria do Sicoob Tocantins, \u00e9 pecuarista e empres\u00e1rio no ramo de ra\u00e7\u00f5es.<\/li>\n<\/ul>\n","protected":false},"excerpt":{"rendered":"<p>Por unanimidade, o presidente da Federa\u00e7\u00e3o da Agricultura e Pecu\u00e1ria do Estado do Tocantins (FAET), Paulo Carneiro, foi reconduzido ao cargo para o mandato 2026\u20132029. A elei\u00e7\u00e3o da nova diretoria e do conselho fiscal ocorreu nesta sexta-feira, 3 de outubro, na sede da entidade em Palmas. Dos 40 sindicatos rurais aptos a votar, 38 participaram [&hellip;]<\/p>\n","protected":false},"author":13,"featured_media":87080,"comment_status":"open","ping_status":"open","sticky":false,"template":"","format":"standard","meta":{"_acf_changed":false,"footnotes":""},"categories":[8,898,21],"tags":[],"class_list":["post-87079","post","type-post","status-publish","format-standard","has-post-thumbnail","hentry","category-estado","category-manchete-segundaria","category-todas-noticias"],"acf":[],"yoast_head":"<!-- This site is optimized with the Yoast SEO plugin v24.4 - https:\/\/yoast.com\/wordpress\/plugins\/seo\/ -->\n<title>Paulo Carneiro \u00e9 reeleito presidente da FAET para o quadri\u00eanio 2026\u20132029 - PORTAL DE NOT\u00cdCIAS CLEITON PINHEIRO<\/title>\n<meta name=\"robots\" content=\"index, follow, max-snippet:-1, max-image-preview:large, max-video-preview:-1\" \/>\n<link rel=\"canonical\" href=\"https:\/\/cleitonpinheiro.com.br\/site\/paulo-carneiro-e-reeleito-presidente-da-faet-para-o-quadrienio-2026-2029\/\" \/>\n<meta property=\"og:locale\" content=\"pt_BR\" \/>\n<meta property=\"og:type\" content=\"article\" \/>\n<meta property=\"og:title\" content=\"Paulo Carneiro \u00e9 reeleito presidente da FAET para o quadri\u00eanio 2026\u20132029 - PORTAL DE NOT\u00cdCIAS CLEITON PINHEIRO\" \/>\n<meta property=\"og:description\" content=\"Por unanimidade, o presidente da Federa\u00e7\u00e3o da Agricultura e Pecu\u00e1ria do Estado do Tocantins (FAET), Paulo Carneiro, foi reconduzido ao cargo para o mandato 2026\u20132029. A elei\u00e7\u00e3o da nova diretoria e do conselho fiscal ocorreu nesta sexta-feira, 3 de outubro, na sede da entidade em Palmas. Dos 40 sindicatos rurais aptos a votar, 38 participaram [&hellip;]\" \/>\n<meta property=\"og:url\" content=\"https:\/\/cleitonpinheiro.com.br\/site\/paulo-carneiro-e-reeleito-presidente-da-faet-para-o-quadrienio-2026-2029\/\" \/>\n<meta property=\"og:site_name\" content=\"PORTAL DE NOT\u00cdCIAS CLEITON PINHEIRO\" \/>\n<meta property=\"article:publisher\" content=\"https:\/\/www.facebook.com\/portalcpnoticias\/\" \/>\n<meta property=\"article:published_time\" content=\"2025-10-04T13:38:20+00:00\" \/>\n<meta property=\"article:modified_time\" content=\"2025-10-04T13:38:25+00:00\" \/>\n<meta property=\"og:image\" content=\"https:\/\/cleitonpinheiro.com.br\/site\/wp-content\/uploads\/2025\/10\/IMG_5402-1024x768-1.jpeg\" \/>\n\t<meta property=\"og:image:width\" content=\"1024\" \/>\n\t<meta property=\"og:image:height\" content=\"768\" \/>\n\t<meta property=\"og:image:type\" content=\"image\/jpeg\" \/>\n<meta name=\"author\" content=\"Reda\u00e7\u00e3o CP\" \/>\n<meta name=\"twitter:card\" content=\"summary_large_image\" \/>\n<meta name=\"twitter:label1\" content=\"Escrito por\" \/>\n\t<meta name=\"twitter:data1\" content=\"Reda\u00e7\u00e3o CP\" \/>\n\t<meta name=\"twitter:label2\" content=\"Est. tempo de leitura\" \/>\n\t<meta name=\"twitter:data2\" content=\"3 minutos\" \/>\n<script type=\"application\/ld+json\" class=\"yoast-schema-graph\">{\"@context\":\"https:\/\/schema.org\",\"@graph\":[{\"@type\":\"Article\",\"@id\":\"https:\/\/cleitonpinheiro.com.br\/site\/paulo-carneiro-e-reeleito-presidente-da-faet-para-o-quadrienio-2026-2029\/#article\",\"isPartOf\":{\"@id\":\"https:\/\/cleitonpinheiro.com.br\/site\/paulo-carneiro-e-reeleito-presidente-da-faet-para-o-quadrienio-2026-2029\/\"},\"author\":{\"name\":\"Reda\u00e7\u00e3o CP\",\"@id\":\"https:\/\/cleitonpinheiro.com.br\/site\/#\/schema\/person\/8f04544e0bc40a1b68775b08360f87db\"},\"headline\":\"Paulo Carneiro \u00e9 reeleito presidente da FAET para o quadri\u00eanio 2026\u20132029\",\"datePublished\":\"2025-10-04T13:38:20+00:00\",\"dateModified\":\"2025-10-04T13:38:25+00:00\",\"mainEntityOfPage\":{\"@id\":\"https:\/\/cleitonpinheiro.com.br\/site\/paulo-carneiro-e-reeleito-presidente-da-faet-para-o-quadrienio-2026-2029\/\"},\"wordCount\":446,\"commentCount\":0,\"publisher\":{\"@id\":\"https:\/\/cleitonpinheiro.com.br\/site\/#organization\"},\"image\":{\"@id\":\"https:\/\/cleitonpinheiro.com.br\/site\/paulo-carneiro-e-reeleito-presidente-da-faet-para-o-quadrienio-2026-2029\/#primaryimage\"},\"thumbnailUrl\":\"https:\/\/cleitonpinheiro.com.br\/site\/wp-content\/uploads\/2025\/10\/IMG_5402-1024x768-1.jpeg\",\"articleSection\":[\"ESTADO\",\"MANCHETE SEGUND\u00c1RIA\",\"TODAS NOTICIAS\"],\"inLanguage\":\"pt-BR\",\"potentialAction\":[{\"@type\":\"CommentAction\",\"name\":\"Comment\",\"target\":[\"https:\/\/cleitonpinheiro.com.br\/site\/paulo-carneiro-e-reeleito-presidente-da-faet-para-o-quadrienio-2026-2029\/#respond\"]}]},{\"@type\":\"WebPage\",\"@id\":\"https:\/\/cleitonpinheiro.com.br\/site\/paulo-carneiro-e-reeleito-presidente-da-faet-para-o-quadrienio-2026-2029\/\",\"url\":\"https:\/\/cleitonpinheiro.com.br\/site\/paulo-carneiro-e-reeleito-presidente-da-faet-para-o-quadrienio-2026-2029\/\",\"name\":\"Paulo Carneiro \u00e9 reeleito presidente da FAET para o quadri\u00eanio 2026\u20132029 - PORTAL DE NOT\u00cdCIAS CLEITON PINHEIRO\",\"isPartOf\":{\"@id\":\"https:\/\/cleitonpinheiro.com.br\/site\/#website\"},\"primaryImageOfPage\":{\"@id\":\"https:\/\/cleitonpinheiro.com.br\/site\/paulo-carneiro-e-reeleito-presidente-da-faet-para-o-quadrienio-2026-2029\/#primaryimage\"},\"image\":{\"@id\":\"https:\/\/cleitonpinheiro.com.br\/site\/paulo-carneiro-e-reeleito-presidente-da-faet-para-o-quadrienio-2026-2029\/#primaryimage\"},\"thumbnailUrl\":\"https:\/\/cleitonpinheiro.com.br\/site\/wp-content\/uploads\/2025\/10\/IMG_5402-1024x768-1.jpeg\",\"datePublished\":\"2025-10-04T13:38:20+00:00\",\"dateModified\":\"2025-10-04T13:38:25+00:00\",\"breadcrumb\":{\"@id\":\"https:\/\/cleitonpinheiro.com.br\/site\/paulo-carneiro-e-reeleito-presidente-da-faet-para-o-quadrienio-2026-2029\/#breadcrumb\"},\"inLanguage\":\"pt-BR\",\"potentialAction\":[{\"@type\":\"ReadAction\",\"target\":[\"https:\/\/cleitonpinheiro.com.br\/site\/paulo-carneiro-e-reeleito-presidente-da-faet-para-o-quadrienio-2026-2029\/\"]}]},{\"@type\":\"ImageObject\",\"inLanguage\":\"pt-BR\",\"@id\":\"https:\/\/cleitonpinheiro.com.br\/site\/paulo-carneiro-e-reeleito-presidente-da-faet-para-o-quadrienio-2026-2029\/#primaryimage\",\"url\":\"https:\/\/cleitonpinheiro.com.br\/site\/wp-content\/uploads\/2025\/10\/IMG_5402-1024x768-1.jpeg\",\"contentUrl\":\"https:\/\/cleitonpinheiro.com.br\/site\/wp-content\/uploads\/2025\/10\/IMG_5402-1024x768-1.jpeg\",\"width\":1024,\"height\":768},{\"@type\":\"BreadcrumbList\",\"@id\":\"https:\/\/cleitonpinheiro.com.br\/site\/paulo-carneiro-e-reeleito-presidente-da-faet-para-o-quadrienio-2026-2029\/#breadcrumb\",\"itemListElement\":[{\"@type\":\"ListItem\",\"position\":1,\"name\":\"In\u00edcio\",\"item\":\"https:\/\/cleitonpinheiro.com.br\/site\/\"},{\"@type\":\"ListItem\",\"position\":2,\"name\":\"Paulo Carneiro \u00e9 reeleito presidente da FAET para o quadri\u00eanio 2026\u20132029\"}]},{\"@type\":\"WebSite\",\"@id\":\"https:\/\/cleitonpinheiro.com.br\/site\/#website\",\"url\":\"https:\/\/cleitonpinheiro.com.br\/site\/\",\"name\":\"PORTAL DE NOT\u00cdCIAS CLEITON PINHEIRO\",\"description\":\"FALANDO A VERDADE\",\"publisher\":{\"@id\":\"https:\/\/cleitonpinheiro.com.br\/site\/#organization\"},\"potentialAction\":[{\"@type\":\"SearchAction\",\"target\":{\"@type\":\"EntryPoint\",\"urlTemplate\":\"https:\/\/cleitonpinheiro.com.br\/site\/?s={search_term_string}\"},\"query-input\":{\"@type\":\"PropertyValueSpecification\",\"valueRequired\":true,\"valueName\":\"search_term_string\"}}],\"inLanguage\":\"pt-BR\"},{\"@type\":\"Organization\",\"@id\":\"https:\/\/cleitonpinheiro.com.br\/site\/#organization\",\"name\":\"CPNOT\u00cdCIAS\",\"url\":\"https:\/\/cleitonpinheiro.com.br\/site\/\",\"logo\":{\"@type\":\"ImageObject\",\"inLanguage\":\"pt-BR\",\"@id\":\"https:\/\/cleitonpinheiro.com.br\/site\/#\/schema\/logo\/image\/\",\"url\":\"https:\/\/cleitonpinheiro.com.br\/site\/wp-content\/uploads\/2022\/08\/Logo-pequena-2.png\",\"contentUrl\":\"https:\/\/cleitonpinheiro.com.br\/site\/wp-content\/uploads\/2022\/08\/Logo-pequena-2.png\",\"width\":500,\"height\":500,\"caption\":\"CPNOT\u00cdCIAS\"},\"image\":{\"@id\":\"https:\/\/cleitonpinheiro.com.br\/site\/#\/schema\/logo\/image\/\"},\"sameAs\":[\"https:\/\/www.facebook.com\/portalcpnoticias\/\"]},{\"@type\":\"Person\",\"@id\":\"https:\/\/cleitonpinheiro.com.br\/site\/#\/schema\/person\/8f04544e0bc40a1b68775b08360f87db\",\"name\":\"Reda\u00e7\u00e3o CP\",\"image\":{\"@type\":\"ImageObject\",\"inLanguage\":\"pt-BR\",\"@id\":\"https:\/\/cleitonpinheiro.com.br\/site\/#\/schema\/person\/image\/\",\"url\":\"https:\/\/secure.gravatar.com\/avatar\/0bcf19cb29fdc8fc588c490c7ae1b3e174dac268586a63fbe1d1893a0f9020cd?s=96&r=g\",\"contentUrl\":\"https:\/\/secure.gravatar.com\/avatar\/0bcf19cb29fdc8fc588c490c7ae1b3e174dac268586a63fbe1d1893a0f9020cd?s=96&r=g\",\"caption\":\"Reda\u00e7\u00e3o CP\"},\"url\":\"https:\/\/cleitonpinheiro.com.br\/site\/author\/redacao\/\"}]}<\/script>\n<!-- \/ Yoast SEO plugin. -->","yoast_head_json":{"title":"Paulo Carneiro \u00e9 reeleito presidente da FAET para o quadri\u00eanio 2026\u20132029 - PORTAL DE NOT\u00cdCIAS CLEITON PINHEIRO","robots":{"index":"index","follow":"follow","max-snippet":"max-snippet:-1","max-image-preview":"max-image-preview:large","max-video-preview":"max-video-preview:-1"},"canonical":"https:\/\/cleitonpinheiro.com.br\/site\/paulo-carneiro-e-reeleito-presidente-da-faet-para-o-quadrienio-2026-2029\/","og_locale":"pt_BR","og_type":"article","og_title":"Paulo Carneiro \u00e9 reeleito presidente da FAET para o quadri\u00eanio 2026\u20132029 - PORTAL DE NOT\u00cdCIAS CLEITON PINHEIRO","og_description":"Por unanimidade, o presidente da Federa\u00e7\u00e3o da Agricultura e Pecu\u00e1ria do Estado do Tocantins (FAET), Paulo Carneiro, foi reconduzido ao cargo para o mandato 2026\u20132029. A elei\u00e7\u00e3o da nova diretoria e do conselho fiscal ocorreu nesta sexta-feira, 3 de outubro, na sede da entidade em Palmas. Dos 40 sindicatos rurais aptos a votar, 38 participaram [&hellip;]","og_url":"https:\/\/cleitonpinheiro.com.br\/site\/paulo-carneiro-e-reeleito-presidente-da-faet-para-o-quadrienio-2026-2029\/","og_site_name":"PORTAL DE NOT\u00cdCIAS CLEITON PINHEIRO","article_publisher":"https:\/\/www.facebook.com\/portalcpnoticias\/","article_published_time":"2025-10-04T13:38:20+00:00","article_modified_time":"2025-10-04T13:38:25+00:00","og_image":[{"width":1024,"height":768,"url":"https:\/\/cleitonpinheiro.com.br\/site\/wp-content\/uploads\/2025\/10\/IMG_5402-1024x768-1.jpeg","type":"image\/jpeg"}],"author":"Reda\u00e7\u00e3o CP","twitter_card":"summary_large_image","twitter_misc":{"Escrito por":"Reda\u00e7\u00e3o CP","Est. tempo de leitura":"3 minutos"},"schema":{"@context":"https:\/\/schema.org","@graph":[{"@type":"Article","@id":"https:\/\/cleitonpinheiro.com.br\/site\/paulo-carneiro-e-reeleito-presidente-da-faet-para-o-quadrienio-2026-2029\/#article","isPartOf":{"@id":"https:\/\/cleitonpinheiro.com.br\/site\/paulo-carneiro-e-reeleito-presidente-da-faet-para-o-quadrienio-2026-2029\/"},"author":{"name":"Reda\u00e7\u00e3o CP","@id":"https:\/\/cleitonpinheiro.com.br\/site\/#\/schema\/person\/8f04544e0bc40a1b68775b08360f87db"},"headline":"Paulo Carneiro \u00e9 reeleito presidente da FAET para o quadri\u00eanio 2026\u20132029","datePublished":"2025-10-04T13:38:20+00:00","dateModified":"2025-10-04T13:38:25+00:00","mainEntityOfPage":{"@id":"https:\/\/cleitonpinheiro.com.br\/site\/paulo-carneiro-e-reeleito-presidente-da-faet-para-o-quadrienio-2026-2029\/"},"wordCount":446,"commentCount":0,"publisher":{"@id":"https:\/\/cleitonpinheiro.com.br\/site\/#organization"},"image":{"@id":"https:\/\/cleitonpinheiro.com.br\/site\/paulo-carneiro-e-reeleito-presidente-da-faet-para-o-quadrienio-2026-2029\/#primaryimage"},"thumbnailUrl":"https:\/\/cleitonpinheiro.com.br\/site\/wp-content\/uploads\/2025\/10\/IMG_5402-1024x768-1.jpeg","articleSection":["ESTADO","MANCHETE SEGUND\u00c1RIA","TODAS NOTICIAS"],"inLanguage":"pt-BR","potentialAction":[{"@type":"CommentAction","name":"Comment","target":["https:\/\/cleitonpinheiro.com.br\/site\/paulo-carneiro-e-reeleito-presidente-da-faet-para-o-quadrienio-2026-2029\/#respond"]}]},{"@type":"WebPage","@id":"https:\/\/cleitonpinheiro.com.br\/site\/paulo-carneiro-e-reeleito-presidente-da-faet-para-o-quadrienio-2026-2029\/","url":"https:\/\/cleitonpinheiro.com.br\/site\/paulo-carneiro-e-reeleito-presidente-da-faet-para-o-quadrienio-2026-2029\/","name":"Paulo Carneiro \u00e9 reeleito presidente da FAET para o quadri\u00eanio 2026\u20132029 - PORTAL DE NOT\u00cdCIAS CLEITON PINHEIRO","isPartOf":{"@id":"https:\/\/cleitonpinheiro.com.br\/site\/#website"},"primaryImageOfPage":{"@id":"https:\/\/cleitonpinheiro.com.br\/site\/paulo-carneiro-e-reeleito-presidente-da-faet-para-o-quadrienio-2026-2029\/#primaryimage"},"image":{"@id":"https:\/\/cleitonpinheiro.com.br\/site\/paulo-carneiro-e-reeleito-presidente-da-faet-para-o-quadrienio-2026-2029\/#primaryimage"},"thumbnailUrl":"https:\/\/cleitonpinheiro.com.br\/site\/wp-content\/uploads\/2025\/10\/IMG_5402-1024x768-1.jpeg","datePublished":"2025-10-04T13:38:20+00:00","dateModified":"2025-10-04T13:38:25+00:00","breadcrumb":{"@id":"https:\/\/cleitonpinheiro.com.br\/site\/paulo-carneiro-e-reeleito-presidente-da-faet-para-o-quadrienio-2026-2029\/#breadcrumb"},"inLanguage":"pt-BR","potentialAction":[{"@type":"ReadAction","target":["https:\/\/cleitonpinheiro.com.br\/site\/paulo-carneiro-e-reeleito-presidente-da-faet-para-o-quadrienio-2026-2029\/"]}]},{"@type":"ImageObject","inLanguage":"pt-BR","@id":"https:\/\/cleitonpinheiro.com.br\/site\/paulo-carneiro-e-reeleito-presidente-da-faet-para-o-quadrienio-2026-2029\/#primaryimage","url":"https:\/\/cleitonpinheiro.com.br\/site\/wp-content\/uploads\/2025\/10\/IMG_5402-1024x768-1.jpeg","contentUrl":"https:\/\/cleitonpinheiro.com.br\/site\/wp-content\/uploads\/2025\/10\/IMG_5402-1024x768-1.jpeg","width":1024,"height":768},{"@type":"BreadcrumbList","@id":"https:\/\/cleitonpinheiro.com.br\/site\/paulo-carneiro-e-reeleito-presidente-da-faet-para-o-quadrienio-2026-2029\/#breadcrumb","itemListElement":[{"@type":"ListItem","position":1,"name":"In\u00edcio","item":"https:\/\/cleitonpinheiro.com.br\/site\/"},{"@type":"ListItem","position":2,"name":"Paulo Carneiro \u00e9 reeleito presidente da FAET para o quadri\u00eanio 2026\u20132029"}]},{"@type":"WebSite","@id":"https:\/\/cleitonpinheiro.com.br\/site\/#website","url":"https:\/\/cleitonpinheiro.com.br\/site\/","name":"PORTAL DE NOT\u00cdCIAS CLEITON PINHEIRO","description":"FALANDO A VERDADE","publisher":{"@id":"https:\/\/cleitonpinheiro.com.br\/site\/#organization"},"potentialAction":[{"@type":"SearchAction","target":{"@type":"EntryPoint","urlTemplate":"https:\/\/cleitonpinheiro.com.br\/site\/?s={search_term_string}"},"query-input":{"@type":"PropertyValueSpecification","valueRequired":true,"valueName":"search_term_string"}}],"inLanguage":"pt-BR"},{"@type":"Organization","@id":"https:\/\/cleitonpinheiro.com.br\/site\/#organization","name":"CPNOT\u00cdCIAS","url":"https:\/\/cleitonpinheiro.com.br\/site\/","logo":{"@type":"ImageObject","inLanguage":"pt-BR","@id":"https:\/\/cleitonpinheiro.com.br\/site\/#\/schema\/logo\/image\/","url":"https:\/\/cleitonpinheiro.com.br\/site\/wp-content\/uploads\/2022\/08\/Logo-pequena-2.png","contentUrl":"https:\/\/cleitonpinheiro.com.br\/site\/wp-content\/uploads\/2022\/08\/Logo-pequena-2.png","width":500,"height":500,"caption":"CPNOT\u00cdCIAS"},"image":{"@id":"https:\/\/cleitonpinheiro.com.br\/site\/#\/schema\/logo\/image\/"},"sameAs":["https:\/\/www.facebook.com\/portalcpnoticias\/"]},{"@type":"Person","@id":"https:\/\/cleitonpinheiro.com.br\/site\/#\/schema\/person\/8f04544e0bc40a1b68775b08360f87db","name":"Reda\u00e7\u00e3o CP","image":{"@type":"ImageObject","inLanguage":"pt-BR","@id":"https:\/\/cleitonpinheiro.com.br\/site\/#\/schema\/person\/image\/","url":"https:\/\/secure.gravatar.com\/avatar\/0bcf19cb29fdc8fc588c490c7ae1b3e174dac268586a63fbe1d1893a0f9020cd?s=96&r=g","contentUrl":"https:\/\/secure.gravatar.com\/avatar\/0bcf19cb29fdc8fc588c490c7ae1b3e174dac268586a63fbe1d1893a0f9020cd?s=96&r=g","caption":"Reda\u00e7\u00e3o CP"},"url":"https:\/\/cleitonpinheiro.com.br\/site\/author\/redacao\/"}]}},"views":71,"_links":{"self":[{"href":"https:\/\/cleitonpinheiro.com.br\/site\/wp-json\/wp\/v2\/posts\/87079","targetHints":{"allow":["GET"]}}],"collection":[{"href":"https:\/\/cleitonpinheiro.com.br\/site\/wp-json\/wp\/v2\/posts"}],"about":[{"href":"https:\/\/cleitonpinheiro.com.br\/site\/wp-json\/wp\/v2\/types\/post"}],"author":[{"embeddable":true,"href":"https:\/\/cleitonpinheiro.com.br\/site\/wp-json\/wp\/v2\/users\/13"}],"replies":[{"embeddable":true,"href":"https:\/\/cleitonpinheiro.com.br\/site\/wp-json\/wp\/v2\/comments?post=87079"}],"version-history":[{"count":1,"href":"https:\/\/cleitonpinheiro.com.br\/site\/wp-json\/wp\/v2\/posts\/87079\/revisions"}],"predecessor-version":[{"id":87081,"href":"https:\/\/cleitonpinheiro.com.br\/site\/wp-json\/wp\/v2\/posts\/87079\/revisions\/87081"}],"wp:featuredmedia":[{"embeddable":true,"href":"https:\/\/cleitonpinheiro.com.br\/site\/wp-json\/wp\/v2\/media\/87080"}],"wp:attachment":[{"href":"https:\/\/cleitonpinheiro.com.br\/site\/wp-json\/wp\/v2\/media?parent=87079"}],"wp:term":[{"taxonomy":"category","embeddable":true,"href":"https:\/\/cleitonpinheiro.com.br\/site\/wp-json\/wp\/v2\/categories?post=87079"},{"taxonomy":"post_tag","embeddable":true,"href":"https:\/\/cleitonpinheiro.com.br\/site\/wp-json\/wp\/v2\/tags?post=87079"}],"curies":[{"name":"wp","href":"https:\/\/api.w.org\/{rel}","templated":true}]}}