{"id":87085,"date":"2025-10-06T10:18:44","date_gmt":"2025-10-06T13:18:44","guid":{"rendered":"https:\/\/cleitonpinheiro.com.br\/site\/?p=87085"},"modified":"2025-10-11T13:05:52","modified_gmt":"2025-10-11T16:05:52","slug":"fantastico-repercute-operacao-fames-19-e-afastamento-do-governador-wanderlei-barbosa-no-aniversario-de-37-anos-do-tocantins","status":"publish","type":"post","link":"https:\/\/cleitonpinheiro.com.br\/site\/fantastico-repercute-operacao-fames-19-e-afastamento-do-governador-wanderlei-barbosa-no-aniversario-de-37-anos-do-tocantins\/","title":{"rendered":"Fant\u00e1stico repercute Opera\u00e7\u00e3o Fames 19 e afastamento do governador Wanderlei Barbosa no anivers\u00e1rio de 37 anos do Tocantins"},"content":{"rendered":"\n<figure class=\"wp-block-image size-full\"><img fetchpriority=\"high\" decoding=\"async\" width=\"760\" height=\"434\" src=\"https:\/\/cleitonpinheiro.com.br\/site\/wp-content\/uploads\/2025\/09\/wanderlei-laurez-posse.jpg\" alt=\"\" class=\"wp-image-86768\" srcset=\"https:\/\/cleitonpinheiro.com.br\/site\/wp-content\/uploads\/2025\/09\/wanderlei-laurez-posse.jpg 760w, https:\/\/cleitonpinheiro.com.br\/site\/wp-content\/uploads\/2025\/09\/wanderlei-laurez-posse-300x171.jpg 300w\" sizes=\"(max-width: 760px) 100vw, 760px\" \/><\/figure>\n\n\n\n<p>No domingo, 5 de outubro, data em que o Tocantins completou 37 anos de cria\u00e7\u00e3o, o programa Fant\u00e1stico apresentou uma reportagem de repercuss\u00e3o nacional sobre a investiga\u00e7\u00e3o em curso da Opera\u00e7\u00e3o FAMES 19, conduzida pela Pol\u00edcia Federal. O notici\u00e1rio trouxe \u00e0 tona novos detalhes do inqu\u00e9rito que envolvem diretamente o governador Wanderlei Barbosa e sua esposa, Karynne Sotero, atualmente afastados de seus cargos.<\/p>\n\n\n\n<p>Segundo o Fant\u00e1stico, a investiga\u00e7\u00e3o revela \u00e1udios gravados envolvendo o empres\u00e1rio Paulo C\u00e9sar Lustosa (PC Lustosa) e seu irm\u00e3o, utilizados para embasar suspeitas de corrup\u00e7\u00e3o, desvio de recursos p\u00fablicos e lavagem de dinheiro. De acordo com os dados obtidos pela Pol\u00edcia Federal, somente nas fraudes relacionadas \u00e0s cestas b\u00e1sicas, o esquema pode ter desviado cerca de R$ 73 milh\u00f5es.<\/p>\n\n\n\n<p>Com o avan\u00e7o das investiga\u00e7\u00f5es, o governador Wanderlei Barbosa foi afastado temporariamente do cargo por 180 dias, para que o processo investigat\u00f3rio possa seguir sem interfer\u00eancias. Em nota, sua defesa afirma que ele jamais participou de qualquer esquema il\u00edcito e ressalta que, na \u00e9poca em que os supostos desvios ocorreram, ele exercia a fun\u00e7\u00e3o de vice-governador e n\u00e3o tinha autoridade para ordenar despesas. Os advogados alegam ainda que o tr\u00e2mite judicial poder\u00e1 p\u00f4r fim \u00e0s \u201cinsinua\u00e7\u00f5es infundadas\u201d.<\/p>\n\n\n\n<p>O Partido Republicanos, por sua vez, manifestou confian\u00e7a de que ser\u00e1 garantido o direito \u00e0 ampla defesa, e que Wanderlei ter\u00e1 oportunidade de provar sua inoc\u00eancia.<\/p>\n\n\n\n<p>Em rela\u00e7\u00e3o a Karynne Sotero, ela afirma n\u00e3o ter qualquer envolvimento nos fatos investigados, sustentando que atuou como primeira-dama e secret\u00e1ria desde 2023. Tamb\u00e9m informou que n\u00e3o tem v\u00ednculo com o empres\u00e1rio Paulo C\u00e9sar Lustosa desde 2017.<\/p>\n","protected":false},"excerpt":{"rendered":"<p>No domingo, 5 de outubro, data em que o Tocantins completou 37 anos de cria\u00e7\u00e3o, o programa Fant\u00e1stico apresentou uma reportagem de repercuss\u00e3o nacional sobre a investiga\u00e7\u00e3o em curso da Opera\u00e7\u00e3o FAMES 19, conduzida pela Pol\u00edcia Federal. O notici\u00e1rio trouxe \u00e0 tona novos detalhes do inqu\u00e9rito que envolvem diretamente o governador Wanderlei Barbosa e sua [&hellip;]<\/p>\n","protected":false},"author":13,"featured_media":86768,"comment_status":"open","ping_status":"open","sticky":false,"template":"","format":"standard","meta":{"_acf_changed":false,"footnotes":""},"categories":[898,23,21],"tags":[],"class_list":["post-87085","post","type-post","status-publish","format-standard","has-post-thumbnail","hentry","category-manchete-segundaria","category-politica","category-todas-noticias"],"acf":[],"yoast_head":"<!-- This site is optimized with the Yoast SEO plugin v24.4 - https:\/\/yoast.com\/wordpress\/plugins\/seo\/ -->\n<title>Fant\u00e1stico repercute Opera\u00e7\u00e3o Fames 19 e afastamento do governador Wanderlei Barbosa no anivers\u00e1rio de 37 anos do Tocantins - PORTAL DE NOT\u00cdCIAS CLEITON PINHEIRO<\/title>\n<meta name=\"robots\" content=\"index, follow, max-snippet:-1, max-image-preview:large, max-video-preview:-1\" \/>\n<link rel=\"canonical\" href=\"https:\/\/cleitonpinheiro.com.br\/site\/fantastico-repercute-operacao-fames-19-e-afastamento-do-governador-wanderlei-barbosa-no-aniversario-de-37-anos-do-tocantins\/\" \/>\n<meta property=\"og:locale\" content=\"pt_BR\" \/>\n<meta property=\"og:type\" content=\"article\" \/>\n<meta property=\"og:title\" content=\"Fant\u00e1stico repercute Opera\u00e7\u00e3o Fames 19 e afastamento do governador Wanderlei Barbosa no anivers\u00e1rio de 37 anos do Tocantins - PORTAL DE NOT\u00cdCIAS CLEITON PINHEIRO\" \/>\n<meta property=\"og:description\" content=\"No domingo, 5 de outubro, data em que o Tocantins completou 37 anos de cria\u00e7\u00e3o, o programa Fant\u00e1stico apresentou uma reportagem de repercuss\u00e3o nacional sobre a investiga\u00e7\u00e3o em curso da Opera\u00e7\u00e3o FAMES 19, conduzida pela Pol\u00edcia Federal. O notici\u00e1rio trouxe \u00e0 tona novos detalhes do inqu\u00e9rito que envolvem diretamente o governador Wanderlei Barbosa e sua [&hellip;]\" \/>\n<meta property=\"og:url\" content=\"https:\/\/cleitonpinheiro.com.br\/site\/fantastico-repercute-operacao-fames-19-e-afastamento-do-governador-wanderlei-barbosa-no-aniversario-de-37-anos-do-tocantins\/\" \/>\n<meta property=\"og:site_name\" content=\"PORTAL DE NOT\u00cdCIAS CLEITON PINHEIRO\" \/>\n<meta property=\"article:publisher\" content=\"https:\/\/www.facebook.com\/portalcpnoticias\/\" \/>\n<meta property=\"article:published_time\" content=\"2025-10-06T13:18:44+00:00\" \/>\n<meta property=\"article:modified_time\" content=\"2025-10-11T16:05:52+00:00\" \/>\n<meta property=\"og:image\" content=\"https:\/\/cleitonpinheiro.com.br\/site\/wp-content\/uploads\/2025\/09\/wanderlei-laurez-posse.jpg\" \/>\n\t<meta property=\"og:image:width\" content=\"760\" \/>\n\t<meta property=\"og:image:height\" content=\"434\" \/>\n\t<meta property=\"og:image:type\" content=\"image\/jpeg\" \/>\n<meta name=\"author\" content=\"Reda\u00e7\u00e3o CP\" \/>\n<meta name=\"twitter:card\" content=\"summary_large_image\" \/>\n<meta name=\"twitter:label1\" content=\"Escrito por\" \/>\n\t<meta name=\"twitter:data1\" content=\"Reda\u00e7\u00e3o CP\" \/>\n\t<meta name=\"twitter:label2\" content=\"Est. tempo de leitura\" \/>\n\t<meta name=\"twitter:data2\" content=\"2 minutos\" \/>\n<script type=\"application\/ld+json\" class=\"yoast-schema-graph\">{\"@context\":\"https:\/\/schema.org\",\"@graph\":[{\"@type\":\"Article\",\"@id\":\"https:\/\/cleitonpinheiro.com.br\/site\/fantastico-repercute-operacao-fames-19-e-afastamento-do-governador-wanderlei-barbosa-no-aniversario-de-37-anos-do-tocantins\/#article\",\"isPartOf\":{\"@id\":\"https:\/\/cleitonpinheiro.com.br\/site\/fantastico-repercute-operacao-fames-19-e-afastamento-do-governador-wanderlei-barbosa-no-aniversario-de-37-anos-do-tocantins\/\"},\"author\":{\"name\":\"Reda\u00e7\u00e3o CP\",\"@id\":\"https:\/\/cleitonpinheiro.com.br\/site\/#\/schema\/person\/8f04544e0bc40a1b68775b08360f87db\"},\"headline\":\"Fant\u00e1stico repercute Opera\u00e7\u00e3o Fames 19 e afastamento do governador Wanderlei Barbosa no anivers\u00e1rio de 37 anos do Tocantins\",\"datePublished\":\"2025-10-06T13:18:44+00:00\",\"dateModified\":\"2025-10-11T16:05:52+00:00\",\"mainEntityOfPage\":{\"@id\":\"https:\/\/cleitonpinheiro.com.br\/site\/fantastico-repercute-operacao-fames-19-e-afastamento-do-governador-wanderlei-barbosa-no-aniversario-de-37-anos-do-tocantins\/\"},\"wordCount\":310,\"commentCount\":0,\"publisher\":{\"@id\":\"https:\/\/cleitonpinheiro.com.br\/site\/#organization\"},\"image\":{\"@id\":\"https:\/\/cleitonpinheiro.com.br\/site\/fantastico-repercute-operacao-fames-19-e-afastamento-do-governador-wanderlei-barbosa-no-aniversario-de-37-anos-do-tocantins\/#primaryimage\"},\"thumbnailUrl\":\"https:\/\/cleitonpinheiro.com.br\/site\/wp-content\/uploads\/2025\/09\/wanderlei-laurez-posse.jpg\",\"articleSection\":[\"MANCHETE SEGUND\u00c1RIA\",\"POL\u00cdTICA\",\"TODAS NOTICIAS\"],\"inLanguage\":\"pt-BR\",\"potentialAction\":[{\"@type\":\"CommentAction\",\"name\":\"Comment\",\"target\":[\"https:\/\/cleitonpinheiro.com.br\/site\/fantastico-repercute-operacao-fames-19-e-afastamento-do-governador-wanderlei-barbosa-no-aniversario-de-37-anos-do-tocantins\/#respond\"]}]},{\"@type\":\"WebPage\",\"@id\":\"https:\/\/cleitonpinheiro.com.br\/site\/fantastico-repercute-operacao-fames-19-e-afastamento-do-governador-wanderlei-barbosa-no-aniversario-de-37-anos-do-tocantins\/\",\"url\":\"https:\/\/cleitonpinheiro.com.br\/site\/fantastico-repercute-operacao-fames-19-e-afastamento-do-governador-wanderlei-barbosa-no-aniversario-de-37-anos-do-tocantins\/\",\"name\":\"Fant\u00e1stico repercute Opera\u00e7\u00e3o Fames 19 e afastamento do governador Wanderlei Barbosa no anivers\u00e1rio de 37 anos do Tocantins - PORTAL DE NOT\u00cdCIAS CLEITON PINHEIRO\",\"isPartOf\":{\"@id\":\"https:\/\/cleitonpinheiro.com.br\/site\/#website\"},\"primaryImageOfPage\":{\"@id\":\"https:\/\/cleitonpinheiro.com.br\/site\/fantastico-repercute-operacao-fames-19-e-afastamento-do-governador-wanderlei-barbosa-no-aniversario-de-37-anos-do-tocantins\/#primaryimage\"},\"image\":{\"@id\":\"https:\/\/cleitonpinheiro.com.br\/site\/fantastico-repercute-operacao-fames-19-e-afastamento-do-governador-wanderlei-barbosa-no-aniversario-de-37-anos-do-tocantins\/#primaryimage\"},\"thumbnailUrl\":\"https:\/\/cleitonpinheiro.com.br\/site\/wp-content\/uploads\/2025\/09\/wanderlei-laurez-posse.jpg\",\"datePublished\":\"2025-10-06T13:18:44+00:00\",\"dateModified\":\"2025-10-11T16:05:52+00:00\",\"breadcrumb\":{\"@id\":\"https:\/\/cleitonpinheiro.com.br\/site\/fantastico-repercute-operacao-fames-19-e-afastamento-do-governador-wanderlei-barbosa-no-aniversario-de-37-anos-do-tocantins\/#breadcrumb\"},\"inLanguage\":\"pt-BR\",\"potentialAction\":[{\"@type\":\"ReadAction\",\"target\":[\"https:\/\/cleitonpinheiro.com.br\/site\/fantastico-repercute-operacao-fames-19-e-afastamento-do-governador-wanderlei-barbosa-no-aniversario-de-37-anos-do-tocantins\/\"]}]},{\"@type\":\"ImageObject\",\"inLanguage\":\"pt-BR\",\"@id\":\"https:\/\/cleitonpinheiro.com.br\/site\/fantastico-repercute-operacao-fames-19-e-afastamento-do-governador-wanderlei-barbosa-no-aniversario-de-37-anos-do-tocantins\/#primaryimage\",\"url\":\"https:\/\/cleitonpinheiro.com.br\/site\/wp-content\/uploads\/2025\/09\/wanderlei-laurez-posse.jpg\",\"contentUrl\":\"https:\/\/cleitonpinheiro.com.br\/site\/wp-content\/uploads\/2025\/09\/wanderlei-laurez-posse.jpg\",\"width\":760,\"height\":434},{\"@type\":\"BreadcrumbList\",\"@id\":\"https:\/\/cleitonpinheiro.com.br\/site\/fantastico-repercute-operacao-fames-19-e-afastamento-do-governador-wanderlei-barbosa-no-aniversario-de-37-anos-do-tocantins\/#breadcrumb\",\"itemListElement\":[{\"@type\":\"ListItem\",\"position\":1,\"name\":\"In\u00edcio\",\"item\":\"https:\/\/cleitonpinheiro.com.br\/site\/\"},{\"@type\":\"ListItem\",\"position\":2,\"name\":\"Fant\u00e1stico repercute Opera\u00e7\u00e3o Fames 19 e afastamento do governador Wanderlei Barbosa no anivers\u00e1rio de 37 anos do Tocantins\"}]},{\"@type\":\"WebSite\",\"@id\":\"https:\/\/cleitonpinheiro.com.br\/site\/#website\",\"url\":\"https:\/\/cleitonpinheiro.com.br\/site\/\",\"name\":\"PORTAL DE NOT\u00cdCIAS CLEITON PINHEIRO\",\"description\":\"FALANDO A VERDADE\",\"publisher\":{\"@id\":\"https:\/\/cleitonpinheiro.com.br\/site\/#organization\"},\"potentialAction\":[{\"@type\":\"SearchAction\",\"target\":{\"@type\":\"EntryPoint\",\"urlTemplate\":\"https:\/\/cleitonpinheiro.com.br\/site\/?s={search_term_string}\"},\"query-input\":{\"@type\":\"PropertyValueSpecification\",\"valueRequired\":true,\"valueName\":\"search_term_string\"}}],\"inLanguage\":\"pt-BR\"},{\"@type\":\"Organization\",\"@id\":\"https:\/\/cleitonpinheiro.com.br\/site\/#organization\",\"name\":\"CPNOT\u00cdCIAS\",\"url\":\"https:\/\/cleitonpinheiro.com.br\/site\/\",\"logo\":{\"@type\":\"ImageObject\",\"inLanguage\":\"pt-BR\",\"@id\":\"https:\/\/cleitonpinheiro.com.br\/site\/#\/schema\/logo\/image\/\",\"url\":\"https:\/\/cleitonpinheiro.com.br\/site\/wp-content\/uploads\/2022\/08\/Logo-pequena-2.png\",\"contentUrl\":\"https:\/\/cleitonpinheiro.com.br\/site\/wp-content\/uploads\/2022\/08\/Logo-pequena-2.png\",\"width\":500,\"height\":500,\"caption\":\"CPNOT\u00cdCIAS\"},\"image\":{\"@id\":\"https:\/\/cleitonpinheiro.com.br\/site\/#\/schema\/logo\/image\/\"},\"sameAs\":[\"https:\/\/www.facebook.com\/portalcpnoticias\/\"]},{\"@type\":\"Person\",\"@id\":\"https:\/\/cleitonpinheiro.com.br\/site\/#\/schema\/person\/8f04544e0bc40a1b68775b08360f87db\",\"name\":\"Reda\u00e7\u00e3o CP\",\"image\":{\"@type\":\"ImageObject\",\"inLanguage\":\"pt-BR\",\"@id\":\"https:\/\/cleitonpinheiro.com.br\/site\/#\/schema\/person\/image\/\",\"url\":\"https:\/\/secure.gravatar.com\/avatar\/0bcf19cb29fdc8fc588c490c7ae1b3e174dac268586a63fbe1d1893a0f9020cd?s=96&r=g\",\"contentUrl\":\"https:\/\/secure.gravatar.com\/avatar\/0bcf19cb29fdc8fc588c490c7ae1b3e174dac268586a63fbe1d1893a0f9020cd?s=96&r=g\",\"caption\":\"Reda\u00e7\u00e3o CP\"},\"url\":\"https:\/\/cleitonpinheiro.com.br\/site\/author\/redacao\/\"}]}<\/script>\n<!-- \/ Yoast SEO plugin. -->","yoast_head_json":{"title":"Fant\u00e1stico repercute Opera\u00e7\u00e3o Fames 19 e afastamento do governador Wanderlei Barbosa no anivers\u00e1rio de 37 anos do Tocantins - PORTAL DE NOT\u00cdCIAS CLEITON PINHEIRO","robots":{"index":"index","follow":"follow","max-snippet":"max-snippet:-1","max-image-preview":"max-image-preview:large","max-video-preview":"max-video-preview:-1"},"canonical":"https:\/\/cleitonpinheiro.com.br\/site\/fantastico-repercute-operacao-fames-19-e-afastamento-do-governador-wanderlei-barbosa-no-aniversario-de-37-anos-do-tocantins\/","og_locale":"pt_BR","og_type":"article","og_title":"Fant\u00e1stico repercute Opera\u00e7\u00e3o Fames 19 e afastamento do governador Wanderlei Barbosa no anivers\u00e1rio de 37 anos do Tocantins - PORTAL DE NOT\u00cdCIAS CLEITON PINHEIRO","og_description":"No domingo, 5 de outubro, data em que o Tocantins completou 37 anos de cria\u00e7\u00e3o, o programa Fant\u00e1stico apresentou uma reportagem de repercuss\u00e3o nacional sobre a investiga\u00e7\u00e3o em curso da Opera\u00e7\u00e3o FAMES 19, conduzida pela Pol\u00edcia Federal. O notici\u00e1rio trouxe \u00e0 tona novos detalhes do inqu\u00e9rito que envolvem diretamente o governador Wanderlei Barbosa e sua [&hellip;]","og_url":"https:\/\/cleitonpinheiro.com.br\/site\/fantastico-repercute-operacao-fames-19-e-afastamento-do-governador-wanderlei-barbosa-no-aniversario-de-37-anos-do-tocantins\/","og_site_name":"PORTAL DE NOT\u00cdCIAS CLEITON PINHEIRO","article_publisher":"https:\/\/www.facebook.com\/portalcpnoticias\/","article_published_time":"2025-10-06T13:18:44+00:00","article_modified_time":"2025-10-11T16:05:52+00:00","og_image":[{"width":760,"height":434,"url":"https:\/\/cleitonpinheiro.com.br\/site\/wp-content\/uploads\/2025\/09\/wanderlei-laurez-posse.jpg","type":"image\/jpeg"}],"author":"Reda\u00e7\u00e3o CP","twitter_card":"summary_large_image","twitter_misc":{"Escrito por":"Reda\u00e7\u00e3o CP","Est. tempo de leitura":"2 minutos"},"schema":{"@context":"https:\/\/schema.org","@graph":[{"@type":"Article","@id":"https:\/\/cleitonpinheiro.com.br\/site\/fantastico-repercute-operacao-fames-19-e-afastamento-do-governador-wanderlei-barbosa-no-aniversario-de-37-anos-do-tocantins\/#article","isPartOf":{"@id":"https:\/\/cleitonpinheiro.com.br\/site\/fantastico-repercute-operacao-fames-19-e-afastamento-do-governador-wanderlei-barbosa-no-aniversario-de-37-anos-do-tocantins\/"},"author":{"name":"Reda\u00e7\u00e3o CP","@id":"https:\/\/cleitonpinheiro.com.br\/site\/#\/schema\/person\/8f04544e0bc40a1b68775b08360f87db"},"headline":"Fant\u00e1stico repercute Opera\u00e7\u00e3o Fames 19 e afastamento do governador Wanderlei Barbosa no anivers\u00e1rio de 37 anos do Tocantins","datePublished":"2025-10-06T13:18:44+00:00","dateModified":"2025-10-11T16:05:52+00:00","mainEntityOfPage":{"@id":"https:\/\/cleitonpinheiro.com.br\/site\/fantastico-repercute-operacao-fames-19-e-afastamento-do-governador-wanderlei-barbosa-no-aniversario-de-37-anos-do-tocantins\/"},"wordCount":310,"commentCount":0,"publisher":{"@id":"https:\/\/cleitonpinheiro.com.br\/site\/#organization"},"image":{"@id":"https:\/\/cleitonpinheiro.com.br\/site\/fantastico-repercute-operacao-fames-19-e-afastamento-do-governador-wanderlei-barbosa-no-aniversario-de-37-anos-do-tocantins\/#primaryimage"},"thumbnailUrl":"https:\/\/cleitonpinheiro.com.br\/site\/wp-content\/uploads\/2025\/09\/wanderlei-laurez-posse.jpg","articleSection":["MANCHETE SEGUND\u00c1RIA","POL\u00cdTICA","TODAS NOTICIAS"],"inLanguage":"pt-BR","potentialAction":[{"@type":"CommentAction","name":"Comment","target":["https:\/\/cleitonpinheiro.com.br\/site\/fantastico-repercute-operacao-fames-19-e-afastamento-do-governador-wanderlei-barbosa-no-aniversario-de-37-anos-do-tocantins\/#respond"]}]},{"@type":"WebPage","@id":"https:\/\/cleitonpinheiro.com.br\/site\/fantastico-repercute-operacao-fames-19-e-afastamento-do-governador-wanderlei-barbosa-no-aniversario-de-37-anos-do-tocantins\/","url":"https:\/\/cleitonpinheiro.com.br\/site\/fantastico-repercute-operacao-fames-19-e-afastamento-do-governador-wanderlei-barbosa-no-aniversario-de-37-anos-do-tocantins\/","name":"Fant\u00e1stico repercute Opera\u00e7\u00e3o Fames 19 e afastamento do governador Wanderlei Barbosa no anivers\u00e1rio de 37 anos do Tocantins - PORTAL DE NOT\u00cdCIAS CLEITON PINHEIRO","isPartOf":{"@id":"https:\/\/cleitonpinheiro.com.br\/site\/#website"},"primaryImageOfPage":{"@id":"https:\/\/cleitonpinheiro.com.br\/site\/fantastico-repercute-operacao-fames-19-e-afastamento-do-governador-wanderlei-barbosa-no-aniversario-de-37-anos-do-tocantins\/#primaryimage"},"image":{"@id":"https:\/\/cleitonpinheiro.com.br\/site\/fantastico-repercute-operacao-fames-19-e-afastamento-do-governador-wanderlei-barbosa-no-aniversario-de-37-anos-do-tocantins\/#primaryimage"},"thumbnailUrl":"https:\/\/cleitonpinheiro.com.br\/site\/wp-content\/uploads\/2025\/09\/wanderlei-laurez-posse.jpg","datePublished":"2025-10-06T13:18:44+00:00","dateModified":"2025-10-11T16:05:52+00:00","breadcrumb":{"@id":"https:\/\/cleitonpinheiro.com.br\/site\/fantastico-repercute-operacao-fames-19-e-afastamento-do-governador-wanderlei-barbosa-no-aniversario-de-37-anos-do-tocantins\/#breadcrumb"},"inLanguage":"pt-BR","potentialAction":[{"@type":"ReadAction","target":["https:\/\/cleitonpinheiro.com.br\/site\/fantastico-repercute-operacao-fames-19-e-afastamento-do-governador-wanderlei-barbosa-no-aniversario-de-37-anos-do-tocantins\/"]}]},{"@type":"ImageObject","inLanguage":"pt-BR","@id":"https:\/\/cleitonpinheiro.com.br\/site\/fantastico-repercute-operacao-fames-19-e-afastamento-do-governador-wanderlei-barbosa-no-aniversario-de-37-anos-do-tocantins\/#primaryimage","url":"https:\/\/cleitonpinheiro.com.br\/site\/wp-content\/uploads\/2025\/09\/wanderlei-laurez-posse.jpg","contentUrl":"https:\/\/cleitonpinheiro.com.br\/site\/wp-content\/uploads\/2025\/09\/wanderlei-laurez-posse.jpg","width":760,"height":434},{"@type":"BreadcrumbList","@id":"https:\/\/cleitonpinheiro.com.br\/site\/fantastico-repercute-operacao-fames-19-e-afastamento-do-governador-wanderlei-barbosa-no-aniversario-de-37-anos-do-tocantins\/#breadcrumb","itemListElement":[{"@type":"ListItem","position":1,"name":"In\u00edcio","item":"https:\/\/cleitonpinheiro.com.br\/site\/"},{"@type":"ListItem","position":2,"name":"Fant\u00e1stico repercute Opera\u00e7\u00e3o Fames 19 e afastamento do governador Wanderlei Barbosa no anivers\u00e1rio de 37 anos do Tocantins"}]},{"@type":"WebSite","@id":"https:\/\/cleitonpinheiro.com.br\/site\/#website","url":"https:\/\/cleitonpinheiro.com.br\/site\/","name":"PORTAL DE NOT\u00cdCIAS CLEITON PINHEIRO","description":"FALANDO A VERDADE","publisher":{"@id":"https:\/\/cleitonpinheiro.com.br\/site\/#organization"},"potentialAction":[{"@type":"SearchAction","target":{"@type":"EntryPoint","urlTemplate":"https:\/\/cleitonpinheiro.com.br\/site\/?s={search_term_string}"},"query-input":{"@type":"PropertyValueSpecification","valueRequired":true,"valueName":"search_term_string"}}],"inLanguage":"pt-BR"},{"@type":"Organization","@id":"https:\/\/cleitonpinheiro.com.br\/site\/#organization","name":"CPNOT\u00cdCIAS","url":"https:\/\/cleitonpinheiro.com.br\/site\/","logo":{"@type":"ImageObject","inLanguage":"pt-BR","@id":"https:\/\/cleitonpinheiro.com.br\/site\/#\/schema\/logo\/image\/","url":"https:\/\/cleitonpinheiro.com.br\/site\/wp-content\/uploads\/2022\/08\/Logo-pequena-2.png","contentUrl":"https:\/\/cleitonpinheiro.com.br\/site\/wp-content\/uploads\/2022\/08\/Logo-pequena-2.png","width":500,"height":500,"caption":"CPNOT\u00cdCIAS"},"image":{"@id":"https:\/\/cleitonpinheiro.com.br\/site\/#\/schema\/logo\/image\/"},"sameAs":["https:\/\/www.facebook.com\/portalcpnoticias\/"]},{"@type":"Person","@id":"https:\/\/cleitonpinheiro.com.br\/site\/#\/schema\/person\/8f04544e0bc40a1b68775b08360f87db","name":"Reda\u00e7\u00e3o CP","image":{"@type":"ImageObject","inLanguage":"pt-BR","@id":"https:\/\/cleitonpinheiro.com.br\/site\/#\/schema\/person\/image\/","url":"https:\/\/secure.gravatar.com\/avatar\/0bcf19cb29fdc8fc588c490c7ae1b3e174dac268586a63fbe1d1893a0f9020cd?s=96&r=g","contentUrl":"https:\/\/secure.gravatar.com\/avatar\/0bcf19cb29fdc8fc588c490c7ae1b3e174dac268586a63fbe1d1893a0f9020cd?s=96&r=g","caption":"Reda\u00e7\u00e3o CP"},"url":"https:\/\/cleitonpinheiro.com.br\/site\/author\/redacao\/"}]}},"views":96,"_links":{"self":[{"href":"https:\/\/cleitonpinheiro.com.br\/site\/wp-json\/wp\/v2\/posts\/87085","targetHints":{"allow":["GET"]}}],"collection":[{"href":"https:\/\/cleitonpinheiro.com.br\/site\/wp-json\/wp\/v2\/posts"}],"about":[{"href":"https:\/\/cleitonpinheiro.com.br\/site\/wp-json\/wp\/v2\/types\/post"}],"author":[{"embeddable":true,"href":"https:\/\/cleitonpinheiro.com.br\/site\/wp-json\/wp\/v2\/users\/13"}],"replies":[{"embeddable":true,"href":"https:\/\/cleitonpinheiro.com.br\/site\/wp-json\/wp\/v2\/comments?post=87085"}],"version-history":[{"count":1,"href":"https:\/\/cleitonpinheiro.com.br\/site\/wp-json\/wp\/v2\/posts\/87085\/revisions"}],"predecessor-version":[{"id":87086,"href":"https:\/\/cleitonpinheiro.com.br\/site\/wp-json\/wp\/v2\/posts\/87085\/revisions\/87086"}],"wp:featuredmedia":[{"embeddable":true,"href":"https:\/\/cleitonpinheiro.com.br\/site\/wp-json\/wp\/v2\/media\/86768"}],"wp:attachment":[{"href":"https:\/\/cleitonpinheiro.com.br\/site\/wp-json\/wp\/v2\/media?parent=87085"}],"wp:term":[{"taxonomy":"category","embeddable":true,"href":"https:\/\/cleitonpinheiro.com.br\/site\/wp-json\/wp\/v2\/categories?post=87085"},{"taxonomy":"post_tag","embeddable":true,"href":"https:\/\/cleitonpinheiro.com.br\/site\/wp-json\/wp\/v2\/tags?post=87085"}],"curies":[{"name":"wp","href":"https:\/\/api.w.org\/{rel}","templated":true}]}}