{"id":87101,"date":"2025-10-08T14:22:16","date_gmt":"2025-10-08T17:22:16","guid":{"rendered":"https:\/\/cleitonpinheiro.com.br\/site\/?p=87101"},"modified":"2025-10-08T14:22:23","modified_gmt":"2025-10-08T17:22:23","slug":"prefeitura-de-palmas-intensifica-limpeza-urbana-com-a-operacao-limpa-tudo","status":"publish","type":"post","link":"https:\/\/cleitonpinheiro.com.br\/site\/prefeitura-de-palmas-intensifica-limpeza-urbana-com-a-operacao-limpa-tudo\/","title":{"rendered":"Prefeitura de Palmas intensifica limpeza urbana com a Opera\u00e7\u00e3o Limpa Tudo"},"content":{"rendered":"\n<figure class=\"wp-block-image size-large\"><img fetchpriority=\"high\" decoding=\"async\" width=\"1024\" height=\"683\" src=\"https:\/\/cleitonpinheiro.com.br\/site\/wp-content\/uploads\/2025\/10\/162A5905-2048x1365-1-1024x683.jpg\" alt=\"\" class=\"wp-image-87102\" srcset=\"https:\/\/cleitonpinheiro.com.br\/site\/wp-content\/uploads\/2025\/10\/162A5905-2048x1365-1-1024x683.jpg 1024w, https:\/\/cleitonpinheiro.com.br\/site\/wp-content\/uploads\/2025\/10\/162A5905-2048x1365-1-300x200.jpg 300w, https:\/\/cleitonpinheiro.com.br\/site\/wp-content\/uploads\/2025\/10\/162A5905-2048x1365-1-768x512.jpg 768w, https:\/\/cleitonpinheiro.com.br\/site\/wp-content\/uploads\/2025\/10\/162A5905-2048x1365-1-1536x1024.jpg 1536w, https:\/\/cleitonpinheiro.com.br\/site\/wp-content\/uploads\/2025\/10\/162A5905-2048x1365-1.jpg 2048w\" sizes=\"(max-width: 1024px) 100vw, 1024px\" \/><figcaption class=\"wp-element-caption\">Foto: Junior Suzuki<\/figcaption><\/figure>\n\n\n\n<p>A Prefeitura de Palmas realiza nesta ter\u00e7a-feira, 8, a Opera\u00e7\u00e3o Limpa Tudo, Zeladoria, uma grande a\u00e7\u00e3o de limpeza urbana que re\u00fane todas as frentes de trabalho da Secretaria Municipal de Zeladoria Urbana. As equipes iniciaram os servi\u00e7os na Avenida NS-4 com a Avenida LO-29 e, ao longo dos pr\u00f3ximos dias, os trabalhos seguir\u00e3o por toda a cidade, com prioridade para as vias de maior fluxo de pedestres e ve\u00edculos. A opera\u00e7\u00e3o n\u00e3o tem prazo determinado para conclus\u00e3o e ser\u00e1 estendida conforme a necessidade de cada regi\u00e3o.<\/p>\n\n\n\n<p>A a\u00e7\u00e3o envolve a execu\u00e7\u00e3o de servi\u00e7os como varri\u00e7\u00e3o, ro\u00e7agem, retirada de entulhos e galhadas, capina, pintura de meio-fio e manuten\u00e7\u00e3o de canteiros e pra\u00e7as. A mobiliza\u00e7\u00e3o das equipes busca garantir mais limpeza, organiza\u00e7\u00e3o e seguran\u00e7a nos espa\u00e7os p\u00fablicos, promovendo uma cidade mais agrad\u00e1vel para moradores e visitantes. Al\u00e9m de melhorar a apar\u00eancia urbana, a iniciativa tem um papel essencial na preven\u00e7\u00e3o de alagamentos e prolifera\u00e7\u00e3o de doen\u00e7as, especialmente com a chegada do per\u00edodo de chuvas.<\/p>\n\n\n\n<p>Segundo a secret\u00e1ria interina de Zeladoria Urbana, Bianca Logrado, a for\u00e7a-tarefa refor\u00e7a o compromisso da gest\u00e3o municipal com o bem-estar da popula\u00e7\u00e3o. \u201cA a\u00e7\u00e3o \u00e9 fruto do compromisso da gest\u00e3o do prefeito Eduardo Siqueira com a nossa cidade. Deixar Palmas mais limpa e organizada para a popula\u00e7\u00e3o \u00e9 o que nos enche de orgulho e satisfa\u00e7\u00e3o\u201d, destacou.<\/p>\n\n\n\n<p>Com a Opera\u00e7\u00e3o Limpa Tudo, Zeladoria, a Prefeitura de Palmas intensifica as a\u00e7\u00f5es de cuidado com os espa\u00e7os p\u00fablicos e demonstra a import\u00e2ncia do trabalho integrado entre as equipes. O objetivo \u00e9 manter a cidade preparada para o per\u00edodo chuvoso, garantindo melhor escoamento das \u00e1guas pluviais, al\u00e9m de refor\u00e7ar o sentimento de pertencimento e valoriza\u00e7\u00e3o do ambiente urbano entre os palmenses.<\/p>\n","protected":false},"excerpt":{"rendered":"<p>A Prefeitura de Palmas realiza nesta ter\u00e7a-feira, 8, a Opera\u00e7\u00e3o Limpa Tudo, Zeladoria, uma grande a\u00e7\u00e3o de limpeza urbana que re\u00fane todas as frentes de trabalho da Secretaria Municipal de Zeladoria Urbana. As equipes iniciaram os servi\u00e7os na Avenida NS-4 com a Avenida LO-29 e, ao longo dos pr\u00f3ximos dias, os trabalhos seguir\u00e3o por toda [&hellip;]<\/p>\n","protected":false},"author":13,"featured_media":87102,"comment_status":"open","ping_status":"open","sticky":false,"template":"","format":"standard","meta":{"_acf_changed":false,"footnotes":""},"categories":[22,898,21],"tags":[],"class_list":["post-87101","post","type-post","status-publish","format-standard","has-post-thumbnail","hentry","category-cidades","category-manchete-segundaria","category-todas-noticias"],"acf":[],"yoast_head":"<!-- This site is optimized with the Yoast SEO plugin v24.4 - https:\/\/yoast.com\/wordpress\/plugins\/seo\/ -->\n<title>Prefeitura de Palmas intensifica limpeza urbana com a Opera\u00e7\u00e3o Limpa Tudo - PORTAL DE NOT\u00cdCIAS CLEITON PINHEIRO<\/title>\n<meta name=\"robots\" content=\"index, follow, max-snippet:-1, max-image-preview:large, max-video-preview:-1\" \/>\n<link rel=\"canonical\" href=\"https:\/\/cleitonpinheiro.com.br\/site\/prefeitura-de-palmas-intensifica-limpeza-urbana-com-a-operacao-limpa-tudo\/\" \/>\n<meta property=\"og:locale\" content=\"pt_BR\" \/>\n<meta property=\"og:type\" content=\"article\" \/>\n<meta property=\"og:title\" content=\"Prefeitura de Palmas intensifica limpeza urbana com a Opera\u00e7\u00e3o Limpa Tudo - PORTAL DE NOT\u00cdCIAS CLEITON PINHEIRO\" \/>\n<meta property=\"og:description\" content=\"A Prefeitura de Palmas realiza nesta ter\u00e7a-feira, 8, a Opera\u00e7\u00e3o Limpa Tudo, Zeladoria, uma grande a\u00e7\u00e3o de limpeza urbana que re\u00fane todas as frentes de trabalho da Secretaria Municipal de Zeladoria Urbana. As equipes iniciaram os servi\u00e7os na Avenida NS-4 com a Avenida LO-29 e, ao longo dos pr\u00f3ximos dias, os trabalhos seguir\u00e3o por toda [&hellip;]\" \/>\n<meta property=\"og:url\" content=\"https:\/\/cleitonpinheiro.com.br\/site\/prefeitura-de-palmas-intensifica-limpeza-urbana-com-a-operacao-limpa-tudo\/\" \/>\n<meta property=\"og:site_name\" content=\"PORTAL DE NOT\u00cdCIAS CLEITON PINHEIRO\" \/>\n<meta property=\"article:publisher\" content=\"https:\/\/www.facebook.com\/portalcpnoticias\/\" \/>\n<meta property=\"article:published_time\" content=\"2025-10-08T17:22:16+00:00\" \/>\n<meta property=\"article:modified_time\" content=\"2025-10-08T17:22:23+00:00\" \/>\n<meta property=\"og:image\" content=\"https:\/\/cleitonpinheiro.com.br\/site\/wp-content\/uploads\/2025\/10\/162A5905-2048x1365-1.jpg\" \/>\n\t<meta property=\"og:image:width\" content=\"2048\" \/>\n\t<meta property=\"og:image:height\" content=\"1365\" \/>\n\t<meta property=\"og:image:type\" content=\"image\/jpeg\" \/>\n<meta name=\"author\" content=\"Reda\u00e7\u00e3o CP\" \/>\n<meta name=\"twitter:card\" content=\"summary_large_image\" \/>\n<meta name=\"twitter:label1\" content=\"Escrito por\" \/>\n\t<meta name=\"twitter:data1\" content=\"Reda\u00e7\u00e3o CP\" \/>\n\t<meta name=\"twitter:label2\" content=\"Est. tempo de leitura\" \/>\n\t<meta name=\"twitter:data2\" content=\"2 minutos\" \/>\n<script type=\"application\/ld+json\" class=\"yoast-schema-graph\">{\"@context\":\"https:\/\/schema.org\",\"@graph\":[{\"@type\":\"Article\",\"@id\":\"https:\/\/cleitonpinheiro.com.br\/site\/prefeitura-de-palmas-intensifica-limpeza-urbana-com-a-operacao-limpa-tudo\/#article\",\"isPartOf\":{\"@id\":\"https:\/\/cleitonpinheiro.com.br\/site\/prefeitura-de-palmas-intensifica-limpeza-urbana-com-a-operacao-limpa-tudo\/\"},\"author\":{\"name\":\"Reda\u00e7\u00e3o CP\",\"@id\":\"https:\/\/cleitonpinheiro.com.br\/site\/#\/schema\/person\/8f04544e0bc40a1b68775b08360f87db\"},\"headline\":\"Prefeitura de Palmas intensifica limpeza urbana com a Opera\u00e7\u00e3o Limpa Tudo\",\"datePublished\":\"2025-10-08T17:22:16+00:00\",\"dateModified\":\"2025-10-08T17:22:23+00:00\",\"mainEntityOfPage\":{\"@id\":\"https:\/\/cleitonpinheiro.com.br\/site\/prefeitura-de-palmas-intensifica-limpeza-urbana-com-a-operacao-limpa-tudo\/\"},\"wordCount\":340,\"commentCount\":0,\"publisher\":{\"@id\":\"https:\/\/cleitonpinheiro.com.br\/site\/#organization\"},\"image\":{\"@id\":\"https:\/\/cleitonpinheiro.com.br\/site\/prefeitura-de-palmas-intensifica-limpeza-urbana-com-a-operacao-limpa-tudo\/#primaryimage\"},\"thumbnailUrl\":\"https:\/\/cleitonpinheiro.com.br\/site\/wp-content\/uploads\/2025\/10\/162A5905-2048x1365-1.jpg\",\"articleSection\":[\"CIDADES\",\"MANCHETE SEGUND\u00c1RIA\",\"TODAS NOTICIAS\"],\"inLanguage\":\"pt-BR\",\"potentialAction\":[{\"@type\":\"CommentAction\",\"name\":\"Comment\",\"target\":[\"https:\/\/cleitonpinheiro.com.br\/site\/prefeitura-de-palmas-intensifica-limpeza-urbana-com-a-operacao-limpa-tudo\/#respond\"]}]},{\"@type\":\"WebPage\",\"@id\":\"https:\/\/cleitonpinheiro.com.br\/site\/prefeitura-de-palmas-intensifica-limpeza-urbana-com-a-operacao-limpa-tudo\/\",\"url\":\"https:\/\/cleitonpinheiro.com.br\/site\/prefeitura-de-palmas-intensifica-limpeza-urbana-com-a-operacao-limpa-tudo\/\",\"name\":\"Prefeitura de Palmas intensifica limpeza urbana com a Opera\u00e7\u00e3o Limpa Tudo - PORTAL DE NOT\u00cdCIAS CLEITON PINHEIRO\",\"isPartOf\":{\"@id\":\"https:\/\/cleitonpinheiro.com.br\/site\/#website\"},\"primaryImageOfPage\":{\"@id\":\"https:\/\/cleitonpinheiro.com.br\/site\/prefeitura-de-palmas-intensifica-limpeza-urbana-com-a-operacao-limpa-tudo\/#primaryimage\"},\"image\":{\"@id\":\"https:\/\/cleitonpinheiro.com.br\/site\/prefeitura-de-palmas-intensifica-limpeza-urbana-com-a-operacao-limpa-tudo\/#primaryimage\"},\"thumbnailUrl\":\"https:\/\/cleitonpinheiro.com.br\/site\/wp-content\/uploads\/2025\/10\/162A5905-2048x1365-1.jpg\",\"datePublished\":\"2025-10-08T17:22:16+00:00\",\"dateModified\":\"2025-10-08T17:22:23+00:00\",\"breadcrumb\":{\"@id\":\"https:\/\/cleitonpinheiro.com.br\/site\/prefeitura-de-palmas-intensifica-limpeza-urbana-com-a-operacao-limpa-tudo\/#breadcrumb\"},\"inLanguage\":\"pt-BR\",\"potentialAction\":[{\"@type\":\"ReadAction\",\"target\":[\"https:\/\/cleitonpinheiro.com.br\/site\/prefeitura-de-palmas-intensifica-limpeza-urbana-com-a-operacao-limpa-tudo\/\"]}]},{\"@type\":\"ImageObject\",\"inLanguage\":\"pt-BR\",\"@id\":\"https:\/\/cleitonpinheiro.com.br\/site\/prefeitura-de-palmas-intensifica-limpeza-urbana-com-a-operacao-limpa-tudo\/#primaryimage\",\"url\":\"https:\/\/cleitonpinheiro.com.br\/site\/wp-content\/uploads\/2025\/10\/162A5905-2048x1365-1.jpg\",\"contentUrl\":\"https:\/\/cleitonpinheiro.com.br\/site\/wp-content\/uploads\/2025\/10\/162A5905-2048x1365-1.jpg\",\"width\":2048,\"height\":1365,\"caption\":\"Foto: Junior Suzuki\"},{\"@type\":\"BreadcrumbList\",\"@id\":\"https:\/\/cleitonpinheiro.com.br\/site\/prefeitura-de-palmas-intensifica-limpeza-urbana-com-a-operacao-limpa-tudo\/#breadcrumb\",\"itemListElement\":[{\"@type\":\"ListItem\",\"position\":1,\"name\":\"In\u00edcio\",\"item\":\"https:\/\/cleitonpinheiro.com.br\/site\/\"},{\"@type\":\"ListItem\",\"position\":2,\"name\":\"Prefeitura de Palmas intensifica limpeza urbana com a Opera\u00e7\u00e3o Limpa Tudo\"}]},{\"@type\":\"WebSite\",\"@id\":\"https:\/\/cleitonpinheiro.com.br\/site\/#website\",\"url\":\"https:\/\/cleitonpinheiro.com.br\/site\/\",\"name\":\"PORTAL DE NOT\u00cdCIAS CLEITON PINHEIRO\",\"description\":\"FALANDO A VERDADE\",\"publisher\":{\"@id\":\"https:\/\/cleitonpinheiro.com.br\/site\/#organization\"},\"potentialAction\":[{\"@type\":\"SearchAction\",\"target\":{\"@type\":\"EntryPoint\",\"urlTemplate\":\"https:\/\/cleitonpinheiro.com.br\/site\/?s={search_term_string}\"},\"query-input\":{\"@type\":\"PropertyValueSpecification\",\"valueRequired\":true,\"valueName\":\"search_term_string\"}}],\"inLanguage\":\"pt-BR\"},{\"@type\":\"Organization\",\"@id\":\"https:\/\/cleitonpinheiro.com.br\/site\/#organization\",\"name\":\"CPNOT\u00cdCIAS\",\"url\":\"https:\/\/cleitonpinheiro.com.br\/site\/\",\"logo\":{\"@type\":\"ImageObject\",\"inLanguage\":\"pt-BR\",\"@id\":\"https:\/\/cleitonpinheiro.com.br\/site\/#\/schema\/logo\/image\/\",\"url\":\"https:\/\/cleitonpinheiro.com.br\/site\/wp-content\/uploads\/2022\/08\/Logo-pequena-2.png\",\"contentUrl\":\"https:\/\/cleitonpinheiro.com.br\/site\/wp-content\/uploads\/2022\/08\/Logo-pequena-2.png\",\"width\":500,\"height\":500,\"caption\":\"CPNOT\u00cdCIAS\"},\"image\":{\"@id\":\"https:\/\/cleitonpinheiro.com.br\/site\/#\/schema\/logo\/image\/\"},\"sameAs\":[\"https:\/\/www.facebook.com\/portalcpnoticias\/\"]},{\"@type\":\"Person\",\"@id\":\"https:\/\/cleitonpinheiro.com.br\/site\/#\/schema\/person\/8f04544e0bc40a1b68775b08360f87db\",\"name\":\"Reda\u00e7\u00e3o CP\",\"image\":{\"@type\":\"ImageObject\",\"inLanguage\":\"pt-BR\",\"@id\":\"https:\/\/cleitonpinheiro.com.br\/site\/#\/schema\/person\/image\/\",\"url\":\"https:\/\/secure.gravatar.com\/avatar\/0bcf19cb29fdc8fc588c490c7ae1b3e174dac268586a63fbe1d1893a0f9020cd?s=96&r=g\",\"contentUrl\":\"https:\/\/secure.gravatar.com\/avatar\/0bcf19cb29fdc8fc588c490c7ae1b3e174dac268586a63fbe1d1893a0f9020cd?s=96&r=g\",\"caption\":\"Reda\u00e7\u00e3o CP\"},\"url\":\"https:\/\/cleitonpinheiro.com.br\/site\/author\/redacao\/\"}]}<\/script>\n<!-- \/ Yoast SEO plugin. -->","yoast_head_json":{"title":"Prefeitura de Palmas intensifica limpeza urbana com a Opera\u00e7\u00e3o Limpa Tudo - PORTAL DE NOT\u00cdCIAS CLEITON PINHEIRO","robots":{"index":"index","follow":"follow","max-snippet":"max-snippet:-1","max-image-preview":"max-image-preview:large","max-video-preview":"max-video-preview:-1"},"canonical":"https:\/\/cleitonpinheiro.com.br\/site\/prefeitura-de-palmas-intensifica-limpeza-urbana-com-a-operacao-limpa-tudo\/","og_locale":"pt_BR","og_type":"article","og_title":"Prefeitura de Palmas intensifica limpeza urbana com a Opera\u00e7\u00e3o Limpa Tudo - PORTAL DE NOT\u00cdCIAS CLEITON PINHEIRO","og_description":"A Prefeitura de Palmas realiza nesta ter\u00e7a-feira, 8, a Opera\u00e7\u00e3o Limpa Tudo, Zeladoria, uma grande a\u00e7\u00e3o de limpeza urbana que re\u00fane todas as frentes de trabalho da Secretaria Municipal de Zeladoria Urbana. As equipes iniciaram os servi\u00e7os na Avenida NS-4 com a Avenida LO-29 e, ao longo dos pr\u00f3ximos dias, os trabalhos seguir\u00e3o por toda [&hellip;]","og_url":"https:\/\/cleitonpinheiro.com.br\/site\/prefeitura-de-palmas-intensifica-limpeza-urbana-com-a-operacao-limpa-tudo\/","og_site_name":"PORTAL DE NOT\u00cdCIAS CLEITON PINHEIRO","article_publisher":"https:\/\/www.facebook.com\/portalcpnoticias\/","article_published_time":"2025-10-08T17:22:16+00:00","article_modified_time":"2025-10-08T17:22:23+00:00","og_image":[{"width":2048,"height":1365,"url":"https:\/\/cleitonpinheiro.com.br\/site\/wp-content\/uploads\/2025\/10\/162A5905-2048x1365-1.jpg","type":"image\/jpeg"}],"author":"Reda\u00e7\u00e3o CP","twitter_card":"summary_large_image","twitter_misc":{"Escrito por":"Reda\u00e7\u00e3o CP","Est. tempo de leitura":"2 minutos"},"schema":{"@context":"https:\/\/schema.org","@graph":[{"@type":"Article","@id":"https:\/\/cleitonpinheiro.com.br\/site\/prefeitura-de-palmas-intensifica-limpeza-urbana-com-a-operacao-limpa-tudo\/#article","isPartOf":{"@id":"https:\/\/cleitonpinheiro.com.br\/site\/prefeitura-de-palmas-intensifica-limpeza-urbana-com-a-operacao-limpa-tudo\/"},"author":{"name":"Reda\u00e7\u00e3o CP","@id":"https:\/\/cleitonpinheiro.com.br\/site\/#\/schema\/person\/8f04544e0bc40a1b68775b08360f87db"},"headline":"Prefeitura de Palmas intensifica limpeza urbana com a Opera\u00e7\u00e3o Limpa Tudo","datePublished":"2025-10-08T17:22:16+00:00","dateModified":"2025-10-08T17:22:23+00:00","mainEntityOfPage":{"@id":"https:\/\/cleitonpinheiro.com.br\/site\/prefeitura-de-palmas-intensifica-limpeza-urbana-com-a-operacao-limpa-tudo\/"},"wordCount":340,"commentCount":0,"publisher":{"@id":"https:\/\/cleitonpinheiro.com.br\/site\/#organization"},"image":{"@id":"https:\/\/cleitonpinheiro.com.br\/site\/prefeitura-de-palmas-intensifica-limpeza-urbana-com-a-operacao-limpa-tudo\/#primaryimage"},"thumbnailUrl":"https:\/\/cleitonpinheiro.com.br\/site\/wp-content\/uploads\/2025\/10\/162A5905-2048x1365-1.jpg","articleSection":["CIDADES","MANCHETE SEGUND\u00c1RIA","TODAS NOTICIAS"],"inLanguage":"pt-BR","potentialAction":[{"@type":"CommentAction","name":"Comment","target":["https:\/\/cleitonpinheiro.com.br\/site\/prefeitura-de-palmas-intensifica-limpeza-urbana-com-a-operacao-limpa-tudo\/#respond"]}]},{"@type":"WebPage","@id":"https:\/\/cleitonpinheiro.com.br\/site\/prefeitura-de-palmas-intensifica-limpeza-urbana-com-a-operacao-limpa-tudo\/","url":"https:\/\/cleitonpinheiro.com.br\/site\/prefeitura-de-palmas-intensifica-limpeza-urbana-com-a-operacao-limpa-tudo\/","name":"Prefeitura de Palmas intensifica limpeza urbana com a Opera\u00e7\u00e3o Limpa Tudo - PORTAL DE NOT\u00cdCIAS CLEITON PINHEIRO","isPartOf":{"@id":"https:\/\/cleitonpinheiro.com.br\/site\/#website"},"primaryImageOfPage":{"@id":"https:\/\/cleitonpinheiro.com.br\/site\/prefeitura-de-palmas-intensifica-limpeza-urbana-com-a-operacao-limpa-tudo\/#primaryimage"},"image":{"@id":"https:\/\/cleitonpinheiro.com.br\/site\/prefeitura-de-palmas-intensifica-limpeza-urbana-com-a-operacao-limpa-tudo\/#primaryimage"},"thumbnailUrl":"https:\/\/cleitonpinheiro.com.br\/site\/wp-content\/uploads\/2025\/10\/162A5905-2048x1365-1.jpg","datePublished":"2025-10-08T17:22:16+00:00","dateModified":"2025-10-08T17:22:23+00:00","breadcrumb":{"@id":"https:\/\/cleitonpinheiro.com.br\/site\/prefeitura-de-palmas-intensifica-limpeza-urbana-com-a-operacao-limpa-tudo\/#breadcrumb"},"inLanguage":"pt-BR","potentialAction":[{"@type":"ReadAction","target":["https:\/\/cleitonpinheiro.com.br\/site\/prefeitura-de-palmas-intensifica-limpeza-urbana-com-a-operacao-limpa-tudo\/"]}]},{"@type":"ImageObject","inLanguage":"pt-BR","@id":"https:\/\/cleitonpinheiro.com.br\/site\/prefeitura-de-palmas-intensifica-limpeza-urbana-com-a-operacao-limpa-tudo\/#primaryimage","url":"https:\/\/cleitonpinheiro.com.br\/site\/wp-content\/uploads\/2025\/10\/162A5905-2048x1365-1.jpg","contentUrl":"https:\/\/cleitonpinheiro.com.br\/site\/wp-content\/uploads\/2025\/10\/162A5905-2048x1365-1.jpg","width":2048,"height":1365,"caption":"Foto: Junior Suzuki"},{"@type":"BreadcrumbList","@id":"https:\/\/cleitonpinheiro.com.br\/site\/prefeitura-de-palmas-intensifica-limpeza-urbana-com-a-operacao-limpa-tudo\/#breadcrumb","itemListElement":[{"@type":"ListItem","position":1,"name":"In\u00edcio","item":"https:\/\/cleitonpinheiro.com.br\/site\/"},{"@type":"ListItem","position":2,"name":"Prefeitura de Palmas intensifica limpeza urbana com a Opera\u00e7\u00e3o Limpa Tudo"}]},{"@type":"WebSite","@id":"https:\/\/cleitonpinheiro.com.br\/site\/#website","url":"https:\/\/cleitonpinheiro.com.br\/site\/","name":"PORTAL DE NOT\u00cdCIAS CLEITON PINHEIRO","description":"FALANDO A VERDADE","publisher":{"@id":"https:\/\/cleitonpinheiro.com.br\/site\/#organization"},"potentialAction":[{"@type":"SearchAction","target":{"@type":"EntryPoint","urlTemplate":"https:\/\/cleitonpinheiro.com.br\/site\/?s={search_term_string}"},"query-input":{"@type":"PropertyValueSpecification","valueRequired":true,"valueName":"search_term_string"}}],"inLanguage":"pt-BR"},{"@type":"Organization","@id":"https:\/\/cleitonpinheiro.com.br\/site\/#organization","name":"CPNOT\u00cdCIAS","url":"https:\/\/cleitonpinheiro.com.br\/site\/","logo":{"@type":"ImageObject","inLanguage":"pt-BR","@id":"https:\/\/cleitonpinheiro.com.br\/site\/#\/schema\/logo\/image\/","url":"https:\/\/cleitonpinheiro.com.br\/site\/wp-content\/uploads\/2022\/08\/Logo-pequena-2.png","contentUrl":"https:\/\/cleitonpinheiro.com.br\/site\/wp-content\/uploads\/2022\/08\/Logo-pequena-2.png","width":500,"height":500,"caption":"CPNOT\u00cdCIAS"},"image":{"@id":"https:\/\/cleitonpinheiro.com.br\/site\/#\/schema\/logo\/image\/"},"sameAs":["https:\/\/www.facebook.com\/portalcpnoticias\/"]},{"@type":"Person","@id":"https:\/\/cleitonpinheiro.com.br\/site\/#\/schema\/person\/8f04544e0bc40a1b68775b08360f87db","name":"Reda\u00e7\u00e3o CP","image":{"@type":"ImageObject","inLanguage":"pt-BR","@id":"https:\/\/cleitonpinheiro.com.br\/site\/#\/schema\/person\/image\/","url":"https:\/\/secure.gravatar.com\/avatar\/0bcf19cb29fdc8fc588c490c7ae1b3e174dac268586a63fbe1d1893a0f9020cd?s=96&r=g","contentUrl":"https:\/\/secure.gravatar.com\/avatar\/0bcf19cb29fdc8fc588c490c7ae1b3e174dac268586a63fbe1d1893a0f9020cd?s=96&r=g","caption":"Reda\u00e7\u00e3o CP"},"url":"https:\/\/cleitonpinheiro.com.br\/site\/author\/redacao\/"}]}},"views":69,"_links":{"self":[{"href":"https:\/\/cleitonpinheiro.com.br\/site\/wp-json\/wp\/v2\/posts\/87101","targetHints":{"allow":["GET"]}}],"collection":[{"href":"https:\/\/cleitonpinheiro.com.br\/site\/wp-json\/wp\/v2\/posts"}],"about":[{"href":"https:\/\/cleitonpinheiro.com.br\/site\/wp-json\/wp\/v2\/types\/post"}],"author":[{"embeddable":true,"href":"https:\/\/cleitonpinheiro.com.br\/site\/wp-json\/wp\/v2\/users\/13"}],"replies":[{"embeddable":true,"href":"https:\/\/cleitonpinheiro.com.br\/site\/wp-json\/wp\/v2\/comments?post=87101"}],"version-history":[{"count":1,"href":"https:\/\/cleitonpinheiro.com.br\/site\/wp-json\/wp\/v2\/posts\/87101\/revisions"}],"predecessor-version":[{"id":87103,"href":"https:\/\/cleitonpinheiro.com.br\/site\/wp-json\/wp\/v2\/posts\/87101\/revisions\/87103"}],"wp:featuredmedia":[{"embeddable":true,"href":"https:\/\/cleitonpinheiro.com.br\/site\/wp-json\/wp\/v2\/media\/87102"}],"wp:attachment":[{"href":"https:\/\/cleitonpinheiro.com.br\/site\/wp-json\/wp\/v2\/media?parent=87101"}],"wp:term":[{"taxonomy":"category","embeddable":true,"href":"https:\/\/cleitonpinheiro.com.br\/site\/wp-json\/wp\/v2\/categories?post=87101"},{"taxonomy":"post_tag","embeddable":true,"href":"https:\/\/cleitonpinheiro.com.br\/site\/wp-json\/wp\/v2\/tags?post=87101"}],"curies":[{"name":"wp","href":"https:\/\/api.w.org\/{rel}","templated":true}]}}