{"id":87110,"date":"2025-10-08T17:11:06","date_gmt":"2025-10-08T20:11:06","guid":{"rendered":"https:\/\/cleitonpinheiro.com.br\/site\/?p=87110"},"modified":"2025-10-08T17:11:11","modified_gmt":"2025-10-08T20:11:11","slug":"no-to-1-088-familias-foram-notificadas-a-devolveram-dinheiro-do-auxilio-emergencial","status":"publish","type":"post","link":"https:\/\/cleitonpinheiro.com.br\/site\/no-to-1-088-familias-foram-notificadas-a-devolveram-dinheiro-do-auxilio-emergencial\/","title":{"rendered":"No TO, 1.088 fam\u00edlias foram notificadas a devolveram dinheiro do aux\u00edlio emergencial"},"content":{"rendered":"\n<p>Cerca de 1.088 fam\u00edlias do Tocantins que receberam indevidamente o aux\u00edlio emergencial, pago durante a pandemia de covid-19, foram notificadas pelo Minist\u00e9rio do Desenvolvimento e Assist\u00eancia Social, Fam\u00edlia e Combate \u00e0 Fome (MDS) para devolverem o dinheiro recebido. No total s\u00e3o R$ 2,7 milh\u00f5es a serem devolvidos no Estado. No \u00e2mbito nacional, s\u00e3o 177 mil fam\u00edlias que receberam os recursos de forma indevida; total de R$ 478,8 milh\u00f5es a serem devolvidos. <\/p>\n\n\n\n<p>Em nota, o MDS informou que\u00a0est\u00e3o fora do processo de cobran\u00e7a pessoas em situa\u00e7\u00e3o de vulnerabilidade, incluindo benefici\u00e1rios do Bolsa Fam\u00edlia e inscritos no Cadastro \u00danico; e quem recebeu valores inferiores a R$ 1,8 mil, tem renda familiar\u00a0<em>per capita<\/em>\u00a0de at\u00e9 dois sal\u00e1rios m\u00ednimos ou\u00a0renda mensal familiar de at\u00e9 tr\u00eas sal\u00e1rios m\u00ednimos.<\/p>\n\n\n\n<figure class=\"wp-block-image aligncenter size-large\"><img fetchpriority=\"high\" decoding=\"async\" width=\"498\" height=\"1024\" src=\"https:\/\/cleitonpinheiro.com.br\/site\/wp-content\/uploads\/2025\/10\/5f31df16-25cd-4bb6-aa0b-f9b086dbbd4a-498x1024.png\" alt=\"\" class=\"wp-image-87111\" srcset=\"https:\/\/cleitonpinheiro.com.br\/site\/wp-content\/uploads\/2025\/10\/5f31df16-25cd-4bb6-aa0b-f9b086dbbd4a-498x1024.png 498w, https:\/\/cleitonpinheiro.com.br\/site\/wp-content\/uploads\/2025\/10\/5f31df16-25cd-4bb6-aa0b-f9b086dbbd4a-146x300.png 146w, https:\/\/cleitonpinheiro.com.br\/site\/wp-content\/uploads\/2025\/10\/5f31df16-25cd-4bb6-aa0b-f9b086dbbd4a-768x1580.png 768w, https:\/\/cleitonpinheiro.com.br\/site\/wp-content\/uploads\/2025\/10\/5f31df16-25cd-4bb6-aa0b-f9b086dbbd4a-747x1536.png 747w, https:\/\/cleitonpinheiro.com.br\/site\/wp-content\/uploads\/2025\/10\/5f31df16-25cd-4bb6-aa0b-f9b086dbbd4a-995x2048.png 995w, https:\/\/cleitonpinheiro.com.br\/site\/wp-content\/uploads\/2025\/10\/5f31df16-25cd-4bb6-aa0b-f9b086dbbd4a.png 1150w\" sizes=\"(max-width: 498px) 100vw, 498px\" \/><\/figure>\n\n\n\n<blockquote class=\"wp-block-quote is-layout-flow wp-block-quote-is-layout-flow\">\n<p>\u201cA devolu\u00e7\u00e3o dos valores se d\u00e1 nos casos em que foram identificadas inconsist\u00eancias como: v\u00ednculo de emprego formal; recebimento de benef\u00edcio previdenci\u00e1rio; renda familiar superior ao limite legal; ou outras situa\u00e7\u00f5es que configuram pagamento indevido\u201d, destacou o minist\u00e9rio.<\/p>\n<\/blockquote>\n\n\n\n<p>Ainda de acordo com a pasta, as notifica\u00e7\u00f5es s\u00e3o enviadas, desde mar\u00e7o, via SMS, pelo WhatsApp, por&nbsp;<em>e-mail<\/em>&nbsp;e pelo aplicativo Notifica, \u201ccom foco nas pessoas com maior capacidade de pagamento e valores mais altos a devolver, conforme crit\u00e9rios do artigo 7\u00ba do Decreto n\u00ba 10.990\/2022\u201d.<\/p>\n\n\n\n<p>O\u00a0n\u00e3o pagamento dentro do prazo, segundo o comunicado, pode resultar em\u00a0inscri\u00e7\u00e3o na D\u00edvida Ativa da Uni\u00e3o e no Cadastro Informativo de Cr\u00e9ditos n\u00e3o Quitados (Cadin), al\u00e9m da negativa\u00e7\u00e3o em \u00f3rg\u00e3os de prote\u00e7\u00e3o ao cr\u00e9dito.<\/p>\n\n\n\n<h2 class=\"wp-block-heading\">Ressarcimento<\/h2>\n\n\n\n<p>O ressarcimento deve ser feito diretamente pelo Vejae (<a href=\"http:\/\/www.gov.br\/mds\/pt-br\/servicos\/auxilio-emergencial\" target=\"_blank\" rel=\"noreferrer noopener\">sistema desenvolvido pelo pr\u00f3prio minist\u00e9rio<\/a>&nbsp;que permite \u00e0queles que receberam o benef\u00edcio consultar a situa\u00e7\u00e3o do aux\u00edlio emergencial), via PagTesouro, com op\u00e7\u00f5es de pagamento por Pix, cart\u00e3o de cr\u00e9dito ou boleto\/GRU simples (Banco do Brasil).<\/p>\n\n\n\n<h2 class=\"wp-block-heading\">Prazo<\/h2>\n\n\n\n<p>O prazo para regulariza\u00e7\u00e3o \u00e9 de at\u00e9 60 dias, contados da notifica\u00e7\u00e3o no sistema, com possibilidade de\u00a0quita\u00e7\u00e3o \u00e0 vista ou parcelamento em at\u00e9 60 vezes, com parcela m\u00ednima de R$ 50 e\u00a0sem cobran\u00e7a de juros ou multa, detalhou a nota.<\/p>\n\n\n\n<h2 class=\"wp-block-heading\">Recursos<\/h2>\n\n\n\n<p>De acordo com o comunicado, o sistema assegura o contradit\u00f3rio e a ampla defesa, permitindo a apresenta\u00e7\u00e3o de recursos por cidad\u00e3os que n\u00e3o concordarem com a notifica\u00e7\u00e3o.<\/p>\n\n\n\n<h2 class=\"wp-block-heading\">Alerta<\/h2>\n\n\n\n<p>O minist\u00e9rio alertou que n\u00e3o envia&nbsp;<em>links<\/em>&nbsp;nem boletos de cobran\u00e7a via&nbsp;<em>e-mail<\/em>, SMS ou WhatsApp. \u201cA consulta deve ser feita exclusivamente pelo&nbsp;<a href=\"https:\/\/www.gov.br\/mds\/pt-br\" target=\"_blank\" rel=\"noreferrer noopener\"><em>site<\/em>&nbsp;oficial do MDS.<\/a>&nbsp;No portal,<a href=\"http:\/\/www.gov.br\/mds\/pt-br\/servicos\/auxilio-emergencial\" target=\"_blank\" rel=\"noreferrer noopener\">&nbsp;est\u00e3o dispon\u00edveis o Guia do Vejae, a FAQ [perguntas mais frequentes] e outras orienta\u00e7\u00f5es&nbsp;<\/a>para auxiliar o cidad\u00e3o na regulariza\u00e7\u00e3o e esclarecimento de d\u00favidas\u201d.<\/p>\n\n\n\n<p>Em caso de d\u00favidas, a orienta\u00e7\u00e3o \u00e9 que o cidad\u00e3o procure a ouvidoria do \u00f3rg\u00e3o, pelo Disque Social 121, ou busque informa\u00e7\u00f5es em canais oficiais, como o portal e as redes sociais da pasta.<\/p>\n","protected":false},"excerpt":{"rendered":"<p>Cerca de 1.088 fam\u00edlias do Tocantins que receberam indevidamente o aux\u00edlio emergencial, pago durante a pandemia de covid-19, foram notificadas pelo Minist\u00e9rio do Desenvolvimento e Assist\u00eancia Social, Fam\u00edlia e Combate \u00e0 Fome (MDS) para devolverem o dinheiro recebido. No total s\u00e3o R$ 2,7 milh\u00f5es a serem devolvidos no Estado. No \u00e2mbito nacional, s\u00e3o 177 mil [&hellip;]<\/p>\n","protected":false},"author":13,"featured_media":87112,"comment_status":"open","ping_status":"open","sticky":false,"template":"","format":"standard","meta":{"_acf_changed":false,"footnotes":""},"categories":[8,898,21],"tags":[],"class_list":["post-87110","post","type-post","status-publish","format-standard","has-post-thumbnail","hentry","category-estado","category-manchete-segundaria","category-todas-noticias"],"acf":[],"yoast_head":"<!-- This site is optimized with the Yoast SEO plugin v24.4 - https:\/\/yoast.com\/wordpress\/plugins\/seo\/ -->\n<title>No TO, 1.088 fam\u00edlias foram notificadas a devolveram dinheiro do aux\u00edlio emergencial - PORTAL DE NOT\u00cdCIAS CLEITON PINHEIRO<\/title>\n<meta name=\"robots\" content=\"index, follow, max-snippet:-1, max-image-preview:large, max-video-preview:-1\" \/>\n<link rel=\"canonical\" href=\"https:\/\/cleitonpinheiro.com.br\/site\/no-to-1-088-familias-foram-notificadas-a-devolveram-dinheiro-do-auxilio-emergencial\/\" \/>\n<meta property=\"og:locale\" content=\"pt_BR\" \/>\n<meta property=\"og:type\" content=\"article\" \/>\n<meta property=\"og:title\" content=\"No TO, 1.088 fam\u00edlias foram notificadas a devolveram dinheiro do aux\u00edlio emergencial - PORTAL DE NOT\u00cdCIAS CLEITON PINHEIRO\" \/>\n<meta property=\"og:description\" content=\"Cerca de 1.088 fam\u00edlias do Tocantins que receberam indevidamente o aux\u00edlio emergencial, pago durante a pandemia de covid-19, foram notificadas pelo Minist\u00e9rio do Desenvolvimento e Assist\u00eancia Social, Fam\u00edlia e Combate \u00e0 Fome (MDS) para devolverem o dinheiro recebido. No total s\u00e3o R$ 2,7 milh\u00f5es a serem devolvidos no Estado. No \u00e2mbito nacional, s\u00e3o 177 mil [&hellip;]\" \/>\n<meta property=\"og:url\" content=\"https:\/\/cleitonpinheiro.com.br\/site\/no-to-1-088-familias-foram-notificadas-a-devolveram-dinheiro-do-auxilio-emergencial\/\" \/>\n<meta property=\"og:site_name\" content=\"PORTAL DE NOT\u00cdCIAS CLEITON PINHEIRO\" \/>\n<meta property=\"article:publisher\" content=\"https:\/\/www.facebook.com\/portalcpnoticias\/\" \/>\n<meta property=\"article:published_time\" content=\"2025-10-08T20:11:06+00:00\" \/>\n<meta property=\"article:modified_time\" content=\"2025-10-08T20:11:11+00:00\" \/>\n<meta property=\"og:image\" content=\"https:\/\/cleitonpinheiro.com.br\/site\/wp-content\/uploads\/2025\/10\/auxilio_emergencial_2804217522.webp\" \/>\n\t<meta property=\"og:image:width\" content=\"1170\" \/>\n\t<meta property=\"og:image:height\" content=\"700\" \/>\n\t<meta property=\"og:image:type\" content=\"image\/webp\" \/>\n<meta name=\"author\" content=\"Reda\u00e7\u00e3o CP\" \/>\n<meta name=\"twitter:card\" content=\"summary_large_image\" \/>\n<meta name=\"twitter:label1\" content=\"Escrito por\" \/>\n\t<meta name=\"twitter:data1\" content=\"Reda\u00e7\u00e3o CP\" \/>\n\t<meta name=\"twitter:label2\" content=\"Est. tempo de leitura\" \/>\n\t<meta name=\"twitter:data2\" content=\"3 minutos\" \/>\n<script type=\"application\/ld+json\" class=\"yoast-schema-graph\">{\"@context\":\"https:\/\/schema.org\",\"@graph\":[{\"@type\":\"Article\",\"@id\":\"https:\/\/cleitonpinheiro.com.br\/site\/no-to-1-088-familias-foram-notificadas-a-devolveram-dinheiro-do-auxilio-emergencial\/#article\",\"isPartOf\":{\"@id\":\"https:\/\/cleitonpinheiro.com.br\/site\/no-to-1-088-familias-foram-notificadas-a-devolveram-dinheiro-do-auxilio-emergencial\/\"},\"author\":{\"name\":\"Reda\u00e7\u00e3o CP\",\"@id\":\"https:\/\/cleitonpinheiro.com.br\/site\/#\/schema\/person\/8f04544e0bc40a1b68775b08360f87db\"},\"headline\":\"No TO, 1.088 fam\u00edlias foram notificadas a devolveram dinheiro do aux\u00edlio emergencial\",\"datePublished\":\"2025-10-08T20:11:06+00:00\",\"dateModified\":\"2025-10-08T20:11:11+00:00\",\"mainEntityOfPage\":{\"@id\":\"https:\/\/cleitonpinheiro.com.br\/site\/no-to-1-088-familias-foram-notificadas-a-devolveram-dinheiro-do-auxilio-emergencial\/\"},\"wordCount\":533,\"commentCount\":0,\"publisher\":{\"@id\":\"https:\/\/cleitonpinheiro.com.br\/site\/#organization\"},\"image\":{\"@id\":\"https:\/\/cleitonpinheiro.com.br\/site\/no-to-1-088-familias-foram-notificadas-a-devolveram-dinheiro-do-auxilio-emergencial\/#primaryimage\"},\"thumbnailUrl\":\"https:\/\/cleitonpinheiro.com.br\/site\/wp-content\/uploads\/2025\/10\/auxilio_emergencial_2804217522.webp\",\"articleSection\":[\"ESTADO\",\"MANCHETE SEGUND\u00c1RIA\",\"TODAS NOTICIAS\"],\"inLanguage\":\"pt-BR\",\"potentialAction\":[{\"@type\":\"CommentAction\",\"name\":\"Comment\",\"target\":[\"https:\/\/cleitonpinheiro.com.br\/site\/no-to-1-088-familias-foram-notificadas-a-devolveram-dinheiro-do-auxilio-emergencial\/#respond\"]}]},{\"@type\":\"WebPage\",\"@id\":\"https:\/\/cleitonpinheiro.com.br\/site\/no-to-1-088-familias-foram-notificadas-a-devolveram-dinheiro-do-auxilio-emergencial\/\",\"url\":\"https:\/\/cleitonpinheiro.com.br\/site\/no-to-1-088-familias-foram-notificadas-a-devolveram-dinheiro-do-auxilio-emergencial\/\",\"name\":\"No TO, 1.088 fam\u00edlias foram notificadas a devolveram dinheiro do aux\u00edlio emergencial - PORTAL DE NOT\u00cdCIAS CLEITON PINHEIRO\",\"isPartOf\":{\"@id\":\"https:\/\/cleitonpinheiro.com.br\/site\/#website\"},\"primaryImageOfPage\":{\"@id\":\"https:\/\/cleitonpinheiro.com.br\/site\/no-to-1-088-familias-foram-notificadas-a-devolveram-dinheiro-do-auxilio-emergencial\/#primaryimage\"},\"image\":{\"@id\":\"https:\/\/cleitonpinheiro.com.br\/site\/no-to-1-088-familias-foram-notificadas-a-devolveram-dinheiro-do-auxilio-emergencial\/#primaryimage\"},\"thumbnailUrl\":\"https:\/\/cleitonpinheiro.com.br\/site\/wp-content\/uploads\/2025\/10\/auxilio_emergencial_2804217522.webp\",\"datePublished\":\"2025-10-08T20:11:06+00:00\",\"dateModified\":\"2025-10-08T20:11:11+00:00\",\"breadcrumb\":{\"@id\":\"https:\/\/cleitonpinheiro.com.br\/site\/no-to-1-088-familias-foram-notificadas-a-devolveram-dinheiro-do-auxilio-emergencial\/#breadcrumb\"},\"inLanguage\":\"pt-BR\",\"potentialAction\":[{\"@type\":\"ReadAction\",\"target\":[\"https:\/\/cleitonpinheiro.com.br\/site\/no-to-1-088-familias-foram-notificadas-a-devolveram-dinheiro-do-auxilio-emergencial\/\"]}]},{\"@type\":\"ImageObject\",\"inLanguage\":\"pt-BR\",\"@id\":\"https:\/\/cleitonpinheiro.com.br\/site\/no-to-1-088-familias-foram-notificadas-a-devolveram-dinheiro-do-auxilio-emergencial\/#primaryimage\",\"url\":\"https:\/\/cleitonpinheiro.com.br\/site\/wp-content\/uploads\/2025\/10\/auxilio_emergencial_2804217522.webp\",\"contentUrl\":\"https:\/\/cleitonpinheiro.com.br\/site\/wp-content\/uploads\/2025\/10\/auxilio_emergencial_2804217522.webp\",\"width\":1170,\"height\":700},{\"@type\":\"BreadcrumbList\",\"@id\":\"https:\/\/cleitonpinheiro.com.br\/site\/no-to-1-088-familias-foram-notificadas-a-devolveram-dinheiro-do-auxilio-emergencial\/#breadcrumb\",\"itemListElement\":[{\"@type\":\"ListItem\",\"position\":1,\"name\":\"In\u00edcio\",\"item\":\"https:\/\/cleitonpinheiro.com.br\/site\/\"},{\"@type\":\"ListItem\",\"position\":2,\"name\":\"No TO, 1.088 fam\u00edlias foram notificadas a devolveram dinheiro do aux\u00edlio emergencial\"}]},{\"@type\":\"WebSite\",\"@id\":\"https:\/\/cleitonpinheiro.com.br\/site\/#website\",\"url\":\"https:\/\/cleitonpinheiro.com.br\/site\/\",\"name\":\"PORTAL DE NOT\u00cdCIAS CLEITON PINHEIRO\",\"description\":\"FALANDO A VERDADE\",\"publisher\":{\"@id\":\"https:\/\/cleitonpinheiro.com.br\/site\/#organization\"},\"potentialAction\":[{\"@type\":\"SearchAction\",\"target\":{\"@type\":\"EntryPoint\",\"urlTemplate\":\"https:\/\/cleitonpinheiro.com.br\/site\/?s={search_term_string}\"},\"query-input\":{\"@type\":\"PropertyValueSpecification\",\"valueRequired\":true,\"valueName\":\"search_term_string\"}}],\"inLanguage\":\"pt-BR\"},{\"@type\":\"Organization\",\"@id\":\"https:\/\/cleitonpinheiro.com.br\/site\/#organization\",\"name\":\"CPNOT\u00cdCIAS\",\"url\":\"https:\/\/cleitonpinheiro.com.br\/site\/\",\"logo\":{\"@type\":\"ImageObject\",\"inLanguage\":\"pt-BR\",\"@id\":\"https:\/\/cleitonpinheiro.com.br\/site\/#\/schema\/logo\/image\/\",\"url\":\"https:\/\/cleitonpinheiro.com.br\/site\/wp-content\/uploads\/2022\/08\/Logo-pequena-2.png\",\"contentUrl\":\"https:\/\/cleitonpinheiro.com.br\/site\/wp-content\/uploads\/2022\/08\/Logo-pequena-2.png\",\"width\":500,\"height\":500,\"caption\":\"CPNOT\u00cdCIAS\"},\"image\":{\"@id\":\"https:\/\/cleitonpinheiro.com.br\/site\/#\/schema\/logo\/image\/\"},\"sameAs\":[\"https:\/\/www.facebook.com\/portalcpnoticias\/\"]},{\"@type\":\"Person\",\"@id\":\"https:\/\/cleitonpinheiro.com.br\/site\/#\/schema\/person\/8f04544e0bc40a1b68775b08360f87db\",\"name\":\"Reda\u00e7\u00e3o CP\",\"image\":{\"@type\":\"ImageObject\",\"inLanguage\":\"pt-BR\",\"@id\":\"https:\/\/cleitonpinheiro.com.br\/site\/#\/schema\/person\/image\/\",\"url\":\"https:\/\/secure.gravatar.com\/avatar\/0bcf19cb29fdc8fc588c490c7ae1b3e174dac268586a63fbe1d1893a0f9020cd?s=96&r=g\",\"contentUrl\":\"https:\/\/secure.gravatar.com\/avatar\/0bcf19cb29fdc8fc588c490c7ae1b3e174dac268586a63fbe1d1893a0f9020cd?s=96&r=g\",\"caption\":\"Reda\u00e7\u00e3o CP\"},\"url\":\"https:\/\/cleitonpinheiro.com.br\/site\/author\/redacao\/\"}]}<\/script>\n<!-- \/ Yoast SEO plugin. -->","yoast_head_json":{"title":"No TO, 1.088 fam\u00edlias foram notificadas a devolveram dinheiro do aux\u00edlio emergencial - PORTAL DE NOT\u00cdCIAS CLEITON PINHEIRO","robots":{"index":"index","follow":"follow","max-snippet":"max-snippet:-1","max-image-preview":"max-image-preview:large","max-video-preview":"max-video-preview:-1"},"canonical":"https:\/\/cleitonpinheiro.com.br\/site\/no-to-1-088-familias-foram-notificadas-a-devolveram-dinheiro-do-auxilio-emergencial\/","og_locale":"pt_BR","og_type":"article","og_title":"No TO, 1.088 fam\u00edlias foram notificadas a devolveram dinheiro do aux\u00edlio emergencial - PORTAL DE NOT\u00cdCIAS CLEITON PINHEIRO","og_description":"Cerca de 1.088 fam\u00edlias do Tocantins que receberam indevidamente o aux\u00edlio emergencial, pago durante a pandemia de covid-19, foram notificadas pelo Minist\u00e9rio do Desenvolvimento e Assist\u00eancia Social, Fam\u00edlia e Combate \u00e0 Fome (MDS) para devolverem o dinheiro recebido. No total s\u00e3o R$ 2,7 milh\u00f5es a serem devolvidos no Estado. No \u00e2mbito nacional, s\u00e3o 177 mil [&hellip;]","og_url":"https:\/\/cleitonpinheiro.com.br\/site\/no-to-1-088-familias-foram-notificadas-a-devolveram-dinheiro-do-auxilio-emergencial\/","og_site_name":"PORTAL DE NOT\u00cdCIAS CLEITON PINHEIRO","article_publisher":"https:\/\/www.facebook.com\/portalcpnoticias\/","article_published_time":"2025-10-08T20:11:06+00:00","article_modified_time":"2025-10-08T20:11:11+00:00","og_image":[{"width":1170,"height":700,"url":"https:\/\/cleitonpinheiro.com.br\/site\/wp-content\/uploads\/2025\/10\/auxilio_emergencial_2804217522.webp","type":"image\/webp"}],"author":"Reda\u00e7\u00e3o CP","twitter_card":"summary_large_image","twitter_misc":{"Escrito por":"Reda\u00e7\u00e3o CP","Est. tempo de leitura":"3 minutos"},"schema":{"@context":"https:\/\/schema.org","@graph":[{"@type":"Article","@id":"https:\/\/cleitonpinheiro.com.br\/site\/no-to-1-088-familias-foram-notificadas-a-devolveram-dinheiro-do-auxilio-emergencial\/#article","isPartOf":{"@id":"https:\/\/cleitonpinheiro.com.br\/site\/no-to-1-088-familias-foram-notificadas-a-devolveram-dinheiro-do-auxilio-emergencial\/"},"author":{"name":"Reda\u00e7\u00e3o CP","@id":"https:\/\/cleitonpinheiro.com.br\/site\/#\/schema\/person\/8f04544e0bc40a1b68775b08360f87db"},"headline":"No TO, 1.088 fam\u00edlias foram notificadas a devolveram dinheiro do aux\u00edlio emergencial","datePublished":"2025-10-08T20:11:06+00:00","dateModified":"2025-10-08T20:11:11+00:00","mainEntityOfPage":{"@id":"https:\/\/cleitonpinheiro.com.br\/site\/no-to-1-088-familias-foram-notificadas-a-devolveram-dinheiro-do-auxilio-emergencial\/"},"wordCount":533,"commentCount":0,"publisher":{"@id":"https:\/\/cleitonpinheiro.com.br\/site\/#organization"},"image":{"@id":"https:\/\/cleitonpinheiro.com.br\/site\/no-to-1-088-familias-foram-notificadas-a-devolveram-dinheiro-do-auxilio-emergencial\/#primaryimage"},"thumbnailUrl":"https:\/\/cleitonpinheiro.com.br\/site\/wp-content\/uploads\/2025\/10\/auxilio_emergencial_2804217522.webp","articleSection":["ESTADO","MANCHETE SEGUND\u00c1RIA","TODAS NOTICIAS"],"inLanguage":"pt-BR","potentialAction":[{"@type":"CommentAction","name":"Comment","target":["https:\/\/cleitonpinheiro.com.br\/site\/no-to-1-088-familias-foram-notificadas-a-devolveram-dinheiro-do-auxilio-emergencial\/#respond"]}]},{"@type":"WebPage","@id":"https:\/\/cleitonpinheiro.com.br\/site\/no-to-1-088-familias-foram-notificadas-a-devolveram-dinheiro-do-auxilio-emergencial\/","url":"https:\/\/cleitonpinheiro.com.br\/site\/no-to-1-088-familias-foram-notificadas-a-devolveram-dinheiro-do-auxilio-emergencial\/","name":"No TO, 1.088 fam\u00edlias foram notificadas a devolveram dinheiro do aux\u00edlio emergencial - PORTAL DE NOT\u00cdCIAS CLEITON PINHEIRO","isPartOf":{"@id":"https:\/\/cleitonpinheiro.com.br\/site\/#website"},"primaryImageOfPage":{"@id":"https:\/\/cleitonpinheiro.com.br\/site\/no-to-1-088-familias-foram-notificadas-a-devolveram-dinheiro-do-auxilio-emergencial\/#primaryimage"},"image":{"@id":"https:\/\/cleitonpinheiro.com.br\/site\/no-to-1-088-familias-foram-notificadas-a-devolveram-dinheiro-do-auxilio-emergencial\/#primaryimage"},"thumbnailUrl":"https:\/\/cleitonpinheiro.com.br\/site\/wp-content\/uploads\/2025\/10\/auxilio_emergencial_2804217522.webp","datePublished":"2025-10-08T20:11:06+00:00","dateModified":"2025-10-08T20:11:11+00:00","breadcrumb":{"@id":"https:\/\/cleitonpinheiro.com.br\/site\/no-to-1-088-familias-foram-notificadas-a-devolveram-dinheiro-do-auxilio-emergencial\/#breadcrumb"},"inLanguage":"pt-BR","potentialAction":[{"@type":"ReadAction","target":["https:\/\/cleitonpinheiro.com.br\/site\/no-to-1-088-familias-foram-notificadas-a-devolveram-dinheiro-do-auxilio-emergencial\/"]}]},{"@type":"ImageObject","inLanguage":"pt-BR","@id":"https:\/\/cleitonpinheiro.com.br\/site\/no-to-1-088-familias-foram-notificadas-a-devolveram-dinheiro-do-auxilio-emergencial\/#primaryimage","url":"https:\/\/cleitonpinheiro.com.br\/site\/wp-content\/uploads\/2025\/10\/auxilio_emergencial_2804217522.webp","contentUrl":"https:\/\/cleitonpinheiro.com.br\/site\/wp-content\/uploads\/2025\/10\/auxilio_emergencial_2804217522.webp","width":1170,"height":700},{"@type":"BreadcrumbList","@id":"https:\/\/cleitonpinheiro.com.br\/site\/no-to-1-088-familias-foram-notificadas-a-devolveram-dinheiro-do-auxilio-emergencial\/#breadcrumb","itemListElement":[{"@type":"ListItem","position":1,"name":"In\u00edcio","item":"https:\/\/cleitonpinheiro.com.br\/site\/"},{"@type":"ListItem","position":2,"name":"No TO, 1.088 fam\u00edlias foram notificadas a devolveram dinheiro do aux\u00edlio emergencial"}]},{"@type":"WebSite","@id":"https:\/\/cleitonpinheiro.com.br\/site\/#website","url":"https:\/\/cleitonpinheiro.com.br\/site\/","name":"PORTAL DE NOT\u00cdCIAS CLEITON PINHEIRO","description":"FALANDO A VERDADE","publisher":{"@id":"https:\/\/cleitonpinheiro.com.br\/site\/#organization"},"potentialAction":[{"@type":"SearchAction","target":{"@type":"EntryPoint","urlTemplate":"https:\/\/cleitonpinheiro.com.br\/site\/?s={search_term_string}"},"query-input":{"@type":"PropertyValueSpecification","valueRequired":true,"valueName":"search_term_string"}}],"inLanguage":"pt-BR"},{"@type":"Organization","@id":"https:\/\/cleitonpinheiro.com.br\/site\/#organization","name":"CPNOT\u00cdCIAS","url":"https:\/\/cleitonpinheiro.com.br\/site\/","logo":{"@type":"ImageObject","inLanguage":"pt-BR","@id":"https:\/\/cleitonpinheiro.com.br\/site\/#\/schema\/logo\/image\/","url":"https:\/\/cleitonpinheiro.com.br\/site\/wp-content\/uploads\/2022\/08\/Logo-pequena-2.png","contentUrl":"https:\/\/cleitonpinheiro.com.br\/site\/wp-content\/uploads\/2022\/08\/Logo-pequena-2.png","width":500,"height":500,"caption":"CPNOT\u00cdCIAS"},"image":{"@id":"https:\/\/cleitonpinheiro.com.br\/site\/#\/schema\/logo\/image\/"},"sameAs":["https:\/\/www.facebook.com\/portalcpnoticias\/"]},{"@type":"Person","@id":"https:\/\/cleitonpinheiro.com.br\/site\/#\/schema\/person\/8f04544e0bc40a1b68775b08360f87db","name":"Reda\u00e7\u00e3o CP","image":{"@type":"ImageObject","inLanguage":"pt-BR","@id":"https:\/\/cleitonpinheiro.com.br\/site\/#\/schema\/person\/image\/","url":"https:\/\/secure.gravatar.com\/avatar\/0bcf19cb29fdc8fc588c490c7ae1b3e174dac268586a63fbe1d1893a0f9020cd?s=96&r=g","contentUrl":"https:\/\/secure.gravatar.com\/avatar\/0bcf19cb29fdc8fc588c490c7ae1b3e174dac268586a63fbe1d1893a0f9020cd?s=96&r=g","caption":"Reda\u00e7\u00e3o CP"},"url":"https:\/\/cleitonpinheiro.com.br\/site\/author\/redacao\/"}]}},"views":64,"_links":{"self":[{"href":"https:\/\/cleitonpinheiro.com.br\/site\/wp-json\/wp\/v2\/posts\/87110","targetHints":{"allow":["GET"]}}],"collection":[{"href":"https:\/\/cleitonpinheiro.com.br\/site\/wp-json\/wp\/v2\/posts"}],"about":[{"href":"https:\/\/cleitonpinheiro.com.br\/site\/wp-json\/wp\/v2\/types\/post"}],"author":[{"embeddable":true,"href":"https:\/\/cleitonpinheiro.com.br\/site\/wp-json\/wp\/v2\/users\/13"}],"replies":[{"embeddable":true,"href":"https:\/\/cleitonpinheiro.com.br\/site\/wp-json\/wp\/v2\/comments?post=87110"}],"version-history":[{"count":1,"href":"https:\/\/cleitonpinheiro.com.br\/site\/wp-json\/wp\/v2\/posts\/87110\/revisions"}],"predecessor-version":[{"id":87113,"href":"https:\/\/cleitonpinheiro.com.br\/site\/wp-json\/wp\/v2\/posts\/87110\/revisions\/87113"}],"wp:featuredmedia":[{"embeddable":true,"href":"https:\/\/cleitonpinheiro.com.br\/site\/wp-json\/wp\/v2\/media\/87112"}],"wp:attachment":[{"href":"https:\/\/cleitonpinheiro.com.br\/site\/wp-json\/wp\/v2\/media?parent=87110"}],"wp:term":[{"taxonomy":"category","embeddable":true,"href":"https:\/\/cleitonpinheiro.com.br\/site\/wp-json\/wp\/v2\/categories?post=87110"},{"taxonomy":"post_tag","embeddable":true,"href":"https:\/\/cleitonpinheiro.com.br\/site\/wp-json\/wp\/v2\/tags?post=87110"}],"curies":[{"name":"wp","href":"https:\/\/api.w.org\/{rel}","templated":true}]}}