{"id":87115,"date":"2025-10-10T16:55:44","date_gmt":"2025-10-10T19:55:44","guid":{"rendered":"https:\/\/cleitonpinheiro.com.br\/site\/?p=87115"},"modified":"2025-10-10T16:55:49","modified_gmt":"2025-10-10T19:55:49","slug":"mpto-e-dpe-cobra-infraestrutura-no-loteamento","status":"publish","type":"post","link":"https:\/\/cleitonpinheiro.com.br\/site\/mpto-e-dpe-cobra-infraestrutura-no-loteamento\/","title":{"rendered":"MPTO e DPE cobra infraestrutura no loteamento"},"content":{"rendered":"\n<figure class=\"wp-block-image size-full\"><img fetchpriority=\"high\" decoding=\"async\" width=\"984\" height=\"656\" src=\"https:\/\/cleitonpinheiro.com.br\/site\/wp-content\/uploads\/2024\/07\/Ronaldo-Mit-MPE-to.webp\" alt=\"\" class=\"wp-image-79194\" srcset=\"https:\/\/cleitonpinheiro.com.br\/site\/wp-content\/uploads\/2024\/07\/Ronaldo-Mit-MPE-to.webp 984w, https:\/\/cleitonpinheiro.com.br\/site\/wp-content\/uploads\/2024\/07\/Ronaldo-Mit-MPE-to-300x200.webp 300w, https:\/\/cleitonpinheiro.com.br\/site\/wp-content\/uploads\/2024\/07\/Ronaldo-Mit-MPE-to-768x512.webp 768w\" sizes=\"(max-width: 984px) 100vw, 984px\" \/><\/figure>\n\n\n\n<p>O Minist\u00e9rio P\u00fablico do Tocantins (MPTO), por meio da 23\u00aa Promotoria de Justi\u00e7a da Capital, converteu nesta quinta-feira, 2, audi\u00eancia administrativa para discutir a execu\u00e7\u00e3o de obras de infraestrutura em loteamentos de Palmas. A reuni\u00e3o foi presidida pela promotora de Justi\u00e7a K\u00e1tia Chaves Gallieta e integra o Procedimento de Gest\u00e3o Administrativa (PGA n\u00ba 2025.0012929), relacionado \u00e0 A\u00e7\u00e3o Civil P\u00fablica movida pelo MPTO em desfavor da Ricanato Incorporadora e Imobili\u00e1ria Ltda. e do munic\u00edpio de Palmas.<\/p>\n\n\n\n<p>O caso trata da instala\u00e7\u00e3o de infraestrutura urbana no loteamento Jardim S\u00f4nia Regina, al\u00e9m de pend\u00eancias em outros bairros. Segundo a promotora, o objetivo do Minist\u00e9rio P\u00fablico \u00e9 garantir a execu\u00e7\u00e3o eficaz das obras e garantir melhores condi\u00e7\u00f5es de vida para os moradores destas localidades.<\/p>\n\n\n\n<p>Durante a audi\u00eancia, o Defensor P\u00fablico Arthur Luiz P\u00e1dua Marques manifestou apoio a um acordo, desde que sejam observadas as responsabilidades prestadas entre a empresa e o munic\u00edpio. J\u00e1 o procurador-geral de Palmas, Renato de Oliveira, informou que os projetos j\u00e1 elaborados foram aprovados pela Secretaria de Infraestrutura e Servi\u00e7os P\u00fablicos (Seisp) e que a C\u00e2mara Municipal autorizou a contrata\u00e7\u00e3o de empr\u00e9stimo para viabilizar as obras.<\/p>\n\n\n\n<p>A proposta discutida prev\u00ea que a Ricanato seja respons\u00e1vel pela execu\u00e7\u00e3o total das obras do Jardim S\u00f4nia Regina, no prazo de 24 meses, na troca da devolu\u00e7\u00e3o do loteamento Jardim Irenilda. J\u00e1 o munic\u00edpio de Palmas dever\u00e1 assumir a conclus\u00e3o das obras nos loteamentos Jardim Bela Vista e Jardim Aeroporto, com prazo de at\u00e9 36 meses, condicionado \u00e0s licen\u00e7as ambientais.<\/p>\n\n\n\n<p>A promotora K\u00e1tia Chaves Gallieta destacou que sol\u00edcito parecer t\u00e9cnico-jur\u00eddico ao Centro de Apoio Operacional do Patrim\u00f4nio P\u00fablico (Caop\/MPTO), que dever\u00e1 se manifestar sobre a resolu\u00e7\u00e3o contratual da \u00e1rea do Jardim Irenilda. O documento ser\u00e1 anexado ao processo e encaminhado \u00e0 audi\u00eancia judicial. \u201cA atua\u00e7\u00e3o do Minist\u00e9rio P\u00fablico \u00e9 fundamental para garantir que os compromissos firmados entre o poder p\u00fablico e a iniciativa privada resultem, de facto, em melhorias estruturais para a popula\u00e7\u00e3o\u201d, finalizou a promotora.<\/p>\n","protected":false},"excerpt":{"rendered":"<p>O Minist\u00e9rio P\u00fablico do Tocantins (MPTO), por meio da 23\u00aa Promotoria de Justi\u00e7a da Capital, converteu nesta quinta-feira, 2, audi\u00eancia administrativa para discutir a execu\u00e7\u00e3o de obras de infraestrutura em loteamentos de Palmas. A reuni\u00e3o foi presidida pela promotora de Justi\u00e7a K\u00e1tia Chaves Gallieta e integra o Procedimento de Gest\u00e3o Administrativa (PGA n\u00ba 2025.0012929), relacionado [&hellip;]<\/p>\n","protected":false},"author":13,"featured_media":79194,"comment_status":"open","ping_status":"open","sticky":false,"template":"","format":"standard","meta":{"_acf_changed":false,"footnotes":""},"categories":[22,898,21],"tags":[],"class_list":["post-87115","post","type-post","status-publish","format-standard","has-post-thumbnail","hentry","category-cidades","category-manchete-segundaria","category-todas-noticias"],"acf":[],"yoast_head":"<!-- This site is optimized with the Yoast SEO plugin v24.4 - https:\/\/yoast.com\/wordpress\/plugins\/seo\/ -->\n<title>MPTO e DPE cobra infraestrutura no loteamento - PORTAL DE NOT\u00cdCIAS CLEITON PINHEIRO<\/title>\n<meta name=\"robots\" content=\"index, follow, max-snippet:-1, max-image-preview:large, max-video-preview:-1\" \/>\n<link rel=\"canonical\" href=\"https:\/\/cleitonpinheiro.com.br\/site\/mpto-e-dpe-cobra-infraestrutura-no-loteamento\/\" \/>\n<meta property=\"og:locale\" content=\"pt_BR\" \/>\n<meta property=\"og:type\" content=\"article\" \/>\n<meta property=\"og:title\" content=\"MPTO e DPE cobra infraestrutura no loteamento - PORTAL DE NOT\u00cdCIAS CLEITON PINHEIRO\" \/>\n<meta property=\"og:description\" content=\"O Minist\u00e9rio P\u00fablico do Tocantins (MPTO), por meio da 23\u00aa Promotoria de Justi\u00e7a da Capital, converteu nesta quinta-feira, 2, audi\u00eancia administrativa para discutir a execu\u00e7\u00e3o de obras de infraestrutura em loteamentos de Palmas. A reuni\u00e3o foi presidida pela promotora de Justi\u00e7a K\u00e1tia Chaves Gallieta e integra o Procedimento de Gest\u00e3o Administrativa (PGA n\u00ba 2025.0012929), relacionado [&hellip;]\" \/>\n<meta property=\"og:url\" content=\"https:\/\/cleitonpinheiro.com.br\/site\/mpto-e-dpe-cobra-infraestrutura-no-loteamento\/\" \/>\n<meta property=\"og:site_name\" content=\"PORTAL DE NOT\u00cdCIAS CLEITON PINHEIRO\" \/>\n<meta property=\"article:publisher\" content=\"https:\/\/www.facebook.com\/portalcpnoticias\/\" \/>\n<meta property=\"article:published_time\" content=\"2025-10-10T19:55:44+00:00\" \/>\n<meta property=\"article:modified_time\" content=\"2025-10-10T19:55:49+00:00\" \/>\n<meta property=\"og:image\" content=\"https:\/\/cleitonpinheiro.com.br\/site\/wp-content\/uploads\/2024\/07\/Ronaldo-Mit-MPE-to.webp\" \/>\n\t<meta property=\"og:image:width\" content=\"984\" \/>\n\t<meta property=\"og:image:height\" content=\"656\" \/>\n\t<meta property=\"og:image:type\" content=\"image\/webp\" \/>\n<meta name=\"author\" content=\"Reda\u00e7\u00e3o CP\" \/>\n<meta name=\"twitter:card\" content=\"summary_large_image\" \/>\n<meta name=\"twitter:label1\" content=\"Escrito por\" \/>\n\t<meta name=\"twitter:data1\" content=\"Reda\u00e7\u00e3o CP\" \/>\n\t<meta name=\"twitter:label2\" content=\"Est. tempo de leitura\" \/>\n\t<meta name=\"twitter:data2\" content=\"3 minutos\" \/>\n<script type=\"application\/ld+json\" class=\"yoast-schema-graph\">{\"@context\":\"https:\/\/schema.org\",\"@graph\":[{\"@type\":\"Article\",\"@id\":\"https:\/\/cleitonpinheiro.com.br\/site\/mpto-e-dpe-cobra-infraestrutura-no-loteamento\/#article\",\"isPartOf\":{\"@id\":\"https:\/\/cleitonpinheiro.com.br\/site\/mpto-e-dpe-cobra-infraestrutura-no-loteamento\/\"},\"author\":{\"name\":\"Reda\u00e7\u00e3o CP\",\"@id\":\"https:\/\/cleitonpinheiro.com.br\/site\/#\/schema\/person\/8f04544e0bc40a1b68775b08360f87db\"},\"headline\":\"MPTO e DPE cobra infraestrutura no loteamento\",\"datePublished\":\"2025-10-10T19:55:44+00:00\",\"dateModified\":\"2025-10-10T19:55:49+00:00\",\"mainEntityOfPage\":{\"@id\":\"https:\/\/cleitonpinheiro.com.br\/site\/mpto-e-dpe-cobra-infraestrutura-no-loteamento\/\"},\"wordCount\":371,\"commentCount\":0,\"publisher\":{\"@id\":\"https:\/\/cleitonpinheiro.com.br\/site\/#organization\"},\"image\":{\"@id\":\"https:\/\/cleitonpinheiro.com.br\/site\/mpto-e-dpe-cobra-infraestrutura-no-loteamento\/#primaryimage\"},\"thumbnailUrl\":\"https:\/\/cleitonpinheiro.com.br\/site\/wp-content\/uploads\/2024\/07\/Ronaldo-Mit-MPE-to.webp\",\"articleSection\":[\"CIDADES\",\"MANCHETE SEGUND\u00c1RIA\",\"TODAS NOTICIAS\"],\"inLanguage\":\"pt-BR\",\"potentialAction\":[{\"@type\":\"CommentAction\",\"name\":\"Comment\",\"target\":[\"https:\/\/cleitonpinheiro.com.br\/site\/mpto-e-dpe-cobra-infraestrutura-no-loteamento\/#respond\"]}]},{\"@type\":\"WebPage\",\"@id\":\"https:\/\/cleitonpinheiro.com.br\/site\/mpto-e-dpe-cobra-infraestrutura-no-loteamento\/\",\"url\":\"https:\/\/cleitonpinheiro.com.br\/site\/mpto-e-dpe-cobra-infraestrutura-no-loteamento\/\",\"name\":\"MPTO e DPE cobra infraestrutura no loteamento - PORTAL DE NOT\u00cdCIAS CLEITON PINHEIRO\",\"isPartOf\":{\"@id\":\"https:\/\/cleitonpinheiro.com.br\/site\/#website\"},\"primaryImageOfPage\":{\"@id\":\"https:\/\/cleitonpinheiro.com.br\/site\/mpto-e-dpe-cobra-infraestrutura-no-loteamento\/#primaryimage\"},\"image\":{\"@id\":\"https:\/\/cleitonpinheiro.com.br\/site\/mpto-e-dpe-cobra-infraestrutura-no-loteamento\/#primaryimage\"},\"thumbnailUrl\":\"https:\/\/cleitonpinheiro.com.br\/site\/wp-content\/uploads\/2024\/07\/Ronaldo-Mit-MPE-to.webp\",\"datePublished\":\"2025-10-10T19:55:44+00:00\",\"dateModified\":\"2025-10-10T19:55:49+00:00\",\"breadcrumb\":{\"@id\":\"https:\/\/cleitonpinheiro.com.br\/site\/mpto-e-dpe-cobra-infraestrutura-no-loteamento\/#breadcrumb\"},\"inLanguage\":\"pt-BR\",\"potentialAction\":[{\"@type\":\"ReadAction\",\"target\":[\"https:\/\/cleitonpinheiro.com.br\/site\/mpto-e-dpe-cobra-infraestrutura-no-loteamento\/\"]}]},{\"@type\":\"ImageObject\",\"inLanguage\":\"pt-BR\",\"@id\":\"https:\/\/cleitonpinheiro.com.br\/site\/mpto-e-dpe-cobra-infraestrutura-no-loteamento\/#primaryimage\",\"url\":\"https:\/\/cleitonpinheiro.com.br\/site\/wp-content\/uploads\/2024\/07\/Ronaldo-Mit-MPE-to.webp\",\"contentUrl\":\"https:\/\/cleitonpinheiro.com.br\/site\/wp-content\/uploads\/2024\/07\/Ronaldo-Mit-MPE-to.webp\",\"width\":984,\"height\":656},{\"@type\":\"BreadcrumbList\",\"@id\":\"https:\/\/cleitonpinheiro.com.br\/site\/mpto-e-dpe-cobra-infraestrutura-no-loteamento\/#breadcrumb\",\"itemListElement\":[{\"@type\":\"ListItem\",\"position\":1,\"name\":\"In\u00edcio\",\"item\":\"https:\/\/cleitonpinheiro.com.br\/site\/\"},{\"@type\":\"ListItem\",\"position\":2,\"name\":\"MPTO e DPE cobra infraestrutura no loteamento\"}]},{\"@type\":\"WebSite\",\"@id\":\"https:\/\/cleitonpinheiro.com.br\/site\/#website\",\"url\":\"https:\/\/cleitonpinheiro.com.br\/site\/\",\"name\":\"PORTAL DE NOT\u00cdCIAS CLEITON PINHEIRO\",\"description\":\"FALANDO A VERDADE\",\"publisher\":{\"@id\":\"https:\/\/cleitonpinheiro.com.br\/site\/#organization\"},\"potentialAction\":[{\"@type\":\"SearchAction\",\"target\":{\"@type\":\"EntryPoint\",\"urlTemplate\":\"https:\/\/cleitonpinheiro.com.br\/site\/?s={search_term_string}\"},\"query-input\":{\"@type\":\"PropertyValueSpecification\",\"valueRequired\":true,\"valueName\":\"search_term_string\"}}],\"inLanguage\":\"pt-BR\"},{\"@type\":\"Organization\",\"@id\":\"https:\/\/cleitonpinheiro.com.br\/site\/#organization\",\"name\":\"CPNOT\u00cdCIAS\",\"url\":\"https:\/\/cleitonpinheiro.com.br\/site\/\",\"logo\":{\"@type\":\"ImageObject\",\"inLanguage\":\"pt-BR\",\"@id\":\"https:\/\/cleitonpinheiro.com.br\/site\/#\/schema\/logo\/image\/\",\"url\":\"https:\/\/cleitonpinheiro.com.br\/site\/wp-content\/uploads\/2022\/08\/Logo-pequena-2.png\",\"contentUrl\":\"https:\/\/cleitonpinheiro.com.br\/site\/wp-content\/uploads\/2022\/08\/Logo-pequena-2.png\",\"width\":500,\"height\":500,\"caption\":\"CPNOT\u00cdCIAS\"},\"image\":{\"@id\":\"https:\/\/cleitonpinheiro.com.br\/site\/#\/schema\/logo\/image\/\"},\"sameAs\":[\"https:\/\/www.facebook.com\/portalcpnoticias\/\"]},{\"@type\":\"Person\",\"@id\":\"https:\/\/cleitonpinheiro.com.br\/site\/#\/schema\/person\/8f04544e0bc40a1b68775b08360f87db\",\"name\":\"Reda\u00e7\u00e3o CP\",\"image\":{\"@type\":\"ImageObject\",\"inLanguage\":\"pt-BR\",\"@id\":\"https:\/\/cleitonpinheiro.com.br\/site\/#\/schema\/person\/image\/\",\"url\":\"https:\/\/secure.gravatar.com\/avatar\/0bcf19cb29fdc8fc588c490c7ae1b3e174dac268586a63fbe1d1893a0f9020cd?s=96&r=g\",\"contentUrl\":\"https:\/\/secure.gravatar.com\/avatar\/0bcf19cb29fdc8fc588c490c7ae1b3e174dac268586a63fbe1d1893a0f9020cd?s=96&r=g\",\"caption\":\"Reda\u00e7\u00e3o CP\"},\"url\":\"https:\/\/cleitonpinheiro.com.br\/site\/author\/redacao\/\"}]}<\/script>\n<!-- \/ Yoast SEO plugin. -->","yoast_head_json":{"title":"MPTO e DPE cobra infraestrutura no loteamento - PORTAL DE NOT\u00cdCIAS CLEITON PINHEIRO","robots":{"index":"index","follow":"follow","max-snippet":"max-snippet:-1","max-image-preview":"max-image-preview:large","max-video-preview":"max-video-preview:-1"},"canonical":"https:\/\/cleitonpinheiro.com.br\/site\/mpto-e-dpe-cobra-infraestrutura-no-loteamento\/","og_locale":"pt_BR","og_type":"article","og_title":"MPTO e DPE cobra infraestrutura no loteamento - PORTAL DE NOT\u00cdCIAS CLEITON PINHEIRO","og_description":"O Minist\u00e9rio P\u00fablico do Tocantins (MPTO), por meio da 23\u00aa Promotoria de Justi\u00e7a da Capital, converteu nesta quinta-feira, 2, audi\u00eancia administrativa para discutir a execu\u00e7\u00e3o de obras de infraestrutura em loteamentos de Palmas. A reuni\u00e3o foi presidida pela promotora de Justi\u00e7a K\u00e1tia Chaves Gallieta e integra o Procedimento de Gest\u00e3o Administrativa (PGA n\u00ba 2025.0012929), relacionado [&hellip;]","og_url":"https:\/\/cleitonpinheiro.com.br\/site\/mpto-e-dpe-cobra-infraestrutura-no-loteamento\/","og_site_name":"PORTAL DE NOT\u00cdCIAS CLEITON PINHEIRO","article_publisher":"https:\/\/www.facebook.com\/portalcpnoticias\/","article_published_time":"2025-10-10T19:55:44+00:00","article_modified_time":"2025-10-10T19:55:49+00:00","og_image":[{"width":984,"height":656,"url":"https:\/\/cleitonpinheiro.com.br\/site\/wp-content\/uploads\/2024\/07\/Ronaldo-Mit-MPE-to.webp","type":"image\/webp"}],"author":"Reda\u00e7\u00e3o CP","twitter_card":"summary_large_image","twitter_misc":{"Escrito por":"Reda\u00e7\u00e3o CP","Est. tempo de leitura":"3 minutos"},"schema":{"@context":"https:\/\/schema.org","@graph":[{"@type":"Article","@id":"https:\/\/cleitonpinheiro.com.br\/site\/mpto-e-dpe-cobra-infraestrutura-no-loteamento\/#article","isPartOf":{"@id":"https:\/\/cleitonpinheiro.com.br\/site\/mpto-e-dpe-cobra-infraestrutura-no-loteamento\/"},"author":{"name":"Reda\u00e7\u00e3o CP","@id":"https:\/\/cleitonpinheiro.com.br\/site\/#\/schema\/person\/8f04544e0bc40a1b68775b08360f87db"},"headline":"MPTO e DPE cobra infraestrutura no loteamento","datePublished":"2025-10-10T19:55:44+00:00","dateModified":"2025-10-10T19:55:49+00:00","mainEntityOfPage":{"@id":"https:\/\/cleitonpinheiro.com.br\/site\/mpto-e-dpe-cobra-infraestrutura-no-loteamento\/"},"wordCount":371,"commentCount":0,"publisher":{"@id":"https:\/\/cleitonpinheiro.com.br\/site\/#organization"},"image":{"@id":"https:\/\/cleitonpinheiro.com.br\/site\/mpto-e-dpe-cobra-infraestrutura-no-loteamento\/#primaryimage"},"thumbnailUrl":"https:\/\/cleitonpinheiro.com.br\/site\/wp-content\/uploads\/2024\/07\/Ronaldo-Mit-MPE-to.webp","articleSection":["CIDADES","MANCHETE SEGUND\u00c1RIA","TODAS NOTICIAS"],"inLanguage":"pt-BR","potentialAction":[{"@type":"CommentAction","name":"Comment","target":["https:\/\/cleitonpinheiro.com.br\/site\/mpto-e-dpe-cobra-infraestrutura-no-loteamento\/#respond"]}]},{"@type":"WebPage","@id":"https:\/\/cleitonpinheiro.com.br\/site\/mpto-e-dpe-cobra-infraestrutura-no-loteamento\/","url":"https:\/\/cleitonpinheiro.com.br\/site\/mpto-e-dpe-cobra-infraestrutura-no-loteamento\/","name":"MPTO e DPE cobra infraestrutura no loteamento - PORTAL DE NOT\u00cdCIAS CLEITON PINHEIRO","isPartOf":{"@id":"https:\/\/cleitonpinheiro.com.br\/site\/#website"},"primaryImageOfPage":{"@id":"https:\/\/cleitonpinheiro.com.br\/site\/mpto-e-dpe-cobra-infraestrutura-no-loteamento\/#primaryimage"},"image":{"@id":"https:\/\/cleitonpinheiro.com.br\/site\/mpto-e-dpe-cobra-infraestrutura-no-loteamento\/#primaryimage"},"thumbnailUrl":"https:\/\/cleitonpinheiro.com.br\/site\/wp-content\/uploads\/2024\/07\/Ronaldo-Mit-MPE-to.webp","datePublished":"2025-10-10T19:55:44+00:00","dateModified":"2025-10-10T19:55:49+00:00","breadcrumb":{"@id":"https:\/\/cleitonpinheiro.com.br\/site\/mpto-e-dpe-cobra-infraestrutura-no-loteamento\/#breadcrumb"},"inLanguage":"pt-BR","potentialAction":[{"@type":"ReadAction","target":["https:\/\/cleitonpinheiro.com.br\/site\/mpto-e-dpe-cobra-infraestrutura-no-loteamento\/"]}]},{"@type":"ImageObject","inLanguage":"pt-BR","@id":"https:\/\/cleitonpinheiro.com.br\/site\/mpto-e-dpe-cobra-infraestrutura-no-loteamento\/#primaryimage","url":"https:\/\/cleitonpinheiro.com.br\/site\/wp-content\/uploads\/2024\/07\/Ronaldo-Mit-MPE-to.webp","contentUrl":"https:\/\/cleitonpinheiro.com.br\/site\/wp-content\/uploads\/2024\/07\/Ronaldo-Mit-MPE-to.webp","width":984,"height":656},{"@type":"BreadcrumbList","@id":"https:\/\/cleitonpinheiro.com.br\/site\/mpto-e-dpe-cobra-infraestrutura-no-loteamento\/#breadcrumb","itemListElement":[{"@type":"ListItem","position":1,"name":"In\u00edcio","item":"https:\/\/cleitonpinheiro.com.br\/site\/"},{"@type":"ListItem","position":2,"name":"MPTO e DPE cobra infraestrutura no loteamento"}]},{"@type":"WebSite","@id":"https:\/\/cleitonpinheiro.com.br\/site\/#website","url":"https:\/\/cleitonpinheiro.com.br\/site\/","name":"PORTAL DE NOT\u00cdCIAS CLEITON PINHEIRO","description":"FALANDO A VERDADE","publisher":{"@id":"https:\/\/cleitonpinheiro.com.br\/site\/#organization"},"potentialAction":[{"@type":"SearchAction","target":{"@type":"EntryPoint","urlTemplate":"https:\/\/cleitonpinheiro.com.br\/site\/?s={search_term_string}"},"query-input":{"@type":"PropertyValueSpecification","valueRequired":true,"valueName":"search_term_string"}}],"inLanguage":"pt-BR"},{"@type":"Organization","@id":"https:\/\/cleitonpinheiro.com.br\/site\/#organization","name":"CPNOT\u00cdCIAS","url":"https:\/\/cleitonpinheiro.com.br\/site\/","logo":{"@type":"ImageObject","inLanguage":"pt-BR","@id":"https:\/\/cleitonpinheiro.com.br\/site\/#\/schema\/logo\/image\/","url":"https:\/\/cleitonpinheiro.com.br\/site\/wp-content\/uploads\/2022\/08\/Logo-pequena-2.png","contentUrl":"https:\/\/cleitonpinheiro.com.br\/site\/wp-content\/uploads\/2022\/08\/Logo-pequena-2.png","width":500,"height":500,"caption":"CPNOT\u00cdCIAS"},"image":{"@id":"https:\/\/cleitonpinheiro.com.br\/site\/#\/schema\/logo\/image\/"},"sameAs":["https:\/\/www.facebook.com\/portalcpnoticias\/"]},{"@type":"Person","@id":"https:\/\/cleitonpinheiro.com.br\/site\/#\/schema\/person\/8f04544e0bc40a1b68775b08360f87db","name":"Reda\u00e7\u00e3o CP","image":{"@type":"ImageObject","inLanguage":"pt-BR","@id":"https:\/\/cleitonpinheiro.com.br\/site\/#\/schema\/person\/image\/","url":"https:\/\/secure.gravatar.com\/avatar\/0bcf19cb29fdc8fc588c490c7ae1b3e174dac268586a63fbe1d1893a0f9020cd?s=96&r=g","contentUrl":"https:\/\/secure.gravatar.com\/avatar\/0bcf19cb29fdc8fc588c490c7ae1b3e174dac268586a63fbe1d1893a0f9020cd?s=96&r=g","caption":"Reda\u00e7\u00e3o CP"},"url":"https:\/\/cleitonpinheiro.com.br\/site\/author\/redacao\/"}]}},"views":100,"_links":{"self":[{"href":"https:\/\/cleitonpinheiro.com.br\/site\/wp-json\/wp\/v2\/posts\/87115","targetHints":{"allow":["GET"]}}],"collection":[{"href":"https:\/\/cleitonpinheiro.com.br\/site\/wp-json\/wp\/v2\/posts"}],"about":[{"href":"https:\/\/cleitonpinheiro.com.br\/site\/wp-json\/wp\/v2\/types\/post"}],"author":[{"embeddable":true,"href":"https:\/\/cleitonpinheiro.com.br\/site\/wp-json\/wp\/v2\/users\/13"}],"replies":[{"embeddable":true,"href":"https:\/\/cleitonpinheiro.com.br\/site\/wp-json\/wp\/v2\/comments?post=87115"}],"version-history":[{"count":1,"href":"https:\/\/cleitonpinheiro.com.br\/site\/wp-json\/wp\/v2\/posts\/87115\/revisions"}],"predecessor-version":[{"id":87120,"href":"https:\/\/cleitonpinheiro.com.br\/site\/wp-json\/wp\/v2\/posts\/87115\/revisions\/87120"}],"wp:featuredmedia":[{"embeddable":true,"href":"https:\/\/cleitonpinheiro.com.br\/site\/wp-json\/wp\/v2\/media\/79194"}],"wp:attachment":[{"href":"https:\/\/cleitonpinheiro.com.br\/site\/wp-json\/wp\/v2\/media?parent=87115"}],"wp:term":[{"taxonomy":"category","embeddable":true,"href":"https:\/\/cleitonpinheiro.com.br\/site\/wp-json\/wp\/v2\/categories?post=87115"},{"taxonomy":"post_tag","embeddable":true,"href":"https:\/\/cleitonpinheiro.com.br\/site\/wp-json\/wp\/v2\/tags?post=87115"}],"curies":[{"name":"wp","href":"https:\/\/api.w.org\/{rel}","templated":true}]}}