{"id":87128,"date":"2025-10-10T17:36:13","date_gmt":"2025-10-10T20:36:13","guid":{"rendered":"https:\/\/cleitonpinheiro.com.br\/site\/?p=87128"},"modified":"2025-10-10T17:36:19","modified_gmt":"2025-10-10T20:36:19","slug":"arthur-elias-convoca-selecao-para-amistosos-contra-inglaterra-e-italia","status":"publish","type":"post","link":"https:\/\/cleitonpinheiro.com.br\/site\/arthur-elias-convoca-selecao-para-amistosos-contra-inglaterra-e-italia\/","title":{"rendered":"Arthur Elias convoca sele\u00e7\u00e3o para amistosos contra Inglaterra e It\u00e1lia"},"content":{"rendered":"\n<figure class=\"wp-block-image size-large\"><img fetchpriority=\"high\" decoding=\"async\" width=\"1024\" height=\"613\" src=\"https:\/\/cleitonpinheiro.com.br\/site\/wp-content\/uploads\/2025\/10\/arthur_elias_convocacao_9_10-1024x613.webp\" alt=\"\" class=\"wp-image-87129\" srcset=\"https:\/\/cleitonpinheiro.com.br\/site\/wp-content\/uploads\/2025\/10\/arthur_elias_convocacao_9_10-1024x613.webp 1024w, https:\/\/cleitonpinheiro.com.br\/site\/wp-content\/uploads\/2025\/10\/arthur_elias_convocacao_9_10-300x179.webp 300w, https:\/\/cleitonpinheiro.com.br\/site\/wp-content\/uploads\/2025\/10\/arthur_elias_convocacao_9_10-768x459.webp 768w, https:\/\/cleitonpinheiro.com.br\/site\/wp-content\/uploads\/2025\/10\/arthur_elias_convocacao_9_10.webp 1170w\" sizes=\"(max-width: 1024px) 100vw, 1024px\" \/><figcaption class=\"wp-element-caption\">\u00a9 L\u00edvia Villas Boas\/CBF\/Direitos Reservados\n<\/figcaption><\/figure>\n\n\n\n<p><a href=\"https:\/\/agenciabrasil.ebc.com.br\/esportes\/noticia\/2025-08\/em-final-emocionante-brasil-bate-colombia-e-e-campeao-da-copa-america\"><strong>Campe\u00e3 da Copa Am\u00e9rica Feminina<\/strong><\/a>, a sele\u00e7\u00e3o brasileira voltar\u00e1 a campo modificada para os amistosos fora de casa contra a Inglaterra e It\u00e1lia, nos dias 25 e 28 de outubro, respectivamente. Nesta quinta-feira (9), o t\u00e9cnico Arthur Elias convocou 23 jogadoras para enfrentar duas pot\u00eancias do futebol europeu como prepara\u00e7\u00e3o para a Copa do Mundo de 2027, no Brasil. A Inglaterra \u00e9 bicampe\u00e3 continental e vice mundial, e a It\u00e1lia foi semifinalista na \u00faltima edi\u00e7\u00e3o da Europa.<img decoding=\"async\" src=\"https:\/\/agenciabrasil.ebc.com.br\/ebc.png?id=1662127&amp;o=node\"><img decoding=\"async\" src=\"https:\/\/agenciabrasil.ebc.com.br\/ebc.gif?id=1662127&amp;o=node\"><\/p>\n\n\n\n<p>\u201cS\u00e3o 10 trocas [na convoca\u00e7\u00e3o] em rela\u00e7\u00e3o ao&nbsp;<a href=\"https:\/\/agenciabrasil.ebc.com.br\/esportes\/noticia\/2025-06\/selecao-feminina-tera-marta-jhonson-e-dudinha-na-copa-america#:~:text=O%20t%C3%A9cnico%20Arthur%20Elias%20convocou,a%20participa%C3%A7%C3%A3o%20de%2012%20na%C3%A7%C3%B5es.\"><strong>grupo que foi campe\u00e3o&nbsp;<\/strong><\/a>recentemente na Copa Am\u00e9rica. S\u00e3o situa\u00e7\u00f5es que eu entendo que s\u00e3o favor\u00e1veis para esse processo [de prepara\u00e7\u00e3o] at\u00e9 2027\u201d, pontuou o treinador.<\/p>\n\n\n\n<p>Entre as que ganharam a primeira chance na amarelinha est\u00e3o a goleira Carlinha (S\u00e3o Paulo) e a lateral direita Isabela Chagas (PSG, ex-Cruzeiro). As demais altera\u00e7\u00f5es no time s\u00e3o retornos, como o da meio-campista La\u00eds Estevan, que ficou fora da Copa Am\u00e9rica devido a uma les\u00e3o. No ataque, est\u00e3o de volta Bia Zaneratto, Ludmila, Jeniffer e Tain\u00e1 Maranh\u00e3o, e na defesa as jogadoras Vit\u00f3ria Calhau (Cruzeiro) e Tha\u00eds Ferreira (Coirintians).<\/p>\n\n\n\n<p>Os amistosos ser\u00e3o os primeiros compromissos oficiais da sele\u00e7\u00e3o ap\u00f3s a conquista da Copa Am\u00e9rica. Arthur Elias ressaltou a import\u00e2ncia de a equipe, vice-campe\u00e3 ol\u00edmpica,&nbsp;medir for\u00e7as com advers\u00e1rias qualificadas.<\/p>\n\n\n\n<p>\u201cA Inglaterra \u00e9 uma sele\u00e7\u00e3o que a gente estudou muito bem, que com certeza vai nos testar em alto n\u00edvel, tanto para conseguirmos atacar \u2013 tem uma boa defesa, bem compacta \u2013 quanto tamb\u00e9m para tomar os cuidados com a qualidade das atletas, assim como n\u00f3s temos a qualidade das nossas jogadoras\u201d, detalhou o t\u00e9cnico.&nbsp;\u201cContra a It\u00e1lia, o interessante \u00e9 que \u00e9 um confronto diferente. S\u00e3o modelos de jogo bastante diferentes da It\u00e1lia e da Inglaterra. Isso em pouco tempo \u00e9 bastante rico para uma prepara\u00e7\u00e3o onde a gente precisa, com um treino somente, colocar um outro confronto de sistemas, de caracter\u00edsticas de atletas para que a gente consiga vencer os dois jogos\u201d.<\/p>\n\n\n\n<h2 class=\"wp-block-heading\">Amistosos<\/h2>\n\n\n\n<p>Brasil x Inglaterra \u2013 25 de outubro (s\u00e1bado), \u00e0s 13h30 (hor\u00e1rio de Bras\u00edlia) &#8211; &nbsp;Etihad&nbsp;Stadium, &nbsp;na cidade de Manchester;<\/p>\n\n\n\n<p>Brasil x It\u00e1lia \u2013 28 de outubro \u2013 13h15 &#8211; Est\u00e1dio Ennio Tardini, cidade de Parma.<\/p>\n\n\n\n<p><\/p>\n","protected":false},"excerpt":{"rendered":"<p>Campe\u00e3 da Copa Am\u00e9rica Feminina, a sele\u00e7\u00e3o brasileira voltar\u00e1 a campo modificada para os amistosos fora de casa contra a Inglaterra e It\u00e1lia, nos dias 25 e 28 de outubro, respectivamente. Nesta quinta-feira (9), o t\u00e9cnico Arthur Elias convocou 23 jogadoras para enfrentar duas pot\u00eancias do futebol europeu como prepara\u00e7\u00e3o para a Copa do Mundo [&hellip;]<\/p>\n","protected":false},"author":13,"featured_media":87129,"comment_status":"open","ping_status":"open","sticky":false,"template":"","format":"standard","meta":{"_acf_changed":false,"footnotes":""},"categories":[1,20,21],"tags":[],"class_list":["post-87128","post","type-post","status-publish","format-standard","has-post-thumbnail","hentry","category-esporte","category-noticias-em-destaque","category-todas-noticias"],"acf":[],"yoast_head":"<!-- This site is optimized with the Yoast SEO plugin v24.4 - https:\/\/yoast.com\/wordpress\/plugins\/seo\/ -->\n<title>Arthur Elias convoca sele\u00e7\u00e3o para amistosos contra Inglaterra e It\u00e1lia - PORTAL DE NOT\u00cdCIAS CLEITON PINHEIRO<\/title>\n<meta name=\"robots\" content=\"index, follow, max-snippet:-1, max-image-preview:large, max-video-preview:-1\" \/>\n<link rel=\"canonical\" href=\"https:\/\/cleitonpinheiro.com.br\/site\/arthur-elias-convoca-selecao-para-amistosos-contra-inglaterra-e-italia\/\" \/>\n<meta property=\"og:locale\" content=\"pt_BR\" \/>\n<meta property=\"og:type\" content=\"article\" \/>\n<meta property=\"og:title\" content=\"Arthur Elias convoca sele\u00e7\u00e3o para amistosos contra Inglaterra e It\u00e1lia - PORTAL DE NOT\u00cdCIAS CLEITON PINHEIRO\" \/>\n<meta property=\"og:description\" content=\"Campe\u00e3 da Copa Am\u00e9rica Feminina, a sele\u00e7\u00e3o brasileira voltar\u00e1 a campo modificada para os amistosos fora de casa contra a Inglaterra e It\u00e1lia, nos dias 25 e 28 de outubro, respectivamente. Nesta quinta-feira (9), o t\u00e9cnico Arthur Elias convocou 23 jogadoras para enfrentar duas pot\u00eancias do futebol europeu como prepara\u00e7\u00e3o para a Copa do Mundo [&hellip;]\" \/>\n<meta property=\"og:url\" content=\"https:\/\/cleitonpinheiro.com.br\/site\/arthur-elias-convoca-selecao-para-amistosos-contra-inglaterra-e-italia\/\" \/>\n<meta property=\"og:site_name\" content=\"PORTAL DE NOT\u00cdCIAS CLEITON PINHEIRO\" \/>\n<meta property=\"article:publisher\" content=\"https:\/\/www.facebook.com\/portalcpnoticias\/\" \/>\n<meta property=\"article:published_time\" content=\"2025-10-10T20:36:13+00:00\" \/>\n<meta property=\"article:modified_time\" content=\"2025-10-10T20:36:19+00:00\" \/>\n<meta property=\"og:image\" content=\"https:\/\/cleitonpinheiro.com.br\/site\/wp-content\/uploads\/2025\/10\/arthur_elias_convocacao_9_10.webp\" \/>\n\t<meta property=\"og:image:width\" content=\"1170\" \/>\n\t<meta property=\"og:image:height\" content=\"700\" \/>\n\t<meta property=\"og:image:type\" content=\"image\/webp\" \/>\n<meta name=\"author\" content=\"Reda\u00e7\u00e3o CP\" \/>\n<meta name=\"twitter:card\" content=\"summary_large_image\" \/>\n<meta name=\"twitter:label1\" content=\"Escrito por\" \/>\n\t<meta name=\"twitter:data1\" content=\"Reda\u00e7\u00e3o CP\" \/>\n\t<meta name=\"twitter:label2\" content=\"Est. tempo de leitura\" \/>\n\t<meta name=\"twitter:data2\" content=\"3 minutos\" \/>\n<script type=\"application\/ld+json\" class=\"yoast-schema-graph\">{\"@context\":\"https:\/\/schema.org\",\"@graph\":[{\"@type\":\"Article\",\"@id\":\"https:\/\/cleitonpinheiro.com.br\/site\/arthur-elias-convoca-selecao-para-amistosos-contra-inglaterra-e-italia\/#article\",\"isPartOf\":{\"@id\":\"https:\/\/cleitonpinheiro.com.br\/site\/arthur-elias-convoca-selecao-para-amistosos-contra-inglaterra-e-italia\/\"},\"author\":{\"name\":\"Reda\u00e7\u00e3o CP\",\"@id\":\"https:\/\/cleitonpinheiro.com.br\/site\/#\/schema\/person\/8f04544e0bc40a1b68775b08360f87db\"},\"headline\":\"Arthur Elias convoca sele\u00e7\u00e3o para amistosos contra Inglaterra e It\u00e1lia\",\"datePublished\":\"2025-10-10T20:36:13+00:00\",\"dateModified\":\"2025-10-10T20:36:19+00:00\",\"mainEntityOfPage\":{\"@id\":\"https:\/\/cleitonpinheiro.com.br\/site\/arthur-elias-convoca-selecao-para-amistosos-contra-inglaterra-e-italia\/\"},\"wordCount\":421,\"commentCount\":0,\"publisher\":{\"@id\":\"https:\/\/cleitonpinheiro.com.br\/site\/#organization\"},\"image\":{\"@id\":\"https:\/\/cleitonpinheiro.com.br\/site\/arthur-elias-convoca-selecao-para-amistosos-contra-inglaterra-e-italia\/#primaryimage\"},\"thumbnailUrl\":\"https:\/\/cleitonpinheiro.com.br\/site\/wp-content\/uploads\/2025\/10\/arthur_elias_convocacao_9_10.webp\",\"articleSection\":[\"ESPORTE\",\"NOT\u00cdCIAS EM DESTAQUE\",\"TODAS NOTICIAS\"],\"inLanguage\":\"pt-BR\",\"potentialAction\":[{\"@type\":\"CommentAction\",\"name\":\"Comment\",\"target\":[\"https:\/\/cleitonpinheiro.com.br\/site\/arthur-elias-convoca-selecao-para-amistosos-contra-inglaterra-e-italia\/#respond\"]}]},{\"@type\":\"WebPage\",\"@id\":\"https:\/\/cleitonpinheiro.com.br\/site\/arthur-elias-convoca-selecao-para-amistosos-contra-inglaterra-e-italia\/\",\"url\":\"https:\/\/cleitonpinheiro.com.br\/site\/arthur-elias-convoca-selecao-para-amistosos-contra-inglaterra-e-italia\/\",\"name\":\"Arthur Elias convoca sele\u00e7\u00e3o para amistosos contra Inglaterra e It\u00e1lia - PORTAL DE NOT\u00cdCIAS CLEITON PINHEIRO\",\"isPartOf\":{\"@id\":\"https:\/\/cleitonpinheiro.com.br\/site\/#website\"},\"primaryImageOfPage\":{\"@id\":\"https:\/\/cleitonpinheiro.com.br\/site\/arthur-elias-convoca-selecao-para-amistosos-contra-inglaterra-e-italia\/#primaryimage\"},\"image\":{\"@id\":\"https:\/\/cleitonpinheiro.com.br\/site\/arthur-elias-convoca-selecao-para-amistosos-contra-inglaterra-e-italia\/#primaryimage\"},\"thumbnailUrl\":\"https:\/\/cleitonpinheiro.com.br\/site\/wp-content\/uploads\/2025\/10\/arthur_elias_convocacao_9_10.webp\",\"datePublished\":\"2025-10-10T20:36:13+00:00\",\"dateModified\":\"2025-10-10T20:36:19+00:00\",\"breadcrumb\":{\"@id\":\"https:\/\/cleitonpinheiro.com.br\/site\/arthur-elias-convoca-selecao-para-amistosos-contra-inglaterra-e-italia\/#breadcrumb\"},\"inLanguage\":\"pt-BR\",\"potentialAction\":[{\"@type\":\"ReadAction\",\"target\":[\"https:\/\/cleitonpinheiro.com.br\/site\/arthur-elias-convoca-selecao-para-amistosos-contra-inglaterra-e-italia\/\"]}]},{\"@type\":\"ImageObject\",\"inLanguage\":\"pt-BR\",\"@id\":\"https:\/\/cleitonpinheiro.com.br\/site\/arthur-elias-convoca-selecao-para-amistosos-contra-inglaterra-e-italia\/#primaryimage\",\"url\":\"https:\/\/cleitonpinheiro.com.br\/site\/wp-content\/uploads\/2025\/10\/arthur_elias_convocacao_9_10.webp\",\"contentUrl\":\"https:\/\/cleitonpinheiro.com.br\/site\/wp-content\/uploads\/2025\/10\/arthur_elias_convocacao_9_10.webp\",\"width\":1170,\"height\":700,\"caption\":\"\u00a9 L\u00edvia Villas Boas\/CBF\/Direitos Reservados\"},{\"@type\":\"BreadcrumbList\",\"@id\":\"https:\/\/cleitonpinheiro.com.br\/site\/arthur-elias-convoca-selecao-para-amistosos-contra-inglaterra-e-italia\/#breadcrumb\",\"itemListElement\":[{\"@type\":\"ListItem\",\"position\":1,\"name\":\"In\u00edcio\",\"item\":\"https:\/\/cleitonpinheiro.com.br\/site\/\"},{\"@type\":\"ListItem\",\"position\":2,\"name\":\"Arthur Elias convoca sele\u00e7\u00e3o para amistosos contra Inglaterra e It\u00e1lia\"}]},{\"@type\":\"WebSite\",\"@id\":\"https:\/\/cleitonpinheiro.com.br\/site\/#website\",\"url\":\"https:\/\/cleitonpinheiro.com.br\/site\/\",\"name\":\"PORTAL DE NOT\u00cdCIAS CLEITON PINHEIRO\",\"description\":\"FALANDO A VERDADE\",\"publisher\":{\"@id\":\"https:\/\/cleitonpinheiro.com.br\/site\/#organization\"},\"potentialAction\":[{\"@type\":\"SearchAction\",\"target\":{\"@type\":\"EntryPoint\",\"urlTemplate\":\"https:\/\/cleitonpinheiro.com.br\/site\/?s={search_term_string}\"},\"query-input\":{\"@type\":\"PropertyValueSpecification\",\"valueRequired\":true,\"valueName\":\"search_term_string\"}}],\"inLanguage\":\"pt-BR\"},{\"@type\":\"Organization\",\"@id\":\"https:\/\/cleitonpinheiro.com.br\/site\/#organization\",\"name\":\"CPNOT\u00cdCIAS\",\"url\":\"https:\/\/cleitonpinheiro.com.br\/site\/\",\"logo\":{\"@type\":\"ImageObject\",\"inLanguage\":\"pt-BR\",\"@id\":\"https:\/\/cleitonpinheiro.com.br\/site\/#\/schema\/logo\/image\/\",\"url\":\"https:\/\/cleitonpinheiro.com.br\/site\/wp-content\/uploads\/2022\/08\/Logo-pequena-2.png\",\"contentUrl\":\"https:\/\/cleitonpinheiro.com.br\/site\/wp-content\/uploads\/2022\/08\/Logo-pequena-2.png\",\"width\":500,\"height\":500,\"caption\":\"CPNOT\u00cdCIAS\"},\"image\":{\"@id\":\"https:\/\/cleitonpinheiro.com.br\/site\/#\/schema\/logo\/image\/\"},\"sameAs\":[\"https:\/\/www.facebook.com\/portalcpnoticias\/\"]},{\"@type\":\"Person\",\"@id\":\"https:\/\/cleitonpinheiro.com.br\/site\/#\/schema\/person\/8f04544e0bc40a1b68775b08360f87db\",\"name\":\"Reda\u00e7\u00e3o CP\",\"image\":{\"@type\":\"ImageObject\",\"inLanguage\":\"pt-BR\",\"@id\":\"https:\/\/cleitonpinheiro.com.br\/site\/#\/schema\/person\/image\/\",\"url\":\"https:\/\/secure.gravatar.com\/avatar\/0bcf19cb29fdc8fc588c490c7ae1b3e174dac268586a63fbe1d1893a0f9020cd?s=96&r=g\",\"contentUrl\":\"https:\/\/secure.gravatar.com\/avatar\/0bcf19cb29fdc8fc588c490c7ae1b3e174dac268586a63fbe1d1893a0f9020cd?s=96&r=g\",\"caption\":\"Reda\u00e7\u00e3o CP\"},\"url\":\"https:\/\/cleitonpinheiro.com.br\/site\/author\/redacao\/\"}]}<\/script>\n<!-- \/ Yoast SEO plugin. -->","yoast_head_json":{"title":"Arthur Elias convoca sele\u00e7\u00e3o para amistosos contra Inglaterra e It\u00e1lia - PORTAL DE NOT\u00cdCIAS CLEITON PINHEIRO","robots":{"index":"index","follow":"follow","max-snippet":"max-snippet:-1","max-image-preview":"max-image-preview:large","max-video-preview":"max-video-preview:-1"},"canonical":"https:\/\/cleitonpinheiro.com.br\/site\/arthur-elias-convoca-selecao-para-amistosos-contra-inglaterra-e-italia\/","og_locale":"pt_BR","og_type":"article","og_title":"Arthur Elias convoca sele\u00e7\u00e3o para amistosos contra Inglaterra e It\u00e1lia - PORTAL DE NOT\u00cdCIAS CLEITON PINHEIRO","og_description":"Campe\u00e3 da Copa Am\u00e9rica Feminina, a sele\u00e7\u00e3o brasileira voltar\u00e1 a campo modificada para os amistosos fora de casa contra a Inglaterra e It\u00e1lia, nos dias 25 e 28 de outubro, respectivamente. Nesta quinta-feira (9), o t\u00e9cnico Arthur Elias convocou 23 jogadoras para enfrentar duas pot\u00eancias do futebol europeu como prepara\u00e7\u00e3o para a Copa do Mundo [&hellip;]","og_url":"https:\/\/cleitonpinheiro.com.br\/site\/arthur-elias-convoca-selecao-para-amistosos-contra-inglaterra-e-italia\/","og_site_name":"PORTAL DE NOT\u00cdCIAS CLEITON PINHEIRO","article_publisher":"https:\/\/www.facebook.com\/portalcpnoticias\/","article_published_time":"2025-10-10T20:36:13+00:00","article_modified_time":"2025-10-10T20:36:19+00:00","og_image":[{"width":1170,"height":700,"url":"https:\/\/cleitonpinheiro.com.br\/site\/wp-content\/uploads\/2025\/10\/arthur_elias_convocacao_9_10.webp","type":"image\/webp"}],"author":"Reda\u00e7\u00e3o CP","twitter_card":"summary_large_image","twitter_misc":{"Escrito por":"Reda\u00e7\u00e3o CP","Est. tempo de leitura":"3 minutos"},"schema":{"@context":"https:\/\/schema.org","@graph":[{"@type":"Article","@id":"https:\/\/cleitonpinheiro.com.br\/site\/arthur-elias-convoca-selecao-para-amistosos-contra-inglaterra-e-italia\/#article","isPartOf":{"@id":"https:\/\/cleitonpinheiro.com.br\/site\/arthur-elias-convoca-selecao-para-amistosos-contra-inglaterra-e-italia\/"},"author":{"name":"Reda\u00e7\u00e3o CP","@id":"https:\/\/cleitonpinheiro.com.br\/site\/#\/schema\/person\/8f04544e0bc40a1b68775b08360f87db"},"headline":"Arthur Elias convoca sele\u00e7\u00e3o para amistosos contra Inglaterra e It\u00e1lia","datePublished":"2025-10-10T20:36:13+00:00","dateModified":"2025-10-10T20:36:19+00:00","mainEntityOfPage":{"@id":"https:\/\/cleitonpinheiro.com.br\/site\/arthur-elias-convoca-selecao-para-amistosos-contra-inglaterra-e-italia\/"},"wordCount":421,"commentCount":0,"publisher":{"@id":"https:\/\/cleitonpinheiro.com.br\/site\/#organization"},"image":{"@id":"https:\/\/cleitonpinheiro.com.br\/site\/arthur-elias-convoca-selecao-para-amistosos-contra-inglaterra-e-italia\/#primaryimage"},"thumbnailUrl":"https:\/\/cleitonpinheiro.com.br\/site\/wp-content\/uploads\/2025\/10\/arthur_elias_convocacao_9_10.webp","articleSection":["ESPORTE","NOT\u00cdCIAS EM DESTAQUE","TODAS NOTICIAS"],"inLanguage":"pt-BR","potentialAction":[{"@type":"CommentAction","name":"Comment","target":["https:\/\/cleitonpinheiro.com.br\/site\/arthur-elias-convoca-selecao-para-amistosos-contra-inglaterra-e-italia\/#respond"]}]},{"@type":"WebPage","@id":"https:\/\/cleitonpinheiro.com.br\/site\/arthur-elias-convoca-selecao-para-amistosos-contra-inglaterra-e-italia\/","url":"https:\/\/cleitonpinheiro.com.br\/site\/arthur-elias-convoca-selecao-para-amistosos-contra-inglaterra-e-italia\/","name":"Arthur Elias convoca sele\u00e7\u00e3o para amistosos contra Inglaterra e It\u00e1lia - PORTAL DE NOT\u00cdCIAS CLEITON PINHEIRO","isPartOf":{"@id":"https:\/\/cleitonpinheiro.com.br\/site\/#website"},"primaryImageOfPage":{"@id":"https:\/\/cleitonpinheiro.com.br\/site\/arthur-elias-convoca-selecao-para-amistosos-contra-inglaterra-e-italia\/#primaryimage"},"image":{"@id":"https:\/\/cleitonpinheiro.com.br\/site\/arthur-elias-convoca-selecao-para-amistosos-contra-inglaterra-e-italia\/#primaryimage"},"thumbnailUrl":"https:\/\/cleitonpinheiro.com.br\/site\/wp-content\/uploads\/2025\/10\/arthur_elias_convocacao_9_10.webp","datePublished":"2025-10-10T20:36:13+00:00","dateModified":"2025-10-10T20:36:19+00:00","breadcrumb":{"@id":"https:\/\/cleitonpinheiro.com.br\/site\/arthur-elias-convoca-selecao-para-amistosos-contra-inglaterra-e-italia\/#breadcrumb"},"inLanguage":"pt-BR","potentialAction":[{"@type":"ReadAction","target":["https:\/\/cleitonpinheiro.com.br\/site\/arthur-elias-convoca-selecao-para-amistosos-contra-inglaterra-e-italia\/"]}]},{"@type":"ImageObject","inLanguage":"pt-BR","@id":"https:\/\/cleitonpinheiro.com.br\/site\/arthur-elias-convoca-selecao-para-amistosos-contra-inglaterra-e-italia\/#primaryimage","url":"https:\/\/cleitonpinheiro.com.br\/site\/wp-content\/uploads\/2025\/10\/arthur_elias_convocacao_9_10.webp","contentUrl":"https:\/\/cleitonpinheiro.com.br\/site\/wp-content\/uploads\/2025\/10\/arthur_elias_convocacao_9_10.webp","width":1170,"height":700,"caption":"\u00a9 L\u00edvia Villas Boas\/CBF\/Direitos Reservados"},{"@type":"BreadcrumbList","@id":"https:\/\/cleitonpinheiro.com.br\/site\/arthur-elias-convoca-selecao-para-amistosos-contra-inglaterra-e-italia\/#breadcrumb","itemListElement":[{"@type":"ListItem","position":1,"name":"In\u00edcio","item":"https:\/\/cleitonpinheiro.com.br\/site\/"},{"@type":"ListItem","position":2,"name":"Arthur Elias convoca sele\u00e7\u00e3o para amistosos contra Inglaterra e It\u00e1lia"}]},{"@type":"WebSite","@id":"https:\/\/cleitonpinheiro.com.br\/site\/#website","url":"https:\/\/cleitonpinheiro.com.br\/site\/","name":"PORTAL DE NOT\u00cdCIAS CLEITON PINHEIRO","description":"FALANDO A VERDADE","publisher":{"@id":"https:\/\/cleitonpinheiro.com.br\/site\/#organization"},"potentialAction":[{"@type":"SearchAction","target":{"@type":"EntryPoint","urlTemplate":"https:\/\/cleitonpinheiro.com.br\/site\/?s={search_term_string}"},"query-input":{"@type":"PropertyValueSpecification","valueRequired":true,"valueName":"search_term_string"}}],"inLanguage":"pt-BR"},{"@type":"Organization","@id":"https:\/\/cleitonpinheiro.com.br\/site\/#organization","name":"CPNOT\u00cdCIAS","url":"https:\/\/cleitonpinheiro.com.br\/site\/","logo":{"@type":"ImageObject","inLanguage":"pt-BR","@id":"https:\/\/cleitonpinheiro.com.br\/site\/#\/schema\/logo\/image\/","url":"https:\/\/cleitonpinheiro.com.br\/site\/wp-content\/uploads\/2022\/08\/Logo-pequena-2.png","contentUrl":"https:\/\/cleitonpinheiro.com.br\/site\/wp-content\/uploads\/2022\/08\/Logo-pequena-2.png","width":500,"height":500,"caption":"CPNOT\u00cdCIAS"},"image":{"@id":"https:\/\/cleitonpinheiro.com.br\/site\/#\/schema\/logo\/image\/"},"sameAs":["https:\/\/www.facebook.com\/portalcpnoticias\/"]},{"@type":"Person","@id":"https:\/\/cleitonpinheiro.com.br\/site\/#\/schema\/person\/8f04544e0bc40a1b68775b08360f87db","name":"Reda\u00e7\u00e3o CP","image":{"@type":"ImageObject","inLanguage":"pt-BR","@id":"https:\/\/cleitonpinheiro.com.br\/site\/#\/schema\/person\/image\/","url":"https:\/\/secure.gravatar.com\/avatar\/0bcf19cb29fdc8fc588c490c7ae1b3e174dac268586a63fbe1d1893a0f9020cd?s=96&r=g","contentUrl":"https:\/\/secure.gravatar.com\/avatar\/0bcf19cb29fdc8fc588c490c7ae1b3e174dac268586a63fbe1d1893a0f9020cd?s=96&r=g","caption":"Reda\u00e7\u00e3o CP"},"url":"https:\/\/cleitonpinheiro.com.br\/site\/author\/redacao\/"}]}},"views":128,"_links":{"self":[{"href":"https:\/\/cleitonpinheiro.com.br\/site\/wp-json\/wp\/v2\/posts\/87128","targetHints":{"allow":["GET"]}}],"collection":[{"href":"https:\/\/cleitonpinheiro.com.br\/site\/wp-json\/wp\/v2\/posts"}],"about":[{"href":"https:\/\/cleitonpinheiro.com.br\/site\/wp-json\/wp\/v2\/types\/post"}],"author":[{"embeddable":true,"href":"https:\/\/cleitonpinheiro.com.br\/site\/wp-json\/wp\/v2\/users\/13"}],"replies":[{"embeddable":true,"href":"https:\/\/cleitonpinheiro.com.br\/site\/wp-json\/wp\/v2\/comments?post=87128"}],"version-history":[{"count":1,"href":"https:\/\/cleitonpinheiro.com.br\/site\/wp-json\/wp\/v2\/posts\/87128\/revisions"}],"predecessor-version":[{"id":87130,"href":"https:\/\/cleitonpinheiro.com.br\/site\/wp-json\/wp\/v2\/posts\/87128\/revisions\/87130"}],"wp:featuredmedia":[{"embeddable":true,"href":"https:\/\/cleitonpinheiro.com.br\/site\/wp-json\/wp\/v2\/media\/87129"}],"wp:attachment":[{"href":"https:\/\/cleitonpinheiro.com.br\/site\/wp-json\/wp\/v2\/media?parent=87128"}],"wp:term":[{"taxonomy":"category","embeddable":true,"href":"https:\/\/cleitonpinheiro.com.br\/site\/wp-json\/wp\/v2\/categories?post=87128"},{"taxonomy":"post_tag","embeddable":true,"href":"https:\/\/cleitonpinheiro.com.br\/site\/wp-json\/wp\/v2\/tags?post=87128"}],"curies":[{"name":"wp","href":"https:\/\/api.w.org\/{rel}","templated":true}]}}