{"id":87132,"date":"2025-10-11T12:49:54","date_gmt":"2025-10-11T15:49:54","guid":{"rendered":"https:\/\/cleitonpinheiro.com.br\/site\/?p=87132"},"modified":"2025-10-11T12:50:05","modified_gmt":"2025-10-11T15:50:05","slug":"pacientes-de-palmas-sao-atendidas-na-carreta-de-saude-da-mulher-em-acao-nacional-do-ministerio-da-saude","status":"publish","type":"post","link":"https:\/\/cleitonpinheiro.com.br\/site\/pacientes-de-palmas-sao-atendidas-na-carreta-de-saude-da-mulher-em-acao-nacional-do-ministerio-da-saude\/","title":{"rendered":"Pacientes de Palmas s\u00e3o atendidas na Carreta de Sa\u00fade da Mulher em a\u00e7\u00e3o nacional do Minist\u00e9rio da Sa\u00fade"},"content":{"rendered":"\n<figure class=\"wp-block-image size-full\"><img fetchpriority=\"high\" decoding=\"async\" width=\"1024\" height=\"683\" src=\"https:\/\/cleitonpinheiro.com.br\/site\/wp-content\/uploads\/2025\/10\/8251ccf7-7f09-4a96-97be-4227909a35f8-1024x683-1.jpg\" alt=\"\" class=\"wp-image-87133\" srcset=\"https:\/\/cleitonpinheiro.com.br\/site\/wp-content\/uploads\/2025\/10\/8251ccf7-7f09-4a96-97be-4227909a35f8-1024x683-1.jpg 1024w, https:\/\/cleitonpinheiro.com.br\/site\/wp-content\/uploads\/2025\/10\/8251ccf7-7f09-4a96-97be-4227909a35f8-1024x683-1-300x200.jpg 300w, https:\/\/cleitonpinheiro.com.br\/site\/wp-content\/uploads\/2025\/10\/8251ccf7-7f09-4a96-97be-4227909a35f8-1024x683-1-768x512.jpg 768w\" sizes=\"(max-width: 1024px) 100vw, 1024px\" \/><figcaption class=\"wp-element-caption\">@Edu Fortes<\/figcaption><\/figure>\n\n\n\n<p>Em Palmas, pacientes j\u00e1 reguladas pela Secretaria Municipal da Sa\u00fade (Semus) ser\u00e3o atendidas at\u00e9 o pr\u00f3ximo dia 17 de outubro na Carreta de Sa\u00fade da Mulher para consultas ginecol\u00f3gicas e realiza\u00e7\u00e3o de exames de Preventivo do C\u00e2ncer do Colo de \u00datero (PCCU) e mamografia. A a\u00e7\u00e3o \u00e9 uma iniciativa do Minist\u00e9rio da Sa\u00fade (MS), atrav\u00e9s do Programa Agora Tem Especialistas. O lan\u00e7amento aconteceu na manh\u00e3 desta sexta-feira, 10, com a presen\u00e7a do prefeito Eduardo Siqueira Campos e de l\u00edderes pol\u00edticos, como a senadora Professora Dorinha Seabra.<\/p>\n\n\n\n<p>A carreta est\u00e1 instalada no Hospital de Amor e a aposentada Francisca Fabiana, de 38 anos, foi uma das primeiras pacientes a ser atendida. \u201cEu era mais relaxada, mas me deu esse despertar de que preciso cuidar da minha sa\u00fade de maneira cont\u00ednua. Fiz a consulta inicial na unidade para ser encaminhada ao especialista no finalzinho de agosto e gostei muito da rapidez porque j\u00e1 vou fazer o atendimento\u201d, contou.<\/p>\n\n\n\n<p>A diretora da Aten\u00e7\u00e3o Secund\u00e1ria da Semus, Jusmara Anuncia\u00e7\u00e3o, v\u00ea os benef\u00edcios da carreta. \u201cNa regi\u00e3o Norte do pa\u00eds n\u00f3s temos um grande d\u00e9ficit em algumas linhas de cuidado e de profissionais especialistas. Ent\u00e3o vai agregar bastante para o munic\u00edpio de Palmas e vai trazer humaniza\u00e7\u00e3o e integra\u00e7\u00e3o do cuidado para a nossa popula\u00e7\u00e3o.\u201d<\/p>\n\n\n\n<p>\u201c\u00c9 emocionante ver um projeto como esse em Palmas. Essa iniciativa, liderada por uma mulher, a senadora Dorinha, traz dignidade, preven\u00e7\u00e3o e cuidado\u201d, pontuou o prefeito Eduardo. Ele destacou que \u201cteremos exames, consultas, laudos e, acima de tudo, mais esperan\u00e7a para cerca de 1.500 mulheres neste m\u00eas.\u201d<\/p>\n\n\n\n<p><strong>Sobre a a\u00e7\u00e3o<\/strong><\/p>\n\n\n\n<p>O atendimento na Carreta de Sa\u00fade da Mulher ser\u00e1 direcionado apenas para pacientes que j\u00e1 est\u00e3o na fila da Regula\u00e7\u00e3o do Munic\u00edpio. Al\u00e9m disso, os atendimentos especializados em ginecologia e realiza\u00e7\u00e3o de exames permanecem dispon\u00edveis de forma cont\u00ednua na rede municipal e, para ter acesso, a porta de entrada s\u00e3o as Unidades de Sa\u00fade da Fam\u00edlia (USFs) de refer\u00eancia.<\/p>\n\n\n\n<p><br>Comp\u00f5e a equipe enfermeiro, t\u00e9cnico de enfermagem, m\u00e9dico ginecologista e o protocolo de atendimento de cada paciente ser\u00e1 definido pelo especialista para proporcionar um acompanhamento integral desde a primeira consulta, exames e retorno at\u00e9 o final de outubro. A carreta \u00e9 equipada com consult\u00f3rios, aparelhos de exames e uma equipe multiprofissional.<\/p>\n\n\n\n<p>Texto: Gabriela Letrari\/Prefeitura de Palmas<\/p>\n","protected":false},"excerpt":{"rendered":"<p>Em Palmas, pacientes j\u00e1 reguladas pela Secretaria Municipal da Sa\u00fade (Semus) ser\u00e3o atendidas at\u00e9 o pr\u00f3ximo dia 17 de outubro na Carreta de Sa\u00fade da Mulher para consultas ginecol\u00f3gicas e realiza\u00e7\u00e3o de exames de Preventivo do C\u00e2ncer do Colo de \u00datero (PCCU) e mamografia. A a\u00e7\u00e3o \u00e9 uma iniciativa do Minist\u00e9rio da Sa\u00fade (MS), atrav\u00e9s [&hellip;]<\/p>\n","protected":false},"author":13,"featured_media":87133,"comment_status":"open","ping_status":"open","sticky":false,"template":"","format":"standard","meta":{"_acf_changed":false,"footnotes":""},"categories":[22,898,21],"tags":[],"class_list":["post-87132","post","type-post","status-publish","format-standard","has-post-thumbnail","hentry","category-cidades","category-manchete-segundaria","category-todas-noticias"],"acf":[],"yoast_head":"<!-- This site is optimized with the Yoast SEO plugin v24.4 - https:\/\/yoast.com\/wordpress\/plugins\/seo\/ -->\n<title>Pacientes de Palmas s\u00e3o atendidas na Carreta de Sa\u00fade da Mulher em a\u00e7\u00e3o nacional do Minist\u00e9rio da Sa\u00fade - PORTAL DE NOT\u00cdCIAS CLEITON PINHEIRO<\/title>\n<meta name=\"robots\" content=\"index, follow, max-snippet:-1, max-image-preview:large, max-video-preview:-1\" \/>\n<link rel=\"canonical\" href=\"https:\/\/cleitonpinheiro.com.br\/site\/pacientes-de-palmas-sao-atendidas-na-carreta-de-saude-da-mulher-em-acao-nacional-do-ministerio-da-saude\/\" \/>\n<meta property=\"og:locale\" content=\"pt_BR\" \/>\n<meta property=\"og:type\" content=\"article\" \/>\n<meta property=\"og:title\" content=\"Pacientes de Palmas s\u00e3o atendidas na Carreta de Sa\u00fade da Mulher em a\u00e7\u00e3o nacional do Minist\u00e9rio da Sa\u00fade - PORTAL DE NOT\u00cdCIAS CLEITON PINHEIRO\" \/>\n<meta property=\"og:description\" content=\"Em Palmas, pacientes j\u00e1 reguladas pela Secretaria Municipal da Sa\u00fade (Semus) ser\u00e3o atendidas at\u00e9 o pr\u00f3ximo dia 17 de outubro na Carreta de Sa\u00fade da Mulher para consultas ginecol\u00f3gicas e realiza\u00e7\u00e3o de exames de Preventivo do C\u00e2ncer do Colo de \u00datero (PCCU) e mamografia. A a\u00e7\u00e3o \u00e9 uma iniciativa do Minist\u00e9rio da Sa\u00fade (MS), atrav\u00e9s [&hellip;]\" \/>\n<meta property=\"og:url\" content=\"https:\/\/cleitonpinheiro.com.br\/site\/pacientes-de-palmas-sao-atendidas-na-carreta-de-saude-da-mulher-em-acao-nacional-do-ministerio-da-saude\/\" \/>\n<meta property=\"og:site_name\" content=\"PORTAL DE NOT\u00cdCIAS CLEITON PINHEIRO\" \/>\n<meta property=\"article:publisher\" content=\"https:\/\/www.facebook.com\/portalcpnoticias\/\" \/>\n<meta property=\"article:published_time\" content=\"2025-10-11T15:49:54+00:00\" \/>\n<meta property=\"article:modified_time\" content=\"2025-10-11T15:50:05+00:00\" \/>\n<meta property=\"og:image\" content=\"https:\/\/cleitonpinheiro.com.br\/site\/wp-content\/uploads\/2025\/10\/8251ccf7-7f09-4a96-97be-4227909a35f8-1024x683-1.jpg\" \/>\n\t<meta property=\"og:image:width\" content=\"1024\" \/>\n\t<meta property=\"og:image:height\" content=\"683\" \/>\n\t<meta property=\"og:image:type\" content=\"image\/jpeg\" \/>\n<meta name=\"author\" content=\"Reda\u00e7\u00e3o CP\" \/>\n<meta name=\"twitter:card\" content=\"summary_large_image\" \/>\n<meta name=\"twitter:label1\" content=\"Escrito por\" \/>\n\t<meta name=\"twitter:data1\" content=\"Reda\u00e7\u00e3o CP\" \/>\n\t<meta name=\"twitter:label2\" content=\"Est. tempo de leitura\" \/>\n\t<meta name=\"twitter:data2\" content=\"3 minutos\" \/>\n<script type=\"application\/ld+json\" class=\"yoast-schema-graph\">{\"@context\":\"https:\/\/schema.org\",\"@graph\":[{\"@type\":\"Article\",\"@id\":\"https:\/\/cleitonpinheiro.com.br\/site\/pacientes-de-palmas-sao-atendidas-na-carreta-de-saude-da-mulher-em-acao-nacional-do-ministerio-da-saude\/#article\",\"isPartOf\":{\"@id\":\"https:\/\/cleitonpinheiro.com.br\/site\/pacientes-de-palmas-sao-atendidas-na-carreta-de-saude-da-mulher-em-acao-nacional-do-ministerio-da-saude\/\"},\"author\":{\"name\":\"Reda\u00e7\u00e3o CP\",\"@id\":\"https:\/\/cleitonpinheiro.com.br\/site\/#\/schema\/person\/8f04544e0bc40a1b68775b08360f87db\"},\"headline\":\"Pacientes de Palmas s\u00e3o atendidas na Carreta de Sa\u00fade da Mulher em a\u00e7\u00e3o nacional do Minist\u00e9rio da Sa\u00fade\",\"datePublished\":\"2025-10-11T15:49:54+00:00\",\"dateModified\":\"2025-10-11T15:50:05+00:00\",\"mainEntityOfPage\":{\"@id\":\"https:\/\/cleitonpinheiro.com.br\/site\/pacientes-de-palmas-sao-atendidas-na-carreta-de-saude-da-mulher-em-acao-nacional-do-ministerio-da-saude\/\"},\"wordCount\":444,\"commentCount\":0,\"publisher\":{\"@id\":\"https:\/\/cleitonpinheiro.com.br\/site\/#organization\"},\"image\":{\"@id\":\"https:\/\/cleitonpinheiro.com.br\/site\/pacientes-de-palmas-sao-atendidas-na-carreta-de-saude-da-mulher-em-acao-nacional-do-ministerio-da-saude\/#primaryimage\"},\"thumbnailUrl\":\"https:\/\/cleitonpinheiro.com.br\/site\/wp-content\/uploads\/2025\/10\/8251ccf7-7f09-4a96-97be-4227909a35f8-1024x683-1.jpg\",\"articleSection\":[\"CIDADES\",\"MANCHETE SEGUND\u00c1RIA\",\"TODAS NOTICIAS\"],\"inLanguage\":\"pt-BR\",\"potentialAction\":[{\"@type\":\"CommentAction\",\"name\":\"Comment\",\"target\":[\"https:\/\/cleitonpinheiro.com.br\/site\/pacientes-de-palmas-sao-atendidas-na-carreta-de-saude-da-mulher-em-acao-nacional-do-ministerio-da-saude\/#respond\"]}]},{\"@type\":\"WebPage\",\"@id\":\"https:\/\/cleitonpinheiro.com.br\/site\/pacientes-de-palmas-sao-atendidas-na-carreta-de-saude-da-mulher-em-acao-nacional-do-ministerio-da-saude\/\",\"url\":\"https:\/\/cleitonpinheiro.com.br\/site\/pacientes-de-palmas-sao-atendidas-na-carreta-de-saude-da-mulher-em-acao-nacional-do-ministerio-da-saude\/\",\"name\":\"Pacientes de Palmas s\u00e3o atendidas na Carreta de Sa\u00fade da Mulher em a\u00e7\u00e3o nacional do Minist\u00e9rio da Sa\u00fade - PORTAL DE NOT\u00cdCIAS CLEITON PINHEIRO\",\"isPartOf\":{\"@id\":\"https:\/\/cleitonpinheiro.com.br\/site\/#website\"},\"primaryImageOfPage\":{\"@id\":\"https:\/\/cleitonpinheiro.com.br\/site\/pacientes-de-palmas-sao-atendidas-na-carreta-de-saude-da-mulher-em-acao-nacional-do-ministerio-da-saude\/#primaryimage\"},\"image\":{\"@id\":\"https:\/\/cleitonpinheiro.com.br\/site\/pacientes-de-palmas-sao-atendidas-na-carreta-de-saude-da-mulher-em-acao-nacional-do-ministerio-da-saude\/#primaryimage\"},\"thumbnailUrl\":\"https:\/\/cleitonpinheiro.com.br\/site\/wp-content\/uploads\/2025\/10\/8251ccf7-7f09-4a96-97be-4227909a35f8-1024x683-1.jpg\",\"datePublished\":\"2025-10-11T15:49:54+00:00\",\"dateModified\":\"2025-10-11T15:50:05+00:00\",\"breadcrumb\":{\"@id\":\"https:\/\/cleitonpinheiro.com.br\/site\/pacientes-de-palmas-sao-atendidas-na-carreta-de-saude-da-mulher-em-acao-nacional-do-ministerio-da-saude\/#breadcrumb\"},\"inLanguage\":\"pt-BR\",\"potentialAction\":[{\"@type\":\"ReadAction\",\"target\":[\"https:\/\/cleitonpinheiro.com.br\/site\/pacientes-de-palmas-sao-atendidas-na-carreta-de-saude-da-mulher-em-acao-nacional-do-ministerio-da-saude\/\"]}]},{\"@type\":\"ImageObject\",\"inLanguage\":\"pt-BR\",\"@id\":\"https:\/\/cleitonpinheiro.com.br\/site\/pacientes-de-palmas-sao-atendidas-na-carreta-de-saude-da-mulher-em-acao-nacional-do-ministerio-da-saude\/#primaryimage\",\"url\":\"https:\/\/cleitonpinheiro.com.br\/site\/wp-content\/uploads\/2025\/10\/8251ccf7-7f09-4a96-97be-4227909a35f8-1024x683-1.jpg\",\"contentUrl\":\"https:\/\/cleitonpinheiro.com.br\/site\/wp-content\/uploads\/2025\/10\/8251ccf7-7f09-4a96-97be-4227909a35f8-1024x683-1.jpg\",\"width\":1024,\"height\":683,\"caption\":\"@Edu Fortes\"},{\"@type\":\"BreadcrumbList\",\"@id\":\"https:\/\/cleitonpinheiro.com.br\/site\/pacientes-de-palmas-sao-atendidas-na-carreta-de-saude-da-mulher-em-acao-nacional-do-ministerio-da-saude\/#breadcrumb\",\"itemListElement\":[{\"@type\":\"ListItem\",\"position\":1,\"name\":\"In\u00edcio\",\"item\":\"https:\/\/cleitonpinheiro.com.br\/site\/\"},{\"@type\":\"ListItem\",\"position\":2,\"name\":\"Pacientes de Palmas s\u00e3o atendidas na Carreta de Sa\u00fade da Mulher em a\u00e7\u00e3o nacional do Minist\u00e9rio da Sa\u00fade\"}]},{\"@type\":\"WebSite\",\"@id\":\"https:\/\/cleitonpinheiro.com.br\/site\/#website\",\"url\":\"https:\/\/cleitonpinheiro.com.br\/site\/\",\"name\":\"PORTAL DE NOT\u00cdCIAS CLEITON PINHEIRO\",\"description\":\"FALANDO A VERDADE\",\"publisher\":{\"@id\":\"https:\/\/cleitonpinheiro.com.br\/site\/#organization\"},\"potentialAction\":[{\"@type\":\"SearchAction\",\"target\":{\"@type\":\"EntryPoint\",\"urlTemplate\":\"https:\/\/cleitonpinheiro.com.br\/site\/?s={search_term_string}\"},\"query-input\":{\"@type\":\"PropertyValueSpecification\",\"valueRequired\":true,\"valueName\":\"search_term_string\"}}],\"inLanguage\":\"pt-BR\"},{\"@type\":\"Organization\",\"@id\":\"https:\/\/cleitonpinheiro.com.br\/site\/#organization\",\"name\":\"CPNOT\u00cdCIAS\",\"url\":\"https:\/\/cleitonpinheiro.com.br\/site\/\",\"logo\":{\"@type\":\"ImageObject\",\"inLanguage\":\"pt-BR\",\"@id\":\"https:\/\/cleitonpinheiro.com.br\/site\/#\/schema\/logo\/image\/\",\"url\":\"https:\/\/cleitonpinheiro.com.br\/site\/wp-content\/uploads\/2022\/08\/Logo-pequena-2.png\",\"contentUrl\":\"https:\/\/cleitonpinheiro.com.br\/site\/wp-content\/uploads\/2022\/08\/Logo-pequena-2.png\",\"width\":500,\"height\":500,\"caption\":\"CPNOT\u00cdCIAS\"},\"image\":{\"@id\":\"https:\/\/cleitonpinheiro.com.br\/site\/#\/schema\/logo\/image\/\"},\"sameAs\":[\"https:\/\/www.facebook.com\/portalcpnoticias\/\"]},{\"@type\":\"Person\",\"@id\":\"https:\/\/cleitonpinheiro.com.br\/site\/#\/schema\/person\/8f04544e0bc40a1b68775b08360f87db\",\"name\":\"Reda\u00e7\u00e3o CP\",\"image\":{\"@type\":\"ImageObject\",\"inLanguage\":\"pt-BR\",\"@id\":\"https:\/\/cleitonpinheiro.com.br\/site\/#\/schema\/person\/image\/\",\"url\":\"https:\/\/secure.gravatar.com\/avatar\/0bcf19cb29fdc8fc588c490c7ae1b3e174dac268586a63fbe1d1893a0f9020cd?s=96&r=g\",\"contentUrl\":\"https:\/\/secure.gravatar.com\/avatar\/0bcf19cb29fdc8fc588c490c7ae1b3e174dac268586a63fbe1d1893a0f9020cd?s=96&r=g\",\"caption\":\"Reda\u00e7\u00e3o CP\"},\"url\":\"https:\/\/cleitonpinheiro.com.br\/site\/author\/redacao\/\"}]}<\/script>\n<!-- \/ Yoast SEO plugin. -->","yoast_head_json":{"title":"Pacientes de Palmas s\u00e3o atendidas na Carreta de Sa\u00fade da Mulher em a\u00e7\u00e3o nacional do Minist\u00e9rio da Sa\u00fade - PORTAL DE NOT\u00cdCIAS CLEITON PINHEIRO","robots":{"index":"index","follow":"follow","max-snippet":"max-snippet:-1","max-image-preview":"max-image-preview:large","max-video-preview":"max-video-preview:-1"},"canonical":"https:\/\/cleitonpinheiro.com.br\/site\/pacientes-de-palmas-sao-atendidas-na-carreta-de-saude-da-mulher-em-acao-nacional-do-ministerio-da-saude\/","og_locale":"pt_BR","og_type":"article","og_title":"Pacientes de Palmas s\u00e3o atendidas na Carreta de Sa\u00fade da Mulher em a\u00e7\u00e3o nacional do Minist\u00e9rio da Sa\u00fade - PORTAL DE NOT\u00cdCIAS CLEITON PINHEIRO","og_description":"Em Palmas, pacientes j\u00e1 reguladas pela Secretaria Municipal da Sa\u00fade (Semus) ser\u00e3o atendidas at\u00e9 o pr\u00f3ximo dia 17 de outubro na Carreta de Sa\u00fade da Mulher para consultas ginecol\u00f3gicas e realiza\u00e7\u00e3o de exames de Preventivo do C\u00e2ncer do Colo de \u00datero (PCCU) e mamografia. A a\u00e7\u00e3o \u00e9 uma iniciativa do Minist\u00e9rio da Sa\u00fade (MS), atrav\u00e9s [&hellip;]","og_url":"https:\/\/cleitonpinheiro.com.br\/site\/pacientes-de-palmas-sao-atendidas-na-carreta-de-saude-da-mulher-em-acao-nacional-do-ministerio-da-saude\/","og_site_name":"PORTAL DE NOT\u00cdCIAS CLEITON PINHEIRO","article_publisher":"https:\/\/www.facebook.com\/portalcpnoticias\/","article_published_time":"2025-10-11T15:49:54+00:00","article_modified_time":"2025-10-11T15:50:05+00:00","og_image":[{"width":1024,"height":683,"url":"https:\/\/cleitonpinheiro.com.br\/site\/wp-content\/uploads\/2025\/10\/8251ccf7-7f09-4a96-97be-4227909a35f8-1024x683-1.jpg","type":"image\/jpeg"}],"author":"Reda\u00e7\u00e3o CP","twitter_card":"summary_large_image","twitter_misc":{"Escrito por":"Reda\u00e7\u00e3o CP","Est. tempo de leitura":"3 minutos"},"schema":{"@context":"https:\/\/schema.org","@graph":[{"@type":"Article","@id":"https:\/\/cleitonpinheiro.com.br\/site\/pacientes-de-palmas-sao-atendidas-na-carreta-de-saude-da-mulher-em-acao-nacional-do-ministerio-da-saude\/#article","isPartOf":{"@id":"https:\/\/cleitonpinheiro.com.br\/site\/pacientes-de-palmas-sao-atendidas-na-carreta-de-saude-da-mulher-em-acao-nacional-do-ministerio-da-saude\/"},"author":{"name":"Reda\u00e7\u00e3o CP","@id":"https:\/\/cleitonpinheiro.com.br\/site\/#\/schema\/person\/8f04544e0bc40a1b68775b08360f87db"},"headline":"Pacientes de Palmas s\u00e3o atendidas na Carreta de Sa\u00fade da Mulher em a\u00e7\u00e3o nacional do Minist\u00e9rio da Sa\u00fade","datePublished":"2025-10-11T15:49:54+00:00","dateModified":"2025-10-11T15:50:05+00:00","mainEntityOfPage":{"@id":"https:\/\/cleitonpinheiro.com.br\/site\/pacientes-de-palmas-sao-atendidas-na-carreta-de-saude-da-mulher-em-acao-nacional-do-ministerio-da-saude\/"},"wordCount":444,"commentCount":0,"publisher":{"@id":"https:\/\/cleitonpinheiro.com.br\/site\/#organization"},"image":{"@id":"https:\/\/cleitonpinheiro.com.br\/site\/pacientes-de-palmas-sao-atendidas-na-carreta-de-saude-da-mulher-em-acao-nacional-do-ministerio-da-saude\/#primaryimage"},"thumbnailUrl":"https:\/\/cleitonpinheiro.com.br\/site\/wp-content\/uploads\/2025\/10\/8251ccf7-7f09-4a96-97be-4227909a35f8-1024x683-1.jpg","articleSection":["CIDADES","MANCHETE SEGUND\u00c1RIA","TODAS NOTICIAS"],"inLanguage":"pt-BR","potentialAction":[{"@type":"CommentAction","name":"Comment","target":["https:\/\/cleitonpinheiro.com.br\/site\/pacientes-de-palmas-sao-atendidas-na-carreta-de-saude-da-mulher-em-acao-nacional-do-ministerio-da-saude\/#respond"]}]},{"@type":"WebPage","@id":"https:\/\/cleitonpinheiro.com.br\/site\/pacientes-de-palmas-sao-atendidas-na-carreta-de-saude-da-mulher-em-acao-nacional-do-ministerio-da-saude\/","url":"https:\/\/cleitonpinheiro.com.br\/site\/pacientes-de-palmas-sao-atendidas-na-carreta-de-saude-da-mulher-em-acao-nacional-do-ministerio-da-saude\/","name":"Pacientes de Palmas s\u00e3o atendidas na Carreta de Sa\u00fade da Mulher em a\u00e7\u00e3o nacional do Minist\u00e9rio da Sa\u00fade - PORTAL DE NOT\u00cdCIAS CLEITON PINHEIRO","isPartOf":{"@id":"https:\/\/cleitonpinheiro.com.br\/site\/#website"},"primaryImageOfPage":{"@id":"https:\/\/cleitonpinheiro.com.br\/site\/pacientes-de-palmas-sao-atendidas-na-carreta-de-saude-da-mulher-em-acao-nacional-do-ministerio-da-saude\/#primaryimage"},"image":{"@id":"https:\/\/cleitonpinheiro.com.br\/site\/pacientes-de-palmas-sao-atendidas-na-carreta-de-saude-da-mulher-em-acao-nacional-do-ministerio-da-saude\/#primaryimage"},"thumbnailUrl":"https:\/\/cleitonpinheiro.com.br\/site\/wp-content\/uploads\/2025\/10\/8251ccf7-7f09-4a96-97be-4227909a35f8-1024x683-1.jpg","datePublished":"2025-10-11T15:49:54+00:00","dateModified":"2025-10-11T15:50:05+00:00","breadcrumb":{"@id":"https:\/\/cleitonpinheiro.com.br\/site\/pacientes-de-palmas-sao-atendidas-na-carreta-de-saude-da-mulher-em-acao-nacional-do-ministerio-da-saude\/#breadcrumb"},"inLanguage":"pt-BR","potentialAction":[{"@type":"ReadAction","target":["https:\/\/cleitonpinheiro.com.br\/site\/pacientes-de-palmas-sao-atendidas-na-carreta-de-saude-da-mulher-em-acao-nacional-do-ministerio-da-saude\/"]}]},{"@type":"ImageObject","inLanguage":"pt-BR","@id":"https:\/\/cleitonpinheiro.com.br\/site\/pacientes-de-palmas-sao-atendidas-na-carreta-de-saude-da-mulher-em-acao-nacional-do-ministerio-da-saude\/#primaryimage","url":"https:\/\/cleitonpinheiro.com.br\/site\/wp-content\/uploads\/2025\/10\/8251ccf7-7f09-4a96-97be-4227909a35f8-1024x683-1.jpg","contentUrl":"https:\/\/cleitonpinheiro.com.br\/site\/wp-content\/uploads\/2025\/10\/8251ccf7-7f09-4a96-97be-4227909a35f8-1024x683-1.jpg","width":1024,"height":683,"caption":"@Edu Fortes"},{"@type":"BreadcrumbList","@id":"https:\/\/cleitonpinheiro.com.br\/site\/pacientes-de-palmas-sao-atendidas-na-carreta-de-saude-da-mulher-em-acao-nacional-do-ministerio-da-saude\/#breadcrumb","itemListElement":[{"@type":"ListItem","position":1,"name":"In\u00edcio","item":"https:\/\/cleitonpinheiro.com.br\/site\/"},{"@type":"ListItem","position":2,"name":"Pacientes de Palmas s\u00e3o atendidas na Carreta de Sa\u00fade da Mulher em a\u00e7\u00e3o nacional do Minist\u00e9rio da Sa\u00fade"}]},{"@type":"WebSite","@id":"https:\/\/cleitonpinheiro.com.br\/site\/#website","url":"https:\/\/cleitonpinheiro.com.br\/site\/","name":"PORTAL DE NOT\u00cdCIAS CLEITON PINHEIRO","description":"FALANDO A VERDADE","publisher":{"@id":"https:\/\/cleitonpinheiro.com.br\/site\/#organization"},"potentialAction":[{"@type":"SearchAction","target":{"@type":"EntryPoint","urlTemplate":"https:\/\/cleitonpinheiro.com.br\/site\/?s={search_term_string}"},"query-input":{"@type":"PropertyValueSpecification","valueRequired":true,"valueName":"search_term_string"}}],"inLanguage":"pt-BR"},{"@type":"Organization","@id":"https:\/\/cleitonpinheiro.com.br\/site\/#organization","name":"CPNOT\u00cdCIAS","url":"https:\/\/cleitonpinheiro.com.br\/site\/","logo":{"@type":"ImageObject","inLanguage":"pt-BR","@id":"https:\/\/cleitonpinheiro.com.br\/site\/#\/schema\/logo\/image\/","url":"https:\/\/cleitonpinheiro.com.br\/site\/wp-content\/uploads\/2022\/08\/Logo-pequena-2.png","contentUrl":"https:\/\/cleitonpinheiro.com.br\/site\/wp-content\/uploads\/2022\/08\/Logo-pequena-2.png","width":500,"height":500,"caption":"CPNOT\u00cdCIAS"},"image":{"@id":"https:\/\/cleitonpinheiro.com.br\/site\/#\/schema\/logo\/image\/"},"sameAs":["https:\/\/www.facebook.com\/portalcpnoticias\/"]},{"@type":"Person","@id":"https:\/\/cleitonpinheiro.com.br\/site\/#\/schema\/person\/8f04544e0bc40a1b68775b08360f87db","name":"Reda\u00e7\u00e3o CP","image":{"@type":"ImageObject","inLanguage":"pt-BR","@id":"https:\/\/cleitonpinheiro.com.br\/site\/#\/schema\/person\/image\/","url":"https:\/\/secure.gravatar.com\/avatar\/0bcf19cb29fdc8fc588c490c7ae1b3e174dac268586a63fbe1d1893a0f9020cd?s=96&r=g","contentUrl":"https:\/\/secure.gravatar.com\/avatar\/0bcf19cb29fdc8fc588c490c7ae1b3e174dac268586a63fbe1d1893a0f9020cd?s=96&r=g","caption":"Reda\u00e7\u00e3o CP"},"url":"https:\/\/cleitonpinheiro.com.br\/site\/author\/redacao\/"}]}},"views":101,"_links":{"self":[{"href":"https:\/\/cleitonpinheiro.com.br\/site\/wp-json\/wp\/v2\/posts\/87132","targetHints":{"allow":["GET"]}}],"collection":[{"href":"https:\/\/cleitonpinheiro.com.br\/site\/wp-json\/wp\/v2\/posts"}],"about":[{"href":"https:\/\/cleitonpinheiro.com.br\/site\/wp-json\/wp\/v2\/types\/post"}],"author":[{"embeddable":true,"href":"https:\/\/cleitonpinheiro.com.br\/site\/wp-json\/wp\/v2\/users\/13"}],"replies":[{"embeddable":true,"href":"https:\/\/cleitonpinheiro.com.br\/site\/wp-json\/wp\/v2\/comments?post=87132"}],"version-history":[{"count":1,"href":"https:\/\/cleitonpinheiro.com.br\/site\/wp-json\/wp\/v2\/posts\/87132\/revisions"}],"predecessor-version":[{"id":87134,"href":"https:\/\/cleitonpinheiro.com.br\/site\/wp-json\/wp\/v2\/posts\/87132\/revisions\/87134"}],"wp:featuredmedia":[{"embeddable":true,"href":"https:\/\/cleitonpinheiro.com.br\/site\/wp-json\/wp\/v2\/media\/87133"}],"wp:attachment":[{"href":"https:\/\/cleitonpinheiro.com.br\/site\/wp-json\/wp\/v2\/media?parent=87132"}],"wp:term":[{"taxonomy":"category","embeddable":true,"href":"https:\/\/cleitonpinheiro.com.br\/site\/wp-json\/wp\/v2\/categories?post=87132"},{"taxonomy":"post_tag","embeddable":true,"href":"https:\/\/cleitonpinheiro.com.br\/site\/wp-json\/wp\/v2\/tags?post=87132"}],"curies":[{"name":"wp","href":"https:\/\/api.w.org\/{rel}","templated":true}]}}