{"id":87135,"date":"2025-10-11T12:56:02","date_gmt":"2025-10-11T15:56:02","guid":{"rendered":"https:\/\/cleitonpinheiro.com.br\/site\/?p=87135"},"modified":"2025-10-11T12:56:06","modified_gmt":"2025-10-11T15:56:06","slug":"prefeitura-de-palmas-inicia-planejamento-para-obras-de-pavimentacao-na-regiao-da-baixada-do-jardim-aureny-iii","status":"publish","type":"post","link":"https:\/\/cleitonpinheiro.com.br\/site\/prefeitura-de-palmas-inicia-planejamento-para-obras-de-pavimentacao-na-regiao-da-baixada-do-jardim-aureny-iii\/","title":{"rendered":"Prefeitura de Palmas inicia planejamento para obras de pavimenta\u00e7\u00e3o na regi\u00e3o da Baixada do Jardim Aureny III"},"content":{"rendered":"\n<figure class=\"wp-block-image size-large\"><img fetchpriority=\"high\" decoding=\"async\" width=\"1024\" height=\"824\" src=\"https:\/\/cleitonpinheiro.com.br\/site\/wp-content\/uploads\/2025\/10\/WhatsApp-Image-2025-10-10-at-17.34.53-1024x824.jpg\" alt=\"\" class=\"wp-image-87136\" srcset=\"https:\/\/cleitonpinheiro.com.br\/site\/wp-content\/uploads\/2025\/10\/WhatsApp-Image-2025-10-10-at-17.34.53-1024x824.jpg 1024w, https:\/\/cleitonpinheiro.com.br\/site\/wp-content\/uploads\/2025\/10\/WhatsApp-Image-2025-10-10-at-17.34.53-300x241.jpg 300w, https:\/\/cleitonpinheiro.com.br\/site\/wp-content\/uploads\/2025\/10\/WhatsApp-Image-2025-10-10-at-17.34.53-768x618.jpg 768w, https:\/\/cleitonpinheiro.com.br\/site\/wp-content\/uploads\/2025\/10\/WhatsApp-Image-2025-10-10-at-17.34.53.jpg 1179w\" sizes=\"(max-width: 1024px) 100vw, 1024px\" \/><\/figure>\n\n\n\n<p>Com o objetivo de definir o cronograma de execu\u00e7\u00e3o das obras de infraestrutura urbana na regi\u00e3o conhecida como Baixada do Jardim Aureny III, regi\u00e3o sul da Capital, o secret\u00e1rio municipal de Infraestrutura e Obras P\u00fablicas (Seiop), Paulo Cezar Monteiro, participou nesta sexta-feira, 10, de uma reuni\u00e3o t\u00e9cnica no local da obra, acompanhando do representante da empresa respons\u00e1vel pelos servi\u00e7os, Ronaldo Japiassu Filho.<\/p>\n\n\n\n<p>Durante o encontro, a equipe gestora realizou um mapeamento detalhado das ruas que receber\u00e3o, de forma imediata, as obras de pavimenta\u00e7\u00e3o asf\u00e1ltica. Com base nos estudos t\u00e9cnicos, o secret\u00e1rio Paulo Cezar Monteiro informou que a previs\u00e3o para este ano \u00e9 a execu\u00e7\u00e3o da pavimenta\u00e7\u00e3o em trechos das Ruas 42, 44, 46 e 48.<\/p>\n\n\n\n<p>\u201cVamos iniciar a obra por essas vias que s\u00e3o pontos estrat\u00e9gicos e apresentam menor complexidade para execu\u00e7\u00e3o dos servi\u00e7os, a fim de otimizar os recursos dispon\u00edveis e atender de forma r\u00e1pida a uma demanda antiga dos moradores. Com essa estrat\u00e9gia, a gest\u00e3o municipal garante maior celeridade na execu\u00e7\u00e3o dos servi\u00e7os, proporcionando melhores condi\u00e7\u00f5es \u00e0 popula\u00e7\u00e3o local\u201d, destacou o secret\u00e1rio.<\/p>\n\n\n\n<p><a href=\"https:\/\/www.palmas.to.gov.br\/prefeitura-de-palmas-conclui-licitacao-da-obra-de-pavimentacao-e-drenagem-na-regiao-da-baixada-do-aureny\/\">Conforme j\u00e1 divulgado pela Prefeitura de Palmas,<\/a>&nbsp;a ordem de servi\u00e7o ser\u00e1 assinada nos pr\u00f3ximos dias e, ap\u00f3s a formaliza\u00e7\u00e3o do contrato, os trabalhos ter\u00e3o in\u00edcio imediato. A previs\u00e3o de in\u00edcio da pavimenta\u00e7\u00e3o \u00e9 para este ano.<\/p>\n\n\n\n<p><strong>Infraestrutura completa<\/strong><\/p>\n\n\n\n<p>O projeto completo de infraestrutura para a regi\u00e3o do Jardim Aureny III contempla obras de drenagem pluvial, constru\u00e7\u00e3o de bueiros de travessia, dissipadores de energia, terraplanagem, pavimenta\u00e7\u00e3o asf\u00e1ltica com tratamento superficial duplo, al\u00e9m de sinaliza\u00e7\u00e3o horizontal e vertical, um avan\u00e7o significativo para muitas fam\u00edlias que aguardam h\u00e1 anos pela melhoria da infraestrutura urbana.<\/p>\n\n\n\n<p>O investimento total da obra \u00e9 de R$ 21.362.160,73, sendo que mais de R$ 10 milh\u00f5es s\u00e3o recursos do governo federal, por meio do Programa de Acelera\u00e7\u00e3o do Crescimento (PAC), e mais de R$ 11 milh\u00f5es correspondem \u00e0 contrapartida da gest\u00e3o municipal.<\/p>\n\n\n\n<p>Texto: Alcione Luz\/Prefeitura de Palmas<\/p>\n","protected":false},"excerpt":{"rendered":"<p>Com o objetivo de definir o cronograma de execu\u00e7\u00e3o das obras de infraestrutura urbana na regi\u00e3o conhecida como Baixada do Jardim Aureny III, regi\u00e3o sul da Capital, o secret\u00e1rio municipal de Infraestrutura e Obras P\u00fablicas (Seiop), Paulo Cezar Monteiro, participou nesta sexta-feira, 10, de uma reuni\u00e3o t\u00e9cnica no local da obra, acompanhando do representante da [&hellip;]<\/p>\n","protected":false},"author":13,"featured_media":87136,"comment_status":"open","ping_status":"open","sticky":false,"template":"","format":"standard","meta":{"_acf_changed":false,"footnotes":""},"categories":[22,898,21],"tags":[],"class_list":["post-87135","post","type-post","status-publish","format-standard","has-post-thumbnail","hentry","category-cidades","category-manchete-segundaria","category-todas-noticias"],"acf":[],"yoast_head":"<!-- This site is optimized with the Yoast SEO plugin v24.4 - https:\/\/yoast.com\/wordpress\/plugins\/seo\/ -->\n<title>Prefeitura de Palmas inicia planejamento para obras de pavimenta\u00e7\u00e3o na regi\u00e3o da Baixada do Jardim Aureny III - PORTAL DE NOT\u00cdCIAS CLEITON PINHEIRO<\/title>\n<meta name=\"robots\" content=\"index, follow, max-snippet:-1, max-image-preview:large, max-video-preview:-1\" \/>\n<link rel=\"canonical\" href=\"https:\/\/cleitonpinheiro.com.br\/site\/prefeitura-de-palmas-inicia-planejamento-para-obras-de-pavimentacao-na-regiao-da-baixada-do-jardim-aureny-iii\/\" \/>\n<meta property=\"og:locale\" content=\"pt_BR\" \/>\n<meta property=\"og:type\" content=\"article\" \/>\n<meta property=\"og:title\" content=\"Prefeitura de Palmas inicia planejamento para obras de pavimenta\u00e7\u00e3o na regi\u00e3o da Baixada do Jardim Aureny III - PORTAL DE NOT\u00cdCIAS CLEITON PINHEIRO\" \/>\n<meta property=\"og:description\" content=\"Com o objetivo de definir o cronograma de execu\u00e7\u00e3o das obras de infraestrutura urbana na regi\u00e3o conhecida como Baixada do Jardim Aureny III, regi\u00e3o sul da Capital, o secret\u00e1rio municipal de Infraestrutura e Obras P\u00fablicas (Seiop), Paulo Cezar Monteiro, participou nesta sexta-feira, 10, de uma reuni\u00e3o t\u00e9cnica no local da obra, acompanhando do representante da [&hellip;]\" \/>\n<meta property=\"og:url\" content=\"https:\/\/cleitonpinheiro.com.br\/site\/prefeitura-de-palmas-inicia-planejamento-para-obras-de-pavimentacao-na-regiao-da-baixada-do-jardim-aureny-iii\/\" \/>\n<meta property=\"og:site_name\" content=\"PORTAL DE NOT\u00cdCIAS CLEITON PINHEIRO\" \/>\n<meta property=\"article:publisher\" content=\"https:\/\/www.facebook.com\/portalcpnoticias\/\" \/>\n<meta property=\"article:published_time\" content=\"2025-10-11T15:56:02+00:00\" \/>\n<meta property=\"article:modified_time\" content=\"2025-10-11T15:56:06+00:00\" \/>\n<meta property=\"og:image\" content=\"https:\/\/cleitonpinheiro.com.br\/site\/wp-content\/uploads\/2025\/10\/WhatsApp-Image-2025-10-10-at-17.34.53.jpg\" \/>\n\t<meta property=\"og:image:width\" content=\"1179\" \/>\n\t<meta property=\"og:image:height\" content=\"949\" \/>\n\t<meta property=\"og:image:type\" content=\"image\/jpeg\" \/>\n<meta name=\"author\" content=\"Reda\u00e7\u00e3o CP\" \/>\n<meta name=\"twitter:card\" content=\"summary_large_image\" \/>\n<meta name=\"twitter:label1\" content=\"Escrito por\" \/>\n\t<meta name=\"twitter:data1\" content=\"Reda\u00e7\u00e3o CP\" \/>\n\t<meta name=\"twitter:label2\" content=\"Est. tempo de leitura\" \/>\n\t<meta name=\"twitter:data2\" content=\"3 minutos\" \/>\n<script type=\"application\/ld+json\" class=\"yoast-schema-graph\">{\"@context\":\"https:\/\/schema.org\",\"@graph\":[{\"@type\":\"Article\",\"@id\":\"https:\/\/cleitonpinheiro.com.br\/site\/prefeitura-de-palmas-inicia-planejamento-para-obras-de-pavimentacao-na-regiao-da-baixada-do-jardim-aureny-iii\/#article\",\"isPartOf\":{\"@id\":\"https:\/\/cleitonpinheiro.com.br\/site\/prefeitura-de-palmas-inicia-planejamento-para-obras-de-pavimentacao-na-regiao-da-baixada-do-jardim-aureny-iii\/\"},\"author\":{\"name\":\"Reda\u00e7\u00e3o CP\",\"@id\":\"https:\/\/cleitonpinheiro.com.br\/site\/#\/schema\/person\/8f04544e0bc40a1b68775b08360f87db\"},\"headline\":\"Prefeitura de Palmas inicia planejamento para obras de pavimenta\u00e7\u00e3o na regi\u00e3o da Baixada do Jardim Aureny III\",\"datePublished\":\"2025-10-11T15:56:02+00:00\",\"dateModified\":\"2025-10-11T15:56:06+00:00\",\"mainEntityOfPage\":{\"@id\":\"https:\/\/cleitonpinheiro.com.br\/site\/prefeitura-de-palmas-inicia-planejamento-para-obras-de-pavimentacao-na-regiao-da-baixada-do-jardim-aureny-iii\/\"},\"wordCount\":373,\"commentCount\":0,\"publisher\":{\"@id\":\"https:\/\/cleitonpinheiro.com.br\/site\/#organization\"},\"image\":{\"@id\":\"https:\/\/cleitonpinheiro.com.br\/site\/prefeitura-de-palmas-inicia-planejamento-para-obras-de-pavimentacao-na-regiao-da-baixada-do-jardim-aureny-iii\/#primaryimage\"},\"thumbnailUrl\":\"https:\/\/cleitonpinheiro.com.br\/site\/wp-content\/uploads\/2025\/10\/WhatsApp-Image-2025-10-10-at-17.34.53.jpg\",\"articleSection\":[\"CIDADES\",\"MANCHETE SEGUND\u00c1RIA\",\"TODAS NOTICIAS\"],\"inLanguage\":\"pt-BR\",\"potentialAction\":[{\"@type\":\"CommentAction\",\"name\":\"Comment\",\"target\":[\"https:\/\/cleitonpinheiro.com.br\/site\/prefeitura-de-palmas-inicia-planejamento-para-obras-de-pavimentacao-na-regiao-da-baixada-do-jardim-aureny-iii\/#respond\"]}]},{\"@type\":\"WebPage\",\"@id\":\"https:\/\/cleitonpinheiro.com.br\/site\/prefeitura-de-palmas-inicia-planejamento-para-obras-de-pavimentacao-na-regiao-da-baixada-do-jardim-aureny-iii\/\",\"url\":\"https:\/\/cleitonpinheiro.com.br\/site\/prefeitura-de-palmas-inicia-planejamento-para-obras-de-pavimentacao-na-regiao-da-baixada-do-jardim-aureny-iii\/\",\"name\":\"Prefeitura de Palmas inicia planejamento para obras de pavimenta\u00e7\u00e3o na regi\u00e3o da Baixada do Jardim Aureny III - PORTAL DE NOT\u00cdCIAS CLEITON PINHEIRO\",\"isPartOf\":{\"@id\":\"https:\/\/cleitonpinheiro.com.br\/site\/#website\"},\"primaryImageOfPage\":{\"@id\":\"https:\/\/cleitonpinheiro.com.br\/site\/prefeitura-de-palmas-inicia-planejamento-para-obras-de-pavimentacao-na-regiao-da-baixada-do-jardim-aureny-iii\/#primaryimage\"},\"image\":{\"@id\":\"https:\/\/cleitonpinheiro.com.br\/site\/prefeitura-de-palmas-inicia-planejamento-para-obras-de-pavimentacao-na-regiao-da-baixada-do-jardim-aureny-iii\/#primaryimage\"},\"thumbnailUrl\":\"https:\/\/cleitonpinheiro.com.br\/site\/wp-content\/uploads\/2025\/10\/WhatsApp-Image-2025-10-10-at-17.34.53.jpg\",\"datePublished\":\"2025-10-11T15:56:02+00:00\",\"dateModified\":\"2025-10-11T15:56:06+00:00\",\"breadcrumb\":{\"@id\":\"https:\/\/cleitonpinheiro.com.br\/site\/prefeitura-de-palmas-inicia-planejamento-para-obras-de-pavimentacao-na-regiao-da-baixada-do-jardim-aureny-iii\/#breadcrumb\"},\"inLanguage\":\"pt-BR\",\"potentialAction\":[{\"@type\":\"ReadAction\",\"target\":[\"https:\/\/cleitonpinheiro.com.br\/site\/prefeitura-de-palmas-inicia-planejamento-para-obras-de-pavimentacao-na-regiao-da-baixada-do-jardim-aureny-iii\/\"]}]},{\"@type\":\"ImageObject\",\"inLanguage\":\"pt-BR\",\"@id\":\"https:\/\/cleitonpinheiro.com.br\/site\/prefeitura-de-palmas-inicia-planejamento-para-obras-de-pavimentacao-na-regiao-da-baixada-do-jardim-aureny-iii\/#primaryimage\",\"url\":\"https:\/\/cleitonpinheiro.com.br\/site\/wp-content\/uploads\/2025\/10\/WhatsApp-Image-2025-10-10-at-17.34.53.jpg\",\"contentUrl\":\"https:\/\/cleitonpinheiro.com.br\/site\/wp-content\/uploads\/2025\/10\/WhatsApp-Image-2025-10-10-at-17.34.53.jpg\",\"width\":1179,\"height\":949},{\"@type\":\"BreadcrumbList\",\"@id\":\"https:\/\/cleitonpinheiro.com.br\/site\/prefeitura-de-palmas-inicia-planejamento-para-obras-de-pavimentacao-na-regiao-da-baixada-do-jardim-aureny-iii\/#breadcrumb\",\"itemListElement\":[{\"@type\":\"ListItem\",\"position\":1,\"name\":\"In\u00edcio\",\"item\":\"https:\/\/cleitonpinheiro.com.br\/site\/\"},{\"@type\":\"ListItem\",\"position\":2,\"name\":\"Prefeitura de Palmas inicia planejamento para obras de pavimenta\u00e7\u00e3o na regi\u00e3o da Baixada do Jardim Aureny III\"}]},{\"@type\":\"WebSite\",\"@id\":\"https:\/\/cleitonpinheiro.com.br\/site\/#website\",\"url\":\"https:\/\/cleitonpinheiro.com.br\/site\/\",\"name\":\"PORTAL DE NOT\u00cdCIAS CLEITON PINHEIRO\",\"description\":\"FALANDO A VERDADE\",\"publisher\":{\"@id\":\"https:\/\/cleitonpinheiro.com.br\/site\/#organization\"},\"potentialAction\":[{\"@type\":\"SearchAction\",\"target\":{\"@type\":\"EntryPoint\",\"urlTemplate\":\"https:\/\/cleitonpinheiro.com.br\/site\/?s={search_term_string}\"},\"query-input\":{\"@type\":\"PropertyValueSpecification\",\"valueRequired\":true,\"valueName\":\"search_term_string\"}}],\"inLanguage\":\"pt-BR\"},{\"@type\":\"Organization\",\"@id\":\"https:\/\/cleitonpinheiro.com.br\/site\/#organization\",\"name\":\"CPNOT\u00cdCIAS\",\"url\":\"https:\/\/cleitonpinheiro.com.br\/site\/\",\"logo\":{\"@type\":\"ImageObject\",\"inLanguage\":\"pt-BR\",\"@id\":\"https:\/\/cleitonpinheiro.com.br\/site\/#\/schema\/logo\/image\/\",\"url\":\"https:\/\/cleitonpinheiro.com.br\/site\/wp-content\/uploads\/2022\/08\/Logo-pequena-2.png\",\"contentUrl\":\"https:\/\/cleitonpinheiro.com.br\/site\/wp-content\/uploads\/2022\/08\/Logo-pequena-2.png\",\"width\":500,\"height\":500,\"caption\":\"CPNOT\u00cdCIAS\"},\"image\":{\"@id\":\"https:\/\/cleitonpinheiro.com.br\/site\/#\/schema\/logo\/image\/\"},\"sameAs\":[\"https:\/\/www.facebook.com\/portalcpnoticias\/\"]},{\"@type\":\"Person\",\"@id\":\"https:\/\/cleitonpinheiro.com.br\/site\/#\/schema\/person\/8f04544e0bc40a1b68775b08360f87db\",\"name\":\"Reda\u00e7\u00e3o CP\",\"image\":{\"@type\":\"ImageObject\",\"inLanguage\":\"pt-BR\",\"@id\":\"https:\/\/cleitonpinheiro.com.br\/site\/#\/schema\/person\/image\/\",\"url\":\"https:\/\/secure.gravatar.com\/avatar\/0bcf19cb29fdc8fc588c490c7ae1b3e174dac268586a63fbe1d1893a0f9020cd?s=96&r=g\",\"contentUrl\":\"https:\/\/secure.gravatar.com\/avatar\/0bcf19cb29fdc8fc588c490c7ae1b3e174dac268586a63fbe1d1893a0f9020cd?s=96&r=g\",\"caption\":\"Reda\u00e7\u00e3o CP\"},\"url\":\"https:\/\/cleitonpinheiro.com.br\/site\/author\/redacao\/\"}]}<\/script>\n<!-- \/ Yoast SEO plugin. -->","yoast_head_json":{"title":"Prefeitura de Palmas inicia planejamento para obras de pavimenta\u00e7\u00e3o na regi\u00e3o da Baixada do Jardim Aureny III - PORTAL DE NOT\u00cdCIAS CLEITON PINHEIRO","robots":{"index":"index","follow":"follow","max-snippet":"max-snippet:-1","max-image-preview":"max-image-preview:large","max-video-preview":"max-video-preview:-1"},"canonical":"https:\/\/cleitonpinheiro.com.br\/site\/prefeitura-de-palmas-inicia-planejamento-para-obras-de-pavimentacao-na-regiao-da-baixada-do-jardim-aureny-iii\/","og_locale":"pt_BR","og_type":"article","og_title":"Prefeitura de Palmas inicia planejamento para obras de pavimenta\u00e7\u00e3o na regi\u00e3o da Baixada do Jardim Aureny III - PORTAL DE NOT\u00cdCIAS CLEITON PINHEIRO","og_description":"Com o objetivo de definir o cronograma de execu\u00e7\u00e3o das obras de infraestrutura urbana na regi\u00e3o conhecida como Baixada do Jardim Aureny III, regi\u00e3o sul da Capital, o secret\u00e1rio municipal de Infraestrutura e Obras P\u00fablicas (Seiop), Paulo Cezar Monteiro, participou nesta sexta-feira, 10, de uma reuni\u00e3o t\u00e9cnica no local da obra, acompanhando do representante da [&hellip;]","og_url":"https:\/\/cleitonpinheiro.com.br\/site\/prefeitura-de-palmas-inicia-planejamento-para-obras-de-pavimentacao-na-regiao-da-baixada-do-jardim-aureny-iii\/","og_site_name":"PORTAL DE NOT\u00cdCIAS CLEITON PINHEIRO","article_publisher":"https:\/\/www.facebook.com\/portalcpnoticias\/","article_published_time":"2025-10-11T15:56:02+00:00","article_modified_time":"2025-10-11T15:56:06+00:00","og_image":[{"width":1179,"height":949,"url":"https:\/\/cleitonpinheiro.com.br\/site\/wp-content\/uploads\/2025\/10\/WhatsApp-Image-2025-10-10-at-17.34.53.jpg","type":"image\/jpeg"}],"author":"Reda\u00e7\u00e3o CP","twitter_card":"summary_large_image","twitter_misc":{"Escrito por":"Reda\u00e7\u00e3o CP","Est. tempo de leitura":"3 minutos"},"schema":{"@context":"https:\/\/schema.org","@graph":[{"@type":"Article","@id":"https:\/\/cleitonpinheiro.com.br\/site\/prefeitura-de-palmas-inicia-planejamento-para-obras-de-pavimentacao-na-regiao-da-baixada-do-jardim-aureny-iii\/#article","isPartOf":{"@id":"https:\/\/cleitonpinheiro.com.br\/site\/prefeitura-de-palmas-inicia-planejamento-para-obras-de-pavimentacao-na-regiao-da-baixada-do-jardim-aureny-iii\/"},"author":{"name":"Reda\u00e7\u00e3o CP","@id":"https:\/\/cleitonpinheiro.com.br\/site\/#\/schema\/person\/8f04544e0bc40a1b68775b08360f87db"},"headline":"Prefeitura de Palmas inicia planejamento para obras de pavimenta\u00e7\u00e3o na regi\u00e3o da Baixada do Jardim Aureny III","datePublished":"2025-10-11T15:56:02+00:00","dateModified":"2025-10-11T15:56:06+00:00","mainEntityOfPage":{"@id":"https:\/\/cleitonpinheiro.com.br\/site\/prefeitura-de-palmas-inicia-planejamento-para-obras-de-pavimentacao-na-regiao-da-baixada-do-jardim-aureny-iii\/"},"wordCount":373,"commentCount":0,"publisher":{"@id":"https:\/\/cleitonpinheiro.com.br\/site\/#organization"},"image":{"@id":"https:\/\/cleitonpinheiro.com.br\/site\/prefeitura-de-palmas-inicia-planejamento-para-obras-de-pavimentacao-na-regiao-da-baixada-do-jardim-aureny-iii\/#primaryimage"},"thumbnailUrl":"https:\/\/cleitonpinheiro.com.br\/site\/wp-content\/uploads\/2025\/10\/WhatsApp-Image-2025-10-10-at-17.34.53.jpg","articleSection":["CIDADES","MANCHETE SEGUND\u00c1RIA","TODAS NOTICIAS"],"inLanguage":"pt-BR","potentialAction":[{"@type":"CommentAction","name":"Comment","target":["https:\/\/cleitonpinheiro.com.br\/site\/prefeitura-de-palmas-inicia-planejamento-para-obras-de-pavimentacao-na-regiao-da-baixada-do-jardim-aureny-iii\/#respond"]}]},{"@type":"WebPage","@id":"https:\/\/cleitonpinheiro.com.br\/site\/prefeitura-de-palmas-inicia-planejamento-para-obras-de-pavimentacao-na-regiao-da-baixada-do-jardim-aureny-iii\/","url":"https:\/\/cleitonpinheiro.com.br\/site\/prefeitura-de-palmas-inicia-planejamento-para-obras-de-pavimentacao-na-regiao-da-baixada-do-jardim-aureny-iii\/","name":"Prefeitura de Palmas inicia planejamento para obras de pavimenta\u00e7\u00e3o na regi\u00e3o da Baixada do Jardim Aureny III - PORTAL DE NOT\u00cdCIAS CLEITON PINHEIRO","isPartOf":{"@id":"https:\/\/cleitonpinheiro.com.br\/site\/#website"},"primaryImageOfPage":{"@id":"https:\/\/cleitonpinheiro.com.br\/site\/prefeitura-de-palmas-inicia-planejamento-para-obras-de-pavimentacao-na-regiao-da-baixada-do-jardim-aureny-iii\/#primaryimage"},"image":{"@id":"https:\/\/cleitonpinheiro.com.br\/site\/prefeitura-de-palmas-inicia-planejamento-para-obras-de-pavimentacao-na-regiao-da-baixada-do-jardim-aureny-iii\/#primaryimage"},"thumbnailUrl":"https:\/\/cleitonpinheiro.com.br\/site\/wp-content\/uploads\/2025\/10\/WhatsApp-Image-2025-10-10-at-17.34.53.jpg","datePublished":"2025-10-11T15:56:02+00:00","dateModified":"2025-10-11T15:56:06+00:00","breadcrumb":{"@id":"https:\/\/cleitonpinheiro.com.br\/site\/prefeitura-de-palmas-inicia-planejamento-para-obras-de-pavimentacao-na-regiao-da-baixada-do-jardim-aureny-iii\/#breadcrumb"},"inLanguage":"pt-BR","potentialAction":[{"@type":"ReadAction","target":["https:\/\/cleitonpinheiro.com.br\/site\/prefeitura-de-palmas-inicia-planejamento-para-obras-de-pavimentacao-na-regiao-da-baixada-do-jardim-aureny-iii\/"]}]},{"@type":"ImageObject","inLanguage":"pt-BR","@id":"https:\/\/cleitonpinheiro.com.br\/site\/prefeitura-de-palmas-inicia-planejamento-para-obras-de-pavimentacao-na-regiao-da-baixada-do-jardim-aureny-iii\/#primaryimage","url":"https:\/\/cleitonpinheiro.com.br\/site\/wp-content\/uploads\/2025\/10\/WhatsApp-Image-2025-10-10-at-17.34.53.jpg","contentUrl":"https:\/\/cleitonpinheiro.com.br\/site\/wp-content\/uploads\/2025\/10\/WhatsApp-Image-2025-10-10-at-17.34.53.jpg","width":1179,"height":949},{"@type":"BreadcrumbList","@id":"https:\/\/cleitonpinheiro.com.br\/site\/prefeitura-de-palmas-inicia-planejamento-para-obras-de-pavimentacao-na-regiao-da-baixada-do-jardim-aureny-iii\/#breadcrumb","itemListElement":[{"@type":"ListItem","position":1,"name":"In\u00edcio","item":"https:\/\/cleitonpinheiro.com.br\/site\/"},{"@type":"ListItem","position":2,"name":"Prefeitura de Palmas inicia planejamento para obras de pavimenta\u00e7\u00e3o na regi\u00e3o da Baixada do Jardim Aureny III"}]},{"@type":"WebSite","@id":"https:\/\/cleitonpinheiro.com.br\/site\/#website","url":"https:\/\/cleitonpinheiro.com.br\/site\/","name":"PORTAL DE NOT\u00cdCIAS CLEITON PINHEIRO","description":"FALANDO A VERDADE","publisher":{"@id":"https:\/\/cleitonpinheiro.com.br\/site\/#organization"},"potentialAction":[{"@type":"SearchAction","target":{"@type":"EntryPoint","urlTemplate":"https:\/\/cleitonpinheiro.com.br\/site\/?s={search_term_string}"},"query-input":{"@type":"PropertyValueSpecification","valueRequired":true,"valueName":"search_term_string"}}],"inLanguage":"pt-BR"},{"@type":"Organization","@id":"https:\/\/cleitonpinheiro.com.br\/site\/#organization","name":"CPNOT\u00cdCIAS","url":"https:\/\/cleitonpinheiro.com.br\/site\/","logo":{"@type":"ImageObject","inLanguage":"pt-BR","@id":"https:\/\/cleitonpinheiro.com.br\/site\/#\/schema\/logo\/image\/","url":"https:\/\/cleitonpinheiro.com.br\/site\/wp-content\/uploads\/2022\/08\/Logo-pequena-2.png","contentUrl":"https:\/\/cleitonpinheiro.com.br\/site\/wp-content\/uploads\/2022\/08\/Logo-pequena-2.png","width":500,"height":500,"caption":"CPNOT\u00cdCIAS"},"image":{"@id":"https:\/\/cleitonpinheiro.com.br\/site\/#\/schema\/logo\/image\/"},"sameAs":["https:\/\/www.facebook.com\/portalcpnoticias\/"]},{"@type":"Person","@id":"https:\/\/cleitonpinheiro.com.br\/site\/#\/schema\/person\/8f04544e0bc40a1b68775b08360f87db","name":"Reda\u00e7\u00e3o CP","image":{"@type":"ImageObject","inLanguage":"pt-BR","@id":"https:\/\/cleitonpinheiro.com.br\/site\/#\/schema\/person\/image\/","url":"https:\/\/secure.gravatar.com\/avatar\/0bcf19cb29fdc8fc588c490c7ae1b3e174dac268586a63fbe1d1893a0f9020cd?s=96&r=g","contentUrl":"https:\/\/secure.gravatar.com\/avatar\/0bcf19cb29fdc8fc588c490c7ae1b3e174dac268586a63fbe1d1893a0f9020cd?s=96&r=g","caption":"Reda\u00e7\u00e3o CP"},"url":"https:\/\/cleitonpinheiro.com.br\/site\/author\/redacao\/"}]}},"views":107,"_links":{"self":[{"href":"https:\/\/cleitonpinheiro.com.br\/site\/wp-json\/wp\/v2\/posts\/87135","targetHints":{"allow":["GET"]}}],"collection":[{"href":"https:\/\/cleitonpinheiro.com.br\/site\/wp-json\/wp\/v2\/posts"}],"about":[{"href":"https:\/\/cleitonpinheiro.com.br\/site\/wp-json\/wp\/v2\/types\/post"}],"author":[{"embeddable":true,"href":"https:\/\/cleitonpinheiro.com.br\/site\/wp-json\/wp\/v2\/users\/13"}],"replies":[{"embeddable":true,"href":"https:\/\/cleitonpinheiro.com.br\/site\/wp-json\/wp\/v2\/comments?post=87135"}],"version-history":[{"count":1,"href":"https:\/\/cleitonpinheiro.com.br\/site\/wp-json\/wp\/v2\/posts\/87135\/revisions"}],"predecessor-version":[{"id":87137,"href":"https:\/\/cleitonpinheiro.com.br\/site\/wp-json\/wp\/v2\/posts\/87135\/revisions\/87137"}],"wp:featuredmedia":[{"embeddable":true,"href":"https:\/\/cleitonpinheiro.com.br\/site\/wp-json\/wp\/v2\/media\/87136"}],"wp:attachment":[{"href":"https:\/\/cleitonpinheiro.com.br\/site\/wp-json\/wp\/v2\/media?parent=87135"}],"wp:term":[{"taxonomy":"category","embeddable":true,"href":"https:\/\/cleitonpinheiro.com.br\/site\/wp-json\/wp\/v2\/categories?post=87135"},{"taxonomy":"post_tag","embeddable":true,"href":"https:\/\/cleitonpinheiro.com.br\/site\/wp-json\/wp\/v2\/tags?post=87135"}],"curies":[{"name":"wp","href":"https:\/\/api.w.org\/{rel}","templated":true}]}}