{"id":87451,"date":"2025-11-12T12:00:29","date_gmt":"2025-11-12T15:00:29","guid":{"rendered":"https:\/\/cleitonpinheiro.com.br\/site\/?p=87451"},"modified":"2025-11-12T12:00:36","modified_gmt":"2025-11-12T15:00:36","slug":"presos-na-caverna-do-subteto-a-saga-dos-servidores-do-tocantins-que-buscam-o-caminho-de-volta-a-valorizacao","status":"publish","type":"post","link":"https:\/\/cleitonpinheiro.com.br\/site\/presos-na-caverna-do-subteto-a-saga-dos-servidores-do-tocantins-que-buscam-o-caminho-de-volta-a-valorizacao\/","title":{"rendered":"Presos na Caverna do Subteto: a saga dos servidores do Tocantins que buscam o caminho de volta \u00e0 valoriza\u00e7\u00e3o"},"content":{"rendered":"\n<figure class=\"wp-block-image size-full\"><img fetchpriority=\"high\" decoding=\"async\" width=\"746\" height=\"600\" src=\"https:\/\/cleitonpinheiro.com.br\/site\/wp-content\/uploads\/2025\/11\/Wlademir-Costa-Mota-Oliveira.jpg\" alt=\"\" class=\"wp-image-87452\" srcset=\"https:\/\/cleitonpinheiro.com.br\/site\/wp-content\/uploads\/2025\/11\/Wlademir-Costa-Mota-Oliveira.jpg 746w, https:\/\/cleitonpinheiro.com.br\/site\/wp-content\/uploads\/2025\/11\/Wlademir-Costa-Mota-Oliveira-300x241.jpg 300w\" sizes=\"(max-width: 746px) 100vw, 746px\" \/><\/figure>\n\n\n\n<p><strong>Wlademir Costa Mota Oliveira<\/strong>, delegado de Pol\u00edcia, presidente da Associa\u00e7\u00e3o dos Delegados de Pol\u00edcia Civil do Estado do Tocantins (ADEPTO\/TO) e ex-Secret\u00e1rio de Seguran\u00e7a P\u00fablica.<br><\/p>\n\n\n\n<p>Nos anos 1980, o desenho animado \u201cCaverna do Drag\u00e3o\u201d (Dungeons &amp; Dragons) conquistou gera\u00e7\u00f5es. Na hist\u00f3ria, seis jovens entram em um brinquedo de parque e s\u00e3o transportados para um mundo paralelo, repleto de desafios e criaturas fant\u00e1sticas. Guiados pelo enigm\u00e1tico Mestre dos Magos, eles tentam, epis\u00f3dio ap\u00f3s epis\u00f3dio, voltar para casa \u2014 mas o portal de sa\u00edda sempre se fecha no \u00faltimo instante. Essa trama fant\u00e1stica acabou se tornando, d\u00e9cadas depois, em uma met\u00e1fora perfeita para a realidade vivida por milhares de servidores p\u00fablicos do Tocantins, que h\u00e1 mais de uma d\u00e9cada tentam escapar de seu pr\u00f3prio labirinto: o&nbsp; subteto remunerat\u00f3rio estadual.&nbsp;<\/p>\n\n\n\n<p>A jornada come\u00e7ou h\u00e1 mais de uma d\u00e9cada, quando o Estado do Tocantins instituiu um subteto que limitou os vencimentos de servidores p\u00fablicos ao sal\u00e1rio do Governador, o qual ficou sem corre\u00e7\u00e3o monet\u00e1ria por um longo per\u00edodo. Na pr\u00e1tica, criou-se um \u201cteto dentro do teto\u201d, inferior ao que a Constitui\u00e7\u00e3o Federal prev\u00ea, com base no subs\u00eddio dos desembargadores.O que parecia uma medida de controle fiscal se transformou, ao longo dos anos, em um s\u00edmbolo de injusti\u00e7a e desvaloriza\u00e7\u00e3o profissional. Diversas categorias \u2014 policiais, auditores, m\u00e9dicos etc \u2014 se viram presas a um limite que n\u00e3o acompanhava a realidade de suas fun\u00e7\u00f5es e responsabilidades.&nbsp;<\/p>\n\n\n\n<p>Desde ent\u00e3o, o que n\u00e3o faltaram foram promessas. Comiss\u00f5es foram criadas, grupos de trabalho formados, PECs anunciadas e estudos de impacto divulgados. A cada novo movimento, reacende-se a esperan\u00e7a de que o portal da valoriza\u00e7\u00e3o enfim se abrir\u00e1. Mas, como na Caverna do Drag\u00e3o, o roteiro se repete: os her\u00f3is avan\u00e7am um passo, e algo \u2014 burocracia, or\u00e7amento, pol\u00edtica \u2014 os empurram dois passos para tr\u00e1s. O tempo passa, o cen\u00e1rio muda, os protagonistas envelhecem&#8230; mas o labirinto continua o mesmo.<\/p>\n\n\n\n<p>No desenho, o Mestre dos Magos aparecia e desaparecia com conselhos enigm\u00e1ticos. Na vida real, ele \u00e9 interpretado pelas vozes oficiais que dizem: \u201cO governo est\u00e1 estudando o impacto,\u201d \u201cO di\u00e1logo est\u00e1 aberto,\u201d ou \u201cEstamos pr\u00f3ximos de uma solu\u00e7\u00e3o.\u201d Palavras que soam como esperan\u00e7a, mas que se dissolvem no ar como fuma\u00e7a de encantamento. Enquanto isso, os servidores seguem trabalhando \u2014 com dedica\u00e7\u00e3o, mesmo sem saber quando o pr\u00f3ximo portal se abrir\u00e1.&nbsp;<\/p>\n\n\n\n<p>Toda saga precisa de um vil\u00e3o. No caso tocantinense, ele veste o nome de responsabilidade fiscal. O argumento \u2014 leg\u00edtimo, mas recorrente \u2014 \u00e9 de que n\u00e3o h\u00e1 espa\u00e7o or\u00e7ament\u00e1rio para elevar os vencimentos. \u00c9 o Vingador moderno, que surge sempre no momento em que a sa\u00edda parece pr\u00f3xima, impondo limites e travas. E, atr\u00e1s dele, ruge o Drag\u00e3o do Or\u00e7amento: uma criatura de muitas cabe\u00e7as \u2014 folha de pagamento, previd\u00eancia, arrecada\u00e7\u00e3o, repasses, pol\u00edtica. Cada uma sopra fogo sobre qualquer tentativa de mudan\u00e7a. Enfrent\u00e1-lo exige mais do que n\u00fameros: exige coragem, di\u00e1logo e vontade pol\u00edtica.&nbsp;<\/p>\n\n\n\n<p>Apesar de tudo, os servidores continuam sua jornada. S\u00e3o eles os verdadeiros her\u00f3is desta hist\u00f3ria: homens e mulheres que sustentam o funcionamento do Estado nas delegacias, nos hospitais, na arrecada\u00e7\u00e3o, reparti\u00e7\u00f5es p\u00fablicas, nas ruas etc. Como os personagens do desenho, cada um empunha sua arma simb\u00f3lica: a f\u00e9, a paci\u00eancia, o compromisso, o amor pelo que faz. Eles n\u00e3o pedem privil\u00e9gios \u2014 pedem reconhecimento e equil\u00edbrio. Para eles, o teto \u00fanico n\u00e3o \u00e9 apenas uma pauta financeira; \u00e9 o s\u00edmbolo da dignidade profissional, o reencontro com o valor de servir.&nbsp;<\/p>\n\n\n\n<p>Em 2024, o Supremo Tribunal Federal, no \u00e2mbito do Poder Judici\u00e1rio Estadual, declarou inconstitucional o subteto do Tocantins, reconhecendo a desigualdade criada pela legisla\u00e7\u00e3o estadual. Foi um marco hist\u00f3rico \u2014 o \u201cepis\u00f3dio de virada\u201d, como diriam os f\u00e3s da anima\u00e7\u00e3o. Mas, mesmo assim, o portal ainda n\u00e3o se abriu para os servidores dos Poderes Executivo e Legislativo. A decis\u00e3o judicial foi seguida por novas rodadas de discuss\u00f5es e por uma PEC do Teto \u00danico, ainda em fase de tramita\u00e7\u00e3o e negocia\u00e7\u00e3o pol\u00edtica.&nbsp;&nbsp;<\/p>\n\n\n\n<p>Em \u201cCaverna do Drag\u00e3o\u201d, os her\u00f3is nunca conseguiram voltar para casa. Mas na vida real, essa hist\u00f3ria ainda pode ter um desfecho diferente. A aprova\u00e7\u00e3o de um teto \u00fanico e justo seria mais do que um ajuste cont\u00e1bil: seria um ato de justi\u00e7a hist\u00f3rica. Seria o momento em que o Tocantins mostraria que valoriza quem dedica a vida a servir o p\u00fablico. Seria o cap\u00edtulo em que os her\u00f3is, enfim, encontram a sa\u00edda \u2014 n\u00e3o para escapar do Reino, mas para continuar nele com dignidade e reconhecimento.&nbsp;<\/p>\n\n\n\n<p>Enquanto isso, os servidores seguem lutando \u2014 como os jovens da anima\u00e7\u00e3o, acreditando que o pr\u00f3ximo portal ser\u00e1 o definitivo. E talvez, quando ele se abrir, o que sair\u00e1 dele n\u00e3o ser\u00e1 apenas luz, mas a certeza de que, no Tocantins, a justi\u00e7a salarial tamb\u00e9m pode ser uma forma de magia.<\/p>\n\n\n\n<p><\/p>\n","protected":false},"excerpt":{"rendered":"<p>Wlademir Costa Mota Oliveira, delegado de Pol\u00edcia, presidente da Associa\u00e7\u00e3o dos Delegados de Pol\u00edcia Civil do Estado do Tocantins (ADEPTO\/TO) e ex-Secret\u00e1rio de Seguran\u00e7a P\u00fablica. Nos anos 1980, o desenho animado \u201cCaverna do Drag\u00e3o\u201d (Dungeons &amp; Dragons) conquistou gera\u00e7\u00f5es. Na hist\u00f3ria, seis jovens entram em um brinquedo de parque e s\u00e3o transportados para um mundo [&hellip;]<\/p>\n","protected":false},"author":13,"featured_media":87452,"comment_status":"open","ping_status":"open","sticky":false,"template":"","format":"standard","meta":{"_acf_changed":false,"footnotes":""},"categories":[24],"tags":[],"class_list":["post-87451","post","type-post","status-publish","format-standard","has-post-thumbnail","hentry","category-colunas"],"acf":[],"yoast_head":"<!-- This site is optimized with the Yoast SEO plugin v24.4 - https:\/\/yoast.com\/wordpress\/plugins\/seo\/ -->\n<title>Presos na Caverna do Subteto: a saga dos servidores do Tocantins que buscam o caminho de volta \u00e0 valoriza\u00e7\u00e3o - PORTAL DE NOT\u00cdCIAS CLEITON PINHEIRO<\/title>\n<meta name=\"robots\" content=\"index, follow, max-snippet:-1, max-image-preview:large, max-video-preview:-1\" \/>\n<link rel=\"canonical\" href=\"https:\/\/cleitonpinheiro.com.br\/site\/presos-na-caverna-do-subteto-a-saga-dos-servidores-do-tocantins-que-buscam-o-caminho-de-volta-a-valorizacao\/\" \/>\n<meta property=\"og:locale\" content=\"pt_BR\" \/>\n<meta property=\"og:type\" content=\"article\" \/>\n<meta property=\"og:title\" content=\"Presos na Caverna do Subteto: a saga dos servidores do Tocantins que buscam o caminho de volta \u00e0 valoriza\u00e7\u00e3o - PORTAL DE NOT\u00cdCIAS CLEITON PINHEIRO\" \/>\n<meta property=\"og:description\" content=\"Wlademir Costa Mota Oliveira, delegado de Pol\u00edcia, presidente da Associa\u00e7\u00e3o dos Delegados de Pol\u00edcia Civil do Estado do Tocantins (ADEPTO\/TO) e ex-Secret\u00e1rio de Seguran\u00e7a P\u00fablica. Nos anos 1980, o desenho animado \u201cCaverna do Drag\u00e3o\u201d (Dungeons &amp; Dragons) conquistou gera\u00e7\u00f5es. Na hist\u00f3ria, seis jovens entram em um brinquedo de parque e s\u00e3o transportados para um mundo [&hellip;]\" \/>\n<meta property=\"og:url\" content=\"https:\/\/cleitonpinheiro.com.br\/site\/presos-na-caverna-do-subteto-a-saga-dos-servidores-do-tocantins-que-buscam-o-caminho-de-volta-a-valorizacao\/\" \/>\n<meta property=\"og:site_name\" content=\"PORTAL DE NOT\u00cdCIAS CLEITON PINHEIRO\" \/>\n<meta property=\"article:publisher\" content=\"https:\/\/www.facebook.com\/portalcpnoticias\/\" \/>\n<meta property=\"article:published_time\" content=\"2025-11-12T15:00:29+00:00\" \/>\n<meta property=\"article:modified_time\" content=\"2025-11-12T15:00:36+00:00\" \/>\n<meta property=\"og:image\" content=\"https:\/\/cleitonpinheiro.com.br\/site\/wp-content\/uploads\/2025\/11\/Wlademir-Costa-Mota-Oliveira.jpg\" \/>\n\t<meta property=\"og:image:width\" content=\"746\" \/>\n\t<meta property=\"og:image:height\" content=\"600\" \/>\n\t<meta property=\"og:image:type\" content=\"image\/jpeg\" \/>\n<meta name=\"author\" content=\"Reda\u00e7\u00e3o CP\" \/>\n<meta name=\"twitter:card\" content=\"summary_large_image\" \/>\n<meta name=\"twitter:label1\" content=\"Escrito por\" \/>\n\t<meta name=\"twitter:data1\" content=\"Reda\u00e7\u00e3o CP\" \/>\n\t<meta name=\"twitter:label2\" content=\"Est. tempo de leitura\" \/>\n\t<meta name=\"twitter:data2\" content=\"5 minutos\" \/>\n<script type=\"application\/ld+json\" class=\"yoast-schema-graph\">{\"@context\":\"https:\/\/schema.org\",\"@graph\":[{\"@type\":\"Article\",\"@id\":\"https:\/\/cleitonpinheiro.com.br\/site\/presos-na-caverna-do-subteto-a-saga-dos-servidores-do-tocantins-que-buscam-o-caminho-de-volta-a-valorizacao\/#article\",\"isPartOf\":{\"@id\":\"https:\/\/cleitonpinheiro.com.br\/site\/presos-na-caverna-do-subteto-a-saga-dos-servidores-do-tocantins-que-buscam-o-caminho-de-volta-a-valorizacao\/\"},\"author\":{\"name\":\"Reda\u00e7\u00e3o CP\",\"@id\":\"https:\/\/cleitonpinheiro.com.br\/site\/#\/schema\/person\/8f04544e0bc40a1b68775b08360f87db\"},\"headline\":\"Presos na Caverna do Subteto: a saga dos servidores do Tocantins que buscam o caminho de volta \u00e0 valoriza\u00e7\u00e3o\",\"datePublished\":\"2025-11-12T15:00:29+00:00\",\"dateModified\":\"2025-11-12T15:00:36+00:00\",\"mainEntityOfPage\":{\"@id\":\"https:\/\/cleitonpinheiro.com.br\/site\/presos-na-caverna-do-subteto-a-saga-dos-servidores-do-tocantins-que-buscam-o-caminho-de-volta-a-valorizacao\/\"},\"wordCount\":919,\"commentCount\":0,\"publisher\":{\"@id\":\"https:\/\/cleitonpinheiro.com.br\/site\/#organization\"},\"image\":{\"@id\":\"https:\/\/cleitonpinheiro.com.br\/site\/presos-na-caverna-do-subteto-a-saga-dos-servidores-do-tocantins-que-buscam-o-caminho-de-volta-a-valorizacao\/#primaryimage\"},\"thumbnailUrl\":\"https:\/\/cleitonpinheiro.com.br\/site\/wp-content\/uploads\/2025\/11\/Wlademir-Costa-Mota-Oliveira.jpg\",\"articleSection\":[\"COLUNAS\"],\"inLanguage\":\"pt-BR\",\"potentialAction\":[{\"@type\":\"CommentAction\",\"name\":\"Comment\",\"target\":[\"https:\/\/cleitonpinheiro.com.br\/site\/presos-na-caverna-do-subteto-a-saga-dos-servidores-do-tocantins-que-buscam-o-caminho-de-volta-a-valorizacao\/#respond\"]}]},{\"@type\":\"WebPage\",\"@id\":\"https:\/\/cleitonpinheiro.com.br\/site\/presos-na-caverna-do-subteto-a-saga-dos-servidores-do-tocantins-que-buscam-o-caminho-de-volta-a-valorizacao\/\",\"url\":\"https:\/\/cleitonpinheiro.com.br\/site\/presos-na-caverna-do-subteto-a-saga-dos-servidores-do-tocantins-que-buscam-o-caminho-de-volta-a-valorizacao\/\",\"name\":\"Presos na Caverna do Subteto: a saga dos servidores do Tocantins que buscam o caminho de volta \u00e0 valoriza\u00e7\u00e3o - PORTAL DE NOT\u00cdCIAS CLEITON PINHEIRO\",\"isPartOf\":{\"@id\":\"https:\/\/cleitonpinheiro.com.br\/site\/#website\"},\"primaryImageOfPage\":{\"@id\":\"https:\/\/cleitonpinheiro.com.br\/site\/presos-na-caverna-do-subteto-a-saga-dos-servidores-do-tocantins-que-buscam-o-caminho-de-volta-a-valorizacao\/#primaryimage\"},\"image\":{\"@id\":\"https:\/\/cleitonpinheiro.com.br\/site\/presos-na-caverna-do-subteto-a-saga-dos-servidores-do-tocantins-que-buscam-o-caminho-de-volta-a-valorizacao\/#primaryimage\"},\"thumbnailUrl\":\"https:\/\/cleitonpinheiro.com.br\/site\/wp-content\/uploads\/2025\/11\/Wlademir-Costa-Mota-Oliveira.jpg\",\"datePublished\":\"2025-11-12T15:00:29+00:00\",\"dateModified\":\"2025-11-12T15:00:36+00:00\",\"breadcrumb\":{\"@id\":\"https:\/\/cleitonpinheiro.com.br\/site\/presos-na-caverna-do-subteto-a-saga-dos-servidores-do-tocantins-que-buscam-o-caminho-de-volta-a-valorizacao\/#breadcrumb\"},\"inLanguage\":\"pt-BR\",\"potentialAction\":[{\"@type\":\"ReadAction\",\"target\":[\"https:\/\/cleitonpinheiro.com.br\/site\/presos-na-caverna-do-subteto-a-saga-dos-servidores-do-tocantins-que-buscam-o-caminho-de-volta-a-valorizacao\/\"]}]},{\"@type\":\"ImageObject\",\"inLanguage\":\"pt-BR\",\"@id\":\"https:\/\/cleitonpinheiro.com.br\/site\/presos-na-caverna-do-subteto-a-saga-dos-servidores-do-tocantins-que-buscam-o-caminho-de-volta-a-valorizacao\/#primaryimage\",\"url\":\"https:\/\/cleitonpinheiro.com.br\/site\/wp-content\/uploads\/2025\/11\/Wlademir-Costa-Mota-Oliveira.jpg\",\"contentUrl\":\"https:\/\/cleitonpinheiro.com.br\/site\/wp-content\/uploads\/2025\/11\/Wlademir-Costa-Mota-Oliveira.jpg\",\"width\":746,\"height\":600},{\"@type\":\"BreadcrumbList\",\"@id\":\"https:\/\/cleitonpinheiro.com.br\/site\/presos-na-caverna-do-subteto-a-saga-dos-servidores-do-tocantins-que-buscam-o-caminho-de-volta-a-valorizacao\/#breadcrumb\",\"itemListElement\":[{\"@type\":\"ListItem\",\"position\":1,\"name\":\"In\u00edcio\",\"item\":\"https:\/\/cleitonpinheiro.com.br\/site\/\"},{\"@type\":\"ListItem\",\"position\":2,\"name\":\"Presos na Caverna do Subteto: a saga dos servidores do Tocantins que buscam o caminho de volta \u00e0 valoriza\u00e7\u00e3o\"}]},{\"@type\":\"WebSite\",\"@id\":\"https:\/\/cleitonpinheiro.com.br\/site\/#website\",\"url\":\"https:\/\/cleitonpinheiro.com.br\/site\/\",\"name\":\"PORTAL DE NOT\u00cdCIAS CLEITON PINHEIRO\",\"description\":\"FALANDO A VERDADE\",\"publisher\":{\"@id\":\"https:\/\/cleitonpinheiro.com.br\/site\/#organization\"},\"potentialAction\":[{\"@type\":\"SearchAction\",\"target\":{\"@type\":\"EntryPoint\",\"urlTemplate\":\"https:\/\/cleitonpinheiro.com.br\/site\/?s={search_term_string}\"},\"query-input\":{\"@type\":\"PropertyValueSpecification\",\"valueRequired\":true,\"valueName\":\"search_term_string\"}}],\"inLanguage\":\"pt-BR\"},{\"@type\":\"Organization\",\"@id\":\"https:\/\/cleitonpinheiro.com.br\/site\/#organization\",\"name\":\"CPNOT\u00cdCIAS\",\"url\":\"https:\/\/cleitonpinheiro.com.br\/site\/\",\"logo\":{\"@type\":\"ImageObject\",\"inLanguage\":\"pt-BR\",\"@id\":\"https:\/\/cleitonpinheiro.com.br\/site\/#\/schema\/logo\/image\/\",\"url\":\"https:\/\/cleitonpinheiro.com.br\/site\/wp-content\/uploads\/2022\/08\/Logo-pequena-2.png\",\"contentUrl\":\"https:\/\/cleitonpinheiro.com.br\/site\/wp-content\/uploads\/2022\/08\/Logo-pequena-2.png\",\"width\":500,\"height\":500,\"caption\":\"CPNOT\u00cdCIAS\"},\"image\":{\"@id\":\"https:\/\/cleitonpinheiro.com.br\/site\/#\/schema\/logo\/image\/\"},\"sameAs\":[\"https:\/\/www.facebook.com\/portalcpnoticias\/\"]},{\"@type\":\"Person\",\"@id\":\"https:\/\/cleitonpinheiro.com.br\/site\/#\/schema\/person\/8f04544e0bc40a1b68775b08360f87db\",\"name\":\"Reda\u00e7\u00e3o CP\",\"image\":{\"@type\":\"ImageObject\",\"inLanguage\":\"pt-BR\",\"@id\":\"https:\/\/cleitonpinheiro.com.br\/site\/#\/schema\/person\/image\/\",\"url\":\"https:\/\/secure.gravatar.com\/avatar\/0bcf19cb29fdc8fc588c490c7ae1b3e174dac268586a63fbe1d1893a0f9020cd?s=96&r=g\",\"contentUrl\":\"https:\/\/secure.gravatar.com\/avatar\/0bcf19cb29fdc8fc588c490c7ae1b3e174dac268586a63fbe1d1893a0f9020cd?s=96&r=g\",\"caption\":\"Reda\u00e7\u00e3o CP\"},\"url\":\"https:\/\/cleitonpinheiro.com.br\/site\/author\/redacao\/\"}]}<\/script>\n<!-- \/ Yoast SEO plugin. -->","yoast_head_json":{"title":"Presos na Caverna do Subteto: a saga dos servidores do Tocantins que buscam o caminho de volta \u00e0 valoriza\u00e7\u00e3o - PORTAL DE NOT\u00cdCIAS CLEITON PINHEIRO","robots":{"index":"index","follow":"follow","max-snippet":"max-snippet:-1","max-image-preview":"max-image-preview:large","max-video-preview":"max-video-preview:-1"},"canonical":"https:\/\/cleitonpinheiro.com.br\/site\/presos-na-caverna-do-subteto-a-saga-dos-servidores-do-tocantins-que-buscam-o-caminho-de-volta-a-valorizacao\/","og_locale":"pt_BR","og_type":"article","og_title":"Presos na Caverna do Subteto: a saga dos servidores do Tocantins que buscam o caminho de volta \u00e0 valoriza\u00e7\u00e3o - PORTAL DE NOT\u00cdCIAS CLEITON PINHEIRO","og_description":"Wlademir Costa Mota Oliveira, delegado de Pol\u00edcia, presidente da Associa\u00e7\u00e3o dos Delegados de Pol\u00edcia Civil do Estado do Tocantins (ADEPTO\/TO) e ex-Secret\u00e1rio de Seguran\u00e7a P\u00fablica. Nos anos 1980, o desenho animado \u201cCaverna do Drag\u00e3o\u201d (Dungeons &amp; Dragons) conquistou gera\u00e7\u00f5es. Na hist\u00f3ria, seis jovens entram em um brinquedo de parque e s\u00e3o transportados para um mundo [&hellip;]","og_url":"https:\/\/cleitonpinheiro.com.br\/site\/presos-na-caverna-do-subteto-a-saga-dos-servidores-do-tocantins-que-buscam-o-caminho-de-volta-a-valorizacao\/","og_site_name":"PORTAL DE NOT\u00cdCIAS CLEITON PINHEIRO","article_publisher":"https:\/\/www.facebook.com\/portalcpnoticias\/","article_published_time":"2025-11-12T15:00:29+00:00","article_modified_time":"2025-11-12T15:00:36+00:00","og_image":[{"width":746,"height":600,"url":"https:\/\/cleitonpinheiro.com.br\/site\/wp-content\/uploads\/2025\/11\/Wlademir-Costa-Mota-Oliveira.jpg","type":"image\/jpeg"}],"author":"Reda\u00e7\u00e3o CP","twitter_card":"summary_large_image","twitter_misc":{"Escrito por":"Reda\u00e7\u00e3o CP","Est. tempo de leitura":"5 minutos"},"schema":{"@context":"https:\/\/schema.org","@graph":[{"@type":"Article","@id":"https:\/\/cleitonpinheiro.com.br\/site\/presos-na-caverna-do-subteto-a-saga-dos-servidores-do-tocantins-que-buscam-o-caminho-de-volta-a-valorizacao\/#article","isPartOf":{"@id":"https:\/\/cleitonpinheiro.com.br\/site\/presos-na-caverna-do-subteto-a-saga-dos-servidores-do-tocantins-que-buscam-o-caminho-de-volta-a-valorizacao\/"},"author":{"name":"Reda\u00e7\u00e3o CP","@id":"https:\/\/cleitonpinheiro.com.br\/site\/#\/schema\/person\/8f04544e0bc40a1b68775b08360f87db"},"headline":"Presos na Caverna do Subteto: a saga dos servidores do Tocantins que buscam o caminho de volta \u00e0 valoriza\u00e7\u00e3o","datePublished":"2025-11-12T15:00:29+00:00","dateModified":"2025-11-12T15:00:36+00:00","mainEntityOfPage":{"@id":"https:\/\/cleitonpinheiro.com.br\/site\/presos-na-caverna-do-subteto-a-saga-dos-servidores-do-tocantins-que-buscam-o-caminho-de-volta-a-valorizacao\/"},"wordCount":919,"commentCount":0,"publisher":{"@id":"https:\/\/cleitonpinheiro.com.br\/site\/#organization"},"image":{"@id":"https:\/\/cleitonpinheiro.com.br\/site\/presos-na-caverna-do-subteto-a-saga-dos-servidores-do-tocantins-que-buscam-o-caminho-de-volta-a-valorizacao\/#primaryimage"},"thumbnailUrl":"https:\/\/cleitonpinheiro.com.br\/site\/wp-content\/uploads\/2025\/11\/Wlademir-Costa-Mota-Oliveira.jpg","articleSection":["COLUNAS"],"inLanguage":"pt-BR","potentialAction":[{"@type":"CommentAction","name":"Comment","target":["https:\/\/cleitonpinheiro.com.br\/site\/presos-na-caverna-do-subteto-a-saga-dos-servidores-do-tocantins-que-buscam-o-caminho-de-volta-a-valorizacao\/#respond"]}]},{"@type":"WebPage","@id":"https:\/\/cleitonpinheiro.com.br\/site\/presos-na-caverna-do-subteto-a-saga-dos-servidores-do-tocantins-que-buscam-o-caminho-de-volta-a-valorizacao\/","url":"https:\/\/cleitonpinheiro.com.br\/site\/presos-na-caverna-do-subteto-a-saga-dos-servidores-do-tocantins-que-buscam-o-caminho-de-volta-a-valorizacao\/","name":"Presos na Caverna do Subteto: a saga dos servidores do Tocantins que buscam o caminho de volta \u00e0 valoriza\u00e7\u00e3o - PORTAL DE NOT\u00cdCIAS CLEITON PINHEIRO","isPartOf":{"@id":"https:\/\/cleitonpinheiro.com.br\/site\/#website"},"primaryImageOfPage":{"@id":"https:\/\/cleitonpinheiro.com.br\/site\/presos-na-caverna-do-subteto-a-saga-dos-servidores-do-tocantins-que-buscam-o-caminho-de-volta-a-valorizacao\/#primaryimage"},"image":{"@id":"https:\/\/cleitonpinheiro.com.br\/site\/presos-na-caverna-do-subteto-a-saga-dos-servidores-do-tocantins-que-buscam-o-caminho-de-volta-a-valorizacao\/#primaryimage"},"thumbnailUrl":"https:\/\/cleitonpinheiro.com.br\/site\/wp-content\/uploads\/2025\/11\/Wlademir-Costa-Mota-Oliveira.jpg","datePublished":"2025-11-12T15:00:29+00:00","dateModified":"2025-11-12T15:00:36+00:00","breadcrumb":{"@id":"https:\/\/cleitonpinheiro.com.br\/site\/presos-na-caverna-do-subteto-a-saga-dos-servidores-do-tocantins-que-buscam-o-caminho-de-volta-a-valorizacao\/#breadcrumb"},"inLanguage":"pt-BR","potentialAction":[{"@type":"ReadAction","target":["https:\/\/cleitonpinheiro.com.br\/site\/presos-na-caverna-do-subteto-a-saga-dos-servidores-do-tocantins-que-buscam-o-caminho-de-volta-a-valorizacao\/"]}]},{"@type":"ImageObject","inLanguage":"pt-BR","@id":"https:\/\/cleitonpinheiro.com.br\/site\/presos-na-caverna-do-subteto-a-saga-dos-servidores-do-tocantins-que-buscam-o-caminho-de-volta-a-valorizacao\/#primaryimage","url":"https:\/\/cleitonpinheiro.com.br\/site\/wp-content\/uploads\/2025\/11\/Wlademir-Costa-Mota-Oliveira.jpg","contentUrl":"https:\/\/cleitonpinheiro.com.br\/site\/wp-content\/uploads\/2025\/11\/Wlademir-Costa-Mota-Oliveira.jpg","width":746,"height":600},{"@type":"BreadcrumbList","@id":"https:\/\/cleitonpinheiro.com.br\/site\/presos-na-caverna-do-subteto-a-saga-dos-servidores-do-tocantins-que-buscam-o-caminho-de-volta-a-valorizacao\/#breadcrumb","itemListElement":[{"@type":"ListItem","position":1,"name":"In\u00edcio","item":"https:\/\/cleitonpinheiro.com.br\/site\/"},{"@type":"ListItem","position":2,"name":"Presos na Caverna do Subteto: a saga dos servidores do Tocantins que buscam o caminho de volta \u00e0 valoriza\u00e7\u00e3o"}]},{"@type":"WebSite","@id":"https:\/\/cleitonpinheiro.com.br\/site\/#website","url":"https:\/\/cleitonpinheiro.com.br\/site\/","name":"PORTAL DE NOT\u00cdCIAS CLEITON PINHEIRO","description":"FALANDO A VERDADE","publisher":{"@id":"https:\/\/cleitonpinheiro.com.br\/site\/#organization"},"potentialAction":[{"@type":"SearchAction","target":{"@type":"EntryPoint","urlTemplate":"https:\/\/cleitonpinheiro.com.br\/site\/?s={search_term_string}"},"query-input":{"@type":"PropertyValueSpecification","valueRequired":true,"valueName":"search_term_string"}}],"inLanguage":"pt-BR"},{"@type":"Organization","@id":"https:\/\/cleitonpinheiro.com.br\/site\/#organization","name":"CPNOT\u00cdCIAS","url":"https:\/\/cleitonpinheiro.com.br\/site\/","logo":{"@type":"ImageObject","inLanguage":"pt-BR","@id":"https:\/\/cleitonpinheiro.com.br\/site\/#\/schema\/logo\/image\/","url":"https:\/\/cleitonpinheiro.com.br\/site\/wp-content\/uploads\/2022\/08\/Logo-pequena-2.png","contentUrl":"https:\/\/cleitonpinheiro.com.br\/site\/wp-content\/uploads\/2022\/08\/Logo-pequena-2.png","width":500,"height":500,"caption":"CPNOT\u00cdCIAS"},"image":{"@id":"https:\/\/cleitonpinheiro.com.br\/site\/#\/schema\/logo\/image\/"},"sameAs":["https:\/\/www.facebook.com\/portalcpnoticias\/"]},{"@type":"Person","@id":"https:\/\/cleitonpinheiro.com.br\/site\/#\/schema\/person\/8f04544e0bc40a1b68775b08360f87db","name":"Reda\u00e7\u00e3o CP","image":{"@type":"ImageObject","inLanguage":"pt-BR","@id":"https:\/\/cleitonpinheiro.com.br\/site\/#\/schema\/person\/image\/","url":"https:\/\/secure.gravatar.com\/avatar\/0bcf19cb29fdc8fc588c490c7ae1b3e174dac268586a63fbe1d1893a0f9020cd?s=96&r=g","contentUrl":"https:\/\/secure.gravatar.com\/avatar\/0bcf19cb29fdc8fc588c490c7ae1b3e174dac268586a63fbe1d1893a0f9020cd?s=96&r=g","caption":"Reda\u00e7\u00e3o CP"},"url":"https:\/\/cleitonpinheiro.com.br\/site\/author\/redacao\/"}]}},"views":283,"_links":{"self":[{"href":"https:\/\/cleitonpinheiro.com.br\/site\/wp-json\/wp\/v2\/posts\/87451","targetHints":{"allow":["GET"]}}],"collection":[{"href":"https:\/\/cleitonpinheiro.com.br\/site\/wp-json\/wp\/v2\/posts"}],"about":[{"href":"https:\/\/cleitonpinheiro.com.br\/site\/wp-json\/wp\/v2\/types\/post"}],"author":[{"embeddable":true,"href":"https:\/\/cleitonpinheiro.com.br\/site\/wp-json\/wp\/v2\/users\/13"}],"replies":[{"embeddable":true,"href":"https:\/\/cleitonpinheiro.com.br\/site\/wp-json\/wp\/v2\/comments?post=87451"}],"version-history":[{"count":1,"href":"https:\/\/cleitonpinheiro.com.br\/site\/wp-json\/wp\/v2\/posts\/87451\/revisions"}],"predecessor-version":[{"id":87453,"href":"https:\/\/cleitonpinheiro.com.br\/site\/wp-json\/wp\/v2\/posts\/87451\/revisions\/87453"}],"wp:featuredmedia":[{"embeddable":true,"href":"https:\/\/cleitonpinheiro.com.br\/site\/wp-json\/wp\/v2\/media\/87452"}],"wp:attachment":[{"href":"https:\/\/cleitonpinheiro.com.br\/site\/wp-json\/wp\/v2\/media?parent=87451"}],"wp:term":[{"taxonomy":"category","embeddable":true,"href":"https:\/\/cleitonpinheiro.com.br\/site\/wp-json\/wp\/v2\/categories?post=87451"},{"taxonomy":"post_tag","embeddable":true,"href":"https:\/\/cleitonpinheiro.com.br\/site\/wp-json\/wp\/v2\/tags?post=87451"}],"curies":[{"name":"wp","href":"https:\/\/api.w.org\/{rel}","templated":true}]}}